{"id":5512,"date":"2025-12-14T17:39:56","date_gmt":"2025-12-14T16:39:56","guid":{"rendered":"https:\/\/kajakkomarno.sk\/?p=5512"},"modified":"2025-12-15T14:58:12","modified_gmt":"2025-12-15T13:58:12","slug":"viktor-demin-opatovne-zvoleny-za-predsedu-kajak-kanoe-klubu-komarno","status":"publish","type":"post","link":"https:\/\/kajakkomarno.sk\/hu\/novinky\/viktor-demin-opatovne-zvoleny-za-predsedu-kajak-kanoe-klubu-komarno\/","title":{"rendered":"Viktor Demin op\u00e4tovne zvolen\u00fd za predsedu Kajak Kanoe Klubu Kom\u00e1rno"},"content":{"rendered":"<p>Na poslednej \u010dlenskej sch\u00f4dzi Kajak Kanoe Klubu Kom\u00e1rno bol <strong data-start=\"219\" data-end=\"270\">jednohlasne zvolen\u00fd za predsedu klubu Mgr. Viktor Demin<\/strong>, ktor\u00fd bude <strong>pokra\u010dova\u0165 v rozvoji klubu a jeho aktiv\u00edt aj v nasleduj\u00facom obdob\u00ed.<\/strong><\/p>\n<p>Viktor vo svojej prezent\u00e1cii <strong data-start=\"385\" data-end=\"453\">origin\u00e1lne a s nadh\u013eadom zhodnotil svoje prv\u00e9 p\u00e4\u0165ro\u010dn\u00e9 p\u00f4sobenie<\/strong>, vtipne dokumentoval \u00faspechy, v\u00fdzvy aj nezabudnute\u013en\u00e9 momenty. <strong data-start=\"517\" data-end=\"582\">Bolo skvel\u00e9 vidie\u0165 a uvedomi\u0165 si, ko\u013eko pre klub postupn\u00fdmi krokmi spravil.<\/strong><\/p>\n<p>Medzi hlavn\u00e9 \u00faspechy pod\u013ea neho patr\u00ed posilnenie t\u00edmovej spolupr\u00e1ce a v\u00fdbornej atmosf\u00e9ry v klube, stabiln\u00e9 podmienky pre \u010dlenov, vyu\u017e\u00edvanie eur\u00f3pskych a medzin\u00e1rodn\u00fdch grantov a realiz\u00e1cia energetick\u00fdch projektov \u010di tvorba a dodr\u017eiavanie dlhodobej strat\u00e9gie rozvoja klubu.<\/p>\n<p data-start=\"903\" data-end=\"1061\">Do bud\u00facnosti staronov\u00fd predseda zd\u00f4raznil pl\u00e1ny na obdobie 2026\u20132030: udr\u017eiavanie finan\u010dnej stability, budovanie t\u00edmovosti a vytv\u00e1ranie \u0161portov\u00fdch z\u00e1\u017eitkov pre na\u0161u ml\u00e1de\u017e.<\/p>\n<p data-start=\"903\" data-end=\"1061\"><img fetchpriority=\"high\" decoding=\"async\" class=\"size-medium wp-image-5521 aligncenter\" src=\"https:\/\/kajakkomarno.sk\/wp-content\/uploads\/2025\/12\/IMG_73581-338x450.jpeg\" alt=\"\" width=\"338\" height=\"450\" srcset=\"https:\/\/kajakkomarno.sk\/wp-content\/uploads\/2025\/12\/IMG_73581-338x450.jpeg 338w, https:\/\/kajakkomarno.sk\/wp-content\/uploads\/2025\/12\/IMG_73581-768x1024.jpeg 768w, https:\/\/kajakkomarno.sk\/wp-content\/uploads\/2025\/12\/IMG_73581-1152x1536.jpeg 1152w, https:\/\/kajakkomarno.sk\/wp-content\/uploads\/2025\/12\/IMG_73581-1536x2048.jpeg 1536w, https:\/\/kajakkomarno.sk\/wp-content\/uploads\/2025\/12\/IMG_73581-scaled.jpeg 1920w\" sizes=\"(max-width: 338px) 100vw, 338px\" \/><\/p>\n<p data-start=\"615\" data-end=\"676\"><img decoding=\"async\" class=\"size-medium wp-image-5517 aligncenter\" src=\"https:\/\/kajakkomarno.sk\/wp-content\/uploads\/2025\/12\/IMG_73551-338x450.jpeg\" alt=\"\" width=\"338\" height=\"450\" srcset=\"https:\/\/kajakkomarno.sk\/wp-content\/uploads\/2025\/12\/IMG_73551-338x450.jpeg 338w, https:\/\/kajakkomarno.sk\/wp-content\/uploads\/2025\/12\/IMG_73551-768x1024.jpeg 768w, https:\/\/kajakkomarno.sk\/wp-content\/uploads\/2025\/12\/IMG_73551-1152x1536.jpeg 1152w, https:\/\/kajakkomarno.sk\/wp-content\/uploads\/2025\/12\/IMG_73551-1536x2048.jpeg 1536w, https:\/\/kajakkomarno.sk\/wp-content\/uploads\/2025\/12\/IMG_73551-scaled.jpeg 1920w\" sizes=\"(max-width: 338px) 100vw, 338px\" \/><\/p>\n<p data-start=\"615\" data-end=\"676\"><strong data-start=\"219\" data-end=\"270\"><img decoding=\"async\" class=\"size-medium wp-image-5515 aligncenter\" src=\"https:\/\/kajakkomarno.sk\/wp-content\/uploads\/2025\/12\/IMG_73511-338x450.jpeg\" alt=\"\" width=\"338\" height=\"450\" srcset=\"https:\/\/kajakkomarno.sk\/wp-content\/uploads\/2025\/12\/IMG_73511-338x450.jpeg 338w, https:\/\/kajakkomarno.sk\/wp-content\/uploads\/2025\/12\/IMG_73511-768x1024.jpeg 768w, https:\/\/kajakkomarno.sk\/wp-content\/uploads\/2025\/12\/IMG_73511-1152x1536.jpeg 1152w, https:\/\/kajakkomarno.sk\/wp-content\/uploads\/2025\/12\/IMG_73511-1536x2048.jpeg 1536w, https:\/\/kajakkomarno.sk\/wp-content\/uploads\/2025\/12\/IMG_73511-scaled.jpeg 1920w\" sizes=\"(max-width: 338px) 100vw, 338px\" \/><\/strong><\/p>\n<p data-start=\"615\" data-end=\"676\">\u010clenovia klubu mu <strong data-start=\"1081\" data-end=\"1100\">vyjadrili v\u010faku<\/strong>, dr\u017eia mu palce a z\u00e1rove\u0148 sa <strong data-start=\"1130\" data-end=\"1161\">bud\u00fa sna\u017ei\u0165 akt\u00edvne pom\u00e1ha\u0165<\/strong>, aby klub aj na\u010falej r\u00e1stol a rozv\u00edjal sa.<\/p>\n<p><strong data-start=\"219\" data-end=\"270\"><img loading=\"lazy\" decoding=\"async\" class=\"size-medium wp-image-5523 aligncenter\" src=\"https:\/\/kajakkomarno.sk\/wp-content\/uploads\/2025\/12\/IMG_73601-338x450.jpeg\" alt=\"\" width=\"338\" height=\"450\" srcset=\"https:\/\/kajakkomarno.sk\/wp-content\/uploads\/2025\/12\/IMG_73601-338x450.jpeg 338w, https:\/\/kajakkomarno.sk\/wp-content\/uploads\/2025\/12\/IMG_73601-768x1024.jpeg 768w, https:\/\/kajakkomarno.sk\/wp-content\/uploads\/2025\/12\/IMG_73601-1152x1536.jpeg 1152w, https:\/\/kajakkomarno.sk\/wp-content\/uploads\/2025\/12\/IMG_73601-1536x2048.jpeg 1536w, https:\/\/kajakkomarno.sk\/wp-content\/uploads\/2025\/12\/IMG_73601-scaled.jpeg 1920w\" sizes=\"(max-width: 338px) 100vw, 338px\" \/><\/strong><\/p>\n<p data-start=\"1453\" data-end=\"1654\">Na z\u00e1ver klub <strong data-start=\"1467\" data-end=\"1520\">srde\u010dne \u010fakuje v\u0161etk\u00fdm sponzorom a podporovate\u013eom<\/strong>, bez ktor\u00fdch by sa mnoh\u00e9 projekty a aktivity nemohli realizova\u0165. Va\u0161a podpora je pre n\u00e1s neocenite\u013en\u00e1 a spoluvytv\u00e1ra \u00faspechy klubu.<\/p>\n<p data-start=\"1453\" data-end=\"1654\"><img loading=\"lazy\" decoding=\"async\" class=\" wp-image-5527 aligncenter\" src=\"https:\/\/kajakkomarno.sk\/wp-content\/uploads\/2025\/12\/7ce83d19-7789-4d81-b3b1-51c8263453b4-450x345.jpg\" alt=\"\" width=\"378\" height=\"290\" srcset=\"https:\/\/kajakkomarno.sk\/wp-content\/uploads\/2025\/12\/7ce83d19-7789-4d81-b3b1-51c8263453b4-450x345.jpg 450w, https:\/\/kajakkomarno.sk\/wp-content\/uploads\/2025\/12\/7ce83d19-7789-4d81-b3b1-51c8263453b4-1024x785.jpg 1024w, https:\/\/kajakkomarno.sk\/wp-content\/uploads\/2025\/12\/7ce83d19-7789-4d81-b3b1-51c8263453b4-768x589.jpg 768w, https:\/\/kajakkomarno.sk\/wp-content\/uploads\/2025\/12\/7ce83d19-7789-4d81-b3b1-51c8263453b4-1536x1178.jpg 1536w, https:\/\/kajakkomarno.sk\/wp-content\/uploads\/2025\/12\/7ce83d19-7789-4d81-b3b1-51c8263453b4.jpg 2048w\" sizes=\"(max-width: 378px) 100vw, 378px\" \/><\/p>\n<p data-start=\"1453\" data-end=\"1654\">Viktor, \u010fakujeme a dr\u017e\u00edme Ti palce. \ud83d\ude42<\/p>\n<p data-start=\"1453\" data-end=\"1654\"><img loading=\"lazy\" decoding=\"async\" class=\"size-medium wp-image-5534 aligncenter\" src=\"https:\/\/kajakkomarno.sk\/wp-content\/uploads\/2025\/12\/6713527.jpeg-450x253.webp\" alt=\"\" width=\"450\" height=\"253\" srcset=\"https:\/\/kajakkomarno.sk\/wp-content\/uploads\/2025\/12\/6713527.jpeg-450x253.webp 450w, https:\/\/kajakkomarno.sk\/wp-content\/uploads\/2025\/12\/6713527.jpeg-1024x576.webp 1024w, https:\/\/kajakkomarno.sk\/wp-content\/uploads\/2025\/12\/6713527.jpeg-768x432.webp 768w, https:\/\/kajakkomarno.sk\/wp-content\/uploads\/2025\/12\/6713527.jpeg.webp 1360w\" sizes=\"(max-width: 450px) 100vw, 450px\" \/><\/p>\n<p style=\"text-align: center;\" data-start=\"1453\" data-end=\"1654\">Viktor ako \u010derstv\u00fd predseda KKK Kom\u00e1rno v roku 2020.<\/p>\n<p data-start=\"1453\" data-end=\"1654\"><img loading=\"lazy\" decoding=\"async\" class=\"size-medium wp-image-5531 aligncenter\" src=\"https:\/\/kajakkomarno.sk\/wp-content\/uploads\/2025\/12\/IMG_7674-338x450.jpg\" alt=\"\" width=\"338\" height=\"450\" srcset=\"https:\/\/kajakkomarno.sk\/wp-content\/uploads\/2025\/12\/IMG_7674-338x450.jpg 338w, https:\/\/kajakkomarno.sk\/wp-content\/uploads\/2025\/12\/IMG_7674-768x1024.jpg 768w, https:\/\/kajakkomarno.sk\/wp-content\/uploads\/2025\/12\/IMG_7674-1152x1536.jpg 1152w, https:\/\/kajakkomarno.sk\/wp-content\/uploads\/2025\/12\/IMG_7674-1536x2048.jpg 1536w, https:\/\/kajakkomarno.sk\/wp-content\/uploads\/2025\/12\/IMG_7674-scaled.jpg 1920w\" sizes=\"(max-width: 338px) 100vw, 338px\" \/><\/p>\n<p style=\"text-align: center;\" data-start=\"1453\" data-end=\"1654\">Viktor ako novozvolen\u00fd predseda KKK Kom\u00e1rno v roku 2025<\/p>\n<p data-start=\"1453\" data-end=\"1654\">T\u00edm Kajak &amp; Kanoe Klub Kom\u00e1rno<\/p>\n","protected":false},"excerpt":{"rendered":"<p>Na poslednej \u010dlenskej sch\u00f4dzi Kajak Kanoe Klubu Kom\u00e1rno bol jednohlasne zvolen\u00fd za predsedu klubu Mgr. Viktor Demin, ktor\u00fd bude pokra\u010dova\u0165 v rozvoji klubu a jeho aktiv\u00edt aj v nasleduj\u00facom obdob\u00ed. Viktor vo svojej prezent\u00e1cii origin\u00e1lne a s nadh\u013eadom zhodnotil svoje prv\u00e9 p\u00e4\u0165ro\u010dn\u00e9 p\u00f4sobenie, vtipne dokumentoval \u00faspechy, v\u00fdzvy aj nezabudnute\u013en\u00e9 momenty. Bolo skvel\u00e9 vidie\u0165 a uvedomi\u0165 [&hellip;]<\/p>\n","protected":false},"author":4,"featured_media":5531,"comment_status":"open","ping_status":"open","sticky":false,"template":"","format":"standard","meta":{"inline_featured_image":false,"footnotes":""},"categories":[1],"tags":[],"class_list":["post-5512","post","type-post","status-publish","format-standard","has-post-thumbnail","hentry","category-novinky"],"acf":[],"yoast_head":"<!-- This site is optimized with the Yoast SEO plugin v26.6 - https:\/\/yoast.com\/wordpress\/plugins\/seo\/ -->\n<title>Viktor Demin op\u00e4tovne zvolen\u00fd za predsedu Kajak Kanoe Klubu Kom\u00e1rno - Kajak &amp; kanoe klub Kom\u00e1rno<\/title>\n<meta name=\"robots\" content=\"index, follow, max-snippet:-1, max-image-preview:large, max-video-preview:-1\" \/>\n<link rel=\"canonical\" href=\"https:\/\/kajakkomarno.sk\/novinky\/viktor-demin-opatovne-zvoleny-za-predsedu-kajak-kanoe-klubu-komarno\/\" \/>\n<meta property=\"og:locale\" content=\"hu_HU\" \/>\n<meta property=\"og:type\" content=\"article\" \/>\n<meta property=\"og:title\" content=\"Viktor Demin op\u00e4tovne zvolen\u00fd za predsedu Kajak Kanoe Klubu Kom\u00e1rno - Kajak &amp; kanoe klub Kom\u00e1rno\" \/>\n<meta property=\"og:description\" content=\"Na poslednej \u010dlenskej sch\u00f4dzi Kajak Kanoe Klubu Kom\u00e1rno bol jednohlasne zvolen\u00fd za predsedu klubu Mgr. Viktor Demin, ktor\u00fd bude pokra\u010dova\u0165 v rozvoji klubu a jeho aktiv\u00edt aj v nasleduj\u00facom obdob\u00ed. Viktor vo svojej prezent\u00e1cii origin\u00e1lne a s nadh\u013eadom zhodnotil svoje prv\u00e9 p\u00e4\u0165ro\u010dn\u00e9 p\u00f4sobenie, vtipne dokumentoval \u00faspechy, v\u00fdzvy aj nezabudnute\u013en\u00e9 momenty. Bolo skvel\u00e9 vidie\u0165 a uvedomi\u0165 [&hellip;]\" \/>\n<meta property=\"og:url\" content=\"https:\/\/kajakkomarno.sk\/novinky\/viktor-demin-opatovne-zvoleny-za-predsedu-kajak-kanoe-klubu-komarno\/\" \/>\n<meta property=\"og:site_name\" content=\"Kajak &amp; kanoe klub Kom\u00e1rno\" \/>\n<meta property=\"article:published_time\" content=\"2025-12-14T16:39:56+00:00\" \/>\n<meta property=\"article:modified_time\" content=\"2025-12-15T13:58:12+00:00\" \/>\n<meta name=\"author\" content=\"marianka\" \/>\n<meta name=\"twitter:card\" content=\"summary_large_image\" \/>\n<meta name=\"twitter:label1\" content=\"Szerz\u0151:\" \/>\n\t<meta name=\"twitter:data1\" content=\"marianka\" \/>\n\t<meta name=\"twitter:label2\" content=\"Becs\u00fclt olvas\u00e1si id\u0151\" \/>\n\t<meta name=\"twitter:data2\" content=\"3 perc\" \/>\n<script type=\"application\/ld+json\" class=\"yoast-schema-graph\">{\"@context\":\"https:\/\/schema.org\",\"@graph\":[{\"@type\":\"Article\",\"@id\":\"https:\/\/kajakkomarno.sk\/novinky\/viktor-demin-opatovne-zvoleny-za-predsedu-kajak-kanoe-klubu-komarno\/#article\",\"isPartOf\":{\"@id\":\"https:\/\/kajakkomarno.sk\/novinky\/viktor-demin-opatovne-zvoleny-za-predsedu-kajak-kanoe-klubu-komarno\/\"},\"author\":{\"name\":\"marianka\",\"@id\":\"https:\/\/kajakkomarno.sk\/#\/schema\/person\/68df55445f25dd61e70f0496858d1de6\"},\"headline\":\"Viktor Demin op\u00e4tovne zvolen\u00fd za predsedu Kajak Kanoe Klubu Kom\u00e1rno\",\"datePublished\":\"2025-12-14T16:39:56+00:00\",\"dateModified\":\"2025-12-15T13:58:12+00:00\",\"mainEntityOfPage\":{\"@id\":\"https:\/\/kajakkomarno.sk\/novinky\/viktor-demin-opatovne-zvoleny-za-predsedu-kajak-kanoe-klubu-komarno\/\"},\"wordCount\":272,\"commentCount\":0,\"publisher\":{\"@id\":\"https:\/\/kajakkomarno.sk\/#organization\"},\"image\":{\"@id\":\"https:\/\/kajakkomarno.sk\/novinky\/viktor-demin-opatovne-zvoleny-za-predsedu-kajak-kanoe-klubu-komarno\/#primaryimage\"},\"thumbnailUrl\":\"https:\/\/kajakkomarno.sk\/wp-content\/uploads\/2025\/12\/IMG_7674-scaled.jpg\",\"articleSection\":[\"Novinky\"],\"inLanguage\":\"hu\",\"potentialAction\":[{\"@type\":\"CommentAction\",\"name\":\"Comment\",\"target\":[\"https:\/\/kajakkomarno.sk\/novinky\/viktor-demin-opatovne-zvoleny-za-predsedu-kajak-kanoe-klubu-komarno\/#respond\"]}]},{\"@type\":\"WebPage\",\"@id\":\"https:\/\/kajakkomarno.sk\/novinky\/viktor-demin-opatovne-zvoleny-za-predsedu-kajak-kanoe-klubu-komarno\/\",\"url\":\"https:\/\/kajakkomarno.sk\/novinky\/viktor-demin-opatovne-zvoleny-za-predsedu-kajak-kanoe-klubu-komarno\/\",\"name\":\"Viktor Demin op\u00e4tovne zvolen\u00fd za predsedu Kajak Kanoe Klubu Kom\u00e1rno - Kajak &amp; kanoe klub Kom\u00e1rno\",\"isPartOf\":{\"@id\":\"https:\/\/kajakkomarno.sk\/#website\"},\"primaryImageOfPage\":{\"@id\":\"https:\/\/kajakkomarno.sk\/novinky\/viktor-demin-opatovne-zvoleny-za-predsedu-kajak-kanoe-klubu-komarno\/#primaryimage\"},\"image\":{\"@id\":\"https:\/\/kajakkomarno.sk\/novinky\/viktor-demin-opatovne-zvoleny-za-predsedu-kajak-kanoe-klubu-komarno\/#primaryimage\"},\"thumbnailUrl\":\"https:\/\/kajakkomarno.sk\/wp-content\/uploads\/2025\/12\/IMG_7674-scaled.jpg\",\"datePublished\":\"2025-12-14T16:39:56+00:00\",\"dateModified\":\"2025-12-15T13:58:12+00:00\",\"breadcrumb\":{\"@id\":\"https:\/\/kajakkomarno.sk\/novinky\/viktor-demin-opatovne-zvoleny-za-predsedu-kajak-kanoe-klubu-komarno\/#breadcrumb\"},\"inLanguage\":\"hu\",\"potentialAction\":[{\"@type\":\"ReadAction\",\"target\":[\"https:\/\/kajakkomarno.sk\/novinky\/viktor-demin-opatovne-zvoleny-za-predsedu-kajak-kanoe-klubu-komarno\/\"]}]},{\"@type\":\"ImageObject\",\"inLanguage\":\"hu\",\"@id\":\"https:\/\/kajakkomarno.sk\/novinky\/viktor-demin-opatovne-zvoleny-za-predsedu-kajak-kanoe-klubu-komarno\/#primaryimage\",\"url\":\"https:\/\/kajakkomarno.sk\/wp-content\/uploads\/2025\/12\/IMG_7674-scaled.jpg\",\"contentUrl\":\"https:\/\/kajakkomarno.sk\/wp-content\/uploads\/2025\/12\/IMG_7674-scaled.jpg\",\"width\":1920,\"height\":2560},{\"@type\":\"BreadcrumbList\",\"@id\":\"https:\/\/kajakkomarno.sk\/novinky\/viktor-demin-opatovne-zvoleny-za-predsedu-kajak-kanoe-klubu-komarno\/#breadcrumb\",\"itemListElement\":[{\"@type\":\"ListItem\",\"position\":1,\"name\":\"Domov\",\"item\":\"https:\/\/kajakkomarno.sk\/hu\/fooldal\/\"},{\"@type\":\"ListItem\",\"position\":2,\"name\":\"Novinky\",\"item\":\"https:\/\/kajakkomarno.sk\/category\/novinky\/\"},{\"@type\":\"ListItem\",\"position\":3,\"name\":\"Viktor Demin op\u00e4tovne zvolen\u00fd za predsedu Kajak Kanoe Klubu Kom\u00e1rno\"}]},{\"@type\":\"WebSite\",\"@id\":\"https:\/\/kajakkomarno.sk\/#website\",\"url\":\"https:\/\/kajakkomarno.sk\/\",\"name\":\"Kajak &amp; kanoe klub Kom\u00e1rno\",\"description\":\"\",\"publisher\":{\"@id\":\"https:\/\/kajakkomarno.sk\/#organization\"},\"potentialAction\":[{\"@type\":\"SearchAction\",\"target\":{\"@type\":\"EntryPoint\",\"urlTemplate\":\"https:\/\/kajakkomarno.sk\/?s={search_term_string}\"},\"query-input\":{\"@type\":\"PropertyValueSpecification\",\"valueRequired\":true,\"valueName\":\"search_term_string\"}}],\"inLanguage\":\"hu\"},{\"@type\":\"Organization\",\"@id\":\"https:\/\/kajakkomarno.sk\/#organization\",\"name\":\"Kajak &amp; kanoe klub Kom\u00e1rno\",\"url\":\"https:\/\/kajakkomarno.sk\/\",\"logo\":{\"@type\":\"ImageObject\",\"inLanguage\":\"hu\",\"@id\":\"https:\/\/kajakkomarno.sk\/#\/schema\/logo\/image\/\",\"url\":\"https:\/\/kajakkomarno.sk\/wp-content\/uploads\/2022\/12\/kajak-kanoe-klub-komarno-optimized-opt.svg\",\"contentUrl\":\"https:\/\/kajakkomarno.sk\/wp-content\/uploads\/2022\/12\/kajak-kanoe-klub-komarno-optimized-opt.svg\",\"width\":307,\"height\":66,\"caption\":\"Kajak &amp; kanoe klub Kom\u00e1rno\"},\"image\":{\"@id\":\"https:\/\/kajakkomarno.sk\/#\/schema\/logo\/image\/\"}},{\"@type\":\"Person\",\"@id\":\"https:\/\/kajakkomarno.sk\/#\/schema\/person\/68df55445f25dd61e70f0496858d1de6\",\"name\":\"marianka\",\"image\":{\"@type\":\"ImageObject\",\"inLanguage\":\"hu\",\"@id\":\"https:\/\/kajakkomarno.sk\/#\/schema\/person\/image\/\",\"url\":\"https:\/\/secure.gravatar.com\/avatar\/e1185ad52e83d8a22d78dc74640a4200c5b86338c1f21ddef9f929eef9650876?s=96&d=mm&r=g\",\"contentUrl\":\"https:\/\/secure.gravatar.com\/avatar\/e1185ad52e83d8a22d78dc74640a4200c5b86338c1f21ddef9f929eef9650876?s=96&d=mm&r=g\",\"caption\":\"marianka\"},\"url\":\"https:\/\/kajakkomarno.sk\/hu\/author\/marianka\/\"}]}<\/script>\n<!-- \/ Yoast SEO plugin. -->","yoast_head_json":{"title":"Viktor Demin op\u00e4tovne zvolen\u00fd za predsedu Kajak Kanoe Klubu Kom\u00e1rno - Kajak &amp; kanoe klub Kom\u00e1rno","robots":{"index":"index","follow":"follow","max-snippet":"max-snippet:-1","max-image-preview":"max-image-preview:large","max-video-preview":"max-video-preview:-1"},"canonical":"https:\/\/kajakkomarno.sk\/novinky\/viktor-demin-opatovne-zvoleny-za-predsedu-kajak-kanoe-klubu-komarno\/","og_locale":"hu_HU","og_type":"article","og_title":"Viktor Demin op\u00e4tovne zvolen\u00fd za predsedu Kajak Kanoe Klubu Kom\u00e1rno - Kajak &amp; kanoe klub Kom\u00e1rno","og_description":"Na poslednej \u010dlenskej sch\u00f4dzi Kajak Kanoe Klubu Kom\u00e1rno bol jednohlasne zvolen\u00fd za predsedu klubu Mgr. Viktor Demin, ktor\u00fd bude pokra\u010dova\u0165 v rozvoji klubu a jeho aktiv\u00edt aj v nasleduj\u00facom obdob\u00ed. Viktor vo svojej prezent\u00e1cii origin\u00e1lne a s nadh\u013eadom zhodnotil svoje prv\u00e9 p\u00e4\u0165ro\u010dn\u00e9 p\u00f4sobenie, vtipne dokumentoval \u00faspechy, v\u00fdzvy aj nezabudnute\u013en\u00e9 momenty. Bolo skvel\u00e9 vidie\u0165 a uvedomi\u0165 [&hellip;]","og_url":"https:\/\/kajakkomarno.sk\/novinky\/viktor-demin-opatovne-zvoleny-za-predsedu-kajak-kanoe-klubu-komarno\/","og_site_name":"Kajak &amp; kanoe klub Kom\u00e1rno","article_published_time":"2025-12-14T16:39:56+00:00","article_modified_time":"2025-12-15T13:58:12+00:00","author":"marianka","twitter_card":"summary_large_image","twitter_misc":{"Szerz\u0151:":"marianka","Becs\u00fclt olvas\u00e1si id\u0151":"3 perc"},"schema":{"@context":"https:\/\/schema.org","@graph":[{"@type":"Article","@id":"https:\/\/kajakkomarno.sk\/novinky\/viktor-demin-opatovne-zvoleny-za-predsedu-kajak-kanoe-klubu-komarno\/#article","isPartOf":{"@id":"https:\/\/kajakkomarno.sk\/novinky\/viktor-demin-opatovne-zvoleny-za-predsedu-kajak-kanoe-klubu-komarno\/"},"author":{"name":"marianka","@id":"https:\/\/kajakkomarno.sk\/#\/schema\/person\/68df55445f25dd61e70f0496858d1de6"},"headline":"Viktor Demin op\u00e4tovne zvolen\u00fd za predsedu Kajak Kanoe Klubu Kom\u00e1rno","datePublished":"2025-12-14T16:39:56+00:00","dateModified":"2025-12-15T13:58:12+00:00","mainEntityOfPage":{"@id":"https:\/\/kajakkomarno.sk\/novinky\/viktor-demin-opatovne-zvoleny-za-predsedu-kajak-kanoe-klubu-komarno\/"},"wordCount":272,"commentCount":0,"publisher":{"@id":"https:\/\/kajakkomarno.sk\/#organization"},"image":{"@id":"https:\/\/kajakkomarno.sk\/novinky\/viktor-demin-opatovne-zvoleny-za-predsedu-kajak-kanoe-klubu-komarno\/#primaryimage"},"thumbnailUrl":"https:\/\/kajakkomarno.sk\/wp-content\/uploads\/2025\/12\/IMG_7674-scaled.jpg","articleSection":["Novinky"],"inLanguage":"hu","potentialAction":[{"@type":"CommentAction","name":"Comment","target":["https:\/\/kajakkomarno.sk\/novinky\/viktor-demin-opatovne-zvoleny-za-predsedu-kajak-kanoe-klubu-komarno\/#respond"]}]},{"@type":"WebPage","@id":"https:\/\/kajakkomarno.sk\/novinky\/viktor-demin-opatovne-zvoleny-za-predsedu-kajak-kanoe-klubu-komarno\/","url":"https:\/\/kajakkomarno.sk\/novinky\/viktor-demin-opatovne-zvoleny-za-predsedu-kajak-kanoe-klubu-komarno\/","name":"Viktor Demin op\u00e4tovne zvolen\u00fd za predsedu Kajak Kanoe Klubu Kom\u00e1rno - Kajak &amp; kanoe klub Kom\u00e1rno","isPartOf":{"@id":"https:\/\/kajakkomarno.sk\/#website"},"primaryImageOfPage":{"@id":"https:\/\/kajakkomarno.sk\/novinky\/viktor-demin-opatovne-zvoleny-za-predsedu-kajak-kanoe-klubu-komarno\/#primaryimage"},"image":{"@id":"https:\/\/kajakkomarno.sk\/novinky\/viktor-demin-opatovne-zvoleny-za-predsedu-kajak-kanoe-klubu-komarno\/#primaryimage"},"thumbnailUrl":"https:\/\/kajakkomarno.sk\/wp-content\/uploads\/2025\/12\/IMG_7674-scaled.jpg","datePublished":"2025-12-14T16:39:56+00:00","dateModified":"2025-12-15T13:58:12+00:00","breadcrumb":{"@id":"https:\/\/kajakkomarno.sk\/novinky\/viktor-demin-opatovne-zvoleny-za-predsedu-kajak-kanoe-klubu-komarno\/#breadcrumb"},"inLanguage":"hu","potentialAction":[{"@type":"ReadAction","target":["https:\/\/kajakkomarno.sk\/novinky\/viktor-demin-opatovne-zvoleny-za-predsedu-kajak-kanoe-klubu-komarno\/"]}]},{"@type":"ImageObject","inLanguage":"hu","@id":"https:\/\/kajakkomarno.sk\/novinky\/viktor-demin-opatovne-zvoleny-za-predsedu-kajak-kanoe-klubu-komarno\/#primaryimage","url":"https:\/\/kajakkomarno.sk\/wp-content\/uploads\/2025\/12\/IMG_7674-scaled.jpg","contentUrl":"https:\/\/kajakkomarno.sk\/wp-content\/uploads\/2025\/12\/IMG_7674-scaled.jpg","width":1920,"height":2560},{"@type":"BreadcrumbList","@id":"https:\/\/kajakkomarno.sk\/novinky\/viktor-demin-opatovne-zvoleny-za-predsedu-kajak-kanoe-klubu-komarno\/#breadcrumb","itemListElement":[{"@type":"ListItem","position":1,"name":"Domov","item":"https:\/\/kajakkomarno.sk\/hu\/fooldal\/"},{"@type":"ListItem","position":2,"name":"Novinky","item":"https:\/\/kajakkomarno.sk\/category\/novinky\/"},{"@type":"ListItem","position":3,"name":"Viktor Demin op\u00e4tovne zvolen\u00fd za predsedu Kajak Kanoe Klubu Kom\u00e1rno"}]},{"@type":"WebSite","@id":"https:\/\/kajakkomarno.sk\/#website","url":"https:\/\/kajakkomarno.sk\/","name":"Kajak &amp; kanoe klub Kom\u00e1rno","description":"","publisher":{"@id":"https:\/\/kajakkomarno.sk\/#organization"},"potentialAction":[{"@type":"SearchAction","target":{"@type":"EntryPoint","urlTemplate":"https:\/\/kajakkomarno.sk\/?s={search_term_string}"},"query-input":{"@type":"PropertyValueSpecification","valueRequired":true,"valueName":"search_term_string"}}],"inLanguage":"hu"},{"@type":"Organization","@id":"https:\/\/kajakkomarno.sk\/#organization","name":"Kajak &amp; kanoe klub Kom\u00e1rno","url":"https:\/\/kajakkomarno.sk\/","logo":{"@type":"ImageObject","inLanguage":"hu","@id":"https:\/\/kajakkomarno.sk\/#\/schema\/logo\/image\/","url":"https:\/\/kajakkomarno.sk\/wp-content\/uploads\/2022\/12\/kajak-kanoe-klub-komarno-optimized-opt.svg","contentUrl":"https:\/\/kajakkomarno.sk\/wp-content\/uploads\/2022\/12\/kajak-kanoe-klub-komarno-optimized-opt.svg","width":307,"height":66,"caption":"Kajak &amp; kanoe klub Kom\u00e1rno"},"image":{"@id":"https:\/\/kajakkomarno.sk\/#\/schema\/logo\/image\/"}},{"@type":"Person","@id":"https:\/\/kajakkomarno.sk\/#\/schema\/person\/68df55445f25dd61e70f0496858d1de6","name":"marianka","image":{"@type":"ImageObject","inLanguage":"hu","@id":"https:\/\/kajakkomarno.sk\/#\/schema\/person\/image\/","url":"https:\/\/secure.gravatar.com\/avatar\/e1185ad52e83d8a22d78dc74640a4200c5b86338c1f21ddef9f929eef9650876?s=96&d=mm&r=g","contentUrl":"https:\/\/secure.gravatar.com\/avatar\/e1185ad52e83d8a22d78dc74640a4200c5b86338c1f21ddef9f929eef9650876?s=96&d=mm&r=g","caption":"marianka"},"url":"https:\/\/kajakkomarno.sk\/hu\/author\/marianka\/"}]}},"_links":{"self":[{"href":"https:\/\/kajakkomarno.sk\/hu\/wp-json\/wp\/v2\/posts\/5512","targetHints":{"allow":["GET"]}}],"collection":[{"href":"https:\/\/kajakkomarno.sk\/hu\/wp-json\/wp\/v2\/posts"}],"about":[{"href":"https:\/\/kajakkomarno.sk\/hu\/wp-json\/wp\/v2\/types\/post"}],"author":[{"embeddable":true,"href":"https:\/\/kajakkomarno.sk\/hu\/wp-json\/wp\/v2\/users\/4"}],"replies":[{"embeddable":true,"href":"https:\/\/kajakkomarno.sk\/hu\/wp-json\/wp\/v2\/comments?post=5512"}],"version-history":[{"count":5,"href":"https:\/\/kajakkomarno.sk\/hu\/wp-json\/wp\/v2\/posts\/5512\/revisions"}],"predecessor-version":[{"id":5539,"href":"https:\/\/kajakkomarno.sk\/hu\/wp-json\/wp\/v2\/posts\/5512\/revisions\/5539"}],"wp:featuredmedia":[{"embeddable":true,"href":"https:\/\/kajakkomarno.sk\/hu\/wp-json\/wp\/v2\/media\/5531"}],"wp:attachment":[{"href":"https:\/\/kajakkomarno.sk\/hu\/wp-json\/wp\/v2\/media?parent=5512"}],"wp:term":[{"taxonomy":"category","embeddable":true,"href":"https:\/\/kajakkomarno.sk\/hu\/wp-json\/wp\/v2\/categories?post=5512"},{"taxonomy":"post_tag","embeddable":true,"href":"https:\/\/kajakkomarno.sk\/hu\/wp-json\/wp\/v2\/tags?post=5512"}],"curies":[{"name":"wp","href":"https:\/\/api.w.org\/{rel}","templated":true}]}}