{"id":5308,"date":"2025-11-09T10:39:03","date_gmt":"2025-11-09T09:39:03","guid":{"rendered":"https:\/\/kajakkomarno.sk\/?p=5308"},"modified":"2025-11-09T18:56:32","modified_gmt":"2025-11-09T17:56:32","slug":"rekapitulacia-2025-2-zaciatok-pretekarskej-sezony","status":"publish","type":"post","link":"https:\/\/kajakkomarno.sk\/hu\/novinky\/rekapitulacia-2025-2-zaciatok-pretekarskej-sezony\/","title":{"rendered":"Rekapitul\u00e1cia 2025 #2 &#8211; Za\u010diatok pretek\u00e1rskej sez\u00f3ny"},"content":{"rendered":"<p><span style=\"font-weight: 400;\">Postupne nastal \u010das pretavi\u0165 v\u0161etku pr\u00e1cu do v\u00fdsledkov a v\u00fdkonov, a samozrejme z\u00e1\u017eitkov.\u00a0<\/span><\/p>\n<p><span style=\"font-weight: 400;\">Koncom apr\u00edla sa n\u00e1m naplno rozbehla s\u00fa\u0165a\u017en\u00e1 sez\u00f3na &#8211; za\u010dala \u0161t\u00farovsk\u00fdm Jungov\u00fdm memori\u00e1lom na Dunaji. Pre mal\u00fdch pretek\u00e1rov bola skvel\u00e1 sk\u00fasenos\u0165 aj Rudno Cup na Nitrianskom Rudne. 13 &#8211; 14 ro\u010dn\u00ed pretek\u00e1ri sa medzit\u00fdm pripravovali na vrchol jarnej \u010dasti sez\u00f3ny, Majstrovstv\u00e1 Slovenska dlh\u00e9 trate.<\/span><\/p>\n<p><span style=\"font-weight: 400;\">Na Zemn\u00edku si kadeti a juniori porovnali svoju formu v r\u00e1mci Kvalifika\u010dn\u00fdch pretekov seniorov, \u010do bola fantastick\u00e1 pr\u00edprava na Kvalifika\u010dn\u00e9 preteky juniorov a takisto povinn\u00fdm krokom k nominovaniu sa do reprezent\u00e1cie a na Medzin\u00e1rodn\u00fa regatu juniorov a pretek\u00e1rov do 23 rokov.<\/span><\/p>\n<p><span style=\"font-weight: 400;\">Forma mlad\u00fdch pretek\u00e1rov vyvrcholila na Majstrovstv\u00e1ch Slovenska na dlh\u00fdch tratiach. Kajak &amp; Kanoe Klub Kom\u00e1rno z\u00edskalo najviac bodov v hodnoten\u00ed Slovensk\u00e9ho poh\u00e1ra, a na\u0161i pretek\u00e1ri vybojovali 2 zlat\u00e9, 6 strieborn\u00fdch a 7 bronzov\u00fdch medail\u00ed.<\/span><\/p>\n<p><span style=\"font-weight: 400;\">Bratislava op\u00e4\u0165 hostila ka\u017edoro\u010dn\u00fa Medzin\u00e1rodn\u00fa regatu juniorov a do 23 rokov. I ke\u010f preteky sa konali od 23. do 25. m\u00e1ja, prv\u00ed pretek\u00e1ri do Bratislavy docestovali u\u017e 18. m\u00e1ja rovno zo Szegedu (kde sa konal Svetov\u00fd poh\u00e1r) a od 21. m\u00e1ja sa na Zemn\u00edku naplno tr\u00e9novalo. Zmera\u0165 si sem pri\u0161lo vy\u0161e 400 kadetov, juniorov a U23 z 20 kraj\u00edn. Po\u010dasie bolo apr\u00edlov\u00e9, po\u010das troch dn\u00ed sme mali zimu, vietor, d\u00e1\u017e\u010f i slnko a teplo na z\u00e1ver. Na\u0161\u0165astie b\u00farky skon\u010dili e\u0161te pred vypuknut\u00edm podujatia.<\/span><\/p>\n<p><span style=\"font-weight: 400;\">Kom\u00e1r\u0148ansk\u00fdm pretek\u00e1rom sa v silnej konkurencii darilo. Celkovo sme z\u00edskali 4 zlat\u00e9, 5 strieborn\u00fdch a 5 bronzov\u00fdch medail\u00ed. Prispeli sme k v\u00fdborn\u00e9mu 3. miestu Slovenska v Poh\u00e1ri kraj\u00edn, po v\u00ed\u0165aznom Po\u013esku a druh\u00fdch nemeck\u00fdch kluboch.<\/span><\/p>\n<p><span style=\"font-weight: 400;\">Tu s\u00fa na\u0161i medailisti:<\/span><\/p>\n<p><span style=\"font-weight: 400;\">K2 Men U23 1000m <strong>Doktor\u00edk Dominik<\/strong>, Kuku\u010dka Juraj \u2013 1.<\/span><\/p>\n<p><span style=\"font-weight: 400;\">K2 Men U23 1000m Dan\u00e1\u0161 Matej, <strong>Podleiszek Filip<\/strong> \u2013 2..<\/span><\/p>\n<p><span style=\"font-weight: 400;\">C1 Women U23 200m <strong>Ori Laura<\/strong> \u2013 2.<\/span><\/p>\n<p><span style=\"font-weight: 400;\">K4 Girls 500m <strong>Diana Markovi\u010dov\u00e1,<\/strong> Sofia Noskovi\u010dov\u00e1, Marianna Nagyov\u00e1, Tamara Grygarov\u00e1 \u2013 3.<\/span><\/p>\n<p><span style=\"font-weight: 400;\">K4 Men U23 500m Martin B\u00e1bik, <strong>Dominik Doktor\u00edk, Filip Podleiszek,<\/strong> Maximili\u00e1n Szab\u00f3 \u2013 1.<\/span><\/p>\n<p><span style=\"font-weight: 400;\">K4 Junior Men 500m Jakub Bartol\u010di\u010d, Oskar \u010eur\u010do, Alex Gavlider, <strong>M\u00e1t\u00e9 Marsal<\/strong> \u2013 2.<\/span><\/p>\n<p><span style=\"font-weight: 400;\">K1 Men U23 500m <strong>Doktor\u00edk Dominik<\/strong> \u2013 3.<\/span><\/p>\n<p><span style=\"font-weight: 400;\">C1 Women U23 500m <strong>Ori Laura<\/strong> \u2013 2.<\/span><\/p>\n<p><span style=\"font-weight: 400;\">C1 Women U23 500m <strong>B\u00f3nov\u00e1 Zo\u00e9<\/strong> \u2013 3.<\/span><\/p>\n<p><span style=\"font-weight: 400;\">K2 Men U23 500m <strong>Dominik Doktor\u00edk<\/strong>, Juraj Kuku\u010dka \u2013 1.<\/span><\/p>\n<p><span style=\"font-weight: 400;\">K2 Men U23 500m Matej Dan\u00e1\u0161, <strong>Filip Podleiszek<\/strong> \u2013 2.<\/span><\/p>\n<p><span style=\"font-weight: 400;\">C2 Women U23 500m 500m <strong>Zo\u00e9 B\u00f3nov\u00e1, Laura Ori<\/strong> \u2013 1.<\/span><\/p>\n<p><span style=\"font-weight: 400;\">K2 Girls 500m Alexandra Kov\u00e1\u010dov\u00e1, <strong>Diana Markovi\u010dov\u00e1<\/strong> \u2013 3.<\/span><\/p>\n<p>Na\u0161i pretek\u00e1ri si porovnali sily s najlep\u0161\u00edmi rovesn\u00edkmi z cel\u00e9ho sveta a z\u00e1rove\u0148 vysk\u00fa\u0161ali svoje pretek\u00e1rske strat\u00e9gie v jednotliv\u00fdch discipl\u00ednach, ke\u010f\u017ee u\u017e o nieko\u013eko t\u00fd\u017ed\u0148ov ich \u010dakali kvalifika\u010dn\u00e9 preteky na Majstrovstv\u00e1 Eur\u00f3py juniorov a pretek\u00e1rov do 23 rokov.<\/p>\n<p><span style=\"font-weight: 400;\">Stru\u010dne sme si pripomenuli \u00favod pretek\u00e1rskej sez\u00f3ny. Za fotky \u010fakujeme Facebooku Slovenskej kanoistiky. V \u010fal\u0161ej \u010dasti na\u0161ej rekapitul\u00e1cie roka sa pozrieme na priebeh Ve\u013ekej ceny Kom\u00e1rna. \ud83d\ude42<\/span><\/p>\n<p><span style=\"font-weight: 400;\"><br \/>\n<img fetchpriority=\"high\" decoding=\"async\" class=\"wp-image-5373 alignleft\" src=\"https:\/\/kajakkomarno.sk\/wp-content\/uploads\/2025\/10\/502659855_18060636905325912_392725054599215987_n-450x338.jpg\" alt=\"\" width=\"453\" height=\"340\" srcset=\"https:\/\/kajakkomarno.sk\/wp-content\/uploads\/2025\/10\/502659855_18060636905325912_392725054599215987_n-450x338.jpg 450w, https:\/\/kajakkomarno.sk\/wp-content\/uploads\/2025\/10\/502659855_18060636905325912_392725054599215987_n-1024x768.jpg 1024w, https:\/\/kajakkomarno.sk\/wp-content\/uploads\/2025\/10\/502659855_18060636905325912_392725054599215987_n-768x576.jpg 768w, https:\/\/kajakkomarno.sk\/wp-content\/uploads\/2025\/10\/502659855_18060636905325912_392725054599215987_n.jpg 1440w\" sizes=\"(max-width: 453px) 100vw, 453px\" \/>\u00a0 \u00a0\u00a0<\/span><\/p>\n<p>&nbsp;<\/p>\n<p>&nbsp;<\/p>\n<p>&nbsp;<\/p>\n<p>&nbsp;<\/p>\n<p>&nbsp;<\/p>\n<p>&nbsp;<\/p>\n<p>&nbsp;<\/p>\n<p>&nbsp;<\/p>\n<p><span style=\"font-weight: 400;\"><img decoding=\"async\" class=\"alignnone wp-image-5377 alignleft\" src=\"https:\/\/kajakkomarno.sk\/wp-content\/uploads\/2025\/10\/491446737_18056543954325912_4237634322693178483_n-450x338.png\" alt=\"\" width=\"452\" height=\"339\" srcset=\"https:\/\/kajakkomarno.sk\/wp-content\/uploads\/2025\/10\/491446737_18056543954325912_4237634322693178483_n-450x338.png 450w, https:\/\/kajakkomarno.sk\/wp-content\/uploads\/2025\/10\/491446737_18056543954325912_4237634322693178483_n-1024x768.png 1024w, https:\/\/kajakkomarno.sk\/wp-content\/uploads\/2025\/10\/491446737_18056543954325912_4237634322693178483_n-768x576.png 768w, https:\/\/kajakkomarno.sk\/wp-content\/uploads\/2025\/10\/491446737_18056543954325912_4237634322693178483_n.png 1440w\" sizes=\"(max-width: 452px) 100vw, 452px\" \/>\u00a0<\/span><\/p>\n<p><span style=\"font-weight: 400;\">\u00a0<\/span><\/p>\n<p>&nbsp;<\/p>\n<p>&nbsp;<\/p>\n<p>&nbsp;<\/p>\n<p>&nbsp;<\/p>\n<p>&nbsp;<\/p>\n<p>&nbsp;<\/p>\n<p>&nbsp;<\/p>\n<p><span style=\"font-weight: 400;\"><img decoding=\"async\" class=\"wp-image-5383 alignnone\" src=\"https:\/\/kajakkomarno.sk\/wp-content\/uploads\/2025\/10\/499606850_1260545649410944_9116221367450586742_n-450x300.jpg\" alt=\"\" width=\"444\" height=\"296\" srcset=\"https:\/\/kajakkomarno.sk\/wp-content\/uploads\/2025\/10\/499606850_1260545649410944_9116221367450586742_n-450x300.jpg 450w, https:\/\/kajakkomarno.sk\/wp-content\/uploads\/2025\/10\/499606850_1260545649410944_9116221367450586742_n-1024x683.jpg 1024w, https:\/\/kajakkomarno.sk\/wp-content\/uploads\/2025\/10\/499606850_1260545649410944_9116221367450586742_n-768x512.jpg 768w, https:\/\/kajakkomarno.sk\/wp-content\/uploads\/2025\/10\/499606850_1260545649410944_9116221367450586742_n-1536x1024.jpg 1536w, https:\/\/kajakkomarno.sk\/wp-content\/uploads\/2025\/10\/499606850_1260545649410944_9116221367450586742_n.jpg 2048w\" sizes=\"(max-width: 444px) 100vw, 444px\" \/>\u00a0 \u00a0 \u00a0<\/span><span style=\"font-weight: 400;\"> \u00a0\u00a0<\/span><\/p>\n<p><img loading=\"lazy\" decoding=\"async\" class=\"alignnone size-medium wp-image-5381\" src=\"https:\/\/kajakkomarno.sk\/wp-content\/uploads\/2025\/10\/499245971_1260541706078005_8034236941497230565_n-450x300.jpg\" alt=\"\" width=\"450\" height=\"300\" srcset=\"https:\/\/kajakkomarno.sk\/wp-content\/uploads\/2025\/10\/499245971_1260541706078005_8034236941497230565_n-450x300.jpg 450w, https:\/\/kajakkomarno.sk\/wp-content\/uploads\/2025\/10\/499245971_1260541706078005_8034236941497230565_n-1024x683.jpg 1024w, https:\/\/kajakkomarno.sk\/wp-content\/uploads\/2025\/10\/499245971_1260541706078005_8034236941497230565_n-768x512.jpg 768w, https:\/\/kajakkomarno.sk\/wp-content\/uploads\/2025\/10\/499245971_1260541706078005_8034236941497230565_n-1536x1024.jpg 1536w, https:\/\/kajakkomarno.sk\/wp-content\/uploads\/2025\/10\/499245971_1260541706078005_8034236941497230565_n.jpg 2048w\" sizes=\"(max-width: 450px) 100vw, 450px\" \/><\/p>\n<p>&nbsp;<\/p>\n<p><span style=\"font-weight: 400;\"><img loading=\"lazy\" decoding=\"async\" class=\"alignnone wp-image-5379\" src=\"https:\/\/kajakkomarno.sk\/wp-content\/uploads\/2025\/10\/499613992_1260541456078030_3225634947729185461_n-450x300.jpg\" alt=\"\" width=\"449\" height=\"299\" srcset=\"https:\/\/kajakkomarno.sk\/wp-content\/uploads\/2025\/10\/499613992_1260541456078030_3225634947729185461_n-450x300.jpg 450w, https:\/\/kajakkomarno.sk\/wp-content\/uploads\/2025\/10\/499613992_1260541456078030_3225634947729185461_n-1024x683.jpg 1024w, https:\/\/kajakkomarno.sk\/wp-content\/uploads\/2025\/10\/499613992_1260541456078030_3225634947729185461_n-768x512.jpg 768w, https:\/\/kajakkomarno.sk\/wp-content\/uploads\/2025\/10\/499613992_1260541456078030_3225634947729185461_n-1536x1024.jpg 1536w, https:\/\/kajakkomarno.sk\/wp-content\/uploads\/2025\/10\/499613992_1260541456078030_3225634947729185461_n.jpg 2048w\" sizes=\"(max-width: 449px) 100vw, 449px\" \/>\u00a0 \u00a0<\/span><\/p>\n<p><span style=\"font-weight: 400;\">\u00a0<\/span><img loading=\"lazy\" decoding=\"async\" class=\"wp-image-5375 alignnone\" src=\"https:\/\/kajakkomarno.sk\/wp-content\/uploads\/2025\/10\/504234108_18061626923325912_421387776025610137_n-450x338.jpg\" alt=\"\" width=\"447\" height=\"335\" srcset=\"https:\/\/kajakkomarno.sk\/wp-content\/uploads\/2025\/10\/504234108_18061626923325912_421387776025610137_n-450x338.jpg 450w, https:\/\/kajakkomarno.sk\/wp-content\/uploads\/2025\/10\/504234108_18061626923325912_421387776025610137_n-1024x768.jpg 1024w, https:\/\/kajakkomarno.sk\/wp-content\/uploads\/2025\/10\/504234108_18061626923325912_421387776025610137_n-768x576.jpg 768w, https:\/\/kajakkomarno.sk\/wp-content\/uploads\/2025\/10\/504234108_18061626923325912_421387776025610137_n.jpg 1440w\" sizes=\"(max-width: 447px) 100vw, 447px\" \/><\/p>\n<p><span style=\"font-weight: 400;\">\u00a0<\/span><\/p>\n","protected":false},"excerpt":{"rendered":"<p>Postupne nastal \u010das pretavi\u0165 v\u0161etku pr\u00e1cu do v\u00fdsledkov a v\u00fdkonov, a samozrejme z\u00e1\u017eitkov.\u00a0 Koncom apr\u00edla sa n\u00e1m naplno rozbehla s\u00fa\u0165a\u017en\u00e1 sez\u00f3na &#8211; za\u010dala \u0161t\u00farovsk\u00fdm Jungov\u00fdm memori\u00e1lom na Dunaji. Pre mal\u00fdch pretek\u00e1rov bola skvel\u00e1 sk\u00fasenos\u0165 aj Rudno Cup na Nitrianskom Rudne. 13 &#8211; 14 ro\u010dn\u00ed pretek\u00e1ri sa medzit\u00fdm pripravovali na vrchol jarnej \u010dasti sez\u00f3ny, Majstrovstv\u00e1 Slovenska [&hellip;]<\/p>\n","protected":false},"author":4,"featured_media":5381,"comment_status":"open","ping_status":"open","sticky":false,"template":"","format":"standard","meta":{"inline_featured_image":false,"footnotes":""},"categories":[1],"tags":[],"class_list":["post-5308","post","type-post","status-publish","format-standard","has-post-thumbnail","hentry","category-novinky"],"acf":[],"yoast_head":"<!-- This site is optimized with the Yoast SEO plugin v26.6 - https:\/\/yoast.com\/wordpress\/plugins\/seo\/ -->\n<title>Rekapitul\u00e1cia 2025 #2 - Za\u010diatok pretek\u00e1rskej sez\u00f3ny - Kajak &amp; kanoe klub Kom\u00e1rno<\/title>\n<meta name=\"description\" content=\"Stru\u010dne sme si pripomenuli \u00favod pretek\u00e1rskej sez\u00f3ny. V \u010fal\u0161ej \u010dasti na\u0161ej rekapitul\u00e1cie roka sa pozrieme na priebeh Ve\u013ekej ceny Kom\u00e1rna. :)\" \/>\n<meta name=\"robots\" content=\"index, follow, max-snippet:-1, max-image-preview:large, max-video-preview:-1\" \/>\n<link rel=\"canonical\" href=\"https:\/\/kajakkomarno.sk\/novinky\/rekapitulacia-2025-2-zaciatok-pretekarskej-sezony\/\" \/>\n<meta property=\"og:locale\" content=\"hu_HU\" \/>\n<meta property=\"og:type\" content=\"article\" \/>\n<meta property=\"og:title\" content=\"Rekapitul\u00e1cia 2025 #2 - Za\u010diatok pretek\u00e1rskej sez\u00f3ny - Kajak &amp; kanoe klub Kom\u00e1rno\" \/>\n<meta property=\"og:description\" content=\"Stru\u010dne sme si pripomenuli \u00favod pretek\u00e1rskej sez\u00f3ny. V \u010fal\u0161ej \u010dasti na\u0161ej rekapitul\u00e1cie roka sa pozrieme na priebeh Ve\u013ekej ceny Kom\u00e1rna. :)\" \/>\n<meta property=\"og:url\" content=\"https:\/\/kajakkomarno.sk\/novinky\/rekapitulacia-2025-2-zaciatok-pretekarskej-sezony\/\" \/>\n<meta property=\"og:site_name\" content=\"Kajak &amp; kanoe klub Kom\u00e1rno\" \/>\n<meta property=\"article:published_time\" content=\"2025-11-09T09:39:03+00:00\" \/>\n<meta property=\"article:modified_time\" content=\"2025-11-09T17:56:32+00:00\" \/>\n<meta property=\"og:image\" content=\"https:\/\/kajakkomarno.sk\/wp-content\/uploads\/2025\/10\/499245971_1260541706078005_8034236941497230565_n.jpg\" \/>\n\t<meta property=\"og:image:width\" content=\"2048\" \/>\n\t<meta property=\"og:image:height\" content=\"1365\" \/>\n\t<meta property=\"og:image:type\" content=\"image\/jpeg\" \/>\n<meta name=\"author\" content=\"marianka\" \/>\n<meta name=\"twitter:card\" content=\"summary_large_image\" \/>\n<meta name=\"twitter:label1\" content=\"Szerz\u0151:\" \/>\n\t<meta name=\"twitter:data1\" content=\"marianka\" \/>\n\t<meta name=\"twitter:label2\" content=\"Becs\u00fclt olvas\u00e1si id\u0151\" \/>\n\t<meta name=\"twitter:data2\" content=\"4 perc\" \/>\n<script type=\"application\/ld+json\" class=\"yoast-schema-graph\">{\"@context\":\"https:\/\/schema.org\",\"@graph\":[{\"@type\":\"Article\",\"@id\":\"https:\/\/kajakkomarno.sk\/novinky\/rekapitulacia-2025-2-zaciatok-pretekarskej-sezony\/#article\",\"isPartOf\":{\"@id\":\"https:\/\/kajakkomarno.sk\/novinky\/rekapitulacia-2025-2-zaciatok-pretekarskej-sezony\/\"},\"author\":{\"name\":\"marianka\",\"@id\":\"https:\/\/kajakkomarno.sk\/#\/schema\/person\/68df55445f25dd61e70f0496858d1de6\"},\"headline\":\"Rekapitul\u00e1cia 2025 #2 &#8211; Za\u010diatok pretek\u00e1rskej sez\u00f3ny\",\"datePublished\":\"2025-11-09T09:39:03+00:00\",\"dateModified\":\"2025-11-09T17:56:32+00:00\",\"mainEntityOfPage\":{\"@id\":\"https:\/\/kajakkomarno.sk\/novinky\/rekapitulacia-2025-2-zaciatok-pretekarskej-sezony\/\"},\"wordCount\":557,\"commentCount\":0,\"publisher\":{\"@id\":\"https:\/\/kajakkomarno.sk\/#organization\"},\"image\":{\"@id\":\"https:\/\/kajakkomarno.sk\/novinky\/rekapitulacia-2025-2-zaciatok-pretekarskej-sezony\/#primaryimage\"},\"thumbnailUrl\":\"https:\/\/kajakkomarno.sk\/wp-content\/uploads\/2025\/10\/499245971_1260541706078005_8034236941497230565_n.jpg\",\"articleSection\":[\"Novinky\"],\"inLanguage\":\"hu\",\"potentialAction\":[{\"@type\":\"CommentAction\",\"name\":\"Comment\",\"target\":[\"https:\/\/kajakkomarno.sk\/novinky\/rekapitulacia-2025-2-zaciatok-pretekarskej-sezony\/#respond\"]}]},{\"@type\":\"WebPage\",\"@id\":\"https:\/\/kajakkomarno.sk\/novinky\/rekapitulacia-2025-2-zaciatok-pretekarskej-sezony\/\",\"url\":\"https:\/\/kajakkomarno.sk\/novinky\/rekapitulacia-2025-2-zaciatok-pretekarskej-sezony\/\",\"name\":\"Rekapitul\u00e1cia 2025 #2 - Za\u010diatok pretek\u00e1rskej sez\u00f3ny - Kajak &amp; kanoe klub Kom\u00e1rno\",\"isPartOf\":{\"@id\":\"https:\/\/kajakkomarno.sk\/#website\"},\"primaryImageOfPage\":{\"@id\":\"https:\/\/kajakkomarno.sk\/novinky\/rekapitulacia-2025-2-zaciatok-pretekarskej-sezony\/#primaryimage\"},\"image\":{\"@id\":\"https:\/\/kajakkomarno.sk\/novinky\/rekapitulacia-2025-2-zaciatok-pretekarskej-sezony\/#primaryimage\"},\"thumbnailUrl\":\"https:\/\/kajakkomarno.sk\/wp-content\/uploads\/2025\/10\/499245971_1260541706078005_8034236941497230565_n.jpg\",\"datePublished\":\"2025-11-09T09:39:03+00:00\",\"dateModified\":\"2025-11-09T17:56:32+00:00\",\"description\":\"Stru\u010dne sme si pripomenuli \u00favod pretek\u00e1rskej sez\u00f3ny. V \u010fal\u0161ej \u010dasti na\u0161ej rekapitul\u00e1cie roka sa pozrieme na priebeh Ve\u013ekej ceny Kom\u00e1rna. :)\",\"breadcrumb\":{\"@id\":\"https:\/\/kajakkomarno.sk\/novinky\/rekapitulacia-2025-2-zaciatok-pretekarskej-sezony\/#breadcrumb\"},\"inLanguage\":\"hu\",\"potentialAction\":[{\"@type\":\"ReadAction\",\"target\":[\"https:\/\/kajakkomarno.sk\/novinky\/rekapitulacia-2025-2-zaciatok-pretekarskej-sezony\/\"]}]},{\"@type\":\"ImageObject\",\"inLanguage\":\"hu\",\"@id\":\"https:\/\/kajakkomarno.sk\/novinky\/rekapitulacia-2025-2-zaciatok-pretekarskej-sezony\/#primaryimage\",\"url\":\"https:\/\/kajakkomarno.sk\/wp-content\/uploads\/2025\/10\/499245971_1260541706078005_8034236941497230565_n.jpg\",\"contentUrl\":\"https:\/\/kajakkomarno.sk\/wp-content\/uploads\/2025\/10\/499245971_1260541706078005_8034236941497230565_n.jpg\",\"width\":2048,\"height\":1365},{\"@type\":\"BreadcrumbList\",\"@id\":\"https:\/\/kajakkomarno.sk\/novinky\/rekapitulacia-2025-2-zaciatok-pretekarskej-sezony\/#breadcrumb\",\"itemListElement\":[{\"@type\":\"ListItem\",\"position\":1,\"name\":\"Domov\",\"item\":\"https:\/\/kajakkomarno.sk\/hu\/fooldal\/\"},{\"@type\":\"ListItem\",\"position\":2,\"name\":\"Novinky\",\"item\":\"https:\/\/kajakkomarno.sk\/category\/novinky\/\"},{\"@type\":\"ListItem\",\"position\":3,\"name\":\"Rekapitul\u00e1cia 2025 #2 &#8211; Za\u010diatok pretek\u00e1rskej sez\u00f3ny\"}]},{\"@type\":\"WebSite\",\"@id\":\"https:\/\/kajakkomarno.sk\/#website\",\"url\":\"https:\/\/kajakkomarno.sk\/\",\"name\":\"Kajak &amp; kanoe klub Kom\u00e1rno\",\"description\":\"\",\"publisher\":{\"@id\":\"https:\/\/kajakkomarno.sk\/#organization\"},\"potentialAction\":[{\"@type\":\"SearchAction\",\"target\":{\"@type\":\"EntryPoint\",\"urlTemplate\":\"https:\/\/kajakkomarno.sk\/?s={search_term_string}\"},\"query-input\":{\"@type\":\"PropertyValueSpecification\",\"valueRequired\":true,\"valueName\":\"search_term_string\"}}],\"inLanguage\":\"hu\"},{\"@type\":\"Organization\",\"@id\":\"https:\/\/kajakkomarno.sk\/#organization\",\"name\":\"Kajak &amp; kanoe klub Kom\u00e1rno\",\"url\":\"https:\/\/kajakkomarno.sk\/\",\"logo\":{\"@type\":\"ImageObject\",\"inLanguage\":\"hu\",\"@id\":\"https:\/\/kajakkomarno.sk\/#\/schema\/logo\/image\/\",\"url\":\"https:\/\/kajakkomarno.sk\/wp-content\/uploads\/2022\/12\/kajak-kanoe-klub-komarno-optimized-opt.svg\",\"contentUrl\":\"https:\/\/kajakkomarno.sk\/wp-content\/uploads\/2022\/12\/kajak-kanoe-klub-komarno-optimized-opt.svg\",\"width\":307,\"height\":66,\"caption\":\"Kajak &amp; kanoe klub Kom\u00e1rno\"},\"image\":{\"@id\":\"https:\/\/kajakkomarno.sk\/#\/schema\/logo\/image\/\"}},{\"@type\":\"Person\",\"@id\":\"https:\/\/kajakkomarno.sk\/#\/schema\/person\/68df55445f25dd61e70f0496858d1de6\",\"name\":\"marianka\",\"image\":{\"@type\":\"ImageObject\",\"inLanguage\":\"hu\",\"@id\":\"https:\/\/kajakkomarno.sk\/#\/schema\/person\/image\/\",\"url\":\"https:\/\/secure.gravatar.com\/avatar\/e1185ad52e83d8a22d78dc74640a4200c5b86338c1f21ddef9f929eef9650876?s=96&d=mm&r=g\",\"contentUrl\":\"https:\/\/secure.gravatar.com\/avatar\/e1185ad52e83d8a22d78dc74640a4200c5b86338c1f21ddef9f929eef9650876?s=96&d=mm&r=g\",\"caption\":\"marianka\"},\"url\":\"https:\/\/kajakkomarno.sk\/hu\/author\/marianka\/\"}]}<\/script>\n<!-- \/ Yoast SEO plugin. -->","yoast_head_json":{"title":"Rekapitul\u00e1cia 2025 #2 - Za\u010diatok pretek\u00e1rskej sez\u00f3ny - Kajak &amp; kanoe klub Kom\u00e1rno","description":"Stru\u010dne sme si pripomenuli \u00favod pretek\u00e1rskej sez\u00f3ny. V \u010fal\u0161ej \u010dasti na\u0161ej rekapitul\u00e1cie roka sa pozrieme na priebeh Ve\u013ekej ceny Kom\u00e1rna. :)","robots":{"index":"index","follow":"follow","max-snippet":"max-snippet:-1","max-image-preview":"max-image-preview:large","max-video-preview":"max-video-preview:-1"},"canonical":"https:\/\/kajakkomarno.sk\/novinky\/rekapitulacia-2025-2-zaciatok-pretekarskej-sezony\/","og_locale":"hu_HU","og_type":"article","og_title":"Rekapitul\u00e1cia 2025 #2 - Za\u010diatok pretek\u00e1rskej sez\u00f3ny - Kajak &amp; kanoe klub Kom\u00e1rno","og_description":"Stru\u010dne sme si pripomenuli \u00favod pretek\u00e1rskej sez\u00f3ny. V \u010fal\u0161ej \u010dasti na\u0161ej rekapitul\u00e1cie roka sa pozrieme na priebeh Ve\u013ekej ceny Kom\u00e1rna. :)","og_url":"https:\/\/kajakkomarno.sk\/novinky\/rekapitulacia-2025-2-zaciatok-pretekarskej-sezony\/","og_site_name":"Kajak &amp; kanoe klub Kom\u00e1rno","article_published_time":"2025-11-09T09:39:03+00:00","article_modified_time":"2025-11-09T17:56:32+00:00","og_image":[{"width":2048,"height":1365,"url":"https:\/\/kajakkomarno.sk\/wp-content\/uploads\/2025\/10\/499245971_1260541706078005_8034236941497230565_n.jpg","type":"image\/jpeg"}],"author":"marianka","twitter_card":"summary_large_image","twitter_misc":{"Szerz\u0151:":"marianka","Becs\u00fclt olvas\u00e1si id\u0151":"4 perc"},"schema":{"@context":"https:\/\/schema.org","@graph":[{"@type":"Article","@id":"https:\/\/kajakkomarno.sk\/novinky\/rekapitulacia-2025-2-zaciatok-pretekarskej-sezony\/#article","isPartOf":{"@id":"https:\/\/kajakkomarno.sk\/novinky\/rekapitulacia-2025-2-zaciatok-pretekarskej-sezony\/"},"author":{"name":"marianka","@id":"https:\/\/kajakkomarno.sk\/#\/schema\/person\/68df55445f25dd61e70f0496858d1de6"},"headline":"Rekapitul\u00e1cia 2025 #2 &#8211; Za\u010diatok pretek\u00e1rskej sez\u00f3ny","datePublished":"2025-11-09T09:39:03+00:00","dateModified":"2025-11-09T17:56:32+00:00","mainEntityOfPage":{"@id":"https:\/\/kajakkomarno.sk\/novinky\/rekapitulacia-2025-2-zaciatok-pretekarskej-sezony\/"},"wordCount":557,"commentCount":0,"publisher":{"@id":"https:\/\/kajakkomarno.sk\/#organization"},"image":{"@id":"https:\/\/kajakkomarno.sk\/novinky\/rekapitulacia-2025-2-zaciatok-pretekarskej-sezony\/#primaryimage"},"thumbnailUrl":"https:\/\/kajakkomarno.sk\/wp-content\/uploads\/2025\/10\/499245971_1260541706078005_8034236941497230565_n.jpg","articleSection":["Novinky"],"inLanguage":"hu","potentialAction":[{"@type":"CommentAction","name":"Comment","target":["https:\/\/kajakkomarno.sk\/novinky\/rekapitulacia-2025-2-zaciatok-pretekarskej-sezony\/#respond"]}]},{"@type":"WebPage","@id":"https:\/\/kajakkomarno.sk\/novinky\/rekapitulacia-2025-2-zaciatok-pretekarskej-sezony\/","url":"https:\/\/kajakkomarno.sk\/novinky\/rekapitulacia-2025-2-zaciatok-pretekarskej-sezony\/","name":"Rekapitul\u00e1cia 2025 #2 - Za\u010diatok pretek\u00e1rskej sez\u00f3ny - Kajak &amp; kanoe klub Kom\u00e1rno","isPartOf":{"@id":"https:\/\/kajakkomarno.sk\/#website"},"primaryImageOfPage":{"@id":"https:\/\/kajakkomarno.sk\/novinky\/rekapitulacia-2025-2-zaciatok-pretekarskej-sezony\/#primaryimage"},"image":{"@id":"https:\/\/kajakkomarno.sk\/novinky\/rekapitulacia-2025-2-zaciatok-pretekarskej-sezony\/#primaryimage"},"thumbnailUrl":"https:\/\/kajakkomarno.sk\/wp-content\/uploads\/2025\/10\/499245971_1260541706078005_8034236941497230565_n.jpg","datePublished":"2025-11-09T09:39:03+00:00","dateModified":"2025-11-09T17:56:32+00:00","description":"Stru\u010dne sme si pripomenuli \u00favod pretek\u00e1rskej sez\u00f3ny. V \u010fal\u0161ej \u010dasti na\u0161ej rekapitul\u00e1cie roka sa pozrieme na priebeh Ve\u013ekej ceny Kom\u00e1rna. :)","breadcrumb":{"@id":"https:\/\/kajakkomarno.sk\/novinky\/rekapitulacia-2025-2-zaciatok-pretekarskej-sezony\/#breadcrumb"},"inLanguage":"hu","potentialAction":[{"@type":"ReadAction","target":["https:\/\/kajakkomarno.sk\/novinky\/rekapitulacia-2025-2-zaciatok-pretekarskej-sezony\/"]}]},{"@type":"ImageObject","inLanguage":"hu","@id":"https:\/\/kajakkomarno.sk\/novinky\/rekapitulacia-2025-2-zaciatok-pretekarskej-sezony\/#primaryimage","url":"https:\/\/kajakkomarno.sk\/wp-content\/uploads\/2025\/10\/499245971_1260541706078005_8034236941497230565_n.jpg","contentUrl":"https:\/\/kajakkomarno.sk\/wp-content\/uploads\/2025\/10\/499245971_1260541706078005_8034236941497230565_n.jpg","width":2048,"height":1365},{"@type":"BreadcrumbList","@id":"https:\/\/kajakkomarno.sk\/novinky\/rekapitulacia-2025-2-zaciatok-pretekarskej-sezony\/#breadcrumb","itemListElement":[{"@type":"ListItem","position":1,"name":"Domov","item":"https:\/\/kajakkomarno.sk\/hu\/fooldal\/"},{"@type":"ListItem","position":2,"name":"Novinky","item":"https:\/\/kajakkomarno.sk\/category\/novinky\/"},{"@type":"ListItem","position":3,"name":"Rekapitul\u00e1cia 2025 #2 &#8211; Za\u010diatok pretek\u00e1rskej sez\u00f3ny"}]},{"@type":"WebSite","@id":"https:\/\/kajakkomarno.sk\/#website","url":"https:\/\/kajakkomarno.sk\/","name":"Kajak &amp; kanoe klub Kom\u00e1rno","description":"","publisher":{"@id":"https:\/\/kajakkomarno.sk\/#organization"},"potentialAction":[{"@type":"SearchAction","target":{"@type":"EntryPoint","urlTemplate":"https:\/\/kajakkomarno.sk\/?s={search_term_string}"},"query-input":{"@type":"PropertyValueSpecification","valueRequired":true,"valueName":"search_term_string"}}],"inLanguage":"hu"},{"@type":"Organization","@id":"https:\/\/kajakkomarno.sk\/#organization","name":"Kajak &amp; kanoe klub Kom\u00e1rno","url":"https:\/\/kajakkomarno.sk\/","logo":{"@type":"ImageObject","inLanguage":"hu","@id":"https:\/\/kajakkomarno.sk\/#\/schema\/logo\/image\/","url":"https:\/\/kajakkomarno.sk\/wp-content\/uploads\/2022\/12\/kajak-kanoe-klub-komarno-optimized-opt.svg","contentUrl":"https:\/\/kajakkomarno.sk\/wp-content\/uploads\/2022\/12\/kajak-kanoe-klub-komarno-optimized-opt.svg","width":307,"height":66,"caption":"Kajak &amp; kanoe klub Kom\u00e1rno"},"image":{"@id":"https:\/\/kajakkomarno.sk\/#\/schema\/logo\/image\/"}},{"@type":"Person","@id":"https:\/\/kajakkomarno.sk\/#\/schema\/person\/68df55445f25dd61e70f0496858d1de6","name":"marianka","image":{"@type":"ImageObject","inLanguage":"hu","@id":"https:\/\/kajakkomarno.sk\/#\/schema\/person\/image\/","url":"https:\/\/secure.gravatar.com\/avatar\/e1185ad52e83d8a22d78dc74640a4200c5b86338c1f21ddef9f929eef9650876?s=96&d=mm&r=g","contentUrl":"https:\/\/secure.gravatar.com\/avatar\/e1185ad52e83d8a22d78dc74640a4200c5b86338c1f21ddef9f929eef9650876?s=96&d=mm&r=g","caption":"marianka"},"url":"https:\/\/kajakkomarno.sk\/hu\/author\/marianka\/"}]}},"_links":{"self":[{"href":"https:\/\/kajakkomarno.sk\/hu\/wp-json\/wp\/v2\/posts\/5308","targetHints":{"allow":["GET"]}}],"collection":[{"href":"https:\/\/kajakkomarno.sk\/hu\/wp-json\/wp\/v2\/posts"}],"about":[{"href":"https:\/\/kajakkomarno.sk\/hu\/wp-json\/wp\/v2\/types\/post"}],"author":[{"embeddable":true,"href":"https:\/\/kajakkomarno.sk\/hu\/wp-json\/wp\/v2\/users\/4"}],"replies":[{"embeddable":true,"href":"https:\/\/kajakkomarno.sk\/hu\/wp-json\/wp\/v2\/comments?post=5308"}],"version-history":[{"count":5,"href":"https:\/\/kajakkomarno.sk\/hu\/wp-json\/wp\/v2\/posts\/5308\/revisions"}],"predecessor-version":[{"id":5389,"href":"https:\/\/kajakkomarno.sk\/hu\/wp-json\/wp\/v2\/posts\/5308\/revisions\/5389"}],"wp:featuredmedia":[{"embeddable":true,"href":"https:\/\/kajakkomarno.sk\/hu\/wp-json\/wp\/v2\/media\/5381"}],"wp:attachment":[{"href":"https:\/\/kajakkomarno.sk\/hu\/wp-json\/wp\/v2\/media?parent=5308"}],"wp:term":[{"taxonomy":"category","embeddable":true,"href":"https:\/\/kajakkomarno.sk\/hu\/wp-json\/wp\/v2\/categories?post=5308"},{"taxonomy":"post_tag","embeddable":true,"href":"https:\/\/kajakkomarno.sk\/hu\/wp-json\/wp\/v2\/tags?post=5308"}],"curies":[{"name":"wp","href":"https:\/\/api.w.org\/{rel}","templated":true}]}}