{"id":5161,"date":"2024-09-23T17:38:13","date_gmt":"2024-09-23T15:38:13","guid":{"rendered":"https:\/\/kajakkomarno.sk\/?p=5161"},"modified":"2024-09-24T18:01:26","modified_gmt":"2024-09-24T16:01:26","slug":"laura-ori-na-majstrovstvach-sveta-v-maratone","status":"publish","type":"post","link":"https:\/\/kajakkomarno.sk\/hu\/novinky\/laura-ori-na-majstrovstvach-sveta-v-maratone\/","title":{"rendered":"LAURA \u0150RI NA MAJSTROVSTV\u00c1CH SVETA V MARAT\u00d3NE"},"content":{"rendered":"<p>Dejiskom Majstrovstiev sveta v marat\u00f3ne <span lang=\"sk-SK\">v<\/span> d\u0148och 19.092024 a\u017e 22.09.2024\u00a0bolo chorv\u00e1tske mesto Metkovic, le\u017eiaceho v bl\u00edzkosti hran\u00edc s Bos<span lang=\"sk-SK\">n<\/span>ou a Hercegovinou, <span lang=\"sk-SK\"> s pr\u00edstavom na rieke Neretva. <\/span><\/p>\n<p><strong>SLOVENSKO REPREZENT<span lang=\"sk-SK\">OVALA <\/span><span lang=\"sk-SK\"> Laura \u0150RI ,<\/span>19 ro\u010dn\u00e1 kanoistka Kajak &amp; kanoe klubu Kom\u00e1rno<\/strong>.<\/p>\n<p>Absolvovala <span lang=\"sk-SK\">dve discipl\u00edny:<\/span><\/p>\n<p><span lang=\"sk-SK\"><strong>\u00a0Marat\u00f3n C1 \u017dENY,\u00a0 Kr\u00e1tka tra\u0165 3.4 km, <\/strong>v ktorej\u00a0 obsadila 15. miesto \u010dasom <\/span><span lang=\"sk-SK\">00:20:33.30<\/span><\/p>\n<p><span lang=\"sk-SK\"><strong>\u00a0Marat\u00f3n C1 U23 12 km \/ 2 pren\u00e1\u0161ky\/, <\/strong>v ktorej \u00a0obsadila 16. miesto \u010dasom<\/span> <span lang=\"sk-SK\">01:13:10.21<\/span><\/p>\n<p><img fetchpriority=\"high\" decoding=\"async\" class=\"aligncenter wp-image-5162 size-large\" src=\"https:\/\/kajakkomarno.sk\/wp-content\/uploads\/2024\/09\/MARATON-SVET-202402-1024x684.jpg\" alt=\"\" width=\"800\" height=\"534\" srcset=\"https:\/\/kajakkomarno.sk\/wp-content\/uploads\/2024\/09\/MARATON-SVET-202402-1024x684.jpg 1024w, https:\/\/kajakkomarno.sk\/wp-content\/uploads\/2024\/09\/MARATON-SVET-202402-450x300.jpg 450w, https:\/\/kajakkomarno.sk\/wp-content\/uploads\/2024\/09\/MARATON-SVET-202402-768x513.jpg 768w, https:\/\/kajakkomarno.sk\/wp-content\/uploads\/2024\/09\/MARATON-SVET-202402-1536x1025.jpg 1536w, https:\/\/kajakkomarno.sk\/wp-content\/uploads\/2024\/09\/MARATON-SVET-202402.jpg 2048w\" sizes=\"(max-width: 800px) 100vw, 800px\" \/><\/p>\n<p>Zvl\u00e1dnu\u0165 marat\u00f3n si vy\u017eaduje mno\u017estvo fyzick\u00fdch a psychick\u00fdch s\u00edl, vytrvalosti, odhodlania a odvahy.\u00a0<span lang=\"sk-SK\">Aj napriek tomu, \u017ee s<\/span>k\u00fasenosti z marat\u00f3nu na medzin\u00e1rodnej \u00farovni Laura nemala \u017eiadne, na trati bojovala najlep\u0161ie ako sa dalo a n\u00e1ro\u010dn\u00fd marat\u00f3n zvl\u00e1dla ve\u013emi dobre.<\/p>\n<p><strong>Blaho\u017eel\u00e1me!<\/strong><\/p>\n","protected":false},"excerpt":{"rendered":"<p>Dejiskom Majstrovstiev sveta v marat\u00f3ne v d\u0148och 19.092024 a\u017e 22.09.2024\u00a0bolo chorv\u00e1tske mesto Metkovic, le\u017eiaceho v bl\u00edzkosti hran\u00edc s Bosnou a Hercegovinou, s pr\u00edstavom na rieke Neretva. SLOVENSKO REPREZENTOVALA Laura \u0150RI ,19 ro\u010dn\u00e1 kanoistka Kajak &amp; kanoe klubu Kom\u00e1rno. Absolvovala dve discipl\u00edny: \u00a0Marat\u00f3n C1 \u017dENY,\u00a0 Kr\u00e1tka tra\u0165 3.4 km, v ktorej\u00a0 obsadila 15. miesto \u010dasom 00:20:33.30 [&hellip;]<\/p>\n","protected":false},"author":3,"featured_media":5164,"comment_status":"open","ping_status":"open","sticky":false,"template":"","format":"standard","meta":{"inline_featured_image":false,"footnotes":""},"categories":[1],"tags":[],"class_list":["post-5161","post","type-post","status-publish","format-standard","has-post-thumbnail","hentry","category-novinky"],"acf":[],"yoast_head":"<!-- This site is optimized with the Yoast SEO plugin v26.6 - https:\/\/yoast.com\/wordpress\/plugins\/seo\/ -->\n<title>LAURA \u0150RI NA MAJSTROVSTV\u00c1CH SVETA V MARAT\u00d3NE - Kajak &amp; kanoe klub Kom\u00e1rno<\/title>\n<meta name=\"robots\" content=\"index, follow, max-snippet:-1, max-image-preview:large, max-video-preview:-1\" \/>\n<link rel=\"canonical\" href=\"https:\/\/kajakkomarno.sk\/novinky\/laura-ori-na-majstrovstvach-sveta-v-maratone\/\" \/>\n<meta property=\"og:locale\" content=\"hu_HU\" \/>\n<meta property=\"og:type\" content=\"article\" \/>\n<meta property=\"og:title\" content=\"LAURA \u0150RI NA MAJSTROVSTV\u00c1CH SVETA V MARAT\u00d3NE - Kajak &amp; kanoe klub Kom\u00e1rno\" \/>\n<meta property=\"og:description\" content=\"Dejiskom Majstrovstiev sveta v marat\u00f3ne v d\u0148och 19.092024 a\u017e 22.09.2024\u00a0bolo chorv\u00e1tske mesto Metkovic, le\u017eiaceho v bl\u00edzkosti hran\u00edc s Bosnou a Hercegovinou, s pr\u00edstavom na rieke Neretva. SLOVENSKO REPREZENTOVALA Laura \u0150RI ,19 ro\u010dn\u00e1 kanoistka Kajak &amp; kanoe klubu Kom\u00e1rno. Absolvovala dve discipl\u00edny: \u00a0Marat\u00f3n C1 \u017dENY,\u00a0 Kr\u00e1tka tra\u0165 3.4 km, v ktorej\u00a0 obsadila 15. miesto \u010dasom 00:20:33.30 [&hellip;]\" \/>\n<meta property=\"og:url\" content=\"https:\/\/kajakkomarno.sk\/novinky\/laura-ori-na-majstrovstvach-sveta-v-maratone\/\" \/>\n<meta property=\"og:site_name\" content=\"Kajak &amp; kanoe klub Kom\u00e1rno\" \/>\n<meta property=\"article:published_time\" content=\"2024-09-23T15:38:13+00:00\" \/>\n<meta property=\"article:modified_time\" content=\"2024-09-24T16:01:26+00:00\" \/>\n<meta property=\"og:image\" content=\"https:\/\/kajakkomarno.sk\/wp-content\/uploads\/2024\/09\/MARATON-SVET-202403.jpg\" \/>\n\t<meta property=\"og:image:width\" content=\"2048\" \/>\n\t<meta property=\"og:image:height\" content=\"1366\" \/>\n\t<meta property=\"og:image:type\" content=\"image\/jpeg\" \/>\n<meta name=\"author\" content=\"petrusivi18@gmail.com\" \/>\n<meta name=\"twitter:card\" content=\"summary_large_image\" \/>\n<meta name=\"twitter:label1\" content=\"Szerz\u0151:\" \/>\n\t<meta name=\"twitter:data1\" content=\"petrusivi18@gmail.com\" \/>\n\t<meta name=\"twitter:label2\" content=\"Becs\u00fclt olvas\u00e1si id\u0151\" \/>\n\t<meta name=\"twitter:data2\" content=\"1 perc\" \/>\n<script type=\"application\/ld+json\" class=\"yoast-schema-graph\">{\"@context\":\"https:\/\/schema.org\",\"@graph\":[{\"@type\":\"Article\",\"@id\":\"https:\/\/kajakkomarno.sk\/novinky\/laura-ori-na-majstrovstvach-sveta-v-maratone\/#article\",\"isPartOf\":{\"@id\":\"https:\/\/kajakkomarno.sk\/novinky\/laura-ori-na-majstrovstvach-sveta-v-maratone\/\"},\"author\":{\"name\":\"petrusivi18@gmail.com\",\"@id\":\"https:\/\/kajakkomarno.sk\/#\/schema\/person\/c5c91af715cbb9be5937ae2db77cab69\"},\"headline\":\"LAURA \u0150RI NA MAJSTROVSTV\u00c1CH SVETA V MARAT\u00d3NE\",\"datePublished\":\"2024-09-23T15:38:13+00:00\",\"dateModified\":\"2024-09-24T16:01:26+00:00\",\"mainEntityOfPage\":{\"@id\":\"https:\/\/kajakkomarno.sk\/novinky\/laura-ori-na-majstrovstvach-sveta-v-maratone\/\"},\"wordCount\":141,\"commentCount\":0,\"publisher\":{\"@id\":\"https:\/\/kajakkomarno.sk\/#organization\"},\"image\":{\"@id\":\"https:\/\/kajakkomarno.sk\/novinky\/laura-ori-na-majstrovstvach-sveta-v-maratone\/#primaryimage\"},\"thumbnailUrl\":\"https:\/\/kajakkomarno.sk\/wp-content\/uploads\/2024\/09\/MARATON-SVET-202403.jpg\",\"articleSection\":[\"Novinky\"],\"inLanguage\":\"hu\",\"potentialAction\":[{\"@type\":\"CommentAction\",\"name\":\"Comment\",\"target\":[\"https:\/\/kajakkomarno.sk\/novinky\/laura-ori-na-majstrovstvach-sveta-v-maratone\/#respond\"]}]},{\"@type\":\"WebPage\",\"@id\":\"https:\/\/kajakkomarno.sk\/novinky\/laura-ori-na-majstrovstvach-sveta-v-maratone\/\",\"url\":\"https:\/\/kajakkomarno.sk\/novinky\/laura-ori-na-majstrovstvach-sveta-v-maratone\/\",\"name\":\"LAURA \u0150RI NA MAJSTROVSTV\u00c1CH SVETA V MARAT\u00d3NE - Kajak &amp; kanoe klub Kom\u00e1rno\",\"isPartOf\":{\"@id\":\"https:\/\/kajakkomarno.sk\/#website\"},\"primaryImageOfPage\":{\"@id\":\"https:\/\/kajakkomarno.sk\/novinky\/laura-ori-na-majstrovstvach-sveta-v-maratone\/#primaryimage\"},\"image\":{\"@id\":\"https:\/\/kajakkomarno.sk\/novinky\/laura-ori-na-majstrovstvach-sveta-v-maratone\/#primaryimage\"},\"thumbnailUrl\":\"https:\/\/kajakkomarno.sk\/wp-content\/uploads\/2024\/09\/MARATON-SVET-202403.jpg\",\"datePublished\":\"2024-09-23T15:38:13+00:00\",\"dateModified\":\"2024-09-24T16:01:26+00:00\",\"breadcrumb\":{\"@id\":\"https:\/\/kajakkomarno.sk\/novinky\/laura-ori-na-majstrovstvach-sveta-v-maratone\/#breadcrumb\"},\"inLanguage\":\"hu\",\"potentialAction\":[{\"@type\":\"ReadAction\",\"target\":[\"https:\/\/kajakkomarno.sk\/novinky\/laura-ori-na-majstrovstvach-sveta-v-maratone\/\"]}]},{\"@type\":\"ImageObject\",\"inLanguage\":\"hu\",\"@id\":\"https:\/\/kajakkomarno.sk\/novinky\/laura-ori-na-majstrovstvach-sveta-v-maratone\/#primaryimage\",\"url\":\"https:\/\/kajakkomarno.sk\/wp-content\/uploads\/2024\/09\/MARATON-SVET-202403.jpg\",\"contentUrl\":\"https:\/\/kajakkomarno.sk\/wp-content\/uploads\/2024\/09\/MARATON-SVET-202403.jpg\",\"width\":2048,\"height\":1366},{\"@type\":\"BreadcrumbList\",\"@id\":\"https:\/\/kajakkomarno.sk\/novinky\/laura-ori-na-majstrovstvach-sveta-v-maratone\/#breadcrumb\",\"itemListElement\":[{\"@type\":\"ListItem\",\"position\":1,\"name\":\"Domov\",\"item\":\"https:\/\/kajakkomarno.sk\/hu\/fooldal\/\"},{\"@type\":\"ListItem\",\"position\":2,\"name\":\"Novinky\",\"item\":\"https:\/\/kajakkomarno.sk\/category\/novinky\/\"},{\"@type\":\"ListItem\",\"position\":3,\"name\":\"LAURA \u0150RI NA MAJSTROVSTV\u00c1CH SVETA V MARAT\u00d3NE\"}]},{\"@type\":\"WebSite\",\"@id\":\"https:\/\/kajakkomarno.sk\/#website\",\"url\":\"https:\/\/kajakkomarno.sk\/\",\"name\":\"Kajak &amp; kanoe klub Kom\u00e1rno\",\"description\":\"\",\"publisher\":{\"@id\":\"https:\/\/kajakkomarno.sk\/#organization\"},\"potentialAction\":[{\"@type\":\"SearchAction\",\"target\":{\"@type\":\"EntryPoint\",\"urlTemplate\":\"https:\/\/kajakkomarno.sk\/?s={search_term_string}\"},\"query-input\":{\"@type\":\"PropertyValueSpecification\",\"valueRequired\":true,\"valueName\":\"search_term_string\"}}],\"inLanguage\":\"hu\"},{\"@type\":\"Organization\",\"@id\":\"https:\/\/kajakkomarno.sk\/#organization\",\"name\":\"Kajak &amp; kanoe klub Kom\u00e1rno\",\"url\":\"https:\/\/kajakkomarno.sk\/\",\"logo\":{\"@type\":\"ImageObject\",\"inLanguage\":\"hu\",\"@id\":\"https:\/\/kajakkomarno.sk\/#\/schema\/logo\/image\/\",\"url\":\"https:\/\/kajakkomarno.sk\/wp-content\/uploads\/2022\/12\/kajak-kanoe-klub-komarno-optimized-opt.svg\",\"contentUrl\":\"https:\/\/kajakkomarno.sk\/wp-content\/uploads\/2022\/12\/kajak-kanoe-klub-komarno-optimized-opt.svg\",\"width\":307,\"height\":66,\"caption\":\"Kajak &amp; kanoe klub Kom\u00e1rno\"},\"image\":{\"@id\":\"https:\/\/kajakkomarno.sk\/#\/schema\/logo\/image\/\"}},{\"@type\":\"Person\",\"@id\":\"https:\/\/kajakkomarno.sk\/#\/schema\/person\/c5c91af715cbb9be5937ae2db77cab69\",\"name\":\"petrusivi18@gmail.com\",\"image\":{\"@type\":\"ImageObject\",\"inLanguage\":\"hu\",\"@id\":\"https:\/\/kajakkomarno.sk\/#\/schema\/person\/image\/\",\"url\":\"https:\/\/secure.gravatar.com\/avatar\/77dd3ca1ae9038935f09e411f1d53193ef634a1b97c471309f0fc163209e68d8?s=96&d=mm&r=g\",\"contentUrl\":\"https:\/\/secure.gravatar.com\/avatar\/77dd3ca1ae9038935f09e411f1d53193ef634a1b97c471309f0fc163209e68d8?s=96&d=mm&r=g\",\"caption\":\"petrusivi18@gmail.com\"},\"url\":\"https:\/\/kajakkomarno.sk\/hu\/author\/petrusivi18gmail-com\/\"}]}<\/script>\n<!-- \/ Yoast SEO plugin. -->","yoast_head_json":{"title":"LAURA \u0150RI NA MAJSTROVSTV\u00c1CH SVETA V MARAT\u00d3NE - Kajak &amp; kanoe klub Kom\u00e1rno","robots":{"index":"index","follow":"follow","max-snippet":"max-snippet:-1","max-image-preview":"max-image-preview:large","max-video-preview":"max-video-preview:-1"},"canonical":"https:\/\/kajakkomarno.sk\/novinky\/laura-ori-na-majstrovstvach-sveta-v-maratone\/","og_locale":"hu_HU","og_type":"article","og_title":"LAURA \u0150RI NA MAJSTROVSTV\u00c1CH SVETA V MARAT\u00d3NE - Kajak &amp; kanoe klub Kom\u00e1rno","og_description":"Dejiskom Majstrovstiev sveta v marat\u00f3ne v d\u0148och 19.092024 a\u017e 22.09.2024\u00a0bolo chorv\u00e1tske mesto Metkovic, le\u017eiaceho v bl\u00edzkosti hran\u00edc s Bosnou a Hercegovinou, s pr\u00edstavom na rieke Neretva. SLOVENSKO REPREZENTOVALA Laura \u0150RI ,19 ro\u010dn\u00e1 kanoistka Kajak &amp; kanoe klubu Kom\u00e1rno. Absolvovala dve discipl\u00edny: \u00a0Marat\u00f3n C1 \u017dENY,\u00a0 Kr\u00e1tka tra\u0165 3.4 km, v ktorej\u00a0 obsadila 15. miesto \u010dasom 00:20:33.30 [&hellip;]","og_url":"https:\/\/kajakkomarno.sk\/novinky\/laura-ori-na-majstrovstvach-sveta-v-maratone\/","og_site_name":"Kajak &amp; kanoe klub Kom\u00e1rno","article_published_time":"2024-09-23T15:38:13+00:00","article_modified_time":"2024-09-24T16:01:26+00:00","og_image":[{"width":2048,"height":1366,"url":"https:\/\/kajakkomarno.sk\/wp-content\/uploads\/2024\/09\/MARATON-SVET-202403.jpg","type":"image\/jpeg"}],"author":"petrusivi18@gmail.com","twitter_card":"summary_large_image","twitter_misc":{"Szerz\u0151:":"petrusivi18@gmail.com","Becs\u00fclt olvas\u00e1si id\u0151":"1 perc"},"schema":{"@context":"https:\/\/schema.org","@graph":[{"@type":"Article","@id":"https:\/\/kajakkomarno.sk\/novinky\/laura-ori-na-majstrovstvach-sveta-v-maratone\/#article","isPartOf":{"@id":"https:\/\/kajakkomarno.sk\/novinky\/laura-ori-na-majstrovstvach-sveta-v-maratone\/"},"author":{"name":"petrusivi18@gmail.com","@id":"https:\/\/kajakkomarno.sk\/#\/schema\/person\/c5c91af715cbb9be5937ae2db77cab69"},"headline":"LAURA \u0150RI NA MAJSTROVSTV\u00c1CH SVETA V MARAT\u00d3NE","datePublished":"2024-09-23T15:38:13+00:00","dateModified":"2024-09-24T16:01:26+00:00","mainEntityOfPage":{"@id":"https:\/\/kajakkomarno.sk\/novinky\/laura-ori-na-majstrovstvach-sveta-v-maratone\/"},"wordCount":141,"commentCount":0,"publisher":{"@id":"https:\/\/kajakkomarno.sk\/#organization"},"image":{"@id":"https:\/\/kajakkomarno.sk\/novinky\/laura-ori-na-majstrovstvach-sveta-v-maratone\/#primaryimage"},"thumbnailUrl":"https:\/\/kajakkomarno.sk\/wp-content\/uploads\/2024\/09\/MARATON-SVET-202403.jpg","articleSection":["Novinky"],"inLanguage":"hu","potentialAction":[{"@type":"CommentAction","name":"Comment","target":["https:\/\/kajakkomarno.sk\/novinky\/laura-ori-na-majstrovstvach-sveta-v-maratone\/#respond"]}]},{"@type":"WebPage","@id":"https:\/\/kajakkomarno.sk\/novinky\/laura-ori-na-majstrovstvach-sveta-v-maratone\/","url":"https:\/\/kajakkomarno.sk\/novinky\/laura-ori-na-majstrovstvach-sveta-v-maratone\/","name":"LAURA \u0150RI NA MAJSTROVSTV\u00c1CH SVETA V MARAT\u00d3NE - Kajak &amp; kanoe klub Kom\u00e1rno","isPartOf":{"@id":"https:\/\/kajakkomarno.sk\/#website"},"primaryImageOfPage":{"@id":"https:\/\/kajakkomarno.sk\/novinky\/laura-ori-na-majstrovstvach-sveta-v-maratone\/#primaryimage"},"image":{"@id":"https:\/\/kajakkomarno.sk\/novinky\/laura-ori-na-majstrovstvach-sveta-v-maratone\/#primaryimage"},"thumbnailUrl":"https:\/\/kajakkomarno.sk\/wp-content\/uploads\/2024\/09\/MARATON-SVET-202403.jpg","datePublished":"2024-09-23T15:38:13+00:00","dateModified":"2024-09-24T16:01:26+00:00","breadcrumb":{"@id":"https:\/\/kajakkomarno.sk\/novinky\/laura-ori-na-majstrovstvach-sveta-v-maratone\/#breadcrumb"},"inLanguage":"hu","potentialAction":[{"@type":"ReadAction","target":["https:\/\/kajakkomarno.sk\/novinky\/laura-ori-na-majstrovstvach-sveta-v-maratone\/"]}]},{"@type":"ImageObject","inLanguage":"hu","@id":"https:\/\/kajakkomarno.sk\/novinky\/laura-ori-na-majstrovstvach-sveta-v-maratone\/#primaryimage","url":"https:\/\/kajakkomarno.sk\/wp-content\/uploads\/2024\/09\/MARATON-SVET-202403.jpg","contentUrl":"https:\/\/kajakkomarno.sk\/wp-content\/uploads\/2024\/09\/MARATON-SVET-202403.jpg","width":2048,"height":1366},{"@type":"BreadcrumbList","@id":"https:\/\/kajakkomarno.sk\/novinky\/laura-ori-na-majstrovstvach-sveta-v-maratone\/#breadcrumb","itemListElement":[{"@type":"ListItem","position":1,"name":"Domov","item":"https:\/\/kajakkomarno.sk\/hu\/fooldal\/"},{"@type":"ListItem","position":2,"name":"Novinky","item":"https:\/\/kajakkomarno.sk\/category\/novinky\/"},{"@type":"ListItem","position":3,"name":"LAURA \u0150RI NA MAJSTROVSTV\u00c1CH SVETA V MARAT\u00d3NE"}]},{"@type":"WebSite","@id":"https:\/\/kajakkomarno.sk\/#website","url":"https:\/\/kajakkomarno.sk\/","name":"Kajak &amp; kanoe klub Kom\u00e1rno","description":"","publisher":{"@id":"https:\/\/kajakkomarno.sk\/#organization"},"potentialAction":[{"@type":"SearchAction","target":{"@type":"EntryPoint","urlTemplate":"https:\/\/kajakkomarno.sk\/?s={search_term_string}"},"query-input":{"@type":"PropertyValueSpecification","valueRequired":true,"valueName":"search_term_string"}}],"inLanguage":"hu"},{"@type":"Organization","@id":"https:\/\/kajakkomarno.sk\/#organization","name":"Kajak &amp; kanoe klub Kom\u00e1rno","url":"https:\/\/kajakkomarno.sk\/","logo":{"@type":"ImageObject","inLanguage":"hu","@id":"https:\/\/kajakkomarno.sk\/#\/schema\/logo\/image\/","url":"https:\/\/kajakkomarno.sk\/wp-content\/uploads\/2022\/12\/kajak-kanoe-klub-komarno-optimized-opt.svg","contentUrl":"https:\/\/kajakkomarno.sk\/wp-content\/uploads\/2022\/12\/kajak-kanoe-klub-komarno-optimized-opt.svg","width":307,"height":66,"caption":"Kajak &amp; kanoe klub Kom\u00e1rno"},"image":{"@id":"https:\/\/kajakkomarno.sk\/#\/schema\/logo\/image\/"}},{"@type":"Person","@id":"https:\/\/kajakkomarno.sk\/#\/schema\/person\/c5c91af715cbb9be5937ae2db77cab69","name":"petrusivi18@gmail.com","image":{"@type":"ImageObject","inLanguage":"hu","@id":"https:\/\/kajakkomarno.sk\/#\/schema\/person\/image\/","url":"https:\/\/secure.gravatar.com\/avatar\/77dd3ca1ae9038935f09e411f1d53193ef634a1b97c471309f0fc163209e68d8?s=96&d=mm&r=g","contentUrl":"https:\/\/secure.gravatar.com\/avatar\/77dd3ca1ae9038935f09e411f1d53193ef634a1b97c471309f0fc163209e68d8?s=96&d=mm&r=g","caption":"petrusivi18@gmail.com"},"url":"https:\/\/kajakkomarno.sk\/hu\/author\/petrusivi18gmail-com\/"}]}},"_links":{"self":[{"href":"https:\/\/kajakkomarno.sk\/hu\/wp-json\/wp\/v2\/posts\/5161","targetHints":{"allow":["GET"]}}],"collection":[{"href":"https:\/\/kajakkomarno.sk\/hu\/wp-json\/wp\/v2\/posts"}],"about":[{"href":"https:\/\/kajakkomarno.sk\/hu\/wp-json\/wp\/v2\/types\/post"}],"author":[{"embeddable":true,"href":"https:\/\/kajakkomarno.sk\/hu\/wp-json\/wp\/v2\/users\/3"}],"replies":[{"embeddable":true,"href":"https:\/\/kajakkomarno.sk\/hu\/wp-json\/wp\/v2\/comments?post=5161"}],"version-history":[{"count":0,"href":"https:\/\/kajakkomarno.sk\/hu\/wp-json\/wp\/v2\/posts\/5161\/revisions"}],"wp:featuredmedia":[{"embeddable":true,"href":"https:\/\/kajakkomarno.sk\/hu\/wp-json\/wp\/v2\/media\/5164"}],"wp:attachment":[{"href":"https:\/\/kajakkomarno.sk\/hu\/wp-json\/wp\/v2\/media?parent=5161"}],"wp:term":[{"taxonomy":"category","embeddable":true,"href":"https:\/\/kajakkomarno.sk\/hu\/wp-json\/wp\/v2\/categories?post=5161"},{"taxonomy":"post_tag","embeddable":true,"href":"https:\/\/kajakkomarno.sk\/hu\/wp-json\/wp\/v2\/tags?post=5161"}],"curies":[{"name":"wp","href":"https:\/\/api.w.org\/{rel}","templated":true}]}}