{"id":5062,"date":"2024-08-29T20:07:58","date_gmt":"2024-08-29T18:07:58","guid":{"rendered":"https:\/\/kajakkomarno.sk\/?p=5062"},"modified":"2024-09-04T20:22:59","modified_gmt":"2024-09-04T18:22:59","slug":"mladeznici-v-ostrozskej-novej-vsi-uspesni","status":"publish","type":"post","link":"https:\/\/kajakkomarno.sk\/hu\/novinky\/mladeznici-v-ostrozskej-novej-vsi-uspesni\/","title":{"rendered":"Ml\u00e1de\u017en\u00edci v Ostro\u017eskej Novej Vsi \u00faspe\u0161n\u00ed"},"content":{"rendered":"<p><span lang=\"sk-SK\">V d\u0148och 24.08. -25.08.2024 sa \u010d<\/span><span lang=\"sk-SK\">lenovia S<\/span><span lang=\"sk-SK\">lovensk\u00e9ho ml\u00e1de\u017en\u00edckeho t\u00edmu z\u00fa\u010dastnili v Ostro\u017eskej Novej Vsi ob\u013e\u00faben\u00e9ho podujatia v r\u00fdchlostnej kanoistike<strong> XXXII. Medzin\u00e1rodn\u00fdch majstrovstv\u00e1ch Moravy \u201eSLOV\u00c1CK\u00c1 500\u201c<\/strong> . <\/span><\/p>\n<p><span lang=\"sk-SK\">Preteky sa uskuto\u010dnili na jazere \u010ctverec za \u00fa\u010dasti 726 pretek\u00e1rov z \u010ciech, Nemecka, Loty\u0161ska, Talianska a Rak\u00faska. \u010clenmi Slovensk\u00e9ho ml\u00e1de\u017en\u00edckeho t\u00edmu boli chlapci a diev\u010dat\u00e1 n\u00e1\u0161ho klubu : Em\u00edlia HAVRAN, Abigel \u017dILIK, Gr\u00e9ta NAGY, Gr\u00e9ta DOS\u00daDILOV\u00c1, Sz\u00f3fia NAGY, Tom\u00e1\u0161 \u0150RI, Alex \u00d3DOR a tr\u00e9ner Ladislav \u00d3DOR. <\/span><\/p>\n<figure id=\"attachment_5063\" aria-describedby=\"caption-attachment-5063\" style=\"width: 800px\" class=\"wp-caption aligncenter\"><img fetchpriority=\"high\" decoding=\"async\" class=\"wp-image-5063 size-large\" src=\"https:\/\/kajakkomarno.sk\/wp-content\/uploads\/2024\/09\/ONV2401-1024x733.jpg\" alt=\"\" width=\"800\" height=\"573\" srcset=\"https:\/\/kajakkomarno.sk\/wp-content\/uploads\/2024\/09\/ONV2401-1024x733.jpg 1024w, https:\/\/kajakkomarno.sk\/wp-content\/uploads\/2024\/09\/ONV2401-450x322.jpg 450w, https:\/\/kajakkomarno.sk\/wp-content\/uploads\/2024\/09\/ONV2401-768x550.jpg 768w, https:\/\/kajakkomarno.sk\/wp-content\/uploads\/2024\/09\/ONV2401-1536x1100.jpg 1536w, https:\/\/kajakkomarno.sk\/wp-content\/uploads\/2024\/09\/ONV2401.jpg 1947w\" sizes=\"(max-width: 800px) 100vw, 800px\" \/><figcaption id=\"caption-attachment-5063\" class=\"wp-caption-text\">Mlad\u00ed reprezentnati Slovenska a Kajak&amp;kanoe klubu Kom\u00e1rno s tr\u00e9nerom Ladislavom \u00d3dorom<\/figcaption><\/figure>\n<h4><span lang=\"sk-SK\">Na\u0161i pretek\u00e1ri podali v\u00fdborn\u00e9 v\u00fdkony a vo fin\u00e1le z\u00edskali celkom 21 medail\u00ed: 13x 1.miesto, 6x 2.miesto a 2x 3.miesto.<\/span><\/h4>\n<figure id=\"attachment_5065\" aria-describedby=\"caption-attachment-5065\" style=\"width: 960px\" class=\"wp-caption aligncenter\"><img decoding=\"async\" class=\"wp-image-5065 size-full\" src=\"https:\/\/kajakkomarno.sk\/wp-content\/uploads\/2024\/09\/ONV2406.jpg\" alt=\"\" width=\"960\" height=\"1280\" srcset=\"https:\/\/kajakkomarno.sk\/wp-content\/uploads\/2024\/09\/ONV2406.jpg 960w, https:\/\/kajakkomarno.sk\/wp-content\/uploads\/2024\/09\/ONV2406-338x450.jpg 338w, https:\/\/kajakkomarno.sk\/wp-content\/uploads\/2024\/09\/ONV2406-768x1024.jpg 768w\" sizes=\"(max-width: 960px) 100vw, 960px\" \/><figcaption id=\"caption-attachment-5065\" class=\"wp-caption-text\">Gr\u00e9ta Nagy, 12 ro\u010dn\u00e1 kajak\u00e1rka, sa te\u0161ila zo 6 v\u00ed\u0165azstiev<\/figcaption><\/figure>\n<figure id=\"attachment_5067\" aria-describedby=\"caption-attachment-5067\" style=\"width: 960px\" class=\"wp-caption aligncenter\"><img decoding=\"async\" class=\"wp-image-5067 size-full\" src=\"https:\/\/kajakkomarno.sk\/wp-content\/uploads\/2024\/09\/ONV2418.jpg\" alt=\"\" width=\"960\" height=\"1280\" srcset=\"https:\/\/kajakkomarno.sk\/wp-content\/uploads\/2024\/09\/ONV2418.jpg 960w, https:\/\/kajakkomarno.sk\/wp-content\/uploads\/2024\/09\/ONV2418-338x450.jpg 338w, https:\/\/kajakkomarno.sk\/wp-content\/uploads\/2024\/09\/ONV2418-768x1024.jpg 768w\" sizes=\"(max-width: 960px) 100vw, 960px\" \/><figcaption id=\"caption-attachment-5067\" class=\"wp-caption-text\">14 ro\u010dn\u00fd kajak\u00e1r Alex \u00d3DOR zav\u0155\u0161il svoje \u00faspe\u0161n\u00e9 vyst\u00fapenie v Slovenskom ml\u00e1de\u017en\u00edckom t\u00edme skvel\u00fdmi v\u00fdkonmi<\/figcaption><\/figure>\n<h3><strong>S\u00daHRN FIN\u00c1LOV\u00ddCH V\u00ddSLEDKOV PRETEK\u00c1ROV KAJAK &amp; KANOE KLUBU KOM\u00c1RNO<\/strong><\/h3>\n<p><strong><span lang=\"sk-SK\">500 m<\/span><\/strong><\/p>\n<p><span lang=\"sk-SK\">K1 DIEV\u010cAT\u00c1 12 RO\u010cN\u00c9- 1. Gr\u00e9ta NAGY<\/span><\/p>\n<p><span lang=\"sk-SK\">K1 DIEV\u010cAT\u00c1 11 RO\u010cN\u00c9- 2. Abigel \u017dILIK<\/span><\/p>\n<p><span lang=\"sk-SK\">K1 DIEV\u010cAT\u00c1 11 RO\u010cN\u00c9- 2. Em\u00edlia HAVRAN<\/span><\/p>\n<p><span lang=\"sk-SK\">K2 DIEV\u010cAT\u00c1 13 A 14 RO\u010cN\u00c9- 8. Gr\u00e9ta DOS\u00daDILOV\u00c1- Sz\u00f3fia NAGY<\/span><\/p>\n<p><span lang=\"sk-SK\">K1 CHLAPCI 14 RO\u010cN\u00cd- 1. Alex \u00d3DOR<\/span><\/p>\n<p><span lang=\"sk-SK\">K1 CHLAPCI 13 RO\u010cN\u00cd- 1.Tom\u00e1\u0161 \u0150RI<\/span><\/p>\n<p><span lang=\"sk-SK\">K2 CHLAPCI 13 A 14 RO\u010cN\u00cd- 1. Alex \u00d3DOR- Viktor KESZELI, 4<\/span><span lang=\"sk-SK\">. Tom\u00e1\u0161 \u0150RI- M\u00e1rk SZEK\u00c9R<\/span><\/p>\n<p><span lang=\"sk-SK\">K1 DIEV\u010cAT\u00c1 13 RO\u010cN\u00c9- 1. Sz\u00f3fia NAGY, 3. Gr\u00e9ta DOS\u00daDILOV\u00c1 <\/span><\/p>\n<p><span lang=\"sk-SK\">K4 DIEV\u010cAT\u00c1 12 RO\u010cN\u00c9- 1. Gr\u00e9ta NAGY- Izabela BA\u010cA- Ema Ondrej\u00ed\u010dkov\u00e1- T\u00edmea Stan\u010dekov\u00e1<\/span><\/p>\n<p><strong><span lang=\"sk-SK\">2000 m<\/span><\/strong><\/p>\n<p><span lang=\"sk-SK\">K1 DIEV\u010cAT\u00c1 11 RO\u010cN\u00c9- 4. Em\u00edlia HAVRAN, 5. Abigel \u017dILIK<\/span><\/p>\n<p><span lang=\"sk-SK\">K1 DIEV\u010cAT\u00c1 12 RO\u010cN\u00c9- 1. Gr\u00e9ta NAGY<\/span><\/p>\n<p><strong><span lang=\"sk-SK\">200<\/span><span lang=\"sk-SK\"> m<\/span><\/strong><\/p>\n<p><span lang=\"sk-SK\">K1 DIEV\u010cAT\u00c1 12 RO\u010cN\u00c9- 1. Gr\u00e9ta NAGY<\/span><\/p>\n<p><span lang=\"sk-SK\">K1 DIEV\u010cAT\u00c1 11 RO\u010cN\u00c9- 2. Abigel \u017dILIK<\/span><\/p>\n<p><span lang=\"sk-SK\">K1 DIEV\u010cAT\u00c1 11 RO\u010cN\u00c9- 2. Em\u00edlia HAVRAN<\/span><\/p>\n<p><span lang=\"sk-SK\">K2 DIEV\u010cAT\u00c1 13 A 14 RO\u010cN\u00c9- 2. Gr\u00e9ta DOS\u00daDILOV\u00c1- Sz\u00f3fia NAGY<\/span><\/p>\n<p><span lang=\"sk-SK\">K1 CHLAPCI 14 RO\u010cN\u00cd- 4. Alex \u00d3DOR<\/span><\/p>\n<p><span lang=\"sk-SK\">K1 CHLAPCI 13 RO\u010cN\u00cd- 1.Tom\u00e1\u0161 \u0150RI<\/span><\/p>\n<p><span lang=\"sk-SK\">K2 DIEV\u010cAT\u00c1 12 RO\u010cN\u00c9- 1. Gr\u00e9ta NAGY- Abigel \u017dILIK<\/span><\/p>\n<p><span lang=\"sk-SK\">K2 CHLAPCI 13 A 14 RO\u010cN\u00cd FIN\u00c1LE A- 1. Alex \u00d3DOR- Viktor KESZELI, 3<\/span><span lang=\"sk-SK\">. Tom\u00e1\u0161 \u0150RI- M\u00e1rk SZEK\u00c9R<\/span><\/p>\n<p><span lang=\"sk-SK\">K1 DIEV\u010cAT\u00c1 13 RO\u010cN\u00c9- 1.Gr\u00e9ta DOS\u00daDILOV\u00c1, 2. Sz\u00f3fia NAGY <\/span><\/p>\n<p><span lang=\"sk-SK\">K4 DIEV\u010cAT\u00c1 12 RO\u010cN\u00c9- 1. Gr\u00e9ta NAGY- Abigel \u017dILIK- Ema Ondrej\u00ed\u010dkov\u00e1- T\u00edmea Stan\u010dekov\u00e1<\/span><\/p>\n<h4><span lang=\"sk-SK\">BLAHO\u017dEL\u00c1ME\u00a0 a \u010fakujeme za \u00faspe\u0161n\u00fa reprezent\u00e1ciu Slovenska a n\u00e1\u0161ho klubu.<\/span><\/h4>\n","protected":false},"excerpt":{"rendered":"<p>V d\u0148och 24.08. -25.08.2024 sa \u010dlenovia Slovensk\u00e9ho ml\u00e1de\u017en\u00edckeho t\u00edmu z\u00fa\u010dastnili v Ostro\u017eskej Novej Vsi ob\u013e\u00faben\u00e9ho podujatia v r\u00fdchlostnej kanoistike XXXII. Medzin\u00e1rodn\u00fdch majstrovstv\u00e1ch Moravy \u201eSLOV\u00c1CK\u00c1 500\u201c . Preteky sa uskuto\u010dnili na jazere \u010ctverec za \u00fa\u010dasti 726 pretek\u00e1rov z \u010ciech, Nemecka, Loty\u0161ska, Talianska a Rak\u00faska. \u010clenmi Slovensk\u00e9ho ml\u00e1de\u017en\u00edckeho t\u00edmu boli chlapci a diev\u010dat\u00e1 n\u00e1\u0161ho klubu : Em\u00edlia [&hellip;]<\/p>\n","protected":false},"author":3,"featured_media":5063,"comment_status":"open","ping_status":"open","sticky":false,"template":"","format":"standard","meta":{"inline_featured_image":false,"footnotes":""},"categories":[1],"tags":[],"class_list":["post-5062","post","type-post","status-publish","format-standard","has-post-thumbnail","hentry","category-novinky"],"acf":[],"yoast_head":"<!-- This site is optimized with the Yoast SEO plugin v26.6 - https:\/\/yoast.com\/wordpress\/plugins\/seo\/ -->\n<title>Ml\u00e1de\u017en\u00edci v Ostro\u017eskej Novej Vsi \u00faspe\u0161n\u00ed - Kajak &amp; kanoe klub Kom\u00e1rno<\/title>\n<meta name=\"robots\" content=\"index, follow, max-snippet:-1, max-image-preview:large, max-video-preview:-1\" \/>\n<link rel=\"canonical\" href=\"https:\/\/kajakkomarno.sk\/novinky\/mladeznici-v-ostrozskej-novej-vsi-uspesni\/\" \/>\n<meta property=\"og:locale\" content=\"hu_HU\" \/>\n<meta property=\"og:type\" content=\"article\" \/>\n<meta property=\"og:title\" content=\"Ml\u00e1de\u017en\u00edci v Ostro\u017eskej Novej Vsi \u00faspe\u0161n\u00ed - Kajak &amp; kanoe klub Kom\u00e1rno\" \/>\n<meta property=\"og:description\" content=\"V d\u0148och 24.08. -25.08.2024 sa \u010dlenovia Slovensk\u00e9ho ml\u00e1de\u017en\u00edckeho t\u00edmu z\u00fa\u010dastnili v Ostro\u017eskej Novej Vsi ob\u013e\u00faben\u00e9ho podujatia v r\u00fdchlostnej kanoistike XXXII. Medzin\u00e1rodn\u00fdch majstrovstv\u00e1ch Moravy \u201eSLOV\u00c1CK\u00c1 500\u201c . Preteky sa uskuto\u010dnili na jazere \u010ctverec za \u00fa\u010dasti 726 pretek\u00e1rov z \u010ciech, Nemecka, Loty\u0161ska, Talianska a Rak\u00faska. \u010clenmi Slovensk\u00e9ho ml\u00e1de\u017en\u00edckeho t\u00edmu boli chlapci a diev\u010dat\u00e1 n\u00e1\u0161ho klubu : Em\u00edlia [&hellip;]\" \/>\n<meta property=\"og:url\" content=\"https:\/\/kajakkomarno.sk\/novinky\/mladeznici-v-ostrozskej-novej-vsi-uspesni\/\" \/>\n<meta property=\"og:site_name\" content=\"Kajak &amp; kanoe klub Kom\u00e1rno\" \/>\n<meta property=\"article:published_time\" content=\"2024-08-29T18:07:58+00:00\" \/>\n<meta property=\"article:modified_time\" content=\"2024-09-04T18:22:59+00:00\" \/>\n<meta property=\"og:image\" content=\"https:\/\/kajakkomarno.sk\/wp-content\/uploads\/2024\/09\/ONV2401.jpg\" \/>\n\t<meta property=\"og:image:width\" content=\"1947\" \/>\n\t<meta property=\"og:image:height\" content=\"1394\" \/>\n\t<meta property=\"og:image:type\" content=\"image\/jpeg\" \/>\n<meta name=\"author\" content=\"petrusivi18@gmail.com\" \/>\n<meta name=\"twitter:card\" content=\"summary_large_image\" \/>\n<meta name=\"twitter:label1\" content=\"Szerz\u0151:\" \/>\n\t<meta name=\"twitter:data1\" content=\"petrusivi18@gmail.com\" \/>\n\t<meta name=\"twitter:label2\" content=\"Becs\u00fclt olvas\u00e1si id\u0151\" \/>\n\t<meta name=\"twitter:data2\" content=\"3 perc\" \/>\n<script type=\"application\/ld+json\" class=\"yoast-schema-graph\">{\"@context\":\"https:\/\/schema.org\",\"@graph\":[{\"@type\":\"Article\",\"@id\":\"https:\/\/kajakkomarno.sk\/novinky\/mladeznici-v-ostrozskej-novej-vsi-uspesni\/#article\",\"isPartOf\":{\"@id\":\"https:\/\/kajakkomarno.sk\/novinky\/mladeznici-v-ostrozskej-novej-vsi-uspesni\/\"},\"author\":{\"name\":\"petrusivi18@gmail.com\",\"@id\":\"https:\/\/kajakkomarno.sk\/#\/schema\/person\/c5c91af715cbb9be5937ae2db77cab69\"},\"headline\":\"Ml\u00e1de\u017en\u00edci v Ostro\u017eskej Novej Vsi \u00faspe\u0161n\u00ed\",\"datePublished\":\"2024-08-29T18:07:58+00:00\",\"dateModified\":\"2024-09-04T18:22:59+00:00\",\"mainEntityOfPage\":{\"@id\":\"https:\/\/kajakkomarno.sk\/novinky\/mladeznici-v-ostrozskej-novej-vsi-uspesni\/\"},\"wordCount\":482,\"commentCount\":0,\"publisher\":{\"@id\":\"https:\/\/kajakkomarno.sk\/#organization\"},\"image\":{\"@id\":\"https:\/\/kajakkomarno.sk\/novinky\/mladeznici-v-ostrozskej-novej-vsi-uspesni\/#primaryimage\"},\"thumbnailUrl\":\"https:\/\/kajakkomarno.sk\/wp-content\/uploads\/2024\/09\/ONV2401.jpg\",\"articleSection\":[\"Novinky\"],\"inLanguage\":\"hu\",\"potentialAction\":[{\"@type\":\"CommentAction\",\"name\":\"Comment\",\"target\":[\"https:\/\/kajakkomarno.sk\/novinky\/mladeznici-v-ostrozskej-novej-vsi-uspesni\/#respond\"]}]},{\"@type\":\"WebPage\",\"@id\":\"https:\/\/kajakkomarno.sk\/novinky\/mladeznici-v-ostrozskej-novej-vsi-uspesni\/\",\"url\":\"https:\/\/kajakkomarno.sk\/novinky\/mladeznici-v-ostrozskej-novej-vsi-uspesni\/\",\"name\":\"Ml\u00e1de\u017en\u00edci v Ostro\u017eskej Novej Vsi \u00faspe\u0161n\u00ed - Kajak &amp; kanoe klub Kom\u00e1rno\",\"isPartOf\":{\"@id\":\"https:\/\/kajakkomarno.sk\/#website\"},\"primaryImageOfPage\":{\"@id\":\"https:\/\/kajakkomarno.sk\/novinky\/mladeznici-v-ostrozskej-novej-vsi-uspesni\/#primaryimage\"},\"image\":{\"@id\":\"https:\/\/kajakkomarno.sk\/novinky\/mladeznici-v-ostrozskej-novej-vsi-uspesni\/#primaryimage\"},\"thumbnailUrl\":\"https:\/\/kajakkomarno.sk\/wp-content\/uploads\/2024\/09\/ONV2401.jpg\",\"datePublished\":\"2024-08-29T18:07:58+00:00\",\"dateModified\":\"2024-09-04T18:22:59+00:00\",\"breadcrumb\":{\"@id\":\"https:\/\/kajakkomarno.sk\/novinky\/mladeznici-v-ostrozskej-novej-vsi-uspesni\/#breadcrumb\"},\"inLanguage\":\"hu\",\"potentialAction\":[{\"@type\":\"ReadAction\",\"target\":[\"https:\/\/kajakkomarno.sk\/novinky\/mladeznici-v-ostrozskej-novej-vsi-uspesni\/\"]}]},{\"@type\":\"ImageObject\",\"inLanguage\":\"hu\",\"@id\":\"https:\/\/kajakkomarno.sk\/novinky\/mladeznici-v-ostrozskej-novej-vsi-uspesni\/#primaryimage\",\"url\":\"https:\/\/kajakkomarno.sk\/wp-content\/uploads\/2024\/09\/ONV2401.jpg\",\"contentUrl\":\"https:\/\/kajakkomarno.sk\/wp-content\/uploads\/2024\/09\/ONV2401.jpg\",\"width\":1947,\"height\":1394,\"caption\":\"Mlad\u00ed reprezentnati Slovenska a Kajak&kanoe klubu Kom\u00e1rno s tr\u00e9nerom Ladislavom \u00d3dorom\"},{\"@type\":\"BreadcrumbList\",\"@id\":\"https:\/\/kajakkomarno.sk\/novinky\/mladeznici-v-ostrozskej-novej-vsi-uspesni\/#breadcrumb\",\"itemListElement\":[{\"@type\":\"ListItem\",\"position\":1,\"name\":\"Domov\",\"item\":\"https:\/\/kajakkomarno.sk\/hu\/fooldal\/\"},{\"@type\":\"ListItem\",\"position\":2,\"name\":\"Novinky\",\"item\":\"https:\/\/kajakkomarno.sk\/category\/novinky\/\"},{\"@type\":\"ListItem\",\"position\":3,\"name\":\"Ml\u00e1de\u017en\u00edci v Ostro\u017eskej Novej Vsi \u00faspe\u0161n\u00ed\"}]},{\"@type\":\"WebSite\",\"@id\":\"https:\/\/kajakkomarno.sk\/#website\",\"url\":\"https:\/\/kajakkomarno.sk\/\",\"name\":\"Kajak &amp; kanoe klub Kom\u00e1rno\",\"description\":\"\",\"publisher\":{\"@id\":\"https:\/\/kajakkomarno.sk\/#organization\"},\"potentialAction\":[{\"@type\":\"SearchAction\",\"target\":{\"@type\":\"EntryPoint\",\"urlTemplate\":\"https:\/\/kajakkomarno.sk\/?s={search_term_string}\"},\"query-input\":{\"@type\":\"PropertyValueSpecification\",\"valueRequired\":true,\"valueName\":\"search_term_string\"}}],\"inLanguage\":\"hu\"},{\"@type\":\"Organization\",\"@id\":\"https:\/\/kajakkomarno.sk\/#organization\",\"name\":\"Kajak &amp; kanoe klub Kom\u00e1rno\",\"url\":\"https:\/\/kajakkomarno.sk\/\",\"logo\":{\"@type\":\"ImageObject\",\"inLanguage\":\"hu\",\"@id\":\"https:\/\/kajakkomarno.sk\/#\/schema\/logo\/image\/\",\"url\":\"https:\/\/kajakkomarno.sk\/wp-content\/uploads\/2022\/12\/kajak-kanoe-klub-komarno-optimized-opt.svg\",\"contentUrl\":\"https:\/\/kajakkomarno.sk\/wp-content\/uploads\/2022\/12\/kajak-kanoe-klub-komarno-optimized-opt.svg\",\"width\":307,\"height\":66,\"caption\":\"Kajak &amp; kanoe klub Kom\u00e1rno\"},\"image\":{\"@id\":\"https:\/\/kajakkomarno.sk\/#\/schema\/logo\/image\/\"}},{\"@type\":\"Person\",\"@id\":\"https:\/\/kajakkomarno.sk\/#\/schema\/person\/c5c91af715cbb9be5937ae2db77cab69\",\"name\":\"petrusivi18@gmail.com\",\"image\":{\"@type\":\"ImageObject\",\"inLanguage\":\"hu\",\"@id\":\"https:\/\/kajakkomarno.sk\/#\/schema\/person\/image\/\",\"url\":\"https:\/\/secure.gravatar.com\/avatar\/77dd3ca1ae9038935f09e411f1d53193ef634a1b97c471309f0fc163209e68d8?s=96&d=mm&r=g\",\"contentUrl\":\"https:\/\/secure.gravatar.com\/avatar\/77dd3ca1ae9038935f09e411f1d53193ef634a1b97c471309f0fc163209e68d8?s=96&d=mm&r=g\",\"caption\":\"petrusivi18@gmail.com\"},\"url\":\"https:\/\/kajakkomarno.sk\/hu\/author\/petrusivi18gmail-com\/\"}]}<\/script>\n<!-- \/ Yoast SEO plugin. -->","yoast_head_json":{"title":"Ml\u00e1de\u017en\u00edci v Ostro\u017eskej Novej Vsi \u00faspe\u0161n\u00ed - Kajak &amp; kanoe klub Kom\u00e1rno","robots":{"index":"index","follow":"follow","max-snippet":"max-snippet:-1","max-image-preview":"max-image-preview:large","max-video-preview":"max-video-preview:-1"},"canonical":"https:\/\/kajakkomarno.sk\/novinky\/mladeznici-v-ostrozskej-novej-vsi-uspesni\/","og_locale":"hu_HU","og_type":"article","og_title":"Ml\u00e1de\u017en\u00edci v Ostro\u017eskej Novej Vsi \u00faspe\u0161n\u00ed - Kajak &amp; kanoe klub Kom\u00e1rno","og_description":"V d\u0148och 24.08. -25.08.2024 sa \u010dlenovia Slovensk\u00e9ho ml\u00e1de\u017en\u00edckeho t\u00edmu z\u00fa\u010dastnili v Ostro\u017eskej Novej Vsi ob\u013e\u00faben\u00e9ho podujatia v r\u00fdchlostnej kanoistike XXXII. Medzin\u00e1rodn\u00fdch majstrovstv\u00e1ch Moravy \u201eSLOV\u00c1CK\u00c1 500\u201c . Preteky sa uskuto\u010dnili na jazere \u010ctverec za \u00fa\u010dasti 726 pretek\u00e1rov z \u010ciech, Nemecka, Loty\u0161ska, Talianska a Rak\u00faska. \u010clenmi Slovensk\u00e9ho ml\u00e1de\u017en\u00edckeho t\u00edmu boli chlapci a diev\u010dat\u00e1 n\u00e1\u0161ho klubu : Em\u00edlia [&hellip;]","og_url":"https:\/\/kajakkomarno.sk\/novinky\/mladeznici-v-ostrozskej-novej-vsi-uspesni\/","og_site_name":"Kajak &amp; kanoe klub Kom\u00e1rno","article_published_time":"2024-08-29T18:07:58+00:00","article_modified_time":"2024-09-04T18:22:59+00:00","og_image":[{"width":1947,"height":1394,"url":"https:\/\/kajakkomarno.sk\/wp-content\/uploads\/2024\/09\/ONV2401.jpg","type":"image\/jpeg"}],"author":"petrusivi18@gmail.com","twitter_card":"summary_large_image","twitter_misc":{"Szerz\u0151:":"petrusivi18@gmail.com","Becs\u00fclt olvas\u00e1si id\u0151":"3 perc"},"schema":{"@context":"https:\/\/schema.org","@graph":[{"@type":"Article","@id":"https:\/\/kajakkomarno.sk\/novinky\/mladeznici-v-ostrozskej-novej-vsi-uspesni\/#article","isPartOf":{"@id":"https:\/\/kajakkomarno.sk\/novinky\/mladeznici-v-ostrozskej-novej-vsi-uspesni\/"},"author":{"name":"petrusivi18@gmail.com","@id":"https:\/\/kajakkomarno.sk\/#\/schema\/person\/c5c91af715cbb9be5937ae2db77cab69"},"headline":"Ml\u00e1de\u017en\u00edci v Ostro\u017eskej Novej Vsi \u00faspe\u0161n\u00ed","datePublished":"2024-08-29T18:07:58+00:00","dateModified":"2024-09-04T18:22:59+00:00","mainEntityOfPage":{"@id":"https:\/\/kajakkomarno.sk\/novinky\/mladeznici-v-ostrozskej-novej-vsi-uspesni\/"},"wordCount":482,"commentCount":0,"publisher":{"@id":"https:\/\/kajakkomarno.sk\/#organization"},"image":{"@id":"https:\/\/kajakkomarno.sk\/novinky\/mladeznici-v-ostrozskej-novej-vsi-uspesni\/#primaryimage"},"thumbnailUrl":"https:\/\/kajakkomarno.sk\/wp-content\/uploads\/2024\/09\/ONV2401.jpg","articleSection":["Novinky"],"inLanguage":"hu","potentialAction":[{"@type":"CommentAction","name":"Comment","target":["https:\/\/kajakkomarno.sk\/novinky\/mladeznici-v-ostrozskej-novej-vsi-uspesni\/#respond"]}]},{"@type":"WebPage","@id":"https:\/\/kajakkomarno.sk\/novinky\/mladeznici-v-ostrozskej-novej-vsi-uspesni\/","url":"https:\/\/kajakkomarno.sk\/novinky\/mladeznici-v-ostrozskej-novej-vsi-uspesni\/","name":"Ml\u00e1de\u017en\u00edci v Ostro\u017eskej Novej Vsi \u00faspe\u0161n\u00ed - Kajak &amp; kanoe klub Kom\u00e1rno","isPartOf":{"@id":"https:\/\/kajakkomarno.sk\/#website"},"primaryImageOfPage":{"@id":"https:\/\/kajakkomarno.sk\/novinky\/mladeznici-v-ostrozskej-novej-vsi-uspesni\/#primaryimage"},"image":{"@id":"https:\/\/kajakkomarno.sk\/novinky\/mladeznici-v-ostrozskej-novej-vsi-uspesni\/#primaryimage"},"thumbnailUrl":"https:\/\/kajakkomarno.sk\/wp-content\/uploads\/2024\/09\/ONV2401.jpg","datePublished":"2024-08-29T18:07:58+00:00","dateModified":"2024-09-04T18:22:59+00:00","breadcrumb":{"@id":"https:\/\/kajakkomarno.sk\/novinky\/mladeznici-v-ostrozskej-novej-vsi-uspesni\/#breadcrumb"},"inLanguage":"hu","potentialAction":[{"@type":"ReadAction","target":["https:\/\/kajakkomarno.sk\/novinky\/mladeznici-v-ostrozskej-novej-vsi-uspesni\/"]}]},{"@type":"ImageObject","inLanguage":"hu","@id":"https:\/\/kajakkomarno.sk\/novinky\/mladeznici-v-ostrozskej-novej-vsi-uspesni\/#primaryimage","url":"https:\/\/kajakkomarno.sk\/wp-content\/uploads\/2024\/09\/ONV2401.jpg","contentUrl":"https:\/\/kajakkomarno.sk\/wp-content\/uploads\/2024\/09\/ONV2401.jpg","width":1947,"height":1394,"caption":"Mlad\u00ed reprezentnati Slovenska a Kajak&kanoe klubu Kom\u00e1rno s tr\u00e9nerom Ladislavom \u00d3dorom"},{"@type":"BreadcrumbList","@id":"https:\/\/kajakkomarno.sk\/novinky\/mladeznici-v-ostrozskej-novej-vsi-uspesni\/#breadcrumb","itemListElement":[{"@type":"ListItem","position":1,"name":"Domov","item":"https:\/\/kajakkomarno.sk\/hu\/fooldal\/"},{"@type":"ListItem","position":2,"name":"Novinky","item":"https:\/\/kajakkomarno.sk\/category\/novinky\/"},{"@type":"ListItem","position":3,"name":"Ml\u00e1de\u017en\u00edci v Ostro\u017eskej Novej Vsi \u00faspe\u0161n\u00ed"}]},{"@type":"WebSite","@id":"https:\/\/kajakkomarno.sk\/#website","url":"https:\/\/kajakkomarno.sk\/","name":"Kajak &amp; kanoe klub Kom\u00e1rno","description":"","publisher":{"@id":"https:\/\/kajakkomarno.sk\/#organization"},"potentialAction":[{"@type":"SearchAction","target":{"@type":"EntryPoint","urlTemplate":"https:\/\/kajakkomarno.sk\/?s={search_term_string}"},"query-input":{"@type":"PropertyValueSpecification","valueRequired":true,"valueName":"search_term_string"}}],"inLanguage":"hu"},{"@type":"Organization","@id":"https:\/\/kajakkomarno.sk\/#organization","name":"Kajak &amp; kanoe klub Kom\u00e1rno","url":"https:\/\/kajakkomarno.sk\/","logo":{"@type":"ImageObject","inLanguage":"hu","@id":"https:\/\/kajakkomarno.sk\/#\/schema\/logo\/image\/","url":"https:\/\/kajakkomarno.sk\/wp-content\/uploads\/2022\/12\/kajak-kanoe-klub-komarno-optimized-opt.svg","contentUrl":"https:\/\/kajakkomarno.sk\/wp-content\/uploads\/2022\/12\/kajak-kanoe-klub-komarno-optimized-opt.svg","width":307,"height":66,"caption":"Kajak &amp; kanoe klub Kom\u00e1rno"},"image":{"@id":"https:\/\/kajakkomarno.sk\/#\/schema\/logo\/image\/"}},{"@type":"Person","@id":"https:\/\/kajakkomarno.sk\/#\/schema\/person\/c5c91af715cbb9be5937ae2db77cab69","name":"petrusivi18@gmail.com","image":{"@type":"ImageObject","inLanguage":"hu","@id":"https:\/\/kajakkomarno.sk\/#\/schema\/person\/image\/","url":"https:\/\/secure.gravatar.com\/avatar\/77dd3ca1ae9038935f09e411f1d53193ef634a1b97c471309f0fc163209e68d8?s=96&d=mm&r=g","contentUrl":"https:\/\/secure.gravatar.com\/avatar\/77dd3ca1ae9038935f09e411f1d53193ef634a1b97c471309f0fc163209e68d8?s=96&d=mm&r=g","caption":"petrusivi18@gmail.com"},"url":"https:\/\/kajakkomarno.sk\/hu\/author\/petrusivi18gmail-com\/"}]}},"_links":{"self":[{"href":"https:\/\/kajakkomarno.sk\/hu\/wp-json\/wp\/v2\/posts\/5062","targetHints":{"allow":["GET"]}}],"collection":[{"href":"https:\/\/kajakkomarno.sk\/hu\/wp-json\/wp\/v2\/posts"}],"about":[{"href":"https:\/\/kajakkomarno.sk\/hu\/wp-json\/wp\/v2\/types\/post"}],"author":[{"embeddable":true,"href":"https:\/\/kajakkomarno.sk\/hu\/wp-json\/wp\/v2\/users\/3"}],"replies":[{"embeddable":true,"href":"https:\/\/kajakkomarno.sk\/hu\/wp-json\/wp\/v2\/comments?post=5062"}],"version-history":[{"count":0,"href":"https:\/\/kajakkomarno.sk\/hu\/wp-json\/wp\/v2\/posts\/5062\/revisions"}],"wp:featuredmedia":[{"embeddable":true,"href":"https:\/\/kajakkomarno.sk\/hu\/wp-json\/wp\/v2\/media\/5063"}],"wp:attachment":[{"href":"https:\/\/kajakkomarno.sk\/hu\/wp-json\/wp\/v2\/media?parent=5062"}],"wp:term":[{"taxonomy":"category","embeddable":true,"href":"https:\/\/kajakkomarno.sk\/hu\/wp-json\/wp\/v2\/categories?post=5062"},{"taxonomy":"post_tag","embeddable":true,"href":"https:\/\/kajakkomarno.sk\/hu\/wp-json\/wp\/v2\/tags?post=5062"}],"curies":[{"name":"wp","href":"https:\/\/api.w.org\/{rel}","templated":true}]}}