{"id":4935,"date":"2024-07-21T21:59:22","date_gmt":"2024-07-21T19:59:22","guid":{"rendered":"https:\/\/kajakkomarno.sk\/?p=4935"},"modified":"2024-07-21T22:09:52","modified_gmt":"2024-07-21T20:09:52","slug":"na-ms-juniorov-a-u23-reprezentovali-slovensko-aj-pretekari-z-komarna","status":"publish","type":"post","link":"https:\/\/kajakkomarno.sk\/hu\/novinky\/na-ms-juniorov-a-u23-reprezentovali-slovensko-aj-pretekari-z-komarna\/","title":{"rendered":"MS juniorov a U23- vo v\u00fdprave Slovenska aj pretek\u00e1ri z Kom\u00e1rna"},"content":{"rendered":"<p>Majstrovstv\u00e1 sveta juniorov a pretek\u00e1rov do 23 rokov v r\u00fdchlostnej kanoistike sa uskuto\u010dnili v d\u0148och <span lang=\"sk-SK\">17.07.<\/span>2024 a\u017e 21.07.2024 v bulharskom Plovdive , v druhom najv\u00e4\u010d\u0161om meste Bulharska le\u017eiaceho na oboch brehoch rieky Marica.<\/p>\n<p>Zi\u0161la sa tu konkurencia <span lang=\"sk-SK\">viac ako 800 juniorov a <\/span> pretek\u00e1rov do 23 rokov zo 67 kraj\u00edn sveta, ktor\u00ed v priebehu n\u00e1ro\u010dn\u00fdch 5 dn\u00ed bojovali o majstrovsk\u00e9 tituly na tratiach od 200 a\u017e do 5000 metrov.<\/p>\n<p><strong><span lang=\"sk-SK\">V slovenskej v\u00fdprave mlad\u00fdch r\u00fdchlostn\u00fdch kanoistov bolo <\/span><span lang=\"sk-SK\">6<\/span><span lang=\"sk-SK\"> pretek\u00e1rov z Kom\u00e1rna:<\/span><\/strong><\/p>\n<p><strong>Juniori- Teo Peter LUK<span lang=\"sk-SK\">\u00c1\u010c<\/span>, M\u00e1t\u00e9 MARSAL<\/strong><\/p>\n<p><strong>Pretek\u00e1ri do 23 rokov- R<\/strong><strong><span lang=\"sk-SK\">\u00e9ka BUG<\/span><span lang=\"sk-SK\">\u00c1R<\/span>, <span lang=\"sk-SK\">Laura \u0150R<\/span><span lang=\"sk-SK\">I<\/span><span lang=\"sk-SK\">,<\/span> Dominik DOKTOR\u00cdK, Filip PODLEISZEK\u00a0<\/strong><\/p>\n<p><span lang=\"sk-SK\">\u010clenom realiza\u010dn\u00e9ho t\u00edmu slovenskej reprezent\u00e1cie bol<\/span> tr\u00e9ner na\u0161ich pretek\u00e1rov <strong>Juraj Tarr<\/strong>.<\/p>\n<h2>PREH\u013dAD FIN\u00c1LOV\u00ddCH UMIESTNEN\u00cd PRETEK\u00c1ROV Z KOM\u00c1RNA<\/h2>\n<p align=\"justify\">2. miesto- R\u00e9ka BUG\u00c1R- Bianka Sidov\u00e1- K2 500m \u017eeny U23<\/p>\n<p align=\"justify\">8. miesto- M\u00e1t\u00e9 MARSAL- Maximili\u00e1n Szab\u00f3- Martin B\u00e1bik- M\u00e1t\u00e9 L\u00e9pi &#8211; K4 500m\u00a0 juniori<\/p>\n<p align=\"justify\">8. miesto- M\u00e1t\u00e9 MARSAL- Martin B\u00e1bik- K2 500m juniori<\/p>\n<p align=\"justify\">11. miesto- R\u00e9ka BUG\u00c1R- K1 500m \u017eeny U23<\/p>\n<p align=\"justify\">11. miesto- FiIlip PODLEISZEK- K1 500m mu\u017ei U23<\/p>\n<p align=\"justify\">13. miesto- Teo Peter LUK\u00c1\u010c- K1 1000m juniori<\/p>\n<p align=\"justify\">1<span lang=\"sk-SK\">4<\/span>. miesto- Dominik DOKTOR\u00cdK- Daniel Rybansk\u00fd &#8211; K2 500m mu\u017ei U23<\/p>\n<p align=\"justify\">14. miesto- Filip PODLEISZEK-Dominik DOKTOR\u00cdK-Daniel Rybansk\u00fd-Juraj Kuku\u010dka-\u00a0 K4 500m mu\u017ei U23<\/p>\n<h1>J U N I O R I<\/h1>\n<p>Slovensko reprezentovali dvaja juniori n\u00e1\u0161ho klubu: M\u00e1t\u00e9 MARSAL a Teo Peter LUK\u00c1\u010c, <span lang=\"sk-SK\">\u0161tartovali<\/span> celkom v <span lang=\"sk-SK\"> 3 <\/span> discipl\u00ednach a cez rozjazdy a semifin\u00e1le si zabezpe\u010dili \u00fa\u010das\u0165 v<span lang=\"sk-SK\"> dvoch FIN\u00c1LE A a v jednom FIN\u00c1LE B.<\/span><\/p>\n<h2><span lang=\"sk-SK\">M\u00e1t\u00e9 MARSAL- M\u00e1t\u00e9 LEPI- Maximili\u00e1n SZAB\u00d3- Martin B\u00c1BIK- K4 JUNIORI 500 m\u00a0<\/span><\/h2>\n<p><img fetchpriority=\"high\" decoding=\"async\" class=\"wp-image-4936 size-full\" src=\"https:\/\/kajakkomarno.sk\/wp-content\/uploads\/2024\/07\/MS-K4-JUN-MARSAL-2024_n.jpg\" alt=\"\" width=\"960\" height=\"537\" srcset=\"https:\/\/kajakkomarno.sk\/wp-content\/uploads\/2024\/07\/MS-K4-JUN-MARSAL-2024_n.jpg 960w, https:\/\/kajakkomarno.sk\/wp-content\/uploads\/2024\/07\/MS-K4-JUN-MARSAL-2024_n-450x252.jpg 450w, https:\/\/kajakkomarno.sk\/wp-content\/uploads\/2024\/07\/MS-K4-JUN-MARSAL-2024_n-768x430.jpg 768w\" sizes=\"(max-width: 960px) 100vw, 960px\" \/><\/p>\n<p>Juniorsk\u00e1 k\u00e1\u0161tvorka, strieborn\u00e1 z j\u00fanov\u00fdch Majstrovstiev Eur\u00f3py v Bratislave, <span lang=\"sk-SK\">bola <\/span> jedn\u00fdm z adeptov na popredn\u00e9 umiestnenie aj zo svetov\u00e9ho \u0161ampion\u00e1tu. Chlapci z\u00faro\u010duj\u00fa skvel\u00fa pr\u00edpravu a spolupr\u00e1cu, ve\u010f u\u017e minul\u00fd rok dosahovali v tejto zostave na medzin\u00e1rodn\u00fdch podujatiach skvel\u00e9 v\u00fdsledky. H\u00e1\u010dikom juniorskej K4 je pretek\u00e1r Kajak &amp; kanoe klubu talentovan\u00fd a ve\u013emi <span lang=\"sk-SK\">svedomit\u00fd<\/span>, no pri tom skromn\u00fd M\u00e1t\u00e9 MARSAL.\u00a0 V rozjazde im tesne u\u0161iel postup do fin\u00e1le, v semifin\u00e1le chlapci podali ve\u013emi dobr\u00fd v\u00fdkon. Do fin\u00e1le i\u0161li s cie\u013eom \u00eds\u0165 \u010do najlep\u0161iu jazdu, dosiahnu\u0165 \u010do najlep\u0161ie umiestnenie. Chlapci dali do toho \u00faplne v\u0161etko, napokon to sta\u010dilo na ve\u013emi dobr\u00e9 8.miesto.<\/p>\n<p><strong><span lang=\"sk-SK\">Ako postupovala juniorsk\u00e1 K4 do fin\u00e1le?<\/span><\/strong><\/p>\n<p><span lang=\"sk-SK\">Rozjazda: 2. miesto\u00a0 \u00a0 \u00a0<\/span><\/p>\n<p><span lang=\"sk-SK\"> \u00a0<\/span><span lang=\"sk-SK\">Semifin\u00e1le: 1. miesto<\/span><\/p>\n<p><strong><span lang=\"sk-SK\">FIN\u00c1LE: 8. miesto <\/span><\/strong><\/p>\n<p><span lang=\"sk-SK\">Pre Slovensk\u00fa kanoistiku- Sprint Team, sa\u00a0<\/span>p o ich fin\u00e1lovom vyst\u00fapen\u00ed vyjadril <strong>M\u00e1t\u00e9 MARSAL <\/strong>nasledovne:<\/p>\n<blockquote><p>&#8222;Tak sme trocha sklaman\u00ed, ale dali sme do toho v\u0161etko, mali sme tam chybi\u010dky bohu\u017eia\u013e, ale konkurencia bola ve\u013ek\u00e1. Nevad\u00ed, mus\u00edme sa s\u00fastredi\u0165 na K2, preto\u017ee s Martinom B\u00e1bikom ideme e\u0161te K2 500 a mus\u00edme bojova\u0165 \u010falej.&#8221;<\/p><\/blockquote>\n<h2 align=\"justify\">M\u00e1t\u00e9 MARSAL- Martin B\u00e1bik- K2\u00a0500m juniori<\/h2>\n<p><img decoding=\"async\" class=\"aligncenter wp-image-4938 size-full\" src=\"https:\/\/kajakkomarno.sk\/wp-content\/uploads\/2024\/07\/MS-K2-JUN-MATE.jpg\" alt=\"\" width=\"960\" height=\"720\" srcset=\"https:\/\/kajakkomarno.sk\/wp-content\/uploads\/2024\/07\/MS-K2-JUN-MATE.jpg 960w, https:\/\/kajakkomarno.sk\/wp-content\/uploads\/2024\/07\/MS-K2-JUN-MATE-450x338.jpg 450w, https:\/\/kajakkomarno.sk\/wp-content\/uploads\/2024\/07\/MS-K2-JUN-MATE-768x576.jpg 768w\" sizes=\"(max-width: 960px) 100vw, 960px\" \/><\/p>\n<p>Na olympijskej 500 metrovej trati sa zi\u0161la ve\u013emi siln\u00e1 a po\u010detn\u00e1 konkurencia 38 juniorsk\u00fdch k\u00e1dvojok. V\u00fdkon na\u0161ej juniorskej K2 v rozjazde a v semifin\u00e1le\u00a0 \u00a0nasved\u010doval tomu, \u017ee by to mohlo vyjs\u0165 vo fin\u00e1le na <span lang=\"sk-SK\">pekn\u00e9 umiestnenie<\/span>. Vo fin\u00e1le v silnej konkurencii obsadili <span lang=\"sk-SK\">ve\u013emi dobr\u00e9 8<\/span>.miesto, \u010do je na olympijskej trati pre slovensk\u00fa K2 <span lang=\"sk-SK\">skvel\u00fd<\/span> v\u00fdsledok.<\/p>\n<p><strong><span lang=\"sk-SK\">Ako postupovala juniorsk\u00e1 K2 do fin\u00e1le?<\/span><\/strong><\/p>\n<p><span lang=\"sk-SK\">Rozjazda: 2<\/span> <span lang=\"sk-SK\">miesto<\/span><\/p>\n<p><span lang=\"sk-SK\">Semifin\u00e1le: 2.miesto<\/span><\/p>\n<p><strong><span lang=\"sk-SK\">FIN\u00c1LE A : 8.miesto <\/span><\/strong><\/p>\n<h2>Teo Peter LUK\u00c1\u010c- K1 1000m juniori<\/h2>\n<p><img decoding=\"async\" class=\"aligncenter wp-image-4940 size-full\" src=\"https:\/\/kajakkomarno.sk\/wp-content\/uploads\/2024\/07\/MS-K1-JUN-LUKAC-2024.jpg\" alt=\"\" width=\"960\" height=\"720\" srcset=\"https:\/\/kajakkomarno.sk\/wp-content\/uploads\/2024\/07\/MS-K1-JUN-LUKAC-2024.jpg 960w, https:\/\/kajakkomarno.sk\/wp-content\/uploads\/2024\/07\/MS-K1-JUN-LUKAC-2024-450x338.jpg 450w, https:\/\/kajakkomarno.sk\/wp-content\/uploads\/2024\/07\/MS-K1-JUN-LUKAC-2024-768x576.jpg 768w\" sizes=\"(max-width: 960px) 100vw, 960px\" \/><\/p>\n<p><span lang=\"sk-SK\">17 ro\u010dn\u00fd pretek\u00e1r Kajak &amp; kanoe klubu Kom\u00e1rno Teo Peter LUK\u00c1\u010c mal vo svojej discipl\u00edne ve\u013emi n\u00e1ro\u010dn\u00fa \u00faloh, ke\u010f nast\u00fapil v discipl\u00edne s najpo\u010detnej\u0161\u00edm zast\u00fapen\u00edm, v ktorej sa na \u0161tart postavilo a\u017e 47 pretek\u00e1rov. Teo Peter Luk\u00e1\u010d i\u0161iel na svetov\u00fd \u0161ampion\u00e1t po \u00faspe\u0161nej Eur\u00f3pe ur\u010dite dobre naladen\u00fd. Op\u00e4\u0165 potvrdil skvel\u00fa v\u00fdkonnos\u0165 a pokrok, ktor\u00fd dosiahol v tejto sez\u00f3ne. Vo svojej v tretej rozjazde obsadil 4. miesto, \u010do znamenalo pre n\u00e1\u0161ho pretek\u00e1ra postup do semifin\u00e1le, v ktorom si postup do fin\u00e1le A zabezpe\u010dili v troch semifin\u00e1lov\u00fdch jazd\u00e1ch prv\u00ed traja pretek\u00e1ri. Teo Peter LUK\u00c1\u010c obsadil v semifin\u00e1le 5. miesto, \u010do znamenalo postup do fin\u00e1le B, v ktorom obsadil 4.miesto. V celkovom hodnoten\u00ed to znamen\u00e1 13. prie\u010dku, \u010do je v n\u00e1ro\u010dnej singlovej discipl\u00edne pekn\u00fd v\u00fdsledok.\u00a0<\/span><\/p>\n<p><strong><span lang=\"sk-SK\">Ako postupoval Teo Peter LUK\u00c1\u010c do fin\u00e1le?<\/span><\/strong><\/p>\n<p><span lang=\"sk-SK\">Rozjazda: 4.miesto<\/span><\/p>\n<p><span lang=\"sk-SK\">Semifin\u00e1le A: 5.miesto <\/span><\/p>\n<p><strong><span lang=\"sk-SK\">FIN\u00c1LE B: 4 .miesto, kone\u010dn\u00e9 13.miesto<\/span><\/strong><\/p>\n<h1><span lang=\"sk-SK\">P R E T E K \u00c1 R I\u00a0 D O\u00a0 23 rokov <\/span><\/h1>\n<p><span lang=\"sk-SK\">Na\u0161i <\/span><span lang=\"sk-SK\">pretek\u00e1ri do 23 rokov <\/span> <span lang=\"sk-SK\">\u0161tartovali<\/span><span lang=\"sk-SK\"> celkom v <\/span><span lang=\"sk-SK\"> 7<\/span><span lang=\"sk-SK\"> discipl\u00ednach, zabezpe\u010dili si \u00fa\u010das\u0165 v <\/span><span lang=\"sk-SK\">jednom<\/span> <span lang=\"sk-SK\">FIN\u00c1LE A a v <\/span><span lang=\"sk-SK\">\u0161tyroch<\/span><span lang=\"sk-SK\"> FIN\u00c1LE B. V<\/span><span lang=\"sk-SK\">\u00a0dvoch pr\u00edpadoch na\u0161i pretek\u00e1ri skon\u010dili pred br\u00e1nami fin\u00e1le.<\/span><\/p>\n<h2 align=\"justify\">R\u00e9ka BUG\u00c1R- Bianka Sidov\u00e1- K2 500m \u017eeny U23<\/h2>\n<p><img loading=\"lazy\" decoding=\"async\" class=\"aligncenter wp-image-4942 size-full\" src=\"https:\/\/kajakkomarno.sk\/wp-content\/uploads\/2024\/07\/K2-MS-REKA-K2-MED.jpg\" alt=\"\" width=\"960\" height=\"960\" srcset=\"https:\/\/kajakkomarno.sk\/wp-content\/uploads\/2024\/07\/K2-MS-REKA-K2-MED.jpg 960w, https:\/\/kajakkomarno.sk\/wp-content\/uploads\/2024\/07\/K2-MS-REKA-K2-MED-450x450.jpg 450w, https:\/\/kajakkomarno.sk\/wp-content\/uploads\/2024\/07\/K2-MS-REKA-K2-MED-300x300.jpg 300w, https:\/\/kajakkomarno.sk\/wp-content\/uploads\/2024\/07\/K2-MS-REKA-K2-MED-768x768.jpg 768w\" sizes=\"(max-width: 960px) 100vw, 960px\" \/><\/p>\n<p><span lang=\"sk-SK\">Bronzov\u00e9 medailistky z j\u00fanov\u00fdch Majstrovstiev Eur\u00f3py v K2 500m \u017eeny U23 boli najv\u00e4\u010d\u0161\u00edm medailov\u00fd<\/span><span lang=\"sk-SK\">m <\/span><span lang=\"sk-SK\">\u017eeliezk<\/span><span lang=\"sk-SK\">om<\/span> <span lang=\"sk-SK\">slovenskej v\u00fdpravy<\/span><span lang=\"sk-SK\"> na svetovom \u0161ampion\u00e1te. <\/span><span lang=\"sk-SK\">Diev\u010dat\u00e1 <\/span><span lang=\"sk-SK\">s\u00fa <\/span><span lang=\"sk-SK\">\u00a0<\/span><span lang=\"sk-SK\">strieborn\u00e9 medailistky z Majstrovstiev sveta juniorov, ktor\u00e9 sa konali v roku 2022 v Szegede. <\/span><span lang=\"sk-SK\">I<\/span><span lang=\"sk-SK\">ch jazda za medailou sa za\u010dala ve\u013emi presved\u010divo, ke\u010f suver\u00e9nne post\u00fapili priamo z rozjazdy do Fin\u00e1le A. Ani vo fin\u00e1le nedali \u017eiadnej z eur\u00f3pskej K2 \u0161ancu a suver\u00e9nne si i\u0161li za kr\u00e1snou striebornou medailou, ke\u010f lep\u0161ia bola iba pos\u00e1dka z Austr\u00e1lie. <\/span><\/p>\n<p><strong><span lang=\"sk-SK\">Ako postupovala K2 500m \u017dENY U23 do fin\u00e1le?<\/span><\/strong><\/p>\n<p align=\"justify\"><span lang=\"sk-SK\">Rozjazda: 1<\/span> <span lang=\"sk-SK\">.miesto<\/span><\/p>\n<p align=\"justify\"><strong><span lang=\"sk-SK\">FIN\u00c1LE\u00a0 A: 2 .miesto<\/span><\/strong><\/p>\n<p align=\"justify\">Pre Slovensk\u00fa kanoistiku Sprint <span lang=\"sk-SK\">T<\/span>eam sa R\u00e9ka BUG\u00c1R po fin\u00e1lovej jazde vyjadrila nasledovne:<\/p>\n<blockquote>\n<p align=\"justify\">&#8222;Bola to ve\u013emi dobr\u00e1 jazda, podaril sa n\u00e1m dobr\u00fd \u0161tart a vedeli sme zlep\u0161i\u0165 aj ten stred a vedeli sme sa dr\u017ea\u0165 s Austr\u00e1l\u010dankami, \u010do bolo dobr\u00e9 a do cie\u013ea n\u00e1m tro\u0161i\u010dku u\u0161li, ale sme tam s nimi s\u00faperili do posledn\u00fdch metrov, a dobre to skon\u010dilo.&#8221;<\/p>\n<\/blockquote>\n<h2 align=\"justify\">R\u00e9ka BUG\u00c1R- K1 500m \u017eeny U23<\/h2>\n<p><img loading=\"lazy\" decoding=\"async\" class=\"aligncenter wp-image-4944 size-full\" src=\"https:\/\/kajakkomarno.sk\/wp-content\/uploads\/2024\/07\/MS-K1-U23-REKA.jpg\" alt=\"\" width=\"960\" height=\"720\" srcset=\"https:\/\/kajakkomarno.sk\/wp-content\/uploads\/2024\/07\/MS-K1-U23-REKA.jpg 960w, https:\/\/kajakkomarno.sk\/wp-content\/uploads\/2024\/07\/MS-K1-U23-REKA-450x338.jpg 450w, https:\/\/kajakkomarno.sk\/wp-content\/uploads\/2024\/07\/MS-K1-U23-REKA-768x576.jpg 768w\" sizes=\"(max-width: 960px) 100vw, 960px\" \/><\/p>\n<p><span lang=\"sk-SK\">Talentovan\u00e1 kajak\u00e1rka \u0160portov\u00e9ho centra pol\u00edcie, odchovanky\u0148a Kajak&amp; kanoe klubu Kom\u00e1rno, R\u00e9ka BUG\u00c1R reprezentovala Slovensko v K1 na 500 metrovej trati. U\u017e v tomto roku \u017eala \u00faspechy na Medzin\u00e1rodnej regate juniorov a U23 v Bratislave, ke\u010f na tejto trati zv\u00ed\u0165azila, \u010do bolo pr\u00eds\u013eubom, \u017ee aj tu zabojuje \u010do najlep\u0161ie. Na \u0161tart tejto discipl\u00edny nast\u00fapilo <\/span><span lang=\"sk-SK\">v <\/span><span lang=\"sk-SK\">piatich rozjazd\u00e1ch 33 pretek\u00e1rok. R\u00e9ka BUG\u00c1R post\u00fapila suver\u00e9nne do semifin\u00e1le, v ktorom si vyjazdila <\/span><span lang=\"sk-SK\">5. <\/span><span lang=\"sk-SK\">miesto, ktor\u00e9 znamenalo postup\u00a0 do\u00a0 fin\u00e1le<\/span><span lang=\"sk-SK\"> B<\/span><span lang=\"sk-SK\">.\u00a0 V<\/span><span lang=\"sk-SK\">o fin\u00e1le B i\u0161la v\u00fdborn\u00fa jazdu a do cie\u013ea dop\u00e1dlovala na ve\u013emi dobrom 2. mieste, \u010do znamen\u00e1\u00a0 kone\u010dn\u00e9 11.miesto. <\/span><\/p>\n<p><strong><span lang=\"sk-SK\">Ako postupovala R\u00e9ka BUG\u00c1R do fin\u00e1le?<\/span><\/strong><\/p>\n<p><span lang=\"sk-SK\">Rozjazda: 2<\/span> <span lang=\"sk-SK\">.miesto<\/span><\/p>\n<p><span lang=\"sk-SK\">Semifin\u00e1le: 5.miesto <\/span><\/p>\n<p><strong><span lang=\"sk-SK\">FIN\u00c1LE B: 2.miesto, kone\u010dn\u00e9 11.miesto<\/span><\/strong><\/p>\n<h2 align=\"justify\">Laura \u00d6RI- C1 200m \u017eeny U23<\/h2>\n<p><img loading=\"lazy\" decoding=\"async\" class=\"aligncenter wp-image-4946 size-full\" src=\"https:\/\/kajakkomarno.sk\/wp-content\/uploads\/2024\/07\/MS-LAURA-ORI-2024.jpg\" alt=\"\" width=\"960\" height=\"720\" srcset=\"https:\/\/kajakkomarno.sk\/wp-content\/uploads\/2024\/07\/MS-LAURA-ORI-2024.jpg 960w, https:\/\/kajakkomarno.sk\/wp-content\/uploads\/2024\/07\/MS-LAURA-ORI-2024-450x338.jpg 450w, https:\/\/kajakkomarno.sk\/wp-content\/uploads\/2024\/07\/MS-LAURA-ORI-2024-768x576.jpg 768w\" sizes=\"(max-width: 960px) 100vw, 960px\" \/><\/p>\n<p><span lang=\"sk-SK\">Laura <\/span><span lang=\"sk-SK\">\u00d6RI<\/span> <span lang=\"sk-SK\">v silnej konkurencii u\u017e vo vekovej skupine \u017eien U23 mala <\/span>\u00a0v C1 na 200 metrovej trati ve\u013emi \u0165a\u017ek\u00fa poz\u00edciu. V\u00a0 rozjazde, aj ke\u010f na trati robila v\u0161etko, \u010do to dalo, dop\u00e1dlovala do cie\u013ea na nepostupovom 8. mieste a skon\u010dila pred br\u00e1nami semifin\u00e1le.<\/p>\n<h2 align=\"justify\">Laura \u00d6RI- Eduard Str\u00fd\u010dek- C2 500m mix U23<\/h2>\n<p><img loading=\"lazy\" decoding=\"async\" class=\"aligncenter wp-image-4948 size-full\" src=\"https:\/\/kajakkomarno.sk\/wp-content\/uploads\/2024\/07\/MS-MIX-C2-LAURA.jpg\" alt=\"\" width=\"960\" height=\"720\" srcset=\"https:\/\/kajakkomarno.sk\/wp-content\/uploads\/2024\/07\/MS-MIX-C2-LAURA.jpg 960w, https:\/\/kajakkomarno.sk\/wp-content\/uploads\/2024\/07\/MS-MIX-C2-LAURA-450x338.jpg 450w, https:\/\/kajakkomarno.sk\/wp-content\/uploads\/2024\/07\/MS-MIX-C2-LAURA-768x576.jpg 768w\" sizes=\"(max-width: 960px) 100vw, 960px\" \/><\/p>\n<p><span lang=\"sk-SK\">\u00a0C2 MIX na 500 metrovej trati bola druhou discipl\u00ednou, v ktorej nast\u00fapila <\/span>19 ro\u010d<span lang=\"sk-SK\">n<\/span>\u00e1 kanoistka Laura <span lang=\"sk-SK\">\u0150RI. Jej par\u0165\u00e1kom v lodi bola sk\u00fasen\u00fd Eduard STR\u00dd\u010cEK. Z rozjazdy sa prebojovali do semifin\u00e1le. Aj ke\u010f im jazda v semifin\u00e1le vy\u0161la lep\u0161ie, na postup do fin\u00e1le to nesta\u010dilo. <\/span><\/p>\n<p><strong>Ako postupovala <span lang=\"sk-SK\">Laura <\/span><span lang=\"sk-SK\">\u0150RI<\/span><span lang=\"sk-SK\"> v <\/span><span lang=\"sk-SK\">C2 MIX 500 m U23<\/span>?<\/strong><\/p>\n<p><span lang=\"sk-SK\">Rozjazda: 7.miesto <\/span><\/p>\n<p><span lang=\"sk-SK\">Semifin\u00e1le: 5.miesto<\/span><\/p>\n<h2 align=\"justify\">Filip PODLEISZEK-Dominik DOKTOR\u00cdK-Daniel-Rybansk\u00fd-Juraj Kuku\u010dka- K4 500m mu\u017ei U23<\/h2>\n<p><img loading=\"lazy\" decoding=\"async\" class=\"aligncenter wp-image-4950 size-full\" src=\"https:\/\/kajakkomarno.sk\/wp-content\/uploads\/2024\/07\/MS-K4-U23-DOKPODL.jpg\" alt=\"\" width=\"960\" height=\"720\" srcset=\"https:\/\/kajakkomarno.sk\/wp-content\/uploads\/2024\/07\/MS-K4-U23-DOKPODL.jpg 960w, https:\/\/kajakkomarno.sk\/wp-content\/uploads\/2024\/07\/MS-K4-U23-DOKPODL-450x338.jpg 450w, https:\/\/kajakkomarno.sk\/wp-content\/uploads\/2024\/07\/MS-K4-U23-DOKPODL-768x576.jpg 768w\" sizes=\"(max-width: 960px) 100vw, 960px\" \/><\/p>\n<p>V Plovdive sa slovensk\u00e1 K4 mu\u017eov do 23 rokov s na\u0161imi pretek\u00e1rmi Filipom PODLEISZEKOM a Dominikom DOKTOR\u00cdKOM predstavila ako deviata pos\u00e1dka z\u00a0 j\u00fanov\u00e9ho eur\u00f3pskeho\u00a0 \u0161ampion\u00e1tu na Zemn\u00edku. Ka\u017ed\u00fa jazdu sa sna\u017eili vylep\u0161i\u0165. Z rozjazdy a semifin\u00e1le post\u00fapili do fin\u00e1le B, v ktorom obsadili 5. miesto a v kone\u010dnom hodnoten\u00ed to znamen\u00e1 pre t\u00fato pos\u00e1dku 14.miesto.<\/p>\n<p><strong><span lang=\"sk-SK\">Ako sa postupovala K4 pretek\u00e1rov do 23 rokov?<\/span><\/strong><\/p>\n<p><span lang=\"sk-SK\">Rozjazda: <\/span><span lang=\"sk-SK\"> 7<\/span><span lang=\"sk-SK\">. miesto<\/span><\/p>\n<p><span lang=\"sk-SK\">Semifin\u00e1le: 5 .miesto<\/span><\/p>\n<p><strong><span lang=\"sk-SK\">FIN\u00c1LE B: 5 .miesto, kone\u010dn\u00e9 14.miesto<\/span><\/strong><\/p>\n<h2 align=\"justify\">Filip PODLEISZEK- K1 500m mu\u017ei U23<\/h2>\n<p align=\"justify\"><img loading=\"lazy\" decoding=\"async\" class=\"aligncenter wp-image-4952 size-full\" src=\"https:\/\/kajakkomarno.sk\/wp-content\/uploads\/2024\/07\/MS-K1-FILIP_n.jpg\" alt=\"\" width=\"960\" height=\"720\" srcset=\"https:\/\/kajakkomarno.sk\/wp-content\/uploads\/2024\/07\/MS-K1-FILIP_n.jpg 960w, https:\/\/kajakkomarno.sk\/wp-content\/uploads\/2024\/07\/MS-K1-FILIP_n-450x338.jpg 450w, https:\/\/kajakkomarno.sk\/wp-content\/uploads\/2024\/07\/MS-K1-FILIP_n-768x576.jpg 768w\" sizes=\"(max-width: 960px) 100vw, 960px\" \/><\/p>\n<p align=\"justify\">Filip PODLEISZEK dostal pr\u00edle\u017eitos\u0165 reprezentova\u0165 Slovensko na svetovom \u0161ampion\u00e1te v K1 na 500 metrovej trati, v ktorom o postup do 9 \u010dlenn\u00e9ho fin\u00e1le nast\u00fapilo 41 pretek\u00e1rov. Uspie\u0165 v tejto discipl\u00edne tak bolo ve\u013emi n\u00e1ro\u010dn\u00e9. Filip PODLEISZEK zabojoval najlep\u0161ie\u00a0ako vedel a napokon vo fin\u00e1le B obsadil pekn\u00e9 2.miesto.<\/p>\n<p><strong><span lang=\"sk-SK\">Ako sa postupoval Filip PODLEISZEK do FIN\u00c1LE?<\/span><\/strong><\/p>\n<p><span lang=\"sk-SK\">Rozjazda: <\/span><span lang=\"sk-SK\"> 5<\/span><span lang=\"sk-SK\">.miesto<\/span><\/p>\n<p><span lang=\"sk-SK\">Semifin\u00e1le: 4.miesto<\/span><\/p>\n<p><strong><span lang=\"sk-SK\">FIN\u00c1LE B: 2. miesto, kone\u010dn\u00e9 11.miesto<\/span><\/strong><\/p>\n<p>K svojmu \u00fa\u010dinkovaniu na Majstrovstv\u00e1ch sveta juniorov a U23 Filip PODLEISZEK pre Slovensk\u00fa kanoistiku uviedol:<\/p>\n<blockquote><p>&#8222;S pretekmi som pomerne dos\u0165 spokojn\u00fd, hlavne s K1, aj ke\u010f priorita bola K4 a to sme tr\u00e9novali.\u00a0 Mysl\u00edm, \u017ee K1 dopadla dobre. Potvrdil som, \u017ee patr\u00edm medzi t\u00fdch skoro najlep\u0161\u00edch, ale na A fin\u00e1le to nebolo. Ver\u00edm, \u017ee do bud\u00facna to bude lep\u0161ie. Takisto sa chcem po\u010fakova\u0165 tr\u00e9nerom za podporu za cel\u00fa sez\u00f3nu a s\u00fastredenia, \u017ee st\u00e1li pri mne.&#8221;<\/p><\/blockquote>\n<h2 align=\"justify\">Dominik DOKTOR\u00cdK- Daniel Rybansk\u00fd &#8211; K2 500m mu\u017ei U23<\/h2>\n<p><img loading=\"lazy\" decoding=\"async\" class=\"aligncenter wp-image-4954 size-full\" src=\"https:\/\/kajakkomarno.sk\/wp-content\/uploads\/2024\/07\/MS-K2-U23-DOMI.jpg\" alt=\"\" width=\"960\" height=\"720\" srcset=\"https:\/\/kajakkomarno.sk\/wp-content\/uploads\/2024\/07\/MS-K2-U23-DOMI.jpg 960w, https:\/\/kajakkomarno.sk\/wp-content\/uploads\/2024\/07\/MS-K2-U23-DOMI-450x338.jpg 450w, https:\/\/kajakkomarno.sk\/wp-content\/uploads\/2024\/07\/MS-K2-U23-DOMI-768x576.jpg 768w\" sizes=\"(max-width: 960px) 100vw, 960px\" \/><\/p>\n<p><span lang=\"sk-SK\">N<\/span><span lang=\"sk-SK\">a svetovom \u0161ampion\u00e1te <\/span><span lang=\"sk-SK\">sa <\/span><span lang=\"sk-SK\">predstavila <\/span><span lang=\"sk-SK\">K2 <\/span><span lang=\"sk-SK\">mu\u017ei U23 <\/span><span lang=\"sk-SK\">na 500 m <\/span><span lang=\"sk-SK\">s na\u0161im Dominikom DOKTOR\u00cdKOM <\/span><span lang=\"sk-SK\">. Z dom\u00e1ceho eur\u00f3pskeho \u0161ampion\u00e1tu si odniesli 10. miesto a v Plovdive si chceli t\u00fato poz\u00edciu vylep\u0161i\u0165. Konkurencia bola aj v Plovdive\u00a0 siln\u00e1 a mlad\u00e1 k\u00e1dvojka si vyjazdila postup do B Fin\u00e1le, <\/span><span lang=\"sk-SK\">v ktorom obsadili 5. miesto, v celkovom hodnoten\u00ed to znamen\u00e1 pre chlapcov 14. poz\u00edciu.<\/span><\/p>\n<p><strong><span lang=\"sk-SK\">Ako sa postupovali do FIN\u00c1LE? <\/span><\/strong><\/p>\n<p align=\"justify\"><span lang=\"sk-SK\">Rozjazda: <\/span><span lang=\"sk-SK\">4<\/span><span lang=\"sk-SK\">.miesto, <\/span><\/p>\n<p align=\"justify\"><span lang=\"sk-SK\">Semifin\u00e1le: 6.miesto, <\/span><\/p>\n<p align=\"justify\"><strong><span lang=\"sk-SK\">FIN\u00c1LE B: 5 .miesto, kone\u010dn\u00e9 14.miesto<\/span><\/strong><\/p>\n<h2>DVE STRIEBORN\u00c9 MEDAILY PRE SLOVENSKO<\/h2>\n<p>Slovensko z\u00edskalo na svetovom \u0161ampion\u00e1te juniorov a pretek\u00e1rov do 23 rokov\u00a0 dve strieborn\u00e9 medaily :\u00a0v K1 \u017eeny U23 1000m Bianka Sidov\u00e1 a n\u00e1s te\u0161\u00ed, \u017ee druh\u00fa cenn\u00fa medailu strieborn\u00e9ho lesku vybojovali pre Slovensko\u00a0 <strong>R\u00e9ka BUG\u00c1R spolo\u010dne s Biankou Sidovou v K2 \u017eeny U23 500 m.<\/strong><\/p>\n<p class=\"western\" align=\"justify\"><img loading=\"lazy\" decoding=\"async\" class=\"aligncenter wp-image-4956 size-full\" src=\"https:\/\/kajakkomarno.sk\/wp-content\/uploads\/2024\/07\/K2-MS-REKA-MED.jpg\" alt=\"\" width=\"960\" height=\"960\" srcset=\"https:\/\/kajakkomarno.sk\/wp-content\/uploads\/2024\/07\/K2-MS-REKA-MED.jpg 960w, https:\/\/kajakkomarno.sk\/wp-content\/uploads\/2024\/07\/K2-MS-REKA-MED-450x450.jpg 450w, https:\/\/kajakkomarno.sk\/wp-content\/uploads\/2024\/07\/K2-MS-REKA-MED-300x300.jpg 300w, https:\/\/kajakkomarno.sk\/wp-content\/uploads\/2024\/07\/K2-MS-REKA-MED-768x768.jpg 768w\" sizes=\"(max-width: 960px) 100vw, 960px\" \/><\/p>\n<h1 class=\"western\" style=\"text-align: center;\"><span style=\"font-family: Arial, serif;\"><span style=\"font-size: medium;\">Blaho\u017eel\u00e1me a \u010fakujeme v\u0161etk\u00fdm pretek\u00e1rom za \u00faspe\u0161n\u00fa reprezent\u00e1ciu!<\/span><\/span><\/h1>\n<p>FOTO: SLOVENSK\u00c1\u00a0 KANOISTIKA Sprint Team<\/p>\n","protected":false},"excerpt":{"rendered":"<p>Majstrovstv\u00e1 sveta juniorov a pretek\u00e1rov do 23 rokov v r\u00fdchlostnej kanoistike sa uskuto\u010dnili v d\u0148och 17.07.2024 a\u017e 21.07.2024 v bulharskom Plovdive , v druhom najv\u00e4\u010d\u0161om meste Bulharska le\u017eiaceho na oboch brehoch rieky Marica. Zi\u0161la sa tu konkurencia viac ako 800 juniorov a pretek\u00e1rov do 23 rokov zo 67 kraj\u00edn sveta, ktor\u00ed v priebehu n\u00e1ro\u010dn\u00fdch 5 [&hellip;]<\/p>\n","protected":false},"author":3,"featured_media":4958,"comment_status":"open","ping_status":"open","sticky":false,"template":"","format":"standard","meta":{"inline_featured_image":false,"footnotes":""},"categories":[1],"tags":[],"class_list":["post-4935","post","type-post","status-publish","format-standard","has-post-thumbnail","hentry","category-novinky"],"acf":[],"yoast_head":"<!-- This site is optimized with the Yoast SEO plugin v26.6 - https:\/\/yoast.com\/wordpress\/plugins\/seo\/ -->\n<title>MS juniorov a U23- vo v\u00fdprave Slovenska aj pretek\u00e1ri z Kom\u00e1rna - Kajak &amp; kanoe klub Kom\u00e1rno<\/title>\n<meta name=\"robots\" content=\"index, follow, max-snippet:-1, max-image-preview:large, max-video-preview:-1\" \/>\n<link rel=\"canonical\" href=\"https:\/\/kajakkomarno.sk\/novinky\/na-ms-juniorov-a-u23-reprezentovali-slovensko-aj-pretekari-z-komarna\/\" \/>\n<meta property=\"og:locale\" content=\"hu_HU\" \/>\n<meta property=\"og:type\" content=\"article\" \/>\n<meta property=\"og:title\" content=\"MS juniorov a U23- vo v\u00fdprave Slovenska aj pretek\u00e1ri z Kom\u00e1rna - Kajak &amp; kanoe klub Kom\u00e1rno\" \/>\n<meta property=\"og:description\" content=\"Majstrovstv\u00e1 sveta juniorov a pretek\u00e1rov do 23 rokov v r\u00fdchlostnej kanoistike sa uskuto\u010dnili v d\u0148och 17.07.2024 a\u017e 21.07.2024 v bulharskom Plovdive , v druhom najv\u00e4\u010d\u0161om meste Bulharska le\u017eiaceho na oboch brehoch rieky Marica. Zi\u0161la sa tu konkurencia viac ako 800 juniorov a pretek\u00e1rov do 23 rokov zo 67 kraj\u00edn sveta, ktor\u00ed v priebehu n\u00e1ro\u010dn\u00fdch 5 [&hellip;]\" \/>\n<meta property=\"og:url\" content=\"https:\/\/kajakkomarno.sk\/novinky\/na-ms-juniorov-a-u23-reprezentovali-slovensko-aj-pretekari-z-komarna\/\" \/>\n<meta property=\"og:site_name\" content=\"Kajak &amp; kanoe klub Kom\u00e1rno\" \/>\n<meta property=\"article:published_time\" content=\"2024-07-21T19:59:22+00:00\" \/>\n<meta property=\"article:modified_time\" content=\"2024-07-21T20:09:52+00:00\" \/>\n<meta property=\"og:image\" content=\"https:\/\/kajakkomarno.sk\/wp-content\/uploads\/2024\/07\/K2-MS-REKA-K2-MED-1.jpg\" \/>\n\t<meta property=\"og:image:width\" content=\"960\" \/>\n\t<meta property=\"og:image:height\" content=\"960\" \/>\n\t<meta property=\"og:image:type\" content=\"image\/jpeg\" \/>\n<meta name=\"author\" content=\"petrusivi18@gmail.com\" \/>\n<meta name=\"twitter:card\" content=\"summary_large_image\" \/>\n<meta name=\"twitter:label1\" content=\"Szerz\u0151:\" \/>\n\t<meta name=\"twitter:data1\" content=\"petrusivi18@gmail.com\" \/>\n\t<meta name=\"twitter:label2\" content=\"Becs\u00fclt olvas\u00e1si id\u0151\" \/>\n\t<meta name=\"twitter:data2\" content=\"10 perc\" \/>\n<script type=\"application\/ld+json\" class=\"yoast-schema-graph\">{\"@context\":\"https:\/\/schema.org\",\"@graph\":[{\"@type\":\"Article\",\"@id\":\"https:\/\/kajakkomarno.sk\/novinky\/na-ms-juniorov-a-u23-reprezentovali-slovensko-aj-pretekari-z-komarna\/#article\",\"isPartOf\":{\"@id\":\"https:\/\/kajakkomarno.sk\/novinky\/na-ms-juniorov-a-u23-reprezentovali-slovensko-aj-pretekari-z-komarna\/\"},\"author\":{\"name\":\"petrusivi18@gmail.com\",\"@id\":\"https:\/\/kajakkomarno.sk\/#\/schema\/person\/c5c91af715cbb9be5937ae2db77cab69\"},\"headline\":\"MS juniorov a U23- vo v\u00fdprave Slovenska aj pretek\u00e1ri z Kom\u00e1rna\",\"datePublished\":\"2024-07-21T19:59:22+00:00\",\"dateModified\":\"2024-07-21T20:09:52+00:00\",\"mainEntityOfPage\":{\"@id\":\"https:\/\/kajakkomarno.sk\/novinky\/na-ms-juniorov-a-u23-reprezentovali-slovensko-aj-pretekari-z-komarna\/\"},\"wordCount\":1784,\"commentCount\":0,\"publisher\":{\"@id\":\"https:\/\/kajakkomarno.sk\/#organization\"},\"image\":{\"@id\":\"https:\/\/kajakkomarno.sk\/novinky\/na-ms-juniorov-a-u23-reprezentovali-slovensko-aj-pretekari-z-komarna\/#primaryimage\"},\"thumbnailUrl\":\"https:\/\/kajakkomarno.sk\/wp-content\/uploads\/2024\/07\/K2-MS-REKA-K2-MED-1.jpg\",\"articleSection\":[\"Novinky\"],\"inLanguage\":\"hu\",\"potentialAction\":[{\"@type\":\"CommentAction\",\"name\":\"Comment\",\"target\":[\"https:\/\/kajakkomarno.sk\/novinky\/na-ms-juniorov-a-u23-reprezentovali-slovensko-aj-pretekari-z-komarna\/#respond\"]}]},{\"@type\":\"WebPage\",\"@id\":\"https:\/\/kajakkomarno.sk\/novinky\/na-ms-juniorov-a-u23-reprezentovali-slovensko-aj-pretekari-z-komarna\/\",\"url\":\"https:\/\/kajakkomarno.sk\/novinky\/na-ms-juniorov-a-u23-reprezentovali-slovensko-aj-pretekari-z-komarna\/\",\"name\":\"MS juniorov a U23- vo v\u00fdprave Slovenska aj pretek\u00e1ri z Kom\u00e1rna - Kajak &amp; kanoe klub Kom\u00e1rno\",\"isPartOf\":{\"@id\":\"https:\/\/kajakkomarno.sk\/#website\"},\"primaryImageOfPage\":{\"@id\":\"https:\/\/kajakkomarno.sk\/novinky\/na-ms-juniorov-a-u23-reprezentovali-slovensko-aj-pretekari-z-komarna\/#primaryimage\"},\"image\":{\"@id\":\"https:\/\/kajakkomarno.sk\/novinky\/na-ms-juniorov-a-u23-reprezentovali-slovensko-aj-pretekari-z-komarna\/#primaryimage\"},\"thumbnailUrl\":\"https:\/\/kajakkomarno.sk\/wp-content\/uploads\/2024\/07\/K2-MS-REKA-K2-MED-1.jpg\",\"datePublished\":\"2024-07-21T19:59:22+00:00\",\"dateModified\":\"2024-07-21T20:09:52+00:00\",\"breadcrumb\":{\"@id\":\"https:\/\/kajakkomarno.sk\/novinky\/na-ms-juniorov-a-u23-reprezentovali-slovensko-aj-pretekari-z-komarna\/#breadcrumb\"},\"inLanguage\":\"hu\",\"potentialAction\":[{\"@type\":\"ReadAction\",\"target\":[\"https:\/\/kajakkomarno.sk\/novinky\/na-ms-juniorov-a-u23-reprezentovali-slovensko-aj-pretekari-z-komarna\/\"]}]},{\"@type\":\"ImageObject\",\"inLanguage\":\"hu\",\"@id\":\"https:\/\/kajakkomarno.sk\/novinky\/na-ms-juniorov-a-u23-reprezentovali-slovensko-aj-pretekari-z-komarna\/#primaryimage\",\"url\":\"https:\/\/kajakkomarno.sk\/wp-content\/uploads\/2024\/07\/K2-MS-REKA-K2-MED-1.jpg\",\"contentUrl\":\"https:\/\/kajakkomarno.sk\/wp-content\/uploads\/2024\/07\/K2-MS-REKA-K2-MED-1.jpg\",\"width\":960,\"height\":960},{\"@type\":\"BreadcrumbList\",\"@id\":\"https:\/\/kajakkomarno.sk\/novinky\/na-ms-juniorov-a-u23-reprezentovali-slovensko-aj-pretekari-z-komarna\/#breadcrumb\",\"itemListElement\":[{\"@type\":\"ListItem\",\"position\":1,\"name\":\"Domov\",\"item\":\"https:\/\/kajakkomarno.sk\/hu\/fooldal\/\"},{\"@type\":\"ListItem\",\"position\":2,\"name\":\"Novinky\",\"item\":\"https:\/\/kajakkomarno.sk\/category\/novinky\/\"},{\"@type\":\"ListItem\",\"position\":3,\"name\":\"MS juniorov a U23- vo v\u00fdprave Slovenska aj pretek\u00e1ri z Kom\u00e1rna\"}]},{\"@type\":\"WebSite\",\"@id\":\"https:\/\/kajakkomarno.sk\/#website\",\"url\":\"https:\/\/kajakkomarno.sk\/\",\"name\":\"Kajak &amp; kanoe klub Kom\u00e1rno\",\"description\":\"\",\"publisher\":{\"@id\":\"https:\/\/kajakkomarno.sk\/#organization\"},\"potentialAction\":[{\"@type\":\"SearchAction\",\"target\":{\"@type\":\"EntryPoint\",\"urlTemplate\":\"https:\/\/kajakkomarno.sk\/?s={search_term_string}\"},\"query-input\":{\"@type\":\"PropertyValueSpecification\",\"valueRequired\":true,\"valueName\":\"search_term_string\"}}],\"inLanguage\":\"hu\"},{\"@type\":\"Organization\",\"@id\":\"https:\/\/kajakkomarno.sk\/#organization\",\"name\":\"Kajak &amp; kanoe klub Kom\u00e1rno\",\"url\":\"https:\/\/kajakkomarno.sk\/\",\"logo\":{\"@type\":\"ImageObject\",\"inLanguage\":\"hu\",\"@id\":\"https:\/\/kajakkomarno.sk\/#\/schema\/logo\/image\/\",\"url\":\"https:\/\/kajakkomarno.sk\/wp-content\/uploads\/2022\/12\/kajak-kanoe-klub-komarno-optimized-opt.svg\",\"contentUrl\":\"https:\/\/kajakkomarno.sk\/wp-content\/uploads\/2022\/12\/kajak-kanoe-klub-komarno-optimized-opt.svg\",\"width\":307,\"height\":66,\"caption\":\"Kajak &amp; kanoe klub Kom\u00e1rno\"},\"image\":{\"@id\":\"https:\/\/kajakkomarno.sk\/#\/schema\/logo\/image\/\"}},{\"@type\":\"Person\",\"@id\":\"https:\/\/kajakkomarno.sk\/#\/schema\/person\/c5c91af715cbb9be5937ae2db77cab69\",\"name\":\"petrusivi18@gmail.com\",\"image\":{\"@type\":\"ImageObject\",\"inLanguage\":\"hu\",\"@id\":\"https:\/\/kajakkomarno.sk\/#\/schema\/person\/image\/\",\"url\":\"https:\/\/secure.gravatar.com\/avatar\/77dd3ca1ae9038935f09e411f1d53193ef634a1b97c471309f0fc163209e68d8?s=96&d=mm&r=g\",\"contentUrl\":\"https:\/\/secure.gravatar.com\/avatar\/77dd3ca1ae9038935f09e411f1d53193ef634a1b97c471309f0fc163209e68d8?s=96&d=mm&r=g\",\"caption\":\"petrusivi18@gmail.com\"},\"url\":\"https:\/\/kajakkomarno.sk\/hu\/author\/petrusivi18gmail-com\/\"}]}<\/script>\n<!-- \/ Yoast SEO plugin. -->","yoast_head_json":{"title":"MS juniorov a U23- vo v\u00fdprave Slovenska aj pretek\u00e1ri z Kom\u00e1rna - Kajak &amp; kanoe klub Kom\u00e1rno","robots":{"index":"index","follow":"follow","max-snippet":"max-snippet:-1","max-image-preview":"max-image-preview:large","max-video-preview":"max-video-preview:-1"},"canonical":"https:\/\/kajakkomarno.sk\/novinky\/na-ms-juniorov-a-u23-reprezentovali-slovensko-aj-pretekari-z-komarna\/","og_locale":"hu_HU","og_type":"article","og_title":"MS juniorov a U23- vo v\u00fdprave Slovenska aj pretek\u00e1ri z Kom\u00e1rna - Kajak &amp; kanoe klub Kom\u00e1rno","og_description":"Majstrovstv\u00e1 sveta juniorov a pretek\u00e1rov do 23 rokov v r\u00fdchlostnej kanoistike sa uskuto\u010dnili v d\u0148och 17.07.2024 a\u017e 21.07.2024 v bulharskom Plovdive , v druhom najv\u00e4\u010d\u0161om meste Bulharska le\u017eiaceho na oboch brehoch rieky Marica. Zi\u0161la sa tu konkurencia viac ako 800 juniorov a pretek\u00e1rov do 23 rokov zo 67 kraj\u00edn sveta, ktor\u00ed v priebehu n\u00e1ro\u010dn\u00fdch 5 [&hellip;]","og_url":"https:\/\/kajakkomarno.sk\/novinky\/na-ms-juniorov-a-u23-reprezentovali-slovensko-aj-pretekari-z-komarna\/","og_site_name":"Kajak &amp; kanoe klub Kom\u00e1rno","article_published_time":"2024-07-21T19:59:22+00:00","article_modified_time":"2024-07-21T20:09:52+00:00","og_image":[{"width":960,"height":960,"url":"https:\/\/kajakkomarno.sk\/wp-content\/uploads\/2024\/07\/K2-MS-REKA-K2-MED-1.jpg","type":"image\/jpeg"}],"author":"petrusivi18@gmail.com","twitter_card":"summary_large_image","twitter_misc":{"Szerz\u0151:":"petrusivi18@gmail.com","Becs\u00fclt olvas\u00e1si id\u0151":"10 perc"},"schema":{"@context":"https:\/\/schema.org","@graph":[{"@type":"Article","@id":"https:\/\/kajakkomarno.sk\/novinky\/na-ms-juniorov-a-u23-reprezentovali-slovensko-aj-pretekari-z-komarna\/#article","isPartOf":{"@id":"https:\/\/kajakkomarno.sk\/novinky\/na-ms-juniorov-a-u23-reprezentovali-slovensko-aj-pretekari-z-komarna\/"},"author":{"name":"petrusivi18@gmail.com","@id":"https:\/\/kajakkomarno.sk\/#\/schema\/person\/c5c91af715cbb9be5937ae2db77cab69"},"headline":"MS juniorov a U23- vo v\u00fdprave Slovenska aj pretek\u00e1ri z Kom\u00e1rna","datePublished":"2024-07-21T19:59:22+00:00","dateModified":"2024-07-21T20:09:52+00:00","mainEntityOfPage":{"@id":"https:\/\/kajakkomarno.sk\/novinky\/na-ms-juniorov-a-u23-reprezentovali-slovensko-aj-pretekari-z-komarna\/"},"wordCount":1784,"commentCount":0,"publisher":{"@id":"https:\/\/kajakkomarno.sk\/#organization"},"image":{"@id":"https:\/\/kajakkomarno.sk\/novinky\/na-ms-juniorov-a-u23-reprezentovali-slovensko-aj-pretekari-z-komarna\/#primaryimage"},"thumbnailUrl":"https:\/\/kajakkomarno.sk\/wp-content\/uploads\/2024\/07\/K2-MS-REKA-K2-MED-1.jpg","articleSection":["Novinky"],"inLanguage":"hu","potentialAction":[{"@type":"CommentAction","name":"Comment","target":["https:\/\/kajakkomarno.sk\/novinky\/na-ms-juniorov-a-u23-reprezentovali-slovensko-aj-pretekari-z-komarna\/#respond"]}]},{"@type":"WebPage","@id":"https:\/\/kajakkomarno.sk\/novinky\/na-ms-juniorov-a-u23-reprezentovali-slovensko-aj-pretekari-z-komarna\/","url":"https:\/\/kajakkomarno.sk\/novinky\/na-ms-juniorov-a-u23-reprezentovali-slovensko-aj-pretekari-z-komarna\/","name":"MS juniorov a U23- vo v\u00fdprave Slovenska aj pretek\u00e1ri z Kom\u00e1rna - Kajak &amp; kanoe klub Kom\u00e1rno","isPartOf":{"@id":"https:\/\/kajakkomarno.sk\/#website"},"primaryImageOfPage":{"@id":"https:\/\/kajakkomarno.sk\/novinky\/na-ms-juniorov-a-u23-reprezentovali-slovensko-aj-pretekari-z-komarna\/#primaryimage"},"image":{"@id":"https:\/\/kajakkomarno.sk\/novinky\/na-ms-juniorov-a-u23-reprezentovali-slovensko-aj-pretekari-z-komarna\/#primaryimage"},"thumbnailUrl":"https:\/\/kajakkomarno.sk\/wp-content\/uploads\/2024\/07\/K2-MS-REKA-K2-MED-1.jpg","datePublished":"2024-07-21T19:59:22+00:00","dateModified":"2024-07-21T20:09:52+00:00","breadcrumb":{"@id":"https:\/\/kajakkomarno.sk\/novinky\/na-ms-juniorov-a-u23-reprezentovali-slovensko-aj-pretekari-z-komarna\/#breadcrumb"},"inLanguage":"hu","potentialAction":[{"@type":"ReadAction","target":["https:\/\/kajakkomarno.sk\/novinky\/na-ms-juniorov-a-u23-reprezentovali-slovensko-aj-pretekari-z-komarna\/"]}]},{"@type":"ImageObject","inLanguage":"hu","@id":"https:\/\/kajakkomarno.sk\/novinky\/na-ms-juniorov-a-u23-reprezentovali-slovensko-aj-pretekari-z-komarna\/#primaryimage","url":"https:\/\/kajakkomarno.sk\/wp-content\/uploads\/2024\/07\/K2-MS-REKA-K2-MED-1.jpg","contentUrl":"https:\/\/kajakkomarno.sk\/wp-content\/uploads\/2024\/07\/K2-MS-REKA-K2-MED-1.jpg","width":960,"height":960},{"@type":"BreadcrumbList","@id":"https:\/\/kajakkomarno.sk\/novinky\/na-ms-juniorov-a-u23-reprezentovali-slovensko-aj-pretekari-z-komarna\/#breadcrumb","itemListElement":[{"@type":"ListItem","position":1,"name":"Domov","item":"https:\/\/kajakkomarno.sk\/hu\/fooldal\/"},{"@type":"ListItem","position":2,"name":"Novinky","item":"https:\/\/kajakkomarno.sk\/category\/novinky\/"},{"@type":"ListItem","position":3,"name":"MS juniorov a U23- vo v\u00fdprave Slovenska aj pretek\u00e1ri z Kom\u00e1rna"}]},{"@type":"WebSite","@id":"https:\/\/kajakkomarno.sk\/#website","url":"https:\/\/kajakkomarno.sk\/","name":"Kajak &amp; kanoe klub Kom\u00e1rno","description":"","publisher":{"@id":"https:\/\/kajakkomarno.sk\/#organization"},"potentialAction":[{"@type":"SearchAction","target":{"@type":"EntryPoint","urlTemplate":"https:\/\/kajakkomarno.sk\/?s={search_term_string}"},"query-input":{"@type":"PropertyValueSpecification","valueRequired":true,"valueName":"search_term_string"}}],"inLanguage":"hu"},{"@type":"Organization","@id":"https:\/\/kajakkomarno.sk\/#organization","name":"Kajak &amp; kanoe klub Kom\u00e1rno","url":"https:\/\/kajakkomarno.sk\/","logo":{"@type":"ImageObject","inLanguage":"hu","@id":"https:\/\/kajakkomarno.sk\/#\/schema\/logo\/image\/","url":"https:\/\/kajakkomarno.sk\/wp-content\/uploads\/2022\/12\/kajak-kanoe-klub-komarno-optimized-opt.svg","contentUrl":"https:\/\/kajakkomarno.sk\/wp-content\/uploads\/2022\/12\/kajak-kanoe-klub-komarno-optimized-opt.svg","width":307,"height":66,"caption":"Kajak &amp; kanoe klub Kom\u00e1rno"},"image":{"@id":"https:\/\/kajakkomarno.sk\/#\/schema\/logo\/image\/"}},{"@type":"Person","@id":"https:\/\/kajakkomarno.sk\/#\/schema\/person\/c5c91af715cbb9be5937ae2db77cab69","name":"petrusivi18@gmail.com","image":{"@type":"ImageObject","inLanguage":"hu","@id":"https:\/\/kajakkomarno.sk\/#\/schema\/person\/image\/","url":"https:\/\/secure.gravatar.com\/avatar\/77dd3ca1ae9038935f09e411f1d53193ef634a1b97c471309f0fc163209e68d8?s=96&d=mm&r=g","contentUrl":"https:\/\/secure.gravatar.com\/avatar\/77dd3ca1ae9038935f09e411f1d53193ef634a1b97c471309f0fc163209e68d8?s=96&d=mm&r=g","caption":"petrusivi18@gmail.com"},"url":"https:\/\/kajakkomarno.sk\/hu\/author\/petrusivi18gmail-com\/"}]}},"_links":{"self":[{"href":"https:\/\/kajakkomarno.sk\/hu\/wp-json\/wp\/v2\/posts\/4935","targetHints":{"allow":["GET"]}}],"collection":[{"href":"https:\/\/kajakkomarno.sk\/hu\/wp-json\/wp\/v2\/posts"}],"about":[{"href":"https:\/\/kajakkomarno.sk\/hu\/wp-json\/wp\/v2\/types\/post"}],"author":[{"embeddable":true,"href":"https:\/\/kajakkomarno.sk\/hu\/wp-json\/wp\/v2\/users\/3"}],"replies":[{"embeddable":true,"href":"https:\/\/kajakkomarno.sk\/hu\/wp-json\/wp\/v2\/comments?post=4935"}],"version-history":[{"count":0,"href":"https:\/\/kajakkomarno.sk\/hu\/wp-json\/wp\/v2\/posts\/4935\/revisions"}],"wp:featuredmedia":[{"embeddable":true,"href":"https:\/\/kajakkomarno.sk\/hu\/wp-json\/wp\/v2\/media\/4958"}],"wp:attachment":[{"href":"https:\/\/kajakkomarno.sk\/hu\/wp-json\/wp\/v2\/media?parent=4935"}],"wp:term":[{"taxonomy":"category","embeddable":true,"href":"https:\/\/kajakkomarno.sk\/hu\/wp-json\/wp\/v2\/categories?post=4935"},{"taxonomy":"post_tag","embeddable":true,"href":"https:\/\/kajakkomarno.sk\/hu\/wp-json\/wp\/v2\/tags?post=4935"}],"curies":[{"name":"wp","href":"https:\/\/api.w.org\/{rel}","templated":true}]}}