{"id":4729,"date":"2024-06-17T16:08:22","date_gmt":"2024-06-17T14:08:22","guid":{"rendered":"https:\/\/kajakkomarno.sk\/?p=4729"},"modified":"2024-07-05T16:19:27","modified_gmt":"2024-07-05T14:19:27","slug":"66-velka-cena-komarna-v-rychlostnej-kanoistike-15-06-2024","status":"publish","type":"post","link":"https:\/\/kajakkomarno.sk\/hu\/novinky\/66-velka-cena-komarna-v-rychlostnej-kanoistike-15-06-2024\/","title":{"rendered":"66. Ve\u013ek\u00e1 cena Kom\u00e1rna v\u00a0r\u00fdchlostnej kanoistike, 15.06.2024"},"content":{"rendered":"<h1 align=\"justify\"><img fetchpriority=\"high\" decoding=\"async\" class=\"aligncenter wp-image-4734 size-full\" src=\"https:\/\/kajakkomarno.sk\/wp-content\/uploads\/2024\/07\/PLAGAT-VCK-2024_n-1.jpg\" alt=\"\" width=\"672\" height=\"960\" srcset=\"https:\/\/kajakkomarno.sk\/wp-content\/uploads\/2024\/07\/PLAGAT-VCK-2024_n-1.jpg 672w, https:\/\/kajakkomarno.sk\/wp-content\/uploads\/2024\/07\/PLAGAT-VCK-2024_n-1-315x450.jpg 315w\" sizes=\"(max-width: 672px) 100vw, 672px\" \/><\/h1>\n<h1 align=\"justify\"><em>NA \u00daVOD<\/em><\/h1>\n<p align=\"justify\">Ve\u013ek\u00e1 cena Kom\u00e1rna v r\u00fdchlostnej kanoistike zap\u00edsala d\u0148a 15. 6.2024 u\u017e svoju 66. kapitolu. Aj tento ro\u010dn\u00edk dotv\u00e1rala pr\u00edjemn\u00e1 atmosf\u00e9ra, zodpovedn\u00e1 pr\u00edprava a organiz\u00e1cia pod veden\u00edm predsedu klubu a z\u00e1rove\u0148 riadite\u013ea pretekov Viktora Demina, mno\u017estvo pretek\u00e1rov a kr\u00e1sne \u0161portov\u00e9 z\u00e1polenia.<\/p>\n<h1><em>SL\u00c1VN<span lang=\"sk-SK\">O<\/span>STN\u00c9 ZAH\u00c1JENIE VE\u013dKEJ CENY KOM\u00c1RNA<\/em><\/h1>\n<p>V predve\u010der pretekov sa uskuto\u010dnilo sl\u00e1vnostn\u00e9 zah\u00e1jenie Ve\u013ekej ceny Kom\u00e1rna za \u00fa\u010dasti v\u00fdznamn\u00fd<span lang=\"sk-SK\">ch <\/span>hos<span lang=\"sk-SK\">t\u00ed, <\/span>osobnost<span lang=\"sk-SK\">\u00ed<\/span> r\u00fdchlostnej kanoistiky, sponzorov, pretek\u00e1rov a rodi\u010dov. Zaspom\u00edna\u0165 si na \u010dasy minul\u00e9 a pote\u0161i\u0165 sa z napredovania klubu pri\u0161li b\u00fdval\u00ed pretek\u00e1ri a \u010dlenovia klubu.<\/p>\n<h2><em>Sponzori<\/em><\/h2>\n<p>Ve\u013ek\u00fa cenu Kom\u00e1rna podporili v\u00fdznamn\u00e9 spolo\u010dnosti nielen z n\u00e1\u0161ho regi\u00f3nu, ale aj sme radi, \u017ee Ve\u013ek\u00fa cenu Kom\u00e1rna podporili aj v\u00fdznamn\u00e9 spolo\u010dnosti z celoslovenskou p\u00f4sobnos\u0165ou.<\/p>\n<h2><em>Podpora z programu\u00a0 INTERREG<\/em><\/h2>\n<p align=\"justify\">Podujatie Ve\u013ek\u00e1 cena Kom\u00e1rna 2024 &#8211; \u0160portom k bud\u00facnosti (akronym: Ve\u013ek\u00e1 cena KN) bolo \u00faspe\u0161ne podporen\u00e9 z Fondu mal\u00fdch projektov Programu Interreg Ma\u010farsko-Slovensko. <span lang=\"sk-SK\">66. Ve\u013ek\u00e1 cena Kom\u00e1rne <\/span> <span lang=\"sk-SK\">bola<\/span> podporen\u00e1 finan\u010dn\u00fdm pr\u00edspevkom z Eur\u00f3pskej \u00fanie vo v\u00fd\u0161ke 13 215.00 EUR.<\/p>\n<figure id=\"attachment_4764\" aria-describedby=\"caption-attachment-4764\" style=\"width: 720px\" class=\"wp-caption aligncenter\"><img decoding=\"async\" class=\"wp-image-4764 size-full\" src=\"https:\/\/kajakkomarno.sk\/wp-content\/uploads\/2024\/07\/VCK-2024.jpg\" alt=\"\" width=\"720\" height=\"960\" srcset=\"https:\/\/kajakkomarno.sk\/wp-content\/uploads\/2024\/07\/VCK-2024.jpg 720w, https:\/\/kajakkomarno.sk\/wp-content\/uploads\/2024\/07\/VCK-2024-338x450.jpg 338w\" sizes=\"(max-width: 720px) 100vw, 720px\" \/><figcaption id=\"caption-attachment-4764\" class=\"wp-caption-text\">66. Ve\u013ek\u00fa cenu Kom\u00e1rna zah\u00e1jil predseda Kajak &amp; kanoe klubu Kom\u00e1rno Viktor DEMIN<\/figcaption><\/figure>\n<h2 align=\"justify\"><\/h2>\n<h2 align=\"justify\"><em>Sl\u00e1vnostn\u00e9 odovzdanie projektu<\/em><\/h2>\n<p align=\"justify\">V r\u00e1<span lang=\"sk-SK\">m<\/span>ci sl\u00e1vnostn\u00e9ho zah\u00e1jenia 66. Ve\u013ekej ceny Kom\u00e1rn<span lang=\"sk-SK\">a <\/span>do\u0161lo k odovzdaniu projektu podporen\u00e9ho z <a href=\"https:\/\/www.facebook.com\/fondnapodporusportu?__cft__[0]=AZVjc5WNojoFHMrD5LfYPn3msO8H5Iyq-HsSex-Sa6wKezsj_cU23Wn729z8ieRmsU5hL6vU-UIpp0KjzjQvsu_9pLkJDNGJkobXfsavhziIL-JPAcVwaR-BFRzGem5CPiYP3kC6_DHV6MsMWRFuszKLWhWwQll_VcqOG1tA9b6jApun9PmsSlpV2Qa7W-R5-jy1WCe9Khk3h36tcx2iqtSV&amp;__tn__=-]K-R\">Fondu na podporu \u0161portu<\/a> vo v\u00fd\u0161ke 75 730.00 <span lang=\"sk-SK\">EUR<\/span> a z prostriedkov <a href=\"https:\/\/www.facebook.com\/komarnokomarom?__cft__[0]=AZVjc5WNojoFHMrD5LfYPn3msO8H5Iyq-HsSex-Sa6wKezsj_cU23Wn729z8ieRmsU5hL6vU-UIpp0KjzjQvsu_9pLkJDNGJkobXfsavhziIL-JPAcVwaR-BFRzGem5CPiYP3kC6_DHV6MsMWRFuszKLWhWwQll_VcqOG1tA9b6jApun9PmsSlpV2Qa7W-R5-jy1WCe9Khk3h36tcx2iqtSV&amp;__tn__=-]K-R\">Mesta Kom\u00e1rno <\/a>vo v\u00fd\u0161ke 42 000.00 EUR. Tieto prostriedky boli vyu\u017eit\u00e9 na vybudovanie multifunk\u010dn\u00e9ho ihriska, vonkaj\u0161ej workout z\u00f3ny, moderniz\u00e1ciu vzduchotechniky a rekon\u0161trukciu p\u00e1dlovacieho baz\u00e9na.<\/p>\n<p align=\"left\"><span lang=\"sk-SK\">Toto v\u0161etko bude <\/span> bezodplatne dostupn\u00e9 aj pre z\u00e1kladn\u00e9 \u0161koly mesta Kom\u00e1rno, \u010do umo\u017en\u00ed v\u0161etk\u00fdm de\u0165om pr\u00edstup k modern\u00fdm \u0161portov\u00fdm zariadeniam bez finan\u010dn\u00fdch prek\u00e1\u017eok, podpor<span lang=\"sk-SK\">\u00ed <\/span> ich zdrav\u00fd \u017eivotn\u00fd \u0161t\u00fdl a vytv<span lang=\"sk-SK\">or\u00ed<\/span> rovnak\u00e9 pr\u00edle\u017eitosti na \u0161portov\u00e9 aktivity.<\/p>\n<p align=\"left\"><img decoding=\"async\" class=\"wp-image-4742 size-full\" src=\"https:\/\/kajakkomarno.sk\/wp-content\/uploads\/2024\/07\/VCK-2024001.jpg\" alt=\"\" width=\"960\" height=\"640\" srcset=\"https:\/\/kajakkomarno.sk\/wp-content\/uploads\/2024\/07\/VCK-2024001.jpg 960w, https:\/\/kajakkomarno.sk\/wp-content\/uploads\/2024\/07\/VCK-2024001-450x300.jpg 450w, https:\/\/kajakkomarno.sk\/wp-content\/uploads\/2024\/07\/VCK-2024001-768x512.jpg 768w\" sizes=\"(max-width: 960px) 100vw, 960px\" \/><\/p>\n<p>Nov\u00e9 multifunk\u010dn\u00e9 ihrisko odovzdali: G\u00e1bor \u00c1sv\u00e1nyi z Fodnu na podporu \u0161portu, B\u00e9la Keszegh prim\u00e1tor mesta Kom\u00e1rno za \u00fa\u010dasti Erika Vl\u010deka a Viktora Demina<\/p>\n<h1 align=\"justify\"><em>UPRAVEN\u00dd PROGRAM VE\u013dKEJ CENY KOM\u00c1RNA<\/em><\/h1>\n<p align=\"justify\">Ve\u013ek\u00e1 cena Kom\u00e1rna\u00a0 sa p\u00f4vodne mala uskuto\u010dni\u0165 v d\u0148och 15.6.2024 a 16.6.2024. Pr\u00edroda v\u0161ak do organiz\u00e1cie pretekov zasiahla. Na z\u00e1klade <span lang=\"sk-SK\">v\u00fdvoja<\/span> hydrologick\u00fdch podmienok, konkr\u00e9tne v\u00fd\u0161ky hladiny a pr\u00fadu rieky V\u00e1h, <span lang=\"sk-SK\">do\u0161lo <\/span> k zmene a programu Ve\u013ekej Ceny Kom\u00e1rna a s\u00fa\u0165a\u017ee na 500 m trati <span lang=\"sk-SK\">boli<\/span> \u00faplne zru\u0161en\u00e9.<\/p>\n<p align=\"justify\">Preteky sa tak<span lang=\"sk-SK\"> konali iba na dlh\u00fdch tratiach. <\/span><span lang=\"sk-SK\">Program pretekov sa\u00a0 skr\u00e1til na jeden s\u00fa\u0165a\u017en\u00fd de\u0148 na sobotu od 10<\/span><span lang=\"sk-SK\">:00<\/span> <span lang=\"sk-SK\">do<\/span> <span lang=\"sk-SK\">17:00, kedy boli na programe fin\u00e1lov\u00e9 jazdy <\/span><span lang=\"sk-SK\">na 2000 m \/ 9 a\u017e 12 ro\u010dn\u00ed pretek\u00e1ri \/ a fin\u00e1lov\u00e9 jazdy na <\/span><span lang=\"sk-SK\"> na 5000 m \/ 13 ro\u010dn\u00ed a\u017e veter\u00e1ni\/ v K1, K2, C1 a C2. <\/span><span lang=\"sk-SK\"> ani to v\u0161ak nezabr\u00e1nilo tomu, aby preteky prebehli na vysokej \u0161portovej \u00farovni.<\/span><\/p>\n<p align=\"justify\"><span lang=\"sk-SK\">Na regul\u00e1rnos\u0165 pretekov dohliadali rozhodcovia pod veden\u00edm p\u00e1na Daniela Rusa a \u010dasomieru mal na starosti sk\u00fasen\u00fd Rado Or\u0161ula. <\/span><\/p>\n<h2 align=\"justify\"><em>Preteky s medzin\u00e1rodnou \u00fa\u010das\u0165ou\u00a0<\/em><\/h2>\n<p align=\"justify\"><span lang=\"sk-SK\">Na Ve\u013ek\u00fa cenu Kom\u00e1rna prijali pozvanie okrem pretek\u00e1rov zo slovensk\u00fdch oddielov aj pretek\u00e1ri zo zahrani\u010dia. Nech\u00fdbali tu pretek\u00e1ri z ma\u010farsk\u00fdch klubov a pretekov sa z\u00fa\u010dastnili op\u00e4\u0165 pretek\u00e1ri zo Sard\u00ednie. P\u00f4vodne bolo na Ve\u013ek\u00fa cenu Kom\u00e1rna prihl\u00e1sen\u00fdch takmer 440 pretek\u00e1rov z 32 oddielov a po rozhodnut\u00ed o skr\u00e1ten\u00ed iba na 5000 m tratiach, pretekov sa z\u00fa\u010dastnilo takmer 390 pretek\u00e1rov. <\/span><\/p>\n<h2 align=\"justify\"><em>Preteky v hodnoten\u00ed Slovensk\u00e9ho poh\u00e1ra\u00a0<\/em><\/h2>\n<p align=\"justify\">Preteky na 5000 m pre 13 a 14 ro\u010dn\u00fdch pretek\u00e1rov a kadetov <span lang=\"sk-SK\">boli <\/span> zaraden\u00e9 do hodnotenia SLOVENSK\u00c9HO POH\u00c1RA.<\/p>\n<h2 align=\"justify\"><em>Za Kajak &amp; kanoe klubu Kom\u00e1rno 55 pretek\u00e1rov<\/em><\/h2>\n<p align=\"justify\">Kajak &amp; kanoe klub Kom\u00e1rno reprezentovalo celkom 55 pretek\u00e1rov. S\u00fa\u0165a\u017ei\u0165 na dom\u00e1cej vode je v<span lang=\"sk-SK\">\u017e<\/span>dy nie\u010do v\u00fdnimo\u010dn\u00e9, nie\u010do neopakovate\u013en\u00e9. Predstavi\u0165 svoje \u0161portov\u00e9 a vod\u00e1cke umenie pred zrakmi svojich najbli\u017e\u0161\u00edch, kamar\u00e1tov, dod\u00e1va ve\u013ek\u00e9 em\u00f3cie.<\/p>\n<p align=\"left\">Na <span lang=\"sk-SK\">Ve\u013ekej cene Kom\u00e1rna <\/span><span lang=\"sk-SK\">v\u0161ak <\/span><span lang=\"sk-SK\"> ch\u00fdbali <\/span>na\u0161i juniori a pretek\u00e1ri do 23 rokov, ktor\u00ed sa pripravuj\u00fa na Majstrovstv\u00e1 Eur\u00f3py j<span lang=\"sk-SK\">u<\/span>niorov a U23, ktor\u00e9 sa uskuto\u010dnia v Bratislave na Zemn\u00edku v d\u0148och 27.6. a\u017e 30.06.2024.<\/p>\n<h2><em>&#8221; VPRED &#8222;<\/em><\/h2>\n<p><span lang=\"sk-SK\">Presne o 10.00 hod zaznel povel na \u0161tart VPRED a Ve\u013ek\u00e1 cena Kom\u00e1rna bola od\u0161tartovan\u00e1. Boli sme svedkami pekn\u00fdch z\u00e1polen\u00ed na vode a vo zv\u00fd\u0161enej pohotovosti boli aj pos\u00e1dky z\u00e1chrann\u00fdch \u010dlnov.\u00a0<\/span><span lang=\"sk-SK\">Program pretekov bol dodr\u017ean\u00fd a s\u00fa\u0165a\u017eilo pod\u013ea \u010dasov\u00e9ho rozpisu. <\/span><\/p>\n<h2 align=\"justify\"><em><span lang=\"sk-SK\">K4 OLD BOYS na 200 m trati <\/span><\/em><\/h2>\n<p align=\"justify\"><span lang=\"sk-SK\">v prest\u00e1vke<\/span> <span lang=\"sk-SK\">pred fin\u00e1lov\u00fdmi jazdami <\/span> <span lang=\"sk-SK\">sa uskuto\u010dnilo fin\u00e1le K4 OLD BOYS na 200 m trati. Predstavili sa tu 4 pos\u00e1dky b\u00fdval\u00fdch pretek\u00e1rov Kajak &amp; kanoe klubu Kom\u00e1rno.\u00a0 Div\u00e1cky ve\u013emi ob\u013e\u00faben\u00e9 preteky K4 Old Boys organiza\u010dne zabezpe\u010dila p. Eva LIK\u00c9ROV\u00c1.<\/span><\/p>\n<p align=\"justify\"><strong>PORADIE:<\/strong><\/p>\n<p align=\"justify\"><span lang=\"sk-SK\">1. MIESTO- MODR\u00c1 LO\u010e<\/span><span lang=\"sk-SK\"> : TOM\u00c1\u0160 <\/span>HOD<span lang=\"sk-SK\">\u00da<\/span>R, <span lang=\"sk-SK\">\u0160<\/span>TEFAN PARASZKA, <span lang=\"sk-SK\">\u00c1<\/span>KOS LENGYEL, <span lang=\"sk-SK\">PAVOL<\/span> <span lang=\"sk-SK\">N\u00c1HLIK<\/span><\/p>\n<p align=\"justify\">2. MIESTO- <span lang=\"sk-SK\">\u010cERVEN\u00c1 LO\u010e<\/span><span lang=\"sk-SK\">: \u013dUDOV\u00cdT J\u00d3ZSA<\/span>, KRIST<span lang=\"sk-SK\">\u00d3<\/span>F BASTRN\u00c1K, ERVIN KARVAS, <span lang=\"sk-SK\">FRANTI\u0160EK T\u00d3TH<\/span><\/p>\n<p align=\"justify\">3. MIESTO- <span lang=\"sk-SK\">BIELA LO\u010e<\/span><span lang=\"sk-SK\">: IMRICH KNIRS, DAVID P\u00c1LMAY, ALEXANDER T\u00d3TH , ADAM HORV\u00c1TH <\/span><\/p>\n<p align=\"justify\"><span lang=\"sk-SK\">4. MIESTO <\/span><span lang=\"sk-SK\">\u017dLT\u00c1 LO\u010e:<\/span><span lang=\"sk-SK\"> SAMUEL \u017dIVICK\u00dd, PETER FARKA\u0160, TOM\u00c1\u0160 CSEPY, R\u00d3BERT ZAUKO<\/span><\/p>\n<h2 align=\"justify\"><img loading=\"lazy\" decoding=\"async\" class=\"alignnone wp-image-4758 size-full\" src=\"https:\/\/kajakkomarno.sk\/wp-content\/uploads\/2024\/07\/VCK-2024107.jpg\" alt=\"\" width=\"960\" height=\"720\" srcset=\"https:\/\/kajakkomarno.sk\/wp-content\/uploads\/2024\/07\/VCK-2024107.jpg 960w, https:\/\/kajakkomarno.sk\/wp-content\/uploads\/2024\/07\/VCK-2024107-450x338.jpg 450w, https:\/\/kajakkomarno.sk\/wp-content\/uploads\/2024\/07\/VCK-2024107-768x576.jpg 768w\" sizes=\"(max-width: 960px) 100vw, 960px\" \/><\/h2>\n<h2 align=\"justify\"><em>9. ro\u010dn\u00edk Memori\u00e1lu Vojtecha HALMA \u2013 HALMO CUP<\/em><\/h2>\n<p><span lang=\"sk-SK\">Memori\u00e1l Vojtecha Halma sa kon\u00e1 na po\u010des\u0165 \u00faspe\u0161n\u00e9ho kanoistu z Kom\u00e1rna, \u010deskoslovensk\u00e9ho reprezentanta, tr\u00e9nera Kajak&amp; kanoe klubu Kom\u00e1rno. Vojtech Halmo bol prv\u00fdm kanoistom z Kom\u00e1rna, ktor\u00fd \u0161tartoval v roku 1971 na Majstrovstv\u00e1ch sveta v Belehrade, kde obsadil 5.miesto v C1 na 10km. Patr\u00ed z\u00e1rove\u0148 aj medzi trojn\u00e1sobn\u00fdch v\u00ed\u0165azov Ve\u013ekej ceny Kom\u00e1rna. <\/span><\/p>\n<p><span lang=\"sk-SK\">V discipl\u00edne C1 kadeti na 5000 m zv\u00ed\u0165azil a Poh\u00e1r HALMO CUP z\u00edskal: <\/span><strong>MAT\u00da\u0160 KOUBEK,\u00a0 VINOHRADY BRATISLAVA<\/strong><\/p>\n<figure id=\"attachment_4752\" aria-describedby=\"caption-attachment-4752\" style=\"width: 450px\" class=\"wp-caption aligncenter\"><img loading=\"lazy\" decoding=\"async\" class=\"wp-image-4752 size-full\" src=\"https:\/\/kajakkomarno.sk\/wp-content\/uploads\/2024\/07\/VCK-2024104.jpg\" alt=\"\" width=\"450\" height=\"600\" srcset=\"https:\/\/kajakkomarno.sk\/wp-content\/uploads\/2024\/07\/VCK-2024104.jpg 450w, https:\/\/kajakkomarno.sk\/wp-content\/uploads\/2024\/07\/VCK-2024104-338x450.jpg 338w\" sizes=\"(max-width: 450px) 100vw, 450px\" \/><figcaption id=\"caption-attachment-4752\" class=\"wp-caption-text\">Poh\u00e1r Vojtecha HALMA z\u00edskal MAT\u00da\u0160 KOUBEK z klubu VINOHRADY BRATISLAVA<\/figcaption><\/figure>\n<h2 align=\"justify\"><em><span lang=\"sk-SK\">V K<\/span><span lang=\"sk-SK\">om\u00e1rne <\/span><span lang=\"sk-SK\">V<\/span><span lang=\"sk-SK\">e\u013ek\u00e1 cena, v <\/span><span lang=\"sk-SK\">S<\/span><span lang=\"sk-SK\">zegede <\/span><span lang=\"sk-SK\">M<\/span><span lang=\"sk-SK\">ajstrovstv\u00e1 <\/span><span lang=\"sk-SK\">E<\/span><span lang=\"sk-SK\">ur\u00f3py seniorov <\/span><\/em><\/h2>\n<p align=\"justify\"><span lang=\"sk-SK\">Pokia\u013e v Kom\u00e1rne prebiehala 66. Ve\u013ek\u00e1 cena Kom\u00e1rna, v Szegede boli u\u017e naplno rozbehnut\u00e9 Majstrovstv\u00e1 Eur\u00f3py v r\u00fdchlostnej kanoistike. Za Slovensko nast\u00fapili odchovanci Kajak &amp; kanoe klubu Kom\u00e1rno: <\/span><span lang=\"sk-SK\">Adam BOTEK a \u00c1kos GACSA<\/span><span lang=\"sk-SK\">LA<\/span><span lang=\"sk-SK\">, <\/span><span lang=\"sk-SK\">ktor\u00fdch sme takto na dia\u013eku podporili <\/span><span lang=\"sk-SK\">a dr\u017eali palce. <\/span><\/p>\n<h1 align=\"justify\"><strong>VYHODNOTENIE <\/strong><\/h1>\n<p align=\"justify\">Najlep\u0161\u00ed <span lang=\"sk-SK\">jednotlivci z\u00edskali <\/span>medaily, diplomy a <span lang=\"sk-SK\">vecn\u00e9<\/span> ceny priebe\u017ene po ukon\u010den\u00ed jednotliv\u00fdch fin\u00e1lov\u00fdch discipl\u00edn.<\/p>\n<p>&#8211; 9 a\u017e 12 ro\u010dn\u00ed- K1, K2, C1, C2- <span lang=\"sk-SK\">ocenen\u00e9 <\/span> 1. a\u017e 6.miest<span lang=\"sk-SK\">o<\/span>,<\/p>\n<p>&#8211; 13 ro\u010dn\u00ed a 14 ro\u010dn\u00ed K1, C1- <span lang=\"sk-SK\">ocenen\u00e9 <\/span> 1. a\u017e 6.miest<span lang=\"sk-SK\">o<\/span>,<\/p>\n<p>&#8211; 13 ro\u010dn\u00ed a 14 ro\u010dn\u00ed K2, C2 &#8211; ocenen\u00e9 1. a\u017e 3. miesto<\/p>\n<p>&#8211; kadeti- veter\u00e1ni K1, K2, C1, C2- ocenen\u00e9 1. a\u017e 3.miesto<\/p>\n<figure id=\"attachment_4746\" aria-describedby=\"caption-attachment-4746\" style=\"width: 960px\" class=\"wp-caption aligncenter\"><img loading=\"lazy\" decoding=\"async\" class=\"wp-image-4746 size-full\" src=\"https:\/\/kajakkomarno.sk\/wp-content\/uploads\/2024\/07\/VCK-2024101.jpg\" alt=\"\" width=\"960\" height=\"720\" srcset=\"https:\/\/kajakkomarno.sk\/wp-content\/uploads\/2024\/07\/VCK-2024101.jpg 960w, https:\/\/kajakkomarno.sk\/wp-content\/uploads\/2024\/07\/VCK-2024101-450x338.jpg 450w, https:\/\/kajakkomarno.sk\/wp-content\/uploads\/2024\/07\/VCK-2024101-768x576.jpg 768w\" sizes=\"(max-width: 960px) 100vw, 960px\" \/><figcaption id=\"caption-attachment-4746\" class=\"wp-caption-text\">Najmlad\u0161ie kanoistick\u00e9 n\u00e1deje boli ocenen\u00e9 na 1. a\u017e 6. mieste<\/figcaption><\/figure>\n<h2 align=\"justify\"><em><span lang=\"sk-SK\">Medailisti KAJAK &amp; KANOE KLUBU KOM\u00c1RNO <\/span><\/em><\/h2>\n<h3 align=\"justify\"><strong><span lang=\"sk-SK\">V\u00cd\u0164AZI- 1.miesto <\/span><\/strong><\/h3>\n<p align=\"justify\"><span lang=\"sk-SK\">K1 chlapci 14 ro\u010dn\u00ed- ALEX \u00d3DOR <\/span><\/p>\n<p align=\"justify\"><span lang=\"sk-SK\">K2 chlapci 13 a 14 ro\u010dn\u00ed- ALEX \u00d3DOR- ADAM KI\u0160\u0160 \/\u0160KP\/<\/span><\/p>\n<p align=\"justify\"><span lang=\"sk-SK\">K1 chlapci 13 ro\u010dn\u00ed- TOM\u00c1\u0160 \u0150RI <\/span><\/p>\n<p align=\"justify\"><span lang=\"sk-SK\">K2 kadeti \u2013 MICHAL T\u00d3TH- MATEJ LOPATA<\/span><\/p>\n<h3 align=\"justify\"><strong><span lang=\"sk-SK\">2. miesto<\/span><\/strong><\/h3>\n<p align=\"justify\"><span lang=\"sk-SK\">K1 chlapci 9 ro\u010dn\u00ed \u2013 MAXIM FIAM <\/span><\/p>\n<p align=\"justify\"><span lang=\"sk-SK\">K1 diev\u010dat\u00e1 11 ro\u010dn\u00e9- ABIGEL \u017dILIK<\/span><\/p>\n<p align=\"justify\"><span lang=\"sk-SK\">K2 diev\u010dat\u00e1 11 a 12 ro\u010dn\u00e9- GR\u00c9TA NAGY<\/span><\/p>\n<p align=\"justify\"><span lang=\"sk-SK\">K2 diev\u010dat\u00e1 11 a 12 ro\u010dn\u00e9- ABIGEL \u017dILIK<\/span><\/p>\n<p align=\"justify\"><span lang=\"sk-SK\">K1 diev\u010dat\u00e1 13 ro\u010dn\u00e9 \u2013 SZ\u00d3FIA NAGY<\/span><\/p>\n<p align=\"justify\"><span lang=\"sk-SK\">K2 diev\u010dat\u00e1 13 a 14 ro\u010dn\u00e9- DIANA MARKOVI\u010cOV\u00c1- ALEXANDRA KOV\u00c1\u010cOV\u00c1 \/ T<\/span><span lang=\"sk-SK\">AT \/<\/span><\/p>\n<p align=\"justify\"><span lang=\"sk-SK\">K1 veter\u00e1ni- MAREK \u010eUR\u010cO<\/span><\/p>\n<h3 align=\"justify\"><strong><span lang=\"sk-SK\">3.miesto<\/span><\/strong><\/h3>\n<p align=\"justify\"><span lang=\"sk-SK\">K1 diev\u010dat\u00e1 11 ro\u010dn\u00e9 \u2013 ZOJA FIAMOV\u00c1 <\/span><\/p>\n<p align=\"justify\"><strong><span lang=\"sk-SK\">NAJ\u00daSPE\u0160NEJ\u0160\u00cd: 14 RO\u010cN\u00dd KAJAK\u00c1R ALEX \u00d3DOR \u2013 DVOJN\u00c1SOBN\u00dd V\u00cd\u0164AZ VE\u013dKEJ CENY KOM\u00c1RNA <\/span><\/strong><\/p>\n<figure id=\"attachment_4744\" aria-describedby=\"caption-attachment-4744\" style=\"width: 960px\" class=\"wp-caption aligncenter\"><img loading=\"lazy\" decoding=\"async\" class=\"wp-image-4744 size-full\" src=\"https:\/\/kajakkomarno.sk\/wp-content\/uploads\/2024\/07\/VCK-2024100.jpg\" alt=\"\" width=\"960\" height=\"720\" srcset=\"https:\/\/kajakkomarno.sk\/wp-content\/uploads\/2024\/07\/VCK-2024100.jpg 960w, https:\/\/kajakkomarno.sk\/wp-content\/uploads\/2024\/07\/VCK-2024100-450x338.jpg 450w, https:\/\/kajakkomarno.sk\/wp-content\/uploads\/2024\/07\/VCK-2024100-768x576.jpg 768w\" sizes=\"(max-width: 960px) 100vw, 960px\" \/><figcaption id=\"caption-attachment-4744\" class=\"wp-caption-text\">14 ro\u010dn\u00fd kajak\u00e1r Alex \u00d3DOR sa stal naj\u00faspe\u0161nej\u0161\u00ed pretek\u00e1rom Ve\u013ekej ceny Kom\u00e1rna<\/figcaption><\/figure>\n<h2 align=\"justify\"><strong>POH\u00c1R ML\u00c1DE\u017dE:\u00a0<\/strong><\/h2>\n<p align=\"justify\">pre naj\u00faspe\u0161nej\u0161\u00ed oddiel v kateg<span lang=\"sk-SK\">\u00f3<\/span>rii <span lang=\"sk-SK\">9 a\u017e 14 ro\u010dn\u00fdch pretek\u00e1rov z\u00edskali: <\/span><\/p>\n<p align=\"justify\"><strong>1. KAJAK &amp; KANOE KLUB KOM\u00c1RNO<\/strong><\/p>\n<p align=\"justify\"><strong>2. KAJAK CANOE KLUB \u0160AMOR\u00cdN<\/strong><\/p>\n<p align=\"justify\"><strong><span lang=\"sk-SK\">3. <\/span>KAJAK KANOE PIE\u0160\u0164ANY<\/strong><\/p>\n<figure id=\"attachment_4748\" aria-describedby=\"caption-attachment-4748\" style=\"width: 960px\" class=\"wp-caption aligncenter\"><img loading=\"lazy\" decoding=\"async\" class=\"wp-image-4748 size-full\" src=\"https:\/\/kajakkomarno.sk\/wp-content\/uploads\/2024\/07\/VCK-2024102.jpg\" alt=\"\" width=\"960\" height=\"720\" srcset=\"https:\/\/kajakkomarno.sk\/wp-content\/uploads\/2024\/07\/VCK-2024102.jpg 960w, https:\/\/kajakkomarno.sk\/wp-content\/uploads\/2024\/07\/VCK-2024102-450x338.jpg 450w, https:\/\/kajakkomarno.sk\/wp-content\/uploads\/2024\/07\/VCK-2024102-768x576.jpg 768w\" sizes=\"(max-width: 960px) 100vw, 960px\" \/><figcaption id=\"caption-attachment-4748\" class=\"wp-caption-text\">V\u00ed\u0165azn\u00fd Poh\u00e1r ml\u00e1de\u017ee prevzal Lajos N\u00e9meth z Kajak &amp; kanoe klubu Kom\u00e1rno<\/figcaption><\/figure>\n<h2 align=\"justify\">MEDAILOV\u00c1 BILANCIA:<\/h2>\n<p>1. MIESTO: KAJAK &amp; KANOE KLUB KOM\u00c1RNO- 12 MED<span lang=\"sk-SK\">A<\/span>IL\u00cd \/ 4- 7- 1 \/<\/p>\n<p>2. MIESTO: KAJAK KANOE PIE\u0160\u0164ANY \u2013 <span lang=\"sk-SK\">9 <\/span>MEDAIL\u00cd \/ 4- 1- 4 \/<\/p>\n<p>3. MIESTO: SPORT KLUB SLOVAKIA NOV\u00c9 Z\u00c1MKY \u2013 8 MEDAIL\u00cd \/ 3- 5- 0 \/<\/p>\n<h2 align=\"justify\"><span lang=\"sk-SK\">V\u00cd\u0164AZI SENIO<\/span><span lang=\"sk-SK\">R<\/span><span lang=\"sk-SK\">I:<\/span><\/h2>\n<p align=\"justify\"><span lang=\"sk-SK\">K MU\u017dI: MATEJ ANTAL- TATRAN BRATISLAVA<\/span><\/p>\n<p align=\"justify\"><span lang=\"sk-SK\">K \u017dENY: ROMANA \u0160VECOV\u00c1- KAJAK KANOE PIE\u0160\u0164ANY<\/span><\/p>\n<p align=\"justify\"><span lang=\"sk-SK\">C MU\u017dI: TOM\u00c1\u0160 JANO\u0160TIAK- \u0160PORTOV\u00dd KLUB DANUBIAN <\/span><\/p>\n<h2 align=\"justify\">9. ro\u010dn\u00edk HALMO CUP<\/h2>\n<p><span lang=\"sk-SK\">C1 KADETI:<\/span> <span lang=\"sk-SK\">MAT\u00da\u0160 KOUBEK VINOHRADY BRATISLAVA<\/span><\/p>\n<p align=\"justify\"><span style=\"color: #0000ff;\"><strong><span lang=\"sk-SK\">ORGANIZA\u010cN\u00dd T\u00cdM POD VEDEN\u00cdM VIKTORA DEMINA, AJ NAPRIEK S\u0164A\u017dEN\u00ddM PODMIENKAM, PRIPRAVIL TIETO PRETEKY NA VYSOKEJ \u00daROVNI.<\/span><\/strong><\/span><\/p>\n<p align=\"justify\"><span style=\"color: #0000ff;\"><strong><span lang=\"sk-SK\">Po\u010fakovanie patr\u00ed v\u0161etk\u00fdm, ktor\u00ed prispeli k \u00faspe\u0161n\u00e9mu priebehu 66. Ve\u013ekej cene Kom\u00e1rna.<\/span><\/strong><\/span><\/p>\n<h2 align=\"justify\"><span lang=\"sk-SK\" style=\"color: #0000ff;\">\u010eAKUJEME!<\/span><\/h2>\n<p><a href=\"https:\/\/kajakkomarno.sk\/wp-content\/uploads\/2024\/07\/VCK-PODAKOVANIE.pdf\">VCK PODAKOVANIE<\/a><\/p>\n<p><img loading=\"lazy\" decoding=\"async\" class=\"aligncenter wp-image-4750 size-full\" src=\"https:\/\/kajakkomarno.sk\/wp-content\/uploads\/2024\/07\/VCK-2024103.jpg\" alt=\"\" width=\"960\" height=\"720\" srcset=\"https:\/\/kajakkomarno.sk\/wp-content\/uploads\/2024\/07\/VCK-2024103.jpg 960w, https:\/\/kajakkomarno.sk\/wp-content\/uploads\/2024\/07\/VCK-2024103-450x338.jpg 450w, https:\/\/kajakkomarno.sk\/wp-content\/uploads\/2024\/07\/VCK-2024103-768x576.jpg 768w\" sizes=\"(max-width: 960px) 100vw, 960px\" \/><\/p>\n<p><img loading=\"lazy\" decoding=\"async\" class=\"aligncenter wp-image-4756 size-full\" src=\"https:\/\/kajakkomarno.sk\/wp-content\/uploads\/2024\/07\/VCK-2024106.jpg\" alt=\"\" width=\"960\" height=\"960\" srcset=\"https:\/\/kajakkomarno.sk\/wp-content\/uploads\/2024\/07\/VCK-2024106.jpg 960w, https:\/\/kajakkomarno.sk\/wp-content\/uploads\/2024\/07\/VCK-2024106-450x450.jpg 450w, https:\/\/kajakkomarno.sk\/wp-content\/uploads\/2024\/07\/VCK-2024106-300x300.jpg 300w, https:\/\/kajakkomarno.sk\/wp-content\/uploads\/2024\/07\/VCK-2024106-768x768.jpg 768w\" sizes=\"(max-width: 960px) 100vw, 960px\" \/><\/p>\n<p>&nbsp;<\/p>\n<p>&nbsp;<\/p>\n<p>&nbsp;<\/p>\n","protected":false},"excerpt":{"rendered":"<p>NA \u00daVOD Ve\u013ek\u00e1 cena Kom\u00e1rna v r\u00fdchlostnej kanoistike zap\u00edsala d\u0148a 15. 6.2024 u\u017e svoju 66. kapitolu. Aj tento ro\u010dn\u00edk dotv\u00e1rala pr\u00edjemn\u00e1 atmosf\u00e9ra, zodpovedn\u00e1 pr\u00edprava a organiz\u00e1cia pod veden\u00edm predsedu klubu a z\u00e1rove\u0148 riadite\u013ea pretekov Viktora Demina, mno\u017estvo pretek\u00e1rov a kr\u00e1sne \u0161portov\u00e9 z\u00e1polenia. SL\u00c1VNOSTN\u00c9 ZAH\u00c1JENIE VE\u013dKEJ CENY KOM\u00c1RNA V predve\u010der pretekov sa uskuto\u010dnilo sl\u00e1vnostn\u00e9 zah\u00e1jenie Ve\u013ekej [&hellip;]<\/p>\n","protected":false},"author":3,"featured_media":4736,"comment_status":"open","ping_status":"open","sticky":false,"template":"","format":"standard","meta":{"inline_featured_image":false,"footnotes":""},"categories":[1],"tags":[],"class_list":["post-4729","post","type-post","status-publish","format-standard","has-post-thumbnail","hentry","category-novinky"],"acf":[],"yoast_head":"<!-- This site is optimized with the Yoast SEO plugin v26.6 - https:\/\/yoast.com\/wordpress\/plugins\/seo\/ -->\n<title>66. Ve\u013ek\u00e1 cena Kom\u00e1rna v\u00a0r\u00fdchlostnej kanoistike, 15.06.2024 - Kajak &amp; kanoe klub Kom\u00e1rno<\/title>\n<meta name=\"robots\" content=\"index, follow, max-snippet:-1, max-image-preview:large, max-video-preview:-1\" \/>\n<link rel=\"canonical\" href=\"https:\/\/kajakkomarno.sk\/novinky\/66-velka-cena-komarna-v-rychlostnej-kanoistike-15-06-2024\/\" \/>\n<meta property=\"og:locale\" content=\"hu_HU\" \/>\n<meta property=\"og:type\" content=\"article\" \/>\n<meta property=\"og:title\" content=\"66. Ve\u013ek\u00e1 cena Kom\u00e1rna v\u00a0r\u00fdchlostnej kanoistike, 15.06.2024 - Kajak &amp; kanoe klub Kom\u00e1rno\" \/>\n<meta property=\"og:description\" content=\"NA \u00daVOD Ve\u013ek\u00e1 cena Kom\u00e1rna v r\u00fdchlostnej kanoistike zap\u00edsala d\u0148a 15. 6.2024 u\u017e svoju 66. kapitolu. Aj tento ro\u010dn\u00edk dotv\u00e1rala pr\u00edjemn\u00e1 atmosf\u00e9ra, zodpovedn\u00e1 pr\u00edprava a organiz\u00e1cia pod veden\u00edm predsedu klubu a z\u00e1rove\u0148 riadite\u013ea pretekov Viktora Demina, mno\u017estvo pretek\u00e1rov a kr\u00e1sne \u0161portov\u00e9 z\u00e1polenia. SL\u00c1VNOSTN\u00c9 ZAH\u00c1JENIE VE\u013dKEJ CENY KOM\u00c1RNA V predve\u010der pretekov sa uskuto\u010dnilo sl\u00e1vnostn\u00e9 zah\u00e1jenie Ve\u013ekej [&hellip;]\" \/>\n<meta property=\"og:url\" content=\"https:\/\/kajakkomarno.sk\/novinky\/66-velka-cena-komarna-v-rychlostnej-kanoistike-15-06-2024\/\" \/>\n<meta property=\"og:site_name\" content=\"Kajak &amp; kanoe klub Kom\u00e1rno\" \/>\n<meta property=\"article:published_time\" content=\"2024-06-17T14:08:22+00:00\" \/>\n<meta property=\"article:modified_time\" content=\"2024-07-05T14:19:27+00:00\" \/>\n<meta property=\"og:image\" content=\"https:\/\/kajakkomarno.sk\/wp-content\/uploads\/2024\/07\/VCK-202402.jpg\" \/>\n\t<meta property=\"og:image:width\" content=\"960\" \/>\n\t<meta property=\"og:image:height\" content=\"720\" \/>\n\t<meta property=\"og:image:type\" content=\"image\/jpeg\" \/>\n<meta name=\"author\" content=\"petrusivi18@gmail.com\" \/>\n<meta name=\"twitter:card\" content=\"summary_large_image\" \/>\n<meta name=\"twitter:label1\" content=\"Szerz\u0151:\" \/>\n\t<meta name=\"twitter:data1\" content=\"petrusivi18@gmail.com\" \/>\n\t<meta name=\"twitter:label2\" content=\"Becs\u00fclt olvas\u00e1si id\u0151\" \/>\n\t<meta name=\"twitter:data2\" content=\"9 perc\" \/>\n<script type=\"application\/ld+json\" class=\"yoast-schema-graph\">{\"@context\":\"https:\/\/schema.org\",\"@graph\":[{\"@type\":\"Article\",\"@id\":\"https:\/\/kajakkomarno.sk\/novinky\/66-velka-cena-komarna-v-rychlostnej-kanoistike-15-06-2024\/#article\",\"isPartOf\":{\"@id\":\"https:\/\/kajakkomarno.sk\/novinky\/66-velka-cena-komarna-v-rychlostnej-kanoistike-15-06-2024\/\"},\"author\":{\"name\":\"petrusivi18@gmail.com\",\"@id\":\"https:\/\/kajakkomarno.sk\/#\/schema\/person\/c5c91af715cbb9be5937ae2db77cab69\"},\"headline\":\"66. Ve\u013ek\u00e1 cena Kom\u00e1rna v\u00a0r\u00fdchlostnej kanoistike, 15.06.2024\",\"datePublished\":\"2024-06-17T14:08:22+00:00\",\"dateModified\":\"2024-07-05T14:19:27+00:00\",\"mainEntityOfPage\":{\"@id\":\"https:\/\/kajakkomarno.sk\/novinky\/66-velka-cena-komarna-v-rychlostnej-kanoistike-15-06-2024\/\"},\"wordCount\":1545,\"commentCount\":0,\"publisher\":{\"@id\":\"https:\/\/kajakkomarno.sk\/#organization\"},\"image\":{\"@id\":\"https:\/\/kajakkomarno.sk\/novinky\/66-velka-cena-komarna-v-rychlostnej-kanoistike-15-06-2024\/#primaryimage\"},\"thumbnailUrl\":\"https:\/\/kajakkomarno.sk\/wp-content\/uploads\/2024\/07\/VCK-202402.jpg\",\"articleSection\":[\"Novinky\"],\"inLanguage\":\"hu\",\"potentialAction\":[{\"@type\":\"CommentAction\",\"name\":\"Comment\",\"target\":[\"https:\/\/kajakkomarno.sk\/novinky\/66-velka-cena-komarna-v-rychlostnej-kanoistike-15-06-2024\/#respond\"]}]},{\"@type\":\"WebPage\",\"@id\":\"https:\/\/kajakkomarno.sk\/novinky\/66-velka-cena-komarna-v-rychlostnej-kanoistike-15-06-2024\/\",\"url\":\"https:\/\/kajakkomarno.sk\/novinky\/66-velka-cena-komarna-v-rychlostnej-kanoistike-15-06-2024\/\",\"name\":\"66. Ve\u013ek\u00e1 cena Kom\u00e1rna v\u00a0r\u00fdchlostnej kanoistike, 15.06.2024 - Kajak &amp; kanoe klub Kom\u00e1rno\",\"isPartOf\":{\"@id\":\"https:\/\/kajakkomarno.sk\/#website\"},\"primaryImageOfPage\":{\"@id\":\"https:\/\/kajakkomarno.sk\/novinky\/66-velka-cena-komarna-v-rychlostnej-kanoistike-15-06-2024\/#primaryimage\"},\"image\":{\"@id\":\"https:\/\/kajakkomarno.sk\/novinky\/66-velka-cena-komarna-v-rychlostnej-kanoistike-15-06-2024\/#primaryimage\"},\"thumbnailUrl\":\"https:\/\/kajakkomarno.sk\/wp-content\/uploads\/2024\/07\/VCK-202402.jpg\",\"datePublished\":\"2024-06-17T14:08:22+00:00\",\"dateModified\":\"2024-07-05T14:19:27+00:00\",\"breadcrumb\":{\"@id\":\"https:\/\/kajakkomarno.sk\/novinky\/66-velka-cena-komarna-v-rychlostnej-kanoistike-15-06-2024\/#breadcrumb\"},\"inLanguage\":\"hu\",\"potentialAction\":[{\"@type\":\"ReadAction\",\"target\":[\"https:\/\/kajakkomarno.sk\/novinky\/66-velka-cena-komarna-v-rychlostnej-kanoistike-15-06-2024\/\"]}]},{\"@type\":\"ImageObject\",\"inLanguage\":\"hu\",\"@id\":\"https:\/\/kajakkomarno.sk\/novinky\/66-velka-cena-komarna-v-rychlostnej-kanoistike-15-06-2024\/#primaryimage\",\"url\":\"https:\/\/kajakkomarno.sk\/wp-content\/uploads\/2024\/07\/VCK-202402.jpg\",\"contentUrl\":\"https:\/\/kajakkomarno.sk\/wp-content\/uploads\/2024\/07\/VCK-202402.jpg\",\"width\":960,\"height\":720},{\"@type\":\"BreadcrumbList\",\"@id\":\"https:\/\/kajakkomarno.sk\/novinky\/66-velka-cena-komarna-v-rychlostnej-kanoistike-15-06-2024\/#breadcrumb\",\"itemListElement\":[{\"@type\":\"ListItem\",\"position\":1,\"name\":\"Domov\",\"item\":\"https:\/\/kajakkomarno.sk\/hu\/fooldal\/\"},{\"@type\":\"ListItem\",\"position\":2,\"name\":\"Novinky\",\"item\":\"https:\/\/kajakkomarno.sk\/category\/novinky\/\"},{\"@type\":\"ListItem\",\"position\":3,\"name\":\"66. Ve\u013ek\u00e1 cena Kom\u00e1rna v\u00a0r\u00fdchlostnej kanoistike, 15.06.2024\"}]},{\"@type\":\"WebSite\",\"@id\":\"https:\/\/kajakkomarno.sk\/#website\",\"url\":\"https:\/\/kajakkomarno.sk\/\",\"name\":\"Kajak &amp; kanoe klub Kom\u00e1rno\",\"description\":\"\",\"publisher\":{\"@id\":\"https:\/\/kajakkomarno.sk\/#organization\"},\"potentialAction\":[{\"@type\":\"SearchAction\",\"target\":{\"@type\":\"EntryPoint\",\"urlTemplate\":\"https:\/\/kajakkomarno.sk\/?s={search_term_string}\"},\"query-input\":{\"@type\":\"PropertyValueSpecification\",\"valueRequired\":true,\"valueName\":\"search_term_string\"}}],\"inLanguage\":\"hu\"},{\"@type\":\"Organization\",\"@id\":\"https:\/\/kajakkomarno.sk\/#organization\",\"name\":\"Kajak &amp; kanoe klub Kom\u00e1rno\",\"url\":\"https:\/\/kajakkomarno.sk\/\",\"logo\":{\"@type\":\"ImageObject\",\"inLanguage\":\"hu\",\"@id\":\"https:\/\/kajakkomarno.sk\/#\/schema\/logo\/image\/\",\"url\":\"https:\/\/kajakkomarno.sk\/wp-content\/uploads\/2022\/12\/kajak-kanoe-klub-komarno-optimized-opt.svg\",\"contentUrl\":\"https:\/\/kajakkomarno.sk\/wp-content\/uploads\/2022\/12\/kajak-kanoe-klub-komarno-optimized-opt.svg\",\"width\":307,\"height\":66,\"caption\":\"Kajak &amp; kanoe klub Kom\u00e1rno\"},\"image\":{\"@id\":\"https:\/\/kajakkomarno.sk\/#\/schema\/logo\/image\/\"}},{\"@type\":\"Person\",\"@id\":\"https:\/\/kajakkomarno.sk\/#\/schema\/person\/c5c91af715cbb9be5937ae2db77cab69\",\"name\":\"petrusivi18@gmail.com\",\"image\":{\"@type\":\"ImageObject\",\"inLanguage\":\"hu\",\"@id\":\"https:\/\/kajakkomarno.sk\/#\/schema\/person\/image\/\",\"url\":\"https:\/\/secure.gravatar.com\/avatar\/77dd3ca1ae9038935f09e411f1d53193ef634a1b97c471309f0fc163209e68d8?s=96&d=mm&r=g\",\"contentUrl\":\"https:\/\/secure.gravatar.com\/avatar\/77dd3ca1ae9038935f09e411f1d53193ef634a1b97c471309f0fc163209e68d8?s=96&d=mm&r=g\",\"caption\":\"petrusivi18@gmail.com\"},\"url\":\"https:\/\/kajakkomarno.sk\/hu\/author\/petrusivi18gmail-com\/\"}]}<\/script>\n<!-- \/ Yoast SEO plugin. -->","yoast_head_json":{"title":"66. Ve\u013ek\u00e1 cena Kom\u00e1rna v\u00a0r\u00fdchlostnej kanoistike, 15.06.2024 - Kajak &amp; kanoe klub Kom\u00e1rno","robots":{"index":"index","follow":"follow","max-snippet":"max-snippet:-1","max-image-preview":"max-image-preview:large","max-video-preview":"max-video-preview:-1"},"canonical":"https:\/\/kajakkomarno.sk\/novinky\/66-velka-cena-komarna-v-rychlostnej-kanoistike-15-06-2024\/","og_locale":"hu_HU","og_type":"article","og_title":"66. Ve\u013ek\u00e1 cena Kom\u00e1rna v\u00a0r\u00fdchlostnej kanoistike, 15.06.2024 - Kajak &amp; kanoe klub Kom\u00e1rno","og_description":"NA \u00daVOD Ve\u013ek\u00e1 cena Kom\u00e1rna v r\u00fdchlostnej kanoistike zap\u00edsala d\u0148a 15. 6.2024 u\u017e svoju 66. kapitolu. Aj tento ro\u010dn\u00edk dotv\u00e1rala pr\u00edjemn\u00e1 atmosf\u00e9ra, zodpovedn\u00e1 pr\u00edprava a organiz\u00e1cia pod veden\u00edm predsedu klubu a z\u00e1rove\u0148 riadite\u013ea pretekov Viktora Demina, mno\u017estvo pretek\u00e1rov a kr\u00e1sne \u0161portov\u00e9 z\u00e1polenia. SL\u00c1VNOSTN\u00c9 ZAH\u00c1JENIE VE\u013dKEJ CENY KOM\u00c1RNA V predve\u010der pretekov sa uskuto\u010dnilo sl\u00e1vnostn\u00e9 zah\u00e1jenie Ve\u013ekej [&hellip;]","og_url":"https:\/\/kajakkomarno.sk\/novinky\/66-velka-cena-komarna-v-rychlostnej-kanoistike-15-06-2024\/","og_site_name":"Kajak &amp; kanoe klub Kom\u00e1rno","article_published_time":"2024-06-17T14:08:22+00:00","article_modified_time":"2024-07-05T14:19:27+00:00","og_image":[{"width":960,"height":720,"url":"https:\/\/kajakkomarno.sk\/wp-content\/uploads\/2024\/07\/VCK-202402.jpg","type":"image\/jpeg"}],"author":"petrusivi18@gmail.com","twitter_card":"summary_large_image","twitter_misc":{"Szerz\u0151:":"petrusivi18@gmail.com","Becs\u00fclt olvas\u00e1si id\u0151":"9 perc"},"schema":{"@context":"https:\/\/schema.org","@graph":[{"@type":"Article","@id":"https:\/\/kajakkomarno.sk\/novinky\/66-velka-cena-komarna-v-rychlostnej-kanoistike-15-06-2024\/#article","isPartOf":{"@id":"https:\/\/kajakkomarno.sk\/novinky\/66-velka-cena-komarna-v-rychlostnej-kanoistike-15-06-2024\/"},"author":{"name":"petrusivi18@gmail.com","@id":"https:\/\/kajakkomarno.sk\/#\/schema\/person\/c5c91af715cbb9be5937ae2db77cab69"},"headline":"66. Ve\u013ek\u00e1 cena Kom\u00e1rna v\u00a0r\u00fdchlostnej kanoistike, 15.06.2024","datePublished":"2024-06-17T14:08:22+00:00","dateModified":"2024-07-05T14:19:27+00:00","mainEntityOfPage":{"@id":"https:\/\/kajakkomarno.sk\/novinky\/66-velka-cena-komarna-v-rychlostnej-kanoistike-15-06-2024\/"},"wordCount":1545,"commentCount":0,"publisher":{"@id":"https:\/\/kajakkomarno.sk\/#organization"},"image":{"@id":"https:\/\/kajakkomarno.sk\/novinky\/66-velka-cena-komarna-v-rychlostnej-kanoistike-15-06-2024\/#primaryimage"},"thumbnailUrl":"https:\/\/kajakkomarno.sk\/wp-content\/uploads\/2024\/07\/VCK-202402.jpg","articleSection":["Novinky"],"inLanguage":"hu","potentialAction":[{"@type":"CommentAction","name":"Comment","target":["https:\/\/kajakkomarno.sk\/novinky\/66-velka-cena-komarna-v-rychlostnej-kanoistike-15-06-2024\/#respond"]}]},{"@type":"WebPage","@id":"https:\/\/kajakkomarno.sk\/novinky\/66-velka-cena-komarna-v-rychlostnej-kanoistike-15-06-2024\/","url":"https:\/\/kajakkomarno.sk\/novinky\/66-velka-cena-komarna-v-rychlostnej-kanoistike-15-06-2024\/","name":"66. Ve\u013ek\u00e1 cena Kom\u00e1rna v\u00a0r\u00fdchlostnej kanoistike, 15.06.2024 - Kajak &amp; kanoe klub Kom\u00e1rno","isPartOf":{"@id":"https:\/\/kajakkomarno.sk\/#website"},"primaryImageOfPage":{"@id":"https:\/\/kajakkomarno.sk\/novinky\/66-velka-cena-komarna-v-rychlostnej-kanoistike-15-06-2024\/#primaryimage"},"image":{"@id":"https:\/\/kajakkomarno.sk\/novinky\/66-velka-cena-komarna-v-rychlostnej-kanoistike-15-06-2024\/#primaryimage"},"thumbnailUrl":"https:\/\/kajakkomarno.sk\/wp-content\/uploads\/2024\/07\/VCK-202402.jpg","datePublished":"2024-06-17T14:08:22+00:00","dateModified":"2024-07-05T14:19:27+00:00","breadcrumb":{"@id":"https:\/\/kajakkomarno.sk\/novinky\/66-velka-cena-komarna-v-rychlostnej-kanoistike-15-06-2024\/#breadcrumb"},"inLanguage":"hu","potentialAction":[{"@type":"ReadAction","target":["https:\/\/kajakkomarno.sk\/novinky\/66-velka-cena-komarna-v-rychlostnej-kanoistike-15-06-2024\/"]}]},{"@type":"ImageObject","inLanguage":"hu","@id":"https:\/\/kajakkomarno.sk\/novinky\/66-velka-cena-komarna-v-rychlostnej-kanoistike-15-06-2024\/#primaryimage","url":"https:\/\/kajakkomarno.sk\/wp-content\/uploads\/2024\/07\/VCK-202402.jpg","contentUrl":"https:\/\/kajakkomarno.sk\/wp-content\/uploads\/2024\/07\/VCK-202402.jpg","width":960,"height":720},{"@type":"BreadcrumbList","@id":"https:\/\/kajakkomarno.sk\/novinky\/66-velka-cena-komarna-v-rychlostnej-kanoistike-15-06-2024\/#breadcrumb","itemListElement":[{"@type":"ListItem","position":1,"name":"Domov","item":"https:\/\/kajakkomarno.sk\/hu\/fooldal\/"},{"@type":"ListItem","position":2,"name":"Novinky","item":"https:\/\/kajakkomarno.sk\/category\/novinky\/"},{"@type":"ListItem","position":3,"name":"66. Ve\u013ek\u00e1 cena Kom\u00e1rna v\u00a0r\u00fdchlostnej kanoistike, 15.06.2024"}]},{"@type":"WebSite","@id":"https:\/\/kajakkomarno.sk\/#website","url":"https:\/\/kajakkomarno.sk\/","name":"Kajak &amp; kanoe klub Kom\u00e1rno","description":"","publisher":{"@id":"https:\/\/kajakkomarno.sk\/#organization"},"potentialAction":[{"@type":"SearchAction","target":{"@type":"EntryPoint","urlTemplate":"https:\/\/kajakkomarno.sk\/?s={search_term_string}"},"query-input":{"@type":"PropertyValueSpecification","valueRequired":true,"valueName":"search_term_string"}}],"inLanguage":"hu"},{"@type":"Organization","@id":"https:\/\/kajakkomarno.sk\/#organization","name":"Kajak &amp; kanoe klub Kom\u00e1rno","url":"https:\/\/kajakkomarno.sk\/","logo":{"@type":"ImageObject","inLanguage":"hu","@id":"https:\/\/kajakkomarno.sk\/#\/schema\/logo\/image\/","url":"https:\/\/kajakkomarno.sk\/wp-content\/uploads\/2022\/12\/kajak-kanoe-klub-komarno-optimized-opt.svg","contentUrl":"https:\/\/kajakkomarno.sk\/wp-content\/uploads\/2022\/12\/kajak-kanoe-klub-komarno-optimized-opt.svg","width":307,"height":66,"caption":"Kajak &amp; kanoe klub Kom\u00e1rno"},"image":{"@id":"https:\/\/kajakkomarno.sk\/#\/schema\/logo\/image\/"}},{"@type":"Person","@id":"https:\/\/kajakkomarno.sk\/#\/schema\/person\/c5c91af715cbb9be5937ae2db77cab69","name":"petrusivi18@gmail.com","image":{"@type":"ImageObject","inLanguage":"hu","@id":"https:\/\/kajakkomarno.sk\/#\/schema\/person\/image\/","url":"https:\/\/secure.gravatar.com\/avatar\/77dd3ca1ae9038935f09e411f1d53193ef634a1b97c471309f0fc163209e68d8?s=96&d=mm&r=g","contentUrl":"https:\/\/secure.gravatar.com\/avatar\/77dd3ca1ae9038935f09e411f1d53193ef634a1b97c471309f0fc163209e68d8?s=96&d=mm&r=g","caption":"petrusivi18@gmail.com"},"url":"https:\/\/kajakkomarno.sk\/hu\/author\/petrusivi18gmail-com\/"}]}},"_links":{"self":[{"href":"https:\/\/kajakkomarno.sk\/hu\/wp-json\/wp\/v2\/posts\/4729","targetHints":{"allow":["GET"]}}],"collection":[{"href":"https:\/\/kajakkomarno.sk\/hu\/wp-json\/wp\/v2\/posts"}],"about":[{"href":"https:\/\/kajakkomarno.sk\/hu\/wp-json\/wp\/v2\/types\/post"}],"author":[{"embeddable":true,"href":"https:\/\/kajakkomarno.sk\/hu\/wp-json\/wp\/v2\/users\/3"}],"replies":[{"embeddable":true,"href":"https:\/\/kajakkomarno.sk\/hu\/wp-json\/wp\/v2\/comments?post=4729"}],"version-history":[{"count":0,"href":"https:\/\/kajakkomarno.sk\/hu\/wp-json\/wp\/v2\/posts\/4729\/revisions"}],"wp:featuredmedia":[{"embeddable":true,"href":"https:\/\/kajakkomarno.sk\/hu\/wp-json\/wp\/v2\/media\/4736"}],"wp:attachment":[{"href":"https:\/\/kajakkomarno.sk\/hu\/wp-json\/wp\/v2\/media?parent=4729"}],"wp:term":[{"taxonomy":"category","embeddable":true,"href":"https:\/\/kajakkomarno.sk\/hu\/wp-json\/wp\/v2\/categories?post=4729"},{"taxonomy":"post_tag","embeddable":true,"href":"https:\/\/kajakkomarno.sk\/hu\/wp-json\/wp\/v2\/tags?post=4729"}],"curies":[{"name":"wp","href":"https:\/\/api.w.org\/{rel}","templated":true}]}}