{"id":4518,"date":"2024-05-28T21:22:47","date_gmt":"2024-05-28T19:22:47","guid":{"rendered":"https:\/\/kajakkomarno.sk\/?p=4518"},"modified":"2024-05-30T21:28:57","modified_gmt":"2024-05-30T19:28:57","slug":"adam-botek-a-akos-gacsal-na-2-svetovom-pohari-v-poznani","status":"publish","type":"post","link":"https:\/\/kajakkomarno.sk\/hu\/novinky\/adam-botek-a-akos-gacsal-na-2-svetovom-pohari-v-poznani\/","title":{"rendered":"Adam  BOTEK a \u00c1kos GACSAL na  2. SVETOVOM  POH\u00c1RI  V POZNANI"},"content":{"rendered":"<p class=\"western\"><span style=\"font-size: medium;\">2. Svetov\u00fd poh\u00e1r v Poznani sa konal v d\u0148och 24.5. a\u017e 26.5.2024. V slovenskom v\u00fdbere sme mali dvoch z\u00e1stupcov z Kom\u00e1rna: <strong>Adama BOTEKA a \u00c1kosa GACSALA.<\/strong><\/span><\/p>\n<h2 class=\"western\"><span style=\"font-size: medium;\"><b>Bronzov\u00e1 medaila pre K4 M na 500 m<\/b><\/span><\/h2>\n<p class=\"western\"><span style=\"font-size: medium;\">Po prv\u00fdkr\u00e1t v tejto sez\u00f3ne sa predstavila na pretekoch K4 na 500 m v zlo\u017een\u00ed Adam BOTEK- Samo BAL\u00c1\u017d- Denis MY\u0160\u00c1K- Csaba ZALKA. Ur\u010dite t\u00fa\u017eili nadviaza\u0165 na ich \u00faspe\u0161n\u00e9 jazdy z minul\u00fdch rokov. Ich vyst\u00fapenie v Poznani bolo \u00faspe\u0161n\u00e9, medailov\u00e9. Vo fin\u00e1le obsadili skvel\u00e9 3.miesto, ke\u010f r\u00fdchlej\u0161ie boli iba lode Nemecka a \u010c\u00edny. <strong>Bronzov\u00e1 medaila m\u00e1 v\u0161ak pre slovensk\u00fa K4 s na\u0161im Adamom BOTEKOM cenu zlata.<\/strong><\/span><\/p>\n<p>&nbsp;<\/p>\n<figure id=\"attachment_4521\" aria-describedby=\"caption-attachment-4521\" style=\"width: 960px\" class=\"wp-caption aligncenter\"><img fetchpriority=\"high\" decoding=\"async\" class=\"wp-image-4521 size-full\" src=\"https:\/\/kajakkomarno.sk\/wp-content\/uploads\/2024\/05\/K4-POZNAN.jpg\" alt=\"\" width=\"960\" height=\"735\" srcset=\"https:\/\/kajakkomarno.sk\/wp-content\/uploads\/2024\/05\/K4-POZNAN.jpg 960w, https:\/\/kajakkomarno.sk\/wp-content\/uploads\/2024\/05\/K4-POZNAN-450x345.jpg 450w, https:\/\/kajakkomarno.sk\/wp-content\/uploads\/2024\/05\/K4-POZNAN-768x588.jpg 768w\" sizes=\"(max-width: 960px) 100vw, 960px\" \/><figcaption id=\"caption-attachment-4521\" class=\"wp-caption-text\">Slovensk\u00e1 K4 s na\u0161im Adamom BOTEKOM s vyt\u00fa\u017eenou bronzovou medailou, ktor\u00e1 m\u00e1 cenu zlata\u00a0<\/figcaption><\/figure>\n<h2 class=\"western\"><span style=\"font-size: medium;\"><b>Vo fin\u00e1le 8.miesto pre K2 M na 500 m<\/b><\/span><\/h2>\n<p class=\"western\"><span style=\"font-size: medium;\">V konkurencii K2 mu\u017ei 500 m nast\u00fapili na \u0161tart <strong>\u00c1kos GACSAL &#8211; Milan D<\/strong><\/span><strong><span style=\"color: #000000;\"><span style=\"font-size: medium;\"><span lang=\"sk-SK\">\u00d6<\/span><\/span><\/span><\/strong><span style=\"font-size: medium;\"><strong>RNER<\/strong> . Zo semifin\u00e1le post\u00fapili do fin\u00e1le, kde obsadili pekn\u00e9 8.miesto. Aj tu dominovali dve nemeck\u00e9 pos\u00e1dky, ktor\u00e9 s\u00fa s\u00fa\u010das\u0165ou v\u00ed\u0165aznej K4.<\/span><\/p>\n<figure id=\"attachment_4478\" aria-describedby=\"caption-attachment-4478\" style=\"width: 960px\" class=\"wp-caption aligncenter\"><img decoding=\"async\" class=\"wp-image-4478 size-full\" src=\"https:\/\/kajakkomarno.sk\/wp-content\/uploads\/2024\/05\/EK-20244.jpg\" alt=\"\" width=\"960\" height=\"640\" srcset=\"https:\/\/kajakkomarno.sk\/wp-content\/uploads\/2024\/05\/EK-20244.jpg 960w, https:\/\/kajakkomarno.sk\/wp-content\/uploads\/2024\/05\/EK-20244-450x300.jpg 450w, https:\/\/kajakkomarno.sk\/wp-content\/uploads\/2024\/05\/EK-20244-768x512.jpg 768w\" sizes=\"(max-width: 960px) 100vw, 960px\" \/><figcaption id=\"caption-attachment-4478\" class=\"wp-caption-text\">\u00c1kos GACSAL- Milan D\u00d6RNER<\/figcaption><\/figure>\n<h2 class=\"western\"><span style=\"font-size: medium;\">BLAHO\u017dEL\u00c1ME!<\/span><\/h2>\n","protected":false},"excerpt":{"rendered":"<p>2. Svetov\u00fd poh\u00e1r v Poznani sa konal v d\u0148och 24.5. a\u017e 26.5.2024. V slovenskom v\u00fdbere sme mali dvoch z\u00e1stupcov z Kom\u00e1rna: Adama BOTEKA a \u00c1kosa GACSALA. Bronzov\u00e1 medaila pre K4 M na 500 m Po prv\u00fdkr\u00e1t v tejto sez\u00f3ne sa predstavila na pretekoch K4 na 500 m v zlo\u017een\u00ed Adam BOTEK- Samo BAL\u00c1\u017d- Denis MY\u0160\u00c1K- [&hellip;]<\/p>\n","protected":false},"author":3,"featured_media":4519,"comment_status":"open","ping_status":"open","sticky":false,"template":"","format":"standard","meta":{"inline_featured_image":false,"footnotes":""},"categories":[1],"tags":[],"class_list":["post-4518","post","type-post","status-publish","format-standard","has-post-thumbnail","hentry","category-novinky"],"acf":[],"yoast_head":"<!-- This site is optimized with the Yoast SEO plugin v26.6 - https:\/\/yoast.com\/wordpress\/plugins\/seo\/ -->\n<title>Adam BOTEK a \u00c1kos GACSAL na 2. SVETOVOM POH\u00c1RI V POZNANI - Kajak &amp; kanoe klub Kom\u00e1rno<\/title>\n<meta name=\"robots\" content=\"index, follow, max-snippet:-1, max-image-preview:large, max-video-preview:-1\" \/>\n<link rel=\"canonical\" href=\"https:\/\/kajakkomarno.sk\/novinky\/adam-botek-a-akos-gacsal-na-2-svetovom-pohari-v-poznani\/\" \/>\n<meta property=\"og:locale\" content=\"hu_HU\" \/>\n<meta property=\"og:type\" content=\"article\" \/>\n<meta property=\"og:title\" content=\"Adam BOTEK a \u00c1kos GACSAL na 2. SVETOVOM POH\u00c1RI V POZNANI - Kajak &amp; kanoe klub Kom\u00e1rno\" \/>\n<meta property=\"og:description\" content=\"2. Svetov\u00fd poh\u00e1r v Poznani sa konal v d\u0148och 24.5. a\u017e 26.5.2024. V slovenskom v\u00fdbere sme mali dvoch z\u00e1stupcov z Kom\u00e1rna: Adama BOTEKA a \u00c1kosa GACSALA. Bronzov\u00e1 medaila pre K4 M na 500 m Po prv\u00fdkr\u00e1t v tejto sez\u00f3ne sa predstavila na pretekoch K4 na 500 m v zlo\u017een\u00ed Adam BOTEK- Samo BAL\u00c1\u017d- Denis MY\u0160\u00c1K- [&hellip;]\" \/>\n<meta property=\"og:url\" content=\"https:\/\/kajakkomarno.sk\/novinky\/adam-botek-a-akos-gacsal-na-2-svetovom-pohari-v-poznani\/\" \/>\n<meta property=\"og:site_name\" content=\"Kajak &amp; kanoe klub Kom\u00e1rno\" \/>\n<meta property=\"article:published_time\" content=\"2024-05-28T19:22:47+00:00\" \/>\n<meta property=\"article:modified_time\" content=\"2024-05-30T19:28:57+00:00\" \/>\n<meta property=\"og:image\" content=\"https:\/\/kajakkomarno.sk\/wp-content\/uploads\/2024\/05\/K4-01-POZNAN.jpg\" \/>\n\t<meta property=\"og:image:width\" content=\"960\" \/>\n\t<meta property=\"og:image:height\" content=\"714\" \/>\n\t<meta property=\"og:image:type\" content=\"image\/jpeg\" \/>\n<meta name=\"author\" content=\"petrusivi18@gmail.com\" \/>\n<meta name=\"twitter:card\" content=\"summary_large_image\" \/>\n<meta name=\"twitter:label1\" content=\"Szerz\u0151:\" \/>\n\t<meta name=\"twitter:data1\" content=\"petrusivi18@gmail.com\" \/>\n\t<meta name=\"twitter:label2\" content=\"Becs\u00fclt olvas\u00e1si id\u0151\" \/>\n\t<meta name=\"twitter:data2\" content=\"2 perc\" \/>\n<script type=\"application\/ld+json\" class=\"yoast-schema-graph\">{\"@context\":\"https:\/\/schema.org\",\"@graph\":[{\"@type\":\"Article\",\"@id\":\"https:\/\/kajakkomarno.sk\/novinky\/adam-botek-a-akos-gacsal-na-2-svetovom-pohari-v-poznani\/#article\",\"isPartOf\":{\"@id\":\"https:\/\/kajakkomarno.sk\/novinky\/adam-botek-a-akos-gacsal-na-2-svetovom-pohari-v-poznani\/\"},\"author\":{\"name\":\"petrusivi18@gmail.com\",\"@id\":\"https:\/\/kajakkomarno.sk\/#\/schema\/person\/c5c91af715cbb9be5937ae2db77cab69\"},\"headline\":\"Adam BOTEK a \u00c1kos GACSAL na 2. SVETOVOM POH\u00c1RI V POZNANI\",\"datePublished\":\"2024-05-28T19:22:47+00:00\",\"dateModified\":\"2024-05-30T19:28:57+00:00\",\"mainEntityOfPage\":{\"@id\":\"https:\/\/kajakkomarno.sk\/novinky\/adam-botek-a-akos-gacsal-na-2-svetovom-pohari-v-poznani\/\"},\"wordCount\":219,\"commentCount\":0,\"publisher\":{\"@id\":\"https:\/\/kajakkomarno.sk\/#organization\"},\"image\":{\"@id\":\"https:\/\/kajakkomarno.sk\/novinky\/adam-botek-a-akos-gacsal-na-2-svetovom-pohari-v-poznani\/#primaryimage\"},\"thumbnailUrl\":\"https:\/\/kajakkomarno.sk\/wp-content\/uploads\/2024\/05\/K4-01-POZNAN.jpg\",\"articleSection\":[\"Novinky\"],\"inLanguage\":\"hu\",\"potentialAction\":[{\"@type\":\"CommentAction\",\"name\":\"Comment\",\"target\":[\"https:\/\/kajakkomarno.sk\/novinky\/adam-botek-a-akos-gacsal-na-2-svetovom-pohari-v-poznani\/#respond\"]}]},{\"@type\":\"WebPage\",\"@id\":\"https:\/\/kajakkomarno.sk\/novinky\/adam-botek-a-akos-gacsal-na-2-svetovom-pohari-v-poznani\/\",\"url\":\"https:\/\/kajakkomarno.sk\/novinky\/adam-botek-a-akos-gacsal-na-2-svetovom-pohari-v-poznani\/\",\"name\":\"Adam BOTEK a \u00c1kos GACSAL na 2. SVETOVOM POH\u00c1RI V POZNANI - Kajak &amp; kanoe klub Kom\u00e1rno\",\"isPartOf\":{\"@id\":\"https:\/\/kajakkomarno.sk\/#website\"},\"primaryImageOfPage\":{\"@id\":\"https:\/\/kajakkomarno.sk\/novinky\/adam-botek-a-akos-gacsal-na-2-svetovom-pohari-v-poznani\/#primaryimage\"},\"image\":{\"@id\":\"https:\/\/kajakkomarno.sk\/novinky\/adam-botek-a-akos-gacsal-na-2-svetovom-pohari-v-poznani\/#primaryimage\"},\"thumbnailUrl\":\"https:\/\/kajakkomarno.sk\/wp-content\/uploads\/2024\/05\/K4-01-POZNAN.jpg\",\"datePublished\":\"2024-05-28T19:22:47+00:00\",\"dateModified\":\"2024-05-30T19:28:57+00:00\",\"breadcrumb\":{\"@id\":\"https:\/\/kajakkomarno.sk\/novinky\/adam-botek-a-akos-gacsal-na-2-svetovom-pohari-v-poznani\/#breadcrumb\"},\"inLanguage\":\"hu\",\"potentialAction\":[{\"@type\":\"ReadAction\",\"target\":[\"https:\/\/kajakkomarno.sk\/novinky\/adam-botek-a-akos-gacsal-na-2-svetovom-pohari-v-poznani\/\"]}]},{\"@type\":\"ImageObject\",\"inLanguage\":\"hu\",\"@id\":\"https:\/\/kajakkomarno.sk\/novinky\/adam-botek-a-akos-gacsal-na-2-svetovom-pohari-v-poznani\/#primaryimage\",\"url\":\"https:\/\/kajakkomarno.sk\/wp-content\/uploads\/2024\/05\/K4-01-POZNAN.jpg\",\"contentUrl\":\"https:\/\/kajakkomarno.sk\/wp-content\/uploads\/2024\/05\/K4-01-POZNAN.jpg\",\"width\":960,\"height\":714},{\"@type\":\"BreadcrumbList\",\"@id\":\"https:\/\/kajakkomarno.sk\/novinky\/adam-botek-a-akos-gacsal-na-2-svetovom-pohari-v-poznani\/#breadcrumb\",\"itemListElement\":[{\"@type\":\"ListItem\",\"position\":1,\"name\":\"Domov\",\"item\":\"https:\/\/kajakkomarno.sk\/hu\/fooldal\/\"},{\"@type\":\"ListItem\",\"position\":2,\"name\":\"Novinky\",\"item\":\"https:\/\/kajakkomarno.sk\/category\/novinky\/\"},{\"@type\":\"ListItem\",\"position\":3,\"name\":\"Adam BOTEK a \u00c1kos GACSAL na 2. SVETOVOM POH\u00c1RI V POZNANI\"}]},{\"@type\":\"WebSite\",\"@id\":\"https:\/\/kajakkomarno.sk\/#website\",\"url\":\"https:\/\/kajakkomarno.sk\/\",\"name\":\"Kajak &amp; kanoe klub Kom\u00e1rno\",\"description\":\"\",\"publisher\":{\"@id\":\"https:\/\/kajakkomarno.sk\/#organization\"},\"potentialAction\":[{\"@type\":\"SearchAction\",\"target\":{\"@type\":\"EntryPoint\",\"urlTemplate\":\"https:\/\/kajakkomarno.sk\/?s={search_term_string}\"},\"query-input\":{\"@type\":\"PropertyValueSpecification\",\"valueRequired\":true,\"valueName\":\"search_term_string\"}}],\"inLanguage\":\"hu\"},{\"@type\":\"Organization\",\"@id\":\"https:\/\/kajakkomarno.sk\/#organization\",\"name\":\"Kajak &amp; kanoe klub Kom\u00e1rno\",\"url\":\"https:\/\/kajakkomarno.sk\/\",\"logo\":{\"@type\":\"ImageObject\",\"inLanguage\":\"hu\",\"@id\":\"https:\/\/kajakkomarno.sk\/#\/schema\/logo\/image\/\",\"url\":\"https:\/\/kajakkomarno.sk\/wp-content\/uploads\/2022\/12\/kajak-kanoe-klub-komarno-optimized-opt.svg\",\"contentUrl\":\"https:\/\/kajakkomarno.sk\/wp-content\/uploads\/2022\/12\/kajak-kanoe-klub-komarno-optimized-opt.svg\",\"width\":307,\"height\":66,\"caption\":\"Kajak &amp; kanoe klub Kom\u00e1rno\"},\"image\":{\"@id\":\"https:\/\/kajakkomarno.sk\/#\/schema\/logo\/image\/\"}},{\"@type\":\"Person\",\"@id\":\"https:\/\/kajakkomarno.sk\/#\/schema\/person\/c5c91af715cbb9be5937ae2db77cab69\",\"name\":\"petrusivi18@gmail.com\",\"image\":{\"@type\":\"ImageObject\",\"inLanguage\":\"hu\",\"@id\":\"https:\/\/kajakkomarno.sk\/#\/schema\/person\/image\/\",\"url\":\"https:\/\/secure.gravatar.com\/avatar\/77dd3ca1ae9038935f09e411f1d53193ef634a1b97c471309f0fc163209e68d8?s=96&d=mm&r=g\",\"contentUrl\":\"https:\/\/secure.gravatar.com\/avatar\/77dd3ca1ae9038935f09e411f1d53193ef634a1b97c471309f0fc163209e68d8?s=96&d=mm&r=g\",\"caption\":\"petrusivi18@gmail.com\"},\"url\":\"https:\/\/kajakkomarno.sk\/hu\/author\/petrusivi18gmail-com\/\"}]}<\/script>\n<!-- \/ Yoast SEO plugin. -->","yoast_head_json":{"title":"Adam BOTEK a \u00c1kos GACSAL na 2. SVETOVOM POH\u00c1RI V POZNANI - Kajak &amp; kanoe klub Kom\u00e1rno","robots":{"index":"index","follow":"follow","max-snippet":"max-snippet:-1","max-image-preview":"max-image-preview:large","max-video-preview":"max-video-preview:-1"},"canonical":"https:\/\/kajakkomarno.sk\/novinky\/adam-botek-a-akos-gacsal-na-2-svetovom-pohari-v-poznani\/","og_locale":"hu_HU","og_type":"article","og_title":"Adam BOTEK a \u00c1kos GACSAL na 2. SVETOVOM POH\u00c1RI V POZNANI - Kajak &amp; kanoe klub Kom\u00e1rno","og_description":"2. Svetov\u00fd poh\u00e1r v Poznani sa konal v d\u0148och 24.5. a\u017e 26.5.2024. V slovenskom v\u00fdbere sme mali dvoch z\u00e1stupcov z Kom\u00e1rna: Adama BOTEKA a \u00c1kosa GACSALA. Bronzov\u00e1 medaila pre K4 M na 500 m Po prv\u00fdkr\u00e1t v tejto sez\u00f3ne sa predstavila na pretekoch K4 na 500 m v zlo\u017een\u00ed Adam BOTEK- Samo BAL\u00c1\u017d- Denis MY\u0160\u00c1K- [&hellip;]","og_url":"https:\/\/kajakkomarno.sk\/novinky\/adam-botek-a-akos-gacsal-na-2-svetovom-pohari-v-poznani\/","og_site_name":"Kajak &amp; kanoe klub Kom\u00e1rno","article_published_time":"2024-05-28T19:22:47+00:00","article_modified_time":"2024-05-30T19:28:57+00:00","og_image":[{"width":960,"height":714,"url":"https:\/\/kajakkomarno.sk\/wp-content\/uploads\/2024\/05\/K4-01-POZNAN.jpg","type":"image\/jpeg"}],"author":"petrusivi18@gmail.com","twitter_card":"summary_large_image","twitter_misc":{"Szerz\u0151:":"petrusivi18@gmail.com","Becs\u00fclt olvas\u00e1si id\u0151":"2 perc"},"schema":{"@context":"https:\/\/schema.org","@graph":[{"@type":"Article","@id":"https:\/\/kajakkomarno.sk\/novinky\/adam-botek-a-akos-gacsal-na-2-svetovom-pohari-v-poznani\/#article","isPartOf":{"@id":"https:\/\/kajakkomarno.sk\/novinky\/adam-botek-a-akos-gacsal-na-2-svetovom-pohari-v-poznani\/"},"author":{"name":"petrusivi18@gmail.com","@id":"https:\/\/kajakkomarno.sk\/#\/schema\/person\/c5c91af715cbb9be5937ae2db77cab69"},"headline":"Adam BOTEK a \u00c1kos GACSAL na 2. SVETOVOM POH\u00c1RI V POZNANI","datePublished":"2024-05-28T19:22:47+00:00","dateModified":"2024-05-30T19:28:57+00:00","mainEntityOfPage":{"@id":"https:\/\/kajakkomarno.sk\/novinky\/adam-botek-a-akos-gacsal-na-2-svetovom-pohari-v-poznani\/"},"wordCount":219,"commentCount":0,"publisher":{"@id":"https:\/\/kajakkomarno.sk\/#organization"},"image":{"@id":"https:\/\/kajakkomarno.sk\/novinky\/adam-botek-a-akos-gacsal-na-2-svetovom-pohari-v-poznani\/#primaryimage"},"thumbnailUrl":"https:\/\/kajakkomarno.sk\/wp-content\/uploads\/2024\/05\/K4-01-POZNAN.jpg","articleSection":["Novinky"],"inLanguage":"hu","potentialAction":[{"@type":"CommentAction","name":"Comment","target":["https:\/\/kajakkomarno.sk\/novinky\/adam-botek-a-akos-gacsal-na-2-svetovom-pohari-v-poznani\/#respond"]}]},{"@type":"WebPage","@id":"https:\/\/kajakkomarno.sk\/novinky\/adam-botek-a-akos-gacsal-na-2-svetovom-pohari-v-poznani\/","url":"https:\/\/kajakkomarno.sk\/novinky\/adam-botek-a-akos-gacsal-na-2-svetovom-pohari-v-poznani\/","name":"Adam BOTEK a \u00c1kos GACSAL na 2. SVETOVOM POH\u00c1RI V POZNANI - Kajak &amp; kanoe klub Kom\u00e1rno","isPartOf":{"@id":"https:\/\/kajakkomarno.sk\/#website"},"primaryImageOfPage":{"@id":"https:\/\/kajakkomarno.sk\/novinky\/adam-botek-a-akos-gacsal-na-2-svetovom-pohari-v-poznani\/#primaryimage"},"image":{"@id":"https:\/\/kajakkomarno.sk\/novinky\/adam-botek-a-akos-gacsal-na-2-svetovom-pohari-v-poznani\/#primaryimage"},"thumbnailUrl":"https:\/\/kajakkomarno.sk\/wp-content\/uploads\/2024\/05\/K4-01-POZNAN.jpg","datePublished":"2024-05-28T19:22:47+00:00","dateModified":"2024-05-30T19:28:57+00:00","breadcrumb":{"@id":"https:\/\/kajakkomarno.sk\/novinky\/adam-botek-a-akos-gacsal-na-2-svetovom-pohari-v-poznani\/#breadcrumb"},"inLanguage":"hu","potentialAction":[{"@type":"ReadAction","target":["https:\/\/kajakkomarno.sk\/novinky\/adam-botek-a-akos-gacsal-na-2-svetovom-pohari-v-poznani\/"]}]},{"@type":"ImageObject","inLanguage":"hu","@id":"https:\/\/kajakkomarno.sk\/novinky\/adam-botek-a-akos-gacsal-na-2-svetovom-pohari-v-poznani\/#primaryimage","url":"https:\/\/kajakkomarno.sk\/wp-content\/uploads\/2024\/05\/K4-01-POZNAN.jpg","contentUrl":"https:\/\/kajakkomarno.sk\/wp-content\/uploads\/2024\/05\/K4-01-POZNAN.jpg","width":960,"height":714},{"@type":"BreadcrumbList","@id":"https:\/\/kajakkomarno.sk\/novinky\/adam-botek-a-akos-gacsal-na-2-svetovom-pohari-v-poznani\/#breadcrumb","itemListElement":[{"@type":"ListItem","position":1,"name":"Domov","item":"https:\/\/kajakkomarno.sk\/hu\/fooldal\/"},{"@type":"ListItem","position":2,"name":"Novinky","item":"https:\/\/kajakkomarno.sk\/category\/novinky\/"},{"@type":"ListItem","position":3,"name":"Adam BOTEK a \u00c1kos GACSAL na 2. SVETOVOM POH\u00c1RI V POZNANI"}]},{"@type":"WebSite","@id":"https:\/\/kajakkomarno.sk\/#website","url":"https:\/\/kajakkomarno.sk\/","name":"Kajak &amp; kanoe klub Kom\u00e1rno","description":"","publisher":{"@id":"https:\/\/kajakkomarno.sk\/#organization"},"potentialAction":[{"@type":"SearchAction","target":{"@type":"EntryPoint","urlTemplate":"https:\/\/kajakkomarno.sk\/?s={search_term_string}"},"query-input":{"@type":"PropertyValueSpecification","valueRequired":true,"valueName":"search_term_string"}}],"inLanguage":"hu"},{"@type":"Organization","@id":"https:\/\/kajakkomarno.sk\/#organization","name":"Kajak &amp; kanoe klub Kom\u00e1rno","url":"https:\/\/kajakkomarno.sk\/","logo":{"@type":"ImageObject","inLanguage":"hu","@id":"https:\/\/kajakkomarno.sk\/#\/schema\/logo\/image\/","url":"https:\/\/kajakkomarno.sk\/wp-content\/uploads\/2022\/12\/kajak-kanoe-klub-komarno-optimized-opt.svg","contentUrl":"https:\/\/kajakkomarno.sk\/wp-content\/uploads\/2022\/12\/kajak-kanoe-klub-komarno-optimized-opt.svg","width":307,"height":66,"caption":"Kajak &amp; kanoe klub Kom\u00e1rno"},"image":{"@id":"https:\/\/kajakkomarno.sk\/#\/schema\/logo\/image\/"}},{"@type":"Person","@id":"https:\/\/kajakkomarno.sk\/#\/schema\/person\/c5c91af715cbb9be5937ae2db77cab69","name":"petrusivi18@gmail.com","image":{"@type":"ImageObject","inLanguage":"hu","@id":"https:\/\/kajakkomarno.sk\/#\/schema\/person\/image\/","url":"https:\/\/secure.gravatar.com\/avatar\/77dd3ca1ae9038935f09e411f1d53193ef634a1b97c471309f0fc163209e68d8?s=96&d=mm&r=g","contentUrl":"https:\/\/secure.gravatar.com\/avatar\/77dd3ca1ae9038935f09e411f1d53193ef634a1b97c471309f0fc163209e68d8?s=96&d=mm&r=g","caption":"petrusivi18@gmail.com"},"url":"https:\/\/kajakkomarno.sk\/hu\/author\/petrusivi18gmail-com\/"}]}},"_links":{"self":[{"href":"https:\/\/kajakkomarno.sk\/hu\/wp-json\/wp\/v2\/posts\/4518","targetHints":{"allow":["GET"]}}],"collection":[{"href":"https:\/\/kajakkomarno.sk\/hu\/wp-json\/wp\/v2\/posts"}],"about":[{"href":"https:\/\/kajakkomarno.sk\/hu\/wp-json\/wp\/v2\/types\/post"}],"author":[{"embeddable":true,"href":"https:\/\/kajakkomarno.sk\/hu\/wp-json\/wp\/v2\/users\/3"}],"replies":[{"embeddable":true,"href":"https:\/\/kajakkomarno.sk\/hu\/wp-json\/wp\/v2\/comments?post=4518"}],"version-history":[{"count":0,"href":"https:\/\/kajakkomarno.sk\/hu\/wp-json\/wp\/v2\/posts\/4518\/revisions"}],"wp:featuredmedia":[{"embeddable":true,"href":"https:\/\/kajakkomarno.sk\/hu\/wp-json\/wp\/v2\/media\/4519"}],"wp:attachment":[{"href":"https:\/\/kajakkomarno.sk\/hu\/wp-json\/wp\/v2\/media?parent=4518"}],"wp:term":[{"taxonomy":"category","embeddable":true,"href":"https:\/\/kajakkomarno.sk\/hu\/wp-json\/wp\/v2\/categories?post=4518"},{"taxonomy":"post_tag","embeddable":true,"href":"https:\/\/kajakkomarno.sk\/hu\/wp-json\/wp\/v2\/tags?post=4518"}],"curies":[{"name":"wp","href":"https:\/\/api.w.org\/{rel}","templated":true}]}}