{"id":4489,"date":"2024-05-20T20:52:30","date_gmt":"2024-05-20T18:52:30","guid":{"rendered":"https:\/\/kajakkomarno.sk\/?p=4489"},"modified":"2024-05-30T21:20:47","modified_gmt":"2024-05-30T19:20:47","slug":"mladeznici-v-raciciach-uspesni","status":"publish","type":"post","link":"https:\/\/kajakkomarno.sk\/hu\/novinky\/mladeznici-v-raciciach-uspesni\/","title":{"rendered":"Ml\u00e1de\u017en\u00edci v Ra\u010diciach \u00faspe\u0161n\u00ed"},"content":{"rendered":"<p align=\"left\"><span lang=\"sk-SK\">V d\u0148och 17.05. -19.05.2024 sa \u010d<\/span><span lang=\"sk-SK\">lenovia S<\/span><span lang=\"sk-SK\">lovensk\u00e9ho ml\u00e1de\u017en\u00edckeho t\u00edmu z\u00fa\u010dastnili v Ra\u010diciach <\/span><span lang=\"sk-SK\">na pretekoch v r\u00e1mci \u010ce<\/span><span lang=\"sk-SK\">sk\u00e9ho poh\u00e1ra ml\u00e1de\u017ee. \u010clenmi ml\u00e1de\u017en\u00edckeho t\u00edmu boli chlapci a diev\u010dat\u00e1 n\u00e1\u0161ho klubu : <strong>Gr\u00e9ta DOS\u00daDILOV\u00c1, Sz\u00f3fia NAGY, Tom\u00e1\u0161 \u0150RI, Alex \u00d3DOR a tr\u00e9ner Franti\u0161ek DOS\u00daDIL<\/strong>.\u00a0 Je \u0161koda, \u017ee sa v nede\u013eu pre zdravotn\u00e9 probl\u00e9my musel z nede\u013e\u0148aj\u0161\u00edch pretekov odhl\u00e1si\u0165 n\u00e1\u0161 kajak\u00e1r Tom\u00e1\u0161 <\/span><span lang=\"sk-SK\">\u0150RI. <\/span><\/p>\n<p align=\"left\"><span lang=\"sk-SK\">V silnej konkurencii pretek\u00e1rov z \u010ciech a slovensk\u00e9ho v\u00fdberu<\/span><span lang=\"sk-SK\"> podali na\u0161i pretek\u00e1ri v\u00fdborn\u00e9 v\u00fdkony. <\/span><\/p>\n<p align=\"left\"><strong><span lang=\"sk-SK\">Z\u00edskali celkom 8 medail\u00ed: 2x 1.miesto, 4x 2.miesto a 2x 3.miesto.<\/span><\/strong><\/p>\n<figure id=\"attachment_4499\" aria-describedby=\"caption-attachment-4499\" style=\"width: 960px\" class=\"wp-caption alignnone\"><img fetchpriority=\"high\" decoding=\"async\" class=\"wp-image-4499 size-full\" src=\"https:\/\/kajakkomarno.sk\/wp-content\/uploads\/2024\/05\/SMT-RACICE-2402.jpg\" alt=\"\" width=\"960\" height=\"720\" srcset=\"https:\/\/kajakkomarno.sk\/wp-content\/uploads\/2024\/05\/SMT-RACICE-2402.jpg 960w, https:\/\/kajakkomarno.sk\/wp-content\/uploads\/2024\/05\/SMT-RACICE-2402-450x338.jpg 450w, https:\/\/kajakkomarno.sk\/wp-content\/uploads\/2024\/05\/SMT-RACICE-2402-768x576.jpg 768w\" sizes=\"(max-width: 960px) 100vw, 960px\" \/><figcaption id=\"caption-attachment-4499\" class=\"wp-caption-text\">Na\u0161i \u00faspe\u0161n\u00ed reprezentanti<\/figcaption><\/figure>\n<p>&nbsp;<\/p>\n<figure id=\"attachment_4491\" aria-describedby=\"caption-attachment-4491\" style=\"width: 800px\" class=\"wp-caption aligncenter\"><img decoding=\"async\" class=\"wp-image-4491 size-large\" src=\"https:\/\/kajakkomarno.sk\/wp-content\/uploads\/2024\/05\/K1-500-ODOR-1024x768.jpg\" alt=\"\" width=\"800\" height=\"600\" srcset=\"https:\/\/kajakkomarno.sk\/wp-content\/uploads\/2024\/05\/K1-500-ODOR-1024x768.jpg 1024w, https:\/\/kajakkomarno.sk\/wp-content\/uploads\/2024\/05\/K1-500-ODOR-450x338.jpg 450w, https:\/\/kajakkomarno.sk\/wp-content\/uploads\/2024\/05\/K1-500-ODOR-768x576.jpg 768w, https:\/\/kajakkomarno.sk\/wp-content\/uploads\/2024\/05\/K1-500-ODOR-1536x1152.jpg 1536w, https:\/\/kajakkomarno.sk\/wp-content\/uploads\/2024\/05\/K1-500-ODOR.jpg 1600w\" sizes=\"(max-width: 800px) 100vw, 800px\" \/><figcaption id=\"caption-attachment-4491\" class=\"wp-caption-text\">Alex \u00d3DOR patril v Ra\u010diciach medzi naj\u00faspe\u0161nej\u0161\u00edch pretek\u00e1rov, v K1 na 500 m obsadil 2.miesto\u00a0<\/figcaption><\/figure>\n<p>&nbsp;<\/p>\n<figure id=\"attachment_4493\" aria-describedby=\"caption-attachment-4493\" style=\"width: 768px\" class=\"wp-caption aligncenter\"><img decoding=\"async\" class=\"wp-image-4493 size-large\" src=\"https:\/\/kajakkomarno.sk\/wp-content\/uploads\/2024\/05\/K1-1000-ODOR-768x1024.jpg\" alt=\"\" width=\"768\" height=\"1024\" srcset=\"https:\/\/kajakkomarno.sk\/wp-content\/uploads\/2024\/05\/K1-1000-ODOR-768x1024.jpg 768w, https:\/\/kajakkomarno.sk\/wp-content\/uploads\/2024\/05\/K1-1000-ODOR-338x450.jpg 338w, https:\/\/kajakkomarno.sk\/wp-content\/uploads\/2024\/05\/K1-1000-ODOR-1152x1536.jpg 1152w, https:\/\/kajakkomarno.sk\/wp-content\/uploads\/2024\/05\/K1-1000-ODOR-1536x2048.jpg 1536w, https:\/\/kajakkomarno.sk\/wp-content\/uploads\/2024\/05\/K1-1000-ODOR-scaled.jpg 1920w\" sizes=\"(max-width: 768px) 100vw, 768px\" \/><figcaption id=\"caption-attachment-4493\" class=\"wp-caption-text\">V K1 na 1000 metrovej trati Alex \u00d3dor zv\u00ed\u0165azil<\/figcaption><\/figure>\n<p align=\"left\">\n<figure id=\"attachment_4495\" aria-describedby=\"caption-attachment-4495\" style=\"width: 800px\" class=\"wp-caption aligncenter\"><img loading=\"lazy\" decoding=\"async\" class=\"wp-image-4495 size-large\" src=\"https:\/\/kajakkomarno.sk\/wp-content\/uploads\/2024\/05\/K2-500-ODOR-1024x768.jpg\" alt=\"\" width=\"800\" height=\"600\" srcset=\"https:\/\/kajakkomarno.sk\/wp-content\/uploads\/2024\/05\/K2-500-ODOR-1024x768.jpg 1024w, https:\/\/kajakkomarno.sk\/wp-content\/uploads\/2024\/05\/K2-500-ODOR-450x338.jpg 450w, https:\/\/kajakkomarno.sk\/wp-content\/uploads\/2024\/05\/K2-500-ODOR-768x576.jpg 768w, https:\/\/kajakkomarno.sk\/wp-content\/uploads\/2024\/05\/K2-500-ODOR-1536x1152.jpg 1536w, https:\/\/kajakkomarno.sk\/wp-content\/uploads\/2024\/05\/K2-500-ODOR.jpg 1600w\" sizes=\"(max-width: 800px) 100vw, 800px\" \/><figcaption id=\"caption-attachment-4495\" class=\"wp-caption-text\">Z v\u00ed\u0165azstva sa te\u0161il aj v K2 na 500 metrovej trati spolo\u010dne s Adamom KISSOM<\/figcaption><\/figure>\n<p align=\"left\">\n<figure id=\"attachment_4513\" aria-describedby=\"caption-attachment-4513\" style=\"width: 722px\" class=\"wp-caption aligncenter\"><img loading=\"lazy\" decoding=\"async\" class=\"wp-image-4513 size-full\" src=\"https:\/\/kajakkomarno.sk\/wp-content\/uploads\/2024\/05\/SMT-RACICE-2409.jpg\" alt=\"\" width=\"722\" height=\"960\" srcset=\"https:\/\/kajakkomarno.sk\/wp-content\/uploads\/2024\/05\/SMT-RACICE-2409.jpg 722w, https:\/\/kajakkomarno.sk\/wp-content\/uploads\/2024\/05\/SMT-RACICE-2409-338x450.jpg 338w\" sizes=\"(max-width: 722px) 100vw, 722px\" \/><figcaption id=\"caption-attachment-4513\" class=\"wp-caption-text\">Na p\u00e4\u0165stovke skon\u010dil Tom\u00e1\u0161 \u0150RI aj napriek zdravotn\u00fdm probl\u00e9mom na 2. mieste<\/figcaption><\/figure>\n<p>&nbsp;<\/p>\n<figure id=\"attachment_4509\" aria-describedby=\"caption-attachment-4509\" style=\"width: 723px\" class=\"wp-caption aligncenter\"><img loading=\"lazy\" decoding=\"async\" class=\"wp-image-4509 size-full\" src=\"https:\/\/kajakkomarno.sk\/wp-content\/uploads\/2024\/05\/SMT-RACICE-2407.jpg\" alt=\"\" width=\"723\" height=\"960\" srcset=\"https:\/\/kajakkomarno.sk\/wp-content\/uploads\/2024\/05\/SMT-RACICE-2407.jpg 723w, https:\/\/kajakkomarno.sk\/wp-content\/uploads\/2024\/05\/SMT-RACICE-2407-339x450.jpg 339w\" sizes=\"(max-width: 723px) 100vw, 723px\" \/><figcaption id=\"caption-attachment-4509\" class=\"wp-caption-text\">Pekn\u00fd v\u00fdkon podali aj na\u0161e diev\u010dat\u00e1: Gr\u00e9ta DOS\u00daDILOV\u00c1- Sz\u00f3fia NAGY, na 500 metrovej trati skon\u010dili na 3.mieste<\/figcaption><\/figure>\n<h2 align=\"left\">S\u00daHRN FIN\u00c1LOV\u00ddCH V\u00ddSLEDKOV PRETEK\u00c1ROV KAJAK &amp; KANOE KLUBU KOM\u00c1RNO<\/h2>\n<p><strong><span lang=\"sk-SK\">500 m <\/span><\/strong><\/p>\n<p><span lang=\"sk-SK\">K2 DIEV\u010cAT\u00c1 13 A 14 RO\u010cN\u00c9- 3. Gr\u00e9ta DOS\u00daDILOV\u00c1- Sz\u00f3fia NAGY<\/span><\/p>\n<p><span lang=\"sk-SK\">K2 CHLAPCI 13 A 14 RO\u010cN\u00cd FIN\u00c1LE A- 1. Alex \u00d3DOR- Adam KI\u0160\u0160<\/span><\/p>\n<p><span lang=\"sk-SK\">K2 CHLAPCI 13 A 14 RO\u010cN\u00cd FIN\u00c1LE B- 4. Tom\u00e1\u0161 \u0150RI- Martin UHR\u00cdK <\/span><\/p>\n<p><span lang=\"sk-SK\">K1 DIEV\u010cAT\u00c1 13 RO\u010cN\u00c9- 2. Sz\u00f3fia NAGY, 5. Gr\u00e9ta DOS\u00daDILOV\u00c1 <\/span><\/p>\n<p><span lang=\"sk-SK\">K1 CHLAPCI 13 RO\u010cN\u00cd- 2.Tom\u00e1\u0161 \u0150RI<\/span><\/p>\n<p><span lang=\"sk-SK\">K1 CHLAPCI 14 RO\u010cN\u00cd- 2. Alex \u00d3DOR<\/span><\/p>\n<p><strong><span lang=\"sk-SK\">1000 m<\/span><\/strong><\/p>\n<p><span lang=\"sk-SK\">K1 DIEV\u010cAT\u00c1 1<\/span><span lang=\"sk-SK\">3<\/span><span lang=\"sk-SK\"> RO\u010cN\u00c9- 2. Sz\u00f3fia NAGY, 3. Gr\u00e9ta DOS\u00daDILOV\u00c1 <\/span><\/p>\n<p><span lang=\"sk-SK\">K1 CHLAPCI 14 RO\u010cN\u00cd- 1. Alex \u00d3DOR<\/span><\/p>\n<h3>Blaho\u017eel\u00e1me a \u010fakujeme na\u0161im pretek\u00e1rom za \u00faspe\u0161n\u00fa reprezent\u00e1ciu Slovenska a n<span lang=\"sk-SK\">\u00e1<\/span>\u0161ho klubu !<\/h3>\n","protected":false},"excerpt":{"rendered":"<p>V d\u0148och 17.05. -19.05.2024 sa \u010dlenovia Slovensk\u00e9ho ml\u00e1de\u017en\u00edckeho t\u00edmu z\u00fa\u010dastnili v Ra\u010diciach na pretekoch v r\u00e1mci \u010cesk\u00e9ho poh\u00e1ra ml\u00e1de\u017ee. \u010clenmi ml\u00e1de\u017en\u00edckeho t\u00edmu boli chlapci a diev\u010dat\u00e1 n\u00e1\u0161ho klubu : Gr\u00e9ta DOS\u00daDILOV\u00c1, Sz\u00f3fia NAGY, Tom\u00e1\u0161 \u0150RI, Alex \u00d3DOR a tr\u00e9ner Franti\u0161ek DOS\u00daDIL.\u00a0 Je \u0161koda, \u017ee sa v nede\u013eu pre zdravotn\u00e9 probl\u00e9my musel z nede\u013e\u0148aj\u0161\u00edch pretekov odhl\u00e1si\u0165 [&hellip;]<\/p>\n","protected":false},"author":3,"featured_media":4497,"comment_status":"open","ping_status":"open","sticky":false,"template":"","format":"standard","meta":{"inline_featured_image":false,"footnotes":""},"categories":[1],"tags":[],"class_list":["post-4489","post","type-post","status-publish","format-standard","has-post-thumbnail","hentry","category-novinky"],"acf":[],"yoast_head":"<!-- This site is optimized with the Yoast SEO plugin v26.6 - https:\/\/yoast.com\/wordpress\/plugins\/seo\/ -->\n<title>Ml\u00e1de\u017en\u00edci v Ra\u010diciach \u00faspe\u0161n\u00ed - Kajak &amp; kanoe klub Kom\u00e1rno<\/title>\n<meta name=\"robots\" content=\"index, follow, max-snippet:-1, max-image-preview:large, max-video-preview:-1\" \/>\n<link rel=\"canonical\" href=\"https:\/\/kajakkomarno.sk\/novinky\/mladeznici-v-raciciach-uspesni\/\" \/>\n<meta property=\"og:locale\" content=\"hu_HU\" \/>\n<meta property=\"og:type\" content=\"article\" \/>\n<meta property=\"og:title\" content=\"Ml\u00e1de\u017en\u00edci v Ra\u010diciach \u00faspe\u0161n\u00ed - Kajak &amp; kanoe klub Kom\u00e1rno\" \/>\n<meta property=\"og:description\" content=\"V d\u0148och 17.05. -19.05.2024 sa \u010dlenovia Slovensk\u00e9ho ml\u00e1de\u017en\u00edckeho t\u00edmu z\u00fa\u010dastnili v Ra\u010diciach na pretekoch v r\u00e1mci \u010cesk\u00e9ho poh\u00e1ra ml\u00e1de\u017ee. \u010clenmi ml\u00e1de\u017en\u00edckeho t\u00edmu boli chlapci a diev\u010dat\u00e1 n\u00e1\u0161ho klubu : Gr\u00e9ta DOS\u00daDILOV\u00c1, Sz\u00f3fia NAGY, Tom\u00e1\u0161 \u0150RI, Alex \u00d3DOR a tr\u00e9ner Franti\u0161ek DOS\u00daDIL.\u00a0 Je \u0161koda, \u017ee sa v nede\u013eu pre zdravotn\u00e9 probl\u00e9my musel z nede\u013e\u0148aj\u0161\u00edch pretekov odhl\u00e1si\u0165 [&hellip;]\" \/>\n<meta property=\"og:url\" content=\"https:\/\/kajakkomarno.sk\/novinky\/mladeznici-v-raciciach-uspesni\/\" \/>\n<meta property=\"og:site_name\" content=\"Kajak &amp; kanoe klub Kom\u00e1rno\" \/>\n<meta property=\"article:published_time\" content=\"2024-05-20T18:52:30+00:00\" \/>\n<meta property=\"article:modified_time\" content=\"2024-05-30T19:20:47+00:00\" \/>\n<meta property=\"og:image\" content=\"https:\/\/kajakkomarno.sk\/wp-content\/uploads\/2024\/05\/SMT-RACICE-2401.jpg\" \/>\n\t<meta property=\"og:image:width\" content=\"960\" \/>\n\t<meta property=\"og:image:height\" content=\"720\" \/>\n\t<meta property=\"og:image:type\" content=\"image\/jpeg\" \/>\n<meta name=\"author\" content=\"petrusivi18@gmail.com\" \/>\n<meta name=\"twitter:card\" content=\"summary_large_image\" \/>\n<meta name=\"twitter:label1\" content=\"Szerz\u0151:\" \/>\n\t<meta name=\"twitter:data1\" content=\"petrusivi18@gmail.com\" \/>\n\t<meta name=\"twitter:label2\" content=\"Becs\u00fclt olvas\u00e1si id\u0151\" \/>\n\t<meta name=\"twitter:data2\" content=\"3 perc\" \/>\n<script type=\"application\/ld+json\" class=\"yoast-schema-graph\">{\"@context\":\"https:\/\/schema.org\",\"@graph\":[{\"@type\":\"Article\",\"@id\":\"https:\/\/kajakkomarno.sk\/novinky\/mladeznici-v-raciciach-uspesni\/#article\",\"isPartOf\":{\"@id\":\"https:\/\/kajakkomarno.sk\/novinky\/mladeznici-v-raciciach-uspesni\/\"},\"author\":{\"name\":\"petrusivi18@gmail.com\",\"@id\":\"https:\/\/kajakkomarno.sk\/#\/schema\/person\/c5c91af715cbb9be5937ae2db77cab69\"},\"headline\":\"Ml\u00e1de\u017en\u00edci v Ra\u010diciach \u00faspe\u0161n\u00ed\",\"datePublished\":\"2024-05-20T18:52:30+00:00\",\"dateModified\":\"2024-05-30T19:20:47+00:00\",\"mainEntityOfPage\":{\"@id\":\"https:\/\/kajakkomarno.sk\/novinky\/mladeznici-v-raciciach-uspesni\/\"},\"wordCount\":388,\"commentCount\":0,\"publisher\":{\"@id\":\"https:\/\/kajakkomarno.sk\/#organization\"},\"image\":{\"@id\":\"https:\/\/kajakkomarno.sk\/novinky\/mladeznici-v-raciciach-uspesni\/#primaryimage\"},\"thumbnailUrl\":\"https:\/\/kajakkomarno.sk\/wp-content\/uploads\/2024\/05\/SMT-RACICE-2401.jpg\",\"articleSection\":[\"Novinky\"],\"inLanguage\":\"hu\",\"potentialAction\":[{\"@type\":\"CommentAction\",\"name\":\"Comment\",\"target\":[\"https:\/\/kajakkomarno.sk\/novinky\/mladeznici-v-raciciach-uspesni\/#respond\"]}]},{\"@type\":\"WebPage\",\"@id\":\"https:\/\/kajakkomarno.sk\/novinky\/mladeznici-v-raciciach-uspesni\/\",\"url\":\"https:\/\/kajakkomarno.sk\/novinky\/mladeznici-v-raciciach-uspesni\/\",\"name\":\"Ml\u00e1de\u017en\u00edci v Ra\u010diciach \u00faspe\u0161n\u00ed - Kajak &amp; kanoe klub Kom\u00e1rno\",\"isPartOf\":{\"@id\":\"https:\/\/kajakkomarno.sk\/#website\"},\"primaryImageOfPage\":{\"@id\":\"https:\/\/kajakkomarno.sk\/novinky\/mladeznici-v-raciciach-uspesni\/#primaryimage\"},\"image\":{\"@id\":\"https:\/\/kajakkomarno.sk\/novinky\/mladeznici-v-raciciach-uspesni\/#primaryimage\"},\"thumbnailUrl\":\"https:\/\/kajakkomarno.sk\/wp-content\/uploads\/2024\/05\/SMT-RACICE-2401.jpg\",\"datePublished\":\"2024-05-20T18:52:30+00:00\",\"dateModified\":\"2024-05-30T19:20:47+00:00\",\"breadcrumb\":{\"@id\":\"https:\/\/kajakkomarno.sk\/novinky\/mladeznici-v-raciciach-uspesni\/#breadcrumb\"},\"inLanguage\":\"hu\",\"potentialAction\":[{\"@type\":\"ReadAction\",\"target\":[\"https:\/\/kajakkomarno.sk\/novinky\/mladeznici-v-raciciach-uspesni\/\"]}]},{\"@type\":\"ImageObject\",\"inLanguage\":\"hu\",\"@id\":\"https:\/\/kajakkomarno.sk\/novinky\/mladeznici-v-raciciach-uspesni\/#primaryimage\",\"url\":\"https:\/\/kajakkomarno.sk\/wp-content\/uploads\/2024\/05\/SMT-RACICE-2401.jpg\",\"contentUrl\":\"https:\/\/kajakkomarno.sk\/wp-content\/uploads\/2024\/05\/SMT-RACICE-2401.jpg\",\"width\":960,\"height\":720},{\"@type\":\"BreadcrumbList\",\"@id\":\"https:\/\/kajakkomarno.sk\/novinky\/mladeznici-v-raciciach-uspesni\/#breadcrumb\",\"itemListElement\":[{\"@type\":\"ListItem\",\"position\":1,\"name\":\"Domov\",\"item\":\"https:\/\/kajakkomarno.sk\/hu\/fooldal\/\"},{\"@type\":\"ListItem\",\"position\":2,\"name\":\"Novinky\",\"item\":\"https:\/\/kajakkomarno.sk\/category\/novinky\/\"},{\"@type\":\"ListItem\",\"position\":3,\"name\":\"Ml\u00e1de\u017en\u00edci v Ra\u010diciach \u00faspe\u0161n\u00ed\"}]},{\"@type\":\"WebSite\",\"@id\":\"https:\/\/kajakkomarno.sk\/#website\",\"url\":\"https:\/\/kajakkomarno.sk\/\",\"name\":\"Kajak &amp; kanoe klub Kom\u00e1rno\",\"description\":\"\",\"publisher\":{\"@id\":\"https:\/\/kajakkomarno.sk\/#organization\"},\"potentialAction\":[{\"@type\":\"SearchAction\",\"target\":{\"@type\":\"EntryPoint\",\"urlTemplate\":\"https:\/\/kajakkomarno.sk\/?s={search_term_string}\"},\"query-input\":{\"@type\":\"PropertyValueSpecification\",\"valueRequired\":true,\"valueName\":\"search_term_string\"}}],\"inLanguage\":\"hu\"},{\"@type\":\"Organization\",\"@id\":\"https:\/\/kajakkomarno.sk\/#organization\",\"name\":\"Kajak &amp; kanoe klub Kom\u00e1rno\",\"url\":\"https:\/\/kajakkomarno.sk\/\",\"logo\":{\"@type\":\"ImageObject\",\"inLanguage\":\"hu\",\"@id\":\"https:\/\/kajakkomarno.sk\/#\/schema\/logo\/image\/\",\"url\":\"https:\/\/kajakkomarno.sk\/wp-content\/uploads\/2022\/12\/kajak-kanoe-klub-komarno-optimized-opt.svg\",\"contentUrl\":\"https:\/\/kajakkomarno.sk\/wp-content\/uploads\/2022\/12\/kajak-kanoe-klub-komarno-optimized-opt.svg\",\"width\":307,\"height\":66,\"caption\":\"Kajak &amp; kanoe klub Kom\u00e1rno\"},\"image\":{\"@id\":\"https:\/\/kajakkomarno.sk\/#\/schema\/logo\/image\/\"}},{\"@type\":\"Person\",\"@id\":\"https:\/\/kajakkomarno.sk\/#\/schema\/person\/c5c91af715cbb9be5937ae2db77cab69\",\"name\":\"petrusivi18@gmail.com\",\"image\":{\"@type\":\"ImageObject\",\"inLanguage\":\"hu\",\"@id\":\"https:\/\/kajakkomarno.sk\/#\/schema\/person\/image\/\",\"url\":\"https:\/\/secure.gravatar.com\/avatar\/77dd3ca1ae9038935f09e411f1d53193ef634a1b97c471309f0fc163209e68d8?s=96&d=mm&r=g\",\"contentUrl\":\"https:\/\/secure.gravatar.com\/avatar\/77dd3ca1ae9038935f09e411f1d53193ef634a1b97c471309f0fc163209e68d8?s=96&d=mm&r=g\",\"caption\":\"petrusivi18@gmail.com\"},\"url\":\"https:\/\/kajakkomarno.sk\/hu\/author\/petrusivi18gmail-com\/\"}]}<\/script>\n<!-- \/ Yoast SEO plugin. -->","yoast_head_json":{"title":"Ml\u00e1de\u017en\u00edci v Ra\u010diciach \u00faspe\u0161n\u00ed - Kajak &amp; kanoe klub Kom\u00e1rno","robots":{"index":"index","follow":"follow","max-snippet":"max-snippet:-1","max-image-preview":"max-image-preview:large","max-video-preview":"max-video-preview:-1"},"canonical":"https:\/\/kajakkomarno.sk\/novinky\/mladeznici-v-raciciach-uspesni\/","og_locale":"hu_HU","og_type":"article","og_title":"Ml\u00e1de\u017en\u00edci v Ra\u010diciach \u00faspe\u0161n\u00ed - Kajak &amp; kanoe klub Kom\u00e1rno","og_description":"V d\u0148och 17.05. -19.05.2024 sa \u010dlenovia Slovensk\u00e9ho ml\u00e1de\u017en\u00edckeho t\u00edmu z\u00fa\u010dastnili v Ra\u010diciach na pretekoch v r\u00e1mci \u010cesk\u00e9ho poh\u00e1ra ml\u00e1de\u017ee. \u010clenmi ml\u00e1de\u017en\u00edckeho t\u00edmu boli chlapci a diev\u010dat\u00e1 n\u00e1\u0161ho klubu : Gr\u00e9ta DOS\u00daDILOV\u00c1, Sz\u00f3fia NAGY, Tom\u00e1\u0161 \u0150RI, Alex \u00d3DOR a tr\u00e9ner Franti\u0161ek DOS\u00daDIL.\u00a0 Je \u0161koda, \u017ee sa v nede\u013eu pre zdravotn\u00e9 probl\u00e9my musel z nede\u013e\u0148aj\u0161\u00edch pretekov odhl\u00e1si\u0165 [&hellip;]","og_url":"https:\/\/kajakkomarno.sk\/novinky\/mladeznici-v-raciciach-uspesni\/","og_site_name":"Kajak &amp; kanoe klub Kom\u00e1rno","article_published_time":"2024-05-20T18:52:30+00:00","article_modified_time":"2024-05-30T19:20:47+00:00","og_image":[{"width":960,"height":720,"url":"https:\/\/kajakkomarno.sk\/wp-content\/uploads\/2024\/05\/SMT-RACICE-2401.jpg","type":"image\/jpeg"}],"author":"petrusivi18@gmail.com","twitter_card":"summary_large_image","twitter_misc":{"Szerz\u0151:":"petrusivi18@gmail.com","Becs\u00fclt olvas\u00e1si id\u0151":"3 perc"},"schema":{"@context":"https:\/\/schema.org","@graph":[{"@type":"Article","@id":"https:\/\/kajakkomarno.sk\/novinky\/mladeznici-v-raciciach-uspesni\/#article","isPartOf":{"@id":"https:\/\/kajakkomarno.sk\/novinky\/mladeznici-v-raciciach-uspesni\/"},"author":{"name":"petrusivi18@gmail.com","@id":"https:\/\/kajakkomarno.sk\/#\/schema\/person\/c5c91af715cbb9be5937ae2db77cab69"},"headline":"Ml\u00e1de\u017en\u00edci v Ra\u010diciach \u00faspe\u0161n\u00ed","datePublished":"2024-05-20T18:52:30+00:00","dateModified":"2024-05-30T19:20:47+00:00","mainEntityOfPage":{"@id":"https:\/\/kajakkomarno.sk\/novinky\/mladeznici-v-raciciach-uspesni\/"},"wordCount":388,"commentCount":0,"publisher":{"@id":"https:\/\/kajakkomarno.sk\/#organization"},"image":{"@id":"https:\/\/kajakkomarno.sk\/novinky\/mladeznici-v-raciciach-uspesni\/#primaryimage"},"thumbnailUrl":"https:\/\/kajakkomarno.sk\/wp-content\/uploads\/2024\/05\/SMT-RACICE-2401.jpg","articleSection":["Novinky"],"inLanguage":"hu","potentialAction":[{"@type":"CommentAction","name":"Comment","target":["https:\/\/kajakkomarno.sk\/novinky\/mladeznici-v-raciciach-uspesni\/#respond"]}]},{"@type":"WebPage","@id":"https:\/\/kajakkomarno.sk\/novinky\/mladeznici-v-raciciach-uspesni\/","url":"https:\/\/kajakkomarno.sk\/novinky\/mladeznici-v-raciciach-uspesni\/","name":"Ml\u00e1de\u017en\u00edci v Ra\u010diciach \u00faspe\u0161n\u00ed - Kajak &amp; kanoe klub Kom\u00e1rno","isPartOf":{"@id":"https:\/\/kajakkomarno.sk\/#website"},"primaryImageOfPage":{"@id":"https:\/\/kajakkomarno.sk\/novinky\/mladeznici-v-raciciach-uspesni\/#primaryimage"},"image":{"@id":"https:\/\/kajakkomarno.sk\/novinky\/mladeznici-v-raciciach-uspesni\/#primaryimage"},"thumbnailUrl":"https:\/\/kajakkomarno.sk\/wp-content\/uploads\/2024\/05\/SMT-RACICE-2401.jpg","datePublished":"2024-05-20T18:52:30+00:00","dateModified":"2024-05-30T19:20:47+00:00","breadcrumb":{"@id":"https:\/\/kajakkomarno.sk\/novinky\/mladeznici-v-raciciach-uspesni\/#breadcrumb"},"inLanguage":"hu","potentialAction":[{"@type":"ReadAction","target":["https:\/\/kajakkomarno.sk\/novinky\/mladeznici-v-raciciach-uspesni\/"]}]},{"@type":"ImageObject","inLanguage":"hu","@id":"https:\/\/kajakkomarno.sk\/novinky\/mladeznici-v-raciciach-uspesni\/#primaryimage","url":"https:\/\/kajakkomarno.sk\/wp-content\/uploads\/2024\/05\/SMT-RACICE-2401.jpg","contentUrl":"https:\/\/kajakkomarno.sk\/wp-content\/uploads\/2024\/05\/SMT-RACICE-2401.jpg","width":960,"height":720},{"@type":"BreadcrumbList","@id":"https:\/\/kajakkomarno.sk\/novinky\/mladeznici-v-raciciach-uspesni\/#breadcrumb","itemListElement":[{"@type":"ListItem","position":1,"name":"Domov","item":"https:\/\/kajakkomarno.sk\/hu\/fooldal\/"},{"@type":"ListItem","position":2,"name":"Novinky","item":"https:\/\/kajakkomarno.sk\/category\/novinky\/"},{"@type":"ListItem","position":3,"name":"Ml\u00e1de\u017en\u00edci v Ra\u010diciach \u00faspe\u0161n\u00ed"}]},{"@type":"WebSite","@id":"https:\/\/kajakkomarno.sk\/#website","url":"https:\/\/kajakkomarno.sk\/","name":"Kajak &amp; kanoe klub Kom\u00e1rno","description":"","publisher":{"@id":"https:\/\/kajakkomarno.sk\/#organization"},"potentialAction":[{"@type":"SearchAction","target":{"@type":"EntryPoint","urlTemplate":"https:\/\/kajakkomarno.sk\/?s={search_term_string}"},"query-input":{"@type":"PropertyValueSpecification","valueRequired":true,"valueName":"search_term_string"}}],"inLanguage":"hu"},{"@type":"Organization","@id":"https:\/\/kajakkomarno.sk\/#organization","name":"Kajak &amp; kanoe klub Kom\u00e1rno","url":"https:\/\/kajakkomarno.sk\/","logo":{"@type":"ImageObject","inLanguage":"hu","@id":"https:\/\/kajakkomarno.sk\/#\/schema\/logo\/image\/","url":"https:\/\/kajakkomarno.sk\/wp-content\/uploads\/2022\/12\/kajak-kanoe-klub-komarno-optimized-opt.svg","contentUrl":"https:\/\/kajakkomarno.sk\/wp-content\/uploads\/2022\/12\/kajak-kanoe-klub-komarno-optimized-opt.svg","width":307,"height":66,"caption":"Kajak &amp; kanoe klub Kom\u00e1rno"},"image":{"@id":"https:\/\/kajakkomarno.sk\/#\/schema\/logo\/image\/"}},{"@type":"Person","@id":"https:\/\/kajakkomarno.sk\/#\/schema\/person\/c5c91af715cbb9be5937ae2db77cab69","name":"petrusivi18@gmail.com","image":{"@type":"ImageObject","inLanguage":"hu","@id":"https:\/\/kajakkomarno.sk\/#\/schema\/person\/image\/","url":"https:\/\/secure.gravatar.com\/avatar\/77dd3ca1ae9038935f09e411f1d53193ef634a1b97c471309f0fc163209e68d8?s=96&d=mm&r=g","contentUrl":"https:\/\/secure.gravatar.com\/avatar\/77dd3ca1ae9038935f09e411f1d53193ef634a1b97c471309f0fc163209e68d8?s=96&d=mm&r=g","caption":"petrusivi18@gmail.com"},"url":"https:\/\/kajakkomarno.sk\/hu\/author\/petrusivi18gmail-com\/"}]}},"_links":{"self":[{"href":"https:\/\/kajakkomarno.sk\/hu\/wp-json\/wp\/v2\/posts\/4489","targetHints":{"allow":["GET"]}}],"collection":[{"href":"https:\/\/kajakkomarno.sk\/hu\/wp-json\/wp\/v2\/posts"}],"about":[{"href":"https:\/\/kajakkomarno.sk\/hu\/wp-json\/wp\/v2\/types\/post"}],"author":[{"embeddable":true,"href":"https:\/\/kajakkomarno.sk\/hu\/wp-json\/wp\/v2\/users\/3"}],"replies":[{"embeddable":true,"href":"https:\/\/kajakkomarno.sk\/hu\/wp-json\/wp\/v2\/comments?post=4489"}],"version-history":[{"count":0,"href":"https:\/\/kajakkomarno.sk\/hu\/wp-json\/wp\/v2\/posts\/4489\/revisions"}],"wp:featuredmedia":[{"embeddable":true,"href":"https:\/\/kajakkomarno.sk\/hu\/wp-json\/wp\/v2\/media\/4497"}],"wp:attachment":[{"href":"https:\/\/kajakkomarno.sk\/hu\/wp-json\/wp\/v2\/media?parent=4489"}],"wp:term":[{"taxonomy":"category","embeddable":true,"href":"https:\/\/kajakkomarno.sk\/hu\/wp-json\/wp\/v2\/categories?post=4489"},{"taxonomy":"post_tag","embeddable":true,"href":"https:\/\/kajakkomarno.sk\/hu\/wp-json\/wp\/v2\/tags?post=4489"}],"curies":[{"name":"wp","href":"https:\/\/api.w.org\/{rel}","templated":true}]}}