{"id":4475,"date":"2024-05-13T20:28:20","date_gmt":"2024-05-13T18:28:20","guid":{"rendered":"https:\/\/kajakkomarno.sk\/?p=4475"},"modified":"2024-05-30T20:46:07","modified_gmt":"2024-05-30T18:46:07","slug":"v-szegede-o-olympiadu-pariz-2024-a-1-svetovy-pohar","status":"publish","type":"post","link":"https:\/\/kajakkomarno.sk\/hu\/novinky\/v-szegede-o-olympiadu-pariz-2024-a-1-svetovy-pohar\/","title":{"rendered":"V Szegede o Olympi\u00e1du Par\u00ed\u017e 2024 a 1. Svetov\u00fd poh\u00e1r"},"content":{"rendered":"<p><span lang=\"sk-SK\">V<\/span> Szegede sa v d\u0148och 8.5. a\u017e 12.5.2024 konali preteky v r\u00fdchlostnej kanoistike:\u00a0Eur\u00f3psk<span lang=\"sk-SK\">a <\/span>olympijsk<span lang=\"sk-SK\">\u00e1 <\/span>kvalifik\u00e1c<span lang=\"sk-SK\">i<\/span><span lang=\"sk-SK\">a<\/span> a Svetov<span lang=\"sk-SK\">\u00fd<\/span> poh\u00e1r.<\/p>\n<h2><span lang=\"sk-SK\"><em>Eur\u00f3pska olympijsk\u00e1 kvalifik\u00e1ci<\/em>a <\/span><\/h2>\n<p><span lang=\"sk-SK\">Na Eur\u00f3pskej olympijskej kvalifik\u00e1cii reprezentovali Slovensko <strong>Adam BOTEK a Laura \u0150RI<\/strong>. <\/span><\/p>\n<p><span lang=\"sk-SK\">Bola to posledn\u00e1 pr\u00edle\u017eitos\u0165 na zisk olympijskej miestenky. <\/span><\/p>\n<p><span lang=\"sk-SK\">Najv\u00e4\u010d\u0161ie n\u00e1deje sa vkladali do K2 mu\u017eov na 500 m <\/span><span lang=\"sk-SK\">v zlo\u017een\u00ed <\/span><span lang=\"sk-SK\"><strong> Adam BOTEK- Csaba ZALKA<\/strong>, ktor\u00ed skon\u010dili vo fin\u00e1le na nepostupovom 6. mieste.\u00a0 Na Olympijsk\u00fdch hr\u00e1ch sa tak na\u0161i pretek\u00e1ri nepredstavia.\u00a0<\/span><\/p>\n<p><span lang=\"sk-SK\"> Mlad\u00e1 kanoistka Laura \u0150RI sa do fin\u00e1le v C1 \u017eien na 200 m neprebojovala.<\/span><\/p>\n<h2><em><span lang=\"sk-SK\">1. Svetov\u00fd poh\u00e1r<\/span><\/em><\/h2>\n<p><span lang=\"sk-SK\">Po Eur\u00f3pskej olympijskej kvalifik\u00e1cii v Szegede nasledoval 1. Svetov\u00fd poh\u00e1r, na ktorom sa zi\u0161la siln\u00e1 a po\u010detn\u00e1 konkurencia r\u00fdchlostn\u00fdch kanoistov z cel\u00e9ho sveta. Slovensko reprezentovali <strong>Adam BOTEK, Laura \u0150RI, \u00c1kos GACSAL a R\u00e9ka BUG\u00c1R<\/strong>. Ani tu v\u0161ak na\u0161i pretek\u00e1ri na medailu nedosiahli. <\/span><\/p>\n<h4><span lang=\"sk-SK\">Sledovali sme, ako bojovali na trati na\u0161i pretek\u00e1ri, ako d\u00e1vali zo seba v\u0161etko to najlep\u0161ie \u010do v nich je, tentokr\u00e1t to v\u0161ak na t\u00fdch najlep\u0161\u00edch nesta\u010dilo a <\/span><span lang=\"sk-SK\">c<\/span><span lang=\"sk-SK\">iele, ktor\u00e9 si dali do Szegedu, sa im nepodarilo naplni\u0165. \u0160port b\u00fdva aj tak\u00fd. <\/span><\/h4>\n<h4><strong><span lang=\"sk-SK\">Vieme, ko\u013eko driny, \u00fasilia, odriekania, bolesti ich st\u00e1la pr\u00edprava <\/span><span lang=\"sk-SK\">na t\u00fato n\u00e1ro\u010dn\u00fa sez\u00f3nu. <\/span><\/strong><\/h4>\n<h4><strong><span lang=\"sk-SK\">Prajeme na\u0161im <\/span> pretek\u00e1rom ve\u013ea s\u00edl do \u010fal\u0161ej pr\u00edpravy a sme presved\u010den\u00ed, \u017ee <span lang=\"sk-SK\">\u00faspechy sa dostavia !<\/span><\/strong><\/h4>\n<h2><strong>\u010eAKUJEME V\u00c1M <\/strong><\/h2>\n<figure id=\"attachment_4484\" aria-describedby=\"caption-attachment-4484\" style=\"width: 960px\" class=\"wp-caption aligncenter\"><img fetchpriority=\"high\" decoding=\"async\" class=\"wp-image-4484 size-full\" src=\"https:\/\/kajakkomarno.sk\/wp-content\/uploads\/2024\/05\/EK-20243.jpg\" alt=\"\" width=\"960\" height=\"640\" srcset=\"https:\/\/kajakkomarno.sk\/wp-content\/uploads\/2024\/05\/EK-20243.jpg 960w, https:\/\/kajakkomarno.sk\/wp-content\/uploads\/2024\/05\/EK-20243-450x300.jpg 450w, https:\/\/kajakkomarno.sk\/wp-content\/uploads\/2024\/05\/EK-20243-768x512.jpg 768w\" sizes=\"(max-width: 960px) 100vw, 960px\" \/><figcaption id=\"caption-attachment-4484\" class=\"wp-caption-text\">Adam BOTEK- Csaba ZALKA- arch\u00edvne foto po v\u00ed\u0165azstve v Kvalifika\u010dn\u00fdch pretekoch\u00a0<\/figcaption><\/figure>\n<h2 align=\"justify\"><\/h2>\n<figure id=\"attachment_4480\" aria-describedby=\"caption-attachment-4480\" style=\"width: 960px\" class=\"wp-caption aligncenter\"><img decoding=\"async\" class=\"wp-image-4480 size-full\" src=\"https:\/\/kajakkomarno.sk\/wp-content\/uploads\/2024\/05\/EK-20241.jpg\" alt=\"\" width=\"960\" height=\"640\" srcset=\"https:\/\/kajakkomarno.sk\/wp-content\/uploads\/2024\/05\/EK-20241.jpg 960w, https:\/\/kajakkomarno.sk\/wp-content\/uploads\/2024\/05\/EK-20241-450x300.jpg 450w, https:\/\/kajakkomarno.sk\/wp-content\/uploads\/2024\/05\/EK-20241-768x512.jpg 768w\" sizes=\"(max-width: 960px) 100vw, 960px\" \/><figcaption id=\"caption-attachment-4480\" class=\"wp-caption-text\">Laura \u0150RI<\/figcaption><\/figure>\n<p>&nbsp;<\/p>\n<figure id=\"attachment_4478\" aria-describedby=\"caption-attachment-4478\" style=\"width: 960px\" class=\"wp-caption aligncenter\"><img decoding=\"async\" class=\"wp-image-4478 size-full\" src=\"https:\/\/kajakkomarno.sk\/wp-content\/uploads\/2024\/05\/EK-20244.jpg\" alt=\"\" width=\"960\" height=\"640\" srcset=\"https:\/\/kajakkomarno.sk\/wp-content\/uploads\/2024\/05\/EK-20244.jpg 960w, https:\/\/kajakkomarno.sk\/wp-content\/uploads\/2024\/05\/EK-20244-450x300.jpg 450w, https:\/\/kajakkomarno.sk\/wp-content\/uploads\/2024\/05\/EK-20244-768x512.jpg 768w\" sizes=\"(max-width: 960px) 100vw, 960px\" \/><figcaption id=\"caption-attachment-4478\" class=\"wp-caption-text\">\u00c1kos GACSAL- Milan D\u00d6RNER<\/figcaption><\/figure>\n<p>&nbsp;<\/p>\n<figure id=\"attachment_4482\" aria-describedby=\"caption-attachment-4482\" style=\"width: 960px\" class=\"wp-caption aligncenter\"><img loading=\"lazy\" decoding=\"async\" class=\"wp-image-4482 size-full\" src=\"https:\/\/kajakkomarno.sk\/wp-content\/uploads\/2024\/05\/EK-20242.jpg\" alt=\"\" width=\"960\" height=\"960\" srcset=\"https:\/\/kajakkomarno.sk\/wp-content\/uploads\/2024\/05\/EK-20242.jpg 960w, https:\/\/kajakkomarno.sk\/wp-content\/uploads\/2024\/05\/EK-20242-450x450.jpg 450w, https:\/\/kajakkomarno.sk\/wp-content\/uploads\/2024\/05\/EK-20242-300x300.jpg 300w, https:\/\/kajakkomarno.sk\/wp-content\/uploads\/2024\/05\/EK-20242-768x768.jpg 768w\" sizes=\"(max-width: 960px) 100vw, 960px\" \/><figcaption id=\"caption-attachment-4482\" class=\"wp-caption-text\">R\u00e9ka BUG\u00c1R<\/figcaption><\/figure>\n<h2 align=\"justify\"><strong>V\u00ddSLEDKY PRETEK\u00c1ROV Z KOM\u00c1RNA <\/strong><\/h2>\n<p align=\"justify\"><strong><span lang=\"sk-SK\">EUR\u00d3PSKA OLYMPIJSK\u00c1 KVALIFIK\u00c1CIA<\/span><\/strong><\/p>\n<p align=\"justify\"><span lang=\"sk-SK\">K2 mu\u017e<\/span><span lang=\"sk-SK\">i <\/span><span lang=\"sk-SK\">500 m: 6. Adam BOTEK- Csaba ZALKA<\/span><\/p>\n<p align=\"justify\">C1 \u017deny 200 m- Laura \u0150RI- <span lang=\"sk-SK\">do<\/span> fin\u00e1le <span lang=\"sk-SK\">nepost\u00fapila<\/span><\/p>\n<p align=\"justify\"><strong>1. SVETOV\u00dd POH\u00c1R SZEGED<\/strong><\/p>\n<p align=\"justify\"><span lang=\"sk-SK\">K2 mu\u017e<\/span><span lang=\"sk-SK\">i <\/span><span lang=\"sk-SK\">500 m: 13. Adam BOTEK- Csaba ZALKA, 26. \u00c1kos GACSAL- Milan D\u00d6RNER<\/span><\/p>\n<p align=\"justify\"><span lang=\"sk-SK\">K2 \u017eeny 500 m: R\u00e9ka BUG\u00c1R- Bianka SIDOV\u00c1- do fin\u00e1le nepost\u00fapili <\/span><\/p>\n<p align=\"justify\">C1 <span lang=\"sk-SK\">\u017e<\/span>eny 200 m- Laura \u0150RI- <span lang=\"sk-SK\">do<\/span> fin\u00e1le <span lang=\"sk-SK\">nepost\u00fapila<\/span><\/p>\n<p align=\"justify\">C1 <span lang=\"sk-SK\">\u017e<\/span>eny <span lang=\"sk-SK\">5<\/span>00 m- Laura \u0150RI- <span lang=\"sk-SK\">do<\/span> fin\u00e1le <span lang=\"sk-SK\">nepost\u00fapila<\/span><\/p>\n<p align=\"justify\">\n<p align=\"justify\">\n<p align=\"justify\">\n<p align=\"justify\">\n","protected":false},"excerpt":{"rendered":"<p>V Szegede sa v d\u0148och 8.5. a\u017e 12.5.2024 konali preteky v r\u00fdchlostnej kanoistike:\u00a0Eur\u00f3pska olympijsk\u00e1 kvalifik\u00e1cia a Svetov\u00fd poh\u00e1r. Eur\u00f3pska olympijsk\u00e1 kvalifik\u00e1cia Na Eur\u00f3pskej olympijskej kvalifik\u00e1cii reprezentovali Slovensko Adam BOTEK a Laura \u0150RI. Bola to posledn\u00e1 pr\u00edle\u017eitos\u0165 na zisk olympijskej miestenky. Najv\u00e4\u010d\u0161ie n\u00e1deje sa vkladali do K2 mu\u017eov na 500 m v zlo\u017een\u00ed Adam BOTEK- Csaba [&hellip;]<\/p>\n","protected":false},"author":3,"featured_media":4476,"comment_status":"open","ping_status":"open","sticky":false,"template":"","format":"standard","meta":{"inline_featured_image":false,"footnotes":""},"categories":[1],"tags":[],"class_list":["post-4475","post","type-post","status-publish","format-standard","has-post-thumbnail","hentry","category-novinky"],"acf":[],"yoast_head":"<!-- This site is optimized with the Yoast SEO plugin v26.6 - https:\/\/yoast.com\/wordpress\/plugins\/seo\/ -->\n<title>V Szegede o Olympi\u00e1du Par\u00ed\u017e 2024 a 1. Svetov\u00fd poh\u00e1r - Kajak &amp; kanoe klub Kom\u00e1rno<\/title>\n<meta name=\"robots\" content=\"index, follow, max-snippet:-1, max-image-preview:large, max-video-preview:-1\" \/>\n<link rel=\"canonical\" href=\"https:\/\/kajakkomarno.sk\/novinky\/v-szegede-o-olympiadu-pariz-2024-a-1-svetovy-pohar\/\" \/>\n<meta property=\"og:locale\" content=\"hu_HU\" \/>\n<meta property=\"og:type\" content=\"article\" \/>\n<meta property=\"og:title\" content=\"V Szegede o Olympi\u00e1du Par\u00ed\u017e 2024 a 1. Svetov\u00fd poh\u00e1r - Kajak &amp; kanoe klub Kom\u00e1rno\" \/>\n<meta property=\"og:description\" content=\"V Szegede sa v d\u0148och 8.5. a\u017e 12.5.2024 konali preteky v r\u00fdchlostnej kanoistike:\u00a0Eur\u00f3pska olympijsk\u00e1 kvalifik\u00e1cia a Svetov\u00fd poh\u00e1r. Eur\u00f3pska olympijsk\u00e1 kvalifik\u00e1cia Na Eur\u00f3pskej olympijskej kvalifik\u00e1cii reprezentovali Slovensko Adam BOTEK a Laura \u0150RI. Bola to posledn\u00e1 pr\u00edle\u017eitos\u0165 na zisk olympijskej miestenky. Najv\u00e4\u010d\u0161ie n\u00e1deje sa vkladali do K2 mu\u017eov na 500 m v zlo\u017een\u00ed Adam BOTEK- Csaba [&hellip;]\" \/>\n<meta property=\"og:url\" content=\"https:\/\/kajakkomarno.sk\/novinky\/v-szegede-o-olympiadu-pariz-2024-a-1-svetovy-pohar\/\" \/>\n<meta property=\"og:site_name\" content=\"Kajak &amp; kanoe klub Kom\u00e1rno\" \/>\n<meta property=\"article:published_time\" content=\"2024-05-13T18:28:20+00:00\" \/>\n<meta property=\"article:modified_time\" content=\"2024-05-30T18:46:07+00:00\" \/>\n<meta property=\"og:image\" content=\"https:\/\/kajakkomarno.sk\/wp-content\/uploads\/2024\/05\/EK-2024.jpg\" \/>\n\t<meta property=\"og:image:width\" content=\"960\" \/>\n\t<meta property=\"og:image:height\" content=\"960\" \/>\n\t<meta property=\"og:image:type\" content=\"image\/jpeg\" \/>\n<meta name=\"author\" content=\"petrusivi18@gmail.com\" \/>\n<meta name=\"twitter:card\" content=\"summary_large_image\" \/>\n<meta name=\"twitter:label1\" content=\"Szerz\u0151:\" \/>\n\t<meta name=\"twitter:data1\" content=\"petrusivi18@gmail.com\" \/>\n\t<meta name=\"twitter:label2\" content=\"Becs\u00fclt olvas\u00e1si id\u0151\" \/>\n\t<meta name=\"twitter:data2\" content=\"3 perc\" \/>\n<script type=\"application\/ld+json\" class=\"yoast-schema-graph\">{\"@context\":\"https:\/\/schema.org\",\"@graph\":[{\"@type\":\"Article\",\"@id\":\"https:\/\/kajakkomarno.sk\/novinky\/v-szegede-o-olympiadu-pariz-2024-a-1-svetovy-pohar\/#article\",\"isPartOf\":{\"@id\":\"https:\/\/kajakkomarno.sk\/novinky\/v-szegede-o-olympiadu-pariz-2024-a-1-svetovy-pohar\/\"},\"author\":{\"name\":\"petrusivi18@gmail.com\",\"@id\":\"https:\/\/kajakkomarno.sk\/#\/schema\/person\/c5c91af715cbb9be5937ae2db77cab69\"},\"headline\":\"V Szegede o Olympi\u00e1du Par\u00ed\u017e 2024 a 1. Svetov\u00fd poh\u00e1r\",\"datePublished\":\"2024-05-13T18:28:20+00:00\",\"dateModified\":\"2024-05-30T18:46:07+00:00\",\"mainEntityOfPage\":{\"@id\":\"https:\/\/kajakkomarno.sk\/novinky\/v-szegede-o-olympiadu-pariz-2024-a-1-svetovy-pohar\/\"},\"wordCount\":408,\"commentCount\":0,\"publisher\":{\"@id\":\"https:\/\/kajakkomarno.sk\/#organization\"},\"image\":{\"@id\":\"https:\/\/kajakkomarno.sk\/novinky\/v-szegede-o-olympiadu-pariz-2024-a-1-svetovy-pohar\/#primaryimage\"},\"thumbnailUrl\":\"https:\/\/kajakkomarno.sk\/wp-content\/uploads\/2024\/05\/EK-2024.jpg\",\"articleSection\":[\"Novinky\"],\"inLanguage\":\"hu\",\"potentialAction\":[{\"@type\":\"CommentAction\",\"name\":\"Comment\",\"target\":[\"https:\/\/kajakkomarno.sk\/novinky\/v-szegede-o-olympiadu-pariz-2024-a-1-svetovy-pohar\/#respond\"]}]},{\"@type\":\"WebPage\",\"@id\":\"https:\/\/kajakkomarno.sk\/novinky\/v-szegede-o-olympiadu-pariz-2024-a-1-svetovy-pohar\/\",\"url\":\"https:\/\/kajakkomarno.sk\/novinky\/v-szegede-o-olympiadu-pariz-2024-a-1-svetovy-pohar\/\",\"name\":\"V Szegede o Olympi\u00e1du Par\u00ed\u017e 2024 a 1. Svetov\u00fd poh\u00e1r - Kajak &amp; kanoe klub Kom\u00e1rno\",\"isPartOf\":{\"@id\":\"https:\/\/kajakkomarno.sk\/#website\"},\"primaryImageOfPage\":{\"@id\":\"https:\/\/kajakkomarno.sk\/novinky\/v-szegede-o-olympiadu-pariz-2024-a-1-svetovy-pohar\/#primaryimage\"},\"image\":{\"@id\":\"https:\/\/kajakkomarno.sk\/novinky\/v-szegede-o-olympiadu-pariz-2024-a-1-svetovy-pohar\/#primaryimage\"},\"thumbnailUrl\":\"https:\/\/kajakkomarno.sk\/wp-content\/uploads\/2024\/05\/EK-2024.jpg\",\"datePublished\":\"2024-05-13T18:28:20+00:00\",\"dateModified\":\"2024-05-30T18:46:07+00:00\",\"breadcrumb\":{\"@id\":\"https:\/\/kajakkomarno.sk\/novinky\/v-szegede-o-olympiadu-pariz-2024-a-1-svetovy-pohar\/#breadcrumb\"},\"inLanguage\":\"hu\",\"potentialAction\":[{\"@type\":\"ReadAction\",\"target\":[\"https:\/\/kajakkomarno.sk\/novinky\/v-szegede-o-olympiadu-pariz-2024-a-1-svetovy-pohar\/\"]}]},{\"@type\":\"ImageObject\",\"inLanguage\":\"hu\",\"@id\":\"https:\/\/kajakkomarno.sk\/novinky\/v-szegede-o-olympiadu-pariz-2024-a-1-svetovy-pohar\/#primaryimage\",\"url\":\"https:\/\/kajakkomarno.sk\/wp-content\/uploads\/2024\/05\/EK-2024.jpg\",\"contentUrl\":\"https:\/\/kajakkomarno.sk\/wp-content\/uploads\/2024\/05\/EK-2024.jpg\",\"width\":960,\"height\":960},{\"@type\":\"BreadcrumbList\",\"@id\":\"https:\/\/kajakkomarno.sk\/novinky\/v-szegede-o-olympiadu-pariz-2024-a-1-svetovy-pohar\/#breadcrumb\",\"itemListElement\":[{\"@type\":\"ListItem\",\"position\":1,\"name\":\"Domov\",\"item\":\"https:\/\/kajakkomarno.sk\/hu\/fooldal\/\"},{\"@type\":\"ListItem\",\"position\":2,\"name\":\"Novinky\",\"item\":\"https:\/\/kajakkomarno.sk\/category\/novinky\/\"},{\"@type\":\"ListItem\",\"position\":3,\"name\":\"V Szegede o Olympi\u00e1du Par\u00ed\u017e 2024 a 1. Svetov\u00fd poh\u00e1r\"}]},{\"@type\":\"WebSite\",\"@id\":\"https:\/\/kajakkomarno.sk\/#website\",\"url\":\"https:\/\/kajakkomarno.sk\/\",\"name\":\"Kajak &amp; kanoe klub Kom\u00e1rno\",\"description\":\"\",\"publisher\":{\"@id\":\"https:\/\/kajakkomarno.sk\/#organization\"},\"potentialAction\":[{\"@type\":\"SearchAction\",\"target\":{\"@type\":\"EntryPoint\",\"urlTemplate\":\"https:\/\/kajakkomarno.sk\/?s={search_term_string}\"},\"query-input\":{\"@type\":\"PropertyValueSpecification\",\"valueRequired\":true,\"valueName\":\"search_term_string\"}}],\"inLanguage\":\"hu\"},{\"@type\":\"Organization\",\"@id\":\"https:\/\/kajakkomarno.sk\/#organization\",\"name\":\"Kajak &amp; kanoe klub Kom\u00e1rno\",\"url\":\"https:\/\/kajakkomarno.sk\/\",\"logo\":{\"@type\":\"ImageObject\",\"inLanguage\":\"hu\",\"@id\":\"https:\/\/kajakkomarno.sk\/#\/schema\/logo\/image\/\",\"url\":\"https:\/\/kajakkomarno.sk\/wp-content\/uploads\/2022\/12\/kajak-kanoe-klub-komarno-optimized-opt.svg\",\"contentUrl\":\"https:\/\/kajakkomarno.sk\/wp-content\/uploads\/2022\/12\/kajak-kanoe-klub-komarno-optimized-opt.svg\",\"width\":307,\"height\":66,\"caption\":\"Kajak &amp; kanoe klub Kom\u00e1rno\"},\"image\":{\"@id\":\"https:\/\/kajakkomarno.sk\/#\/schema\/logo\/image\/\"}},{\"@type\":\"Person\",\"@id\":\"https:\/\/kajakkomarno.sk\/#\/schema\/person\/c5c91af715cbb9be5937ae2db77cab69\",\"name\":\"petrusivi18@gmail.com\",\"image\":{\"@type\":\"ImageObject\",\"inLanguage\":\"hu\",\"@id\":\"https:\/\/kajakkomarno.sk\/#\/schema\/person\/image\/\",\"url\":\"https:\/\/secure.gravatar.com\/avatar\/77dd3ca1ae9038935f09e411f1d53193ef634a1b97c471309f0fc163209e68d8?s=96&d=mm&r=g\",\"contentUrl\":\"https:\/\/secure.gravatar.com\/avatar\/77dd3ca1ae9038935f09e411f1d53193ef634a1b97c471309f0fc163209e68d8?s=96&d=mm&r=g\",\"caption\":\"petrusivi18@gmail.com\"},\"url\":\"https:\/\/kajakkomarno.sk\/hu\/author\/petrusivi18gmail-com\/\"}]}<\/script>\n<!-- \/ Yoast SEO plugin. -->","yoast_head_json":{"title":"V Szegede o Olympi\u00e1du Par\u00ed\u017e 2024 a 1. Svetov\u00fd poh\u00e1r - Kajak &amp; kanoe klub Kom\u00e1rno","robots":{"index":"index","follow":"follow","max-snippet":"max-snippet:-1","max-image-preview":"max-image-preview:large","max-video-preview":"max-video-preview:-1"},"canonical":"https:\/\/kajakkomarno.sk\/novinky\/v-szegede-o-olympiadu-pariz-2024-a-1-svetovy-pohar\/","og_locale":"hu_HU","og_type":"article","og_title":"V Szegede o Olympi\u00e1du Par\u00ed\u017e 2024 a 1. Svetov\u00fd poh\u00e1r - Kajak &amp; kanoe klub Kom\u00e1rno","og_description":"V Szegede sa v d\u0148och 8.5. a\u017e 12.5.2024 konali preteky v r\u00fdchlostnej kanoistike:\u00a0Eur\u00f3pska olympijsk\u00e1 kvalifik\u00e1cia a Svetov\u00fd poh\u00e1r. Eur\u00f3pska olympijsk\u00e1 kvalifik\u00e1cia Na Eur\u00f3pskej olympijskej kvalifik\u00e1cii reprezentovali Slovensko Adam BOTEK a Laura \u0150RI. Bola to posledn\u00e1 pr\u00edle\u017eitos\u0165 na zisk olympijskej miestenky. Najv\u00e4\u010d\u0161ie n\u00e1deje sa vkladali do K2 mu\u017eov na 500 m v zlo\u017een\u00ed Adam BOTEK- Csaba [&hellip;]","og_url":"https:\/\/kajakkomarno.sk\/novinky\/v-szegede-o-olympiadu-pariz-2024-a-1-svetovy-pohar\/","og_site_name":"Kajak &amp; kanoe klub Kom\u00e1rno","article_published_time":"2024-05-13T18:28:20+00:00","article_modified_time":"2024-05-30T18:46:07+00:00","og_image":[{"width":960,"height":960,"url":"https:\/\/kajakkomarno.sk\/wp-content\/uploads\/2024\/05\/EK-2024.jpg","type":"image\/jpeg"}],"author":"petrusivi18@gmail.com","twitter_card":"summary_large_image","twitter_misc":{"Szerz\u0151:":"petrusivi18@gmail.com","Becs\u00fclt olvas\u00e1si id\u0151":"3 perc"},"schema":{"@context":"https:\/\/schema.org","@graph":[{"@type":"Article","@id":"https:\/\/kajakkomarno.sk\/novinky\/v-szegede-o-olympiadu-pariz-2024-a-1-svetovy-pohar\/#article","isPartOf":{"@id":"https:\/\/kajakkomarno.sk\/novinky\/v-szegede-o-olympiadu-pariz-2024-a-1-svetovy-pohar\/"},"author":{"name":"petrusivi18@gmail.com","@id":"https:\/\/kajakkomarno.sk\/#\/schema\/person\/c5c91af715cbb9be5937ae2db77cab69"},"headline":"V Szegede o Olympi\u00e1du Par\u00ed\u017e 2024 a 1. Svetov\u00fd poh\u00e1r","datePublished":"2024-05-13T18:28:20+00:00","dateModified":"2024-05-30T18:46:07+00:00","mainEntityOfPage":{"@id":"https:\/\/kajakkomarno.sk\/novinky\/v-szegede-o-olympiadu-pariz-2024-a-1-svetovy-pohar\/"},"wordCount":408,"commentCount":0,"publisher":{"@id":"https:\/\/kajakkomarno.sk\/#organization"},"image":{"@id":"https:\/\/kajakkomarno.sk\/novinky\/v-szegede-o-olympiadu-pariz-2024-a-1-svetovy-pohar\/#primaryimage"},"thumbnailUrl":"https:\/\/kajakkomarno.sk\/wp-content\/uploads\/2024\/05\/EK-2024.jpg","articleSection":["Novinky"],"inLanguage":"hu","potentialAction":[{"@type":"CommentAction","name":"Comment","target":["https:\/\/kajakkomarno.sk\/novinky\/v-szegede-o-olympiadu-pariz-2024-a-1-svetovy-pohar\/#respond"]}]},{"@type":"WebPage","@id":"https:\/\/kajakkomarno.sk\/novinky\/v-szegede-o-olympiadu-pariz-2024-a-1-svetovy-pohar\/","url":"https:\/\/kajakkomarno.sk\/novinky\/v-szegede-o-olympiadu-pariz-2024-a-1-svetovy-pohar\/","name":"V Szegede o Olympi\u00e1du Par\u00ed\u017e 2024 a 1. Svetov\u00fd poh\u00e1r - Kajak &amp; kanoe klub Kom\u00e1rno","isPartOf":{"@id":"https:\/\/kajakkomarno.sk\/#website"},"primaryImageOfPage":{"@id":"https:\/\/kajakkomarno.sk\/novinky\/v-szegede-o-olympiadu-pariz-2024-a-1-svetovy-pohar\/#primaryimage"},"image":{"@id":"https:\/\/kajakkomarno.sk\/novinky\/v-szegede-o-olympiadu-pariz-2024-a-1-svetovy-pohar\/#primaryimage"},"thumbnailUrl":"https:\/\/kajakkomarno.sk\/wp-content\/uploads\/2024\/05\/EK-2024.jpg","datePublished":"2024-05-13T18:28:20+00:00","dateModified":"2024-05-30T18:46:07+00:00","breadcrumb":{"@id":"https:\/\/kajakkomarno.sk\/novinky\/v-szegede-o-olympiadu-pariz-2024-a-1-svetovy-pohar\/#breadcrumb"},"inLanguage":"hu","potentialAction":[{"@type":"ReadAction","target":["https:\/\/kajakkomarno.sk\/novinky\/v-szegede-o-olympiadu-pariz-2024-a-1-svetovy-pohar\/"]}]},{"@type":"ImageObject","inLanguage":"hu","@id":"https:\/\/kajakkomarno.sk\/novinky\/v-szegede-o-olympiadu-pariz-2024-a-1-svetovy-pohar\/#primaryimage","url":"https:\/\/kajakkomarno.sk\/wp-content\/uploads\/2024\/05\/EK-2024.jpg","contentUrl":"https:\/\/kajakkomarno.sk\/wp-content\/uploads\/2024\/05\/EK-2024.jpg","width":960,"height":960},{"@type":"BreadcrumbList","@id":"https:\/\/kajakkomarno.sk\/novinky\/v-szegede-o-olympiadu-pariz-2024-a-1-svetovy-pohar\/#breadcrumb","itemListElement":[{"@type":"ListItem","position":1,"name":"Domov","item":"https:\/\/kajakkomarno.sk\/hu\/fooldal\/"},{"@type":"ListItem","position":2,"name":"Novinky","item":"https:\/\/kajakkomarno.sk\/category\/novinky\/"},{"@type":"ListItem","position":3,"name":"V Szegede o Olympi\u00e1du Par\u00ed\u017e 2024 a 1. Svetov\u00fd poh\u00e1r"}]},{"@type":"WebSite","@id":"https:\/\/kajakkomarno.sk\/#website","url":"https:\/\/kajakkomarno.sk\/","name":"Kajak &amp; kanoe klub Kom\u00e1rno","description":"","publisher":{"@id":"https:\/\/kajakkomarno.sk\/#organization"},"potentialAction":[{"@type":"SearchAction","target":{"@type":"EntryPoint","urlTemplate":"https:\/\/kajakkomarno.sk\/?s={search_term_string}"},"query-input":{"@type":"PropertyValueSpecification","valueRequired":true,"valueName":"search_term_string"}}],"inLanguage":"hu"},{"@type":"Organization","@id":"https:\/\/kajakkomarno.sk\/#organization","name":"Kajak &amp; kanoe klub Kom\u00e1rno","url":"https:\/\/kajakkomarno.sk\/","logo":{"@type":"ImageObject","inLanguage":"hu","@id":"https:\/\/kajakkomarno.sk\/#\/schema\/logo\/image\/","url":"https:\/\/kajakkomarno.sk\/wp-content\/uploads\/2022\/12\/kajak-kanoe-klub-komarno-optimized-opt.svg","contentUrl":"https:\/\/kajakkomarno.sk\/wp-content\/uploads\/2022\/12\/kajak-kanoe-klub-komarno-optimized-opt.svg","width":307,"height":66,"caption":"Kajak &amp; kanoe klub Kom\u00e1rno"},"image":{"@id":"https:\/\/kajakkomarno.sk\/#\/schema\/logo\/image\/"}},{"@type":"Person","@id":"https:\/\/kajakkomarno.sk\/#\/schema\/person\/c5c91af715cbb9be5937ae2db77cab69","name":"petrusivi18@gmail.com","image":{"@type":"ImageObject","inLanguage":"hu","@id":"https:\/\/kajakkomarno.sk\/#\/schema\/person\/image\/","url":"https:\/\/secure.gravatar.com\/avatar\/77dd3ca1ae9038935f09e411f1d53193ef634a1b97c471309f0fc163209e68d8?s=96&d=mm&r=g","contentUrl":"https:\/\/secure.gravatar.com\/avatar\/77dd3ca1ae9038935f09e411f1d53193ef634a1b97c471309f0fc163209e68d8?s=96&d=mm&r=g","caption":"petrusivi18@gmail.com"},"url":"https:\/\/kajakkomarno.sk\/hu\/author\/petrusivi18gmail-com\/"}]}},"_links":{"self":[{"href":"https:\/\/kajakkomarno.sk\/hu\/wp-json\/wp\/v2\/posts\/4475","targetHints":{"allow":["GET"]}}],"collection":[{"href":"https:\/\/kajakkomarno.sk\/hu\/wp-json\/wp\/v2\/posts"}],"about":[{"href":"https:\/\/kajakkomarno.sk\/hu\/wp-json\/wp\/v2\/types\/post"}],"author":[{"embeddable":true,"href":"https:\/\/kajakkomarno.sk\/hu\/wp-json\/wp\/v2\/users\/3"}],"replies":[{"embeddable":true,"href":"https:\/\/kajakkomarno.sk\/hu\/wp-json\/wp\/v2\/comments?post=4475"}],"version-history":[{"count":0,"href":"https:\/\/kajakkomarno.sk\/hu\/wp-json\/wp\/v2\/posts\/4475\/revisions"}],"wp:featuredmedia":[{"embeddable":true,"href":"https:\/\/kajakkomarno.sk\/hu\/wp-json\/wp\/v2\/media\/4476"}],"wp:attachment":[{"href":"https:\/\/kajakkomarno.sk\/hu\/wp-json\/wp\/v2\/media?parent=4475"}],"wp:term":[{"taxonomy":"category","embeddable":true,"href":"https:\/\/kajakkomarno.sk\/hu\/wp-json\/wp\/v2\/categories?post=4475"},{"taxonomy":"post_tag","embeddable":true,"href":"https:\/\/kajakkomarno.sk\/hu\/wp-json\/wp\/v2\/tags?post=4475"}],"curies":[{"name":"wp","href":"https:\/\/api.w.org\/{rel}","templated":true}]}}