{"id":4417,"date":"2024-05-06T22:17:36","date_gmt":"2024-05-06T20:17:36","guid":{"rendered":"https:\/\/kajakkomarno.sk\/?p=4417"},"modified":"2024-05-29T22:31:22","modified_gmt":"2024-05-29T20:31:22","slug":"na-otvoreni-pretekarskej-sezony-v-gyori","status":"publish","type":"post","link":"https:\/\/kajakkomarno.sk\/hu\/novinky\/na-otvoreni-pretekarskej-sezony-v-gyori\/","title":{"rendered":"NA OTVOREN\u00cd PRETEK\u00c1RSKEJ SEZ\u00d3NY V  GY\u0150RI"},"content":{"rendered":"<p><span lang=\"sk-SK\">D<\/span><span lang=\"sk-SK\">\u0148a 4.5. 2024 <\/span><span lang=\"sk-SK\"> sa <\/span><span lang=\"sk-SK\">uskuto\u010dnilo otvorenie <\/span><span lang=\"sk-SK\">pretek\u00e1rskej sez\u00f3ny v Gy\u0151ri. Preteky organizoval <\/span><span lang=\"sk-SK\">Graboplast Gy\u0151ri V\u00edzisport Egyes\u00fclet a okrem ve\u013ek\u00e9ho po\u010dtu oddielov z Ma\u010farska sa tohto podujatia z\u00fa\u010dastnili aj pretek\u00e1ri Kajak &amp; kanoe klubu Kom\u00e1rno a KCK \u0160amor\u00edn.<\/span><\/p>\n<p><span lang=\"sk-SK\">Tieto tri kluby sp\u00e1ja <\/span><span lang=\"sk-SK\">spolo\u010dn\u00fd projekt cezhrani\u010dnej spolupr\u00e1ce v r\u00e1mci programu INTERREG. <\/span><\/p>\n<p><img fetchpriority=\"high\" decoding=\"async\" class=\"size-thumbnail wp-image-4418 aligncenter\" src=\"https:\/\/kajakkomarno.sk\/wp-content\/uploads\/2024\/05\/SPF-molino_SK-300x300.jpg\" alt=\"\" width=\"300\" height=\"300\" srcset=\"https:\/\/kajakkomarno.sk\/wp-content\/uploads\/2024\/05\/SPF-molino_SK-300x300.jpg 300w, https:\/\/kajakkomarno.sk\/wp-content\/uploads\/2024\/05\/SPF-molino_SK-450x450.jpg 450w, https:\/\/kajakkomarno.sk\/wp-content\/uploads\/2024\/05\/SPF-molino_SK-768x768.jpg 768w, https:\/\/kajakkomarno.sk\/wp-content\/uploads\/2024\/05\/SPF-molino_SK.jpg 960w\" sizes=\"(max-width: 300px) 100vw, 300px\" \/><\/p>\n<p><span lang=\"sk-SK\">N\u00e1\u0161 klub reprezentovali <\/span><span lang=\"sk-SK\">11<\/span><span lang=\"sk-SK\"> a 12 ro\u010dn\u00ed pretek\u00e1ri <\/span> <span lang=\"sk-SK\">pod veden\u00edm tr\u00e9nerov Ladislava \u00d3DORA a Lajosa N\u00c9METHA.<\/span><\/p>\n<p><strong><span lang=\"sk-SK\">Vo ve\u013emi po\u010detnej a silnej konkurencii si po\u010d\u00ednali ve\u013emi dobre. V\u00fdborn\u00fd v\u00fdsledok dosiahla Gr\u00e9ta NAGY, 12 ro\u010dn\u00e1 kajak\u00e1rka n\u00e1\u0161ho klubu, ktor\u00e1 obsadila vo svojej vek<\/span><span lang=\"sk-SK\">o<\/span><\/strong><span lang=\"sk-SK\"><strong>vej kateg\u00f3rii v\u00fdborn\u00e9 3.miesto<\/strong>.<\/span><\/p>\n<figure id=\"attachment_4420\" aria-describedby=\"caption-attachment-4420\" style=\"width: 960px\" class=\"wp-caption aligncenter\"><img decoding=\"async\" class=\"wp-image-4420 size-full\" src=\"https:\/\/kajakkomarno.sk\/wp-content\/uploads\/2024\/05\/GYOR-202401.jpg\" alt=\"\" width=\"960\" height=\"720\" srcset=\"https:\/\/kajakkomarno.sk\/wp-content\/uploads\/2024\/05\/GYOR-202401.jpg 960w, https:\/\/kajakkomarno.sk\/wp-content\/uploads\/2024\/05\/GYOR-202401-450x338.jpg 450w, https:\/\/kajakkomarno.sk\/wp-content\/uploads\/2024\/05\/GYOR-202401-768x576.jpg 768w\" sizes=\"(max-width: 960px) 100vw, 960px\" \/><figcaption id=\"caption-attachment-4420\" class=\"wp-caption-text\">Gr\u00e9ta NAGY, 12 ro\u010dn\u00e1 kajak\u00e1rka,\u00a0 si na 2000 metrovej trati vyjazdila kr\u00e1sne 3.miesto<\/figcaption><\/figure>\n<p>&nbsp;<\/p>\n<figure id=\"attachment_4422\" aria-describedby=\"caption-attachment-4422\" style=\"width: 960px\" class=\"wp-caption aligncenter\"><img decoding=\"async\" class=\"wp-image-4422 size-full\" src=\"https:\/\/kajakkomarno.sk\/wp-content\/uploads\/2024\/05\/GYOR-202402.jpg\" alt=\"\" width=\"960\" height=\"720\" srcset=\"https:\/\/kajakkomarno.sk\/wp-content\/uploads\/2024\/05\/GYOR-202402.jpg 960w, https:\/\/kajakkomarno.sk\/wp-content\/uploads\/2024\/05\/GYOR-202402-450x338.jpg 450w, https:\/\/kajakkomarno.sk\/wp-content\/uploads\/2024\/05\/GYOR-202402-768x576.jpg 768w\" sizes=\"(max-width: 960px) 100vw, 960px\" \/><figcaption id=\"caption-attachment-4422\" class=\"wp-caption-text\">Tr\u00e9neri Ladislav \u00d3DOR a Lajos N\u00c9METH so svojimi mal\u00fdmi zverencami<\/figcaption><\/figure>\n<p><strong>BLAHO\u017dEL\u00c1ME !<\/strong><\/p>\n","protected":false},"excerpt":{"rendered":"<p>D\u0148a 4.5. 2024 sa uskuto\u010dnilo otvorenie pretek\u00e1rskej sez\u00f3ny v Gy\u0151ri. Preteky organizoval Graboplast Gy\u0151ri V\u00edzisport Egyes\u00fclet a okrem ve\u013ek\u00e9ho po\u010dtu oddielov z Ma\u010farska sa tohto podujatia z\u00fa\u010dastnili aj pretek\u00e1ri Kajak &amp; kanoe klubu Kom\u00e1rno a KCK \u0160amor\u00edn. Tieto tri kluby sp\u00e1ja spolo\u010dn\u00fd projekt cezhrani\u010dnej spolupr\u00e1ce v r\u00e1mci programu INTERREG. N\u00e1\u0161 klub reprezentovali 11 a 12 [&hellip;]<\/p>\n","protected":false},"author":3,"featured_media":4422,"comment_status":"open","ping_status":"open","sticky":false,"template":"","format":"standard","meta":{"inline_featured_image":false,"footnotes":""},"categories":[1],"tags":[],"class_list":["post-4417","post","type-post","status-publish","format-standard","has-post-thumbnail","hentry","category-novinky"],"acf":[],"yoast_head":"<!-- This site is optimized with the Yoast SEO plugin v26.6 - https:\/\/yoast.com\/wordpress\/plugins\/seo\/ -->\n<title>NA OTVOREN\u00cd PRETEK\u00c1RSKEJ SEZ\u00d3NY V GY\u0150RI - Kajak &amp; kanoe klub Kom\u00e1rno<\/title>\n<meta name=\"robots\" content=\"index, follow, max-snippet:-1, max-image-preview:large, max-video-preview:-1\" \/>\n<link rel=\"canonical\" href=\"https:\/\/kajakkomarno.sk\/novinky\/na-otvoreni-pretekarskej-sezony-v-gyori\/\" \/>\n<meta property=\"og:locale\" content=\"hu_HU\" \/>\n<meta property=\"og:type\" content=\"article\" \/>\n<meta property=\"og:title\" content=\"NA OTVOREN\u00cd PRETEK\u00c1RSKEJ SEZ\u00d3NY V GY\u0150RI - Kajak &amp; kanoe klub Kom\u00e1rno\" \/>\n<meta property=\"og:description\" content=\"D\u0148a 4.5. 2024 sa uskuto\u010dnilo otvorenie pretek\u00e1rskej sez\u00f3ny v Gy\u0151ri. Preteky organizoval Graboplast Gy\u0151ri V\u00edzisport Egyes\u00fclet a okrem ve\u013ek\u00e9ho po\u010dtu oddielov z Ma\u010farska sa tohto podujatia z\u00fa\u010dastnili aj pretek\u00e1ri Kajak &amp; kanoe klubu Kom\u00e1rno a KCK \u0160amor\u00edn. Tieto tri kluby sp\u00e1ja spolo\u010dn\u00fd projekt cezhrani\u010dnej spolupr\u00e1ce v r\u00e1mci programu INTERREG. N\u00e1\u0161 klub reprezentovali 11 a 12 [&hellip;]\" \/>\n<meta property=\"og:url\" content=\"https:\/\/kajakkomarno.sk\/novinky\/na-otvoreni-pretekarskej-sezony-v-gyori\/\" \/>\n<meta property=\"og:site_name\" content=\"Kajak &amp; kanoe klub Kom\u00e1rno\" \/>\n<meta property=\"article:published_time\" content=\"2024-05-06T20:17:36+00:00\" \/>\n<meta property=\"article:modified_time\" content=\"2024-05-29T20:31:22+00:00\" \/>\n<meta property=\"og:image\" content=\"https:\/\/kajakkomarno.sk\/wp-content\/uploads\/2024\/05\/GYOR-202402.jpg\" \/>\n\t<meta property=\"og:image:width\" content=\"960\" \/>\n\t<meta property=\"og:image:height\" content=\"720\" \/>\n\t<meta property=\"og:image:type\" content=\"image\/jpeg\" \/>\n<meta name=\"author\" content=\"petrusivi18@gmail.com\" \/>\n<meta name=\"twitter:card\" content=\"summary_large_image\" \/>\n<meta name=\"twitter:label1\" content=\"Szerz\u0151:\" \/>\n\t<meta name=\"twitter:data1\" content=\"petrusivi18@gmail.com\" \/>\n\t<meta name=\"twitter:label2\" content=\"Becs\u00fclt olvas\u00e1si id\u0151\" \/>\n\t<meta name=\"twitter:data2\" content=\"2 perc\" \/>\n<script type=\"application\/ld+json\" class=\"yoast-schema-graph\">{\"@context\":\"https:\/\/schema.org\",\"@graph\":[{\"@type\":\"Article\",\"@id\":\"https:\/\/kajakkomarno.sk\/novinky\/na-otvoreni-pretekarskej-sezony-v-gyori\/#article\",\"isPartOf\":{\"@id\":\"https:\/\/kajakkomarno.sk\/novinky\/na-otvoreni-pretekarskej-sezony-v-gyori\/\"},\"author\":{\"name\":\"petrusivi18@gmail.com\",\"@id\":\"https:\/\/kajakkomarno.sk\/#\/schema\/person\/c5c91af715cbb9be5937ae2db77cab69\"},\"headline\":\"NA OTVOREN\u00cd PRETEK\u00c1RSKEJ SEZ\u00d3NY V GY\u0150RI\",\"datePublished\":\"2024-05-06T20:17:36+00:00\",\"dateModified\":\"2024-05-29T20:31:22+00:00\",\"mainEntityOfPage\":{\"@id\":\"https:\/\/kajakkomarno.sk\/novinky\/na-otvoreni-pretekarskej-sezony-v-gyori\/\"},\"wordCount\":183,\"commentCount\":0,\"publisher\":{\"@id\":\"https:\/\/kajakkomarno.sk\/#organization\"},\"image\":{\"@id\":\"https:\/\/kajakkomarno.sk\/novinky\/na-otvoreni-pretekarskej-sezony-v-gyori\/#primaryimage\"},\"thumbnailUrl\":\"https:\/\/kajakkomarno.sk\/wp-content\/uploads\/2024\/05\/GYOR-202402.jpg\",\"articleSection\":[\"Novinky\"],\"inLanguage\":\"hu\",\"potentialAction\":[{\"@type\":\"CommentAction\",\"name\":\"Comment\",\"target\":[\"https:\/\/kajakkomarno.sk\/novinky\/na-otvoreni-pretekarskej-sezony-v-gyori\/#respond\"]}]},{\"@type\":\"WebPage\",\"@id\":\"https:\/\/kajakkomarno.sk\/novinky\/na-otvoreni-pretekarskej-sezony-v-gyori\/\",\"url\":\"https:\/\/kajakkomarno.sk\/novinky\/na-otvoreni-pretekarskej-sezony-v-gyori\/\",\"name\":\"NA OTVOREN\u00cd PRETEK\u00c1RSKEJ SEZ\u00d3NY V GY\u0150RI - Kajak &amp; kanoe klub Kom\u00e1rno\",\"isPartOf\":{\"@id\":\"https:\/\/kajakkomarno.sk\/#website\"},\"primaryImageOfPage\":{\"@id\":\"https:\/\/kajakkomarno.sk\/novinky\/na-otvoreni-pretekarskej-sezony-v-gyori\/#primaryimage\"},\"image\":{\"@id\":\"https:\/\/kajakkomarno.sk\/novinky\/na-otvoreni-pretekarskej-sezony-v-gyori\/#primaryimage\"},\"thumbnailUrl\":\"https:\/\/kajakkomarno.sk\/wp-content\/uploads\/2024\/05\/GYOR-202402.jpg\",\"datePublished\":\"2024-05-06T20:17:36+00:00\",\"dateModified\":\"2024-05-29T20:31:22+00:00\",\"breadcrumb\":{\"@id\":\"https:\/\/kajakkomarno.sk\/novinky\/na-otvoreni-pretekarskej-sezony-v-gyori\/#breadcrumb\"},\"inLanguage\":\"hu\",\"potentialAction\":[{\"@type\":\"ReadAction\",\"target\":[\"https:\/\/kajakkomarno.sk\/novinky\/na-otvoreni-pretekarskej-sezony-v-gyori\/\"]}]},{\"@type\":\"ImageObject\",\"inLanguage\":\"hu\",\"@id\":\"https:\/\/kajakkomarno.sk\/novinky\/na-otvoreni-pretekarskej-sezony-v-gyori\/#primaryimage\",\"url\":\"https:\/\/kajakkomarno.sk\/wp-content\/uploads\/2024\/05\/GYOR-202402.jpg\",\"contentUrl\":\"https:\/\/kajakkomarno.sk\/wp-content\/uploads\/2024\/05\/GYOR-202402.jpg\",\"width\":960,\"height\":720,\"caption\":\"Tr\u00e9neri Ladislav \u00d3DOR a Lajos N\u00c9METH so svojimi mal\u00fdmi zverencami\"},{\"@type\":\"BreadcrumbList\",\"@id\":\"https:\/\/kajakkomarno.sk\/novinky\/na-otvoreni-pretekarskej-sezony-v-gyori\/#breadcrumb\",\"itemListElement\":[{\"@type\":\"ListItem\",\"position\":1,\"name\":\"Domov\",\"item\":\"https:\/\/kajakkomarno.sk\/hu\/fooldal\/\"},{\"@type\":\"ListItem\",\"position\":2,\"name\":\"Novinky\",\"item\":\"https:\/\/kajakkomarno.sk\/category\/novinky\/\"},{\"@type\":\"ListItem\",\"position\":3,\"name\":\"NA OTVOREN\u00cd PRETEK\u00c1RSKEJ SEZ\u00d3NY V GY\u0150RI\"}]},{\"@type\":\"WebSite\",\"@id\":\"https:\/\/kajakkomarno.sk\/#website\",\"url\":\"https:\/\/kajakkomarno.sk\/\",\"name\":\"Kajak &amp; kanoe klub Kom\u00e1rno\",\"description\":\"\",\"publisher\":{\"@id\":\"https:\/\/kajakkomarno.sk\/#organization\"},\"potentialAction\":[{\"@type\":\"SearchAction\",\"target\":{\"@type\":\"EntryPoint\",\"urlTemplate\":\"https:\/\/kajakkomarno.sk\/?s={search_term_string}\"},\"query-input\":{\"@type\":\"PropertyValueSpecification\",\"valueRequired\":true,\"valueName\":\"search_term_string\"}}],\"inLanguage\":\"hu\"},{\"@type\":\"Organization\",\"@id\":\"https:\/\/kajakkomarno.sk\/#organization\",\"name\":\"Kajak &amp; kanoe klub Kom\u00e1rno\",\"url\":\"https:\/\/kajakkomarno.sk\/\",\"logo\":{\"@type\":\"ImageObject\",\"inLanguage\":\"hu\",\"@id\":\"https:\/\/kajakkomarno.sk\/#\/schema\/logo\/image\/\",\"url\":\"https:\/\/kajakkomarno.sk\/wp-content\/uploads\/2022\/12\/kajak-kanoe-klub-komarno-optimized-opt.svg\",\"contentUrl\":\"https:\/\/kajakkomarno.sk\/wp-content\/uploads\/2022\/12\/kajak-kanoe-klub-komarno-optimized-opt.svg\",\"width\":307,\"height\":66,\"caption\":\"Kajak &amp; kanoe klub Kom\u00e1rno\"},\"image\":{\"@id\":\"https:\/\/kajakkomarno.sk\/#\/schema\/logo\/image\/\"}},{\"@type\":\"Person\",\"@id\":\"https:\/\/kajakkomarno.sk\/#\/schema\/person\/c5c91af715cbb9be5937ae2db77cab69\",\"name\":\"petrusivi18@gmail.com\",\"image\":{\"@type\":\"ImageObject\",\"inLanguage\":\"hu\",\"@id\":\"https:\/\/kajakkomarno.sk\/#\/schema\/person\/image\/\",\"url\":\"https:\/\/secure.gravatar.com\/avatar\/77dd3ca1ae9038935f09e411f1d53193ef634a1b97c471309f0fc163209e68d8?s=96&d=mm&r=g\",\"contentUrl\":\"https:\/\/secure.gravatar.com\/avatar\/77dd3ca1ae9038935f09e411f1d53193ef634a1b97c471309f0fc163209e68d8?s=96&d=mm&r=g\",\"caption\":\"petrusivi18@gmail.com\"},\"url\":\"https:\/\/kajakkomarno.sk\/hu\/author\/petrusivi18gmail-com\/\"}]}<\/script>\n<!-- \/ Yoast SEO plugin. -->","yoast_head_json":{"title":"NA OTVOREN\u00cd PRETEK\u00c1RSKEJ SEZ\u00d3NY V GY\u0150RI - Kajak &amp; kanoe klub Kom\u00e1rno","robots":{"index":"index","follow":"follow","max-snippet":"max-snippet:-1","max-image-preview":"max-image-preview:large","max-video-preview":"max-video-preview:-1"},"canonical":"https:\/\/kajakkomarno.sk\/novinky\/na-otvoreni-pretekarskej-sezony-v-gyori\/","og_locale":"hu_HU","og_type":"article","og_title":"NA OTVOREN\u00cd PRETEK\u00c1RSKEJ SEZ\u00d3NY V GY\u0150RI - Kajak &amp; kanoe klub Kom\u00e1rno","og_description":"D\u0148a 4.5. 2024 sa uskuto\u010dnilo otvorenie pretek\u00e1rskej sez\u00f3ny v Gy\u0151ri. Preteky organizoval Graboplast Gy\u0151ri V\u00edzisport Egyes\u00fclet a okrem ve\u013ek\u00e9ho po\u010dtu oddielov z Ma\u010farska sa tohto podujatia z\u00fa\u010dastnili aj pretek\u00e1ri Kajak &amp; kanoe klubu Kom\u00e1rno a KCK \u0160amor\u00edn. Tieto tri kluby sp\u00e1ja spolo\u010dn\u00fd projekt cezhrani\u010dnej spolupr\u00e1ce v r\u00e1mci programu INTERREG. N\u00e1\u0161 klub reprezentovali 11 a 12 [&hellip;]","og_url":"https:\/\/kajakkomarno.sk\/novinky\/na-otvoreni-pretekarskej-sezony-v-gyori\/","og_site_name":"Kajak &amp; kanoe klub Kom\u00e1rno","article_published_time":"2024-05-06T20:17:36+00:00","article_modified_time":"2024-05-29T20:31:22+00:00","og_image":[{"width":960,"height":720,"url":"https:\/\/kajakkomarno.sk\/wp-content\/uploads\/2024\/05\/GYOR-202402.jpg","type":"image\/jpeg"}],"author":"petrusivi18@gmail.com","twitter_card":"summary_large_image","twitter_misc":{"Szerz\u0151:":"petrusivi18@gmail.com","Becs\u00fclt olvas\u00e1si id\u0151":"2 perc"},"schema":{"@context":"https:\/\/schema.org","@graph":[{"@type":"Article","@id":"https:\/\/kajakkomarno.sk\/novinky\/na-otvoreni-pretekarskej-sezony-v-gyori\/#article","isPartOf":{"@id":"https:\/\/kajakkomarno.sk\/novinky\/na-otvoreni-pretekarskej-sezony-v-gyori\/"},"author":{"name":"petrusivi18@gmail.com","@id":"https:\/\/kajakkomarno.sk\/#\/schema\/person\/c5c91af715cbb9be5937ae2db77cab69"},"headline":"NA OTVOREN\u00cd PRETEK\u00c1RSKEJ SEZ\u00d3NY V GY\u0150RI","datePublished":"2024-05-06T20:17:36+00:00","dateModified":"2024-05-29T20:31:22+00:00","mainEntityOfPage":{"@id":"https:\/\/kajakkomarno.sk\/novinky\/na-otvoreni-pretekarskej-sezony-v-gyori\/"},"wordCount":183,"commentCount":0,"publisher":{"@id":"https:\/\/kajakkomarno.sk\/#organization"},"image":{"@id":"https:\/\/kajakkomarno.sk\/novinky\/na-otvoreni-pretekarskej-sezony-v-gyori\/#primaryimage"},"thumbnailUrl":"https:\/\/kajakkomarno.sk\/wp-content\/uploads\/2024\/05\/GYOR-202402.jpg","articleSection":["Novinky"],"inLanguage":"hu","potentialAction":[{"@type":"CommentAction","name":"Comment","target":["https:\/\/kajakkomarno.sk\/novinky\/na-otvoreni-pretekarskej-sezony-v-gyori\/#respond"]}]},{"@type":"WebPage","@id":"https:\/\/kajakkomarno.sk\/novinky\/na-otvoreni-pretekarskej-sezony-v-gyori\/","url":"https:\/\/kajakkomarno.sk\/novinky\/na-otvoreni-pretekarskej-sezony-v-gyori\/","name":"NA OTVOREN\u00cd PRETEK\u00c1RSKEJ SEZ\u00d3NY V GY\u0150RI - Kajak &amp; kanoe klub Kom\u00e1rno","isPartOf":{"@id":"https:\/\/kajakkomarno.sk\/#website"},"primaryImageOfPage":{"@id":"https:\/\/kajakkomarno.sk\/novinky\/na-otvoreni-pretekarskej-sezony-v-gyori\/#primaryimage"},"image":{"@id":"https:\/\/kajakkomarno.sk\/novinky\/na-otvoreni-pretekarskej-sezony-v-gyori\/#primaryimage"},"thumbnailUrl":"https:\/\/kajakkomarno.sk\/wp-content\/uploads\/2024\/05\/GYOR-202402.jpg","datePublished":"2024-05-06T20:17:36+00:00","dateModified":"2024-05-29T20:31:22+00:00","breadcrumb":{"@id":"https:\/\/kajakkomarno.sk\/novinky\/na-otvoreni-pretekarskej-sezony-v-gyori\/#breadcrumb"},"inLanguage":"hu","potentialAction":[{"@type":"ReadAction","target":["https:\/\/kajakkomarno.sk\/novinky\/na-otvoreni-pretekarskej-sezony-v-gyori\/"]}]},{"@type":"ImageObject","inLanguage":"hu","@id":"https:\/\/kajakkomarno.sk\/novinky\/na-otvoreni-pretekarskej-sezony-v-gyori\/#primaryimage","url":"https:\/\/kajakkomarno.sk\/wp-content\/uploads\/2024\/05\/GYOR-202402.jpg","contentUrl":"https:\/\/kajakkomarno.sk\/wp-content\/uploads\/2024\/05\/GYOR-202402.jpg","width":960,"height":720,"caption":"Tr\u00e9neri Ladislav \u00d3DOR a Lajos N\u00c9METH so svojimi mal\u00fdmi zverencami"},{"@type":"BreadcrumbList","@id":"https:\/\/kajakkomarno.sk\/novinky\/na-otvoreni-pretekarskej-sezony-v-gyori\/#breadcrumb","itemListElement":[{"@type":"ListItem","position":1,"name":"Domov","item":"https:\/\/kajakkomarno.sk\/hu\/fooldal\/"},{"@type":"ListItem","position":2,"name":"Novinky","item":"https:\/\/kajakkomarno.sk\/category\/novinky\/"},{"@type":"ListItem","position":3,"name":"NA OTVOREN\u00cd PRETEK\u00c1RSKEJ SEZ\u00d3NY V GY\u0150RI"}]},{"@type":"WebSite","@id":"https:\/\/kajakkomarno.sk\/#website","url":"https:\/\/kajakkomarno.sk\/","name":"Kajak &amp; kanoe klub Kom\u00e1rno","description":"","publisher":{"@id":"https:\/\/kajakkomarno.sk\/#organization"},"potentialAction":[{"@type":"SearchAction","target":{"@type":"EntryPoint","urlTemplate":"https:\/\/kajakkomarno.sk\/?s={search_term_string}"},"query-input":{"@type":"PropertyValueSpecification","valueRequired":true,"valueName":"search_term_string"}}],"inLanguage":"hu"},{"@type":"Organization","@id":"https:\/\/kajakkomarno.sk\/#organization","name":"Kajak &amp; kanoe klub Kom\u00e1rno","url":"https:\/\/kajakkomarno.sk\/","logo":{"@type":"ImageObject","inLanguage":"hu","@id":"https:\/\/kajakkomarno.sk\/#\/schema\/logo\/image\/","url":"https:\/\/kajakkomarno.sk\/wp-content\/uploads\/2022\/12\/kajak-kanoe-klub-komarno-optimized-opt.svg","contentUrl":"https:\/\/kajakkomarno.sk\/wp-content\/uploads\/2022\/12\/kajak-kanoe-klub-komarno-optimized-opt.svg","width":307,"height":66,"caption":"Kajak &amp; kanoe klub Kom\u00e1rno"},"image":{"@id":"https:\/\/kajakkomarno.sk\/#\/schema\/logo\/image\/"}},{"@type":"Person","@id":"https:\/\/kajakkomarno.sk\/#\/schema\/person\/c5c91af715cbb9be5937ae2db77cab69","name":"petrusivi18@gmail.com","image":{"@type":"ImageObject","inLanguage":"hu","@id":"https:\/\/kajakkomarno.sk\/#\/schema\/person\/image\/","url":"https:\/\/secure.gravatar.com\/avatar\/77dd3ca1ae9038935f09e411f1d53193ef634a1b97c471309f0fc163209e68d8?s=96&d=mm&r=g","contentUrl":"https:\/\/secure.gravatar.com\/avatar\/77dd3ca1ae9038935f09e411f1d53193ef634a1b97c471309f0fc163209e68d8?s=96&d=mm&r=g","caption":"petrusivi18@gmail.com"},"url":"https:\/\/kajakkomarno.sk\/hu\/author\/petrusivi18gmail-com\/"}]}},"_links":{"self":[{"href":"https:\/\/kajakkomarno.sk\/hu\/wp-json\/wp\/v2\/posts\/4417","targetHints":{"allow":["GET"]}}],"collection":[{"href":"https:\/\/kajakkomarno.sk\/hu\/wp-json\/wp\/v2\/posts"}],"about":[{"href":"https:\/\/kajakkomarno.sk\/hu\/wp-json\/wp\/v2\/types\/post"}],"author":[{"embeddable":true,"href":"https:\/\/kajakkomarno.sk\/hu\/wp-json\/wp\/v2\/users\/3"}],"replies":[{"embeddable":true,"href":"https:\/\/kajakkomarno.sk\/hu\/wp-json\/wp\/v2\/comments?post=4417"}],"version-history":[{"count":0,"href":"https:\/\/kajakkomarno.sk\/hu\/wp-json\/wp\/v2\/posts\/4417\/revisions"}],"wp:featuredmedia":[{"embeddable":true,"href":"https:\/\/kajakkomarno.sk\/hu\/wp-json\/wp\/v2\/media\/4422"}],"wp:attachment":[{"href":"https:\/\/kajakkomarno.sk\/hu\/wp-json\/wp\/v2\/media?parent=4417"}],"wp:term":[{"taxonomy":"category","embeddable":true,"href":"https:\/\/kajakkomarno.sk\/hu\/wp-json\/wp\/v2\/categories?post=4417"},{"taxonomy":"post_tag","embeddable":true,"href":"https:\/\/kajakkomarno.sk\/hu\/wp-json\/wp\/v2\/tags?post=4417"}],"curies":[{"name":"wp","href":"https:\/\/api.w.org\/{rel}","templated":true}]}}