{"id":4242,"date":"2024-02-04T21:37:40","date_gmt":"2024-02-04T20:37:40","guid":{"rendered":"https:\/\/kajakkomarno.sk\/?p=4242"},"modified":"2024-02-04T21:37:40","modified_gmt":"2024-02-04T20:37:40","slug":"vitazstvo-komarna-v-slovenskom-pohari-2023","status":"publish","type":"post","link":"https:\/\/kajakkomarno.sk\/hu\/novinky\/vitazstvo-komarna-v-slovenskom-pohari-2023\/","title":{"rendered":"V\u00ed\u0165azstvo Kom\u00e1rna v Slovenskom poh\u00e1ri 2023"},"content":{"rendered":"<p>D\u0148a 2. febru\u00e1ra 202<span lang=\"sk-SK\">4<\/span> sa v priestoroch X-Bionic Sphere uskuto\u010dnil sl\u00e1vnostn\u00fd Galave\u010der, na ktorom boli ocenen\u00ed naj\u00faspe\u0161nej\u0161\u00ed pretek\u00e1ri a naj\u00faspe\u0161nej\u0161ie oddiely v r\u00e1mci Slovensk\u00e9ho poh\u00e1ra za rok 2023.<\/p>\n<p>Do <span lang=\"sk-SK\">hodnotenia Slovensk\u00e9ho poh\u00e1ra <\/span> v roku 2023 bolo zaraden\u00fdch celkom 8 podujat\u00ed v r\u00fdchlostnej kanoistike, vr\u00e1tane troch dom\u00e1cich \u0161ampion\u00e1tov a hodnoten<span lang=\"sk-SK\">\u00e9<\/span> <span lang=\"sk-SK\">boli<\/span> vekov\u00e9 skupiny od 13 rokov a\u017e po veter\u00e1nov .<\/p>\n<p>Medzi ocenen\u00fdmi jednotlivcami bolo celkom 9 pretek\u00e1rov n\u00e1\u0161ho klubu a medzi <span lang=\"sk-SK\">v\u00ed\u0165azov <\/span>v r\u00e1mci svojich kateg\u00f3ri\u00ed sa zap\u00edsal<span lang=\"sk-SK\">i <\/span> <strong>Diana MARKOVI\u010cOV\u00c1 a Laura \u0150RI.<\/strong><\/p>\n<h2>Naj\u00faspe\u0161nej\u0161\u00ed jednotlivci \u2013 ocenen\u00ed<\/h2>\n<p><strong>1. Diana MARKOVI\u010cOV\u00c1- K\u00a0DIEV\u010cAT\u00c1 1<span lang=\"sk-SK\">4<\/span> RO\u010cN\u00c9 <\/strong><\/p>\n<p><strong>1. Laura \u0150RI- C JUNIORKY<\/strong><\/p>\n<p><strong><span lang=\"sk-SK\">2. Alex \u00d3DOR- <\/span><span lang=\"sk-SK\">K CHLAPCI 13 RO\u010cN\u00cd<\/span><\/strong><\/p>\n<p align=\"left\"><strong>2. Peter Teo LUK\u00c1\u010c- K KADETI<\/strong><\/p>\n<p align=\"left\"><strong>2. Nat\u00e1lia SZENCZIOV\u00c1- C KADETKY<\/strong><\/p>\n<p align=\"left\"><strong>2. Zo\u00e9 B\u00d3NOV\u00c1- C JUNIORKY<\/strong><\/p>\n<p align=\"left\"><strong><span lang=\"sk-SK\">2<\/span>. Dominik DOKTOR\u00cdK- K JUNIORI<\/strong><\/p>\n<p align=\"left\"><strong><span lang=\"sk-SK\">2<\/span>. Imre FAZEKAS \u2013 C JUNIORI<\/strong><\/p>\n<p align=\"left\"><strong>3. Aneta JEL\u00cdNKOV\u00c1- C \u017dENY <\/strong><\/p>\n<p>Pod v\u00fdsledky na\u0161ich pretek\u00e1rov sa podp\u00edsali tr\u00e9neri Kajak &amp; kanoe klubu Kom\u00e1rno:\u00a0Attila Ambrus, Franti\u0161ek Dos\u00fadil, Oliver Koczk\u00e1s a Juraj Tarr.<\/p>\n<figure id=\"attachment_4249\" aria-describedby=\"caption-attachment-4249\" style=\"width: 960px\" class=\"wp-caption aligncenter\"><img fetchpriority=\"high\" decoding=\"async\" class=\"wp-image-4249 size-full\" src=\"https:\/\/kajakkomarno.sk\/wp-content\/uploads\/2024\/02\/SP-2023-14-R-D.jpg\" alt=\"\" width=\"960\" height=\"640\" srcset=\"https:\/\/kajakkomarno.sk\/wp-content\/uploads\/2024\/02\/SP-2023-14-R-D.jpg 960w, https:\/\/kajakkomarno.sk\/wp-content\/uploads\/2024\/02\/SP-2023-14-R-D-450x300.jpg 450w, https:\/\/kajakkomarno.sk\/wp-content\/uploads\/2024\/02\/SP-2023-14-R-D-768x512.jpg 768w\" sizes=\"(max-width: 960px) 100vw, 960px\" \/><figcaption id=\"caption-attachment-4249\" class=\"wp-caption-text\">Diana Markovi\u010dov\u00e1 &#8211; v\u00ed\u0165azka Slovensk\u00e9ho poh\u00e1ra- diev\u010dat\u00e1 14 ro\u010dn\u00e9, tr\u00e9ner Franti\u0161ek Dos\u00fadil<\/figcaption><\/figure>\n<figure id=\"attachment_4251\" aria-describedby=\"caption-attachment-4251\" style=\"width: 960px\" class=\"wp-caption aligncenter\"><img decoding=\"async\" class=\"wp-image-4251 size-full\" src=\"https:\/\/kajakkomarno.sk\/wp-content\/uploads\/2024\/02\/SP-2023-C-JY.jpg\" alt=\"\" width=\"960\" height=\"640\" srcset=\"https:\/\/kajakkomarno.sk\/wp-content\/uploads\/2024\/02\/SP-2023-C-JY.jpg 960w, https:\/\/kajakkomarno.sk\/wp-content\/uploads\/2024\/02\/SP-2023-C-JY-450x300.jpg 450w, https:\/\/kajakkomarno.sk\/wp-content\/uploads\/2024\/02\/SP-2023-C-JY-768x512.jpg 768w\" sizes=\"(max-width: 960px) 100vw, 960px\" \/><figcaption id=\"caption-attachment-4251\" class=\"wp-caption-text\">Laura \u0150ri v\u00ed\u0165azka Slovensk\u00e9ho poh\u00e1ra a Zo\u00e9 B\u00f3nov\u00e1 2. miesto v C juniorky\u00a0<\/figcaption><\/figure>\n<figure id=\"attachment_4253\" aria-describedby=\"caption-attachment-4253\" style=\"width: 960px\" class=\"wp-caption alignnone\"><img decoding=\"async\" class=\"wp-image-4253 size-full\" src=\"https:\/\/kajakkomarno.sk\/wp-content\/uploads\/2024\/02\/SP-2023-C-KY.jpg\" alt=\"\" width=\"960\" height=\"640\" srcset=\"https:\/\/kajakkomarno.sk\/wp-content\/uploads\/2024\/02\/SP-2023-C-KY.jpg 960w, https:\/\/kajakkomarno.sk\/wp-content\/uploads\/2024\/02\/SP-2023-C-KY-450x300.jpg 450w, https:\/\/kajakkomarno.sk\/wp-content\/uploads\/2024\/02\/SP-2023-C-KY-768x512.jpg 768w\" sizes=\"(max-width: 960px) 100vw, 960px\" \/><figcaption id=\"caption-attachment-4253\" class=\"wp-caption-text\">Nat\u00e1lia Szencziov\u00e1 &#8211; 2. miesto v Slovenskom poh\u00e1ri v C kadetky, cenu odovzdal Erik Vl\u010dek<\/figcaption><\/figure>\n<figure id=\"attachment_4247\" aria-describedby=\"caption-attachment-4247\" style=\"width: 960px\" class=\"wp-caption alignnone\"><img loading=\"lazy\" decoding=\"async\" class=\"wp-image-4247 size-full\" src=\"https:\/\/kajakkomarno.sk\/wp-content\/uploads\/2024\/02\/SP-2023-13-R-CH.jpg\" alt=\"\" width=\"960\" height=\"640\" srcset=\"https:\/\/kajakkomarno.sk\/wp-content\/uploads\/2024\/02\/SP-2023-13-R-CH.jpg 960w, https:\/\/kajakkomarno.sk\/wp-content\/uploads\/2024\/02\/SP-2023-13-R-CH-450x300.jpg 450w, https:\/\/kajakkomarno.sk\/wp-content\/uploads\/2024\/02\/SP-2023-13-R-CH-768x512.jpg 768w\" sizes=\"(max-width: 960px) 100vw, 960px\" \/><figcaption id=\"caption-attachment-4247\" class=\"wp-caption-text\">Alex \u00d3dor, 13 ro\u010dn\u00fd kajak\u00e1r &#8211; ocenen\u00fd za 2.miesto v Slovenskom poh\u00e1ri\u00a0<\/figcaption><\/figure>\n<figure id=\"attachment_4255\" aria-describedby=\"caption-attachment-4255\" style=\"width: 960px\" class=\"wp-caption alignnone\"><img loading=\"lazy\" decoding=\"async\" class=\"wp-image-4255 size-full\" src=\"https:\/\/kajakkomarno.sk\/wp-content\/uploads\/2024\/02\/SP-2023-K-I.jpg\" alt=\"\" width=\"960\" height=\"640\" srcset=\"https:\/\/kajakkomarno.sk\/wp-content\/uploads\/2024\/02\/SP-2023-K-I.jpg 960w, https:\/\/kajakkomarno.sk\/wp-content\/uploads\/2024\/02\/SP-2023-K-I-450x300.jpg 450w, https:\/\/kajakkomarno.sk\/wp-content\/uploads\/2024\/02\/SP-2023-K-I-768x512.jpg 768w\" sizes=\"(max-width: 960px) 100vw, 960px\" \/><figcaption id=\"caption-attachment-4255\" class=\"wp-caption-text\">Peter Teo Luk\u00e1\u010d- v Slovenskom poh\u00e1ri ocenen\u00fd za 2.miesto v kateg\u00f3rii Kajak kadeti<\/figcaption><\/figure>\n<p><img loading=\"lazy\" decoding=\"async\" class=\"wp-image-4257 size-full\" src=\"https:\/\/kajakkomarno.sk\/wp-content\/uploads\/2024\/02\/SP-2023-C-JI.jpg\" alt=\"\" width=\"960\" height=\"640\" srcset=\"https:\/\/kajakkomarno.sk\/wp-content\/uploads\/2024\/02\/SP-2023-C-JI.jpg 960w, https:\/\/kajakkomarno.sk\/wp-content\/uploads\/2024\/02\/SP-2023-C-JI-450x300.jpg 450w, https:\/\/kajakkomarno.sk\/wp-content\/uploads\/2024\/02\/SP-2023-C-JI-768x512.jpg 768w\" sizes=\"(max-width: 960px) 100vw, 960px\" \/><span style=\"font-size: 14px;\">Imre Fazekas ocenen\u00fd za 2.miesto v Slovenskom poh\u00e1ri- C juniori<\/span><\/p>\n<figure id=\"attachment_4259\" aria-describedby=\"caption-attachment-4259\" style=\"width: 960px\" class=\"wp-caption alignnone\"><img loading=\"lazy\" decoding=\"async\" class=\"wp-image-4259 size-full\" src=\"https:\/\/kajakkomarno.sk\/wp-content\/uploads\/2024\/02\/SP-2023-C-ZY.jpg\" alt=\"\" width=\"960\" height=\"640\" srcset=\"https:\/\/kajakkomarno.sk\/wp-content\/uploads\/2024\/02\/SP-2023-C-ZY.jpg 960w, https:\/\/kajakkomarno.sk\/wp-content\/uploads\/2024\/02\/SP-2023-C-ZY-450x300.jpg 450w, https:\/\/kajakkomarno.sk\/wp-content\/uploads\/2024\/02\/SP-2023-C-ZY-768x512.jpg 768w\" sizes=\"(max-width: 960px) 100vw, 960px\" \/><figcaption id=\"caption-attachment-4259\" class=\"wp-caption-text\">Aneta Jel\u00ednkov\u00e1- 2.miesto v Slovenskom poh\u00e1ri &#8211; C \u017eeny<\/figcaption><\/figure>\n<h2>\u00a0<span lang=\"sk-SK\">V<\/span><span lang=\"sk-SK\">\u00ed\u0165azstvo Kajak &amp; kanoe klubu Kom\u00e1rno v hodnoten\u00ed oddielov<\/span><\/h2>\n<div class=\"mceTemp\"><\/div>\n<p><span lang=\"sk-SK\">N\u00e1\u0161 klub, Kajak &amp; kanoe klub Kom\u00e1rno, sa stal v<\/span>\u00ed\u0165azom Slovensk\u00e9ho poh\u00e1ra za rok 2023 v hodnoten\u00ed oddielov.<\/p>\n<h2>ODDIELY CELKOM<\/h2>\n<p><strong>1. Kajak &amp; kanoe klub Kom\u00e1rno <span lang=\"sk-SK\">1 220,50<\/span><\/strong><\/p>\n<p>2. Kanoistick\u00fd klub Sl\u00e1via UK Bratislava 947,50<\/p>\n<p>3. Klub r\u00fdchlostnej kanoistiky Nov\u00e1ky\u00a0 707,00<\/p>\n<p><strong>Poh\u00e1r za v\u00ed\u0165azstvo prevzal predseda klubu Viktor DEMIN, ktor\u00fd m\u00e1 <span lang=\"sk-SK\">n<\/span>eocenite\u013en\u00fd podiel na \u00faspechu klubu a so svojim t\u00edmom odv\u00e1dza ve\u013ek\u00fd kus pr\u00e1ce pri vytv\u00e1ran\u00ed podmienok pre kvalitn\u00fa \u0161portov\u00fa pr\u00edpravu na\u0161ich pretek\u00e1rov.<\/strong><\/p>\n<figure id=\"attachment_4245\" aria-describedby=\"caption-attachment-4245\" style=\"width: 960px\" class=\"wp-caption aligncenter\"><img loading=\"lazy\" decoding=\"async\" class=\"wp-image-4245 size-full\" src=\"https:\/\/kajakkomarno.sk\/wp-content\/uploads\/2024\/02\/SP-2023-ODDIELY.jpg\" alt=\"\" width=\"960\" height=\"640\" srcset=\"https:\/\/kajakkomarno.sk\/wp-content\/uploads\/2024\/02\/SP-2023-ODDIELY.jpg 960w, https:\/\/kajakkomarno.sk\/wp-content\/uploads\/2024\/02\/SP-2023-ODDIELY-450x300.jpg 450w, https:\/\/kajakkomarno.sk\/wp-content\/uploads\/2024\/02\/SP-2023-ODDIELY-768x512.jpg 768w\" sizes=\"(max-width: 960px) 100vw, 960px\" \/><figcaption id=\"caption-attachment-4245\" class=\"wp-caption-text\">Predseda klubu Viktor Demin s Poh\u00e1rom pre v\u00ed\u0165azov Slovensk\u00e9ho poh\u00e1ra\u00a0<\/figcaption><\/figure>\n<figure id=\"attachment_4263\" aria-describedby=\"caption-attachment-4263\" style=\"width: 960px\" class=\"wp-caption aligncenter\"><img loading=\"lazy\" decoding=\"async\" class=\"wp-image-4263 size-full\" src=\"https:\/\/kajakkomarno.sk\/wp-content\/uploads\/2024\/02\/SP-2023-SPOL2.jpg\" alt=\"\" width=\"960\" height=\"320\" srcset=\"https:\/\/kajakkomarno.sk\/wp-content\/uploads\/2024\/02\/SP-2023-SPOL2.jpg 960w, https:\/\/kajakkomarno.sk\/wp-content\/uploads\/2024\/02\/SP-2023-SPOL2-450x150.jpg 450w, https:\/\/kajakkomarno.sk\/wp-content\/uploads\/2024\/02\/SP-2023-SPOL2-768x256.jpg 768w\" sizes=\"(max-width: 960px) 100vw, 960px\" \/><figcaption id=\"caption-attachment-4263\" class=\"wp-caption-text\">Na sl\u00e1vnostnom oce\u0148ovan\u00ed mal n\u00e1\u0161 klub bohat\u00e9 zast\u00fapenie<\/figcaption><\/figure>\n<h2>AJ MINIKAJAK\u00c1RI V ROKU 2023 S VYNIKAJ\u00daCIMI V\u00ddSLEDKAMI<\/h2>\n<p>Aj ke\u010f chlapci a diev\u010dat\u00e1 vo veku 9 a\u017e 12 rokov nie s\u00fa hodnoten\u00ed v r\u00e1mci Slovensk\u00e9ho poh\u00e1ra, aj oni n\u00e1s v roku 2023 te\u0161ili svojimi v\u00fdkonmi. Minikajak\u00e1ri sa p<span lang=\"sk-SK\">ri<\/span>pravuj\u00fa pod veden\u00edm tr\u00e9nerov Ladislava \u00d3dora a Lajosa N\u00e9metha a po\u010das celej sez\u00f3ny patrili medzi najlep\u0161\u00edch\u00a0 a prispievali k v\u00ed\u0165azstv\u00e1m n\u00e1\u0161ho klubu v Poh\u00e1ri t\u00edmov.<\/p>\n<h3>Po\u010fakovanie za v\u00fdsledky v roku 2023 patr\u00ed v\u0161etk\u00fdm rodi\u010dom, sponzorom, v\u0161etk\u00fdm podporovate\u013eom a priaznivcom klubu.<\/h3>\n<h1 style=\"text-align: center;\"><span style=\"color: #0000ff;\">Blaho\u017eel\u00e1me\u00a0 a \u010fakujeme!\u00a0<\/span><\/h1>\n<h2><\/h2>\n<p>&nbsp;<\/p>\n<h2><span lang=\"sk-SK\">S L O V E N S K \u00dd\u00a0 \u00a0P O H \u00c1 R\u00a0 2023<\/span><\/h2>\n<h2><span lang=\"sk-SK\">PREH\u013dAD UMIESTNENIA <\/span> PRETEK\u00c1ROV KAJAK &amp; KANOE KLUBU KOM\u00c1RNO<\/h2>\n<h2>J E D N O T L I V C I<\/h2>\n<p><strong><span lang=\"sk-SK\">K DIEV\u010cAT\u00c1 13 RO\u010cN\u00c9 <\/span><\/strong><\/p>\n<p><span lang=\"sk-SK\">11. Lilian KR\u0160TE\u0147ANSK\u00c1 <\/span><\/p>\n<p align=\"left\"><span lang=\"sk-SK\">12. Adela LOPATOV\u00c1 <\/span><\/p>\n<p align=\"left\"><span lang=\"sk-SK\">13. Sophie RUHANEN <\/span><\/p>\n<p align=\"left\"><strong><span lang=\"sk-SK\">K CHLAPCI 13 RO\u010cN\u00cd <\/span><\/strong><\/p>\n<p align=\"left\"><span lang=\"sk-SK\">\u00a02. Alex \u00d3dor, <\/span><\/p>\n<p align=\"left\"><span lang=\"sk-SK\">\u00a09. D\u00e1vid Gy\u0151ri <\/span><\/p>\n<p align=\"left\"><strong><span lang=\"sk-SK\">K <\/span>DIEV\u010cAT\u00c1 14 RO\u010cN\u00c9 <\/strong><\/p>\n<p align=\"left\">\u00a01. Diana MARKOVI\u010cOV\u00c1<\/p>\n<p align=\"left\">11. Panna V\u00c1MOS<\/p>\n<p align=\"left\"><strong>K CHLAPCI 14 RO\u010cN\u00cd <\/strong><\/p>\n<p align=\"left\"><span lang=\"sk-SK\">7<\/span>. D\u00e1vid ZAUKO<\/p>\n<p align=\"left\">8. D\u00e1vid HODEK<\/p>\n<p align=\"left\">9. Patrice MUHAR<\/p>\n<p align=\"left\"><strong>K KADETKY <\/strong><\/p>\n<p align=\"left\">5. Nadine \u010eUR\u010cOV\u00c1<\/p>\n<p align=\"left\">6. Michaela ZRNEKOV\u00c1<\/p>\n<p align=\"left\">14. Lucia DEM\u00c1\u010cKOV\u00c1<\/p>\n<p align=\"left\">24. D\u00f3ra V\u00c1MOS<\/p>\n<p align=\"left\"><strong>K KADETI<\/strong><\/p>\n<p align=\"left\">2. Peter Teo LUK\u00c1\u010c<\/p>\n<p align=\"left\">5. Michal T\u00d3TH<\/p>\n<p align=\"left\">7. M\u00e1t\u00e9 MARSAL<\/p>\n<p align=\"left\">8. Matej LOPATA<\/p>\n<p align=\"left\">20. Samuel DEM\u00c1\u010cEK<\/p>\n<p align=\"left\"><strong>C KADETKY <\/strong><\/p>\n<p align=\"left\">2. Nat\u00e1lia SZENCZIOV\u00c1<\/p>\n<p align=\"left\"><strong>C JUNIORKY<\/strong><\/p>\n<p align=\"left\">1. Laura \u0150RI<\/p>\n<p align=\"left\">2. Zo\u00e9 B\u00d3NOV\u00c1<\/p>\n<p align=\"left\">K JUNIORKY<\/p>\n<p align=\"left\">6. Lili\u00e1na GA\u00c1L<\/p>\n<p align=\"left\">C JUNIORI<\/p>\n<p align=\"left\"><span lang=\"sk-SK\">2<\/span>. Imre FAZEKAS<\/p>\n<p align=\"left\"><strong>K JUNIORI<\/strong><\/p>\n<p align=\"left\"><span lang=\"sk-SK\">2<\/span>. Dominik DOKTOR\u00cdK<\/p>\n<p align=\"left\">5. Tom\u00e1\u0161 FARKA\u0160<\/p>\n<p align=\"left\">6. \u013dudov\u00edt T\u00d3TH<\/p>\n<p align=\"left\">1<span lang=\"sk-SK\">5<\/span>. <span lang=\"sk-SK\">Dominik NAGY<\/span><\/p>\n<p align=\"left\"><span lang=\"sk-SK\">1<\/span><span lang=\"sk-SK\">7.<\/span> <span lang=\"sk-SK\">M\u00e1t\u00e9 MARSAL \u2013 kadet,\u00a0 na MSR na kr\u00e1tke trate \u0161tartoval v juniorskej kateg\u00f3rii<\/span><\/p>\n<p><strong><span lang=\"sk-SK\">C <\/span><span lang=\"sk-SK\">\u017dENY<\/span><\/strong><\/p>\n<p align=\"left\"><span lang=\"sk-SK\">3. Aneta JEL\u00cdNKOV\u00c1<\/span><\/p>\n<p align=\"left\"><strong><span lang=\"sk-SK\">K MU\u017dI <\/span><\/strong><\/p>\n<p align=\"left\"><span lang=\"sk-SK\">13. Marko UJV\u00c1RI<\/span><\/p>\n<p align=\"left\"><span lang=\"sk-SK\">1<\/span><span lang=\"sk-SK\">4. Filip PODLEISZEK<\/span><\/p>\n<p align=\"left\"><strong><span lang=\"sk-SK\">K\u00a0VETER\u00c1NI<\/span><\/strong><\/p>\n<p align=\"left\"><span lang=\"sk-SK\">5. Marek \u010eUR\u010cO<\/span><\/p>\n<p align=\"left\">8. Franti\u0161ek DOS\u00daDIL<\/p>\n<p align=\"left\">10. Gabriel ZIRKELBACH<\/p>\n<h2 style=\"text-align: center;\"><\/h2>\n","protected":false},"excerpt":{"rendered":"<p>D\u0148a 2. febru\u00e1ra 2024 sa v priestoroch X-Bionic Sphere uskuto\u010dnil sl\u00e1vnostn\u00fd Galave\u010der, na ktorom boli ocenen\u00ed naj\u00faspe\u0161nej\u0161\u00ed pretek\u00e1ri a naj\u00faspe\u0161nej\u0161ie oddiely v r\u00e1mci Slovensk\u00e9ho poh\u00e1ra za rok 2023. Do hodnotenia Slovensk\u00e9ho poh\u00e1ra v roku 2023 bolo zaraden\u00fdch celkom 8 podujat\u00ed v r\u00fdchlostnej kanoistike, vr\u00e1tane troch dom\u00e1cich \u0161ampion\u00e1tov a hodnoten\u00e9 boli vekov\u00e9 skupiny od 13 rokov [&hellip;]<\/p>\n","protected":false},"author":3,"featured_media":4243,"comment_status":"open","ping_status":"open","sticky":false,"template":"","format":"standard","meta":{"inline_featured_image":false,"footnotes":""},"categories":[1],"tags":[],"class_list":["post-4242","post","type-post","status-publish","format-standard","has-post-thumbnail","hentry","category-novinky"],"acf":[],"yoast_head":"<!-- This site is optimized with the Yoast SEO plugin v26.6 - https:\/\/yoast.com\/wordpress\/plugins\/seo\/ -->\n<title>V\u00ed\u0165azstvo Kom\u00e1rna v Slovenskom poh\u00e1ri 2023 - Kajak &amp; kanoe klub Kom\u00e1rno<\/title>\n<meta name=\"robots\" content=\"index, follow, max-snippet:-1, max-image-preview:large, max-video-preview:-1\" \/>\n<link rel=\"canonical\" href=\"https:\/\/kajakkomarno.sk\/novinky\/vitazstvo-komarna-v-slovenskom-pohari-2023\/\" \/>\n<meta property=\"og:locale\" content=\"hu_HU\" \/>\n<meta property=\"og:type\" content=\"article\" \/>\n<meta property=\"og:title\" content=\"V\u00ed\u0165azstvo Kom\u00e1rna v Slovenskom poh\u00e1ri 2023 - Kajak &amp; kanoe klub Kom\u00e1rno\" \/>\n<meta property=\"og:description\" content=\"D\u0148a 2. febru\u00e1ra 2024 sa v priestoroch X-Bionic Sphere uskuto\u010dnil sl\u00e1vnostn\u00fd Galave\u010der, na ktorom boli ocenen\u00ed naj\u00faspe\u0161nej\u0161\u00ed pretek\u00e1ri a naj\u00faspe\u0161nej\u0161ie oddiely v r\u00e1mci Slovensk\u00e9ho poh\u00e1ra za rok 2023. Do hodnotenia Slovensk\u00e9ho poh\u00e1ra v roku 2023 bolo zaraden\u00fdch celkom 8 podujat\u00ed v r\u00fdchlostnej kanoistike, vr\u00e1tane troch dom\u00e1cich \u0161ampion\u00e1tov a hodnoten\u00e9 boli vekov\u00e9 skupiny od 13 rokov [&hellip;]\" \/>\n<meta property=\"og:url\" content=\"https:\/\/kajakkomarno.sk\/novinky\/vitazstvo-komarna-v-slovenskom-pohari-2023\/\" \/>\n<meta property=\"og:site_name\" content=\"Kajak &amp; kanoe klub Kom\u00e1rno\" \/>\n<meta property=\"article:published_time\" content=\"2024-02-04T20:37:40+00:00\" \/>\n<meta property=\"og:image\" content=\"https:\/\/kajakkomarno.sk\/wp-content\/uploads\/2024\/02\/SP-2023-ODDIELY-TIT.jpg\" \/>\n\t<meta property=\"og:image:width\" content=\"960\" \/>\n\t<meta property=\"og:image:height\" content=\"640\" \/>\n\t<meta property=\"og:image:type\" content=\"image\/jpeg\" \/>\n<meta name=\"author\" content=\"petrusivi18@gmail.com\" \/>\n<meta name=\"twitter:card\" content=\"summary_large_image\" \/>\n<meta name=\"twitter:label1\" content=\"Szerz\u0151:\" \/>\n\t<meta name=\"twitter:data1\" content=\"petrusivi18@gmail.com\" \/>\n\t<meta name=\"twitter:label2\" content=\"Becs\u00fclt olvas\u00e1si id\u0151\" \/>\n\t<meta name=\"twitter:data2\" content=\"6 perc\" \/>\n<script type=\"application\/ld+json\" class=\"yoast-schema-graph\">{\"@context\":\"https:\/\/schema.org\",\"@graph\":[{\"@type\":\"Article\",\"@id\":\"https:\/\/kajakkomarno.sk\/novinky\/vitazstvo-komarna-v-slovenskom-pohari-2023\/#article\",\"isPartOf\":{\"@id\":\"https:\/\/kajakkomarno.sk\/novinky\/vitazstvo-komarna-v-slovenskom-pohari-2023\/\"},\"author\":{\"name\":\"petrusivi18@gmail.com\",\"@id\":\"https:\/\/kajakkomarno.sk\/#\/schema\/person\/c5c91af715cbb9be5937ae2db77cab69\"},\"headline\":\"V\u00ed\u0165azstvo Kom\u00e1rna v Slovenskom poh\u00e1ri 2023\",\"datePublished\":\"2024-02-04T20:37:40+00:00\",\"mainEntityOfPage\":{\"@id\":\"https:\/\/kajakkomarno.sk\/novinky\/vitazstvo-komarna-v-slovenskom-pohari-2023\/\"},\"wordCount\":774,\"commentCount\":0,\"publisher\":{\"@id\":\"https:\/\/kajakkomarno.sk\/#organization\"},\"image\":{\"@id\":\"https:\/\/kajakkomarno.sk\/novinky\/vitazstvo-komarna-v-slovenskom-pohari-2023\/#primaryimage\"},\"thumbnailUrl\":\"https:\/\/kajakkomarno.sk\/wp-content\/uploads\/2024\/02\/SP-2023-ODDIELY-TIT.jpg\",\"articleSection\":[\"Novinky\"],\"inLanguage\":\"hu\",\"potentialAction\":[{\"@type\":\"CommentAction\",\"name\":\"Comment\",\"target\":[\"https:\/\/kajakkomarno.sk\/novinky\/vitazstvo-komarna-v-slovenskom-pohari-2023\/#respond\"]}]},{\"@type\":\"WebPage\",\"@id\":\"https:\/\/kajakkomarno.sk\/novinky\/vitazstvo-komarna-v-slovenskom-pohari-2023\/\",\"url\":\"https:\/\/kajakkomarno.sk\/novinky\/vitazstvo-komarna-v-slovenskom-pohari-2023\/\",\"name\":\"V\u00ed\u0165azstvo Kom\u00e1rna v Slovenskom poh\u00e1ri 2023 - Kajak &amp; kanoe klub Kom\u00e1rno\",\"isPartOf\":{\"@id\":\"https:\/\/kajakkomarno.sk\/#website\"},\"primaryImageOfPage\":{\"@id\":\"https:\/\/kajakkomarno.sk\/novinky\/vitazstvo-komarna-v-slovenskom-pohari-2023\/#primaryimage\"},\"image\":{\"@id\":\"https:\/\/kajakkomarno.sk\/novinky\/vitazstvo-komarna-v-slovenskom-pohari-2023\/#primaryimage\"},\"thumbnailUrl\":\"https:\/\/kajakkomarno.sk\/wp-content\/uploads\/2024\/02\/SP-2023-ODDIELY-TIT.jpg\",\"datePublished\":\"2024-02-04T20:37:40+00:00\",\"breadcrumb\":{\"@id\":\"https:\/\/kajakkomarno.sk\/novinky\/vitazstvo-komarna-v-slovenskom-pohari-2023\/#breadcrumb\"},\"inLanguage\":\"hu\",\"potentialAction\":[{\"@type\":\"ReadAction\",\"target\":[\"https:\/\/kajakkomarno.sk\/novinky\/vitazstvo-komarna-v-slovenskom-pohari-2023\/\"]}]},{\"@type\":\"ImageObject\",\"inLanguage\":\"hu\",\"@id\":\"https:\/\/kajakkomarno.sk\/novinky\/vitazstvo-komarna-v-slovenskom-pohari-2023\/#primaryimage\",\"url\":\"https:\/\/kajakkomarno.sk\/wp-content\/uploads\/2024\/02\/SP-2023-ODDIELY-TIT.jpg\",\"contentUrl\":\"https:\/\/kajakkomarno.sk\/wp-content\/uploads\/2024\/02\/SP-2023-ODDIELY-TIT.jpg\",\"width\":960,\"height\":640},{\"@type\":\"BreadcrumbList\",\"@id\":\"https:\/\/kajakkomarno.sk\/novinky\/vitazstvo-komarna-v-slovenskom-pohari-2023\/#breadcrumb\",\"itemListElement\":[{\"@type\":\"ListItem\",\"position\":1,\"name\":\"Domov\",\"item\":\"https:\/\/kajakkomarno.sk\/hu\/fooldal\/\"},{\"@type\":\"ListItem\",\"position\":2,\"name\":\"Novinky\",\"item\":\"https:\/\/kajakkomarno.sk\/category\/novinky\/\"},{\"@type\":\"ListItem\",\"position\":3,\"name\":\"V\u00ed\u0165azstvo Kom\u00e1rna v Slovenskom poh\u00e1ri 2023\"}]},{\"@type\":\"WebSite\",\"@id\":\"https:\/\/kajakkomarno.sk\/#website\",\"url\":\"https:\/\/kajakkomarno.sk\/\",\"name\":\"Kajak &amp; kanoe klub Kom\u00e1rno\",\"description\":\"\",\"publisher\":{\"@id\":\"https:\/\/kajakkomarno.sk\/#organization\"},\"potentialAction\":[{\"@type\":\"SearchAction\",\"target\":{\"@type\":\"EntryPoint\",\"urlTemplate\":\"https:\/\/kajakkomarno.sk\/?s={search_term_string}\"},\"query-input\":{\"@type\":\"PropertyValueSpecification\",\"valueRequired\":true,\"valueName\":\"search_term_string\"}}],\"inLanguage\":\"hu\"},{\"@type\":\"Organization\",\"@id\":\"https:\/\/kajakkomarno.sk\/#organization\",\"name\":\"Kajak &amp; kanoe klub Kom\u00e1rno\",\"url\":\"https:\/\/kajakkomarno.sk\/\",\"logo\":{\"@type\":\"ImageObject\",\"inLanguage\":\"hu\",\"@id\":\"https:\/\/kajakkomarno.sk\/#\/schema\/logo\/image\/\",\"url\":\"https:\/\/kajakkomarno.sk\/wp-content\/uploads\/2022\/12\/kajak-kanoe-klub-komarno-optimized-opt.svg\",\"contentUrl\":\"https:\/\/kajakkomarno.sk\/wp-content\/uploads\/2022\/12\/kajak-kanoe-klub-komarno-optimized-opt.svg\",\"width\":307,\"height\":66,\"caption\":\"Kajak &amp; kanoe klub Kom\u00e1rno\"},\"image\":{\"@id\":\"https:\/\/kajakkomarno.sk\/#\/schema\/logo\/image\/\"}},{\"@type\":\"Person\",\"@id\":\"https:\/\/kajakkomarno.sk\/#\/schema\/person\/c5c91af715cbb9be5937ae2db77cab69\",\"name\":\"petrusivi18@gmail.com\",\"image\":{\"@type\":\"ImageObject\",\"inLanguage\":\"hu\",\"@id\":\"https:\/\/kajakkomarno.sk\/#\/schema\/person\/image\/\",\"url\":\"https:\/\/secure.gravatar.com\/avatar\/77dd3ca1ae9038935f09e411f1d53193ef634a1b97c471309f0fc163209e68d8?s=96&d=mm&r=g\",\"contentUrl\":\"https:\/\/secure.gravatar.com\/avatar\/77dd3ca1ae9038935f09e411f1d53193ef634a1b97c471309f0fc163209e68d8?s=96&d=mm&r=g\",\"caption\":\"petrusivi18@gmail.com\"},\"url\":\"https:\/\/kajakkomarno.sk\/hu\/author\/petrusivi18gmail-com\/\"}]}<\/script>\n<!-- \/ Yoast SEO plugin. -->","yoast_head_json":{"title":"V\u00ed\u0165azstvo Kom\u00e1rna v Slovenskom poh\u00e1ri 2023 - Kajak &amp; kanoe klub Kom\u00e1rno","robots":{"index":"index","follow":"follow","max-snippet":"max-snippet:-1","max-image-preview":"max-image-preview:large","max-video-preview":"max-video-preview:-1"},"canonical":"https:\/\/kajakkomarno.sk\/novinky\/vitazstvo-komarna-v-slovenskom-pohari-2023\/","og_locale":"hu_HU","og_type":"article","og_title":"V\u00ed\u0165azstvo Kom\u00e1rna v Slovenskom poh\u00e1ri 2023 - Kajak &amp; kanoe klub Kom\u00e1rno","og_description":"D\u0148a 2. febru\u00e1ra 2024 sa v priestoroch X-Bionic Sphere uskuto\u010dnil sl\u00e1vnostn\u00fd Galave\u010der, na ktorom boli ocenen\u00ed naj\u00faspe\u0161nej\u0161\u00ed pretek\u00e1ri a naj\u00faspe\u0161nej\u0161ie oddiely v r\u00e1mci Slovensk\u00e9ho poh\u00e1ra za rok 2023. Do hodnotenia Slovensk\u00e9ho poh\u00e1ra v roku 2023 bolo zaraden\u00fdch celkom 8 podujat\u00ed v r\u00fdchlostnej kanoistike, vr\u00e1tane troch dom\u00e1cich \u0161ampion\u00e1tov a hodnoten\u00e9 boli vekov\u00e9 skupiny od 13 rokov [&hellip;]","og_url":"https:\/\/kajakkomarno.sk\/novinky\/vitazstvo-komarna-v-slovenskom-pohari-2023\/","og_site_name":"Kajak &amp; kanoe klub Kom\u00e1rno","article_published_time":"2024-02-04T20:37:40+00:00","og_image":[{"width":960,"height":640,"url":"https:\/\/kajakkomarno.sk\/wp-content\/uploads\/2024\/02\/SP-2023-ODDIELY-TIT.jpg","type":"image\/jpeg"}],"author":"petrusivi18@gmail.com","twitter_card":"summary_large_image","twitter_misc":{"Szerz\u0151:":"petrusivi18@gmail.com","Becs\u00fclt olvas\u00e1si id\u0151":"6 perc"},"schema":{"@context":"https:\/\/schema.org","@graph":[{"@type":"Article","@id":"https:\/\/kajakkomarno.sk\/novinky\/vitazstvo-komarna-v-slovenskom-pohari-2023\/#article","isPartOf":{"@id":"https:\/\/kajakkomarno.sk\/novinky\/vitazstvo-komarna-v-slovenskom-pohari-2023\/"},"author":{"name":"petrusivi18@gmail.com","@id":"https:\/\/kajakkomarno.sk\/#\/schema\/person\/c5c91af715cbb9be5937ae2db77cab69"},"headline":"V\u00ed\u0165azstvo Kom\u00e1rna v Slovenskom poh\u00e1ri 2023","datePublished":"2024-02-04T20:37:40+00:00","mainEntityOfPage":{"@id":"https:\/\/kajakkomarno.sk\/novinky\/vitazstvo-komarna-v-slovenskom-pohari-2023\/"},"wordCount":774,"commentCount":0,"publisher":{"@id":"https:\/\/kajakkomarno.sk\/#organization"},"image":{"@id":"https:\/\/kajakkomarno.sk\/novinky\/vitazstvo-komarna-v-slovenskom-pohari-2023\/#primaryimage"},"thumbnailUrl":"https:\/\/kajakkomarno.sk\/wp-content\/uploads\/2024\/02\/SP-2023-ODDIELY-TIT.jpg","articleSection":["Novinky"],"inLanguage":"hu","potentialAction":[{"@type":"CommentAction","name":"Comment","target":["https:\/\/kajakkomarno.sk\/novinky\/vitazstvo-komarna-v-slovenskom-pohari-2023\/#respond"]}]},{"@type":"WebPage","@id":"https:\/\/kajakkomarno.sk\/novinky\/vitazstvo-komarna-v-slovenskom-pohari-2023\/","url":"https:\/\/kajakkomarno.sk\/novinky\/vitazstvo-komarna-v-slovenskom-pohari-2023\/","name":"V\u00ed\u0165azstvo Kom\u00e1rna v Slovenskom poh\u00e1ri 2023 - Kajak &amp; kanoe klub Kom\u00e1rno","isPartOf":{"@id":"https:\/\/kajakkomarno.sk\/#website"},"primaryImageOfPage":{"@id":"https:\/\/kajakkomarno.sk\/novinky\/vitazstvo-komarna-v-slovenskom-pohari-2023\/#primaryimage"},"image":{"@id":"https:\/\/kajakkomarno.sk\/novinky\/vitazstvo-komarna-v-slovenskom-pohari-2023\/#primaryimage"},"thumbnailUrl":"https:\/\/kajakkomarno.sk\/wp-content\/uploads\/2024\/02\/SP-2023-ODDIELY-TIT.jpg","datePublished":"2024-02-04T20:37:40+00:00","breadcrumb":{"@id":"https:\/\/kajakkomarno.sk\/novinky\/vitazstvo-komarna-v-slovenskom-pohari-2023\/#breadcrumb"},"inLanguage":"hu","potentialAction":[{"@type":"ReadAction","target":["https:\/\/kajakkomarno.sk\/novinky\/vitazstvo-komarna-v-slovenskom-pohari-2023\/"]}]},{"@type":"ImageObject","inLanguage":"hu","@id":"https:\/\/kajakkomarno.sk\/novinky\/vitazstvo-komarna-v-slovenskom-pohari-2023\/#primaryimage","url":"https:\/\/kajakkomarno.sk\/wp-content\/uploads\/2024\/02\/SP-2023-ODDIELY-TIT.jpg","contentUrl":"https:\/\/kajakkomarno.sk\/wp-content\/uploads\/2024\/02\/SP-2023-ODDIELY-TIT.jpg","width":960,"height":640},{"@type":"BreadcrumbList","@id":"https:\/\/kajakkomarno.sk\/novinky\/vitazstvo-komarna-v-slovenskom-pohari-2023\/#breadcrumb","itemListElement":[{"@type":"ListItem","position":1,"name":"Domov","item":"https:\/\/kajakkomarno.sk\/hu\/fooldal\/"},{"@type":"ListItem","position":2,"name":"Novinky","item":"https:\/\/kajakkomarno.sk\/category\/novinky\/"},{"@type":"ListItem","position":3,"name":"V\u00ed\u0165azstvo Kom\u00e1rna v Slovenskom poh\u00e1ri 2023"}]},{"@type":"WebSite","@id":"https:\/\/kajakkomarno.sk\/#website","url":"https:\/\/kajakkomarno.sk\/","name":"Kajak &amp; kanoe klub Kom\u00e1rno","description":"","publisher":{"@id":"https:\/\/kajakkomarno.sk\/#organization"},"potentialAction":[{"@type":"SearchAction","target":{"@type":"EntryPoint","urlTemplate":"https:\/\/kajakkomarno.sk\/?s={search_term_string}"},"query-input":{"@type":"PropertyValueSpecification","valueRequired":true,"valueName":"search_term_string"}}],"inLanguage":"hu"},{"@type":"Organization","@id":"https:\/\/kajakkomarno.sk\/#organization","name":"Kajak &amp; kanoe klub Kom\u00e1rno","url":"https:\/\/kajakkomarno.sk\/","logo":{"@type":"ImageObject","inLanguage":"hu","@id":"https:\/\/kajakkomarno.sk\/#\/schema\/logo\/image\/","url":"https:\/\/kajakkomarno.sk\/wp-content\/uploads\/2022\/12\/kajak-kanoe-klub-komarno-optimized-opt.svg","contentUrl":"https:\/\/kajakkomarno.sk\/wp-content\/uploads\/2022\/12\/kajak-kanoe-klub-komarno-optimized-opt.svg","width":307,"height":66,"caption":"Kajak &amp; kanoe klub Kom\u00e1rno"},"image":{"@id":"https:\/\/kajakkomarno.sk\/#\/schema\/logo\/image\/"}},{"@type":"Person","@id":"https:\/\/kajakkomarno.sk\/#\/schema\/person\/c5c91af715cbb9be5937ae2db77cab69","name":"petrusivi18@gmail.com","image":{"@type":"ImageObject","inLanguage":"hu","@id":"https:\/\/kajakkomarno.sk\/#\/schema\/person\/image\/","url":"https:\/\/secure.gravatar.com\/avatar\/77dd3ca1ae9038935f09e411f1d53193ef634a1b97c471309f0fc163209e68d8?s=96&d=mm&r=g","contentUrl":"https:\/\/secure.gravatar.com\/avatar\/77dd3ca1ae9038935f09e411f1d53193ef634a1b97c471309f0fc163209e68d8?s=96&d=mm&r=g","caption":"petrusivi18@gmail.com"},"url":"https:\/\/kajakkomarno.sk\/hu\/author\/petrusivi18gmail-com\/"}]}},"_links":{"self":[{"href":"https:\/\/kajakkomarno.sk\/hu\/wp-json\/wp\/v2\/posts\/4242","targetHints":{"allow":["GET"]}}],"collection":[{"href":"https:\/\/kajakkomarno.sk\/hu\/wp-json\/wp\/v2\/posts"}],"about":[{"href":"https:\/\/kajakkomarno.sk\/hu\/wp-json\/wp\/v2\/types\/post"}],"author":[{"embeddable":true,"href":"https:\/\/kajakkomarno.sk\/hu\/wp-json\/wp\/v2\/users\/3"}],"replies":[{"embeddable":true,"href":"https:\/\/kajakkomarno.sk\/hu\/wp-json\/wp\/v2\/comments?post=4242"}],"version-history":[{"count":0,"href":"https:\/\/kajakkomarno.sk\/hu\/wp-json\/wp\/v2\/posts\/4242\/revisions"}],"wp:featuredmedia":[{"embeddable":true,"href":"https:\/\/kajakkomarno.sk\/hu\/wp-json\/wp\/v2\/media\/4243"}],"wp:attachment":[{"href":"https:\/\/kajakkomarno.sk\/hu\/wp-json\/wp\/v2\/media?parent=4242"}],"wp:term":[{"taxonomy":"category","embeddable":true,"href":"https:\/\/kajakkomarno.sk\/hu\/wp-json\/wp\/v2\/categories?post=4242"},{"taxonomy":"post_tag","embeddable":true,"href":"https:\/\/kajakkomarno.sk\/hu\/wp-json\/wp\/v2\/tags?post=4242"}],"curies":[{"name":"wp","href":"https:\/\/api.w.org\/{rel}","templated":true}]}}