{"id":4088,"date":"2023-10-01T20:42:47","date_gmt":"2023-10-01T18:42:47","guid":{"rendered":"https:\/\/kajakkomarno.sk\/?p=4088"},"modified":"2023-10-01T20:42:47","modified_gmt":"2023-10-01T18:42:47","slug":"na-sardinii-nasi-pretekari-opat-ziarili","status":"publish","type":"post","link":"https:\/\/kajakkomarno.sk\/hu\/novinky\/na-sardinii-nasi-pretekari-opat-ziarili\/","title":{"rendered":"Na Sard\u00ednii na\u0161i pretek\u00e1ri op\u00e4\u0165 \u017eiarili"},"content":{"rendered":"<p>Po minuloro\u010dnom \u00faspechu na\u0161ich pretek\u00e1rov na pretekoch <strong>Sar<span lang=\"sk-SK\">c<\/span>idano Race na Sard\u00ednii<\/strong>, maj\u00fa \u00faspe\u0161n\u00e9 vyst\u00fapenie za sebou na\u0161i pretek\u00e1ri aj v tomto roku. <strong>Na pozvanie p\u00e1na Paola Paniho z klubu Circolo\u00a0Kayak\u00a0Sardegna\u00a0Le Saline<\/strong> na preteky na Sard\u00edniu vycestovala <span lang=\"sk-SK\">p\u00e4\u0165\u010dlenn\u00e1 <\/span>v\u00fdprava Kajak &amp; kanoe klubu Kom\u00e1rno-<strong> pretek\u00e1ri Laura <span lang=\"sk-SK\"> \u0150RI, <\/span><span lang=\"sk-SK\">Pet<\/span><span lang=\"sk-SK\">er Teo LUK\u00c1CS, M\u00e1t\u00e9 MARSAL, \u013dudov\u00edt T\u00d3TH,<\/span> pod veden\u00edm tr\u00e9nera Attilu Ambrusa. <\/strong><\/p>\n<p>Preteky sa uskuto\u010dnili na\u00a0 jazere Is Barrocus v Isilii v nadmorskej v\u00fd\u0161ke 600 metrov. T\u00e1to typick\u00e1 sard\u00ednska lokalita je bohat\u00e1\u00a0 na historick\u00e9 pamiatky a unik\u00e1tne archeologick\u00e9 n\u00e1lezisk\u00e1.<\/p>\n<p>Na\u0161i pretek\u00e1ri sa predstavili vo viacer\u00fdch discipl\u00ednach v K1, K2, K2 mix a C1, C2 a C2 mix na 500 m a 200 m, kde si spolo\u010dne zas\u00fa\u0165a\u017eili a dvojice v C2 a v K2 mix a C2 mix tvorili s pretek\u00e1rmi so Sard\u00ednie. Na t\u00fdchto pretekoch na\u0161i pretek\u00e1ri dominovali a obsadili popredn\u00e9 umiestnenia.<\/p>\n<figure id=\"attachment_4123\" aria-describedby=\"caption-attachment-4123\" style=\"width: 960px\" class=\"wp-caption aligncenter\"><img fetchpriority=\"high\" decoding=\"async\" class=\"wp-image-4123 size-full\" src=\"https:\/\/kajakkomarno.sk\/wp-content\/uploads\/2023\/10\/SARD-202309.jpg\" alt=\"\" width=\"960\" height=\"432\" srcset=\"https:\/\/kajakkomarno.sk\/wp-content\/uploads\/2023\/10\/SARD-202309.jpg 960w, https:\/\/kajakkomarno.sk\/wp-content\/uploads\/2023\/10\/SARD-202309-450x203.jpg 450w, https:\/\/kajakkomarno.sk\/wp-content\/uploads\/2023\/10\/SARD-202309-768x346.jpg 768w\" sizes=\"(max-width: 960px) 100vw, 960px\" \/><figcaption id=\"caption-attachment-4123\" class=\"wp-caption-text\">M\u00e1t\u00e9 MARSAL a Peter Teo LUK\u00c1\u010c \u00faspe\u0161n\u00ed v K1 na 500 m, ako aj\u00a0 \u00a0v K1 na 200 m<\/figcaption><\/figure>\n<figure id=\"attachment_4117\" aria-describedby=\"caption-attachment-4117\" style=\"width: 960px\" class=\"wp-caption aligncenter\"><img decoding=\"async\" class=\"wp-image-4117 size-full\" src=\"https:\/\/kajakkomarno.sk\/wp-content\/uploads\/2023\/10\/SARD-202306.jpg\" alt=\"\" width=\"960\" height=\"432\" srcset=\"https:\/\/kajakkomarno.sk\/wp-content\/uploads\/2023\/10\/SARD-202306.jpg 960w, https:\/\/kajakkomarno.sk\/wp-content\/uploads\/2023\/10\/SARD-202306-450x203.jpg 450w, https:\/\/kajakkomarno.sk\/wp-content\/uploads\/2023\/10\/SARD-202306-768x346.jpg 768w\" sizes=\"(max-width: 960px) 100vw, 960px\" \/><figcaption id=\"caption-attachment-4117\" class=\"wp-caption-text\">M\u00e1t\u00e9 MARSAL a Peter Teo LUK\u00c1\u010c nena\u0161li premo\u017eite\u013eov ani v K2 na 500 m a v K2 na 200 m<\/figcaption><\/figure>\n<figure id=\"attachment_4121\" aria-describedby=\"caption-attachment-4121\" style=\"width: 960px\" class=\"wp-caption aligncenter\"><img decoding=\"async\" class=\"wp-image-4121 size-full\" src=\"https:\/\/kajakkomarno.sk\/wp-content\/uploads\/2023\/10\/SARD-202308.jpg\" alt=\"\" width=\"960\" height=\"432\" srcset=\"https:\/\/kajakkomarno.sk\/wp-content\/uploads\/2023\/10\/SARD-202308.jpg 960w, https:\/\/kajakkomarno.sk\/wp-content\/uploads\/2023\/10\/SARD-202308-450x203.jpg 450w, https:\/\/kajakkomarno.sk\/wp-content\/uploads\/2023\/10\/SARD-202308-768x346.jpg 768w\" sizes=\"(max-width: 960px) 100vw, 960px\" \/><figcaption id=\"caption-attachment-4121\" class=\"wp-caption-text\">Kanoistka Laura \u0150RI mala v C1 na 500 m a 200 m skvel\u00e9 s\u00faperky<\/figcaption><\/figure>\n<figure id=\"attachment_4111\" aria-describedby=\"caption-attachment-4111\" style=\"width: 960px\" class=\"wp-caption aligncenter\"><img loading=\"lazy\" decoding=\"async\" class=\"wp-image-4111 size-full\" src=\"https:\/\/kajakkomarno.sk\/wp-content\/uploads\/2023\/10\/SARD-202303.jpg\" alt=\"\" width=\"960\" height=\"432\" srcset=\"https:\/\/kajakkomarno.sk\/wp-content\/uploads\/2023\/10\/SARD-202303.jpg 960w, https:\/\/kajakkomarno.sk\/wp-content\/uploads\/2023\/10\/SARD-202303-450x203.jpg 450w, https:\/\/kajakkomarno.sk\/wp-content\/uploads\/2023\/10\/SARD-202303-768x346.jpg 768w\" sizes=\"(max-width: 960px) 100vw, 960px\" \/><figcaption id=\"caption-attachment-4111\" class=\"wp-caption-text\">V C2 mix p\u00e1dlovala Laura \u0150RI v spolo\u010dnej lodi s Giuliom PANIM zo Sard\u00ednie<\/figcaption><\/figure>\n<figure id=\"attachment_4113\" aria-describedby=\"caption-attachment-4113\" style=\"width: 960px\" class=\"wp-caption aligncenter\"><img loading=\"lazy\" decoding=\"async\" class=\"wp-image-4113 size-full\" src=\"https:\/\/kajakkomarno.sk\/wp-content\/uploads\/2023\/10\/SARD-202304.jpg\" alt=\"\" width=\"960\" height=\"432\" srcset=\"https:\/\/kajakkomarno.sk\/wp-content\/uploads\/2023\/10\/SARD-202304.jpg 960w, https:\/\/kajakkomarno.sk\/wp-content\/uploads\/2023\/10\/SARD-202304-450x203.jpg 450w, https:\/\/kajakkomarno.sk\/wp-content\/uploads\/2023\/10\/SARD-202304-768x346.jpg 768w\" sizes=\"(max-width: 960px) 100vw, 960px\" \/><figcaption id=\"caption-attachment-4113\" class=\"wp-caption-text\">\u013dudov\u00edt T\u00d3TH zv\u00ed\u0165azil v oboch singlov\u00fdch discipl\u00ednach<\/figcaption><\/figure>\n<figure id=\"attachment_4115\" aria-describedby=\"caption-attachment-4115\" style=\"width: 960px\" class=\"wp-caption aligncenter\"><img loading=\"lazy\" decoding=\"async\" class=\"wp-image-4115 size-full\" src=\"https:\/\/kajakkomarno.sk\/wp-content\/uploads\/2023\/10\/SARD-202305.jpg\" alt=\"\" width=\"960\" height=\"432\" srcset=\"https:\/\/kajakkomarno.sk\/wp-content\/uploads\/2023\/10\/SARD-202305.jpg 960w, https:\/\/kajakkomarno.sk\/wp-content\/uploads\/2023\/10\/SARD-202305-450x203.jpg 450w, https:\/\/kajakkomarno.sk\/wp-content\/uploads\/2023\/10\/SARD-202305-768x346.jpg 768w\" sizes=\"(max-width: 960px) 100vw, 960px\" \/><figcaption id=\"caption-attachment-4115\" class=\"wp-caption-text\">V K2 mix partnerkou \u013dudov\u00edta T\u00d3THA bola Francesca CABRAS zo Sard\u00ednie<\/figcaption><\/figure>\n<figure id=\"attachment_4127\" aria-describedby=\"caption-attachment-4127\" style=\"width: 960px\" class=\"wp-caption aligncenter\"><img loading=\"lazy\" decoding=\"async\" class=\"wp-image-4127 size-full\" src=\"https:\/\/kajakkomarno.sk\/wp-content\/uploads\/2023\/10\/SARD-202311.jpg\" alt=\"\" width=\"960\" height=\"432\" srcset=\"https:\/\/kajakkomarno.sk\/wp-content\/uploads\/2023\/10\/SARD-202311.jpg 960w, https:\/\/kajakkomarno.sk\/wp-content\/uploads\/2023\/10\/SARD-202311-450x203.jpg 450w, https:\/\/kajakkomarno.sk\/wp-content\/uploads\/2023\/10\/SARD-202311-768x346.jpg 768w\" sizes=\"(max-width: 960px) 100vw, 960px\" \/><figcaption id=\"caption-attachment-4127\" class=\"wp-caption-text\">Na\u0161i pretek\u00e1ri si spolo\u010dne s tr\u00e9nerom Attilom AMRUSOM u\u017eili aj pr\u00edjemn\u00e9 prostredie slne\u010dnej Sard\u00ednie<\/figcaption><\/figure>\n<figure id=\"attachment_4129\" aria-describedby=\"caption-attachment-4129\" style=\"width: 432px\" class=\"wp-caption aligncenter\"><img loading=\"lazy\" decoding=\"async\" class=\"wp-image-4129 size-full\" src=\"https:\/\/kajakkomarno.sk\/wp-content\/uploads\/2023\/10\/SARD-202312.jpg\" alt=\"\" width=\"432\" height=\"960\" srcset=\"https:\/\/kajakkomarno.sk\/wp-content\/uploads\/2023\/10\/SARD-202312.jpg 432w, https:\/\/kajakkomarno.sk\/wp-content\/uploads\/2023\/10\/SARD-202312-203x450.jpg 203w\" sizes=\"(max-width: 432px) 100vw, 432px\" \/><figcaption id=\"caption-attachment-4129\" class=\"wp-caption-text\">E\u0161te spolo\u010dn\u00e9 foto na historick\u00fdch miestach s\u00a0 priate\u013emi zo Sard\u00ednie<\/figcaption><\/figure>\n<figure id=\"attachment_4131\" aria-describedby=\"caption-attachment-4131\" style=\"width: 960px\" class=\"wp-caption aligncenter\"><img loading=\"lazy\" decoding=\"async\" class=\"wp-image-4131 size-full\" src=\"https:\/\/kajakkomarno.sk\/wp-content\/uploads\/2023\/10\/SARD-202313.jpg\" alt=\"\" width=\"960\" height=\"432\" srcset=\"https:\/\/kajakkomarno.sk\/wp-content\/uploads\/2023\/10\/SARD-202313.jpg 960w, https:\/\/kajakkomarno.sk\/wp-content\/uploads\/2023\/10\/SARD-202313-450x203.jpg 450w, https:\/\/kajakkomarno.sk\/wp-content\/uploads\/2023\/10\/SARD-202313-768x346.jpg 768w\" sizes=\"(max-width: 960px) 100vw, 960px\" \/><figcaption id=\"caption-attachment-4131\" class=\"wp-caption-text\">Aj tak\u00fdto poh\u013ead sa naskytol na\u0161im pretek\u00e1rom<\/figcaption><\/figure>\n","protected":false},"excerpt":{"rendered":"<p>Po minuloro\u010dnom \u00faspechu na\u0161ich pretek\u00e1rov na pretekoch Sarcidano Race na Sard\u00ednii, maj\u00fa \u00faspe\u0161n\u00e9 vyst\u00fapenie za sebou na\u0161i pretek\u00e1ri aj v tomto roku. Na pozvanie p\u00e1na Paola Paniho z klubu Circolo\u00a0Kayak\u00a0Sardegna\u00a0Le Saline na preteky na Sard\u00edniu vycestovala p\u00e4\u0165\u010dlenn\u00e1 v\u00fdprava Kajak &amp; kanoe klubu Kom\u00e1rno- pretek\u00e1ri Laura \u0150RI, Peter Teo LUK\u00c1CS, M\u00e1t\u00e9 MARSAL, \u013dudov\u00edt T\u00d3TH, pod veden\u00edm [&hellip;]<\/p>\n","protected":false},"author":3,"featured_media":4107,"comment_status":"open","ping_status":"open","sticky":false,"template":"","format":"standard","meta":{"inline_featured_image":false,"footnotes":""},"categories":[1],"tags":[],"class_list":["post-4088","post","type-post","status-publish","format-standard","has-post-thumbnail","hentry","category-novinky"],"acf":[],"yoast_head":"<!-- This site is optimized with the Yoast SEO plugin v26.6 - https:\/\/yoast.com\/wordpress\/plugins\/seo\/ -->\n<title>Na Sard\u00ednii na\u0161i pretek\u00e1ri op\u00e4\u0165 \u017eiarili - Kajak &amp; kanoe klub Kom\u00e1rno<\/title>\n<meta name=\"robots\" content=\"index, follow, max-snippet:-1, max-image-preview:large, max-video-preview:-1\" \/>\n<link rel=\"canonical\" href=\"https:\/\/kajakkomarno.sk\/novinky\/na-sardinii-nasi-pretekari-opat-ziarili\/\" \/>\n<meta property=\"og:locale\" content=\"hu_HU\" \/>\n<meta property=\"og:type\" content=\"article\" \/>\n<meta property=\"og:title\" content=\"Na Sard\u00ednii na\u0161i pretek\u00e1ri op\u00e4\u0165 \u017eiarili - Kajak &amp; kanoe klub Kom\u00e1rno\" \/>\n<meta property=\"og:description\" content=\"Po minuloro\u010dnom \u00faspechu na\u0161ich pretek\u00e1rov na pretekoch Sarcidano Race na Sard\u00ednii, maj\u00fa \u00faspe\u0161n\u00e9 vyst\u00fapenie za sebou na\u0161i pretek\u00e1ri aj v tomto roku. Na pozvanie p\u00e1na Paola Paniho z klubu Circolo\u00a0Kayak\u00a0Sardegna\u00a0Le Saline na preteky na Sard\u00edniu vycestovala p\u00e4\u0165\u010dlenn\u00e1 v\u00fdprava Kajak &amp; kanoe klubu Kom\u00e1rno- pretek\u00e1ri Laura \u0150RI, Peter Teo LUK\u00c1CS, M\u00e1t\u00e9 MARSAL, \u013dudov\u00edt T\u00d3TH, pod veden\u00edm [&hellip;]\" \/>\n<meta property=\"og:url\" content=\"https:\/\/kajakkomarno.sk\/novinky\/na-sardinii-nasi-pretekari-opat-ziarili\/\" \/>\n<meta property=\"og:site_name\" content=\"Kajak &amp; kanoe klub Kom\u00e1rno\" \/>\n<meta property=\"article:published_time\" content=\"2023-10-01T18:42:47+00:00\" \/>\n<meta property=\"og:image\" content=\"https:\/\/kajakkomarno.sk\/wp-content\/uploads\/2023\/10\/SARD-202301.jpg\" \/>\n\t<meta property=\"og:image:width\" content=\"960\" \/>\n\t<meta property=\"og:image:height\" content=\"540\" \/>\n\t<meta property=\"og:image:type\" content=\"image\/jpeg\" \/>\n<meta name=\"author\" content=\"petrusivi18@gmail.com\" \/>\n<meta name=\"twitter:card\" content=\"summary_large_image\" \/>\n<meta name=\"twitter:label1\" content=\"Szerz\u0151:\" \/>\n\t<meta name=\"twitter:data1\" content=\"petrusivi18@gmail.com\" \/>\n\t<meta name=\"twitter:label2\" content=\"Becs\u00fclt olvas\u00e1si id\u0151\" \/>\n\t<meta name=\"twitter:data2\" content=\"4 perc\" \/>\n<script type=\"application\/ld+json\" class=\"yoast-schema-graph\">{\"@context\":\"https:\/\/schema.org\",\"@graph\":[{\"@type\":\"Article\",\"@id\":\"https:\/\/kajakkomarno.sk\/novinky\/na-sardinii-nasi-pretekari-opat-ziarili\/#article\",\"isPartOf\":{\"@id\":\"https:\/\/kajakkomarno.sk\/novinky\/na-sardinii-nasi-pretekari-opat-ziarili\/\"},\"author\":{\"name\":\"petrusivi18@gmail.com\",\"@id\":\"https:\/\/kajakkomarno.sk\/#\/schema\/person\/c5c91af715cbb9be5937ae2db77cab69\"},\"headline\":\"Na Sard\u00ednii na\u0161i pretek\u00e1ri op\u00e4\u0165 \u017eiarili\",\"datePublished\":\"2023-10-01T18:42:47+00:00\",\"mainEntityOfPage\":{\"@id\":\"https:\/\/kajakkomarno.sk\/novinky\/na-sardinii-nasi-pretekari-opat-ziarili\/\"},\"wordCount\":395,\"commentCount\":0,\"publisher\":{\"@id\":\"https:\/\/kajakkomarno.sk\/#organization\"},\"image\":{\"@id\":\"https:\/\/kajakkomarno.sk\/novinky\/na-sardinii-nasi-pretekari-opat-ziarili\/#primaryimage\"},\"thumbnailUrl\":\"https:\/\/kajakkomarno.sk\/wp-content\/uploads\/2023\/10\/SARD-202301.jpg\",\"articleSection\":[\"Novinky\"],\"inLanguage\":\"hu\",\"potentialAction\":[{\"@type\":\"CommentAction\",\"name\":\"Comment\",\"target\":[\"https:\/\/kajakkomarno.sk\/novinky\/na-sardinii-nasi-pretekari-opat-ziarili\/#respond\"]}]},{\"@type\":\"WebPage\",\"@id\":\"https:\/\/kajakkomarno.sk\/novinky\/na-sardinii-nasi-pretekari-opat-ziarili\/\",\"url\":\"https:\/\/kajakkomarno.sk\/novinky\/na-sardinii-nasi-pretekari-opat-ziarili\/\",\"name\":\"Na Sard\u00ednii na\u0161i pretek\u00e1ri op\u00e4\u0165 \u017eiarili - Kajak &amp; kanoe klub Kom\u00e1rno\",\"isPartOf\":{\"@id\":\"https:\/\/kajakkomarno.sk\/#website\"},\"primaryImageOfPage\":{\"@id\":\"https:\/\/kajakkomarno.sk\/novinky\/na-sardinii-nasi-pretekari-opat-ziarili\/#primaryimage\"},\"image\":{\"@id\":\"https:\/\/kajakkomarno.sk\/novinky\/na-sardinii-nasi-pretekari-opat-ziarili\/#primaryimage\"},\"thumbnailUrl\":\"https:\/\/kajakkomarno.sk\/wp-content\/uploads\/2023\/10\/SARD-202301.jpg\",\"datePublished\":\"2023-10-01T18:42:47+00:00\",\"breadcrumb\":{\"@id\":\"https:\/\/kajakkomarno.sk\/novinky\/na-sardinii-nasi-pretekari-opat-ziarili\/#breadcrumb\"},\"inLanguage\":\"hu\",\"potentialAction\":[{\"@type\":\"ReadAction\",\"target\":[\"https:\/\/kajakkomarno.sk\/novinky\/na-sardinii-nasi-pretekari-opat-ziarili\/\"]}]},{\"@type\":\"ImageObject\",\"inLanguage\":\"hu\",\"@id\":\"https:\/\/kajakkomarno.sk\/novinky\/na-sardinii-nasi-pretekari-opat-ziarili\/#primaryimage\",\"url\":\"https:\/\/kajakkomarno.sk\/wp-content\/uploads\/2023\/10\/SARD-202301.jpg\",\"contentUrl\":\"https:\/\/kajakkomarno.sk\/wp-content\/uploads\/2023\/10\/SARD-202301.jpg\",\"width\":960,\"height\":540},{\"@type\":\"BreadcrumbList\",\"@id\":\"https:\/\/kajakkomarno.sk\/novinky\/na-sardinii-nasi-pretekari-opat-ziarili\/#breadcrumb\",\"itemListElement\":[{\"@type\":\"ListItem\",\"position\":1,\"name\":\"Domov\",\"item\":\"https:\/\/kajakkomarno.sk\/hu\/fooldal\/\"},{\"@type\":\"ListItem\",\"position\":2,\"name\":\"Novinky\",\"item\":\"https:\/\/kajakkomarno.sk\/category\/novinky\/\"},{\"@type\":\"ListItem\",\"position\":3,\"name\":\"Na Sard\u00ednii na\u0161i pretek\u00e1ri op\u00e4\u0165 \u017eiarili\"}]},{\"@type\":\"WebSite\",\"@id\":\"https:\/\/kajakkomarno.sk\/#website\",\"url\":\"https:\/\/kajakkomarno.sk\/\",\"name\":\"Kajak &amp; kanoe klub Kom\u00e1rno\",\"description\":\"\",\"publisher\":{\"@id\":\"https:\/\/kajakkomarno.sk\/#organization\"},\"potentialAction\":[{\"@type\":\"SearchAction\",\"target\":{\"@type\":\"EntryPoint\",\"urlTemplate\":\"https:\/\/kajakkomarno.sk\/?s={search_term_string}\"},\"query-input\":{\"@type\":\"PropertyValueSpecification\",\"valueRequired\":true,\"valueName\":\"search_term_string\"}}],\"inLanguage\":\"hu\"},{\"@type\":\"Organization\",\"@id\":\"https:\/\/kajakkomarno.sk\/#organization\",\"name\":\"Kajak &amp; kanoe klub Kom\u00e1rno\",\"url\":\"https:\/\/kajakkomarno.sk\/\",\"logo\":{\"@type\":\"ImageObject\",\"inLanguage\":\"hu\",\"@id\":\"https:\/\/kajakkomarno.sk\/#\/schema\/logo\/image\/\",\"url\":\"https:\/\/kajakkomarno.sk\/wp-content\/uploads\/2022\/12\/kajak-kanoe-klub-komarno-optimized-opt.svg\",\"contentUrl\":\"https:\/\/kajakkomarno.sk\/wp-content\/uploads\/2022\/12\/kajak-kanoe-klub-komarno-optimized-opt.svg\",\"width\":307,\"height\":66,\"caption\":\"Kajak &amp; kanoe klub Kom\u00e1rno\"},\"image\":{\"@id\":\"https:\/\/kajakkomarno.sk\/#\/schema\/logo\/image\/\"}},{\"@type\":\"Person\",\"@id\":\"https:\/\/kajakkomarno.sk\/#\/schema\/person\/c5c91af715cbb9be5937ae2db77cab69\",\"name\":\"petrusivi18@gmail.com\",\"image\":{\"@type\":\"ImageObject\",\"inLanguage\":\"hu\",\"@id\":\"https:\/\/kajakkomarno.sk\/#\/schema\/person\/image\/\",\"url\":\"https:\/\/secure.gravatar.com\/avatar\/77dd3ca1ae9038935f09e411f1d53193ef634a1b97c471309f0fc163209e68d8?s=96&d=mm&r=g\",\"contentUrl\":\"https:\/\/secure.gravatar.com\/avatar\/77dd3ca1ae9038935f09e411f1d53193ef634a1b97c471309f0fc163209e68d8?s=96&d=mm&r=g\",\"caption\":\"petrusivi18@gmail.com\"},\"url\":\"https:\/\/kajakkomarno.sk\/hu\/author\/petrusivi18gmail-com\/\"}]}<\/script>\n<!-- \/ Yoast SEO plugin. -->","yoast_head_json":{"title":"Na Sard\u00ednii na\u0161i pretek\u00e1ri op\u00e4\u0165 \u017eiarili - Kajak &amp; kanoe klub Kom\u00e1rno","robots":{"index":"index","follow":"follow","max-snippet":"max-snippet:-1","max-image-preview":"max-image-preview:large","max-video-preview":"max-video-preview:-1"},"canonical":"https:\/\/kajakkomarno.sk\/novinky\/na-sardinii-nasi-pretekari-opat-ziarili\/","og_locale":"hu_HU","og_type":"article","og_title":"Na Sard\u00ednii na\u0161i pretek\u00e1ri op\u00e4\u0165 \u017eiarili - Kajak &amp; kanoe klub Kom\u00e1rno","og_description":"Po minuloro\u010dnom \u00faspechu na\u0161ich pretek\u00e1rov na pretekoch Sarcidano Race na Sard\u00ednii, maj\u00fa \u00faspe\u0161n\u00e9 vyst\u00fapenie za sebou na\u0161i pretek\u00e1ri aj v tomto roku. Na pozvanie p\u00e1na Paola Paniho z klubu Circolo\u00a0Kayak\u00a0Sardegna\u00a0Le Saline na preteky na Sard\u00edniu vycestovala p\u00e4\u0165\u010dlenn\u00e1 v\u00fdprava Kajak &amp; kanoe klubu Kom\u00e1rno- pretek\u00e1ri Laura \u0150RI, Peter Teo LUK\u00c1CS, M\u00e1t\u00e9 MARSAL, \u013dudov\u00edt T\u00d3TH, pod veden\u00edm [&hellip;]","og_url":"https:\/\/kajakkomarno.sk\/novinky\/na-sardinii-nasi-pretekari-opat-ziarili\/","og_site_name":"Kajak &amp; kanoe klub Kom\u00e1rno","article_published_time":"2023-10-01T18:42:47+00:00","og_image":[{"width":960,"height":540,"url":"https:\/\/kajakkomarno.sk\/wp-content\/uploads\/2023\/10\/SARD-202301.jpg","type":"image\/jpeg"}],"author":"petrusivi18@gmail.com","twitter_card":"summary_large_image","twitter_misc":{"Szerz\u0151:":"petrusivi18@gmail.com","Becs\u00fclt olvas\u00e1si id\u0151":"4 perc"},"schema":{"@context":"https:\/\/schema.org","@graph":[{"@type":"Article","@id":"https:\/\/kajakkomarno.sk\/novinky\/na-sardinii-nasi-pretekari-opat-ziarili\/#article","isPartOf":{"@id":"https:\/\/kajakkomarno.sk\/novinky\/na-sardinii-nasi-pretekari-opat-ziarili\/"},"author":{"name":"petrusivi18@gmail.com","@id":"https:\/\/kajakkomarno.sk\/#\/schema\/person\/c5c91af715cbb9be5937ae2db77cab69"},"headline":"Na Sard\u00ednii na\u0161i pretek\u00e1ri op\u00e4\u0165 \u017eiarili","datePublished":"2023-10-01T18:42:47+00:00","mainEntityOfPage":{"@id":"https:\/\/kajakkomarno.sk\/novinky\/na-sardinii-nasi-pretekari-opat-ziarili\/"},"wordCount":395,"commentCount":0,"publisher":{"@id":"https:\/\/kajakkomarno.sk\/#organization"},"image":{"@id":"https:\/\/kajakkomarno.sk\/novinky\/na-sardinii-nasi-pretekari-opat-ziarili\/#primaryimage"},"thumbnailUrl":"https:\/\/kajakkomarno.sk\/wp-content\/uploads\/2023\/10\/SARD-202301.jpg","articleSection":["Novinky"],"inLanguage":"hu","potentialAction":[{"@type":"CommentAction","name":"Comment","target":["https:\/\/kajakkomarno.sk\/novinky\/na-sardinii-nasi-pretekari-opat-ziarili\/#respond"]}]},{"@type":"WebPage","@id":"https:\/\/kajakkomarno.sk\/novinky\/na-sardinii-nasi-pretekari-opat-ziarili\/","url":"https:\/\/kajakkomarno.sk\/novinky\/na-sardinii-nasi-pretekari-opat-ziarili\/","name":"Na Sard\u00ednii na\u0161i pretek\u00e1ri op\u00e4\u0165 \u017eiarili - Kajak &amp; kanoe klub Kom\u00e1rno","isPartOf":{"@id":"https:\/\/kajakkomarno.sk\/#website"},"primaryImageOfPage":{"@id":"https:\/\/kajakkomarno.sk\/novinky\/na-sardinii-nasi-pretekari-opat-ziarili\/#primaryimage"},"image":{"@id":"https:\/\/kajakkomarno.sk\/novinky\/na-sardinii-nasi-pretekari-opat-ziarili\/#primaryimage"},"thumbnailUrl":"https:\/\/kajakkomarno.sk\/wp-content\/uploads\/2023\/10\/SARD-202301.jpg","datePublished":"2023-10-01T18:42:47+00:00","breadcrumb":{"@id":"https:\/\/kajakkomarno.sk\/novinky\/na-sardinii-nasi-pretekari-opat-ziarili\/#breadcrumb"},"inLanguage":"hu","potentialAction":[{"@type":"ReadAction","target":["https:\/\/kajakkomarno.sk\/novinky\/na-sardinii-nasi-pretekari-opat-ziarili\/"]}]},{"@type":"ImageObject","inLanguage":"hu","@id":"https:\/\/kajakkomarno.sk\/novinky\/na-sardinii-nasi-pretekari-opat-ziarili\/#primaryimage","url":"https:\/\/kajakkomarno.sk\/wp-content\/uploads\/2023\/10\/SARD-202301.jpg","contentUrl":"https:\/\/kajakkomarno.sk\/wp-content\/uploads\/2023\/10\/SARD-202301.jpg","width":960,"height":540},{"@type":"BreadcrumbList","@id":"https:\/\/kajakkomarno.sk\/novinky\/na-sardinii-nasi-pretekari-opat-ziarili\/#breadcrumb","itemListElement":[{"@type":"ListItem","position":1,"name":"Domov","item":"https:\/\/kajakkomarno.sk\/hu\/fooldal\/"},{"@type":"ListItem","position":2,"name":"Novinky","item":"https:\/\/kajakkomarno.sk\/category\/novinky\/"},{"@type":"ListItem","position":3,"name":"Na Sard\u00ednii na\u0161i pretek\u00e1ri op\u00e4\u0165 \u017eiarili"}]},{"@type":"WebSite","@id":"https:\/\/kajakkomarno.sk\/#website","url":"https:\/\/kajakkomarno.sk\/","name":"Kajak &amp; kanoe klub Kom\u00e1rno","description":"","publisher":{"@id":"https:\/\/kajakkomarno.sk\/#organization"},"potentialAction":[{"@type":"SearchAction","target":{"@type":"EntryPoint","urlTemplate":"https:\/\/kajakkomarno.sk\/?s={search_term_string}"},"query-input":{"@type":"PropertyValueSpecification","valueRequired":true,"valueName":"search_term_string"}}],"inLanguage":"hu"},{"@type":"Organization","@id":"https:\/\/kajakkomarno.sk\/#organization","name":"Kajak &amp; kanoe klub Kom\u00e1rno","url":"https:\/\/kajakkomarno.sk\/","logo":{"@type":"ImageObject","inLanguage":"hu","@id":"https:\/\/kajakkomarno.sk\/#\/schema\/logo\/image\/","url":"https:\/\/kajakkomarno.sk\/wp-content\/uploads\/2022\/12\/kajak-kanoe-klub-komarno-optimized-opt.svg","contentUrl":"https:\/\/kajakkomarno.sk\/wp-content\/uploads\/2022\/12\/kajak-kanoe-klub-komarno-optimized-opt.svg","width":307,"height":66,"caption":"Kajak &amp; kanoe klub Kom\u00e1rno"},"image":{"@id":"https:\/\/kajakkomarno.sk\/#\/schema\/logo\/image\/"}},{"@type":"Person","@id":"https:\/\/kajakkomarno.sk\/#\/schema\/person\/c5c91af715cbb9be5937ae2db77cab69","name":"petrusivi18@gmail.com","image":{"@type":"ImageObject","inLanguage":"hu","@id":"https:\/\/kajakkomarno.sk\/#\/schema\/person\/image\/","url":"https:\/\/secure.gravatar.com\/avatar\/77dd3ca1ae9038935f09e411f1d53193ef634a1b97c471309f0fc163209e68d8?s=96&d=mm&r=g","contentUrl":"https:\/\/secure.gravatar.com\/avatar\/77dd3ca1ae9038935f09e411f1d53193ef634a1b97c471309f0fc163209e68d8?s=96&d=mm&r=g","caption":"petrusivi18@gmail.com"},"url":"https:\/\/kajakkomarno.sk\/hu\/author\/petrusivi18gmail-com\/"}]}},"_links":{"self":[{"href":"https:\/\/kajakkomarno.sk\/hu\/wp-json\/wp\/v2\/posts\/4088","targetHints":{"allow":["GET"]}}],"collection":[{"href":"https:\/\/kajakkomarno.sk\/hu\/wp-json\/wp\/v2\/posts"}],"about":[{"href":"https:\/\/kajakkomarno.sk\/hu\/wp-json\/wp\/v2\/types\/post"}],"author":[{"embeddable":true,"href":"https:\/\/kajakkomarno.sk\/hu\/wp-json\/wp\/v2\/users\/3"}],"replies":[{"embeddable":true,"href":"https:\/\/kajakkomarno.sk\/hu\/wp-json\/wp\/v2\/comments?post=4088"}],"version-history":[{"count":0,"href":"https:\/\/kajakkomarno.sk\/hu\/wp-json\/wp\/v2\/posts\/4088\/revisions"}],"wp:featuredmedia":[{"embeddable":true,"href":"https:\/\/kajakkomarno.sk\/hu\/wp-json\/wp\/v2\/media\/4107"}],"wp:attachment":[{"href":"https:\/\/kajakkomarno.sk\/hu\/wp-json\/wp\/v2\/media?parent=4088"}],"wp:term":[{"taxonomy":"category","embeddable":true,"href":"https:\/\/kajakkomarno.sk\/hu\/wp-json\/wp\/v2\/categories?post=4088"},{"taxonomy":"post_tag","embeddable":true,"href":"https:\/\/kajakkomarno.sk\/hu\/wp-json\/wp\/v2\/tags?post=4088"}],"curies":[{"name":"wp","href":"https:\/\/api.w.org\/{rel}","templated":true}]}}