{"id":3946,"date":"2023-09-03T11:08:52","date_gmt":"2023-09-03T09:08:52","guid":{"rendered":"https:\/\/kajakkomarno.sk\/?p=3946"},"modified":"2023-09-03T11:08:52","modified_gmt":"2023-09-03T09:08:52","slug":"vyborne-vykony-mladeznikov-na-medzinarodnych-majstrovstvach-moravy","status":"publish","type":"post","link":"https:\/\/kajakkomarno.sk\/hu\/novinky\/vyborne-vykony-mladeznikov-na-medzinarodnych-majstrovstvach-moravy\/","title":{"rendered":"V\u00fdborn\u00e9 v\u00fdkony ml\u00e1de\u017en\u00edkov na Medzin\u00e1rodn\u00fdch majstrovstv\u00e1ch Moravy"},"content":{"rendered":"<p align=\"justify\"><span lang=\"sk-SK\">\u010clenovia Slovensk\u00e9ho ml\u00e1de\u017en\u00edckeho t\u00edmu sa v d\u0148och 26.08.2023 a 27.08.2023 z\u00fa\u010dastnili v Ostro\u017eskej Novej Vsi Medzin\u00e1rodn\u00fdch majstrovstiev Moravy -XXXI. <\/span><span lang=\"sk-SK\">r<\/span><span lang=\"sk-SK\">o\u010dn\u00edka Slov\u00e1ckej p\u00e4\u0165stovky.<\/span><\/p>\n<p align=\"justify\"><span lang=\"sk-SK\">Slovensk\u00fd ml\u00e1de\u017en\u00edcky t\u00edm pod veden\u00edm Vladim\u00edra Mrvu <\/span><span lang=\"sk-SK\">dosiahol na tomto skvelom podujat\u00ed v\u00fdborn\u00e9 v\u00fdsledky a sme radi, \u017ee k \u00faspe\u0161nej reprezent\u00e1cii prispeli aj na\u0161i pretek\u00e1ri pod veden\u00edm tr\u00e9nera ml\u00e1de\u017ee n\u00e1\u0161ho klubu Ladislava \u00d3dora.<\/span><\/p>\n<p><span lang=\"sk-SK\">Vo v\u00fdbere Slovensk\u00e9ho ml\u00e1de\u017en\u00edckeho t\u00edmu boli 11 a 14 ro\u010dn\u00ed pretek\u00e1ri n\u00e1\u0161ho klubu: <strong>Gr\u00e9ta <\/strong><\/span><strong><span lang=\"sk-SK\">NAGY<\/span><span lang=\"sk-SK\">, Gr\u00e9ta DOS\u00daDILOV\u00c1, Sz\u00f3fia NAGY, <\/span><\/strong><span lang=\"sk-SK\"><strong>Diana MARKOVI\u010cOV\u00c1, Tom\u00e1\u0161 \u0150RI, Alex \u00d3DOR a D\u00e1vid ZAUKO.<\/strong> Za Slovensko nast\u00fapil aj n\u00e1\u0161 \u00faspe\u0161n\u00fd juniorsk\u00fd reprezentant<strong> Dominik DOKTOR\u00cdK<\/strong>. Na jazere \u010ctverec chlapci a diev\u010dat\u00e1 z n\u00e1\u0161ho klubu podali <\/span><span lang=\"sk-SK\">na <\/span><span lang=\"sk-SK\">tratiach 500 m, 2000 m a 200 m ve\u013emi dobr\u00e9 v\u00fdkony a mnoh\u00ed z nich vybojovali kr\u00e1sne medaily.<\/span><\/p>\n<figure id=\"attachment_3947\" aria-describedby=\"caption-attachment-3947\" style=\"width: 960px\" class=\"wp-caption aligncenter\"><img fetchpriority=\"high\" decoding=\"async\" class=\"wp-image-3947 size-full\" src=\"https:\/\/kajakkomarno.sk\/wp-content\/uploads\/2023\/09\/MMM-16.jpg\" alt=\"\" width=\"960\" height=\"720\" srcset=\"https:\/\/kajakkomarno.sk\/wp-content\/uploads\/2023\/09\/MMM-16.jpg 960w, https:\/\/kajakkomarno.sk\/wp-content\/uploads\/2023\/09\/MMM-16-450x338.jpg 450w, https:\/\/kajakkomarno.sk\/wp-content\/uploads\/2023\/09\/MMM-16-768x576.jpg 768w\" sizes=\"(max-width: 960px) 100vw, 960px\" \/><figcaption id=\"caption-attachment-3947\" class=\"wp-caption-text\">\u00daspe\u0161n\u00fd Slovensk\u00fd ml\u00e1de\u017en\u00edcky t\u00edm s na\u0161imi pretek\u00e1rmi a tr\u00e9nerom Ladislavom \u00d3dorom<\/figcaption><\/figure>\n<p>&nbsp;<\/p>\n<p><img decoding=\"async\" class=\"aligncenter wp-image-3949 size-full\" src=\"https:\/\/kajakkomarno.sk\/wp-content\/uploads\/2023\/09\/MMM-12.jpg\" alt=\"\" width=\"720\" height=\"960\" srcset=\"https:\/\/kajakkomarno.sk\/wp-content\/uploads\/2023\/09\/MMM-12.jpg 720w, https:\/\/kajakkomarno.sk\/wp-content\/uploads\/2023\/09\/MMM-12-338x450.jpg 338w\" sizes=\"(max-width: 720px) 100vw, 720px\" \/><\/p>\n<p><span style=\"font-size: 14px;\">\u00a0 \u00a0 \u00a0 \u00a0 \u00a0 \u00a0 \u00a0 \u00a0 \u00a0 \u00a0 \u00a0 \u00a0 \u00a0 \u00a0 \u00a0 \u00a0 \u00a0 \u00a0 \u00a0 \u00a0 \u00a012 ro\u010dn\u00fd Tom\u00e1\u0161 \u0150RI bol na jazere \u010ctverec neporazite\u013en\u00fd<\/span><\/p>\n<p>&nbsp;<\/p>\n<figure id=\"attachment_3951\" aria-describedby=\"caption-attachment-3951\" style=\"width: 720px\" class=\"wp-caption aligncenter\"><img decoding=\"async\" class=\"wp-image-3951 size-full\" src=\"https:\/\/kajakkomarno.sk\/wp-content\/uploads\/2023\/09\/MMM-03.jpg\" alt=\"\" width=\"720\" height=\"960\" srcset=\"https:\/\/kajakkomarno.sk\/wp-content\/uploads\/2023\/09\/MMM-03.jpg 720w, https:\/\/kajakkomarno.sk\/wp-content\/uploads\/2023\/09\/MMM-03-338x450.jpg 338w\" sizes=\"(max-width: 720px) 100vw, 720px\" \/><figcaption id=\"caption-attachment-3951\" class=\"wp-caption-text\">V\u00fdborn\u00e9 v\u00fdsledky dosiahol aj 13 ro\u010dn\u00fd Alex \u00d3DOR, v K2 im to s nov\u00fdm par\u0165\u00e1kom pekne ladilo<\/figcaption><\/figure>\n<p>&nbsp;<\/p>\n<figure id=\"attachment_3953\" aria-describedby=\"caption-attachment-3953\" style=\"width: 960px\" class=\"wp-caption aligncenter\"><img loading=\"lazy\" decoding=\"async\" class=\"wp-image-3953 size-full\" src=\"https:\/\/kajakkomarno.sk\/wp-content\/uploads\/2023\/09\/MMM-07.jpg\" alt=\"\" width=\"960\" height=\"881\" srcset=\"https:\/\/kajakkomarno.sk\/wp-content\/uploads\/2023\/09\/MMM-07.jpg 960w, https:\/\/kajakkomarno.sk\/wp-content\/uploads\/2023\/09\/MMM-07-450x413.jpg 450w, https:\/\/kajakkomarno.sk\/wp-content\/uploads\/2023\/09\/MMM-07-768x705.jpg 768w\" sizes=\"(max-width: 960px) 100vw, 960px\" \/><figcaption id=\"caption-attachment-3953\" class=\"wp-caption-text\">Gr\u00e9ta NAGY patrila medzi naj\u00faspe\u0161nej\u0161ie 11 ro\u010dn\u00e9 pretek\u00e1rky<\/figcaption><\/figure>\n<p>&nbsp;<\/p>\n<figure id=\"attachment_3955\" aria-describedby=\"caption-attachment-3955\" style=\"width: 720px\" class=\"wp-caption aligncenter\"><img loading=\"lazy\" decoding=\"async\" class=\"wp-image-3955 size-full\" src=\"https:\/\/kajakkomarno.sk\/wp-content\/uploads\/2023\/09\/MMM-06.jpg\" alt=\"\" width=\"720\" height=\"960\" srcset=\"https:\/\/kajakkomarno.sk\/wp-content\/uploads\/2023\/09\/MMM-06.jpg 720w, https:\/\/kajakkomarno.sk\/wp-content\/uploads\/2023\/09\/MMM-06-338x450.jpg 338w\" sizes=\"(max-width: 720px) 100vw, 720px\" \/><figcaption id=\"caption-attachment-3955\" class=\"wp-caption-text\">Diev\u010dat\u00e1 12 ro\u010dn\u00e9 Gr\u00e9ta DOS\u00daDILOV\u00c1 a Sz\u00f3fia NAGY sa te\u0161ili z pekn\u00fdch umiestnen\u00ed a v\u00fdkonov<\/figcaption><\/figure>\n<p>&nbsp;<\/p>\n<figure id=\"attachment_3957\" aria-describedby=\"caption-attachment-3957\" style=\"width: 960px\" class=\"wp-caption aligncenter\"><img loading=\"lazy\" decoding=\"async\" class=\"wp-image-3957 size-full\" src=\"https:\/\/kajakkomarno.sk\/wp-content\/uploads\/2023\/09\/MMM-14.jpg\" alt=\"\" width=\"960\" height=\"720\" srcset=\"https:\/\/kajakkomarno.sk\/wp-content\/uploads\/2023\/09\/MMM-14.jpg 960w, https:\/\/kajakkomarno.sk\/wp-content\/uploads\/2023\/09\/MMM-14-450x338.jpg 450w, https:\/\/kajakkomarno.sk\/wp-content\/uploads\/2023\/09\/MMM-14-768x576.jpg 768w\" sizes=\"(max-width: 960px) 100vw, 960px\" \/><figcaption id=\"caption-attachment-3957\" class=\"wp-caption-text\">14 ro\u010dn\u00e1 kajak\u00e1rka Diana MARKOVI\u010cOV\u00c1 dosiahla na Morave v\u00fdborn\u00e9 v\u00fdsledky<\/figcaption><\/figure>\n<p>&nbsp;<\/p>\n<figure id=\"attachment_3959\" aria-describedby=\"caption-attachment-3959\" style=\"width: 960px\" class=\"wp-caption aligncenter\"><img loading=\"lazy\" decoding=\"async\" class=\"wp-image-3959 size-full\" src=\"https:\/\/kajakkomarno.sk\/wp-content\/uploads\/2023\/09\/MMM-13.jpg\" alt=\"\" width=\"960\" height=\"720\" srcset=\"https:\/\/kajakkomarno.sk\/wp-content\/uploads\/2023\/09\/MMM-13.jpg 960w, https:\/\/kajakkomarno.sk\/wp-content\/uploads\/2023\/09\/MMM-13-450x338.jpg 450w, https:\/\/kajakkomarno.sk\/wp-content\/uploads\/2023\/09\/MMM-13-768x576.jpg 768w\" sizes=\"(max-width: 960px) 100vw, 960px\" \/><figcaption id=\"caption-attachment-3959\" class=\"wp-caption-text\">Premi\u00e9ru v Slovenskom ml\u00e1de\u017en\u00edckom t\u00edme mal 14 ro\u010dn\u00fd D\u00e1vid Zauko, v silnej konkurencii obsadil v K1 na 500 m pekn\u00e9 7.miesto<\/figcaption><\/figure>\n<p>&nbsp;<\/p>\n<figure id=\"attachment_3961\" aria-describedby=\"caption-attachment-3961\" style=\"width: 960px\" class=\"wp-caption aligncenter\"><img loading=\"lazy\" decoding=\"async\" class=\"wp-image-3961 size-full\" src=\"https:\/\/kajakkomarno.sk\/wp-content\/uploads\/2023\/09\/MMM-15.jpg\" alt=\"\" width=\"960\" height=\"720\" srcset=\"https:\/\/kajakkomarno.sk\/wp-content\/uploads\/2023\/09\/MMM-15.jpg 960w, https:\/\/kajakkomarno.sk\/wp-content\/uploads\/2023\/09\/MMM-15-450x338.jpg 450w, https:\/\/kajakkomarno.sk\/wp-content\/uploads\/2023\/09\/MMM-15-768x576.jpg 768w\" sizes=\"(max-width: 960px) 100vw, 960px\" \/><figcaption id=\"caption-attachment-3961\" class=\"wp-caption-text\">Na Moravu si pri\u0161iel zas\u00fa\u0165a\u017ei\u0165 \u00faspe\u0161n\u00fd juniorsk\u00fd reprezentant Dominik DOKTOR\u00cdK<\/figcaption><\/figure>\n<h2 align=\"justify\"><span lang=\"sk-SK\">V\u00ddSLEDKY PRETEK\u00c1ROV KAJAK &amp; KANOE KLUBU KOM\u00c1RNO<\/span><\/h2>\n<p align=\"justify\"><strong>K1 diev\u010dat\u00e1 12 ro\u010dn\u00e9 500 m: 1. Gr\u00e9ta <span lang=\"sk-SK\">DOS\u00daDILOV\u00c1, 2. Sz\u00f3fia NAGY<\/span><\/strong><\/p>\n<p align=\"justify\"><strong><span lang=\"sk-SK\">K2 diev\u010dat\u00e1 11 ro\u010dn\u00e9 500 m: 1. Gr\u00e9ta <\/span><span lang=\"sk-SK\">NAGY- T. Stan\u010dekov\u00e1<\/span><\/strong><\/p>\n<p align=\"justify\"><strong><span lang=\"sk-SK\">K1 chlapci 12 ro\u010dn\u00ed 500 m: 1. <\/span><span lang=\"sk-SK\">Tom\u00e1\u0161 \u0150RI<\/span><\/strong><\/p>\n<p align=\"justify\"><strong><span lang=\"sk-SK\">K1 diev\u010dat\u00e1 11 ro\u010dn\u00e9 500 m: 1. Gr\u00e9ta <\/span><span lang=\"sk-SK\">NAGY<\/span><\/strong><\/p>\n<p align=\"justify\"><strong><span lang=\"sk-SK\">K2 diev\u010dat\u00e1 13 a 14 ro\u010dn\u00e9 500 m: 3. <\/span><span lang=\"sk-SK\">Diana MARKOVI\u010cOV\u00c1- A. Kov\u00e1\u010dov\u00e1<\/span><\/strong><\/p>\n<p align=\"justify\"><strong><span lang=\"sk-SK\">K1 chlapci 14 ro\u010dn\u00ed 500 m- 7. D\u00e1vid ZAUKO<\/span><\/strong><\/p>\n<p align=\"justify\"><strong><span lang=\"sk-SK\">K1 chlapci 13 ro\u010dn\u00ed 500 m- 1. Alex \u00d3DOR<\/span><\/strong><\/p>\n<p align=\"justify\"><strong><span lang=\"sk-SK\">K2 chlapci 12 ro\u010dn\u00ed 500 m: 1. Tom\u00e1\u0161 \u0150RI- M.Uhr\u00edk<\/span><\/strong><\/p>\n<p align=\"justify\"><strong><span lang=\"sk-SK\">K2 diev\u010dat\u00e1 12 ro\u010dn\u00e9 500 m: 2. Gr\u00e9ta DOS\u00daDILOV\u00c1- Sz\u00f3fia NAGY<\/span><\/strong><\/p>\n<p align=\"justify\"><strong><span lang=\"sk-SK\">K2 chlapci 13 a 14 ro\u010dn\u00ed 500 m- 2. Alex \u00d3DOR- A.Ki\u0161\u0161<\/span><\/strong><\/p>\n<p align=\"justify\"><strong><span lang=\"sk-SK\">K1 diev\u010dat\u00e1 14 ro\u010dn\u00e9 500 m: 1. Diana MARKOVI\u010cOV\u00c1<\/span><\/strong><\/p>\n<p align=\"justify\"><strong><span lang=\"sk-SK\">K1 juniori 500 m: 2. Dominik DOKTOR\u00cdK<\/span><\/strong><\/p>\n<p align=\"justify\"><strong><span lang=\"sk-SK\">K2 juniori, mu\u017ei 500 m: 7. Dominik DOKTOR\u00cdK- A. Va\u0161ek <\/span><\/strong><\/p>\n<p align=\"justify\"><strong><span lang=\"sk-SK\">K4 kluby mu\u017ei 500 m: 1. Dominik DOKTOR\u00cdK- A. Va\u0161ek \u2013 J. M\u00faka- L.Kuti\u0161<\/span><\/strong><\/p>\n<p align=\"justify\"><strong><span lang=\"sk-SK\">K2 MIX 500 m: 2. Dominik DOKTOR\u00cdK- D. Hus\u00e1rikov\u00e1<\/span><\/strong><\/p>\n<p align=\"justify\"><strong><span lang=\"sk-SK\">K1 diev\u010dat\u00e1 12 ro\u010dn\u00e9 2000 m: 5. Sz\u00f3fia NAGY, 6. Gr\u00e9ta DOS\u00daDILOV\u00c1<\/span><\/strong><\/p>\n<p align=\"justify\"><strong><span lang=\"sk-SK\">K1 diev\u010dat\u00e1 12 ro\u010dn\u00e9 200 m: 1. Gr\u00e9ta DOS\u00daDILOV\u00c1 \/ F J1\/<\/span><\/strong><\/p>\n<p align=\"justify\"><strong><span lang=\"sk-SK\">K1 diev\u010dat\u00e1 12 ro\u010dn\u00e9 200 m: 4. Sz\u00f3fia NAGY \/ F J2\/<\/span><\/strong><\/p>\n<p align=\"justify\"><strong><span lang=\"sk-SK\">K1 chlapci 12 ro\u010dn\u00ed 200 m: 1.<\/span><span lang=\"sk-SK\">Tom\u00e1\u0161 \u0150RI \/F J3\/<\/span><\/strong><\/p>\n<p align=\"justify\"><strong><span lang=\"sk-SK\">K1 diev\u010dat\u00e1 11 ro\u010dn\u00e9 2000 m: 3.Gr\u00e9ta NAGY<\/span><\/strong><\/p>\n<p align=\"justify\"><strong><span lang=\"sk-SK\">K1 chlapci 12 ro\u010dn\u00ed 2000 m: 1.<\/span><span lang=\"sk-SK\">Tom\u00e1\u0161 \u0150RI<\/span><\/strong><\/p>\n<p align=\"justify\"><strong><span lang=\"sk-SK\">K2 diev\u010dat\u00e1 13 a 14 ro\u010dn\u00e9 200 m: 1.<\/span><span lang=\"sk-SK\">Diana MARKOVI\u010cOV\u00c1- A. Kov\u00e1\u010dov\u00e1<\/span><\/strong><\/p>\n<p align=\"justify\"><strong><span lang=\"sk-SK\">K1 chlapci 13 ro\u010dn\u00ed 200 m- 4. Alex \u00d3DOR<\/span><\/strong><\/p>\n<p align=\"justify\"><strong><span lang=\"sk-SK\">K2 chlapci 13 a 14 ro\u010dn\u00ed 200 m: 2. Alex \u00d3DOR- A.Ki\u0161\u0161<\/span><\/strong><\/p>\n<p align=\"justify\"><strong><span lang=\"sk-SK\">K1 diev\u010dat\u00e1 14 ro\u010dn\u00e9 200 m: 1. Diana MARKOVI\u010cOV\u00c1<\/span><\/strong><\/p>\n<p align=\"justify\"><strong><span lang=\"sk-SK\">K1 juniori 200 m: 1. Dominik DOKTOR\u00cdK<\/span><\/strong><\/p>\n<p align=\"justify\"><strong><span lang=\"sk-SK\">K1 diev\u010dat\u00e1 11 ro\u010dn\u00e9 200 m: 1. Gr\u00e9ta NAGY \/F J1\/<\/span><\/strong><\/p>\n<p align=\"justify\"><strong><span lang=\"sk-SK\">K2 juniori, mu\u017ei, vet 200 m: 2. Dominik DOKTOR\u00cdK- O. Hirsch <\/span><\/strong><\/p>\n<h2 align=\"justify\">Blaho\u017eel\u00e1me na\u0161im mlad\u00fdm pretek\u00e1rom a \u010fakujeme za \u00faspe\u0161n\u00fa reprezent\u00e1ciu.<\/h2>\n","protected":false},"excerpt":{"rendered":"<p>\u010clenovia Slovensk\u00e9ho ml\u00e1de\u017en\u00edckeho t\u00edmu sa v d\u0148och 26.08.2023 a 27.08.2023 z\u00fa\u010dastnili v Ostro\u017eskej Novej Vsi Medzin\u00e1rodn\u00fdch majstrovstiev Moravy -XXXI. ro\u010dn\u00edka Slov\u00e1ckej p\u00e4\u0165stovky. Slovensk\u00fd ml\u00e1de\u017en\u00edcky t\u00edm pod veden\u00edm Vladim\u00edra Mrvu dosiahol na tomto skvelom podujat\u00ed v\u00fdborn\u00e9 v\u00fdsledky a sme radi, \u017ee k \u00faspe\u0161nej reprezent\u00e1cii prispeli aj na\u0161i pretek\u00e1ri pod veden\u00edm tr\u00e9nera ml\u00e1de\u017ee n\u00e1\u0161ho klubu Ladislava \u00d3dora. [&hellip;]<\/p>\n","protected":false},"author":3,"featured_media":3963,"comment_status":"open","ping_status":"open","sticky":false,"template":"","format":"standard","meta":{"inline_featured_image":false,"footnotes":""},"categories":[1],"tags":[],"class_list":["post-3946","post","type-post","status-publish","format-standard","has-post-thumbnail","hentry","category-novinky"],"acf":[],"yoast_head":"<!-- This site is optimized with the Yoast SEO plugin v26.6 - https:\/\/yoast.com\/wordpress\/plugins\/seo\/ -->\n<title>V\u00fdborn\u00e9 v\u00fdkony ml\u00e1de\u017en\u00edkov na Medzin\u00e1rodn\u00fdch majstrovstv\u00e1ch Moravy - Kajak &amp; kanoe klub Kom\u00e1rno<\/title>\n<meta name=\"robots\" content=\"index, follow, max-snippet:-1, max-image-preview:large, max-video-preview:-1\" \/>\n<link rel=\"canonical\" href=\"https:\/\/kajakkomarno.sk\/novinky\/vyborne-vykony-mladeznikov-na-medzinarodnych-majstrovstvach-moravy\/\" \/>\n<meta property=\"og:locale\" content=\"hu_HU\" \/>\n<meta property=\"og:type\" content=\"article\" \/>\n<meta property=\"og:title\" content=\"V\u00fdborn\u00e9 v\u00fdkony ml\u00e1de\u017en\u00edkov na Medzin\u00e1rodn\u00fdch majstrovstv\u00e1ch Moravy - Kajak &amp; kanoe klub Kom\u00e1rno\" \/>\n<meta property=\"og:description\" content=\"\u010clenovia Slovensk\u00e9ho ml\u00e1de\u017en\u00edckeho t\u00edmu sa v d\u0148och 26.08.2023 a 27.08.2023 z\u00fa\u010dastnili v Ostro\u017eskej Novej Vsi Medzin\u00e1rodn\u00fdch majstrovstiev Moravy -XXXI. ro\u010dn\u00edka Slov\u00e1ckej p\u00e4\u0165stovky. Slovensk\u00fd ml\u00e1de\u017en\u00edcky t\u00edm pod veden\u00edm Vladim\u00edra Mrvu dosiahol na tomto skvelom podujat\u00ed v\u00fdborn\u00e9 v\u00fdsledky a sme radi, \u017ee k \u00faspe\u0161nej reprezent\u00e1cii prispeli aj na\u0161i pretek\u00e1ri pod veden\u00edm tr\u00e9nera ml\u00e1de\u017ee n\u00e1\u0161ho klubu Ladislava \u00d3dora. [&hellip;]\" \/>\n<meta property=\"og:url\" content=\"https:\/\/kajakkomarno.sk\/novinky\/vyborne-vykony-mladeznikov-na-medzinarodnych-majstrovstvach-moravy\/\" \/>\n<meta property=\"og:site_name\" content=\"Kajak &amp; kanoe klub Kom\u00e1rno\" \/>\n<meta property=\"article:published_time\" content=\"2023-09-03T09:08:52+00:00\" \/>\n<meta property=\"og:image\" content=\"https:\/\/kajakkomarno.sk\/wp-content\/uploads\/2023\/09\/MMM-00.jpg\" \/>\n\t<meta property=\"og:image:width\" content=\"768\" \/>\n\t<meta property=\"og:image:height\" content=\"539\" \/>\n\t<meta property=\"og:image:type\" content=\"image\/jpeg\" \/>\n<meta name=\"author\" content=\"petrusivi18@gmail.com\" \/>\n<meta name=\"twitter:card\" content=\"summary_large_image\" \/>\n<meta name=\"twitter:label1\" content=\"Szerz\u0151:\" \/>\n\t<meta name=\"twitter:data1\" content=\"petrusivi18@gmail.com\" \/>\n\t<meta name=\"twitter:label2\" content=\"Becs\u00fclt olvas\u00e1si id\u0151\" \/>\n\t<meta name=\"twitter:data2\" content=\"5 perc\" \/>\n<script type=\"application\/ld+json\" class=\"yoast-schema-graph\">{\"@context\":\"https:\/\/schema.org\",\"@graph\":[{\"@type\":\"Article\",\"@id\":\"https:\/\/kajakkomarno.sk\/novinky\/vyborne-vykony-mladeznikov-na-medzinarodnych-majstrovstvach-moravy\/#article\",\"isPartOf\":{\"@id\":\"https:\/\/kajakkomarno.sk\/novinky\/vyborne-vykony-mladeznikov-na-medzinarodnych-majstrovstvach-moravy\/\"},\"author\":{\"name\":\"petrusivi18@gmail.com\",\"@id\":\"https:\/\/kajakkomarno.sk\/#\/schema\/person\/c5c91af715cbb9be5937ae2db77cab69\"},\"headline\":\"V\u00fdborn\u00e9 v\u00fdkony ml\u00e1de\u017en\u00edkov na Medzin\u00e1rodn\u00fdch majstrovstv\u00e1ch Moravy\",\"datePublished\":\"2023-09-03T09:08:52+00:00\",\"mainEntityOfPage\":{\"@id\":\"https:\/\/kajakkomarno.sk\/novinky\/vyborne-vykony-mladeznikov-na-medzinarodnych-majstrovstvach-moravy\/\"},\"wordCount\":691,\"commentCount\":0,\"publisher\":{\"@id\":\"https:\/\/kajakkomarno.sk\/#organization\"},\"image\":{\"@id\":\"https:\/\/kajakkomarno.sk\/novinky\/vyborne-vykony-mladeznikov-na-medzinarodnych-majstrovstvach-moravy\/#primaryimage\"},\"thumbnailUrl\":\"https:\/\/kajakkomarno.sk\/wp-content\/uploads\/2023\/09\/MMM-00.jpg\",\"articleSection\":[\"Novinky\"],\"inLanguage\":\"hu\",\"potentialAction\":[{\"@type\":\"CommentAction\",\"name\":\"Comment\",\"target\":[\"https:\/\/kajakkomarno.sk\/novinky\/vyborne-vykony-mladeznikov-na-medzinarodnych-majstrovstvach-moravy\/#respond\"]}]},{\"@type\":\"WebPage\",\"@id\":\"https:\/\/kajakkomarno.sk\/novinky\/vyborne-vykony-mladeznikov-na-medzinarodnych-majstrovstvach-moravy\/\",\"url\":\"https:\/\/kajakkomarno.sk\/novinky\/vyborne-vykony-mladeznikov-na-medzinarodnych-majstrovstvach-moravy\/\",\"name\":\"V\u00fdborn\u00e9 v\u00fdkony ml\u00e1de\u017en\u00edkov na Medzin\u00e1rodn\u00fdch majstrovstv\u00e1ch Moravy - Kajak &amp; kanoe klub Kom\u00e1rno\",\"isPartOf\":{\"@id\":\"https:\/\/kajakkomarno.sk\/#website\"},\"primaryImageOfPage\":{\"@id\":\"https:\/\/kajakkomarno.sk\/novinky\/vyborne-vykony-mladeznikov-na-medzinarodnych-majstrovstvach-moravy\/#primaryimage\"},\"image\":{\"@id\":\"https:\/\/kajakkomarno.sk\/novinky\/vyborne-vykony-mladeznikov-na-medzinarodnych-majstrovstvach-moravy\/#primaryimage\"},\"thumbnailUrl\":\"https:\/\/kajakkomarno.sk\/wp-content\/uploads\/2023\/09\/MMM-00.jpg\",\"datePublished\":\"2023-09-03T09:08:52+00:00\",\"breadcrumb\":{\"@id\":\"https:\/\/kajakkomarno.sk\/novinky\/vyborne-vykony-mladeznikov-na-medzinarodnych-majstrovstvach-moravy\/#breadcrumb\"},\"inLanguage\":\"hu\",\"potentialAction\":[{\"@type\":\"ReadAction\",\"target\":[\"https:\/\/kajakkomarno.sk\/novinky\/vyborne-vykony-mladeznikov-na-medzinarodnych-majstrovstvach-moravy\/\"]}]},{\"@type\":\"ImageObject\",\"inLanguage\":\"hu\",\"@id\":\"https:\/\/kajakkomarno.sk\/novinky\/vyborne-vykony-mladeznikov-na-medzinarodnych-majstrovstvach-moravy\/#primaryimage\",\"url\":\"https:\/\/kajakkomarno.sk\/wp-content\/uploads\/2023\/09\/MMM-00.jpg\",\"contentUrl\":\"https:\/\/kajakkomarno.sk\/wp-content\/uploads\/2023\/09\/MMM-00.jpg\",\"width\":768,\"height\":539},{\"@type\":\"BreadcrumbList\",\"@id\":\"https:\/\/kajakkomarno.sk\/novinky\/vyborne-vykony-mladeznikov-na-medzinarodnych-majstrovstvach-moravy\/#breadcrumb\",\"itemListElement\":[{\"@type\":\"ListItem\",\"position\":1,\"name\":\"Domov\",\"item\":\"https:\/\/kajakkomarno.sk\/hu\/fooldal\/\"},{\"@type\":\"ListItem\",\"position\":2,\"name\":\"Novinky\",\"item\":\"https:\/\/kajakkomarno.sk\/category\/novinky\/\"},{\"@type\":\"ListItem\",\"position\":3,\"name\":\"V\u00fdborn\u00e9 v\u00fdkony ml\u00e1de\u017en\u00edkov na Medzin\u00e1rodn\u00fdch majstrovstv\u00e1ch Moravy\"}]},{\"@type\":\"WebSite\",\"@id\":\"https:\/\/kajakkomarno.sk\/#website\",\"url\":\"https:\/\/kajakkomarno.sk\/\",\"name\":\"Kajak &amp; kanoe klub Kom\u00e1rno\",\"description\":\"\",\"publisher\":{\"@id\":\"https:\/\/kajakkomarno.sk\/#organization\"},\"potentialAction\":[{\"@type\":\"SearchAction\",\"target\":{\"@type\":\"EntryPoint\",\"urlTemplate\":\"https:\/\/kajakkomarno.sk\/?s={search_term_string}\"},\"query-input\":{\"@type\":\"PropertyValueSpecification\",\"valueRequired\":true,\"valueName\":\"search_term_string\"}}],\"inLanguage\":\"hu\"},{\"@type\":\"Organization\",\"@id\":\"https:\/\/kajakkomarno.sk\/#organization\",\"name\":\"Kajak &amp; kanoe klub Kom\u00e1rno\",\"url\":\"https:\/\/kajakkomarno.sk\/\",\"logo\":{\"@type\":\"ImageObject\",\"inLanguage\":\"hu\",\"@id\":\"https:\/\/kajakkomarno.sk\/#\/schema\/logo\/image\/\",\"url\":\"https:\/\/kajakkomarno.sk\/wp-content\/uploads\/2022\/12\/kajak-kanoe-klub-komarno-optimized-opt.svg\",\"contentUrl\":\"https:\/\/kajakkomarno.sk\/wp-content\/uploads\/2022\/12\/kajak-kanoe-klub-komarno-optimized-opt.svg\",\"width\":307,\"height\":66,\"caption\":\"Kajak &amp; kanoe klub Kom\u00e1rno\"},\"image\":{\"@id\":\"https:\/\/kajakkomarno.sk\/#\/schema\/logo\/image\/\"}},{\"@type\":\"Person\",\"@id\":\"https:\/\/kajakkomarno.sk\/#\/schema\/person\/c5c91af715cbb9be5937ae2db77cab69\",\"name\":\"petrusivi18@gmail.com\",\"image\":{\"@type\":\"ImageObject\",\"inLanguage\":\"hu\",\"@id\":\"https:\/\/kajakkomarno.sk\/#\/schema\/person\/image\/\",\"url\":\"https:\/\/secure.gravatar.com\/avatar\/77dd3ca1ae9038935f09e411f1d53193ef634a1b97c471309f0fc163209e68d8?s=96&d=mm&r=g\",\"contentUrl\":\"https:\/\/secure.gravatar.com\/avatar\/77dd3ca1ae9038935f09e411f1d53193ef634a1b97c471309f0fc163209e68d8?s=96&d=mm&r=g\",\"caption\":\"petrusivi18@gmail.com\"},\"url\":\"https:\/\/kajakkomarno.sk\/hu\/author\/petrusivi18gmail-com\/\"}]}<\/script>\n<!-- \/ Yoast SEO plugin. -->","yoast_head_json":{"title":"V\u00fdborn\u00e9 v\u00fdkony ml\u00e1de\u017en\u00edkov na Medzin\u00e1rodn\u00fdch majstrovstv\u00e1ch Moravy - Kajak &amp; kanoe klub Kom\u00e1rno","robots":{"index":"index","follow":"follow","max-snippet":"max-snippet:-1","max-image-preview":"max-image-preview:large","max-video-preview":"max-video-preview:-1"},"canonical":"https:\/\/kajakkomarno.sk\/novinky\/vyborne-vykony-mladeznikov-na-medzinarodnych-majstrovstvach-moravy\/","og_locale":"hu_HU","og_type":"article","og_title":"V\u00fdborn\u00e9 v\u00fdkony ml\u00e1de\u017en\u00edkov na Medzin\u00e1rodn\u00fdch majstrovstv\u00e1ch Moravy - Kajak &amp; kanoe klub Kom\u00e1rno","og_description":"\u010clenovia Slovensk\u00e9ho ml\u00e1de\u017en\u00edckeho t\u00edmu sa v d\u0148och 26.08.2023 a 27.08.2023 z\u00fa\u010dastnili v Ostro\u017eskej Novej Vsi Medzin\u00e1rodn\u00fdch majstrovstiev Moravy -XXXI. ro\u010dn\u00edka Slov\u00e1ckej p\u00e4\u0165stovky. Slovensk\u00fd ml\u00e1de\u017en\u00edcky t\u00edm pod veden\u00edm Vladim\u00edra Mrvu dosiahol na tomto skvelom podujat\u00ed v\u00fdborn\u00e9 v\u00fdsledky a sme radi, \u017ee k \u00faspe\u0161nej reprezent\u00e1cii prispeli aj na\u0161i pretek\u00e1ri pod veden\u00edm tr\u00e9nera ml\u00e1de\u017ee n\u00e1\u0161ho klubu Ladislava \u00d3dora. [&hellip;]","og_url":"https:\/\/kajakkomarno.sk\/novinky\/vyborne-vykony-mladeznikov-na-medzinarodnych-majstrovstvach-moravy\/","og_site_name":"Kajak &amp; kanoe klub Kom\u00e1rno","article_published_time":"2023-09-03T09:08:52+00:00","og_image":[{"width":768,"height":539,"url":"https:\/\/kajakkomarno.sk\/wp-content\/uploads\/2023\/09\/MMM-00.jpg","type":"image\/jpeg"}],"author":"petrusivi18@gmail.com","twitter_card":"summary_large_image","twitter_misc":{"Szerz\u0151:":"petrusivi18@gmail.com","Becs\u00fclt olvas\u00e1si id\u0151":"5 perc"},"schema":{"@context":"https:\/\/schema.org","@graph":[{"@type":"Article","@id":"https:\/\/kajakkomarno.sk\/novinky\/vyborne-vykony-mladeznikov-na-medzinarodnych-majstrovstvach-moravy\/#article","isPartOf":{"@id":"https:\/\/kajakkomarno.sk\/novinky\/vyborne-vykony-mladeznikov-na-medzinarodnych-majstrovstvach-moravy\/"},"author":{"name":"petrusivi18@gmail.com","@id":"https:\/\/kajakkomarno.sk\/#\/schema\/person\/c5c91af715cbb9be5937ae2db77cab69"},"headline":"V\u00fdborn\u00e9 v\u00fdkony ml\u00e1de\u017en\u00edkov na Medzin\u00e1rodn\u00fdch majstrovstv\u00e1ch Moravy","datePublished":"2023-09-03T09:08:52+00:00","mainEntityOfPage":{"@id":"https:\/\/kajakkomarno.sk\/novinky\/vyborne-vykony-mladeznikov-na-medzinarodnych-majstrovstvach-moravy\/"},"wordCount":691,"commentCount":0,"publisher":{"@id":"https:\/\/kajakkomarno.sk\/#organization"},"image":{"@id":"https:\/\/kajakkomarno.sk\/novinky\/vyborne-vykony-mladeznikov-na-medzinarodnych-majstrovstvach-moravy\/#primaryimage"},"thumbnailUrl":"https:\/\/kajakkomarno.sk\/wp-content\/uploads\/2023\/09\/MMM-00.jpg","articleSection":["Novinky"],"inLanguage":"hu","potentialAction":[{"@type":"CommentAction","name":"Comment","target":["https:\/\/kajakkomarno.sk\/novinky\/vyborne-vykony-mladeznikov-na-medzinarodnych-majstrovstvach-moravy\/#respond"]}]},{"@type":"WebPage","@id":"https:\/\/kajakkomarno.sk\/novinky\/vyborne-vykony-mladeznikov-na-medzinarodnych-majstrovstvach-moravy\/","url":"https:\/\/kajakkomarno.sk\/novinky\/vyborne-vykony-mladeznikov-na-medzinarodnych-majstrovstvach-moravy\/","name":"V\u00fdborn\u00e9 v\u00fdkony ml\u00e1de\u017en\u00edkov na Medzin\u00e1rodn\u00fdch majstrovstv\u00e1ch Moravy - Kajak &amp; kanoe klub Kom\u00e1rno","isPartOf":{"@id":"https:\/\/kajakkomarno.sk\/#website"},"primaryImageOfPage":{"@id":"https:\/\/kajakkomarno.sk\/novinky\/vyborne-vykony-mladeznikov-na-medzinarodnych-majstrovstvach-moravy\/#primaryimage"},"image":{"@id":"https:\/\/kajakkomarno.sk\/novinky\/vyborne-vykony-mladeznikov-na-medzinarodnych-majstrovstvach-moravy\/#primaryimage"},"thumbnailUrl":"https:\/\/kajakkomarno.sk\/wp-content\/uploads\/2023\/09\/MMM-00.jpg","datePublished":"2023-09-03T09:08:52+00:00","breadcrumb":{"@id":"https:\/\/kajakkomarno.sk\/novinky\/vyborne-vykony-mladeznikov-na-medzinarodnych-majstrovstvach-moravy\/#breadcrumb"},"inLanguage":"hu","potentialAction":[{"@type":"ReadAction","target":["https:\/\/kajakkomarno.sk\/novinky\/vyborne-vykony-mladeznikov-na-medzinarodnych-majstrovstvach-moravy\/"]}]},{"@type":"ImageObject","inLanguage":"hu","@id":"https:\/\/kajakkomarno.sk\/novinky\/vyborne-vykony-mladeznikov-na-medzinarodnych-majstrovstvach-moravy\/#primaryimage","url":"https:\/\/kajakkomarno.sk\/wp-content\/uploads\/2023\/09\/MMM-00.jpg","contentUrl":"https:\/\/kajakkomarno.sk\/wp-content\/uploads\/2023\/09\/MMM-00.jpg","width":768,"height":539},{"@type":"BreadcrumbList","@id":"https:\/\/kajakkomarno.sk\/novinky\/vyborne-vykony-mladeznikov-na-medzinarodnych-majstrovstvach-moravy\/#breadcrumb","itemListElement":[{"@type":"ListItem","position":1,"name":"Domov","item":"https:\/\/kajakkomarno.sk\/hu\/fooldal\/"},{"@type":"ListItem","position":2,"name":"Novinky","item":"https:\/\/kajakkomarno.sk\/category\/novinky\/"},{"@type":"ListItem","position":3,"name":"V\u00fdborn\u00e9 v\u00fdkony ml\u00e1de\u017en\u00edkov na Medzin\u00e1rodn\u00fdch majstrovstv\u00e1ch Moravy"}]},{"@type":"WebSite","@id":"https:\/\/kajakkomarno.sk\/#website","url":"https:\/\/kajakkomarno.sk\/","name":"Kajak &amp; kanoe klub Kom\u00e1rno","description":"","publisher":{"@id":"https:\/\/kajakkomarno.sk\/#organization"},"potentialAction":[{"@type":"SearchAction","target":{"@type":"EntryPoint","urlTemplate":"https:\/\/kajakkomarno.sk\/?s={search_term_string}"},"query-input":{"@type":"PropertyValueSpecification","valueRequired":true,"valueName":"search_term_string"}}],"inLanguage":"hu"},{"@type":"Organization","@id":"https:\/\/kajakkomarno.sk\/#organization","name":"Kajak &amp; kanoe klub Kom\u00e1rno","url":"https:\/\/kajakkomarno.sk\/","logo":{"@type":"ImageObject","inLanguage":"hu","@id":"https:\/\/kajakkomarno.sk\/#\/schema\/logo\/image\/","url":"https:\/\/kajakkomarno.sk\/wp-content\/uploads\/2022\/12\/kajak-kanoe-klub-komarno-optimized-opt.svg","contentUrl":"https:\/\/kajakkomarno.sk\/wp-content\/uploads\/2022\/12\/kajak-kanoe-klub-komarno-optimized-opt.svg","width":307,"height":66,"caption":"Kajak &amp; kanoe klub Kom\u00e1rno"},"image":{"@id":"https:\/\/kajakkomarno.sk\/#\/schema\/logo\/image\/"}},{"@type":"Person","@id":"https:\/\/kajakkomarno.sk\/#\/schema\/person\/c5c91af715cbb9be5937ae2db77cab69","name":"petrusivi18@gmail.com","image":{"@type":"ImageObject","inLanguage":"hu","@id":"https:\/\/kajakkomarno.sk\/#\/schema\/person\/image\/","url":"https:\/\/secure.gravatar.com\/avatar\/77dd3ca1ae9038935f09e411f1d53193ef634a1b97c471309f0fc163209e68d8?s=96&d=mm&r=g","contentUrl":"https:\/\/secure.gravatar.com\/avatar\/77dd3ca1ae9038935f09e411f1d53193ef634a1b97c471309f0fc163209e68d8?s=96&d=mm&r=g","caption":"petrusivi18@gmail.com"},"url":"https:\/\/kajakkomarno.sk\/hu\/author\/petrusivi18gmail-com\/"}]}},"_links":{"self":[{"href":"https:\/\/kajakkomarno.sk\/hu\/wp-json\/wp\/v2\/posts\/3946","targetHints":{"allow":["GET"]}}],"collection":[{"href":"https:\/\/kajakkomarno.sk\/hu\/wp-json\/wp\/v2\/posts"}],"about":[{"href":"https:\/\/kajakkomarno.sk\/hu\/wp-json\/wp\/v2\/types\/post"}],"author":[{"embeddable":true,"href":"https:\/\/kajakkomarno.sk\/hu\/wp-json\/wp\/v2\/users\/3"}],"replies":[{"embeddable":true,"href":"https:\/\/kajakkomarno.sk\/hu\/wp-json\/wp\/v2\/comments?post=3946"}],"version-history":[{"count":0,"href":"https:\/\/kajakkomarno.sk\/hu\/wp-json\/wp\/v2\/posts\/3946\/revisions"}],"wp:featuredmedia":[{"embeddable":true,"href":"https:\/\/kajakkomarno.sk\/hu\/wp-json\/wp\/v2\/media\/3963"}],"wp:attachment":[{"href":"https:\/\/kajakkomarno.sk\/hu\/wp-json\/wp\/v2\/media?parent=3946"}],"wp:term":[{"taxonomy":"category","embeddable":true,"href":"https:\/\/kajakkomarno.sk\/hu\/wp-json\/wp\/v2\/categories?post=3946"},{"taxonomy":"post_tag","embeddable":true,"href":"https:\/\/kajakkomarno.sk\/hu\/wp-json\/wp\/v2\/tags?post=3946"}],"curies":[{"name":"wp","href":"https:\/\/api.w.org\/{rel}","templated":true}]}}