{"id":3734,"date":"2023-08-09T20:44:19","date_gmt":"2023-08-09T18:44:19","guid":{"rendered":"https:\/\/kajakkomarno.sk\/?p=3734"},"modified":"2023-08-09T20:44:19","modified_gmt":"2023-08-09T18:44:19","slug":"v-portugalsku-juniori-a-u23-o-tituly-majstrov-europy","status":"publish","type":"post","link":"https:\/\/kajakkomarno.sk\/hu\/novinky\/v-portugalsku-juniori-a-u23-o-tituly-majstrov-europy\/","title":{"rendered":"V Portugalsku juniori a U23 o tituly majstrov Eur\u00f3py"},"content":{"rendered":"<p align=\"justify\">Dejiskom Majstrovstiev Eur\u00f3py juniorov a pretek\u00e1rov do 23 rokov v d\u0148och 27.7. 2023 a\u017e 30.07.2023 bol Montemor-<span lang=\"sk-SK\">o<\/span>&#8211; Velho v Portugalsku.<\/p>\n<p align=\"justify\"><img fetchpriority=\"high\" decoding=\"async\" class=\"size-medium wp-image-3735 aligncenter\" src=\"https:\/\/kajakkomarno.sk\/wp-content\/uploads\/2023\/08\/capturar-450x166.jpg\" alt=\"\" width=\"450\" height=\"166\" srcset=\"https:\/\/kajakkomarno.sk\/wp-content\/uploads\/2023\/08\/capturar-450x166.jpg 450w, https:\/\/kajakkomarno.sk\/wp-content\/uploads\/2023\/08\/capturar-768x284.jpg 768w, https:\/\/kajakkomarno.sk\/wp-content\/uploads\/2023\/08\/capturar.jpg 960w\" sizes=\"(max-width: 450px) 100vw, 450px\" \/><\/p>\n<p align=\"justify\">Majstrovstv\u00e1 Eur\u00f3py juniorov, pretek\u00e1rov do 23 rokov a parakanoe organiz<span lang=\"sk-SK\">ovala<\/span> Portugalsk\u00e1 kanoistick\u00e1 feder\u00e1cia a radnica mesta Montemor-o-Velho pod z\u00e1\u0161titou Eur\u00f3pskej kanoistickej asoci\u00e1cie v zn\u00e1mom High performance Centre, ktor\u00e9 sa p\u00fd\u0161i novou cie\u013eovou ve\u017eou.<\/p>\n<p align=\"justify\"><strong>Na <span lang=\"sk-SK\">eur\u00f3pskom \u0161ampion\u00e1te <\/span> <span lang=\"sk-SK\">j<\/span>uniorov <span lang=\"sk-SK\">a p<\/span>retek\u00e1rov <span lang=\"sk-SK\">d<\/span>o 23 rokov bolo v 20 \u010dlennej slovenskej v\u00fdprave celkom 6 pretek\u00e1rov Kajak &amp; kanoe klubu Kom\u00e1rno a \u010dlenom realiza\u010dn\u00e9ho t\u00edmu bol Juraj TARR.<\/strong><\/p>\n<h2>REPREZENTOVALI N\u00c1S<\/h2>\n<h3><span style=\"color: #003300;\">JUNIORI<\/span><\/h3>\n<p align=\"justify\">Laura <span lang=\"sk-SK\">\u0150RI<\/span>&#8211; C1 200 m, C1 500 m<\/p>\n<p align=\"justify\">Dominik DOKTOR\u00cdK- K2 500 m, K2 1000 m<\/p>\n<p align=\"justify\">\u013dudov\u00edt T\u00d3TH\u2013 K2 500 m, K2 1000 m<\/p>\n<p align=\"justify\">M\u00e1t\u00e9 MARSAL- K4 500 m<\/p>\n<h3>PRETEK\u00c1RI DO 23 ROKOV:<\/h3>\n<p align=\"justify\">Filip PODLEISZEK- K4 500 m<\/p>\n<p align=\"justify\">Marko UJV\u00c1RI \u2013 K4 500 m<\/p>\n<p align=\"justify\"><span lang=\"sk-SK\">Pretek\u00e1ri z Kom\u00e1rna<\/span> <span lang=\"sk-SK\">\u0161tartovali <\/span> celkom v <span lang=\"sk-SK\">\u0161iestich <\/span>discipl\u00ednach. Cez rozjazdy a semifin\u00e1le si zabezpe\u010dili \u00fa\u010das\u0165 <strong><span style=\"color: #003300;\">v<\/span><\/strong><span lang=\"sk-SK\"><strong><span style=\"color: #003300;\"> \u0161tyroch FIN\u00c1LE A<\/span><\/strong>. Pred br\u00e1nami 9 \u010dlenn\u00e9ho fin\u00e1le skon\u010dila K4 U23 500 m s Filipom PODLEISZEKOM a Markom UJV\u00c1RIM a <\/span><span lang=\"sk-SK\">Laura <\/span><span lang=\"sk-SK\">\u0150RI v discipl\u00edne <\/span><span lang=\"sk-SK\">C1 <\/span><span lang=\"sk-SK\">JUNIORKY 200 <\/span><span lang=\"sk-SK\">m<\/span><span lang=\"sk-SK\">.<\/span><\/p>\n<h1>FIN\u00c1LOV\u00c9 V\u00ddSLEDKY:<\/h1>\n<p><strong><span lang=\"sk-SK\">K2 JUNIORI 1000 m- 4. <\/span><span lang=\"sk-SK\">\u013dudov\u00edt T\u00d3TH \u2013 Dominik DOKTOR\u00cdK<\/span><\/strong><\/p>\n<p><strong><span lang=\"sk-SK\">K2 JUNIORI 500 m- 6. <\/span><span lang=\"sk-SK\">\u013dudov\u00edt T\u00d3TH \u2013 Dominik DOKTOR\u00cdK<\/span><\/strong><\/p>\n<p><strong>K4 JUNIORI 500 m- 7. M\u00e1t\u00e9 MARSAL- M\u00e1t\u00e9 LEPI- Maximili\u00e1n SZAB\u00d3- Martin B\u00c1BIK <\/strong><\/p>\n<p><strong><span lang=\"sk-SK\">C1 <\/span>JUNIORKY <span lang=\"sk-SK\">5<\/span>00 m- 9. Laura <span lang=\"sk-SK\">\u0150RI<\/span><\/strong><\/p>\n<h2>Dominik DOKTOR\u00cdK a \u013dudov\u00edt T\u00d3TH &#8211; K2 JUNIORI 1000 m a K2 JUNIORI 500 m<\/h2>\n<p><img decoding=\"async\" class=\"alignnone wp-image-3741 size-full\" src=\"https:\/\/kajakkomarno.sk\/wp-content\/uploads\/2023\/08\/ME-JUN-K2-1.jpg\" alt=\"\" width=\"960\" height=\"720\" srcset=\"https:\/\/kajakkomarno.sk\/wp-content\/uploads\/2023\/08\/ME-JUN-K2-1.jpg 960w, https:\/\/kajakkomarno.sk\/wp-content\/uploads\/2023\/08\/ME-JUN-K2-1-450x338.jpg 450w, https:\/\/kajakkomarno.sk\/wp-content\/uploads\/2023\/08\/ME-JUN-K2-1-768x576.jpg 768w\" sizes=\"(max-width: 960px) 100vw, 960px\" \/><\/p>\n<p><span lang=\"sk-SK\">Do Montemoru cestovala na\u0161a juniorsk\u00e1 K2 s medailov\u00fdmi amb\u00edciami.<\/span><span lang=\"sk-SK\"> Najbli\u017e\u0161ie k medaile mali na\u0161i chlapci n<\/span>a tis\u00edcke, ke\u010f vo fin\u00e1le obsadili tesn\u00e9 4.miesto.<\/p>\n<p>Na olympijskej 500 metrovej trati <span lang=\"sk-SK\">post\u00fapila K2 s Dominikom DOKTOR\u00cdKOM a \u013dudov\u00edtom T\u00d3THOM cez semifin\u00e1lov\u00e9 jazdy<\/span>. Vo fin\u00e1le na\u0161im chlapc<span lang=\"sk-SK\">om nevy\u0161iel \u0161tart,<\/span> aj napriek tomu obsadili ve\u013emi dobr\u00e9 <span lang=\"sk-SK\">6<\/span>.miesto.<\/p>\n<p><strong><span lang=\"sk-SK\">Ako postupovala juniorsk\u00e1 K2 do fin\u00e1le?<\/span><\/strong><\/p>\n<p><span lang=\"sk-SK\">1000 m- <\/span><span lang=\"sk-SK\">Rozjazda: <\/span><span lang=\"sk-SK\">4<\/span><span lang=\"sk-SK\">. miesto, Semifin\u00e1le: 2. miesto, <\/span><strong><span lang=\"sk-SK\">FIN\u00c1LE: 4.miesto <\/span><\/strong><\/p>\n<p><span lang=\"sk-SK\">500 m- <\/span><span lang=\"sk-SK\">Rozjazda: 3.miesto, Semifin\u00e1le: 1.miesto, <\/span><strong><span lang=\"sk-SK\">FIN\u00c1LE: 6.miesto<\/span><\/strong><\/p>\n<h2><span lang=\"sk-SK\">M<\/span><span lang=\"sk-SK\">\u00e1t\u00e9 MARSAL- M\u00e1t\u00e9 LEPI- Maximili\u00e1n SZAB\u00d3- Martin B\u00c1BIK- K4 JUNIORI 500 m<\/span><\/h2>\n<p><img decoding=\"async\" class=\"aligncenter wp-image-3743 size-full\" src=\"https:\/\/kajakkomarno.sk\/wp-content\/uploads\/2023\/08\/ME-JUN-K4.jpg\" alt=\"\" width=\"960\" height=\"720\" srcset=\"https:\/\/kajakkomarno.sk\/wp-content\/uploads\/2023\/08\/ME-JUN-K4.jpg 960w, https:\/\/kajakkomarno.sk\/wp-content\/uploads\/2023\/08\/ME-JUN-K4-450x338.jpg 450w, https:\/\/kajakkomarno.sk\/wp-content\/uploads\/2023\/08\/ME-JUN-K4-768x576.jpg 768w\" sizes=\"(max-width: 960px) 100vw, 960px\" \/><\/p>\n<p>Zostava juniorskej k\u00e1\u0161tvorky sa oproti svetov\u00e9mu \u0161ampion\u00e1tu v Auronze nemenila. Chlapci potvrdili svoju v\u00fdkonnos\u0165, op\u00e4\u0165 podali ve\u013emi dobr\u00fd v\u00fdkon a vo fin\u00e1le obsadili <span lang=\"sk-SK\">7. <\/span>miesto .<\/p>\n<p><strong><span lang=\"sk-SK\">Ako postupovala juniorsk\u00e1 K4 do fin\u00e1le?<\/span><\/strong><\/p>\n<p><span lang=\"sk-SK\">Rozjazda: 3.miesto, <strong>FIN\u00c1LE: 7.miesto <\/strong><\/span><\/p>\n<h2>Laura <span lang=\"sk-SK\">\u0150<\/span><span lang=\"sk-SK\">RI<\/span>&#8211; C1 <span lang=\"sk-SK\">JUNIORKY<\/span> 200 m, C1<span lang=\"sk-SK\"> JUNIORKY<\/span> 500 m<\/h2>\n<p><img loading=\"lazy\" decoding=\"async\" class=\"aligncenter wp-image-3745 size-full\" src=\"https:\/\/kajakkomarno.sk\/wp-content\/uploads\/2023\/08\/ME-JUN-C1-LO.jpg\" alt=\"\" width=\"912\" height=\"810\" srcset=\"https:\/\/kajakkomarno.sk\/wp-content\/uploads\/2023\/08\/ME-JUN-C1-LO.jpg 912w, https:\/\/kajakkomarno.sk\/wp-content\/uploads\/2023\/08\/ME-JUN-C1-LO-450x400.jpg 450w, https:\/\/kajakkomarno.sk\/wp-content\/uploads\/2023\/08\/ME-JUN-C1-LO-768x682.jpg 768w\" sizes=\"(max-width: 912px) 100vw, 912px\" \/><\/p>\n<p><span lang=\"sk-SK\">Na eur\u00f3pskom \u0161ampion\u00e1te nast\u00fapila <\/span> Laura <span lang=\"sk-SK\">\u0150RI v dvoch discipl\u00ednach.<\/span><\/p>\n<p><span lang=\"sk-SK\">Do fin\u00e1le sa na\u0161a pretek\u00e1rka prebojovala na 500 metrovej trati. Tu zvl\u00e1dla na v\u00fdborn\u00fa svoju semifin\u00e1lov\u00fa jazdu, v ktorej suver\u00e9nne zv\u00ed\u0165azila a post\u00fapila tak do fin\u00e1le, v ktorom obsadila pekn\u00e9 9. miesto. Na 200 metrovej trati sa Laure \u0150RI nepodarilo prebojova\u0165 do fin\u00e1le, na eur\u00f3pskom \u0161ampion\u00e1te zo seba vydala v\u0161etko a so svojim predveden\u00fdm v\u00fdkonom a najm\u00e4 fin\u00e1lovou \u00fa\u010das\u0165ou na 500 metrovej trati bola spokojn\u00e1. <\/span><\/p>\n<p><strong>Ako postupovala <span lang=\"sk-SK\">Laura <\/span><span lang=\"sk-SK\">\u0150RI<\/span> v C1 ?<\/strong><\/p>\n<p>C1 JUNIORKY <span lang=\"sk-SK\">5<\/span>00 m- : <span lang=\"sk-SK\">Rozjazda:<\/span><span lang=\"sk-SK\"> 5<\/span><span lang=\"sk-SK\">.miesto, Semifin\u00e1le: 1 .miesto, <\/span><strong><span lang=\"sk-SK\"> FIN\u00c1LE: 9.miesto<\/span><\/strong><\/p>\n<p>C1 JUNIORKY <span lang=\"sk-SK\">2<\/span>00 m- : <span lang=\"sk-SK\">Rozjazda: 6.miesto, Semifin\u00e1le: 5.miesto<\/span><\/p>\n<h2>Filip PODLEISZEK- Marko UJV\u00c1RI- Tom\u00e1\u0161 HOLKA- Daniel RYBANSK\u00dd K4 U23 MU\u017dI 500 m<\/h2>\n<p><img loading=\"lazy\" decoding=\"async\" class=\"aligncenter wp-image-3747 size-full\" src=\"https:\/\/kajakkomarno.sk\/wp-content\/uploads\/2023\/08\/ME-JUN-K4-U23.jpg\" alt=\"\" width=\"960\" height=\"720\" srcset=\"https:\/\/kajakkomarno.sk\/wp-content\/uploads\/2023\/08\/ME-JUN-K4-U23.jpg 960w, https:\/\/kajakkomarno.sk\/wp-content\/uploads\/2023\/08\/ME-JUN-K4-U23-450x338.jpg 450w, https:\/\/kajakkomarno.sk\/wp-content\/uploads\/2023\/08\/ME-JUN-K4-U23-768x576.jpg 768w\" sizes=\"(max-width: 960px) 100vw, 960px\" \/><\/p>\n<p>Na eur\u00f3pskom \u0161ampion\u00e1te nast\u00fapil<span lang=\"sk-SK\">a K4 <\/span> pretek\u00e1rov do 23 rokov oproti majstrovstv\u00e1m sveta v zmenenej zostave, ani napriek zmene sa im v\u0161ak do fin\u00e1le nepodarilo prebojova\u0165.<\/p>\n<p><strong><span lang=\"sk-SK\">Ako sa postupovala K4 pretek\u00e1rov do 23 rokov?<\/span><\/strong><\/p>\n<p><span lang=\"sk-SK\">Rozjazda:<\/span><span lang=\"sk-SK\"> 5<\/span><span lang=\"sk-SK\">.miesto, Semifin\u00e1le: 7.miesto<\/span><\/p>\n<h2><span lang=\"sk-SK\">STRIEBORN\u00c1 MEDAILA PRE D\u00c1VIDA KOCZK\u00c1SA<\/span><\/h2>\n<p><span lang=\"sk-SK\">M<\/span><span lang=\"sk-SK\">a<\/span><span lang=\"sk-SK\">\u010farsko v discipl\u00edne C<\/span><span lang=\"sk-SK\">1<\/span><span lang=\"sk-SK\"> MU\u017dI U23 na <\/span><span lang=\"sk-SK\">200<\/span><span lang=\"sk-SK\"> metrovej trati <\/span><span lang=\"sk-SK\">reprezentoval <\/span><span lang=\"sk-SK\">odchovanec kom\u00e1r\u0148anskej r\u00fdchlostnej kanoistiky, 2<\/span><span lang=\"sk-SK\">3<\/span><span lang=\"sk-SK\"> ro\u010dn\u00fd kanoista D\u00e1vid KOCZK\u00c1S, ktor\u00fd si vybojoval <strong>STRIEBORN\u00da MEDAILU<\/strong>. <\/span><\/p>\n<figure id=\"attachment_3749\" aria-describedby=\"caption-attachment-3749\" style=\"width: 338px\" class=\"wp-caption aligncenter\"><img loading=\"lazy\" decoding=\"async\" class=\"size-medium wp-image-3749\" src=\"https:\/\/kajakkomarno.sk\/wp-content\/uploads\/2023\/08\/ME-JUN-DAV-KOCZ-338x450.jpg\" alt=\"\" width=\"338\" height=\"450\" srcset=\"https:\/\/kajakkomarno.sk\/wp-content\/uploads\/2023\/08\/ME-JUN-DAV-KOCZ-338x450.jpg 338w, https:\/\/kajakkomarno.sk\/wp-content\/uploads\/2023\/08\/ME-JUN-DAV-KOCZ.jpg 720w\" sizes=\"(max-width: 338px) 100vw, 338px\" \/><figcaption id=\"caption-attachment-3749\" class=\"wp-caption-text\">D\u00e1vid KOCZK\u00c1S spolo\u010dne so svojim otcom Oliverom KOCZK\u00c1SOM (arch.foto)<\/figcaption><\/figure>\n<h2>CELKOV\u00c9 PORADIE KRAJ\u00cdN:<\/h2>\n<p>1. Ma\u010farsko- 32 medail\u00ed<\/p>\n<p>2. \u0160panielsko- 20 medail\u00ed<\/p>\n<p><span lang=\"sk-SK\">3<\/span>. Nemecko- 17 medail\u00ed<\/p>\n<h2>Blaho\u017eel\u00e1me a \u010fakujeme v\u0161etk\u00fdm pretek\u00e1rom za \u00faspe\u0161n\u00fa reprezent\u00e1ciu !<\/h2>\n","protected":false},"excerpt":{"rendered":"<p>Dejiskom Majstrovstiev Eur\u00f3py juniorov a pretek\u00e1rov do 23 rokov v d\u0148och 27.7. 2023 a\u017e 30.07.2023 bol Montemor-o&#8211; Velho v Portugalsku. Majstrovstv\u00e1 Eur\u00f3py juniorov, pretek\u00e1rov do 23 rokov a parakanoe organizovala Portugalsk\u00e1 kanoistick\u00e1 feder\u00e1cia a radnica mesta Montemor-o-Velho pod z\u00e1\u0161titou Eur\u00f3pskej kanoistickej asoci\u00e1cie v zn\u00e1mom High performance Centre, ktor\u00e9 sa p\u00fd\u0161i novou cie\u013eovou ve\u017eou. Na eur\u00f3pskom [&hellip;]<\/p>\n","protected":false},"author":3,"featured_media":3880,"comment_status":"open","ping_status":"open","sticky":false,"template":"","format":"standard","meta":{"inline_featured_image":false,"footnotes":""},"categories":[1],"tags":[],"class_list":["post-3734","post","type-post","status-publish","format-standard","has-post-thumbnail","hentry","category-novinky"],"acf":[],"yoast_head":"<!-- This site is optimized with the Yoast SEO plugin v26.6 - https:\/\/yoast.com\/wordpress\/plugins\/seo\/ -->\n<title>V Portugalsku juniori a U23 o tituly majstrov Eur\u00f3py - Kajak &amp; kanoe klub Kom\u00e1rno<\/title>\n<meta name=\"robots\" content=\"index, follow, max-snippet:-1, max-image-preview:large, max-video-preview:-1\" \/>\n<link rel=\"canonical\" href=\"https:\/\/kajakkomarno.sk\/novinky\/v-portugalsku-juniori-a-u23-o-tituly-majstrov-europy\/\" \/>\n<meta property=\"og:locale\" content=\"hu_HU\" \/>\n<meta property=\"og:type\" content=\"article\" \/>\n<meta property=\"og:title\" content=\"V Portugalsku juniori a U23 o tituly majstrov Eur\u00f3py - Kajak &amp; kanoe klub Kom\u00e1rno\" \/>\n<meta property=\"og:description\" content=\"Dejiskom Majstrovstiev Eur\u00f3py juniorov a pretek\u00e1rov do 23 rokov v d\u0148och 27.7. 2023 a\u017e 30.07.2023 bol Montemor-o&#8211; Velho v Portugalsku. Majstrovstv\u00e1 Eur\u00f3py juniorov, pretek\u00e1rov do 23 rokov a parakanoe organizovala Portugalsk\u00e1 kanoistick\u00e1 feder\u00e1cia a radnica mesta Montemor-o-Velho pod z\u00e1\u0161titou Eur\u00f3pskej kanoistickej asoci\u00e1cie v zn\u00e1mom High performance Centre, ktor\u00e9 sa p\u00fd\u0161i novou cie\u013eovou ve\u017eou. Na eur\u00f3pskom [&hellip;]\" \/>\n<meta property=\"og:url\" content=\"https:\/\/kajakkomarno.sk\/novinky\/v-portugalsku-juniori-a-u23-o-tituly-majstrov-europy\/\" \/>\n<meta property=\"og:site_name\" content=\"Kajak &amp; kanoe klub Kom\u00e1rno\" \/>\n<meta property=\"article:published_time\" content=\"2023-08-09T18:44:19+00:00\" \/>\n<meta property=\"og:image\" content=\"https:\/\/kajakkomarno.sk\/wp-content\/uploads\/2023\/08\/montemor23-5878.jpg.jpeg\" \/>\n\t<meta property=\"og:image:width\" content=\"800\" \/>\n\t<meta property=\"og:image:height\" content=\"600\" \/>\n\t<meta property=\"og:image:type\" content=\"image\/jpeg\" \/>\n<meta name=\"author\" content=\"petrusivi18@gmail.com\" \/>\n<meta name=\"twitter:card\" content=\"summary_large_image\" \/>\n<meta name=\"twitter:label1\" content=\"Szerz\u0151:\" \/>\n\t<meta name=\"twitter:data1\" content=\"petrusivi18@gmail.com\" \/>\n\t<meta name=\"twitter:label2\" content=\"Becs\u00fclt olvas\u00e1si id\u0151\" \/>\n\t<meta name=\"twitter:data2\" content=\"5 perc\" \/>\n<script type=\"application\/ld+json\" class=\"yoast-schema-graph\">{\"@context\":\"https:\/\/schema.org\",\"@graph\":[{\"@type\":\"Article\",\"@id\":\"https:\/\/kajakkomarno.sk\/novinky\/v-portugalsku-juniori-a-u23-o-tituly-majstrov-europy\/#article\",\"isPartOf\":{\"@id\":\"https:\/\/kajakkomarno.sk\/novinky\/v-portugalsku-juniori-a-u23-o-tituly-majstrov-europy\/\"},\"author\":{\"name\":\"petrusivi18@gmail.com\",\"@id\":\"https:\/\/kajakkomarno.sk\/#\/schema\/person\/c5c91af715cbb9be5937ae2db77cab69\"},\"headline\":\"V Portugalsku juniori a U23 o tituly majstrov Eur\u00f3py\",\"datePublished\":\"2023-08-09T18:44:19+00:00\",\"mainEntityOfPage\":{\"@id\":\"https:\/\/kajakkomarno.sk\/novinky\/v-portugalsku-juniori-a-u23-o-tituly-majstrov-europy\/\"},\"wordCount\":685,\"commentCount\":0,\"publisher\":{\"@id\":\"https:\/\/kajakkomarno.sk\/#organization\"},\"image\":{\"@id\":\"https:\/\/kajakkomarno.sk\/novinky\/v-portugalsku-juniori-a-u23-o-tituly-majstrov-europy\/#primaryimage\"},\"thumbnailUrl\":\"https:\/\/kajakkomarno.sk\/wp-content\/uploads\/2023\/08\/montemor23-5878.jpg.jpeg\",\"articleSection\":[\"Novinky\"],\"inLanguage\":\"hu\",\"potentialAction\":[{\"@type\":\"CommentAction\",\"name\":\"Comment\",\"target\":[\"https:\/\/kajakkomarno.sk\/novinky\/v-portugalsku-juniori-a-u23-o-tituly-majstrov-europy\/#respond\"]}]},{\"@type\":\"WebPage\",\"@id\":\"https:\/\/kajakkomarno.sk\/novinky\/v-portugalsku-juniori-a-u23-o-tituly-majstrov-europy\/\",\"url\":\"https:\/\/kajakkomarno.sk\/novinky\/v-portugalsku-juniori-a-u23-o-tituly-majstrov-europy\/\",\"name\":\"V Portugalsku juniori a U23 o tituly majstrov Eur\u00f3py - Kajak &amp; kanoe klub Kom\u00e1rno\",\"isPartOf\":{\"@id\":\"https:\/\/kajakkomarno.sk\/#website\"},\"primaryImageOfPage\":{\"@id\":\"https:\/\/kajakkomarno.sk\/novinky\/v-portugalsku-juniori-a-u23-o-tituly-majstrov-europy\/#primaryimage\"},\"image\":{\"@id\":\"https:\/\/kajakkomarno.sk\/novinky\/v-portugalsku-juniori-a-u23-o-tituly-majstrov-europy\/#primaryimage\"},\"thumbnailUrl\":\"https:\/\/kajakkomarno.sk\/wp-content\/uploads\/2023\/08\/montemor23-5878.jpg.jpeg\",\"datePublished\":\"2023-08-09T18:44:19+00:00\",\"breadcrumb\":{\"@id\":\"https:\/\/kajakkomarno.sk\/novinky\/v-portugalsku-juniori-a-u23-o-tituly-majstrov-europy\/#breadcrumb\"},\"inLanguage\":\"hu\",\"potentialAction\":[{\"@type\":\"ReadAction\",\"target\":[\"https:\/\/kajakkomarno.sk\/novinky\/v-portugalsku-juniori-a-u23-o-tituly-majstrov-europy\/\"]}]},{\"@type\":\"ImageObject\",\"inLanguage\":\"hu\",\"@id\":\"https:\/\/kajakkomarno.sk\/novinky\/v-portugalsku-juniori-a-u23-o-tituly-majstrov-europy\/#primaryimage\",\"url\":\"https:\/\/kajakkomarno.sk\/wp-content\/uploads\/2023\/08\/montemor23-5878.jpg.jpeg\",\"contentUrl\":\"https:\/\/kajakkomarno.sk\/wp-content\/uploads\/2023\/08\/montemor23-5878.jpg.jpeg\",\"width\":800,\"height\":600},{\"@type\":\"BreadcrumbList\",\"@id\":\"https:\/\/kajakkomarno.sk\/novinky\/v-portugalsku-juniori-a-u23-o-tituly-majstrov-europy\/#breadcrumb\",\"itemListElement\":[{\"@type\":\"ListItem\",\"position\":1,\"name\":\"Domov\",\"item\":\"https:\/\/kajakkomarno.sk\/hu\/fooldal\/\"},{\"@type\":\"ListItem\",\"position\":2,\"name\":\"Novinky\",\"item\":\"https:\/\/kajakkomarno.sk\/category\/novinky\/\"},{\"@type\":\"ListItem\",\"position\":3,\"name\":\"V Portugalsku juniori a U23 o tituly majstrov Eur\u00f3py\"}]},{\"@type\":\"WebSite\",\"@id\":\"https:\/\/kajakkomarno.sk\/#website\",\"url\":\"https:\/\/kajakkomarno.sk\/\",\"name\":\"Kajak &amp; kanoe klub Kom\u00e1rno\",\"description\":\"\",\"publisher\":{\"@id\":\"https:\/\/kajakkomarno.sk\/#organization\"},\"potentialAction\":[{\"@type\":\"SearchAction\",\"target\":{\"@type\":\"EntryPoint\",\"urlTemplate\":\"https:\/\/kajakkomarno.sk\/?s={search_term_string}\"},\"query-input\":{\"@type\":\"PropertyValueSpecification\",\"valueRequired\":true,\"valueName\":\"search_term_string\"}}],\"inLanguage\":\"hu\"},{\"@type\":\"Organization\",\"@id\":\"https:\/\/kajakkomarno.sk\/#organization\",\"name\":\"Kajak &amp; kanoe klub Kom\u00e1rno\",\"url\":\"https:\/\/kajakkomarno.sk\/\",\"logo\":{\"@type\":\"ImageObject\",\"inLanguage\":\"hu\",\"@id\":\"https:\/\/kajakkomarno.sk\/#\/schema\/logo\/image\/\",\"url\":\"https:\/\/kajakkomarno.sk\/wp-content\/uploads\/2022\/12\/kajak-kanoe-klub-komarno-optimized-opt.svg\",\"contentUrl\":\"https:\/\/kajakkomarno.sk\/wp-content\/uploads\/2022\/12\/kajak-kanoe-klub-komarno-optimized-opt.svg\",\"width\":307,\"height\":66,\"caption\":\"Kajak &amp; kanoe klub Kom\u00e1rno\"},\"image\":{\"@id\":\"https:\/\/kajakkomarno.sk\/#\/schema\/logo\/image\/\"}},{\"@type\":\"Person\",\"@id\":\"https:\/\/kajakkomarno.sk\/#\/schema\/person\/c5c91af715cbb9be5937ae2db77cab69\",\"name\":\"petrusivi18@gmail.com\",\"image\":{\"@type\":\"ImageObject\",\"inLanguage\":\"hu\",\"@id\":\"https:\/\/kajakkomarno.sk\/#\/schema\/person\/image\/\",\"url\":\"https:\/\/secure.gravatar.com\/avatar\/77dd3ca1ae9038935f09e411f1d53193ef634a1b97c471309f0fc163209e68d8?s=96&d=mm&r=g\",\"contentUrl\":\"https:\/\/secure.gravatar.com\/avatar\/77dd3ca1ae9038935f09e411f1d53193ef634a1b97c471309f0fc163209e68d8?s=96&d=mm&r=g\",\"caption\":\"petrusivi18@gmail.com\"},\"url\":\"https:\/\/kajakkomarno.sk\/hu\/author\/petrusivi18gmail-com\/\"}]}<\/script>\n<!-- \/ Yoast SEO plugin. -->","yoast_head_json":{"title":"V Portugalsku juniori a U23 o tituly majstrov Eur\u00f3py - Kajak &amp; kanoe klub Kom\u00e1rno","robots":{"index":"index","follow":"follow","max-snippet":"max-snippet:-1","max-image-preview":"max-image-preview:large","max-video-preview":"max-video-preview:-1"},"canonical":"https:\/\/kajakkomarno.sk\/novinky\/v-portugalsku-juniori-a-u23-o-tituly-majstrov-europy\/","og_locale":"hu_HU","og_type":"article","og_title":"V Portugalsku juniori a U23 o tituly majstrov Eur\u00f3py - Kajak &amp; kanoe klub Kom\u00e1rno","og_description":"Dejiskom Majstrovstiev Eur\u00f3py juniorov a pretek\u00e1rov do 23 rokov v d\u0148och 27.7. 2023 a\u017e 30.07.2023 bol Montemor-o&#8211; Velho v Portugalsku. Majstrovstv\u00e1 Eur\u00f3py juniorov, pretek\u00e1rov do 23 rokov a parakanoe organizovala Portugalsk\u00e1 kanoistick\u00e1 feder\u00e1cia a radnica mesta Montemor-o-Velho pod z\u00e1\u0161titou Eur\u00f3pskej kanoistickej asoci\u00e1cie v zn\u00e1mom High performance Centre, ktor\u00e9 sa p\u00fd\u0161i novou cie\u013eovou ve\u017eou. Na eur\u00f3pskom [&hellip;]","og_url":"https:\/\/kajakkomarno.sk\/novinky\/v-portugalsku-juniori-a-u23-o-tituly-majstrov-europy\/","og_site_name":"Kajak &amp; kanoe klub Kom\u00e1rno","article_published_time":"2023-08-09T18:44:19+00:00","og_image":[{"width":800,"height":600,"url":"https:\/\/kajakkomarno.sk\/wp-content\/uploads\/2023\/08\/montemor23-5878.jpg.jpeg","type":"image\/jpeg"}],"author":"petrusivi18@gmail.com","twitter_card":"summary_large_image","twitter_misc":{"Szerz\u0151:":"petrusivi18@gmail.com","Becs\u00fclt olvas\u00e1si id\u0151":"5 perc"},"schema":{"@context":"https:\/\/schema.org","@graph":[{"@type":"Article","@id":"https:\/\/kajakkomarno.sk\/novinky\/v-portugalsku-juniori-a-u23-o-tituly-majstrov-europy\/#article","isPartOf":{"@id":"https:\/\/kajakkomarno.sk\/novinky\/v-portugalsku-juniori-a-u23-o-tituly-majstrov-europy\/"},"author":{"name":"petrusivi18@gmail.com","@id":"https:\/\/kajakkomarno.sk\/#\/schema\/person\/c5c91af715cbb9be5937ae2db77cab69"},"headline":"V Portugalsku juniori a U23 o tituly majstrov Eur\u00f3py","datePublished":"2023-08-09T18:44:19+00:00","mainEntityOfPage":{"@id":"https:\/\/kajakkomarno.sk\/novinky\/v-portugalsku-juniori-a-u23-o-tituly-majstrov-europy\/"},"wordCount":685,"commentCount":0,"publisher":{"@id":"https:\/\/kajakkomarno.sk\/#organization"},"image":{"@id":"https:\/\/kajakkomarno.sk\/novinky\/v-portugalsku-juniori-a-u23-o-tituly-majstrov-europy\/#primaryimage"},"thumbnailUrl":"https:\/\/kajakkomarno.sk\/wp-content\/uploads\/2023\/08\/montemor23-5878.jpg.jpeg","articleSection":["Novinky"],"inLanguage":"hu","potentialAction":[{"@type":"CommentAction","name":"Comment","target":["https:\/\/kajakkomarno.sk\/novinky\/v-portugalsku-juniori-a-u23-o-tituly-majstrov-europy\/#respond"]}]},{"@type":"WebPage","@id":"https:\/\/kajakkomarno.sk\/novinky\/v-portugalsku-juniori-a-u23-o-tituly-majstrov-europy\/","url":"https:\/\/kajakkomarno.sk\/novinky\/v-portugalsku-juniori-a-u23-o-tituly-majstrov-europy\/","name":"V Portugalsku juniori a U23 o tituly majstrov Eur\u00f3py - Kajak &amp; kanoe klub Kom\u00e1rno","isPartOf":{"@id":"https:\/\/kajakkomarno.sk\/#website"},"primaryImageOfPage":{"@id":"https:\/\/kajakkomarno.sk\/novinky\/v-portugalsku-juniori-a-u23-o-tituly-majstrov-europy\/#primaryimage"},"image":{"@id":"https:\/\/kajakkomarno.sk\/novinky\/v-portugalsku-juniori-a-u23-o-tituly-majstrov-europy\/#primaryimage"},"thumbnailUrl":"https:\/\/kajakkomarno.sk\/wp-content\/uploads\/2023\/08\/montemor23-5878.jpg.jpeg","datePublished":"2023-08-09T18:44:19+00:00","breadcrumb":{"@id":"https:\/\/kajakkomarno.sk\/novinky\/v-portugalsku-juniori-a-u23-o-tituly-majstrov-europy\/#breadcrumb"},"inLanguage":"hu","potentialAction":[{"@type":"ReadAction","target":["https:\/\/kajakkomarno.sk\/novinky\/v-portugalsku-juniori-a-u23-o-tituly-majstrov-europy\/"]}]},{"@type":"ImageObject","inLanguage":"hu","@id":"https:\/\/kajakkomarno.sk\/novinky\/v-portugalsku-juniori-a-u23-o-tituly-majstrov-europy\/#primaryimage","url":"https:\/\/kajakkomarno.sk\/wp-content\/uploads\/2023\/08\/montemor23-5878.jpg.jpeg","contentUrl":"https:\/\/kajakkomarno.sk\/wp-content\/uploads\/2023\/08\/montemor23-5878.jpg.jpeg","width":800,"height":600},{"@type":"BreadcrumbList","@id":"https:\/\/kajakkomarno.sk\/novinky\/v-portugalsku-juniori-a-u23-o-tituly-majstrov-europy\/#breadcrumb","itemListElement":[{"@type":"ListItem","position":1,"name":"Domov","item":"https:\/\/kajakkomarno.sk\/hu\/fooldal\/"},{"@type":"ListItem","position":2,"name":"Novinky","item":"https:\/\/kajakkomarno.sk\/category\/novinky\/"},{"@type":"ListItem","position":3,"name":"V Portugalsku juniori a U23 o tituly majstrov Eur\u00f3py"}]},{"@type":"WebSite","@id":"https:\/\/kajakkomarno.sk\/#website","url":"https:\/\/kajakkomarno.sk\/","name":"Kajak &amp; kanoe klub Kom\u00e1rno","description":"","publisher":{"@id":"https:\/\/kajakkomarno.sk\/#organization"},"potentialAction":[{"@type":"SearchAction","target":{"@type":"EntryPoint","urlTemplate":"https:\/\/kajakkomarno.sk\/?s={search_term_string}"},"query-input":{"@type":"PropertyValueSpecification","valueRequired":true,"valueName":"search_term_string"}}],"inLanguage":"hu"},{"@type":"Organization","@id":"https:\/\/kajakkomarno.sk\/#organization","name":"Kajak &amp; kanoe klub Kom\u00e1rno","url":"https:\/\/kajakkomarno.sk\/","logo":{"@type":"ImageObject","inLanguage":"hu","@id":"https:\/\/kajakkomarno.sk\/#\/schema\/logo\/image\/","url":"https:\/\/kajakkomarno.sk\/wp-content\/uploads\/2022\/12\/kajak-kanoe-klub-komarno-optimized-opt.svg","contentUrl":"https:\/\/kajakkomarno.sk\/wp-content\/uploads\/2022\/12\/kajak-kanoe-klub-komarno-optimized-opt.svg","width":307,"height":66,"caption":"Kajak &amp; kanoe klub Kom\u00e1rno"},"image":{"@id":"https:\/\/kajakkomarno.sk\/#\/schema\/logo\/image\/"}},{"@type":"Person","@id":"https:\/\/kajakkomarno.sk\/#\/schema\/person\/c5c91af715cbb9be5937ae2db77cab69","name":"petrusivi18@gmail.com","image":{"@type":"ImageObject","inLanguage":"hu","@id":"https:\/\/kajakkomarno.sk\/#\/schema\/person\/image\/","url":"https:\/\/secure.gravatar.com\/avatar\/77dd3ca1ae9038935f09e411f1d53193ef634a1b97c471309f0fc163209e68d8?s=96&d=mm&r=g","contentUrl":"https:\/\/secure.gravatar.com\/avatar\/77dd3ca1ae9038935f09e411f1d53193ef634a1b97c471309f0fc163209e68d8?s=96&d=mm&r=g","caption":"petrusivi18@gmail.com"},"url":"https:\/\/kajakkomarno.sk\/hu\/author\/petrusivi18gmail-com\/"}]}},"_links":{"self":[{"href":"https:\/\/kajakkomarno.sk\/hu\/wp-json\/wp\/v2\/posts\/3734","targetHints":{"allow":["GET"]}}],"collection":[{"href":"https:\/\/kajakkomarno.sk\/hu\/wp-json\/wp\/v2\/posts"}],"about":[{"href":"https:\/\/kajakkomarno.sk\/hu\/wp-json\/wp\/v2\/types\/post"}],"author":[{"embeddable":true,"href":"https:\/\/kajakkomarno.sk\/hu\/wp-json\/wp\/v2\/users\/3"}],"replies":[{"embeddable":true,"href":"https:\/\/kajakkomarno.sk\/hu\/wp-json\/wp\/v2\/comments?post=3734"}],"version-history":[{"count":0,"href":"https:\/\/kajakkomarno.sk\/hu\/wp-json\/wp\/v2\/posts\/3734\/revisions"}],"wp:featuredmedia":[{"embeddable":true,"href":"https:\/\/kajakkomarno.sk\/hu\/wp-json\/wp\/v2\/media\/3880"}],"wp:attachment":[{"href":"https:\/\/kajakkomarno.sk\/hu\/wp-json\/wp\/v2\/media?parent=3734"}],"wp:term":[{"taxonomy":"category","embeddable":true,"href":"https:\/\/kajakkomarno.sk\/hu\/wp-json\/wp\/v2\/categories?post=3734"},{"taxonomy":"post_tag","embeddable":true,"href":"https:\/\/kajakkomarno.sk\/hu\/wp-json\/wp\/v2\/tags?post=3734"}],"curies":[{"name":"wp","href":"https:\/\/api.w.org\/{rel}","templated":true}]}}