{"id":3580,"date":"2023-07-02T07:52:01","date_gmt":"2023-07-02T05:52:01","guid":{"rendered":"https:\/\/kajakkomarno.sk\/?p=3580"},"modified":"2023-07-02T07:52:01","modified_gmt":"2023-07-02T05:52:01","slug":"na-regate-v-trencine-na-vitaznej-vlne","status":"publish","type":"post","link":"https:\/\/kajakkomarno.sk\/hu\/novinky\/na-regate-v-trencine-na-vitaznej-vlne\/","title":{"rendered":"Na regate v Tren\u010d\u00edne na v\u00ed\u0165aznej vlne"},"content":{"rendered":"<p class=\"western\" align=\"left\"><span style=\"color: #000000;\"><span style=\"font-size: medium;\">Koloto\u010d pretekov v r\u00fdchlostnej kanoistike pokra\u010doval v d\u0148och 24.06. a 25.6.2023 v Tren\u010d\u00edne, kde sa konal 65. ro\u010dn\u00edk Tren\u010dianskej regaty za \u00fa\u010dasti 29 oddielov zo Slovenska a \u010ceska. <\/span><\/span><\/p>\n<p class=\"western\" align=\"left\"><span style=\"color: #000000;\"><span style=\"font-size: medium;\">Sobota patrila pretekom na 200 m a 2000 metrovej trati a v nede\u013eu si pretek\u00e1ri zmerali sily na dlh\u00fdch tratiach. Najpo\u010detnej\u0161ou kateg\u00f3riou bol<\/span><\/span><span style=\"color: #000000;\"><span style=\"font-size: medium;\"><span lang=\"sk-SK\">a kateg\u00f3ria <\/span><\/span><\/span><span style=\"color: #000000;\"><span style=\"font-size: medium;\"> chlapcov -kajak\u00e1rov 13 ro\u010dn\u00fdch \/ 42 pretek\u00e1rov \/ a kadetov kajak\u00e1rov \/ 41 pretek\u00e1rov\/. <\/span><\/span><\/p>\n<p class=\"western\" align=\"left\"><span style=\"color: #000000;\"><span style=\"font-size: medium;\"><span lang=\"sk-SK\">Kajak &amp; kanoe klubu Kom\u00e1rno reprezentovalo celkom 53 pretek\u00e1rov od 10 rokov a\u017e po veter\u00e1nov.<\/span><\/span><\/span><\/p>\n<h2>Prvenstvo klubu v bodovom hodnoten\u00ed aj v medailovej bilancii<\/h2>\n<p class=\"western\" align=\"left\"><span style=\"color: #000000;\"><span style=\"font-size: medium;\"><span lang=\"sk-SK\">Na\u0161i pretek\u00e1ri podali v\u00fdborn\u00e9 v\u00fdkony, \u010do pre klub znamenalo 1. miesto v celkovom bodovom hodnoten\u00ed oddielov so ziskom 338,50 bodov a 1. miesto aj v medailovej bilancii so ziskom 37 medail\u00ed: <\/span><\/span><\/span><\/p>\n<p class=\"western\" align=\"left\"><span style=\"color: #000000;\"><span style=\"font-size: medium;\"><span lang=\"sk-SK\">&#8211; 15 x zlato,<\/span><\/span><\/span><\/p>\n<p class=\"western\" align=\"left\"><span style=\"color: #000000;\"><span style=\"font-size: medium;\"><span lang=\"sk-SK\">&#8211; 13 x striebro<\/span><\/span><\/span><\/p>\n<p class=\"western\" align=\"left\"><span style=\"color: #000000;\"><span style=\"font-size: medium;\"><span lang=\"sk-SK\">&#8211; 9 x bronz<\/span><\/span><\/span><\/p>\n<h2 class=\"western\">Tom\u00e1\u0161 \u0150RI a Diana MARKOVI\u010cOV\u00c1 &#8211; trojn\u00e1sobn\u00ed v\u00ed\u0165azi regaty<\/h2>\n<p class=\"western\" align=\"left\"><span style=\"color: #000000;\"><span style=\"font-size: medium;\"><span lang=\"sk-SK\">Medzi naj\u00faspe\u0161nej\u0161\u00edch jednotlivcov Tren\u010dianskej regaty patrili 12 ro\u010dn\u00fd kajak\u00e1r Tom\u00e1\u0161 <\/span><\/span><\/span><span style=\"color: #000000;\"><span style=\"font-size: medium;\"><span lang=\"sk-SK\">\u0150RI, ktor\u00fd zv\u00ed\u0165azil v K1 na 200 m a 2000 m a v K2 na 2000 m. Trojn\u00e1sobn\u00e9 v\u00ed\u0165azstvo dosiahla aj 14 ro\u010dn\u00e1 Diana Markovi\u010dov\u00e1, ktor\u00e1 ovl\u00e1dla kateg\u00f3riu diev\u010dat 14 ro\u010dn\u00fdch v K1 a v K2 na 200 m a v K1 na 4000 m trati.<\/span><\/span><\/span><\/p>\n<p align=\"left\">\n<figure id=\"attachment_3583\" aria-describedby=\"caption-attachment-3583\" style=\"width: 960px\" class=\"wp-caption aligncenter\"><img fetchpriority=\"high\" decoding=\"async\" class=\"wp-image-3583 size-full\" src=\"https:\/\/kajakkomarno.sk\/wp-content\/uploads\/2023\/07\/TREN-REGATA-202311.jpg\" alt=\"\" width=\"960\" height=\"540\" srcset=\"https:\/\/kajakkomarno.sk\/wp-content\/uploads\/2023\/07\/TREN-REGATA-202311.jpg 960w, https:\/\/kajakkomarno.sk\/wp-content\/uploads\/2023\/07\/TREN-REGATA-202311-450x253.jpg 450w, https:\/\/kajakkomarno.sk\/wp-content\/uploads\/2023\/07\/TREN-REGATA-202311-768x432.jpg 768w\" sizes=\"(max-width: 960px) 100vw, 960px\" \/><figcaption id=\"caption-attachment-3583\" class=\"wp-caption-text\">Trojn\u00e1sobn\u00e1 v\u00ed\u0165azka 14 ro\u010dn\u00e1 kajak\u00e1rka Diana Markovi\u010dov\u00e1 dominuje vo svojej vekovej kateg\u00f3rii<\/figcaption><\/figure>\n<p>&nbsp;<\/p>\n<p>&nbsp;<\/p>\n<figure id=\"attachment_3595\" aria-describedby=\"caption-attachment-3595\" style=\"width: 960px\" class=\"wp-caption aligncenter\"><img decoding=\"async\" class=\"wp-image-3595 size-full\" src=\"https:\/\/kajakkomarno.sk\/wp-content\/uploads\/2023\/07\/TREN-REGATA-202305.jpg\" alt=\"\" width=\"960\" height=\"813\" srcset=\"https:\/\/kajakkomarno.sk\/wp-content\/uploads\/2023\/07\/TREN-REGATA-202305.jpg 960w, https:\/\/kajakkomarno.sk\/wp-content\/uploads\/2023\/07\/TREN-REGATA-202305-450x381.jpg 450w, https:\/\/kajakkomarno.sk\/wp-content\/uploads\/2023\/07\/TREN-REGATA-202305-768x650.jpg 768w\" sizes=\"(max-width: 960px) 100vw, 960px\" \/><figcaption id=\"caption-attachment-3595\" class=\"wp-caption-text\">V kateg\u00f3rii chlapcov 12 ro\u010dn\u00fdch dominuje Tom\u00e1\u0161 \u0150RI<\/figcaption><\/figure>\n<div class=\"mceTemp\"><\/div>\n<p>&nbsp;<\/p>\n<figure id=\"attachment_3599\" aria-describedby=\"caption-attachment-3599\" style=\"width: 720px\" class=\"wp-caption aligncenter\"><img decoding=\"async\" class=\"wp-image-3599 size-full\" src=\"https:\/\/kajakkomarno.sk\/wp-content\/uploads\/2023\/07\/TREN-REGATA-202303.jpg\" alt=\"\" width=\"720\" height=\"960\" srcset=\"https:\/\/kajakkomarno.sk\/wp-content\/uploads\/2023\/07\/TREN-REGATA-202303.jpg 720w, https:\/\/kajakkomarno.sk\/wp-content\/uploads\/2023\/07\/TREN-REGATA-202303-338x450.jpg 338w\" sizes=\"(max-width: 720px) 100vw, 720px\" \/><figcaption id=\"caption-attachment-3599\" class=\"wp-caption-text\">10 ro\u010dn\u00e9 kajak\u00e1rky Abigel \u017dilik a Zoja Fiamov\u00e1 na stupni v\u00ed\u0165azov<\/figcaption><\/figure>\n<p>&nbsp;<\/p>\n<p>&nbsp;<\/p>\n<figure id=\"attachment_3593\" aria-describedby=\"caption-attachment-3593\" style=\"width: 720px\" class=\"wp-caption aligncenter\"><img loading=\"lazy\" decoding=\"async\" class=\"wp-image-3593 size-full\" src=\"https:\/\/kajakkomarno.sk\/wp-content\/uploads\/2023\/07\/TREN-REGATA-202306.jpg\" alt=\"\" width=\"720\" height=\"960\" srcset=\"https:\/\/kajakkomarno.sk\/wp-content\/uploads\/2023\/07\/TREN-REGATA-202306.jpg 720w, https:\/\/kajakkomarno.sk\/wp-content\/uploads\/2023\/07\/TREN-REGATA-202306-338x450.jpg 338w\" sizes=\"(max-width: 720px) 100vw, 720px\" \/><figcaption id=\"caption-attachment-3593\" class=\"wp-caption-text\">V pretekoch sa dar\u00ed aj 11 ro\u010dnej Gr\u00e9te Nagy<\/figcaption><\/figure>\n<p>&nbsp;<\/p>\n<p align=\"left\">\n<figure id=\"attachment_3591\" aria-describedby=\"caption-attachment-3591\" style=\"width: 960px\" class=\"wp-caption aligncenter\"><img loading=\"lazy\" decoding=\"async\" class=\"wp-image-3591 size-full\" src=\"https:\/\/kajakkomarno.sk\/wp-content\/uploads\/2023\/07\/TREN-REGATA-202307.jpg\" alt=\"\" width=\"960\" height=\"720\" srcset=\"https:\/\/kajakkomarno.sk\/wp-content\/uploads\/2023\/07\/TREN-REGATA-202307.jpg 960w, https:\/\/kajakkomarno.sk\/wp-content\/uploads\/2023\/07\/TREN-REGATA-202307-450x338.jpg 450w, https:\/\/kajakkomarno.sk\/wp-content\/uploads\/2023\/07\/TREN-REGATA-202307-768x576.jpg 768w\" sizes=\"(max-width: 960px) 100vw, 960px\" \/><figcaption id=\"caption-attachment-3591\" class=\"wp-caption-text\">10 ro\u010dn\u00fd Adam GY\u0150RI s diplomom za pekn\u00e9 za 3.miesto<\/figcaption><\/figure>\n<p align=\"left\">\n<p>&nbsp;<\/p>\n<figure id=\"attachment_3589\" aria-describedby=\"caption-attachment-3589\" style=\"width: 857px\" class=\"wp-caption aligncenter\"><img loading=\"lazy\" decoding=\"async\" class=\"wp-image-3589 \" src=\"https:\/\/kajakkomarno.sk\/wp-content\/uploads\/2023\/07\/TREN-REGATA-202308.jpg\" alt=\"\" width=\"857\" height=\"643\" srcset=\"https:\/\/kajakkomarno.sk\/wp-content\/uploads\/2023\/07\/TREN-REGATA-202308.jpg 960w, https:\/\/kajakkomarno.sk\/wp-content\/uploads\/2023\/07\/TREN-REGATA-202308-450x338.jpg 450w, https:\/\/kajakkomarno.sk\/wp-content\/uploads\/2023\/07\/TREN-REGATA-202308-768x576.jpg 768w\" sizes=\"(max-width: 857px) 100vw, 857px\" \/><figcaption id=\"caption-attachment-3589\" class=\"wp-caption-text\">Na stupienku v\u00ed\u0165azov 12 ro\u010dn\u00e1 Gr\u00e9ta Dos\u00fadilov\u00e1<\/figcaption><\/figure>\n<p>&nbsp;<\/p>\n<p align=\"left\">\n<figure id=\"attachment_3581\" aria-describedby=\"caption-attachment-3581\" style=\"width: 720px\" class=\"wp-caption aligncenter\"><img loading=\"lazy\" decoding=\"async\" class=\"wp-image-3581 size-full\" src=\"https:\/\/kajakkomarno.sk\/wp-content\/uploads\/2023\/07\/TREN-REGATA-202302.jpg\" alt=\"\" width=\"720\" height=\"960\" srcset=\"https:\/\/kajakkomarno.sk\/wp-content\/uploads\/2023\/07\/TREN-REGATA-202302.jpg 720w, https:\/\/kajakkomarno.sk\/wp-content\/uploads\/2023\/07\/TREN-REGATA-202302-338x450.jpg 338w\" sizes=\"(max-width: 720px) 100vw, 720px\" \/><figcaption id=\"caption-attachment-3581\" class=\"wp-caption-text\">Gr\u00e9ta Dos\u00fadilov\u00e1 a Sz\u00f3fia Nagy sa te\u0161ili z v\u00ed\u0165azstva v K2 diev\u010dat 11 a 12 ro\u010dn\u00fdch a Emma CSEREPES a Gr\u00e9ta NAGY mali rados\u0165 z 3.miesta<\/figcaption><\/figure>\n<p>&nbsp;<\/p>\n<figure id=\"attachment_3597\" aria-describedby=\"caption-attachment-3597\" style=\"width: 720px\" class=\"wp-caption aligncenter\"><img loading=\"lazy\" decoding=\"async\" class=\"wp-image-3597 size-full\" src=\"https:\/\/kajakkomarno.sk\/wp-content\/uploads\/2023\/07\/TREN-REGATA-202304.jpg\" alt=\"\" width=\"720\" height=\"960\" srcset=\"https:\/\/kajakkomarno.sk\/wp-content\/uploads\/2023\/07\/TREN-REGATA-202304.jpg 720w, https:\/\/kajakkomarno.sk\/wp-content\/uploads\/2023\/07\/TREN-REGATA-202304-338x450.jpg 338w\" sizes=\"(max-width: 720px) 100vw, 720px\" \/><figcaption id=\"caption-attachment-3597\" class=\"wp-caption-text\">Tr\u00e9ner Ladislav \u00d3dor s poh\u00e1rom pre v\u00ed\u0165azn\u00fd oddiel<\/figcaption><\/figure>\n<p>&nbsp;<\/p>\n<figure id=\"attachment_3601\" aria-describedby=\"caption-attachment-3601\" style=\"width: 960px\" class=\"wp-caption aligncenter\"><img loading=\"lazy\" decoding=\"async\" class=\"wp-image-3601 size-full\" src=\"https:\/\/kajakkomarno.sk\/wp-content\/uploads\/2023\/07\/TREN-REGATA-202301.jpg\" alt=\"\" width=\"960\" height=\"779\" srcset=\"https:\/\/kajakkomarno.sk\/wp-content\/uploads\/2023\/07\/TREN-REGATA-202301.jpg 960w, https:\/\/kajakkomarno.sk\/wp-content\/uploads\/2023\/07\/TREN-REGATA-202301-450x365.jpg 450w, https:\/\/kajakkomarno.sk\/wp-content\/uploads\/2023\/07\/TREN-REGATA-202301-768x623.jpg 768w\" sizes=\"(max-width: 960px) 100vw, 960px\" \/><figcaption id=\"caption-attachment-3601\" class=\"wp-caption-text\">Chlapci a diev\u010dat\u00e1 z Kom\u00e1rna sa spolo\u010dne so svojimi tr\u00e9nermi te\u0161ili z v\u00fdborn\u00fdch v\u00fdkonov a umiestnen\u00ed na Tren\u010dianskej regate<\/figcaption><\/figure>\n<p style=\"text-align: center;\"><span style=\"color: #0000ff;\"><strong>V\u0161etk\u00fdm pretek\u00e1rom a tr\u00e9nerom blaho\u017eel\u00e1me a \u010fakujeme za \u00faspe\u0161n\u00fa reprezent\u00e1ciu<\/strong> <strong>klubu!<\/strong><\/span><\/p>\n<h2>S\u00daHRN FIN\u00c1LOV\u00ddCH V\u00ddSLEDKOV PRETEK\u00c1ROV KAJAK &amp; KANOE KLUBU KOM\u00c1RNO<\/h2>\n<p>K1 chlapci 10 ro\u010dn\u00ed 200 m- 3. Adam GY\u0150RI, 6. K\u00e1roly P\u00c1LFY<br \/>\nK1 chlapci 10 ro\u010dn\u00ed 200 m- 7. Andrej Patrik VELEBA<br \/>\nK1 chlapci 10 ro\u010dn\u00ed 200 m- 5. Samuel J\u00d3ZSA<br \/>\nK1 chlapci 11 ro\u010dn\u00ed 200 m- 3. Ladislav MARKOVI\u010c<br \/>\nK1 chlapci 11 ro\u010dn\u00ed 200 m- 3. Adam GAD\u017dURI\u010c<br \/>\nK1 chlapci 11 ro\u010dn\u00ed 200 m- 8. \u00c1d\u00e1m PATAKY<br \/>\nK1 chlapci 11 ro\u010dn\u00ed 200 m- 2. Vince Merse Z\u00c1VORI<br \/>\nK1 chlapci 12 ro\u010dn\u00ed 200 m- 1. Tom\u00e1\u0161 \u0150RI<br \/>\nK1 chlapci 12 ro\u010dn\u00ed 200 m- 2. \u00d6rs Hunor KOCZKA<br \/>\nK1 chlapci 12 ro\u010dn\u00ed 200 m- 2. Jakub DUBRAN, 6.D\u00e1vid BERECZ<br \/>\nK1 chlapci 12 ro\u010dn\u00ed 200 m- 2. Markus BEL\u00c1N, 7. Nimr\u00f3d SZAJKO<br \/>\nK1 diev\u010dat\u00e1 11 ro\u010dn\u00e9 200 m- 7. Emily CZIBOROV\u00c1<br \/>\nK1 diev\u010dat\u00e1 11 ro\u010dn\u00e9 200 m- 1. Gr\u00e9ta NAGY, 5. Lily CZIBOROV\u00c1<br \/>\nK1 diev\u010dat\u00e1 12 ro\u010dn\u00e9 200 m- 3. Sz\u00f3fia NAGY, 4. Bettina B\u00c1NFALVY<br \/>\nK1 diev\u010dat\u00e1 12 ro\u010dn\u00e9 200 m- 1.Gr\u00e9ta DOS\u00daDILOV\u00c1, 2. Emma CSEREPES<br \/>\nK1 diev\u010dat\u00e1 12 ro\u010dn\u00e9 200 m- 6. Emma Zs\u00f3fia SZIKONYA<br \/>\nK1 diev\u010dat\u00e1 10 ro\u010dn\u00e9 200 m- 1. Abigel \u017dILIK, 2. Zoja FIAMOV\u00c1, 6. Em\u00edlia HAVRAN<br \/>\nK1 chlapci 13 ro\u010dn\u00ed 200 m- 3. Alex \u00d3DOR<\/p>\n<p>K1 chlapci 14 ro\u010dn\u00ed 200 m- 7. Patrice MUHAR, 8.D\u00e1vid HODEK<br \/>\nK1 diev\u010dat\u00e1 13 ro\u010dn\u00e9 200 m- 15. Sophie RUHANEN, 17.Lilian Kr\u0161te\u0148ansk\u00e1<\/p>\n<p>K1 diev\u010dat\u00e1 14 ro\u010dn\u00e9 200 m- 1. Diana MARKOVI\u010cOV\u00c1<br \/>\nK1 kadeti 200 m- 2. Peter Teo LUK\u00c1\u010c, 14. Matej LOPATA, 15. Michal T\u00d3TH<br \/>\nK1 kadetky 200 m- 6. Nadine \u010eUR\u010cOV\u00c1, 7. Michaela ZRNEKOV\u00c1, 10. Lucia DEM\u00c1\u010cEKOV\u00c1<\/p>\n<p>C1 kadetky 200 m- 1. Nat\u00e1lia SZENCZIOV\u00c1<br \/>\nK1 juniori 200 m- 8. Dominik NAGY<br \/>\nK2 chlapci 13 a 14 ro\u010dn\u00ed 200 m- 6. Alex \u00d3DOR- D\u00e1vid GY\u0150RI, 13. Andrej TURZA- Bence HATOS<\/p>\n<p>K2 diev\u010dat\u00e1 13 a 14 ro\u010dn\u00e9 200 m- 1. Diana MARKOVI\u010cOV\u00c1- A. KOV\u00c1\u010cOV\u00c1 \/ TAT\/<br \/>\nK1 veter\u00e1ni 200 m- 3. Marek \u010eUR\u010cO<br \/>\nK2 kadeti 200 m- 1. Peter Teo LUK\u00c1\u010c- Michal T\u00d3TH, 2. Matej LOPATA- Alex GAVLIDER \/\u0160AM \/<br \/>\nK2 kadetky 200 m- 2. Michaela ZRNEKOV\u00c1- Tereza VIDEMANNOV\u00c1 \/GPC\/, 6. Nadine \u010eUR\u010cOV\u00c1- Lucia DEM\u00c1\u010cEKOV\u00c1<br \/>\nK2 juniori 200 m \u2013 4.Dominik NAGY \u2013 Ren\u00e9 FICZA \/NZA \/<br \/>\nK2 chlapci 11 a 12 ro\u010dn\u00ed 2000 m- 1. Tom\u00e1\u0161 \u0150RI- M. UHR\u00cdK \/ PIE\/, 6. Adam GAD\u017dURI\u010c- \u00d6rs Hunor KOCZKA, 15 . Nimr\u00f3d SZAJKO- Vince Merse Z\u00c1VORI, 16. Markus BEL\u00c1N- Ladislav MARKOVI\u010c, 18. Jakub DUBRAN- D\u00e1vid BERECZ<br \/>\nK1 diev\u010dat\u00e1 11 ro\u010dn\u00e9 2000 m- 1. Gr\u00e9ta NAGY, 11. Lily CZIBOROV\u00c1, 13. Emily CZIBOROV\u00c1<br \/>\nK1 diev\u010dat\u00e1 12 ro\u010dn\u00e9 2000 m- 3. Gr\u00e9ta DOS\u00daDILOV\u00c1, 4. Sz\u00f3fia NAGY, 7. Emma CSEREPES, 10. Bettina B\u00c1NFALVY, 11. Emma Zs\u00f3fia SZIKONYA<br \/>\nK1 chlapci 14 ro\u010dn\u00ed 2000 m- 7. D\u00e1vid HODEK, 8. Patrice MUHAR<br \/>\nK1 diev\u010dat\u00e1 14 ro\u010dn\u00e9 2000 m- 1. Diana MARKOVI\u010cOV\u00c1<br \/>\nK1 chlapci 13 ro\u010dn\u00ed 2000 m 1. Alex \u00d3DOR, 16. Bence HATOS, 18. D\u00e1vid Gy\u0151ri, 24. Andrej TURZA, 36. Hunor P\u00c1LFY<br \/>\nK1 diev\u010dat\u00e1 13 ro\u010dn\u00e9 2000 m- 9. Adela LOPATOV\u00c1, 10. Lilian Kr\u0161te\u0148ansk\u00e1, 12. Sophie RUHANEN<\/p>\n<p>K1 chlapci 12 ro\u010dn\u00ed 2000 m- 1. Tom\u00e1\u0161 \u0150RI, 12. \u00d6rs Hunor KOCZKA, 13. Jakub DUBRAN,14. Markus BEL\u00c1N, 22. D\u00e1vid BERECZ, 24. Nimr\u00f3d SZAJKO<br \/>\nK2 diev\u010dat\u00e1 11 a 12 ro\u010dn\u00e9 2000 m- 1.Gr\u00e9ta DOS\u00daDILOV\u00c1- Sz\u00f3fia NAGY, 3. Emma CSEREPES- Gr\u00e9ta NAGY, . 8. Emma Zs\u00f3fia SZIKONYA- Bettina B\u00c1NFALVY, 14. Lily CZIBOROV\u00c1- Emily CZIBOROV\u00c1<\/p>\n<p>K1 chlapci 11 ro\u010dn\u00ed 2000 m- 9. Adam GAD\u017dURI\u010c , 12. Ladislav MARKOVI\u010c, 13 .Vince Merse Z\u00c1VORI, 22. \u00c1d\u00e1m PATAKY<br \/>\nK1 chlapci 10 ro\u010dn\u00ed 2000 m- 8. Adam GY\u0150RI,13. Samuel J\u00d3ZSA, 15. K\u00e1roly P\u00c1LFY, 17. Maximus NAGY, 19. Andrej Patrik Veleba<br \/>\nK1 diev\u010dat\u00e1 10 ro\u010dn\u00e9 2000 m- 1. Abigel \u017dILIK, 2. Zoja FIAMOV\u00c1, 4. Em\u00edlia HAVRAN<br \/>\nK1 kadeti 4000 m- 3. Peter Teo LUK\u00c1\u010c, 4.Matej LOPATA, 18. Samuel DEM\u00c1\u010cEK, ( Michal T\u00d3TH- nedokon\u010dil)<br \/>\nK1 veter\u00e1ni 4000 m- 2. Marek \u010eUR\u010cO<br \/>\nK1 kadetky 4000 m- 5. Nadine \u010eUR\u010cOV\u00c1, 6. Michaela ZRNEKOV\u00c1, 11. Lucia DEM\u00c1\u010cEKOV\u00c1<br \/>\nC1 kadetky 4000 m- 2. Nat\u00e1lia SZENCZIOV\u00c1<br \/>\nK1 juniori 6000 m- 2. Dominik NAGY<\/p>\n<p>&nbsp;<\/p>\n<p>&nbsp;<\/p>\n","protected":false},"excerpt":{"rendered":"<p>Koloto\u010d pretekov v r\u00fdchlostnej kanoistike pokra\u010doval v d\u0148och 24.06. a 25.6.2023 v Tren\u010d\u00edne, kde sa konal 65. ro\u010dn\u00edk Tren\u010dianskej regaty za \u00fa\u010dasti 29 oddielov zo Slovenska a \u010ceska. Sobota patrila pretekom na 200 m a 2000 metrovej trati a v nede\u013eu si pretek\u00e1ri zmerali sily na dlh\u00fdch tratiach. Najpo\u010detnej\u0161ou kateg\u00f3riou bola kateg\u00f3ria chlapcov -kajak\u00e1rov 13 [&hellip;]<\/p>\n","protected":false},"author":3,"featured_media":3601,"comment_status":"open","ping_status":"open","sticky":false,"template":"","format":"standard","meta":{"inline_featured_image":false,"footnotes":""},"categories":[1],"tags":[],"class_list":["post-3580","post","type-post","status-publish","format-standard","has-post-thumbnail","hentry","category-novinky"],"acf":[],"yoast_head":"<!-- This site is optimized with the Yoast SEO plugin v26.6 - https:\/\/yoast.com\/wordpress\/plugins\/seo\/ -->\n<title>Na regate v Tren\u010d\u00edne na v\u00ed\u0165aznej vlne - Kajak &amp; kanoe klub Kom\u00e1rno<\/title>\n<meta name=\"robots\" content=\"index, follow, max-snippet:-1, max-image-preview:large, max-video-preview:-1\" \/>\n<link rel=\"canonical\" href=\"https:\/\/kajakkomarno.sk\/novinky\/na-regate-v-trencine-na-vitaznej-vlne\/\" \/>\n<meta property=\"og:locale\" content=\"hu_HU\" \/>\n<meta property=\"og:type\" content=\"article\" \/>\n<meta property=\"og:title\" content=\"Na regate v Tren\u010d\u00edne na v\u00ed\u0165aznej vlne - Kajak &amp; kanoe klub Kom\u00e1rno\" \/>\n<meta property=\"og:description\" content=\"Koloto\u010d pretekov v r\u00fdchlostnej kanoistike pokra\u010doval v d\u0148och 24.06. a 25.6.2023 v Tren\u010d\u00edne, kde sa konal 65. ro\u010dn\u00edk Tren\u010dianskej regaty za \u00fa\u010dasti 29 oddielov zo Slovenska a \u010ceska. Sobota patrila pretekom na 200 m a 2000 metrovej trati a v nede\u013eu si pretek\u00e1ri zmerali sily na dlh\u00fdch tratiach. Najpo\u010detnej\u0161ou kateg\u00f3riou bola kateg\u00f3ria chlapcov -kajak\u00e1rov 13 [&hellip;]\" \/>\n<meta property=\"og:url\" content=\"https:\/\/kajakkomarno.sk\/novinky\/na-regate-v-trencine-na-vitaznej-vlne\/\" \/>\n<meta property=\"og:site_name\" content=\"Kajak &amp; kanoe klub Kom\u00e1rno\" \/>\n<meta property=\"article:published_time\" content=\"2023-07-02T05:52:01+00:00\" \/>\n<meta property=\"og:image\" content=\"https:\/\/kajakkomarno.sk\/wp-content\/uploads\/2023\/07\/TREN-REGATA-202301.jpg\" \/>\n\t<meta property=\"og:image:width\" content=\"960\" \/>\n\t<meta property=\"og:image:height\" content=\"779\" \/>\n\t<meta property=\"og:image:type\" content=\"image\/jpeg\" \/>\n<meta name=\"author\" content=\"petrusivi18@gmail.com\" \/>\n<meta name=\"twitter:card\" content=\"summary_large_image\" \/>\n<meta name=\"twitter:label1\" content=\"Szerz\u0151:\" \/>\n\t<meta name=\"twitter:data1\" content=\"petrusivi18@gmail.com\" \/>\n\t<meta name=\"twitter:label2\" content=\"Becs\u00fclt olvas\u00e1si id\u0151\" \/>\n\t<meta name=\"twitter:data2\" content=\"8 perc\" \/>\n<script type=\"application\/ld+json\" class=\"yoast-schema-graph\">{\"@context\":\"https:\/\/schema.org\",\"@graph\":[{\"@type\":\"Article\",\"@id\":\"https:\/\/kajakkomarno.sk\/novinky\/na-regate-v-trencine-na-vitaznej-vlne\/#article\",\"isPartOf\":{\"@id\":\"https:\/\/kajakkomarno.sk\/novinky\/na-regate-v-trencine-na-vitaznej-vlne\/\"},\"author\":{\"name\":\"petrusivi18@gmail.com\",\"@id\":\"https:\/\/kajakkomarno.sk\/#\/schema\/person\/c5c91af715cbb9be5937ae2db77cab69\"},\"headline\":\"Na regate v Tren\u010d\u00edne na v\u00ed\u0165aznej vlne\",\"datePublished\":\"2023-07-02T05:52:01+00:00\",\"mainEntityOfPage\":{\"@id\":\"https:\/\/kajakkomarno.sk\/novinky\/na-regate-v-trencine-na-vitaznej-vlne\/\"},\"wordCount\":1057,\"commentCount\":0,\"publisher\":{\"@id\":\"https:\/\/kajakkomarno.sk\/#organization\"},\"image\":{\"@id\":\"https:\/\/kajakkomarno.sk\/novinky\/na-regate-v-trencine-na-vitaznej-vlne\/#primaryimage\"},\"thumbnailUrl\":\"https:\/\/kajakkomarno.sk\/wp-content\/uploads\/2023\/07\/TREN-REGATA-202301.jpg\",\"articleSection\":[\"Novinky\"],\"inLanguage\":\"hu\",\"potentialAction\":[{\"@type\":\"CommentAction\",\"name\":\"Comment\",\"target\":[\"https:\/\/kajakkomarno.sk\/novinky\/na-regate-v-trencine-na-vitaznej-vlne\/#respond\"]}]},{\"@type\":\"WebPage\",\"@id\":\"https:\/\/kajakkomarno.sk\/novinky\/na-regate-v-trencine-na-vitaznej-vlne\/\",\"url\":\"https:\/\/kajakkomarno.sk\/novinky\/na-regate-v-trencine-na-vitaznej-vlne\/\",\"name\":\"Na regate v Tren\u010d\u00edne na v\u00ed\u0165aznej vlne - Kajak &amp; kanoe klub Kom\u00e1rno\",\"isPartOf\":{\"@id\":\"https:\/\/kajakkomarno.sk\/#website\"},\"primaryImageOfPage\":{\"@id\":\"https:\/\/kajakkomarno.sk\/novinky\/na-regate-v-trencine-na-vitaznej-vlne\/#primaryimage\"},\"image\":{\"@id\":\"https:\/\/kajakkomarno.sk\/novinky\/na-regate-v-trencine-na-vitaznej-vlne\/#primaryimage\"},\"thumbnailUrl\":\"https:\/\/kajakkomarno.sk\/wp-content\/uploads\/2023\/07\/TREN-REGATA-202301.jpg\",\"datePublished\":\"2023-07-02T05:52:01+00:00\",\"breadcrumb\":{\"@id\":\"https:\/\/kajakkomarno.sk\/novinky\/na-regate-v-trencine-na-vitaznej-vlne\/#breadcrumb\"},\"inLanguage\":\"hu\",\"potentialAction\":[{\"@type\":\"ReadAction\",\"target\":[\"https:\/\/kajakkomarno.sk\/novinky\/na-regate-v-trencine-na-vitaznej-vlne\/\"]}]},{\"@type\":\"ImageObject\",\"inLanguage\":\"hu\",\"@id\":\"https:\/\/kajakkomarno.sk\/novinky\/na-regate-v-trencine-na-vitaznej-vlne\/#primaryimage\",\"url\":\"https:\/\/kajakkomarno.sk\/wp-content\/uploads\/2023\/07\/TREN-REGATA-202301.jpg\",\"contentUrl\":\"https:\/\/kajakkomarno.sk\/wp-content\/uploads\/2023\/07\/TREN-REGATA-202301.jpg\",\"width\":960,\"height\":779,\"caption\":\"oznorCOBR\"},{\"@type\":\"BreadcrumbList\",\"@id\":\"https:\/\/kajakkomarno.sk\/novinky\/na-regate-v-trencine-na-vitaznej-vlne\/#breadcrumb\",\"itemListElement\":[{\"@type\":\"ListItem\",\"position\":1,\"name\":\"Domov\",\"item\":\"https:\/\/kajakkomarno.sk\/hu\/fooldal\/\"},{\"@type\":\"ListItem\",\"position\":2,\"name\":\"Novinky\",\"item\":\"https:\/\/kajakkomarno.sk\/category\/novinky\/\"},{\"@type\":\"ListItem\",\"position\":3,\"name\":\"Na regate v Tren\u010d\u00edne na v\u00ed\u0165aznej vlne\"}]},{\"@type\":\"WebSite\",\"@id\":\"https:\/\/kajakkomarno.sk\/#website\",\"url\":\"https:\/\/kajakkomarno.sk\/\",\"name\":\"Kajak &amp; kanoe klub Kom\u00e1rno\",\"description\":\"\",\"publisher\":{\"@id\":\"https:\/\/kajakkomarno.sk\/#organization\"},\"potentialAction\":[{\"@type\":\"SearchAction\",\"target\":{\"@type\":\"EntryPoint\",\"urlTemplate\":\"https:\/\/kajakkomarno.sk\/?s={search_term_string}\"},\"query-input\":{\"@type\":\"PropertyValueSpecification\",\"valueRequired\":true,\"valueName\":\"search_term_string\"}}],\"inLanguage\":\"hu\"},{\"@type\":\"Organization\",\"@id\":\"https:\/\/kajakkomarno.sk\/#organization\",\"name\":\"Kajak &amp; kanoe klub Kom\u00e1rno\",\"url\":\"https:\/\/kajakkomarno.sk\/\",\"logo\":{\"@type\":\"ImageObject\",\"inLanguage\":\"hu\",\"@id\":\"https:\/\/kajakkomarno.sk\/#\/schema\/logo\/image\/\",\"url\":\"https:\/\/kajakkomarno.sk\/wp-content\/uploads\/2022\/12\/kajak-kanoe-klub-komarno-optimized-opt.svg\",\"contentUrl\":\"https:\/\/kajakkomarno.sk\/wp-content\/uploads\/2022\/12\/kajak-kanoe-klub-komarno-optimized-opt.svg\",\"width\":307,\"height\":66,\"caption\":\"Kajak &amp; kanoe klub Kom\u00e1rno\"},\"image\":{\"@id\":\"https:\/\/kajakkomarno.sk\/#\/schema\/logo\/image\/\"}},{\"@type\":\"Person\",\"@id\":\"https:\/\/kajakkomarno.sk\/#\/schema\/person\/c5c91af715cbb9be5937ae2db77cab69\",\"name\":\"petrusivi18@gmail.com\",\"image\":{\"@type\":\"ImageObject\",\"inLanguage\":\"hu\",\"@id\":\"https:\/\/kajakkomarno.sk\/#\/schema\/person\/image\/\",\"url\":\"https:\/\/secure.gravatar.com\/avatar\/77dd3ca1ae9038935f09e411f1d53193ef634a1b97c471309f0fc163209e68d8?s=96&d=mm&r=g\",\"contentUrl\":\"https:\/\/secure.gravatar.com\/avatar\/77dd3ca1ae9038935f09e411f1d53193ef634a1b97c471309f0fc163209e68d8?s=96&d=mm&r=g\",\"caption\":\"petrusivi18@gmail.com\"},\"url\":\"https:\/\/kajakkomarno.sk\/hu\/author\/petrusivi18gmail-com\/\"}]}<\/script>\n<!-- \/ Yoast SEO plugin. -->","yoast_head_json":{"title":"Na regate v Tren\u010d\u00edne na v\u00ed\u0165aznej vlne - Kajak &amp; kanoe klub Kom\u00e1rno","robots":{"index":"index","follow":"follow","max-snippet":"max-snippet:-1","max-image-preview":"max-image-preview:large","max-video-preview":"max-video-preview:-1"},"canonical":"https:\/\/kajakkomarno.sk\/novinky\/na-regate-v-trencine-na-vitaznej-vlne\/","og_locale":"hu_HU","og_type":"article","og_title":"Na regate v Tren\u010d\u00edne na v\u00ed\u0165aznej vlne - Kajak &amp; kanoe klub Kom\u00e1rno","og_description":"Koloto\u010d pretekov v r\u00fdchlostnej kanoistike pokra\u010doval v d\u0148och 24.06. a 25.6.2023 v Tren\u010d\u00edne, kde sa konal 65. ro\u010dn\u00edk Tren\u010dianskej regaty za \u00fa\u010dasti 29 oddielov zo Slovenska a \u010ceska. Sobota patrila pretekom na 200 m a 2000 metrovej trati a v nede\u013eu si pretek\u00e1ri zmerali sily na dlh\u00fdch tratiach. Najpo\u010detnej\u0161ou kateg\u00f3riou bola kateg\u00f3ria chlapcov -kajak\u00e1rov 13 [&hellip;]","og_url":"https:\/\/kajakkomarno.sk\/novinky\/na-regate-v-trencine-na-vitaznej-vlne\/","og_site_name":"Kajak &amp; kanoe klub Kom\u00e1rno","article_published_time":"2023-07-02T05:52:01+00:00","og_image":[{"width":960,"height":779,"url":"https:\/\/kajakkomarno.sk\/wp-content\/uploads\/2023\/07\/TREN-REGATA-202301.jpg","type":"image\/jpeg"}],"author":"petrusivi18@gmail.com","twitter_card":"summary_large_image","twitter_misc":{"Szerz\u0151:":"petrusivi18@gmail.com","Becs\u00fclt olvas\u00e1si id\u0151":"8 perc"},"schema":{"@context":"https:\/\/schema.org","@graph":[{"@type":"Article","@id":"https:\/\/kajakkomarno.sk\/novinky\/na-regate-v-trencine-na-vitaznej-vlne\/#article","isPartOf":{"@id":"https:\/\/kajakkomarno.sk\/novinky\/na-regate-v-trencine-na-vitaznej-vlne\/"},"author":{"name":"petrusivi18@gmail.com","@id":"https:\/\/kajakkomarno.sk\/#\/schema\/person\/c5c91af715cbb9be5937ae2db77cab69"},"headline":"Na regate v Tren\u010d\u00edne na v\u00ed\u0165aznej vlne","datePublished":"2023-07-02T05:52:01+00:00","mainEntityOfPage":{"@id":"https:\/\/kajakkomarno.sk\/novinky\/na-regate-v-trencine-na-vitaznej-vlne\/"},"wordCount":1057,"commentCount":0,"publisher":{"@id":"https:\/\/kajakkomarno.sk\/#organization"},"image":{"@id":"https:\/\/kajakkomarno.sk\/novinky\/na-regate-v-trencine-na-vitaznej-vlne\/#primaryimage"},"thumbnailUrl":"https:\/\/kajakkomarno.sk\/wp-content\/uploads\/2023\/07\/TREN-REGATA-202301.jpg","articleSection":["Novinky"],"inLanguage":"hu","potentialAction":[{"@type":"CommentAction","name":"Comment","target":["https:\/\/kajakkomarno.sk\/novinky\/na-regate-v-trencine-na-vitaznej-vlne\/#respond"]}]},{"@type":"WebPage","@id":"https:\/\/kajakkomarno.sk\/novinky\/na-regate-v-trencine-na-vitaznej-vlne\/","url":"https:\/\/kajakkomarno.sk\/novinky\/na-regate-v-trencine-na-vitaznej-vlne\/","name":"Na regate v Tren\u010d\u00edne na v\u00ed\u0165aznej vlne - Kajak &amp; kanoe klub Kom\u00e1rno","isPartOf":{"@id":"https:\/\/kajakkomarno.sk\/#website"},"primaryImageOfPage":{"@id":"https:\/\/kajakkomarno.sk\/novinky\/na-regate-v-trencine-na-vitaznej-vlne\/#primaryimage"},"image":{"@id":"https:\/\/kajakkomarno.sk\/novinky\/na-regate-v-trencine-na-vitaznej-vlne\/#primaryimage"},"thumbnailUrl":"https:\/\/kajakkomarno.sk\/wp-content\/uploads\/2023\/07\/TREN-REGATA-202301.jpg","datePublished":"2023-07-02T05:52:01+00:00","breadcrumb":{"@id":"https:\/\/kajakkomarno.sk\/novinky\/na-regate-v-trencine-na-vitaznej-vlne\/#breadcrumb"},"inLanguage":"hu","potentialAction":[{"@type":"ReadAction","target":["https:\/\/kajakkomarno.sk\/novinky\/na-regate-v-trencine-na-vitaznej-vlne\/"]}]},{"@type":"ImageObject","inLanguage":"hu","@id":"https:\/\/kajakkomarno.sk\/novinky\/na-regate-v-trencine-na-vitaznej-vlne\/#primaryimage","url":"https:\/\/kajakkomarno.sk\/wp-content\/uploads\/2023\/07\/TREN-REGATA-202301.jpg","contentUrl":"https:\/\/kajakkomarno.sk\/wp-content\/uploads\/2023\/07\/TREN-REGATA-202301.jpg","width":960,"height":779,"caption":"oznorCOBR"},{"@type":"BreadcrumbList","@id":"https:\/\/kajakkomarno.sk\/novinky\/na-regate-v-trencine-na-vitaznej-vlne\/#breadcrumb","itemListElement":[{"@type":"ListItem","position":1,"name":"Domov","item":"https:\/\/kajakkomarno.sk\/hu\/fooldal\/"},{"@type":"ListItem","position":2,"name":"Novinky","item":"https:\/\/kajakkomarno.sk\/category\/novinky\/"},{"@type":"ListItem","position":3,"name":"Na regate v Tren\u010d\u00edne na v\u00ed\u0165aznej vlne"}]},{"@type":"WebSite","@id":"https:\/\/kajakkomarno.sk\/#website","url":"https:\/\/kajakkomarno.sk\/","name":"Kajak &amp; kanoe klub Kom\u00e1rno","description":"","publisher":{"@id":"https:\/\/kajakkomarno.sk\/#organization"},"potentialAction":[{"@type":"SearchAction","target":{"@type":"EntryPoint","urlTemplate":"https:\/\/kajakkomarno.sk\/?s={search_term_string}"},"query-input":{"@type":"PropertyValueSpecification","valueRequired":true,"valueName":"search_term_string"}}],"inLanguage":"hu"},{"@type":"Organization","@id":"https:\/\/kajakkomarno.sk\/#organization","name":"Kajak &amp; kanoe klub Kom\u00e1rno","url":"https:\/\/kajakkomarno.sk\/","logo":{"@type":"ImageObject","inLanguage":"hu","@id":"https:\/\/kajakkomarno.sk\/#\/schema\/logo\/image\/","url":"https:\/\/kajakkomarno.sk\/wp-content\/uploads\/2022\/12\/kajak-kanoe-klub-komarno-optimized-opt.svg","contentUrl":"https:\/\/kajakkomarno.sk\/wp-content\/uploads\/2022\/12\/kajak-kanoe-klub-komarno-optimized-opt.svg","width":307,"height":66,"caption":"Kajak &amp; kanoe klub Kom\u00e1rno"},"image":{"@id":"https:\/\/kajakkomarno.sk\/#\/schema\/logo\/image\/"}},{"@type":"Person","@id":"https:\/\/kajakkomarno.sk\/#\/schema\/person\/c5c91af715cbb9be5937ae2db77cab69","name":"petrusivi18@gmail.com","image":{"@type":"ImageObject","inLanguage":"hu","@id":"https:\/\/kajakkomarno.sk\/#\/schema\/person\/image\/","url":"https:\/\/secure.gravatar.com\/avatar\/77dd3ca1ae9038935f09e411f1d53193ef634a1b97c471309f0fc163209e68d8?s=96&d=mm&r=g","contentUrl":"https:\/\/secure.gravatar.com\/avatar\/77dd3ca1ae9038935f09e411f1d53193ef634a1b97c471309f0fc163209e68d8?s=96&d=mm&r=g","caption":"petrusivi18@gmail.com"},"url":"https:\/\/kajakkomarno.sk\/hu\/author\/petrusivi18gmail-com\/"}]}},"_links":{"self":[{"href":"https:\/\/kajakkomarno.sk\/hu\/wp-json\/wp\/v2\/posts\/3580","targetHints":{"allow":["GET"]}}],"collection":[{"href":"https:\/\/kajakkomarno.sk\/hu\/wp-json\/wp\/v2\/posts"}],"about":[{"href":"https:\/\/kajakkomarno.sk\/hu\/wp-json\/wp\/v2\/types\/post"}],"author":[{"embeddable":true,"href":"https:\/\/kajakkomarno.sk\/hu\/wp-json\/wp\/v2\/users\/3"}],"replies":[{"embeddable":true,"href":"https:\/\/kajakkomarno.sk\/hu\/wp-json\/wp\/v2\/comments?post=3580"}],"version-history":[{"count":0,"href":"https:\/\/kajakkomarno.sk\/hu\/wp-json\/wp\/v2\/posts\/3580\/revisions"}],"wp:featuredmedia":[{"embeddable":true,"href":"https:\/\/kajakkomarno.sk\/hu\/wp-json\/wp\/v2\/media\/3601"}],"wp:attachment":[{"href":"https:\/\/kajakkomarno.sk\/hu\/wp-json\/wp\/v2\/media?parent=3580"}],"wp:term":[{"taxonomy":"category","embeddable":true,"href":"https:\/\/kajakkomarno.sk\/hu\/wp-json\/wp\/v2\/categories?post=3580"},{"taxonomy":"post_tag","embeddable":true,"href":"https:\/\/kajakkomarno.sk\/hu\/wp-json\/wp\/v2\/tags?post=3580"}],"curies":[{"name":"wp","href":"https:\/\/api.w.org\/{rel}","templated":true}]}}