{"id":3509,"date":"2023-06-06T21:23:50","date_gmt":"2023-06-06T19:23:50","guid":{"rendered":"https:\/\/kajakkomarno.sk\/?p=3509"},"modified":"2023-06-08T16:57:34","modified_gmt":"2023-06-08T14:57:34","slug":"vydarena-65-velka-cena-komarna","status":"publish","type":"post","link":"https:\/\/kajakkomarno.sk\/hu\/novinky\/vydarena-65-velka-cena-komarna\/","title":{"rendered":"Vydaren\u00e1 65. Ve\u013ek\u00e1 cena Kom\u00e1rna"},"content":{"rendered":"<p class=\"western\" align=\"left\"><span style=\"color: #000000;\"><span style=\"font-family: Calibri, serif;\"><span style=\"font-size: medium;\">Ve\u013ek\u00e1 cena Kom\u00e1rna v r\u00fdchlostnej kanoistike zap\u00edsala v d\u0148och 3. a 4.j\u00fana 20<\/span><\/span><\/span><span style=\"color: #000000;\"><span style=\"font-family: Calibri, serif;\"><span style=\"font-size: medium;\"><span lang=\"sk-SK\">23<\/span><\/span><\/span><\/span><span style=\"color: #000000;\"><span style=\"font-family: Calibri, serif;\"><span style=\"font-size: medium;\"> svoju 6<\/span><\/span><\/span><span style=\"color: #000000;\"><span style=\"font-family: Calibri, serif;\"><span style=\"font-size: medium;\"><span lang=\"sk-SK\">5<\/span><\/span><\/span><\/span><span style=\"color: #000000;\"><span style=\"font-family: Calibri, serif;\"><span style=\"font-size: medium;\">. kapitolu.\u00a0 Kajak &amp; kanoe klub Kom\u00e1rno pod veden\u00edm predsedu <\/span><\/span><\/span><span style=\"color: #000000;\"><span style=\"font-family: Calibri, serif;\"><span style=\"font-size: medium;\"><span lang=\"sk-SK\">Viktora DEMINA<\/span><\/span><\/span><\/span><span style=\"color: #000000;\"><span style=\"font-family: Calibri, serif;\"><span style=\"font-size: medium;\"> organiz\u00e1ciu pretekov zvl\u00e1dli na ve\u013emi dobrej \u00farovni a aj tento ro\u010dn\u00edk patril medzi vydaren\u00e9.\u00a0<\/span><\/span><\/span><\/p>\n<p class=\"western\" align=\"left\"><strong><span style=\"color: #000000;\"><span style=\"font-family: Calibri, serif;\"><span style=\"font-size: medium;\">Pretekov sa z\u00fa\u010dastnilo celkom 4<\/span><\/span><\/span><span style=\"color: #000000;\"><span style=\"font-family: Calibri, serif;\"><span style=\"font-size: medium;\"><span lang=\"sk-SK\">43<\/span><\/span><\/span><\/span><span style=\"color: #000000;\"><span style=\"font-family: Calibri, serif;\"><span style=\"font-size: medium;\"> pretek\u00e1rov z <\/span><\/span><\/span><span style=\"color: #000000;\"><span style=\"font-family: Calibri, serif;\"><span style=\"font-size: medium;\"><span lang=\"sk-SK\">30<\/span><\/span><\/span><\/span><span style=\"color: #000000;\"><span style=\"font-family: Calibri, serif;\"><span style=\"font-size: medium;\"> oddielov Slovenska, \u010ceska, Ma\u010farska a Talianska. Po\u010das dvoch dn\u00ed \u0161tart\u00e9ri od\u0161tartovali 14<\/span><\/span><\/span><span style=\"color: #000000;\"><span style=\"font-family: Calibri, serif;\"><span style=\"font-size: medium;\"><span lang=\"sk-SK\">5<\/span><\/span><\/span><\/span><span style=\"color: #000000;\"><span style=\"font-family: Calibri, serif;\"><span style=\"font-size: medium;\"> j\u00e1zd.<\/span><\/span><\/span><\/strong><\/p>\n<p class=\"western\" align=\"left\"><span style=\"color: #000000;\"><span style=\"font-family: Calibri, serif;\"><span style=\"font-size: medium;\">Najpo\u010detnej\u0161ou kateg\u00f3riou bola <strong>kateg\u00f3ria kadetov, v ktorej bolo prihl\u00e1sen\u00fdch <\/strong><\/span><\/span><\/span><strong><span style=\"color: #000000;\"><span style=\"font-family: Calibri, serif;\"><span style=\"font-size: medium;\"><span lang=\"sk-SK\">51 <\/span><\/span><\/span><\/span><\/strong><span style=\"color: #000000;\"><span style=\"font-family: Calibri, serif;\"><span style=\"font-size: medium;\"><strong>pretek\u00e1rov<\/strong>.<\/span><\/span><\/span><\/p>\n<p class=\"western\" align=\"left\"><strong><span style=\"color: #000000;\"><span style=\"font-family: Calibri, serif;\"><span style=\"font-size: medium;\">Kajak &amp; kanoe klub Kom\u00e1rno reprezentovalo celkom 69 pretek\u00e1rov a na Ve\u013ekej cene Kom\u00e1rna sa predstavili aj naj\u00faspe\u0161nej\u0161\u00ed pretek\u00e1ri vo farb\u00e1ch \u0160portov\u00e9ho centra pol\u00edcie: Adam Botek, Erik Vl\u010dek a Mariana Petru\u0161ov\u00e1.<\/span><\/span><\/span><\/strong><\/p>\n<figure id=\"attachment_3512\" aria-describedby=\"caption-attachment-3512\" style=\"width: 672px\" class=\"wp-caption aligncenter\"><img fetchpriority=\"high\" decoding=\"async\" class=\"wp-image-3512 size-full\" src=\"https:\/\/kajakkomarno.sk\/wp-content\/uploads\/2023\/06\/65.-VCK.jpg\" alt=\"\" width=\"672\" height=\"960\" srcset=\"https:\/\/kajakkomarno.sk\/wp-content\/uploads\/2023\/06\/65.-VCK.jpg 672w, https:\/\/kajakkomarno.sk\/wp-content\/uploads\/2023\/06\/65.-VCK-315x450.jpg 315w\" sizes=\"(max-width: 672px) 100vw, 672px\" \/><figcaption id=\"caption-attachment-3512\" class=\"wp-caption-text\">Plag\u00e1t 65. Ve\u013ekej ceny Kom\u00e1rna<\/figcaption><\/figure>\n<h1 class=\"western\" align=\"left\"><span style=\"color: #3366ff;\"><span style=\"font-family: Calibri, serif;\"><span style=\"font-size: medium;\"><b>Sl\u00e1vnostn\u00e9 zah\u00e1jeni<\/b><\/span><\/span><span style=\"font-family: Calibri, serif;\"><span style=\"font-size: medium;\"><span lang=\"sk-SK\"><b>e<\/b><\/span><\/span><\/span><span style=\"font-family: Calibri, serif;\"><span style=\"font-size: medium;\"><b> za \u00fa\u010dasti vz\u00e1cnych host\u00ed<\/b><\/span><\/span><\/span><\/h1>\n<p class=\"western\" align=\"left\"><span style=\"color: #000000;\"><span style=\"font-family: Calibri, serif;\"><span style=\"font-size: medium;\"><span lang=\"sk-SK\">S<\/span><\/span><\/span><\/span><span style=\"color: #000000;\"><span style=\"font-family: Calibri, serif;\"><span style=\"font-size: medium;\">l\u00e1vnostn\u00e9 zah\u00e1jenie 65.<\/span><\/span><\/span><span style=\"color: #000000;\"><span style=\"font-family: Calibri, serif;\"><span style=\"font-size: medium;\"><span lang=\"sk-SK\"> ro<\/span><\/span><\/span><\/span><span style=\"color: #000000;\"><span style=\"font-family: Calibri, serif;\"><span style=\"font-size: medium;\">\u010dn\u00edka V<\/span><\/span><\/span><span style=\"color: #000000;\"><span style=\"font-family: Calibri, serif;\"><span style=\"font-size: medium;\"><span lang=\"sk-SK\">e\u013ek<\/span><\/span><\/span><\/span><span style=\"color: #000000;\"><span style=\"font-family: Calibri, serif;\"><span style=\"font-size: medium;\">ej ceny Kom\u00e1rna sa uskuto\u010dnilo d\u0148a <\/span><\/span><\/span><span style=\"color: #000000;\"><span style=\"font-family: Calibri, serif;\"><span style=\"font-size: medium;\"><span lang=\"sk-SK\">2.<\/span><\/span><\/span><\/span><span style=\"color: #000000;\"><span style=\"font-family: Calibri, serif;\"><span style=\"font-size: medium;\">j\u00fana 20<\/span><\/span><\/span><span style=\"color: #000000;\"><span style=\"font-family: Calibri, serif;\"><span style=\"font-size: medium;\"><span lang=\"sk-SK\">23 v podve\u010der<\/span><\/span><\/span><\/span><span style=\"color: #000000;\"><span style=\"font-family: Calibri, serif;\"><span style=\"font-size: medium;\"> za \u00fa\u010dasti vz\u00e1cnych host\u00ed: <strong>predsedu N<\/strong><\/span><\/span><\/span><strong><span style=\"color: #000000;\"><span style=\"font-family: Calibri, serif;\"><span style=\"font-size: medium;\"><span lang=\"sk-SK\">itrianskeho samospr\u00e1vneho kraja <\/span><\/span><\/span><\/span><span style=\"color: #000000;\"><span style=\"font-family: Calibri, serif;\"><span style=\"font-size: medium;\"> p\u00e1na Branislava Bec\u00edka, prim\u00e1tora mesta Kom\u00e1rno p\u00e1na B\u00e9lu Keszegha , p\u00e1na \u013dubom\u00edra Sou\u010dka zo S<\/span><\/span><\/span><span style=\"color: #000000;\"><span style=\"font-family: Calibri, serif;\"><span style=\"font-size: medium;\">lovensk\u00e9ho olympijsk\u00e9ho a \u0161portov\u00e9ho v\u00fdboru. <\/span><\/span><\/span><\/strong><\/p>\n<p class=\"western\" align=\"left\"><span style=\"color: #000000;\"><span style=\"font-family: Calibri, serif;\"><span style=\"font-size: medium;\">Sme radi, \u017ee pozvanie na Ve\u013ek\u00fa cenu Kom\u00e1rna prijali v\u00fdznamn\u00e9 osobnosti slovenskej r\u00fdchlostnej kanoistiky: <strong>p\u00e1ni \u0160tefan Sz\u00e9kely, Kon\u0161tant\u00edn Alexejenko, Pavel Blaho a Tibor So\u00f3s<\/strong>. Medzi pozvan\u00fdmi hos\u0165ami boli p<strong>oslanci mestsk\u00e9ho zastupite\u013estva, sponzori, b\u00fdval\u00ed \u010dlenovia klubu,\u00a0 pretek\u00e1ri, tr\u00e9neri a rodi\u010dia<\/strong>. <\/span><\/span><\/span><\/p>\n<h1 class=\"western\" align=\"left\"><span style=\"color: #3366ff;\"><span style=\"font-family: Calibri, serif;\"><span style=\"font-size: medium;\"><b>OCENENIE SO\u0160V PRE ERIKA VL\u010cEKA<\/b><\/span><\/span><\/span><\/h1>\n<p class=\"western\" align=\"left\"><span style=\"color: #000000;\"><span style=\"font-family: Calibri, serif;\"><span style=\"font-size: medium;\">Na sl\u00e1vnostnom zah\u00e1jen\u00ed p\u00e1n \u013dubom\u00edr Sou\u010dek zo SO\u0160V odovzdal v\u00fdro\u010dn\u00e9 ocenenie Slovensk\u00e9ho olympijsk\u00e9ho a \u0161portov\u00e9ho v\u00fdboru Erikovi Vl\u010dekovi :<\/span><\/span><\/span><b> <\/b><span style=\"color: #444444;\"><span style=\"font-family: Calibri, serif;\"><span style=\"font-size: medium;\"><b>CENA PAVLA DEMITRU<\/b><\/span><\/span><\/span><span style=\"color: #444444;\"><span style=\"font-family: Calibri, serif;\"><span style=\"font-size: medium;\">-z<\/span><\/span><\/span>a mimoriadny pozit\u00edvny pr\u00ednos k reprezent\u00e1cii v spojen\u00ed s vynikaj\u00facimi v\u00fdkonmi.<\/p>\n<figure id=\"attachment_3514\" aria-describedby=\"caption-attachment-3514\" style=\"width: 720px\" class=\"wp-caption aligncenter\"><img decoding=\"async\" class=\"wp-image-3514 size-full\" src=\"https:\/\/kajakkomarno.sk\/wp-content\/uploads\/2023\/06\/VCK-2023-SOV.jpg\" alt=\"\" width=\"720\" height=\"960\" srcset=\"https:\/\/kajakkomarno.sk\/wp-content\/uploads\/2023\/06\/VCK-2023-SOV.jpg 720w, https:\/\/kajakkomarno.sk\/wp-content\/uploads\/2023\/06\/VCK-2023-SOV-338x450.jpg 338w\" sizes=\"(max-width: 720px) 100vw, 720px\" \/><figcaption id=\"caption-attachment-3514\" class=\"wp-caption-text\">V\u00fdro\u010dn\u00e9 ocenenie pre Erika Vl\u010deka\u00a0 Cenu Pavla Demitru odovzdal p\u00e1n \u013dubom\u00edr Sou\u010dek<\/figcaption><\/figure>\n<h1 class=\"western\" align=\"left\"><span style=\"color: #3366ff;\"><span style=\"font-family: Calibri, serif;\"><span style=\"font-size: medium;\"><b>Program 65. Ve\u013ekej ceny Kom\u00e1rna<\/b><\/span><\/span><\/span><\/h1>\n<p class=\"western\" align=\"left\"><span style=\"color: #000000;\"><span style=\"font-family: Calibri, serif;\"><span style=\"font-size: medium;\">V sobotu predpoludn\u00edm sa uskuto\u010dnili rozjazdy a <\/span><\/span><\/span><span style=\"color: #000000;\"><span style=\"font-family: Calibri, serif;\"><span style=\"font-size: medium;\"><span lang=\"sk-SK\">semifin\u00e1le <\/span><\/span><\/span><\/span><span style=\"color: #000000;\"><span style=\"font-family: Calibri, serif;\"><span style=\"font-size: medium;\"> na 500 m trati pre vekov\u00fa kateg\u00f3riu od 13 ro\u010dn\u00fdch a\u017e po veter\u00e1nov. Popolud\u0148aj\u0161\u00ed program bol u\u017e v znamen\u00ed fin\u00e1lov\u00fdch j\u00e1zd na 500 metrovej trati a z\u00e1ver sobot\u0148aj\u0161ieho programu patril najmlad\u0161\u00edm n\u00e1dej\u00e1m r\u00fdchlostnej kanoistiky- 9 a\u017e 12 ro\u010dn\u00fdm diev\u010dat\u00e1m a chlapcom, ktor\u00ed absolvovali 2000 m tra\u0165 za ve\u013ekej podpory div\u00e1kov. <\/span><\/span><\/span><\/p>\n<p class=\"western\" align=\"left\"><span style=\"color: #000000;\"><span style=\"font-family: Calibri, serif;\"><span style=\"font-size: medium;\">V nede\u013eu chlapci a diev\u010dat\u00e1 od 9 do 12 rokov absolvovali 2000 metrov\u00fa tra\u0165.\u00a0<\/span><\/span><\/span><span style=\"color: #000000;\"><span style=\"font-family: Calibri, serif;\"><span style=\"font-size: medium;\">Pretek\u00e1ri od 13 rokov a\u017e po veter\u00e1nov si zmerali sily na 5000 metrovej trati. <\/span><\/span><\/span><strong><span style=\"color: #000000;\"><span style=\"font-family: Calibri, serif;\"><span style=\"font-size: medium;\"><span lang=\"sk-SK\">V<\/span><\/span><\/span><\/span><span style=\"color: #000000;\"><span style=\"font-family: Calibri, serif;\"><span style=\"font-size: medium;\">\u00fdsledky z pretekov na 5000 metrovej trati pre diev\u010dat\u00e1 a chlapcov 13 a 14 ro\u010dn\u00fdch a kadetov sa zapo\u010d\u00edtali do hodnotenia Slovensk\u00e9ho poh\u00e1ra.<\/span><\/span><\/span><\/strong><b> <\/b><\/p>\n<h1 class=\"western\" align=\"justify\"><span style=\"color: #3366ff;\"><span style=\"font-family: Calibri, serif;\"><span style=\"font-size: medium;\"><span lang=\"sk-SK\"><b>8<\/b><\/span><\/span><\/span><span style=\"font-family: Calibri, serif;\"><span style=\"font-size: medium;\"><b>.<\/b><\/span><\/span><span style=\"font-family: Calibri, serif;\"><span style=\"font-size: medium;\"><b>ro\u010dn\u00edk Memor<\/b><\/span><\/span><span style=\"font-family: Calibri, serif;\"><span style=\"font-size: medium;\"><span lang=\"sk-SK\"><b>i<\/b><\/span><\/span><\/span><span style=\"font-family: Calibri, serif;\"><span style=\"font-size: medium;\"><b>\u00e1lu<\/b><\/span><\/span><span style=\"font-family: Calibri, serif;\"><span style=\"font-size: medium;\"><b> Vojtecha HALMA<\/b><\/span><\/span><\/span><\/h1>\n<p class=\"western\" align=\"justify\"><span style=\"color: #000000;\"><span style=\"font-family: Calibri, serif;\"><span style=\"font-size: medium;\">S\u00fa\u010das\u0165ou <\/span><\/span><\/span><span style=\"color: #000000;\"><span style=\"font-family: Calibri, serif;\"><span style=\"font-size: medium;\"><span lang=\"sk-SK\">Ve\u013ekej ceny Kom\u00e1rna <\/span><\/span><\/span><\/span><span style=\"color: #000000;\"><span style=\"font-family: Calibri, serif;\"><span style=\"font-size: medium;\"> bol <\/span><\/span><\/span><span style=\"color: #000000;\"><span style=\"font-family: Calibri, serif;\"><span style=\"font-size: medium;\"><span lang=\"sk-SK\">8<\/span><\/span><\/span><\/span><span style=\"color: #000000;\"><span style=\"font-family: Calibri, serif;\"><span style=\"font-size: medium;\">.ro\u010dn\u00edk Memori\u00e1lu Vojtecha HALMA, na ktorom sme si pripomenuli pamiatku vynikaj\u00faceho pretek\u00e1ra, tr\u00e9nera a \u010dloveka Vojtecha Halma. <strong>V C1 juniorov a junioriek Poh\u00e1r Vojtecha Halma z\u00edskala 18 ro\u010dn\u00e1 pretek\u00e1rka Kajak &amp; kanoe klubu Kom\u00e1rno Laura \u0150ri<\/strong>, <\/span><\/span><\/span><span style=\"color: #000000;\"><span style=\"font-family: Calibri, serif;\"><span style=\"font-size: medium;\"><span lang=\"sk-SK\">ktor\u00e1 bude <\/span><\/span><\/span><\/span><span style=\"color: #000000;\"><span style=\"font-family: Calibri, serif;\"><span style=\"font-size: medium;\"> \u010fal\u0161ou pretek\u00e1rkou, ktor\u00e1 sa zap\u00ed\u0161e do listiny v\u00ed\u0165azov a je<\/span><\/span><\/span><span style=\"color: #000000;\"><span style=\"font-family: Calibri, serif;\"><span style=\"font-size: medium;\"><span lang=\"sk-SK\">j<\/span><\/span><\/span><\/span><span style=\"color: #000000;\"><span style=\"font-family: Calibri, serif;\"><span style=\"font-size: medium;\"> meno bude zap\u00edsan\u00e9 na podstavci Putovn\u00e9ho poh\u00e1ra. <\/span><\/span><\/span><span style=\"color: #000000;\"><span style=\"font-family: Calibri, serif;\"><span style=\"font-size: medium;\"><span lang=\"sk-SK\">C<\/span><\/span><\/span><\/span><span style=\"color: #000000;\"><span style=\"font-family: Calibri, serif;\"><span style=\"font-size: medium;\">enu na\u0161ej juniorskej reprezentantke <\/span><\/span><\/span><span style=\"color: #000000;\"><span style=\"font-family: Calibri, serif;\"><span style=\"font-size: medium;\"><span lang=\"sk-SK\">odovzdala<\/span><\/span><\/span><\/span><strong><span style=\"color: #000000;\"><span style=\"font-family: Calibri, serif;\"><span style=\"font-size: medium;\"> Martina Halmov\u00e1, dc\u00e9ra Vojtecha Halma.<\/span><\/span><\/span><\/strong><\/p>\n<figure id=\"attachment_3516\" aria-describedby=\"caption-attachment-3516\" style=\"width: 720px\" class=\"wp-caption aligncenter\"><img decoding=\"async\" class=\"wp-image-3516 size-full\" src=\"https:\/\/kajakkomarno.sk\/wp-content\/uploads\/2023\/06\/VCK-2023-HM.jpg\" alt=\"\" width=\"720\" height=\"960\" srcset=\"https:\/\/kajakkomarno.sk\/wp-content\/uploads\/2023\/06\/VCK-2023-HM.jpg 720w, https:\/\/kajakkomarno.sk\/wp-content\/uploads\/2023\/06\/VCK-2023-HM-338x450.jpg 338w\" sizes=\"(max-width: 720px) 100vw, 720px\" \/><figcaption id=\"caption-attachment-3516\" class=\"wp-caption-text\">Poh\u00e1r Laure \u0150ri odovzd\u00e1va dc\u00e9ra Vojtecha Halma, Martina Halmov\u00e1<\/figcaption><\/figure>\n<h1 class=\"western\" align=\"left\"><span style=\"color: #3366ff;\"><span style=\"font-family: Calibri, serif;\"><span style=\"font-size: medium;\"><span lang=\"sk-SK\"><b>K4 OLD BOYS na 200 m<\/b><\/span><\/span><\/span><\/span><\/h1>\n<p class=\"western\" align=\"justify\"><span style=\"color: #000000;\"><span style=\"font-family: Calibri, serif;\"><span style=\"font-size: medium;\"><span lang=\"sk-SK\">Pr\u00edjemn\u00fdm spestren\u00edm s\u00fa\u0165a\u017en\u00e9ho d\u0148a boli preteky OLD BOYS, ktor\u00e9 sa te\u0161ia ve\u013ek\u00e9mu z\u00e1ujmu div\u00e1kov. Stret\u00e1vaj\u00fa sa tu b\u00fdval\u00ed pretek\u00e1ri Kajak &amp; kanoe klubu Kom\u00e1rno, ktor\u00ed u\u017e p\u00e1dla zavesili na klinec. <strong>Organiz\u00e1torkou pretekov bola<\/strong><\/span><\/span><\/span><\/span><strong><span style=\"color: #000000;\"><span style=\"font-family: Calibri, serif;\"><span style=\"font-size: medium;\"><span lang=\"sk-SK\"> pani Eva LIK\u00c9ROV\u00c1 a v<\/span><\/span><\/span><\/span><\/strong><span style=\"color: #000000;\"><span style=\"font-family: Calibri, serif;\"><span style=\"font-size: medium;\"><span lang=\"sk-SK\"><strong> tomto roku sa podarilo zostavi\u0165 3 pos\u00e1dky K4<\/strong>. <\/span><\/span><\/span><\/span><span style=\"color: #000000;\"><span style=\"font-family: Calibri, serif;\"><span style=\"font-size: medium;\"><span lang=\"sk-SK\">P\u00e1ni podali na trati bojovn\u00e9 v\u00fdkony a v\u0161etci boli ocenen\u00ed medailami a ve\u013ek\u00fdm potleskom. div\u00e1kov.<\/span><\/span><\/span><\/span><\/p>\n<p class=\"western\" align=\"left\"><span style=\"color: #000000;\"><span style=\"font-family: Calibri, serif;\"><span style=\"font-size: medium;\"><span lang=\"sk-SK\">Poradie v cieli bolo nasledovn\u00e9:<\/span><\/span><\/span><\/span><\/p>\n<p class=\"western\" align=\"justify\"><strong><span style=\"font-family: Calibri, serif;\"><span style=\"font-size: medium;\">1. MODR\u00c1 <\/span><\/span><span style=\"color: #000000;\"><span style=\"font-family: Calibri, serif;\"><span style=\"font-size: medium;\"><span lang=\"sk-SK\">POS\u00c1DKA: <\/span><\/span><\/span><\/span><span style=\"font-family: Calibri, serif;\"><span style=\"font-size: medium;\">Alexander T\u00d3TH &#8211; Bal\u00e1zs L\u0150RINCZ \u2013 R\u00f3bert ZAUKO- Tom\u00e1\u0161 HOD\u00daR<\/span><\/span><\/strong><\/p>\n<p class=\"western\" align=\"justify\"><strong><span style=\"color: #000000;\"><span style=\"font-family: Calibri, serif;\"><span style=\"font-size: medium;\"><span lang=\"sk-SK\">2. \u010cERVEN\u00c1 POS\u00c1DKA: <\/span><\/span><\/span><\/span><span style=\"color: #000000;\"><span style=\"font-family: Calibri, serif;\"><span style=\"font-size: medium;\"><span lang=\"sk-SK\">Pavol PETRU\u0160 \u2013<\/span><\/span><\/span><\/span><span style=\"color: #000000;\"><span style=\"font-family: Calibri, serif;\"><span style=\"font-size: medium;\"> Krist\u00f3f BASTRN\u00c1K \u2013 Imre KNIRS- Juraj HAMRAN <\/span><\/span><\/span><\/strong><\/p>\n<p class=\"western\" align=\"justify\"><strong><span style=\"font-family: Calibri, serif;\"><span style=\"font-size: medium;\">3. BIELA POS\u00c1DKA: <\/span><\/span><span style=\"color: #000000;\"><span style=\"font-family: Calibri, serif;\"><span style=\"font-size: medium;\"><span lang=\"sk-SK\">Boris VISZLAI- Tom\u00e1\u0161 CSEPY- Norbert T\u00d3TH- \u00c1kos LENGYEL<\/span><\/span><\/span><\/span><\/strong><\/p>\n<figure id=\"attachment_3518\" aria-describedby=\"caption-attachment-3518\" style=\"width: 960px\" class=\"wp-caption aligncenter\"><img loading=\"lazy\" decoding=\"async\" class=\"wp-image-3518 size-full\" src=\"https:\/\/kajakkomarno.sk\/wp-content\/uploads\/2023\/06\/VCK-2023-OB.jpg\" alt=\"\" width=\"960\" height=\"640\" srcset=\"https:\/\/kajakkomarno.sk\/wp-content\/uploads\/2023\/06\/VCK-2023-OB.jpg 960w, https:\/\/kajakkomarno.sk\/wp-content\/uploads\/2023\/06\/VCK-2023-OB-450x300.jpg 450w, https:\/\/kajakkomarno.sk\/wp-content\/uploads\/2023\/06\/VCK-2023-OB-768x512.jpg 768w\" sizes=\"(max-width: 960px) 100vw, 960px\" \/><figcaption id=\"caption-attachment-3518\" class=\"wp-caption-text\">Preteky K4 OLD BOYS s\u00fa pr\u00edjemn\u00fdm spestren\u00edm Ve\u013ekej ceny Kom\u00e1rna<\/figcaption><\/figure>\n<h1 class=\"western\" align=\"left\"><span style=\"color: #3366ff;\"><span style=\"font-family: Calibri, serif;\"><span style=\"font-size: large;\"><b>Do listiny v\u00ed\u0165azov seniorov sa zap\u00edsali: <\/b><\/span><\/span><\/span><\/h1>\n<p class=\"western\" align=\"left\"><span style=\"color: #000000;\"><span style=\"font-family: Calibri, serif;\"><span style=\"font-size: large;\"><b>K1 mu\u017ei- <\/b><\/span><\/span><\/span><span style=\"color: #000000;\"><span style=\"font-family: Calibri, serif;\"><span style=\"font-size: large;\"><span lang=\"sk-SK\"><b>Erik VL\u010cEK \/ \u0160CP \/<\/b><\/span><\/span><\/span><\/span><\/p>\n<p class=\"western\" align=\"left\"><span style=\"color: #000000;\"><span style=\"font-family: Calibri, serif;\"><span style=\"font-size: large;\"><b>C1 mu\u017ei- Benedek SZAMANDRAI \/ <\/b><\/span><\/span><\/span><span style=\"color: #000000;\"><span style=\"font-family: Calibri, serif;\"><span style=\"font-size: large;\"><i><b>GVE<\/b><\/i><\/span><\/span><\/span><span style=\"color: #000000;\"><span style=\"font-family: Calibri, serif;\"><span style=\"font-size: large;\"><b> \/<\/b><\/span><\/span><\/span><\/p>\n<p class=\"western\" align=\"left\"><span style=\"color: #000000;\"><span style=\"font-family: Calibri, serif;\"><span style=\"font-size: large;\"><b>K1 \u017eeny- <\/b><\/span><\/span><\/span><span style=\"color: #000000;\"><span style=\"font-family: Calibri, serif;\"><span style=\"font-size: large;\"><span lang=\"sk-SK\"><b>R\u00e9ka BUG\u00c1R \/ KKK \/a Mariana PETRU\u0160OV\u00c1 \/ \u0160CP \/<\/b><\/span><\/span><\/span><\/span><\/p>\n<h1 class=\"western\" align=\"left\"><span style=\"color: #3366ff;\"><span style=\"font-family: Calibri, serif;\"><span style=\"font-size: large;\"><b>POH\u00c1R ML\u00c1DE\u017dE:<\/b><\/span><\/span><\/span><\/h1>\n<p class=\"western\" align=\"left\"><span style=\"color: #000000;\"><span style=\"font-family: Calibri, serif;\"><span style=\"font-size: large;\"><b>1. Kajak &amp; kanoe klub Kom\u00e1rno<\/b><\/span><\/span><\/span><\/p>\n<p class=\"western\" align=\"left\"><span style=\"color: #000000;\"><span style=\"font-family: Calibri, serif;\"><span style=\"font-size: large;\"><b>2. <\/b><\/span><\/span><\/span><span style=\"color: #000000;\"><span style=\"font-family: Calibri, serif;\"><span style=\"font-size: large;\"><span lang=\"sk-SK\"><b>KSI Budapest<\/b><\/span><\/span><\/span><\/span><\/p>\n<p class=\"western\" align=\"left\"><span style=\"color: #000000;\"><span style=\"font-family: Calibri, serif;\"><span style=\"font-size: large;\"><b>3. Kajak- Kanoe Pie\u0161\u0165any<\/b><\/span><\/span><\/span><\/p>\n<h1 class=\"western\" align=\"left\"><span style=\"color: #000000;\"><span style=\"font-family: Times New Roman, serif;\"><span style=\"font-size: large;\"><b><span style=\"color: #3366ff;\">MEDAILOV\u00c1 BILANCIA:<\/span><\/b><\/span><\/span><\/span><\/h1>\n<p class=\"western\" align=\"left\"><span style=\"color: #0000ff;\"><span style=\"font-family: Times New Roman, serif;\"><span style=\"font-size: large;\"><b>1.miesto Kajak &amp; kanoe klub Kom\u00e1rno:\u00a0 <\/b><\/span><\/span><span style=\"font-family: Times New Roman, serif;\"><span style=\"font-size: large;\"><b>ZLATO-19\u00a0 STRIEBRO-13\u00a0 \u00a0BRONZ- 10<\/b><\/span><\/span><\/span><\/p>\n<figure id=\"attachment_3521\" aria-describedby=\"caption-attachment-3521\" style=\"width: 960px\" class=\"wp-caption aligncenter\"><img loading=\"lazy\" decoding=\"async\" class=\"wp-image-3521 size-full\" src=\"https:\/\/kajakkomarno.sk\/wp-content\/uploads\/2023\/06\/VCK-2023-MARSAL-M-_n.jpg\" alt=\"\" width=\"960\" height=\"720\" srcset=\"https:\/\/kajakkomarno.sk\/wp-content\/uploads\/2023\/06\/VCK-2023-MARSAL-M-_n.jpg 960w, https:\/\/kajakkomarno.sk\/wp-content\/uploads\/2023\/06\/VCK-2023-MARSAL-M-_n-450x338.jpg 450w, https:\/\/kajakkomarno.sk\/wp-content\/uploads\/2023\/06\/VCK-2023-MARSAL-M-_n-768x576.jpg 768w\" sizes=\"(max-width: 960px) 100vw, 960px\" \/><figcaption id=\"caption-attachment-3521\" class=\"wp-caption-text\">M\u00e1t\u00e9 Marsal dvojn\u00e1sobn\u00fd v\u00ed\u0165az v najpo\u010detnej\u0161ej kateg\u00f3rii kadetov z\u00edskal knihu Voda nad zlato o \u017eivotn\u00fdch pr\u00edbehoch a osudoch\u00a0 Erika Vl\u010deka a Juraja Tarra<\/figcaption><\/figure>\n<h1 class=\"western\" align=\"left\"><span style=\"color: #3366ff;\"><span style=\"font-family: Times New Roman, serif;\"><span style=\"font-size: large;\"><b>NA Z\u00c1VER<\/b><\/span><\/span><\/span><\/h1>\n<h2 class=\"western\" align=\"left\"><span style=\"font-family: Calibri, serif;\"><span style=\"font-size: medium;\">6<\/span><\/span><span style=\"color: #000000;\"><span style=\"font-family: Calibri, serif;\"><span style=\"font-size: medium;\"><span lang=\"sk-SK\">5<\/span><\/span><\/span><\/span><span style=\"color: #000000;\"><span style=\"font-family: Calibri, serif;\"><span style=\"font-size: medium;\">. ro\u010dn\u00edk Ve\u013ekej ceny Kom\u00e1rna sa zap\u00edsal op\u00e4\u0165 medzi vydaren\u00e9 preteky. Do Kom\u00e1rna pricestovalo mno\u017estvo pretek\u00e1rov nielen zo slovensk\u00fdch oddielov, ale aj z viacer\u00fdch oddielov z Ma\u010farska a n\u00e1s te\u0161\u00ed, \u017ee aj v tomto roku k n\u00e1m zav\u00edtali pretek\u00e1ri z \u010ciech a z Talianska.<\/span><\/span><\/span><\/h2>\n<p class=\"western\" align=\"left\"><span style=\"color: #0000ff;\"><strong><span style=\"font-family: Calibri, serif;\"><span style=\"font-size: medium;\">Po\u010fakovanie patr\u00ed v\u0161etk\u00fdm, ktor\u00ed sa pri\u010dinili o \u00faspe\u0161n\u00fd priebeh pretekov, v prvom rade organiz\u00e1torom z Kajak &amp; kanoe klubu Kom\u00e1rno na \u010dele s <\/span><\/span><span style=\"font-family: Calibri, serif;\"><span style=\"font-size: medium;\"><span lang=\"sk-SK\">Viktorom Deminom,<\/span><\/span><\/span><span style=\"font-family: Calibri, serif;\"><span style=\"font-size: medium;\"> desiatkam dobrovo\u013en\u00edko<\/span><\/span><span style=\"font-family: Calibri, serif;\"><span style=\"font-size: medium;\"><span lang=\"sk-SK\">m<\/span><\/span><\/span><span style=\"font-family: Calibri, serif;\"><span style=\"font-size: medium;\">, z\u00e1chran\u00e1rom, technikom, <\/span><\/span><span style=\"font-family: Calibri, serif;\"><span style=\"font-size: medium;\"><span lang=\"sk-SK\">v\u0161etk\u00fdm, ktor\u00ed zabezpe\u010dovali neru\u0161en\u00fd a plynul\u00fd priebeh Ve\u013ekej ceny Kom\u00e1rna. <\/span><\/span><\/span><\/strong><\/span><\/p>\n<p class=\"western\" align=\"left\"><span style=\"color: #0000ff;\"><strong><span style=\"font-family: Calibri, serif;\"><span style=\"font-size: medium;\">Po\u010fakovanie patr\u00ed z\u00e1rove\u0148 v\u0161etk\u00fdm sponzorom, podporovate\u013eom, bez ich priazne a podpory by sme tak\u00e9to podujatie nedok\u00e1zali zorganizova\u0165.<\/span><\/span><\/strong><\/span><\/p>\n<h1 class=\"western\" align=\"left\"><span style=\"color: #0000ff;\"><span style=\"font-family: Calibri, sans-serif;\"><span style=\"font-size: medium;\"><b>S\u00daHRN V\u00ddSLEDKOV <\/b><b>VE\u013dKEJ CENY KOM\u00c1RNA \u2013 <\/b><\/span><\/span><span style=\"font-family: Calibri, sans-serif;\"><span style=\"font-size: medium;\"><b>RESULTS\u00a0 \u00a0 \u00a0<a href=\"https:\/\/live.canoeing.sk\/podujatie\/7105-velka-cena-komarna-2023\/\">TU<\/a>\u00a0<\/b><\/span><\/span><\/span><\/h1>\n<h1 class=\"western\" align=\"left\"><span style=\"color: #3366ff;\"><span style=\"font-size: medium;\"><b>S\u00daHRN FIN\u00c1LOVYCH V\u00ddSLEDKOV PRETEK\u00c1ROV KAJAK &amp; KANOE KLUBU KOM\u00c1RNO<\/b><\/span><span style=\"font-size: medium;\"><b> 2023<\/b><\/span><\/span><\/h1>\n<p class=\"western\" align=\"left\"><span style=\"color: #000000;\"><span style=\"font-size: medium;\"><b>SOBOTA<\/b><\/span><\/span><\/p>\n<p class=\"western\" align=\"left\"><span style=\"color: #000000;\"><span style=\"font-size: medium;\">C1 juniori 500 m \u2013 2. Imre FAZEKAS<\/span><\/span><\/p>\n<p class=\"western\" align=\"left\"><span style=\"color: #000000;\"><span style=\"font-size: medium;\">C1 mu\u017ei 500 m- 2. Anton GRASSL<\/span><\/span><\/p>\n<p class=\"western\" align=\"left\"><span style=\"color: #000000;\"><span style=\"font-size: medium;\">C1 kadetky 500 m- 2. Nat\u00e1lia SZENCZIOV\u00c1<\/span><\/span><\/p>\n<p class=\"western\" align=\"left\"><span style=\"color: #000000;\"><span style=\"font-size: medium;\">C1 juniorky 500 m- 1. <\/span><\/span><span style=\"color: #212529;\"><span style=\"font-size: medium;\"><span lang=\"sk-SK\">Laura \u0150RI, 2. Zo\u00e9 B\u00d3NOV\u00c1<\/span><\/span><\/span><\/p>\n<p class=\"western\" align=\"left\"><span style=\"color: #212529;\"><span style=\"font-size: medium;\"><span lang=\"sk-SK\">C1 \u017eeny 500 m- 2. Aneta JEL\u00cdNKOV\u00c1<\/span><\/span><\/span><\/p>\n<p class=\"western\" align=\"left\"><span style=\"color: #212529;\"><span style=\"font-size: medium;\"><span lang=\"sk-SK\">K2 diev\u010dat\u00e1 13 a 14 ro\u010dn\u00e9 500 m- 2. Diana MARKOVI\u010cOV\u00c1- A. KOV\u00c1\u010cOV\u00c1 \/ TAT\/<\/span><\/span><\/span><\/p>\n<p class=\"western\" align=\"left\"><span style=\"color: #212529;\"><span style=\"font-size: medium;\"><span lang=\"sk-SK\">K2 kadetky 500 m- 7. Michaela ZRNEKOV\u00c1- K. Menyhartov\u00e1 <\/span><\/span><\/span><span style=\"color: #212529;\"><span style=\"font-size: medium;\"><span lang=\"sk-SK\">\/ NAN \/, <\/span><\/span><\/span><span style=\"color: #212529;\"><span style=\"font-size: medium;\"><span lang=\"sk-SK\">9. Nadine \u010eUR\u010cOV\u00c1- Lucia DEM\u00c1\u010cEKOV\u00c1<\/span><\/span><\/span><\/p>\n<p class=\"western\" align=\"left\"><span style=\"color: #212529;\"><span style=\"font-size: medium;\"><span lang=\"sk-SK\">K2 juniorky 500 m- 1. Lili\u00e1na GA\u00c1L- T. CZANIKOV\u00c1 <\/span><\/span><\/span><span style=\"color: #212529;\"><span style=\"font-size: medium;\"><span lang=\"sk-SK\">\/ZLP\/<\/span><\/span><\/span><\/p>\n<p class=\"western\" align=\"left\"><span style=\"color: #212529;\"><span style=\"font-size: medium;\"><span lang=\"sk-SK\">K2 \u017eeny 500 m- 1. R\u00e9ka BUG\u00c1R- Mariana PETRU\u0160OV\u00c1 <\/span><\/span><\/span><span style=\"color: #212529;\"><span style=\"font-size: medium;\"><span lang=\"sk-SK\">\/\u0160CP\/<\/span><\/span><\/span><\/p>\n<p class=\"western\" align=\"left\"><span style=\"color: #212529;\"><span style=\"font-size: medium;\"><span lang=\"sk-SK\">K1 chlapci 13 ro\u010dn\u00ed 500 m- 1. Alex \u00d3DOR, 14. <\/span><\/span><\/span><span style=\"color: #212529;\"><span style=\"font-size: medium;\"><span lang=\"sk-SK\">D\u00e1vid GY\u0150RI<\/span><\/span><\/span><\/p>\n<p class=\"western\" align=\"left\"><span style=\"color: #212529;\"><span style=\"font-size: medium;\"><span lang=\"sk-SK\">K1 chlapci 14 ro\u010dn\u00ed 500 m- 13. D\u00e1vid ZAUKO, 15. Patrice MUHAR<\/span><\/span><\/span><\/p>\n<p class=\"western\" align=\"left\"><span style=\"color: #212529;\"><span style=\"font-size: medium;\"><span lang=\"sk-SK\">K1 kadeti 500 m- 1. M\u00e1t\u00e9 MARSAL, 4. Peter Teo LUK\u00c1\u010c, 7. Michal T\u00d3TH, 18. Matej LOPATA<\/span><\/span><\/span><\/p>\n<p class=\"western\" align=\"left\"><span style=\"color: #212529;\"><span style=\"font-size: medium;\"><span lang=\"sk-SK\">K1 juniori 500 m- 2. Dominik DOKTOR\u00cdK, 3. \u013dudov\u00edt T\u00d3TH, 7. Tom\u00e1\u0161 FARKA\u0160<\/span><\/span><\/span><\/p>\n<p class=\"western\" align=\"left\"><span style=\"color: #212529;\"><span style=\"font-size: medium;\"><span lang=\"sk-SK\">K1 mu\u017ei 500 m- 1. Erik VL\u010cEK, 2. Adam BOTEK, 3. Marko UJV\u00c1RI, 4. Filip PODLEISZEK, 8. Peter SCHRIMPEL <\/span><\/span><\/span><\/p>\n<p class=\"western\" align=\"left\"><span style=\"color: #212529;\"><span style=\"font-size: medium;\"><span lang=\"sk-SK\">K1 veter\u00e1ni 500 m- 2. Marek \u010eUR\u010cO, 5. Gabriel ZIRKELBACH<\/span><\/span><\/span><\/p>\n<p class=\"western\" align=\"left\"><span style=\"color: #000000;\"><span style=\"font-size: medium;\">C<\/span><\/span><span style=\"color: #000000;\"><span style=\"font-size: medium;\"><span lang=\"sk-SK\">2<\/span><\/span><\/span><span style=\"color: #000000;\"><span style=\"font-size: medium;\"> juniorky 500 m- 1. <\/span><\/span><span style=\"color: #212529;\"><span style=\"font-size: medium;\"><span lang=\"sk-SK\">Laura \u0150RI- Zo\u00e9 B\u00d3NOV\u00c1<\/span><\/span><\/span><\/p>\n<p class=\"western\" align=\"left\"><span style=\"color: #212529;\"><span style=\"font-size: medium;\"><span lang=\"sk-SK\">K1 diev\u010dat\u00e1 13 ro\u010dn\u00e9 500 m- 11. Adela LOPATOV\u00c1, 12. <\/span><\/span><\/span><span style=\"color: #212529;\"><span style=\"font-size: medium;\"><span lang=\"sk-SK\">Lilian Kr\u0161te\u0148ansk\u00e1, 17. Sophie Ruhanen <\/span><\/span><\/span><\/p>\n<p class=\"western\" align=\"left\"><span style=\"color: #212529;\"><span style=\"font-size: medium;\"><span lang=\"sk-SK\">K1 diev\u010dat\u00e1 14 ro\u010dn\u00e9 500 m- 3. Diana MARKOVI\u010cOV\u00c1<\/span><\/span><\/span><\/p>\n<p class=\"western\" align=\"left\"><span style=\"color: #212529;\"><span style=\"font-size: medium;\"><span lang=\"sk-SK\">K1 kadetky 500 m- 6. Nadine \u010eUR\u010cOV\u00c1, 15. Lucia DEM\u00c1\u010cEKOV\u00c1, 18. Michaela ZRNEKOV\u00c1<\/span><\/span><\/span><\/p>\n<p class=\"western\" align=\"left\"><span style=\"color: #212529;\"><span style=\"font-size: medium;\"><span lang=\"sk-SK\">K1 juniorky 500 m- 2. Lili\u00e1na GA\u00c1L<\/span><\/span><\/span><\/p>\n<p class=\"western\" align=\"left\"><span style=\"color: #212529;\"><span style=\"font-size: medium;\"><span lang=\"sk-SK\">K1 \u017eeny 500 m- 1. R\u00e9ka BUG\u00c1R, 1. Mariana PETRU\u0160OV\u00c1 <\/span><\/span><\/span><span style=\"color: #212529;\"><span style=\"font-size: medium;\"><span lang=\"sk-SK\">\/\u0160CP\/<\/span><\/span><\/span><\/p>\n<p class=\"western\" align=\"left\"><span style=\"color: #212529;\"><span style=\"font-size: medium;\"><span lang=\"sk-SK\">K2 chlapci 13 a 14 ro\u010dn\u00ed 500 m- 4. Alex \u00d3DOR- <\/span><\/span><\/span><span style=\"color: #212529;\"><span style=\"font-size: medium;\"><span lang=\"sk-SK\">D\u00e1vid GY\u0150RI, 5. <\/span><\/span><\/span><span style=\"color: #212529;\"><span style=\"font-size: medium;\"><span lang=\"sk-SK\">D\u00e1vid ZAUKO- Patrice MUHAR<\/span><\/span><\/span><\/p>\n<p class=\"western\" align=\"left\"><span style=\"color: #212529;\"><span style=\"font-size: medium;\"><span lang=\"sk-SK\">K1 juniori 500 m- 2. Dominik DOKTOR\u00cdK- \u013dudov\u00edt T\u00d3TH <\/span><\/span><\/span><\/p>\n<p class=\"western\" align=\"left\"><span style=\"color: #212529;\"><span style=\"font-size: medium;\"><span lang=\"sk-SK\">K2 mu\u017ei 500 m- 1. Erik VL\u010cEK- Adam BOTEK, 2. Marko UJV\u00c1RI- Filip PODLEISZEK<\/span><\/span><\/span><\/p>\n<p class=\"western\" align=\"left\"><span style=\"color: #212529;\"><span style=\"font-size: medium;\"><span lang=\"sk-SK\">K2 veter\u00e1ni 500 m- 1. Marek \u010eUR\u010cO- Gabriel ZIRKELBACH<\/span><\/span><\/span><\/p>\n<p class=\"western\" align=\"left\"><span style=\"color: #212529;\"><span style=\"font-size: medium;\"><span lang=\"sk-SK\">K2 kadeti 500 m- 1. M\u00e1t\u00e9 MARSAL- Matej LOPATA, 3. Peter Teo LUK\u00c1\u010c- Michal T\u00d3TH<\/span><\/span><\/span><\/p>\n<p class=\"western\" align=\"left\"><span style=\"color: #212529;\"><span style=\"font-size: medium;\"><span lang=\"sk-SK\">K2 diev\u010dat\u00e1 11 a 12 ro\u010dn\u00e9 2000 m- 2. <\/span><\/span><\/span><span style=\"color: #212529;\"><span style=\"font-size: medium;\"><span lang=\"sk-SK\">Gr\u00e9ta DOS\u00daDILOV\u00c1- Sz\u00f3fia NAGY, 3. Emma CSEREPES- Gr\u00e9ta NAGY, 8. <\/span><\/span><\/span><span style=\"color: #000000;\"><span style=\"font-size: medium;\"><span lang=\"sk-SK\">Be<\/span><\/span><\/span><span style=\"color: #212529;\"><span style=\"font-size: medium;\"><span lang=\"sk-SK\">ttina B\u00c1NFALVY- Emma <\/span><\/span><\/span><span style=\"color: #000000;\"><span style=\"font-size: medium;\"><span lang=\"sk-SK\">Zs<\/span><\/span><\/span><span style=\"color: #212529;\"><span style=\"font-size: medium;\"><span lang=\"sk-SK\">\u00f3fia SZIKONYA, 13.<\/span><\/span><\/span><span style=\"color: #212529;\"><span style=\"font-size: medium;\"><span lang=\"sk-SK\"> Lily CZIBOROV\u00c1- Emily CZIBOROV\u00c1<\/span><\/span><\/span><\/p>\n<p class=\"western\" align=\"left\"><span style=\"color: #000000;\"><span style=\"font-size: medium;\">K1 CHLAPCI 12 RO\u010cN\u00cd 2000 M- 1. Tom\u00e1\u0161 \u0150RI, 6. Markus BEL\u00c1N, 1<\/span><\/span><span style=\"color: #000000;\"><span style=\"font-size: medium;\"><span lang=\"sk-SK\">4<\/span><\/span><\/span><span style=\"color: #000000;\"><span style=\"font-size: medium;\">. Jakub DUBRAN, 15. D\u00e1vid BERECZ, 2<\/span><\/span><span style=\"color: #000000;\"><span style=\"font-size: medium;\"><span lang=\"sk-SK\">3<\/span><\/span><\/span><span style=\"color: #000000;\"><span style=\"font-size: medium;\">. Teodor KOCSIS, <\/span><\/span><span style=\"color: #000000;\"><span style=\"font-size: medium;\"><span lang=\"sk-SK\">30<\/span><\/span><\/span><span style=\"color: #000000;\"><span style=\"font-size: medium;\">. Nimr\u00f3d SZAJK<\/span><\/span><span style=\"color: #000000;\"><span style=\"font-size: medium;\"><span lang=\"sk-SK\">O<\/span><\/span><\/span><span style=\"color: #000000;\"><span style=\"font-size: medium;\"> , \u00d6rs Hunor KOCZKA- <\/span><\/span><span style=\"color: #000000;\"><span style=\"font-size: medium;\"><span lang=\"sk-SK\">prevr\u00e1til <\/span><\/span><\/span><\/p>\n<p class=\"western\" align=\"justify\"><span style=\"color: #000000;\"><span style=\"font-size: medium;\">K1 chlapci 11 ro\u010dn\u00ed 2000 m- 4. Ladislav MARKOVI\u010c. 6. <\/span><\/span><span style=\"color: #000000;\"><span style=\"font-size: medium;\">Adam GAD\u017dURI\u010c, 1<\/span><\/span><span style=\"color: #000000;\"><span style=\"font-size: medium;\"><span lang=\"sk-SK\">3<\/span><\/span><\/span><span style=\"color: #000000;\"><span style=\"font-size: medium;\">. Vince Merse Z\u00c1VORI, <\/span><\/span><span style=\"color: #000000;\"><span style=\"font-size: medium;\"><span lang=\"sk-SK\">21<\/span><\/span><\/span><span style=\"color: #000000;\"><span style=\"font-size: medium;\">. \u00c1d\u00e1m BOGD\u00c1NY, 23. \u00c1d\u00e1m PATAKY<\/span><\/span><\/p>\n<p class=\"western\" align=\"justify\"><span style=\"color: #000000;\"><span style=\"font-size: medium;\">K1 chlapci 1<\/span><\/span><span style=\"color: #000000;\"><span style=\"font-size: medium;\"><span lang=\"sk-SK\">0<\/span><\/span><\/span><span style=\"color: #000000;\"><span style=\"font-size: medium;\"> ro\u010dn\u00ed 2000 m- 7.<\/span><\/span><span style=\"color: #000000;\"><span style=\"font-size: medium;\"> Adam GY\u0150RI, <\/span><\/span><span style=\"color: #000000;\"><span style=\"font-size: medium;\"><span lang=\"sk-SK\">8<\/span><\/span><\/span><span style=\"color: #000000;\"><span style=\"font-size: medium;\">. <\/span><\/span><span style=\"color: #000000;\"><span style=\"font-size: medium;\">Maximus NAGY, 1<\/span><\/span><span style=\"color: #000000;\"><span style=\"font-size: medium;\"><span lang=\"sk-SK\">6<\/span><\/span><\/span><span style=\"color: #000000;\"><span style=\"font-size: medium;\">. K\u00e1roly P\u00c1LFY, 1<\/span><\/span><span style=\"color: #000000;\"><span style=\"font-size: medium;\"><span lang=\"sk-SK\">8<\/span><\/span><\/span><span style=\"color: #000000;\"><span style=\"font-size: medium;\">.<\/span><\/span><span style=\"color: #000000;\"><span style=\"font-size: medium;\">Samuel J\u00d3ZSA<\/span><\/span><\/p>\n<p class=\"western\" align=\"left\"><span style=\"color: #212529;\"><span style=\"font-size: medium;\"><span lang=\"sk-SK\">K1 diev\u010dat\u00e1 10 ro\u010dn\u00e9 2000 m- 1. <\/span><\/span><\/span><span style=\"color: #212529;\"><span style=\"font-family: Tahoma, serif;\"><span style=\"font-size: medium;\"><span lang=\"sk-SK\">Abigel \u017dILIK, 3. Zoja FIJAMOV\u00c1, 4. Em\u00edlia HAVRAN <\/span><\/span><\/span><\/span><\/p>\n<p class=\"western\" align=\"left\"><strong><span style=\"color: #212529;\"><span style=\"font-size: medium;\"><span lang=\"sk-SK\"><b>NEDE\u013dA<\/b><\/span><\/span><\/span><\/strong><\/p>\n<p class=\"western\" align=\"left\"><span style=\"color: #212529;\"><span style=\"font-size: medium;\"><span lang=\"sk-SK\">K2 chlapci 13 a 14 ro\u010dn\u00ed 5000 m- 6. Alex \u00d3DOR- <\/span><\/span><\/span><span style=\"color: #212529;\"><span style=\"font-size: medium;\"><span lang=\"sk-SK\">D\u00e1vid GY\u0150RI, 10. <\/span><\/span><\/span><span style=\"color: #212529;\"><span style=\"font-size: medium;\"><span lang=\"sk-SK\">D\u00e1vid ZAUKO- Patrice MUHAR<\/span><\/span><\/span><\/p>\n<p class=\"western\" align=\"left\"><span style=\"color: #212529;\"><span style=\"font-size: medium;\"><span lang=\"sk-SK\">K1 diev\u010dat\u00e1 13 ro\u010dn\u00e9 5000 m- 8. Adela LOPATOV\u00c1, 9. <\/span><\/span><\/span><span style=\"color: #212529;\"><span style=\"font-size: medium;\"><span lang=\"sk-SK\">Lilian KR\u0160TE\u0147ANSK\u00c1, 12. Sophie RUHANEN<\/span><\/span><\/span><\/p>\n<p class=\"western\" align=\"left\"><span style=\"color: #212529;\"><span style=\"font-size: medium;\"><span lang=\"sk-SK\">K1 diev\u010dat\u00e1 14 ro\u010dn\u00e9 5000 m- 3. Diana MARKOVI\u010cOV\u00c1<\/span><\/span><\/span><\/p>\n<p class=\"western\" align=\"left\"><span style=\"color: #212529;\"><span style=\"font-size: medium;\"><span lang=\"sk-SK\">K1 kadetky 5000 m- 7. Nadine \u010eUR\u010cOV\u00c1, 9. Michaela ZRNEKOV\u00c1, 13. Lucia DEM\u00c1\u010cEKOV\u00c1, D\u00f3ra V\u00c1MOS- prevr\u00e1tila<\/span><\/span><\/span><\/p>\n<p class=\"western\" align=\"left\"><span style=\"color: #212529;\"><span style=\"font-size: medium;\"><span lang=\"sk-SK\">C1 \u017eeny 5000 m- 2. Aneta JEL\u00cdNKOV\u00c1<\/span><\/span><\/span><\/p>\n<p class=\"western\" align=\"left\"><span style=\"color: #000000;\"><span style=\"font-size: medium;\"><span lang=\"sk-SK\">C1 kadetky 5000 m- 2. Nat\u00e1lia SZENCZIOV\u00c1<\/span><\/span><\/span><\/p>\n<p class=\"western\" align=\"left\"><span style=\"color: #212529;\"><span style=\"font-size: medium;\"><span lang=\"sk-SK\">K1 juniori 5000 m- 8. Viktor ZAUKO, Dominik NAGY- diskv.<\/span><\/span><\/span><\/p>\n<p class=\"western\" align=\"left\"><span style=\"color: #212529;\"><span style=\"font-size: medium;\"><span lang=\"sk-SK\">K1 mu\u017ei 5000 m- 1. Marko UJV\u00c1RI<\/span><\/span><\/span><\/p>\n<p class=\"western\" align=\"left\"><span style=\"color: #212529;\"><span style=\"font-size: medium;\"><span lang=\"sk-SK\">K1 veter\u00e1ni 5000 m- 1. Marek \u010eUR\u010cO<\/span><\/span><\/span><\/p>\n<p class=\"western\" align=\"left\"><span style=\"color: #000000;\"><span style=\"font-size: medium;\"><span lang=\"sk-SK\">C1 juniori 5000 m \u2013 1. Imre FAZEKAS<\/span><\/span><\/span><\/p>\n<p class=\"western\" align=\"left\"><span style=\"color: #212529;\"><span style=\"font-size: medium;\"><span lang=\"sk-SK\">K1 kadeti 5000 m- 3. Peter Teo LUK\u00c1\u010c, 9. Michal T\u00d3TH, 23. Samuel DEM\u00c1\u010cEK, 34. Gergely HAMRAN, 42. Matej LOPATA<\/span><\/span><\/span><\/p>\n<p class=\"western\" align=\"left\"><span style=\"color: #212529;\"><span style=\"font-size: medium;\"><span lang=\"sk-SK\">K2 chlapci 11 a 12 ro\u010dn\u00ed 2000 m- 1. <\/span><\/span><\/span><span style=\"color: #000000;\"><span style=\"font-size: medium;\"><span lang=\"sk-SK\">Tom\u00e1\u0161 \u0150RI- M. UHR\u00cdK \/ PIE\/, 12. <\/span><\/span><\/span><span style=\"color: #000000;\"><span style=\"font-size: medium;\"><span lang=\"sk-SK\">Adam GAD\u017dURI\u010c-<\/span><\/span><\/span><span style=\"color: #000000;\"><span style=\"font-size: medium;\"><span lang=\"sk-SK\">Teodor KOCSIS,<\/span><\/span><\/span><span style=\"color: #000000;\"><span style=\"font-size: medium;\"><span lang=\"sk-SK\"> 16. Vince Merse Z\u00c1VORI- \u00c1d\u00e1m BOGD\u00c1NY, 19. <\/span><\/span><\/span><span style=\"color: #000000;\"><span style=\"font-size: medium;\"><span lang=\"sk-SK\"> Jakub DUBRAN- D\u00e1vid BERECZ, 21. Ladislav MARKOVI\u010c- Nimr\u00f3d SZAJK<\/span><\/span><\/span><span style=\"color: #000000;\"><span style=\"font-size: medium;\"><span lang=\"sk-SK\">O, <\/span><\/span><\/span><span style=\"color: #000000;\"><span style=\"font-size: medium;\"><span lang=\"sk-SK\">Markus BEL\u00c1N- \u00d6rs Hunor KOCZKA- <\/span><\/span><\/span><span style=\"color: #000000;\"><span style=\"font-size: medium;\"><span lang=\"sk-SK\">prevr\u00e1tilI<\/span><\/span><\/span><\/p>\n<p class=\"western\"><span style=\"font-size: medium;\">K1 diev\u010dat\u00e1 12 ro\u010dn\u00e9 2000 m- 2. <\/span><span style=\"font-size: medium;\">Gr\u00e9ta DOS\u00daDILOV\u00c1, 5. Sz\u00f3fia NAGY, 6. Emma CSEREPES, 10. <\/span><span style=\"color: #000000;\"><span style=\"font-size: medium;\"><span lang=\"sk-SK\">Be<\/span><\/span><\/span><span style=\"font-size: medium;\">ttina B\u00c1NFALVY, Emma <\/span><span style=\"color: #000000;\"><span style=\"font-size: medium;\"><span lang=\"sk-SK\">Zs<\/span><\/span><\/span><span style=\"font-size: medium;\">\u00f3fia SZIKONYA- nedokon\u010dila <\/span><\/p>\n<p class=\"western\" align=\"left\"><span style=\"color: #212529;\"><span style=\"font-size: medium;\"><span lang=\"sk-SK\">K1 diev\u010dat\u00e1 10 ro\u010dn\u00e9 2000 m- 1. <\/span><\/span><\/span><span style=\"color: #212529;\"><span style=\"font-size: medium;\"><span lang=\"sk-SK\">Abigel \u017dILIK, 3. Zoja FIJAMOV\u00c1, 4. Em\u00edlia HAVRAN <\/span><\/span><\/span><\/p>\n<p class=\"western\" align=\"justify\"><span style=\"color: #212529;\"><span style=\"font-size: medium;\"><span lang=\"sk-SK\">K1 diev\u010dat\u00e1 11 ro\u010dn\u00e9 2000 m- 1<\/span><\/span><\/span><span style=\"font-size: medium;\">. Gr\u00e9ta NAGY, <\/span><span style=\"color: #000000;\"><span style=\"font-size: medium;\"><span lang=\"sk-SK\">7<\/span><\/span><\/span><span style=\"font-size: medium;\">. Lily CZIBOROV\u00c1, <\/span><span style=\"color: #000000;\"><span style=\"font-size: medium;\"><span lang=\"sk-SK\">11<\/span><\/span><\/span><span style=\"font-size: medium;\">. Emily CZIBOROV\u00c1<\/span><\/p>\n<p class=\"western\" align=\"justify\"><span style=\"color: #000000;\"><span style=\"font-size: medium;\">K1 chlapci 1<\/span><\/span><span style=\"color: #000000;\"><span style=\"font-size: medium;\"><span lang=\"sk-SK\">0<\/span><\/span><\/span><span style=\"color: #000000;\"><span style=\"font-size: medium;\"> ro\u010dn\u00ed 2000 m- <\/span><\/span><span style=\"color: #000000;\"><span style=\"font-size: medium;\"><span lang=\"sk-SK\">6<\/span><\/span><\/span><span style=\"color: #000000;\"><span style=\"font-size: medium;\">.<\/span><\/span><span style=\"color: #000000;\"><span style=\"font-size: medium;\"> Adam GY\u0150RI, <\/span><\/span><span style=\"color: #000000;\"><span style=\"font-size: medium;\"><span lang=\"sk-SK\">12<\/span><\/span><\/span><span style=\"color: #000000;\"><span style=\"font-size: medium;\">. <\/span><\/span><span style=\"color: #000000;\"><span style=\"font-size: medium;\">Maximus NAGY, 1<\/span><\/span><span style=\"color: #000000;\"><span style=\"font-size: medium;\"><span lang=\"sk-SK\">4<\/span><\/span><\/span><span style=\"color: #000000;\"><span style=\"font-size: medium;\">.Samuel J\u00d3ZSA, 1<\/span><\/span><span style=\"color: #000000;\"><span style=\"font-size: medium;\"><span lang=\"sk-SK\">5<\/span><\/span><\/span><span style=\"color: #000000;\"><span style=\"font-size: medium;\">. K\u00e1roly P\u00c1LFY, <\/span><\/span><\/p>\n<p class=\"western\" align=\"left\"><span style=\"color: #212529;\"><span style=\"font-size: medium;\"><span lang=\"sk-SK\">K2 diev\u010dat\u00e1 13 a 14 ro\u010dn\u00e9 5000 m- 4. Diana MARKOVI\u010cOV\u00c1- A. KOV\u00c1\u010cOV\u00c1 \/ TAT\/, 8. <\/span><\/span><\/span><span style=\"color: #212529;\"><span style=\"font-size: medium;\"><span lang=\"sk-SK\">Lilian KR\u0160TE\u0147ANSK\u00c1- Sophie RUHANEN, 10. Adela LOPATOV\u00c1- V. HAL\u00c1SZOV\u00c1 \/ ZLP\/<\/span><\/span><\/span><\/p>\n<p class=\"western\" align=\"left\"><span style=\"color: #212529;\"><span style=\"font-size: medium;\"><span lang=\"sk-SK\">K1 chlapci 14 ro\u010dn\u00ed 5000 m- 15. D\u00e1vid ZAUKO, Patrice MUHAR- prevr\u00e1til<\/span><\/span><\/span><\/p>\n<p class=\"western\" align=\"left\"><span style=\"color: #212529;\"><span style=\"font-size: medium;\"><span lang=\"sk-SK\">K1 juniori 500 m- 3. Dominik NAGY- Luk\u00e1\u0161 GROLMUS<\/span><\/span><\/span><\/p>\n<p class=\"western\" align=\"left\"><span style=\"color: #212529;\"><span style=\"font-size: medium;\"><span lang=\"sk-SK\">K2 juniorky 5000 m- 1. Lili\u00e1na GA\u00c1L- T. CZANIKOV\u00c1 <\/span><\/span><\/span><span style=\"color: #212529;\"><span style=\"font-size: medium;\"><span lang=\"sk-SK\">\/ZLP\/<\/span><\/span><\/span><\/p>\n<p class=\"western\" align=\"left\"><span style=\"color: #212529;\"><span style=\"font-size: medium;\"><span lang=\"sk-SK\">K1 chlapci 13 ro\u010dn\u00ed 5000 m- 1. Alex \u00d3DOR, 4. <\/span><\/span><\/span><span style=\"color: #212529;\"><span style=\"font-size: medium;\"><span lang=\"sk-SK\">D\u00e1vid GY\u0150RI, 12. Bence HATOS, Hunor P\u00c1LFY- diskval<\/span><\/span><\/span><\/p>\n<p class=\"western\" align=\"left\"><span style=\"color: #212529;\"><span style=\"font-size: medium;\"><span lang=\"sk-SK\">K2 kadeti 5000 m- 6. Peter Teo LUK\u00c1\u010c- Michal T\u00d3TH, 9. Samuel DEM\u00c1\u010cEK- Matej LOPATA<\/span><\/span><\/span><\/p>\n<p class=\"western\" align=\"left\"><span style=\"color: #212529;\"><span style=\"font-size: medium;\"><span lang=\"sk-SK\">K1 kadetky 500 m- 6. Nadine \u010eUR\u010cOV\u00c1- Lucia DEM\u00c1\u010cEKOV\u00c1<\/span><\/span><\/span><\/p>\n<p>&nbsp;<\/p>\n<p class=\"western\" style=\"text-align: left;\" align=\"left\">\n","protected":false},"excerpt":{"rendered":"<p>Ve\u013ek\u00e1 cena Kom\u00e1rna v r\u00fdchlostnej kanoistike zap\u00edsala v d\u0148och 3. a 4.j\u00fana 2023 svoju 65. kapitolu.\u00a0 Kajak &amp; kanoe klub Kom\u00e1rno pod veden\u00edm predsedu Viktora DEMINA organiz\u00e1ciu pretekov zvl\u00e1dli na ve\u013emi dobrej \u00farovni a aj tento ro\u010dn\u00edk patril medzi vydaren\u00e9.\u00a0 Pretekov sa z\u00fa\u010dastnilo celkom 443 pretek\u00e1rov z 30 oddielov Slovenska, \u010ceska, Ma\u010farska a Talianska. Po\u010das [&hellip;]<\/p>\n","protected":false},"author":3,"featured_media":3510,"comment_status":"open","ping_status":"open","sticky":false,"template":"","format":"standard","meta":{"inline_featured_image":false,"footnotes":""},"categories":[1],"tags":[],"class_list":["post-3509","post","type-post","status-publish","format-standard","has-post-thumbnail","hentry","category-novinky"],"acf":[],"yoast_head":"<!-- This site is optimized with the Yoast SEO plugin v26.6 - https:\/\/yoast.com\/wordpress\/plugins\/seo\/ -->\n<title>Vydaren\u00e1 65. Ve\u013ek\u00e1 cena Kom\u00e1rna - Kajak &amp; kanoe klub Kom\u00e1rno<\/title>\n<meta name=\"robots\" content=\"index, follow, max-snippet:-1, max-image-preview:large, max-video-preview:-1\" \/>\n<link rel=\"canonical\" href=\"https:\/\/kajakkomarno.sk\/novinky\/vydarena-65-velka-cena-komarna\/\" \/>\n<meta property=\"og:locale\" content=\"hu_HU\" \/>\n<meta property=\"og:type\" content=\"article\" \/>\n<meta property=\"og:title\" content=\"Vydaren\u00e1 65. Ve\u013ek\u00e1 cena Kom\u00e1rna - Kajak &amp; kanoe klub Kom\u00e1rno\" \/>\n<meta property=\"og:description\" content=\"Ve\u013ek\u00e1 cena Kom\u00e1rna v r\u00fdchlostnej kanoistike zap\u00edsala v d\u0148och 3. a 4.j\u00fana 2023 svoju 65. kapitolu.\u00a0 Kajak &amp; kanoe klub Kom\u00e1rno pod veden\u00edm predsedu Viktora DEMINA organiz\u00e1ciu pretekov zvl\u00e1dli na ve\u013emi dobrej \u00farovni a aj tento ro\u010dn\u00edk patril medzi vydaren\u00e9.\u00a0 Pretekov sa z\u00fa\u010dastnilo celkom 443 pretek\u00e1rov z 30 oddielov Slovenska, \u010ceska, Ma\u010farska a Talianska. Po\u010das [&hellip;]\" \/>\n<meta property=\"og:url\" content=\"https:\/\/kajakkomarno.sk\/novinky\/vydarena-65-velka-cena-komarna\/\" \/>\n<meta property=\"og:site_name\" content=\"Kajak &amp; kanoe klub Kom\u00e1rno\" \/>\n<meta property=\"article:published_time\" content=\"2023-06-06T19:23:50+00:00\" \/>\n<meta property=\"article:modified_time\" content=\"2023-06-08T14:57:34+00:00\" \/>\n<meta property=\"og:image\" content=\"https:\/\/kajakkomarno.sk\/wp-content\/uploads\/2023\/06\/VCK-2023-IL_n.jpg\" \/>\n\t<meta property=\"og:image:width\" content=\"960\" \/>\n\t<meta property=\"og:image:height\" content=\"720\" \/>\n\t<meta property=\"og:image:type\" content=\"image\/jpeg\" \/>\n<meta name=\"author\" content=\"petrusivi18@gmail.com\" \/>\n<meta name=\"twitter:card\" content=\"summary_large_image\" \/>\n<meta name=\"twitter:label1\" content=\"Szerz\u0151:\" \/>\n\t<meta name=\"twitter:data1\" content=\"petrusivi18@gmail.com\" \/>\n\t<meta name=\"twitter:label2\" content=\"Becs\u00fclt olvas\u00e1si id\u0151\" \/>\n\t<meta name=\"twitter:data2\" content=\"10 perc\" \/>\n<script type=\"application\/ld+json\" class=\"yoast-schema-graph\">{\"@context\":\"https:\/\/schema.org\",\"@graph\":[{\"@type\":\"Article\",\"@id\":\"https:\/\/kajakkomarno.sk\/novinky\/vydarena-65-velka-cena-komarna\/#article\",\"isPartOf\":{\"@id\":\"https:\/\/kajakkomarno.sk\/novinky\/vydarena-65-velka-cena-komarna\/\"},\"author\":{\"name\":\"petrusivi18@gmail.com\",\"@id\":\"https:\/\/kajakkomarno.sk\/#\/schema\/person\/c5c91af715cbb9be5937ae2db77cab69\"},\"headline\":\"Vydaren\u00e1 65. Ve\u013ek\u00e1 cena Kom\u00e1rna\",\"datePublished\":\"2023-06-06T19:23:50+00:00\",\"dateModified\":\"2023-06-08T14:57:34+00:00\",\"mainEntityOfPage\":{\"@id\":\"https:\/\/kajakkomarno.sk\/novinky\/vydarena-65-velka-cena-komarna\/\"},\"wordCount\":1778,\"commentCount\":0,\"publisher\":{\"@id\":\"https:\/\/kajakkomarno.sk\/#organization\"},\"image\":{\"@id\":\"https:\/\/kajakkomarno.sk\/novinky\/vydarena-65-velka-cena-komarna\/#primaryimage\"},\"thumbnailUrl\":\"https:\/\/kajakkomarno.sk\/wp-content\/uploads\/2023\/06\/VCK-2023-IL_n.jpg\",\"articleSection\":[\"Novinky\"],\"inLanguage\":\"hu\",\"potentialAction\":[{\"@type\":\"CommentAction\",\"name\":\"Comment\",\"target\":[\"https:\/\/kajakkomarno.sk\/novinky\/vydarena-65-velka-cena-komarna\/#respond\"]}]},{\"@type\":\"WebPage\",\"@id\":\"https:\/\/kajakkomarno.sk\/novinky\/vydarena-65-velka-cena-komarna\/\",\"url\":\"https:\/\/kajakkomarno.sk\/novinky\/vydarena-65-velka-cena-komarna\/\",\"name\":\"Vydaren\u00e1 65. Ve\u013ek\u00e1 cena Kom\u00e1rna - Kajak &amp; kanoe klub Kom\u00e1rno\",\"isPartOf\":{\"@id\":\"https:\/\/kajakkomarno.sk\/#website\"},\"primaryImageOfPage\":{\"@id\":\"https:\/\/kajakkomarno.sk\/novinky\/vydarena-65-velka-cena-komarna\/#primaryimage\"},\"image\":{\"@id\":\"https:\/\/kajakkomarno.sk\/novinky\/vydarena-65-velka-cena-komarna\/#primaryimage\"},\"thumbnailUrl\":\"https:\/\/kajakkomarno.sk\/wp-content\/uploads\/2023\/06\/VCK-2023-IL_n.jpg\",\"datePublished\":\"2023-06-06T19:23:50+00:00\",\"dateModified\":\"2023-06-08T14:57:34+00:00\",\"breadcrumb\":{\"@id\":\"https:\/\/kajakkomarno.sk\/novinky\/vydarena-65-velka-cena-komarna\/#breadcrumb\"},\"inLanguage\":\"hu\",\"potentialAction\":[{\"@type\":\"ReadAction\",\"target\":[\"https:\/\/kajakkomarno.sk\/novinky\/vydarena-65-velka-cena-komarna\/\"]}]},{\"@type\":\"ImageObject\",\"inLanguage\":\"hu\",\"@id\":\"https:\/\/kajakkomarno.sk\/novinky\/vydarena-65-velka-cena-komarna\/#primaryimage\",\"url\":\"https:\/\/kajakkomarno.sk\/wp-content\/uploads\/2023\/06\/VCK-2023-IL_n.jpg\",\"contentUrl\":\"https:\/\/kajakkomarno.sk\/wp-content\/uploads\/2023\/06\/VCK-2023-IL_n.jpg\",\"width\":960,\"height\":720},{\"@type\":\"BreadcrumbList\",\"@id\":\"https:\/\/kajakkomarno.sk\/novinky\/vydarena-65-velka-cena-komarna\/#breadcrumb\",\"itemListElement\":[{\"@type\":\"ListItem\",\"position\":1,\"name\":\"Domov\",\"item\":\"https:\/\/kajakkomarno.sk\/hu\/fooldal\/\"},{\"@type\":\"ListItem\",\"position\":2,\"name\":\"Novinky\",\"item\":\"https:\/\/kajakkomarno.sk\/category\/novinky\/\"},{\"@type\":\"ListItem\",\"position\":3,\"name\":\"Vydaren\u00e1 65. Ve\u013ek\u00e1 cena Kom\u00e1rna\"}]},{\"@type\":\"WebSite\",\"@id\":\"https:\/\/kajakkomarno.sk\/#website\",\"url\":\"https:\/\/kajakkomarno.sk\/\",\"name\":\"Kajak &amp; kanoe klub Kom\u00e1rno\",\"description\":\"\",\"publisher\":{\"@id\":\"https:\/\/kajakkomarno.sk\/#organization\"},\"potentialAction\":[{\"@type\":\"SearchAction\",\"target\":{\"@type\":\"EntryPoint\",\"urlTemplate\":\"https:\/\/kajakkomarno.sk\/?s={search_term_string}\"},\"query-input\":{\"@type\":\"PropertyValueSpecification\",\"valueRequired\":true,\"valueName\":\"search_term_string\"}}],\"inLanguage\":\"hu\"},{\"@type\":\"Organization\",\"@id\":\"https:\/\/kajakkomarno.sk\/#organization\",\"name\":\"Kajak &amp; kanoe klub Kom\u00e1rno\",\"url\":\"https:\/\/kajakkomarno.sk\/\",\"logo\":{\"@type\":\"ImageObject\",\"inLanguage\":\"hu\",\"@id\":\"https:\/\/kajakkomarno.sk\/#\/schema\/logo\/image\/\",\"url\":\"https:\/\/kajakkomarno.sk\/wp-content\/uploads\/2022\/12\/kajak-kanoe-klub-komarno-optimized-opt.svg\",\"contentUrl\":\"https:\/\/kajakkomarno.sk\/wp-content\/uploads\/2022\/12\/kajak-kanoe-klub-komarno-optimized-opt.svg\",\"width\":307,\"height\":66,\"caption\":\"Kajak &amp; kanoe klub Kom\u00e1rno\"},\"image\":{\"@id\":\"https:\/\/kajakkomarno.sk\/#\/schema\/logo\/image\/\"}},{\"@type\":\"Person\",\"@id\":\"https:\/\/kajakkomarno.sk\/#\/schema\/person\/c5c91af715cbb9be5937ae2db77cab69\",\"name\":\"petrusivi18@gmail.com\",\"image\":{\"@type\":\"ImageObject\",\"inLanguage\":\"hu\",\"@id\":\"https:\/\/kajakkomarno.sk\/#\/schema\/person\/image\/\",\"url\":\"https:\/\/secure.gravatar.com\/avatar\/77dd3ca1ae9038935f09e411f1d53193ef634a1b97c471309f0fc163209e68d8?s=96&d=mm&r=g\",\"contentUrl\":\"https:\/\/secure.gravatar.com\/avatar\/77dd3ca1ae9038935f09e411f1d53193ef634a1b97c471309f0fc163209e68d8?s=96&d=mm&r=g\",\"caption\":\"petrusivi18@gmail.com\"},\"url\":\"https:\/\/kajakkomarno.sk\/hu\/author\/petrusivi18gmail-com\/\"}]}<\/script>\n<!-- \/ Yoast SEO plugin. -->","yoast_head_json":{"title":"Vydaren\u00e1 65. Ve\u013ek\u00e1 cena Kom\u00e1rna - Kajak &amp; kanoe klub Kom\u00e1rno","robots":{"index":"index","follow":"follow","max-snippet":"max-snippet:-1","max-image-preview":"max-image-preview:large","max-video-preview":"max-video-preview:-1"},"canonical":"https:\/\/kajakkomarno.sk\/novinky\/vydarena-65-velka-cena-komarna\/","og_locale":"hu_HU","og_type":"article","og_title":"Vydaren\u00e1 65. Ve\u013ek\u00e1 cena Kom\u00e1rna - Kajak &amp; kanoe klub Kom\u00e1rno","og_description":"Ve\u013ek\u00e1 cena Kom\u00e1rna v r\u00fdchlostnej kanoistike zap\u00edsala v d\u0148och 3. a 4.j\u00fana 2023 svoju 65. kapitolu.\u00a0 Kajak &amp; kanoe klub Kom\u00e1rno pod veden\u00edm predsedu Viktora DEMINA organiz\u00e1ciu pretekov zvl\u00e1dli na ve\u013emi dobrej \u00farovni a aj tento ro\u010dn\u00edk patril medzi vydaren\u00e9.\u00a0 Pretekov sa z\u00fa\u010dastnilo celkom 443 pretek\u00e1rov z 30 oddielov Slovenska, \u010ceska, Ma\u010farska a Talianska. Po\u010das [&hellip;]","og_url":"https:\/\/kajakkomarno.sk\/novinky\/vydarena-65-velka-cena-komarna\/","og_site_name":"Kajak &amp; kanoe klub Kom\u00e1rno","article_published_time":"2023-06-06T19:23:50+00:00","article_modified_time":"2023-06-08T14:57:34+00:00","og_image":[{"width":960,"height":720,"url":"https:\/\/kajakkomarno.sk\/wp-content\/uploads\/2023\/06\/VCK-2023-IL_n.jpg","type":"image\/jpeg"}],"author":"petrusivi18@gmail.com","twitter_card":"summary_large_image","twitter_misc":{"Szerz\u0151:":"petrusivi18@gmail.com","Becs\u00fclt olvas\u00e1si id\u0151":"10 perc"},"schema":{"@context":"https:\/\/schema.org","@graph":[{"@type":"Article","@id":"https:\/\/kajakkomarno.sk\/novinky\/vydarena-65-velka-cena-komarna\/#article","isPartOf":{"@id":"https:\/\/kajakkomarno.sk\/novinky\/vydarena-65-velka-cena-komarna\/"},"author":{"name":"petrusivi18@gmail.com","@id":"https:\/\/kajakkomarno.sk\/#\/schema\/person\/c5c91af715cbb9be5937ae2db77cab69"},"headline":"Vydaren\u00e1 65. Ve\u013ek\u00e1 cena Kom\u00e1rna","datePublished":"2023-06-06T19:23:50+00:00","dateModified":"2023-06-08T14:57:34+00:00","mainEntityOfPage":{"@id":"https:\/\/kajakkomarno.sk\/novinky\/vydarena-65-velka-cena-komarna\/"},"wordCount":1778,"commentCount":0,"publisher":{"@id":"https:\/\/kajakkomarno.sk\/#organization"},"image":{"@id":"https:\/\/kajakkomarno.sk\/novinky\/vydarena-65-velka-cena-komarna\/#primaryimage"},"thumbnailUrl":"https:\/\/kajakkomarno.sk\/wp-content\/uploads\/2023\/06\/VCK-2023-IL_n.jpg","articleSection":["Novinky"],"inLanguage":"hu","potentialAction":[{"@type":"CommentAction","name":"Comment","target":["https:\/\/kajakkomarno.sk\/novinky\/vydarena-65-velka-cena-komarna\/#respond"]}]},{"@type":"WebPage","@id":"https:\/\/kajakkomarno.sk\/novinky\/vydarena-65-velka-cena-komarna\/","url":"https:\/\/kajakkomarno.sk\/novinky\/vydarena-65-velka-cena-komarna\/","name":"Vydaren\u00e1 65. Ve\u013ek\u00e1 cena Kom\u00e1rna - Kajak &amp; kanoe klub Kom\u00e1rno","isPartOf":{"@id":"https:\/\/kajakkomarno.sk\/#website"},"primaryImageOfPage":{"@id":"https:\/\/kajakkomarno.sk\/novinky\/vydarena-65-velka-cena-komarna\/#primaryimage"},"image":{"@id":"https:\/\/kajakkomarno.sk\/novinky\/vydarena-65-velka-cena-komarna\/#primaryimage"},"thumbnailUrl":"https:\/\/kajakkomarno.sk\/wp-content\/uploads\/2023\/06\/VCK-2023-IL_n.jpg","datePublished":"2023-06-06T19:23:50+00:00","dateModified":"2023-06-08T14:57:34+00:00","breadcrumb":{"@id":"https:\/\/kajakkomarno.sk\/novinky\/vydarena-65-velka-cena-komarna\/#breadcrumb"},"inLanguage":"hu","potentialAction":[{"@type":"ReadAction","target":["https:\/\/kajakkomarno.sk\/novinky\/vydarena-65-velka-cena-komarna\/"]}]},{"@type":"ImageObject","inLanguage":"hu","@id":"https:\/\/kajakkomarno.sk\/novinky\/vydarena-65-velka-cena-komarna\/#primaryimage","url":"https:\/\/kajakkomarno.sk\/wp-content\/uploads\/2023\/06\/VCK-2023-IL_n.jpg","contentUrl":"https:\/\/kajakkomarno.sk\/wp-content\/uploads\/2023\/06\/VCK-2023-IL_n.jpg","width":960,"height":720},{"@type":"BreadcrumbList","@id":"https:\/\/kajakkomarno.sk\/novinky\/vydarena-65-velka-cena-komarna\/#breadcrumb","itemListElement":[{"@type":"ListItem","position":1,"name":"Domov","item":"https:\/\/kajakkomarno.sk\/hu\/fooldal\/"},{"@type":"ListItem","position":2,"name":"Novinky","item":"https:\/\/kajakkomarno.sk\/category\/novinky\/"},{"@type":"ListItem","position":3,"name":"Vydaren\u00e1 65. Ve\u013ek\u00e1 cena Kom\u00e1rna"}]},{"@type":"WebSite","@id":"https:\/\/kajakkomarno.sk\/#website","url":"https:\/\/kajakkomarno.sk\/","name":"Kajak &amp; kanoe klub Kom\u00e1rno","description":"","publisher":{"@id":"https:\/\/kajakkomarno.sk\/#organization"},"potentialAction":[{"@type":"SearchAction","target":{"@type":"EntryPoint","urlTemplate":"https:\/\/kajakkomarno.sk\/?s={search_term_string}"},"query-input":{"@type":"PropertyValueSpecification","valueRequired":true,"valueName":"search_term_string"}}],"inLanguage":"hu"},{"@type":"Organization","@id":"https:\/\/kajakkomarno.sk\/#organization","name":"Kajak &amp; kanoe klub Kom\u00e1rno","url":"https:\/\/kajakkomarno.sk\/","logo":{"@type":"ImageObject","inLanguage":"hu","@id":"https:\/\/kajakkomarno.sk\/#\/schema\/logo\/image\/","url":"https:\/\/kajakkomarno.sk\/wp-content\/uploads\/2022\/12\/kajak-kanoe-klub-komarno-optimized-opt.svg","contentUrl":"https:\/\/kajakkomarno.sk\/wp-content\/uploads\/2022\/12\/kajak-kanoe-klub-komarno-optimized-opt.svg","width":307,"height":66,"caption":"Kajak &amp; kanoe klub Kom\u00e1rno"},"image":{"@id":"https:\/\/kajakkomarno.sk\/#\/schema\/logo\/image\/"}},{"@type":"Person","@id":"https:\/\/kajakkomarno.sk\/#\/schema\/person\/c5c91af715cbb9be5937ae2db77cab69","name":"petrusivi18@gmail.com","image":{"@type":"ImageObject","inLanguage":"hu","@id":"https:\/\/kajakkomarno.sk\/#\/schema\/person\/image\/","url":"https:\/\/secure.gravatar.com\/avatar\/77dd3ca1ae9038935f09e411f1d53193ef634a1b97c471309f0fc163209e68d8?s=96&d=mm&r=g","contentUrl":"https:\/\/secure.gravatar.com\/avatar\/77dd3ca1ae9038935f09e411f1d53193ef634a1b97c471309f0fc163209e68d8?s=96&d=mm&r=g","caption":"petrusivi18@gmail.com"},"url":"https:\/\/kajakkomarno.sk\/hu\/author\/petrusivi18gmail-com\/"}]}},"_links":{"self":[{"href":"https:\/\/kajakkomarno.sk\/hu\/wp-json\/wp\/v2\/posts\/3509","targetHints":{"allow":["GET"]}}],"collection":[{"href":"https:\/\/kajakkomarno.sk\/hu\/wp-json\/wp\/v2\/posts"}],"about":[{"href":"https:\/\/kajakkomarno.sk\/hu\/wp-json\/wp\/v2\/types\/post"}],"author":[{"embeddable":true,"href":"https:\/\/kajakkomarno.sk\/hu\/wp-json\/wp\/v2\/users\/3"}],"replies":[{"embeddable":true,"href":"https:\/\/kajakkomarno.sk\/hu\/wp-json\/wp\/v2\/comments?post=3509"}],"version-history":[{"count":0,"href":"https:\/\/kajakkomarno.sk\/hu\/wp-json\/wp\/v2\/posts\/3509\/revisions"}],"wp:featuredmedia":[{"embeddable":true,"href":"https:\/\/kajakkomarno.sk\/hu\/wp-json\/wp\/v2\/media\/3510"}],"wp:attachment":[{"href":"https:\/\/kajakkomarno.sk\/hu\/wp-json\/wp\/v2\/media?parent=3509"}],"wp:term":[{"taxonomy":"category","embeddable":true,"href":"https:\/\/kajakkomarno.sk\/hu\/wp-json\/wp\/v2\/categories?post=3509"},{"taxonomy":"post_tag","embeddable":true,"href":"https:\/\/kajakkomarno.sk\/hu\/wp-json\/wp\/v2\/tags?post=3509"}],"curies":[{"name":"wp","href":"https:\/\/api.w.org\/{rel}","templated":true}]}}