{"id":3489,"date":"2023-05-31T21:01:37","date_gmt":"2023-05-31T19:01:37","guid":{"rendered":"https:\/\/kajakkomarno.sk\/?p=3489"},"modified":"2023-05-31T21:01:37","modified_gmt":"2023-05-31T19:01:37","slug":"pred-velkou-cenou-komarna-o-jej-zrode-a-vyvoji","status":"publish","type":"post","link":"https:\/\/kajakkomarno.sk\/hu\/novinky\/pred-velkou-cenou-komarna-o-jej-zrode-a-vyvoji\/","title":{"rendered":"Pred Ve\u013ekou cenou Kom\u00e1rna- o jej  zrode a v\u00fdvoji"},"content":{"rendered":"<p class=\"western\" align=\"justify\"><span style=\"font-family: Arial, sans-serif;\"><span style=\"font-size: medium;\">Ve\u013ek\u00e1 cena Kom\u00e1rna v d\u0148och 3. a\u017e 4. j\u00fana 2023 za\u010dne p\u00edsa\u0165 svoju 65. kapitolu. <\/span><\/span><span style=\"font-family: Arial, sans-serif;\"><span style=\"font-size: medium;\">\u00dactyhodn\u00e9 obdobie. <\/span><\/span><span style=\"font-family: Arial, sans-serif;\"><span style=\"font-size: medium;\">P<\/span><\/span><span style=\"font-family: Arial, sans-serif;\"><span style=\"font-size: medium;\">atr\u00ed medzi v\u00fdznamn\u00e9 \u0161portov\u00e9 podujatia <\/span><\/span><span style=\"color: #000000;\"><span style=\"font-family: Arial, sans-serif;\"><span style=\"font-size: medium;\"><span lang=\"sk-SK\">v na\u0161om meste , j<\/span><\/span><\/span><\/span><span style=\"font-family: Arial, sans-serif;\"><span style=\"font-size: medium;\">e<\/span><\/span><span style=\"color: #000000;\"><span style=\"font-family: Arial, sans-serif;\"><span style=\"font-size: medium;\"> ve\u013ek\u00fdm spolo\u010densk\u00fdm a \u0161portov\u00fdm sviatkom <\/span><\/span><\/span><span style=\"color: #000000;\"><span style=\"font-family: Arial, sans-serif;\"><span style=\"font-size: medium;\">nielen pre pretek\u00e1rov, ale aj obyvate\u013eov mesta.<\/span><\/span><\/span><\/p>\n<h2>\u010co predch\u00e1dzalo vzniku Ve\u013ekej ceny Kom\u00e1rna<\/h2>\n<p class=\"western\" align=\"justify\"><span style=\"color: #000000;\"><span style=\"font-family: Arial, serif;\"><span style=\"font-size: medium;\">Vzniku Ve\u013ekej ceny predch\u00e1dzali v rokoch 1955 a\u017e 1957 medzikrajov\u00e9 preteky kajak\u00e1rov a kanoistov medzi dru\u017estvami Banskej Bystrice a Nitry na m\u0155tvom ramene V\u00e1hu.\u00a0<\/span><\/span><\/span><span style=\"color: #000000;\"><span style=\"font-family: Arial, serif;\"><span style=\"font-size: medium;\">V roku 1958 podujatie nieslo n\u00e1zov <\/span><\/span><\/span><span style=\"color: #000000;\"><span style=\"font-family: Arial, serif;\"><span style=\"font-size: medium;\"><i>Kom\u00e1r\u0148ansk\u00e1 p\u00e4\u0165stovka<\/i><\/span><\/span><\/span><span style=\"color: #000000;\"><span style=\"font-family: Arial, serif;\"><span style=\"font-size: medium;\"> a okrem miestneho dru\u017estva sa na \u0148om z\u00fa\u010dastnili aj pretek\u00e1ri zo \u0160t\u00farova a Nov\u00e1k.\u00a0<\/span><\/span><\/span><span style=\"color: #000000;\"><span style=\"font-family: Arial, serif;\"><span style=\"font-size: medium;\">Kom\u00e1r\u0148ansk\u00e9 regaty v\u0161ak v tomto obdob\u00ed e\u0161te neboli v term\u00ednovom kalend\u00e1ri V\u00fdboru Zv\u00e4zu kanoistiky.<\/span><\/span><\/span><\/p>\n<h2><span lang=\"sk-SK\">1. ro\u010dn\u00edk <\/span> Ve\u013ekej ceny SLK v roku 1959<\/h2>\n<p class=\"western\" align=\"justify\"><span style=\"color: #000000;\"><span style=\"font-family: Arial, serif;\"><span style=\"font-size: medium;\">Patron\u00e1t nad pretekmi kajak\u00e1rov a kanoistov prevzal v roku 1959 najv\u00e4\u010d\u0161\u00ed podnik v\u00a0regi\u00f3ne &#8211; <\/span><\/span><\/span><span style=\"color: #000000;\"><span style=\"font-family: Arial, serif;\"><span style=\"font-size: medium;\">Slovensk\u00e9 lodenice Kom\u00e1rno, tak sa zrodila <\/span><\/span><\/span> <span style=\"color: #000000;\"><span style=\"font-family: Arial, serif;\"><span style=\"font-size: medium;\"><i><b>Ve\u013ek\u00e1 cena Slovensk\u00fdch loden\u00edc Kom\u00e1rno.<\/b><\/i><\/span><\/span><\/span><\/p>\n<p class=\"western\" align=\"justify\"><span style=\"color: #000000;\"><span style=\"font-family: Arial, serif;\"><span style=\"font-size: medium;\"><b>1.<\/b><\/span><\/span><\/span><span style=\"color: #000000;\"><span style=\"font-family: Arial, serif;\"><span style=\"font-size: medium;\"><b> ro\u010dn\u00edk Ve\u013ekej ceny Slovensk\u00fdch loden\u00edc Kom\u00e1rno sa uskuto\u010dnil v d\u0148och 26. a 27. septembra 1959 na m\u0155tvom ramene V\u00e1hu.<\/b><\/span><\/span><\/span><span style=\"color: #000000;\"><span style=\"font-family: Arial, serif;\"><span style=\"font-size: medium;\"> Organizoval ho oddiel vodn\u00fdch \u0161portov TJ Spartak SLK Kom\u00e1rno, preto sa okrem kanoistiky s\u00fa\u0165a\u017eilo aj v jachtingu a plachten\u00ed. <\/span><\/span><\/span><\/p>\n<p class=\"western\" align=\"justify\"><span style=\"color: #000000;\"><span style=\"font-family: Arial, serif;\"><span style=\"font-size: medium;\">Kanoistick\u00e9 s\u00faboje sa odohr\u00e1vali len na 500 m trati za \u00fa\u010dasti pretek\u00e1rov z Kom\u00e1rna a z piatich bratislavsk\u00fdch oddielov (Tatran, \u010cH, Vinohrady, Slovnaft, Sl\u00e1via UK). Hlavn\u00e1 bola s\u00fa\u0165a\u017e dru\u017estiev. S\u00faboj Bratislava \u2013 Kom\u00e1rno vyznel po celkovom s\u010d\u00edtan\u00ed bodov 33:30 pre host\u00ed. Bratislav\u010dania ako trofej \u2013 Ve\u013ek\u00fa cenu \u2013 dostali ve\u013ek\u00fd zar\u00e1movan\u00fd obraz osobnej lode. Mala to by\u0165 putovn\u00e1 cena, ale do Kom\u00e1rna sa obraz u\u017e viac nevr\u00e1til. V kateg\u00f3rii mu\u017eov celkove dominovali v K1 a v C1 pretek\u00e1ri, ktor\u00ed sa zaradili aj do absol\u00fatnej svetovej \u0161pi\u010dky a \u0161tartovali aj na OH &#8211; Ladislav \u010cep\u010diansky a Tibor Polakovi\u010d.<\/span><\/span><\/span><\/p>\n<p class=\"western\" align=\"justify\"><span style=\"color: #000000;\"><span style=\"font-family: Arial, serif;\"><span style=\"font-size: medium;\">Preteky takmer v\u017edy otv\u00e1ral predseda <\/span><\/span><\/span><span style=\"color: #000000;\"><span style=\"font-family: Arial, serif;\"><span style=\"font-size: medium;\"><i>TJ Spartak Kom\u00e1rno a<\/i><\/span><\/span><\/span><span style=\"color: #000000;\"><span style=\"font-family: Arial, serif;\"><span style=\"font-size: medium;\"> riadite\u013eom pretekov bol spravidla predseda oddielu r\u00fdchlostnej kanoistiky. Ceny zvy\u010dajne odovzd\u00e1val riadite\u013e loden\u00edc, alebo niekto z vedenia z\u00e1vodu.<\/span><\/span><\/span><\/p>\n<p class=\"western\" align=\"justify\"><strong><span style=\"color: #000000;\"><span style=\"font-family: Arial, serif;\"><span style=\"font-size: medium;\">Trad\u00edcia podujatia sa od roku 1959 ani raz nepreru\u0161ila.<\/span><\/span><\/span><\/strong><\/p>\n<figure id=\"attachment_3490\" aria-describedby=\"caption-attachment-3490\" style=\"width: 520px\" class=\"wp-caption aligncenter\"><img fetchpriority=\"high\" decoding=\"async\" class=\"wp-image-3490\" src=\"https:\/\/kajakkomarno.sk\/wp-content\/uploads\/2023\/05\/HIST-VCK-02-450x327.jpg\" alt=\"\" width=\"520\" height=\"378\" srcset=\"https:\/\/kajakkomarno.sk\/wp-content\/uploads\/2023\/05\/HIST-VCK-02-450x327.jpg 450w, https:\/\/kajakkomarno.sk\/wp-content\/uploads\/2023\/05\/HIST-VCK-02.jpg 640w\" sizes=\"(max-width: 520px) 100vw, 520px\" \/><figcaption id=\"caption-attachment-3490\" class=\"wp-caption-text\">Z hist\u00f3rie pretekov<\/figcaption><\/figure>\n<h2>Zmena n\u00e1zvu<\/h2>\n<p class=\"western\" align=\"justify\"><span style=\"color: #000000;\"><span style=\"font-family: Arial, serif;\"><span style=\"font-size: medium;\">Ve\u013ek\u00e1 cena Slovensk\u00fdch loden\u00edc v\u0161ak pre\u0161la zmenami n\u00e1zvu: <\/span><\/span><\/span><\/p>\n<p class=\"western\" align=\"justify\"><span style=\"color: #000000;\"><span style=\"font-family: Arial, serif;\"><span style=\"font-size: medium;\">&#8211; v roku 2000 <\/span><\/span><\/span><span style=\"color: #000000;\"><span style=\"font-family: Arial, serif;\"><span style=\"font-size: medium;\">sa <\/span><\/span><\/span><span style=\"color: #000000;\"><span style=\"font-family: Arial, serif;\"><span style=\"font-size: medium;\"> 42. ro\u010dn\u00edk sa uskuto\u010dnil pod n\u00e1zvom <strong>Ve\u013ek\u00e1 cena Kom\u00e1rna a SLK <\/strong><\/span><\/span><\/span><\/p>\n<p class=\"western\" align=\"justify\"><span style=\"color: #000000;\"><span style=\"font-family: Arial, serif;\"><span style=\"font-size: medium;\">&#8211; od roku 2001, od 43. ro\u010dn\u00edka sa toto podujatie uskuto\u010d<\/span><\/span><\/span><span style=\"color: #000000;\"><span style=\"font-family: Arial, serif;\"><span style=\"font-size: medium;\"><span lang=\"sk-SK\">\u0148uje <\/span><\/span><\/span><\/span><span style=\"color: #000000;\"><span style=\"font-family: Arial, serif;\"><span style=\"font-size: medium;\">pod s\u00fa\u010dasn\u00fdm\u00a0<\/span><\/span><\/span><span style=\"color: #000000;\"> <span style=\"font-family: Arial, serif;\"><span style=\"font-size: medium;\">n\u00e1zvom <strong>Ve\u013ek\u00e1 cena Kom\u00e1rna.<\/strong><\/span><\/span><\/span><\/p>\n<h2><span lang=\"sk-SK\">P<\/span>reteky s medzin\u00e1rodnou \u00fa\u010das\u0165ou<\/h2>\n<p class=\"western\" align=\"justify\"><span style=\"color: #000000;\"><span style=\"font-family: Arial, serif;\"><span style=\"font-size: medium;\">Napriek zvy\u010dajnej \u00fa\u010dasti mno\u017estva reprezentantov v seniorsk\u00fdch kateg\u00f3ri\u00e1ch treba poveda\u0165, \u017ee najv\u00e4\u010d\u0161ie s\u00faboje sa v Kom\u00e1rne odohr\u00e1vali v\u00a0ml\u00e1de\u017en\u00edckych kateg\u00f3ri\u00e1ch a naj\u00faspe\u0161nej\u0161\u00ed oddiel na z\u00e1ver podujatia z\u00edskava Poh\u00e1r ml\u00e1de\u017ee. <\/span><\/span><\/span><\/p>\n<p class=\"western\" align=\"justify\"><span style=\"color: #000000;\"> <span style=\"font-family: Arial, serif;\"><span style=\"font-size: medium;\">V Kom\u00e1rne na pretekoch doteraz \u0161tartovali vod\u00e1ci z b\u00fdvalej Juhosl\u00e1vie, Ma\u010farska, Moldavska, Slovinska, Chorv\u00e1tska, Nemecka, Talianska, Franc\u00fazska, Rak\u00faska, \u0160k\u00f3tska, dokonca aj z USA a Venezuely.<\/span><\/span><\/span><\/p>\n<figure id=\"attachment_3500\" aria-describedby=\"caption-attachment-3500\" style=\"width: 450px\" class=\"wp-caption aligncenter\"><img decoding=\"async\" class=\"size-medium wp-image-3500\" src=\"https:\/\/kajakkomarno.sk\/wp-content\/uploads\/2023\/05\/HIST-VCK-11-450x338.jpeg\" alt=\"\" width=\"450\" height=\"338\" srcset=\"https:\/\/kajakkomarno.sk\/wp-content\/uploads\/2023\/05\/HIST-VCK-11-450x338.jpeg 450w, https:\/\/kajakkomarno.sk\/wp-content\/uploads\/2023\/05\/HIST-VCK-11-768x576.jpeg 768w, https:\/\/kajakkomarno.sk\/wp-content\/uploads\/2023\/05\/HIST-VCK-11.jpeg 1024w\" sizes=\"(max-width: 450px) 100vw, 450px\" \/><figcaption id=\"caption-attachment-3500\" class=\"wp-caption-text\">Na Ve\u013ek\u00fa cenu Kom\u00e1rna radi prich\u00e1dzaj\u00fa aj pretek\u00e1ri zo Sard\u00ednie<\/figcaption><\/figure>\n<h2>Pretek\u00e1ri zap\u00edsan\u00ed na listine v\u00ed\u0165azov<\/h2>\n<p class=\"western\" align=\"justify\"><span style=\"color: #000000;\"><span style=\"font-family: Arial, serif;\"><span style=\"font-size: medium;\">Do listiny v\u00ed\u0165azov sa po\u010das <\/span><\/span><\/span><span style=\"color: #000000;\"><span style=\"font-family: Arial, serif;\"><span style=\"font-size: medium;\"><span lang=\"sk-SK\">64<\/span><\/span><\/span><\/span><span style=\"color: #000000;\"><span style=\"font-family: Arial, serif;\"><span style=\"font-size: medium;\"> ro\u010dn\u00edkov\u00a0 zap\u00edsali pretek\u00e1ri, \u00faspe\u0161n\u00ed olympionici, medailisti z majstrovstiev sveta a Eur\u00f3py. Viacn\u00e1sobn\u00fdmi v\u00ed\u0165azmi sa stali kajak<\/span><\/span><\/span><span style=\"color: #000000;\"><span style=\"font-family: Arial, serif;\"><span style=\"font-size: medium;\"><span lang=\"sk-SK\">\u00e1<\/span><\/span><\/span><\/span><span style=\"color: #000000;\"><span style=\"font-family: Arial, serif;\"><span style=\"font-size: medium;\">ri:\u00a0 \u013dubom\u00edr Kadn\u00e1r, Miroslav Haviar, F\u00e9lix Mas\u00e1r, Ladislav Nagy, \u013dubor \u0160tark, Attila Szab\u00f3, R\u00f3bert Erban, Michal Riszdorfer, Erik Vl\u010dek, Juraj Tarr, \u013dubom\u00edr Be\u0148o, Marko Ujv\u00e1ri<\/span><\/span><\/span><span style=\"color: #000000;\"><span style=\"font-family: Arial, serif;\"><span style=\"font-size: medium;\"><span lang=\"sk-SK\"> a <\/span><\/span><\/span><\/span><span style=\"color: #000000;\"><span style=\"font-family: Arial, serif;\"><span style=\"font-size: medium;\">Adam Botek, kanoisti: Tibor Polakovi\u010d, Franti\u0161ek Dos\u00fadil st., J\u00e1n Zajac, Vojtech Halmo, Radom\u00edr Bla\u017e\u00edk, Milan Va\u0161\u00e1k, Pavol Rusn\u00e1k, Csaba Orosz, Slavom\u00edr K\u0148azovick\u00fd, Peter P\u00e1le\u0161, Anton Grassl, Daniel Biksadsk\u00fd, <\/span><\/span><\/span><span style=\"color: #000000;\"><span style=\"font-family: Arial, serif;\"><span style=\"font-size: medium;\"><span lang=\"sk-SK\">D\u00e1vid Fekete, Mat\u00fa\u0161 Mateji\u010dka<\/span><\/span><\/span><\/span><span style=\"color: #000000;\"><span style=\"font-family: Arial, serif;\"><span style=\"font-size: medium;\"> a medzi \u017eenami dominovali: Hana Domonko\u0161ov\u00e1, Adela Jakabov\u00e1, Viera \u0160ab\u00edkov\u00e1, Jana Polakovi\u010dov\u00e1,\u00a0 Eva Hochshornerov\u00e1, Martina Kohlov\u00e1, Ivana Kme\u0165ov\u00e1, Nikola Zatlkajov\u00e1, Tamara Tak\u00e1cs, Lisa Maria Gamsj\u00e4ger a L\u00edvia Vreckov\u00e1.\u00a0<\/span><\/span><\/span><\/p>\n<h2>Ve\u013ek\u00e1 cena Kom\u00e1rna pokra\u010duje \u00faspe\u0161ne aj po genera\u010dnej v\u00fdmene<\/h2>\n<p class=\"western\" align=\"justify\"><span style=\"color: #000000;\"><span style=\"font-family: Arial, serif;\"><span style=\"font-size: medium;\">D<\/span><\/span><\/span><span style=\"color: #000000;\"><span style=\"font-family: Arial, serif;\"><span style=\"font-size: medium;\">lhoro\u010dn<\/span><\/span><\/span><span style=\"color: #000000;\"><span style=\"font-family: Arial, serif;\"><span style=\"font-size: medium;\"><span lang=\"sk-SK\">\u00fdmi vynikaj\u00facimi<\/span><\/span><\/span><\/span><span style=\"color: #000000;\"><span style=\"font-family: Arial, serif;\"><span style=\"font-size: medium;\"> organiz\u00e1tor<\/span><\/span><\/span><span style=\"color: #000000;\"><span style=\"font-family: Arial, serif;\"><span style=\"font-size: medium;\">mi<\/span><\/span><\/span><span style=\"color: #000000;\"><span style=\"font-family: Arial, serif;\"><span style=\"font-size: medium;\"> Ve\u013ekej ceny Kom\u00e1rna <\/span><\/span><\/span><span style=\"color: #000000;\"><span style=\"font-family: Arial, serif;\"><span style=\"font-size: medium;\">boli <strong>Tibor So\u00f3s <\/strong><\/span><\/span><\/span><strong><span style=\"color: #000000;\"><span style=\"font-family: Arial, serif;\"><span style=\"font-size: medium;\">a Franti\u0161ek Dos\u00fadil, <\/span><\/span><\/span><\/strong><span style=\"color: #000000;\"><span style=\"font-family: Arial, serif;\"><span style=\"font-size: medium;\">ktor\u00fd bol riadite\u013eom pretekov od roku 1973.\u00a0<\/span><\/span><\/span><\/p>\n<p class=\"western\" align=\"justify\"><span style=\"color: #000000;\"><span style=\"font-family: Arial, serif;\"><span style=\"font-size: medium;\">\u0160tafetu od p\u00e1na Tibora So\u00f3sa <\/span><\/span><\/span><span style=\"color: #000000;\"><span style=\"font-family: Arial, serif;\"><span style=\"font-size: medium;\">a <\/span><\/span><\/span><span style=\"color: #000000;\"><span style=\"font-family: Arial, serif;\"><span style=\"font-size: medium;\">Franti\u0161ka Dos\u00fadila prevzal <strong>v roku 2015 Ladislav Broczky<\/strong> a <strong>od roku 2021 s\u00fa\u010dasn\u00fd predseda klubu Viktor Demin<\/strong>. <\/span><\/span><\/span><span style=\"color: #000000;\"><span style=\"font-family: Arial, serif;\"><span style=\"font-size: medium;\">Aj<\/span><\/span><\/span><span style=\"color: #000000;\"><span style=\"font-family: Arial, serif;\"><span style=\"font-size: medium;\"> v\u010faka nim <\/span><\/span><\/span> <span style=\"color: #000000;\"><span style=\"font-family: Arial, serif;\"><span style=\"font-size: medium;\"> pokra\u010duje trad\u00edcia v organizovan\u00ed Ve\u013ekej ceny Kom\u00e1rna na vysokej \u00farovni .<\/span><\/span><\/span><\/p>\n<h2><span lang=\"sk-SK\">O<\/span>d roku 2016 Memori\u00e1l Vojtecha Halma<\/h2>\n<p class=\"western\" align=\"justify\"><span style=\"color: #000000;\"><span style=\"font-family: Arial, serif;\"><span style=\"font-size: medium;\">Od roku 2016, kedy sa konal 58. ro\u010dn\u00edk Ve\u013ekej ceny Kom\u00e1rna, sa uskuto\u010d\u0148uje <\/span><\/span><\/span><span style=\"color: #000000;\"><span style=\"font-family: Arial, serif;\"><span style=\"font-size: medium;\"><b>Memori\u00e1l Vojtecha Halma <\/b><\/span><\/span><\/span><span style=\"color: #000000;\"><span style=\"font-family: Arial, serif;\"><span style=\"font-size: medium;\">na po\u010des\u0165 vynikaj\u00faceho pretek\u00e1ra, tr\u00e9nera a \u010dloveka, ktor\u00fd n\u00e1s nav\u017edy opustil na sklonku roku 2015. Putovn\u00fd poh\u00e1r z\u00edska<\/span><\/span><\/span><span style=\"color: #000000;\"><span style=\"font-family: Arial, serif;\"><span style=\"font-size: medium;\">va<\/span><\/span><\/span><span style=\"color: #000000;\"><span style=\"font-family: Arial, serif;\"><span style=\"font-size: medium;\"> v\u00ed\u0165az v discipl\u00edne C1 juniori na 500 metrovej trati. Prv\u00fdm dr\u017eite\u013eom tohto poh\u00e1ra bol pretek\u00e1r Kajak &amp; kanoe klubu Kom\u00e1rno, kanoista Samuel S\u00fdkora.<\/span><\/span><\/span><\/p>\n<figure id=\"attachment_3494\" aria-describedby=\"caption-attachment-3494\" style=\"width: 435px\" class=\"wp-caption aligncenter\"><img decoding=\"async\" class=\"wp-image-3494\" src=\"https:\/\/kajakkomarno.sk\/wp-content\/uploads\/2023\/05\/HIST-VCK-05-338x450.jpg\" alt=\"\" width=\"435\" height=\"580\" srcset=\"https:\/\/kajakkomarno.sk\/wp-content\/uploads\/2023\/05\/HIST-VCK-05-338x450.jpg 338w, https:\/\/kajakkomarno.sk\/wp-content\/uploads\/2023\/05\/HIST-VCK-05.jpg 720w\" sizes=\"(max-width: 435px) 100vw, 435px\" \/><figcaption id=\"caption-attachment-3494\" class=\"wp-caption-text\">Memori\u00e1l Vojtecha Halma m\u00e1 za sebou 7 ro\u010dn\u00edkov<\/figcaption><\/figure>\n<h2>Hviezdna \u00fa\u010das\u0165 na 60. ro\u010dn\u00edku Ve\u013ekej ceny Kom\u00e1rna<\/h2>\n<p class=\"western\" align=\"justify\"><span style=\"color: #000000;\"><span style=\"font-family: Arial, serif;\"><span style=\"font-size: medium;\">Jubilejn\u00fd 60. ro\u010dn\u00edk Ve\u013ekej ceny Kom\u00e1rna v roku 201<\/span><\/span><\/span><span style=\"color: #000000;\"><span style=\"font-family: Arial, serif;\"><span style=\"font-size: medium;\">8<\/span><\/span><\/span><span style=\"color: #000000;\"><span style=\"font-family: Arial, serif;\"><span style=\"font-size: medium;\"> sa podarilo osl\u00e1vi\u0165 skuto\u010dne ve\u013ekolepo. <\/span><\/span><\/span><span style=\"color: #000000;\"><span style=\"font-family: Arial, serif;\"><span style=\"font-size: medium;\">Do Kom\u00e1rna na Ve\u013ek\u00fa cenu <\/span><\/span><\/span><span style=\"color: #000000;\"><span style=\"font-family: Arial, serif;\"><span style=\"font-size: medium;\"><span lang=\"sk-SK\">zav\u00edtali <\/span><\/span><\/span><\/span><span style=\"color: #000000;\"><span style=\"font-family: Arial, serif;\"><span style=\"font-size: medium;\"> pr<strong>etek\u00e1ri svetovej \u00farovne: olympijsk<\/strong><\/span><\/span><\/span><strong><span style=\"color: #000000;\"><span style=\"font-family: Arial, serif;\"><span style=\"font-size: medium;\"><span lang=\"sk-SK\">\u00ed<\/span><\/span><\/span><\/span><\/strong><span style=\"color: #000000;\"><span style=\"font-family: Arial, serif;\"><span style=\"font-size: medium;\"><strong> medailisti, svetov\u00ed a\u00a0eur\u00f3pski \u0161ampi\u00f3ni. <\/strong>Bolo to v\u010faka <\/span><\/span><\/span><span style=\"color: #000000;\"><span style=\"font-family: Arial, serif;\"><span style=\"font-size: medium;\"><span lang=\"sk-SK\">t<\/span><\/span><\/span><\/span><span style=\"color: #000000;\"><span style=\"font-family: Arial, serif;\"><span style=\"font-size: medium;\">r\u00e9nerovi na\u0161ej \u00faspe\u0161nej K4 Petrovi Lik\u00e9rovi, ktor\u00fd oslovil elitn\u00fdch pretek\u00e1rov a oni toto pozvanie radi prijali. A\u00a0tak sa <\/span><\/span><\/span><span style=\"color: #000000;\"><span style=\"font-family: Arial, serif;\"><span style=\"font-size: medium;\"><span lang=\"sk-SK\">tu <\/span><\/span><\/span><\/span><span style=\"color: #000000;\"><span style=\"font-family: Arial, serif;\"><span style=\"font-size: medium;\">zi\u0161lo hviezdne obsadenie: <strong>Josef Dost\u00e1l, B\u00e1lint Kopasz, S\u00e1ndor T\u00f3tka, P\u00e9ter Moln\u00e1r, D\u00e1vid T\u00f3th, Bal\u00e1zs Birk\u00e1s, James Iuaen. Tamara Tak\u00e1cs, Krisztina Bedecs a\u00a0na\u0161i najlep\u0161\u00ed: Erik Vl\u010dek, Juraj Tarr, Adam Botek,\u00a0Csaba Zalka, Denis My\u0161\u00e1k a\u00a0Martina Kohlov\u00e1<\/strong>. Bol to ur\u010dite nezabudnute\u013en\u00fd z\u00e1\u017eitok pre ka\u017ed\u00e9ho z n\u00e1s.<\/span><\/span><\/span><\/p>\n<figure id=\"attachment_3496\" aria-describedby=\"caption-attachment-3496\" style=\"width: 1280px\" class=\"wp-caption aligncenter\"><img loading=\"lazy\" decoding=\"async\" class=\"wp-image-3496 size-full\" src=\"https:\/\/kajakkomarno.sk\/wp-content\/uploads\/2023\/05\/HIST-VCK-06.jpeg\" alt=\"\" width=\"1280\" height=\"593\" srcset=\"https:\/\/kajakkomarno.sk\/wp-content\/uploads\/2023\/05\/HIST-VCK-06.jpeg 1280w, https:\/\/kajakkomarno.sk\/wp-content\/uploads\/2023\/05\/HIST-VCK-06-450x208.jpeg 450w, https:\/\/kajakkomarno.sk\/wp-content\/uploads\/2023\/05\/HIST-VCK-06-1024x474.jpeg 1024w, https:\/\/kajakkomarno.sk\/wp-content\/uploads\/2023\/05\/HIST-VCK-06-768x356.jpeg 768w\" sizes=\"(max-width: 1280px) 100vw, 1280px\" \/><figcaption id=\"caption-attachment-3496\" class=\"wp-caption-text\">Hviezdna zostava na 60. ro\u010dn\u00edku Ve\u013ekej ceny Kom\u00e1rna<\/figcaption><\/figure>\n<h2>Ve\u013ek\u00e1 cena Kom\u00e1rna v rokoch 2020 a 2021, v obdob\u00ed pand\u00e9mie koronav\u00edrusu<\/h2>\n<p class=\"western\" align=\"justify\"><span style=\"color: #000000;\"><span style=\"font-family: Arial, serif;\"><span style=\"font-size: medium;\">62. ro\u010dn\u00edk Ve\u013ekej ceny Kom\u00e1rna sa uskuto\u010dnil v netradi\u010dnom form\u00e1te a term\u00edne. P\u00f4vodne sa mali<\/span><\/span><\/span><span style=\"color: #000000;\"><span style=\"font-family: Arial, serif;\"><span style=\"font-size: medium;\"><span lang=\"sk-SK\"> preteky<\/span><\/span><\/span><\/span><span style=\"color: #000000;\"><span style=\"font-family: Arial, serif;\"><span style=\"font-size: medium;\"> uskuto\u010dni\u0165 v d\u0148och 13.06. a\u017e 14.06.2020. Pand\u00e9mia koronav\u00edrusu v\u0161ak bola proti. Ru\u0161ili sa podujatia, vr\u00e1tane \u0161portov\u00fdch a do zoznamu zru\u0161en\u00fdch pretekov sa dostala aj Ve\u013ek\u00e1 cena Kom\u00e1rna. <\/span><\/span><\/span><\/p>\n<p class=\"western\" align=\"justify\"><span style=\"color: #000000;\"><span style=\"font-family: Arial, serif;\"><span style=\"font-size: medium;\">Po postupnom uvo\u013e\u0148ovan\u00ed opatren\u00ed, ktor\u00e9 umo\u017e\u0148ovalo organizovanie \u0161portov\u00fdch podujat\u00ed, \u0160portovo &#8211; technick\u00e1 komisia vyhovela \u017eiadosti Kajak &amp; kanoe klubu Kom\u00e1rno na usporiadanie Ve\u013ekej ceny Kom\u00e1rna d\u0148a 06.09.2020. <\/span><\/span><\/span><\/p>\n<p class=\"western\" align=\"justify\"><span style=\"color: #000000;\"> <span style=\"font-family: Arial, serif;\"><span style=\"font-size: medium;\">63.ro\u010dn\u00edk Ve\u013ekej ceny Kom\u00e1rna v r\u00fdchlostnej kanoistike, ktor\u00fd sa uskuto\u010dnil v d\u0148och 12. a 13.j\u00fana 2021, bol podobne ako v roku 2020 ovplyvnen<\/span><\/span><\/span><span style=\"color: #000000;\"><span style=\"font-family: Arial, serif;\"><span style=\"font-size: medium;\"><span lang=\"sk-SK\">\u00fd <\/span><\/span><\/span><\/span><span style=\"color: #000000;\"><span style=\"font-family: Arial, serif;\"><span style=\"font-size: medium;\">v\u00fdvojom epidemiologickej situ\u00e1cie na Slovensku. <\/span><\/span><\/span><\/p>\n<p class=\"western\" align=\"justify\"><span style=\"color: #000000;\"><span style=\"font-family: Arial, serif;\"><span style=\"font-size: medium;\">Kajak &amp; kanoe klub Kom\u00e1rno, aj napriek s\u0165a\u017een\u00fdm podmienkam, premi\u00e9rovo pod veden\u00edm nov\u00e9ho predsedu klubu Viktora Demina, organiz\u00e1ciu pretekov zvl\u00e1dol na ve\u013emi dobrej \u00farovni. V tomto roku sa kv\u00f4li obmedzeniam neuskuto\u010dnilo sl\u00e1vnostn\u00e9 zah\u00e1jenie Ve\u013ekej ceny Kom\u00e1rna, ktor\u00e9 sa obvykle konalo v predve\u010der pretekov. <\/span><\/span><\/span><\/p>\n<h2>64. Ve\u013ek\u00e1 cena Kom\u00e1rna sa uskuto\u010dnila v tradi\u010dnom form\u00e1te<\/h2>\n<p class=\"western\" align=\"justify\"><span style=\"color: #000000;\"><span style=\"font-family: Arial, serif;\"><span style=\"font-size: medium;\">Od roku 2022 sa Ve\u013ek\u00e1 cena Kom\u00e1rna uskuto\u010d\u0148uje u\u017e v tradi\u010dnom form\u00e1te. <\/span><\/span><\/span><\/p>\n<p class=\"western\" align=\"justify\"><span style=\"color: #000000;\"><span style=\"font-family: Arial, serif;\"><span style=\"font-size: medium;\">64.Ve\u013ek\u00e1 cena Kom\u00e1rna sa konala v d\u0148och 11. a 12.06.2022. Po dvojro\u010dnej n\u00fatenej prest\u00e1vke sa uskuto\u010dnilo v predve\u010der pretekov sl\u00e1vnostn\u00e9 zah\u00e1jenie za \u00fa\u010dasti pozvan\u00fdch host\u00ed, sponzorov, pretek\u00e1rov a rodi\u010dov. Zaznamenali sme bohat<\/span><\/span><\/span><span style=\"color: #000000;\"><span style=\"font-family: Arial, serif;\"><span style=\"font-size: medium;\"><span lang=\"sk-SK\">\u00fa <\/span><\/span><\/span><\/span><span style=\"color: #000000;\"><span style=\"font-family: Arial, serif;\"><span style=\"font-size: medium;\">\u00fa\u010das\u0165 viac ako 400 pretek\u00e1rov z 29 oddielov zo Slovenska, Ma\u010farska a Talianska. <\/span><\/span><\/span><strong><span style=\"color: #000000;\"><span style=\"font-family: Arial, serif;\"><span style=\"font-size: medium;\"><span lang=\"sk-SK\">O<\/span><\/span><\/span><\/span><\/strong><span style=\"color: #000000;\"><span style=\"font-family: Arial, serif;\"><span style=\"font-size: medium;\"><strong>rganiz\u00e1tori pod veden\u00edm Viktora Demina odviedli skvel\u00fa pr\u00e1cu<\/strong>, o \u010dom sved\u010d\u00ed pr\u00edjemn\u00e1 atmosf\u00e9ra, kr\u00e1sne \u0161portov\u00e9 v\u00fdkony a spokojnos\u0165 v\u0161etk\u00fdch \u00fa\u010dastn\u00edkov. <\/span><\/span><\/span><\/p>\n<figure id=\"attachment_3498\" aria-describedby=\"caption-attachment-3498\" style=\"width: 960px\" class=\"wp-caption alignnone\"><img loading=\"lazy\" decoding=\"async\" class=\"wp-image-3498 size-full\" src=\"https:\/\/kajakkomarno.sk\/wp-content\/uploads\/2023\/05\/HIST-VCK-07.jpg\" alt=\"\" width=\"960\" height=\"720\" srcset=\"https:\/\/kajakkomarno.sk\/wp-content\/uploads\/2023\/05\/HIST-VCK-07.jpg 960w, https:\/\/kajakkomarno.sk\/wp-content\/uploads\/2023\/05\/HIST-VCK-07-450x338.jpg 450w, https:\/\/kajakkomarno.sk\/wp-content\/uploads\/2023\/05\/HIST-VCK-07-768x576.jpg 768w\" sizes=\"(max-width: 960px) 100vw, 960px\" \/><figcaption id=\"caption-attachment-3498\" class=\"wp-caption-text\">Predseda klubu Viktor Demin v spolo\u010dnosti n\u00e1dej\u00ed kom\u00e1r\u0148anskej r\u00fdchlostnej kanoistiky<\/figcaption><\/figure>\n","protected":false},"excerpt":{"rendered":"<p>Ve\u013ek\u00e1 cena Kom\u00e1rna v d\u0148och 3. a\u017e 4. j\u00fana 2023 za\u010dne p\u00edsa\u0165 svoju 65. kapitolu. \u00dactyhodn\u00e9 obdobie. Patr\u00ed medzi v\u00fdznamn\u00e9 \u0161portov\u00e9 podujatia v na\u0161om meste , je ve\u013ek\u00fdm spolo\u010densk\u00fdm a \u0161portov\u00fdm sviatkom nielen pre pretek\u00e1rov, ale aj obyvate\u013eov mesta. \u010co predch\u00e1dzalo vzniku Ve\u013ekej ceny Kom\u00e1rna Vzniku Ve\u013ekej ceny predch\u00e1dzali v rokoch 1955 a\u017e 1957 medzikrajov\u00e9 [&hellip;]<\/p>\n","protected":false},"author":3,"featured_media":3505,"comment_status":"open","ping_status":"open","sticky":false,"template":"","format":"standard","meta":{"inline_featured_image":false,"footnotes":""},"categories":[1],"tags":[],"class_list":["post-3489","post","type-post","status-publish","format-standard","has-post-thumbnail","hentry","category-novinky"],"acf":[],"yoast_head":"<!-- This site is optimized with the Yoast SEO plugin v26.6 - https:\/\/yoast.com\/wordpress\/plugins\/seo\/ -->\n<title>Pred Ve\u013ekou cenou Kom\u00e1rna- o jej zrode a v\u00fdvoji - Kajak &amp; kanoe klub Kom\u00e1rno<\/title>\n<meta name=\"robots\" content=\"index, follow, max-snippet:-1, max-image-preview:large, max-video-preview:-1\" \/>\n<link rel=\"canonical\" href=\"https:\/\/kajakkomarno.sk\/novinky\/pred-velkou-cenou-komarna-o-jej-zrode-a-vyvoji\/\" \/>\n<meta property=\"og:locale\" content=\"hu_HU\" \/>\n<meta property=\"og:type\" content=\"article\" \/>\n<meta property=\"og:title\" content=\"Pred Ve\u013ekou cenou Kom\u00e1rna- o jej zrode a v\u00fdvoji - Kajak &amp; kanoe klub Kom\u00e1rno\" \/>\n<meta property=\"og:description\" content=\"Ve\u013ek\u00e1 cena Kom\u00e1rna v d\u0148och 3. a\u017e 4. j\u00fana 2023 za\u010dne p\u00edsa\u0165 svoju 65. kapitolu. \u00dactyhodn\u00e9 obdobie. Patr\u00ed medzi v\u00fdznamn\u00e9 \u0161portov\u00e9 podujatia v na\u0161om meste , je ve\u013ek\u00fdm spolo\u010densk\u00fdm a \u0161portov\u00fdm sviatkom nielen pre pretek\u00e1rov, ale aj obyvate\u013eov mesta. \u010co predch\u00e1dzalo vzniku Ve\u013ekej ceny Kom\u00e1rna Vzniku Ve\u013ekej ceny predch\u00e1dzali v rokoch 1955 a\u017e 1957 medzikrajov\u00e9 [&hellip;]\" \/>\n<meta property=\"og:url\" content=\"https:\/\/kajakkomarno.sk\/novinky\/pred-velkou-cenou-komarna-o-jej-zrode-a-vyvoji\/\" \/>\n<meta property=\"og:site_name\" content=\"Kajak &amp; kanoe klub Kom\u00e1rno\" \/>\n<meta property=\"article:published_time\" content=\"2023-05-31T19:01:37+00:00\" \/>\n<meta property=\"og:image\" content=\"https:\/\/kajakkomarno.sk\/wp-content\/uploads\/2023\/05\/HIST-VCK-IL-O.jpg\" \/>\n\t<meta property=\"og:image:width\" content=\"520\" \/>\n\t<meta property=\"og:image:height\" content=\"349\" \/>\n\t<meta property=\"og:image:type\" content=\"image\/jpeg\" \/>\n<meta name=\"author\" content=\"petrusivi18@gmail.com\" \/>\n<meta name=\"twitter:card\" content=\"summary_large_image\" \/>\n<meta name=\"twitter:label1\" content=\"Szerz\u0151:\" \/>\n\t<meta name=\"twitter:data1\" content=\"petrusivi18@gmail.com\" \/>\n\t<meta name=\"twitter:label2\" content=\"Becs\u00fclt olvas\u00e1si id\u0151\" \/>\n\t<meta name=\"twitter:data2\" content=\"7 perc\" \/>\n<script type=\"application\/ld+json\" class=\"yoast-schema-graph\">{\"@context\":\"https:\/\/schema.org\",\"@graph\":[{\"@type\":\"Article\",\"@id\":\"https:\/\/kajakkomarno.sk\/novinky\/pred-velkou-cenou-komarna-o-jej-zrode-a-vyvoji\/#article\",\"isPartOf\":{\"@id\":\"https:\/\/kajakkomarno.sk\/novinky\/pred-velkou-cenou-komarna-o-jej-zrode-a-vyvoji\/\"},\"author\":{\"name\":\"petrusivi18@gmail.com\",\"@id\":\"https:\/\/kajakkomarno.sk\/#\/schema\/person\/c5c91af715cbb9be5937ae2db77cab69\"},\"headline\":\"Pred Ve\u013ekou cenou Kom\u00e1rna- o jej zrode a v\u00fdvoji\",\"datePublished\":\"2023-05-31T19:01:37+00:00\",\"mainEntityOfPage\":{\"@id\":\"https:\/\/kajakkomarno.sk\/novinky\/pred-velkou-cenou-komarna-o-jej-zrode-a-vyvoji\/\"},\"wordCount\":1438,\"commentCount\":0,\"publisher\":{\"@id\":\"https:\/\/kajakkomarno.sk\/#organization\"},\"image\":{\"@id\":\"https:\/\/kajakkomarno.sk\/novinky\/pred-velkou-cenou-komarna-o-jej-zrode-a-vyvoji\/#primaryimage\"},\"thumbnailUrl\":\"https:\/\/kajakkomarno.sk\/wp-content\/uploads\/2023\/05\/HIST-VCK-IL-O.jpg\",\"articleSection\":[\"Novinky\"],\"inLanguage\":\"hu\",\"potentialAction\":[{\"@type\":\"CommentAction\",\"name\":\"Comment\",\"target\":[\"https:\/\/kajakkomarno.sk\/novinky\/pred-velkou-cenou-komarna-o-jej-zrode-a-vyvoji\/#respond\"]}]},{\"@type\":\"WebPage\",\"@id\":\"https:\/\/kajakkomarno.sk\/novinky\/pred-velkou-cenou-komarna-o-jej-zrode-a-vyvoji\/\",\"url\":\"https:\/\/kajakkomarno.sk\/novinky\/pred-velkou-cenou-komarna-o-jej-zrode-a-vyvoji\/\",\"name\":\"Pred Ve\u013ekou cenou Kom\u00e1rna- o jej zrode a v\u00fdvoji - Kajak &amp; kanoe klub Kom\u00e1rno\",\"isPartOf\":{\"@id\":\"https:\/\/kajakkomarno.sk\/#website\"},\"primaryImageOfPage\":{\"@id\":\"https:\/\/kajakkomarno.sk\/novinky\/pred-velkou-cenou-komarna-o-jej-zrode-a-vyvoji\/#primaryimage\"},\"image\":{\"@id\":\"https:\/\/kajakkomarno.sk\/novinky\/pred-velkou-cenou-komarna-o-jej-zrode-a-vyvoji\/#primaryimage\"},\"thumbnailUrl\":\"https:\/\/kajakkomarno.sk\/wp-content\/uploads\/2023\/05\/HIST-VCK-IL-O.jpg\",\"datePublished\":\"2023-05-31T19:01:37+00:00\",\"breadcrumb\":{\"@id\":\"https:\/\/kajakkomarno.sk\/novinky\/pred-velkou-cenou-komarna-o-jej-zrode-a-vyvoji\/#breadcrumb\"},\"inLanguage\":\"hu\",\"potentialAction\":[{\"@type\":\"ReadAction\",\"target\":[\"https:\/\/kajakkomarno.sk\/novinky\/pred-velkou-cenou-komarna-o-jej-zrode-a-vyvoji\/\"]}]},{\"@type\":\"ImageObject\",\"inLanguage\":\"hu\",\"@id\":\"https:\/\/kajakkomarno.sk\/novinky\/pred-velkou-cenou-komarna-o-jej-zrode-a-vyvoji\/#primaryimage\",\"url\":\"https:\/\/kajakkomarno.sk\/wp-content\/uploads\/2023\/05\/HIST-VCK-IL-O.jpg\",\"contentUrl\":\"https:\/\/kajakkomarno.sk\/wp-content\/uploads\/2023\/05\/HIST-VCK-IL-O.jpg\",\"width\":520,\"height\":349},{\"@type\":\"BreadcrumbList\",\"@id\":\"https:\/\/kajakkomarno.sk\/novinky\/pred-velkou-cenou-komarna-o-jej-zrode-a-vyvoji\/#breadcrumb\",\"itemListElement\":[{\"@type\":\"ListItem\",\"position\":1,\"name\":\"Domov\",\"item\":\"https:\/\/kajakkomarno.sk\/hu\/fooldal\/\"},{\"@type\":\"ListItem\",\"position\":2,\"name\":\"Novinky\",\"item\":\"https:\/\/kajakkomarno.sk\/category\/novinky\/\"},{\"@type\":\"ListItem\",\"position\":3,\"name\":\"Pred Ve\u013ekou cenou Kom\u00e1rna- o jej zrode a v\u00fdvoji\"}]},{\"@type\":\"WebSite\",\"@id\":\"https:\/\/kajakkomarno.sk\/#website\",\"url\":\"https:\/\/kajakkomarno.sk\/\",\"name\":\"Kajak &amp; kanoe klub Kom\u00e1rno\",\"description\":\"\",\"publisher\":{\"@id\":\"https:\/\/kajakkomarno.sk\/#organization\"},\"potentialAction\":[{\"@type\":\"SearchAction\",\"target\":{\"@type\":\"EntryPoint\",\"urlTemplate\":\"https:\/\/kajakkomarno.sk\/?s={search_term_string}\"},\"query-input\":{\"@type\":\"PropertyValueSpecification\",\"valueRequired\":true,\"valueName\":\"search_term_string\"}}],\"inLanguage\":\"hu\"},{\"@type\":\"Organization\",\"@id\":\"https:\/\/kajakkomarno.sk\/#organization\",\"name\":\"Kajak &amp; kanoe klub Kom\u00e1rno\",\"url\":\"https:\/\/kajakkomarno.sk\/\",\"logo\":{\"@type\":\"ImageObject\",\"inLanguage\":\"hu\",\"@id\":\"https:\/\/kajakkomarno.sk\/#\/schema\/logo\/image\/\",\"url\":\"https:\/\/kajakkomarno.sk\/wp-content\/uploads\/2022\/12\/kajak-kanoe-klub-komarno-optimized-opt.svg\",\"contentUrl\":\"https:\/\/kajakkomarno.sk\/wp-content\/uploads\/2022\/12\/kajak-kanoe-klub-komarno-optimized-opt.svg\",\"width\":307,\"height\":66,\"caption\":\"Kajak &amp; kanoe klub Kom\u00e1rno\"},\"image\":{\"@id\":\"https:\/\/kajakkomarno.sk\/#\/schema\/logo\/image\/\"}},{\"@type\":\"Person\",\"@id\":\"https:\/\/kajakkomarno.sk\/#\/schema\/person\/c5c91af715cbb9be5937ae2db77cab69\",\"name\":\"petrusivi18@gmail.com\",\"image\":{\"@type\":\"ImageObject\",\"inLanguage\":\"hu\",\"@id\":\"https:\/\/kajakkomarno.sk\/#\/schema\/person\/image\/\",\"url\":\"https:\/\/secure.gravatar.com\/avatar\/77dd3ca1ae9038935f09e411f1d53193ef634a1b97c471309f0fc163209e68d8?s=96&d=mm&r=g\",\"contentUrl\":\"https:\/\/secure.gravatar.com\/avatar\/77dd3ca1ae9038935f09e411f1d53193ef634a1b97c471309f0fc163209e68d8?s=96&d=mm&r=g\",\"caption\":\"petrusivi18@gmail.com\"},\"url\":\"https:\/\/kajakkomarno.sk\/hu\/author\/petrusivi18gmail-com\/\"}]}<\/script>\n<!-- \/ Yoast SEO plugin. -->","yoast_head_json":{"title":"Pred Ve\u013ekou cenou Kom\u00e1rna- o jej zrode a v\u00fdvoji - Kajak &amp; kanoe klub Kom\u00e1rno","robots":{"index":"index","follow":"follow","max-snippet":"max-snippet:-1","max-image-preview":"max-image-preview:large","max-video-preview":"max-video-preview:-1"},"canonical":"https:\/\/kajakkomarno.sk\/novinky\/pred-velkou-cenou-komarna-o-jej-zrode-a-vyvoji\/","og_locale":"hu_HU","og_type":"article","og_title":"Pred Ve\u013ekou cenou Kom\u00e1rna- o jej zrode a v\u00fdvoji - Kajak &amp; kanoe klub Kom\u00e1rno","og_description":"Ve\u013ek\u00e1 cena Kom\u00e1rna v d\u0148och 3. a\u017e 4. j\u00fana 2023 za\u010dne p\u00edsa\u0165 svoju 65. kapitolu. \u00dactyhodn\u00e9 obdobie. Patr\u00ed medzi v\u00fdznamn\u00e9 \u0161portov\u00e9 podujatia v na\u0161om meste , je ve\u013ek\u00fdm spolo\u010densk\u00fdm a \u0161portov\u00fdm sviatkom nielen pre pretek\u00e1rov, ale aj obyvate\u013eov mesta. \u010co predch\u00e1dzalo vzniku Ve\u013ekej ceny Kom\u00e1rna Vzniku Ve\u013ekej ceny predch\u00e1dzali v rokoch 1955 a\u017e 1957 medzikrajov\u00e9 [&hellip;]","og_url":"https:\/\/kajakkomarno.sk\/novinky\/pred-velkou-cenou-komarna-o-jej-zrode-a-vyvoji\/","og_site_name":"Kajak &amp; kanoe klub Kom\u00e1rno","article_published_time":"2023-05-31T19:01:37+00:00","og_image":[{"width":520,"height":349,"url":"https:\/\/kajakkomarno.sk\/wp-content\/uploads\/2023\/05\/HIST-VCK-IL-O.jpg","type":"image\/jpeg"}],"author":"petrusivi18@gmail.com","twitter_card":"summary_large_image","twitter_misc":{"Szerz\u0151:":"petrusivi18@gmail.com","Becs\u00fclt olvas\u00e1si id\u0151":"7 perc"},"schema":{"@context":"https:\/\/schema.org","@graph":[{"@type":"Article","@id":"https:\/\/kajakkomarno.sk\/novinky\/pred-velkou-cenou-komarna-o-jej-zrode-a-vyvoji\/#article","isPartOf":{"@id":"https:\/\/kajakkomarno.sk\/novinky\/pred-velkou-cenou-komarna-o-jej-zrode-a-vyvoji\/"},"author":{"name":"petrusivi18@gmail.com","@id":"https:\/\/kajakkomarno.sk\/#\/schema\/person\/c5c91af715cbb9be5937ae2db77cab69"},"headline":"Pred Ve\u013ekou cenou Kom\u00e1rna- o jej zrode a v\u00fdvoji","datePublished":"2023-05-31T19:01:37+00:00","mainEntityOfPage":{"@id":"https:\/\/kajakkomarno.sk\/novinky\/pred-velkou-cenou-komarna-o-jej-zrode-a-vyvoji\/"},"wordCount":1438,"commentCount":0,"publisher":{"@id":"https:\/\/kajakkomarno.sk\/#organization"},"image":{"@id":"https:\/\/kajakkomarno.sk\/novinky\/pred-velkou-cenou-komarna-o-jej-zrode-a-vyvoji\/#primaryimage"},"thumbnailUrl":"https:\/\/kajakkomarno.sk\/wp-content\/uploads\/2023\/05\/HIST-VCK-IL-O.jpg","articleSection":["Novinky"],"inLanguage":"hu","potentialAction":[{"@type":"CommentAction","name":"Comment","target":["https:\/\/kajakkomarno.sk\/novinky\/pred-velkou-cenou-komarna-o-jej-zrode-a-vyvoji\/#respond"]}]},{"@type":"WebPage","@id":"https:\/\/kajakkomarno.sk\/novinky\/pred-velkou-cenou-komarna-o-jej-zrode-a-vyvoji\/","url":"https:\/\/kajakkomarno.sk\/novinky\/pred-velkou-cenou-komarna-o-jej-zrode-a-vyvoji\/","name":"Pred Ve\u013ekou cenou Kom\u00e1rna- o jej zrode a v\u00fdvoji - Kajak &amp; kanoe klub Kom\u00e1rno","isPartOf":{"@id":"https:\/\/kajakkomarno.sk\/#website"},"primaryImageOfPage":{"@id":"https:\/\/kajakkomarno.sk\/novinky\/pred-velkou-cenou-komarna-o-jej-zrode-a-vyvoji\/#primaryimage"},"image":{"@id":"https:\/\/kajakkomarno.sk\/novinky\/pred-velkou-cenou-komarna-o-jej-zrode-a-vyvoji\/#primaryimage"},"thumbnailUrl":"https:\/\/kajakkomarno.sk\/wp-content\/uploads\/2023\/05\/HIST-VCK-IL-O.jpg","datePublished":"2023-05-31T19:01:37+00:00","breadcrumb":{"@id":"https:\/\/kajakkomarno.sk\/novinky\/pred-velkou-cenou-komarna-o-jej-zrode-a-vyvoji\/#breadcrumb"},"inLanguage":"hu","potentialAction":[{"@type":"ReadAction","target":["https:\/\/kajakkomarno.sk\/novinky\/pred-velkou-cenou-komarna-o-jej-zrode-a-vyvoji\/"]}]},{"@type":"ImageObject","inLanguage":"hu","@id":"https:\/\/kajakkomarno.sk\/novinky\/pred-velkou-cenou-komarna-o-jej-zrode-a-vyvoji\/#primaryimage","url":"https:\/\/kajakkomarno.sk\/wp-content\/uploads\/2023\/05\/HIST-VCK-IL-O.jpg","contentUrl":"https:\/\/kajakkomarno.sk\/wp-content\/uploads\/2023\/05\/HIST-VCK-IL-O.jpg","width":520,"height":349},{"@type":"BreadcrumbList","@id":"https:\/\/kajakkomarno.sk\/novinky\/pred-velkou-cenou-komarna-o-jej-zrode-a-vyvoji\/#breadcrumb","itemListElement":[{"@type":"ListItem","position":1,"name":"Domov","item":"https:\/\/kajakkomarno.sk\/hu\/fooldal\/"},{"@type":"ListItem","position":2,"name":"Novinky","item":"https:\/\/kajakkomarno.sk\/category\/novinky\/"},{"@type":"ListItem","position":3,"name":"Pred Ve\u013ekou cenou Kom\u00e1rna- o jej zrode a v\u00fdvoji"}]},{"@type":"WebSite","@id":"https:\/\/kajakkomarno.sk\/#website","url":"https:\/\/kajakkomarno.sk\/","name":"Kajak &amp; kanoe klub Kom\u00e1rno","description":"","publisher":{"@id":"https:\/\/kajakkomarno.sk\/#organization"},"potentialAction":[{"@type":"SearchAction","target":{"@type":"EntryPoint","urlTemplate":"https:\/\/kajakkomarno.sk\/?s={search_term_string}"},"query-input":{"@type":"PropertyValueSpecification","valueRequired":true,"valueName":"search_term_string"}}],"inLanguage":"hu"},{"@type":"Organization","@id":"https:\/\/kajakkomarno.sk\/#organization","name":"Kajak &amp; kanoe klub Kom\u00e1rno","url":"https:\/\/kajakkomarno.sk\/","logo":{"@type":"ImageObject","inLanguage":"hu","@id":"https:\/\/kajakkomarno.sk\/#\/schema\/logo\/image\/","url":"https:\/\/kajakkomarno.sk\/wp-content\/uploads\/2022\/12\/kajak-kanoe-klub-komarno-optimized-opt.svg","contentUrl":"https:\/\/kajakkomarno.sk\/wp-content\/uploads\/2022\/12\/kajak-kanoe-klub-komarno-optimized-opt.svg","width":307,"height":66,"caption":"Kajak &amp; kanoe klub Kom\u00e1rno"},"image":{"@id":"https:\/\/kajakkomarno.sk\/#\/schema\/logo\/image\/"}},{"@type":"Person","@id":"https:\/\/kajakkomarno.sk\/#\/schema\/person\/c5c91af715cbb9be5937ae2db77cab69","name":"petrusivi18@gmail.com","image":{"@type":"ImageObject","inLanguage":"hu","@id":"https:\/\/kajakkomarno.sk\/#\/schema\/person\/image\/","url":"https:\/\/secure.gravatar.com\/avatar\/77dd3ca1ae9038935f09e411f1d53193ef634a1b97c471309f0fc163209e68d8?s=96&d=mm&r=g","contentUrl":"https:\/\/secure.gravatar.com\/avatar\/77dd3ca1ae9038935f09e411f1d53193ef634a1b97c471309f0fc163209e68d8?s=96&d=mm&r=g","caption":"petrusivi18@gmail.com"},"url":"https:\/\/kajakkomarno.sk\/hu\/author\/petrusivi18gmail-com\/"}]}},"_links":{"self":[{"href":"https:\/\/kajakkomarno.sk\/hu\/wp-json\/wp\/v2\/posts\/3489","targetHints":{"allow":["GET"]}}],"collection":[{"href":"https:\/\/kajakkomarno.sk\/hu\/wp-json\/wp\/v2\/posts"}],"about":[{"href":"https:\/\/kajakkomarno.sk\/hu\/wp-json\/wp\/v2\/types\/post"}],"author":[{"embeddable":true,"href":"https:\/\/kajakkomarno.sk\/hu\/wp-json\/wp\/v2\/users\/3"}],"replies":[{"embeddable":true,"href":"https:\/\/kajakkomarno.sk\/hu\/wp-json\/wp\/v2\/comments?post=3489"}],"version-history":[{"count":0,"href":"https:\/\/kajakkomarno.sk\/hu\/wp-json\/wp\/v2\/posts\/3489\/revisions"}],"wp:featuredmedia":[{"embeddable":true,"href":"https:\/\/kajakkomarno.sk\/hu\/wp-json\/wp\/v2\/media\/3505"}],"wp:attachment":[{"href":"https:\/\/kajakkomarno.sk\/hu\/wp-json\/wp\/v2\/media?parent=3489"}],"wp:term":[{"taxonomy":"category","embeddable":true,"href":"https:\/\/kajakkomarno.sk\/hu\/wp-json\/wp\/v2\/categories?post=3489"},{"taxonomy":"post_tag","embeddable":true,"href":"https:\/\/kajakkomarno.sk\/hu\/wp-json\/wp\/v2\/tags?post=3489"}],"curies":[{"name":"wp","href":"https:\/\/api.w.org\/{rel}","templated":true}]}}