{"id":3471,"date":"2023-05-29T21:18:56","date_gmt":"2023-05-29T19:18:56","guid":{"rendered":"https:\/\/kajakkomarno.sk\/?p=3471"},"modified":"2023-05-29T21:18:56","modified_gmt":"2023-05-29T19:18:56","slug":"uspesna-37-medzinarodna-regata","status":"publish","type":"post","link":"https:\/\/kajakkomarno.sk\/hu\/novinky\/uspesna-37-medzinarodna-regata\/","title":{"rendered":"\u00daspe\u0161n\u00e1  37. Medzin\u00e1rodn\u00e1 regata"},"content":{"rendered":"<p class=\"western\" align=\"left\"><span style=\"font-size: medium;\"><span style=\"color: #000000;\">V d\u0148och 2<\/span><span style=\"color: #000000;\"><span lang=\"sk-SK\">6<\/span><\/span><span style=\"color: #000000;\">.05.2023 a\u017e 2<\/span><span style=\"color: #000000;\"><span style=\"font-family: Calibri, serif;\"><span lang=\"sk-SK\">8<\/span><\/span><\/span><span style=\"color: #000000;\">.05.20<\/span><span style=\"color: #000000;\"><span lang=\"sk-SK\">23<\/span><\/span><span style=\"color: #000000;\"> sa na Zemn\u00edku uskuto\u010dnil 37. ro\u010dn\u00edk Medzin\u00e1rodnej regaty juniorov a pretek\u00e1rov do 23 rokov v r\u00fdchlostnej kanoistike. Na Zemn\u00edku sa zi\u0161la konkurencia viac ako 360 pretek\u00e1rov zo 16 kraj\u00edn .<\/span><\/span><\/p>\n<p class=\"western\" align=\"left\"><span style=\"font-size: medium;\"><span style=\"color: #000000;\">V <\/span><span style=\"color: #000000;\">8<\/span><span style=\"color: #000000;\">1 \u010dlennej slovenskej v\u00fdprave bolo 1<\/span><span style=\"color: #000000;\">3<\/span><span style=\"color: #000000;\"> pretek\u00e1rov z Kajak &amp; kanoe klubu Kom\u00e1rno. <\/span><\/span><\/p>\n<h3 class=\"western\" align=\"left\"><span style=\"font-size: medium;\"><b><span style=\"color: #000000;\">REPREZENTOVALI N\u00c1S:<\/span><\/b><\/span><\/h3>\n<p class=\"western\" align=\"left\"><span style=\"color: #000000;\"><span style=\"font-size: medium;\">JUNIORKY: Zo\u00e9 B\u00d3NOV\u00c1, <\/span><\/span><span style=\"color: #212529;\"><span style=\"font-size: medium;\"><span lang=\"sk-SK\">Laura \u0150RI, Lili\u00e1na GA\u00c1L <\/span><\/span><\/span><\/p>\n<p class=\"western\" align=\"left\"><span style=\"font-size: medium;\"><span style=\"color: #000000;\">JUNIORI: Dominik DOKTOR\u00cdK, \u013dudov\u00edt T\u00d3TH, Imre FAZEKAS<\/span><span style=\"color: #000000;\"><span style=\"font-family: Calibri, serif;\"><span style=\"font-size: small;\">, <\/span><\/span><\/span><span style=\"color: #000000;\"><span style=\"font-family: Calibri, serif;\">M\u00e1t\u00e9 MARSAL \/<\/span><\/span><span style=\"color: #000000;\"><span style=\"font-family: Calibri, serif;\"><i>16 r.<\/i><\/span><\/span><span style=\"color: #000000;\"><span style=\"font-family: Calibri, serif;\">\/<\/span><\/span><\/span><\/p>\n<p class=\"western\" align=\"left\"><span style=\"font-size: medium;\"><span style=\"color: #000000;\">KADETKY: <\/span><span style=\"color: #000000;\"><span lang=\"sk-SK\">Nat\u00e1lia<\/span><\/span><span style=\"color: #000000;\"> SZENCZIOV\u00c1<\/span><\/span><\/p>\n<p class=\"western\" align=\"left\"><span style=\"font-size: medium;\"><span style=\"color: #000000;\">KADETI: Matej LOPATA, Peter Teo LUK\u00c1\u010c, Michal T\u00d3TH <\/span><\/span><\/p>\n<p class=\"western\" align=\"left\"><span style=\"color: #000000;\"><span style=\"font-size: medium;\">PRETEK\u00c1RI DO 23 ROKOV: <\/span><\/span><span style=\"color: #212529;\"><span style=\"font-size: medium;\"><span lang=\"sk-SK\">Filip PODLEISZEK, Marko UJV\u00c1RI<\/span><\/span><\/span><\/p>\n<p class=\"western\" style=\"text-align: left;\" align=\"left\"><span style=\"font-size: medium;\"><span style=\"color: #000000;\">V priebehu 3 dn\u00ed pretek\u00e1ri pretek\u00e1ri absolvovali rozjazdy, semifin\u00e1le a fin\u00e1le <\/span><span style=\"color: #000000;\">na 1000 m, 200 m, 500 m. <\/span><span style=\"color: #000000;\">Do fin\u00e1le <\/span><span style=\"color: #000000;\">A<\/span><span style=\"color: #000000;\"> sa prebojovalo 9 najlep\u0161\u00edch pretek\u00e1rov v ka\u017edej discipl\u00edne. <\/span><span style=\"color: #000000;\">V<\/span><span style=\"color: #000000;\"> sobotu popoludn\u00ed sa uskuto\u010dnili preteky na 5000 m v K1 a C1. <\/span><\/span><\/p>\n<p class=\"western\" style=\"text-align: left;\" align=\"left\"><span style=\"font-size: medium;\"><strong><span style=\"color: #000000;\">Najpo\u010detnej\u0161ou <\/span><span style=\"color: #000000;\">kateg\u00f3riou <\/span><\/strong><span style=\"color: #000000;\"><strong>bola kateg\u00f3ria<\/strong> <strong>kadetov- chlapcov 15 a 16 ro\u010dn\u00fdch, <\/strong><\/span><span style=\"color: #000000;\"><span style=\"font-family: Calibri, serif;\">v tejt<\/span><\/span><span style=\"color: #000000;\"><span style=\"font-family: Calibri, serif;\">o<\/span><\/span><span style=\"color: #000000;\"><span style=\"font-family: Calibri, serif;\"> vekovej skupine bolo prihl\u00e1sen\u00fdch takmer 60 pretek\u00e1rov na 500 m a 1000 m trati.<\/span><\/span><\/span><\/p>\n<h3 class=\"western\" align=\"left\"><span style=\"font-size: medium;\"><span style=\"color: #000000;\"><b>26.05.2023 : Fin\u00e1le na 1000 m v K1, C1, K2 a C2<\/b><\/span><b><\/b><\/span><\/h3>\n<p class=\"western\" align=\"left\"><span style=\"font-size: medium;\"><span style=\"color: #000000;\">Na 1000 metrovej trati sa <\/span><span style=\"color: #000000;\"><span lang=\"sk-SK\">d<\/span><\/span><span style=\"color: #000000;\">o fin\u00e1le A prebojovali na\u0161i pretek\u00e1ri celkom 8 kr\u00e1t a jednu \u00fa\u010das\u0165 sme mali vo fin\u00e1le B. <\/span><\/span><span style=\"color: #000000;\"><span style=\"font-size: medium;\"><span lang=\"sk-SK\">Z v\u00ed\u0165azstva na <\/span><\/span><\/span><span style=\"color: #000000;\"><span style=\"font-size: medium;\">Medzin\u00e1rodnej regat<\/span><\/span><span style=\"color: #000000;\"><span style=\"font-size: medium;\"><span lang=\"sk-SK\">e<\/span><\/span><\/span><span style=\"color: #000000;\"><span style=\"font-size: medium;\"> sa na 1000 metrovej trati <\/span><\/span><span style=\"color: #000000;\"><span style=\"font-size: medium;\"><span lang=\"sk-SK\">te\u0161il <\/span><\/span><\/span><span style=\"color: #000000;\"><span style=\"font-size: medium;\"><strong> Marko Ujv\u00e1ri<\/strong> v K1 pretek\u00e1rov do 23 rokov a suver\u00e9nnymi v\u00ed\u0165azmi v K2 juniorov na 1000 m trati sa stali <strong>\u013dudov\u00edt T\u00f3th a Dominik Doktor\u00edk<\/strong>. Tretie miesto si medzi kanoistkami v C1 vybojovala <strong>Laura <\/strong><\/span><\/span><strong><span style=\"color: #212529;\"><span style=\"font-size: medium;\"><span lang=\"sk-SK\">\u0150ri. <\/span><\/span><\/span><\/strong><\/p>\n<h3 class=\"western\" align=\"left\"><span style=\"font-size: medium;\"><span style=\"color: #000000;\"><b>27.05.2023: Fin\u00e1le na 200 m\u00a0<\/b><\/span><\/span><span style=\"font-size: medium;\"><span style=\"color: #000000;\"><b>v K1, C1, K2 a C2<\/b><\/span><\/span><\/h3>\n<p class=\"western\" align=\"left\"><span style=\"font-size: medium;\"><span style=\"color: #000000;\">Na 200 metrovej tra<\/span><span style=\"color: #000000;\"><span lang=\"sk-SK\">ti<\/span><\/span> <span style=\"color: #000000;\"><span lang=\"sk-SK\">reprezentovalo Slovensko<\/span><\/span><span style=\"color: #000000;\"> celkom 6 pretek\u00e1rov n\u00e1\u0161ho klubu, traja sa prebojovali do fin\u00e1le. <\/span><span style=\"color: #000000;\">V<\/span><span style=\"color: #212529;\"><span lang=\"sk-SK\">e\u013emi pe<\/span><\/span><span style=\"color: #212529;\"><span lang=\"sk-SK\">kn\u00e9 2.miesto si vo <\/span><\/span><span style=\"color: #000000;\"> fin\u00e1le junioriek v C1 vybojovala <\/span> <span style=\"color: #000000;\">kanoistka <\/span><strong><span style=\"color: #000000;\">Laura <\/span><\/strong><span style=\"color: #212529;\"><span lang=\"sk-SK\"><strong>\u0150ri<\/strong> <\/span><\/span><span style=\"color: #212529;\"><span lang=\"sk-SK\">. <\/span><\/span> <\/span><\/p>\n<h3 class=\"western\" align=\"left\"><span style=\"font-size: medium;\"><span style=\"color: #000000;\"><b>27.05.2023: Fin\u00e1le na 5000 m <\/b><\/span><\/span><span style=\"font-size: medium;\"><span style=\"color: #000000;\"><b>v K1, C1<\/b><\/span><\/span><\/h3>\n<p class=\"western\" align=\"left\"><span style=\"font-size: medium;\"><span style=\"color: #212529;\"><span lang=\"sk-SK\">Na 5000 metrovej trati sme mali na \u0161tarte celkom 9 pretek\u00e1rov. N\u00e1ro\u010dn\u00fa 5000 metrov\u00fa tra\u0165 zvl\u00e1dli najlep\u0161ie <strong>Marko Ujv\u00e1ri <\/strong><\/span><\/span><span style=\"color: #212529;\"><span lang=\"sk-SK\">v K1 U23 <\/span><\/span> <span style=\"color: #212529;\"><span lang=\"sk-SK\">a<\/span><\/span> <span style=\"color: #212529;\"><span lang=\"sk-SK\">juniorsk\u00fd reprezentant <\/span><\/span><span style=\"color: #212529;\"><span lang=\"sk-SK\"><strong>Dominik Doktor\u00edk<\/strong>, ktor\u00ed vo svojich kateg\u00f3ri\u00e1ch zv\u00ed\u0165azili. <\/span><\/span><span style=\"color: #212529;\"><span lang=\"sk-SK\">D<\/span><\/span><span style=\"color: #212529;\"><span lang=\"sk-SK\">ruh\u00e9 miesto obsadili <strong>Filip Podleiszek<\/strong> \/ U23\/ a <\/span><\/span><span style=\"color: #212529;\"><span lang=\"sk-SK\">junior <\/span><\/span><span style=\"color: #212529;\"><span lang=\"sk-SK\"><strong>\u013dudov\u00edt T\u00f3th<\/strong> a <\/span><\/span><span style=\"color: #212529;\"><span lang=\"sk-SK\">na <\/span><\/span><span style=\"color: #212529;\"><span lang=\"sk-SK\">3.<\/span><\/span><span style=\"color: #212529;\"><span lang=\"sk-SK\">mieste<\/span><\/span> <span style=\"color: #212529;\"><span lang=\"sk-SK\">skon\u010dila<\/span><\/span><span style=\"color: #212529;\"><span lang=\"sk-SK\"> juniorka <strong>Laura<\/strong><\/span><\/span> <span style=\"color: #212529;\"><span lang=\"sk-SK\"><strong>\u0150ri<\/strong>. <\/span><\/span><\/span><\/p>\n<h3 class=\"western\" align=\"left\"><span style=\"font-size: medium;\"><span style=\"color: #000000;\"><b>2<\/b><\/span><span style=\"color: #000000;\"><span lang=\"sk-SK\"><b>8<\/b><\/span><\/span><span style=\"color: #000000;\"><b>.05.2023: Fin\u00e1le na <\/b><\/span><span style=\"color: #000000;\"><span lang=\"sk-SK\"><b>5<\/b><\/span><\/span><span style=\"color: #000000;\"><b>00 m <\/b><\/span><span style=\"color: #000000;\"><b>v <\/b><\/span><\/span><span style=\"font-size: medium;\"><span style=\"color: #000000;\"><b>\u00a0K1, C1, K2, C2 a K4<\/b><\/span><\/span><\/h3>\n<p class=\"western\" align=\"left\"><span style=\"color: #000000;\"><span style=\"font-size: medium;\">Na 500 metrovej trati sme mali 13 fin\u00e1lov\u00fdch \u00fa\u010dast\u00ed a na\u0161i pretek\u00e1ri si vybojovali 4 druh\u00e9 miesta a dve tretie miesta. <\/span><\/span><span style=\"color: #000000;\"><span style=\"font-size: medium;\">18 ro\u010dn\u00fd <\/span><\/span><span style=\"color: #000000;\"><span style=\"font-family: Calibri, serif;\"><span style=\"font-size: medium;\"><span lang=\"sk-SK\">kajak\u00e1r <\/span><\/span><\/span><\/span><span style=\"color: #000000;\"><span style=\"font-size: medium;\"><strong>Dominik Doktor\u00edk<\/strong> vybojoval dve strieborn\u00e9 medaily v K1 a v K2 spolo\u010dne <strong>s \u013dudov\u00edtom T\u00f3thom<\/strong> a <strong>Marko Ujv\u00e1ri<\/strong> obsadil druh\u00e9 miesto v K1. <\/span><\/span><span style=\"color: #000000;\"><span style=\"font-size: medium;\">Z<\/span><\/span><span style=\"color: #000000;\"><span style=\"font-size: medium;\">bierku medail\u00ed <\/span><\/span><span style=\"color: #000000;\"><span style=\"font-size: medium;\">z Medzin\u00e1rodnej regaty si<\/span><\/span><span style=\"color: #000000;\"><span style=\"font-size: medium;\"> roz\u0161\u00edrila kanoistka <strong>Laura <\/strong><\/span><\/span><strong><span style=\"color: #212529;\"><span style=\"font-size: medium;\"><span lang=\"sk-SK\"> \u0150ri, <\/span><\/span><\/span><\/strong><span style=\"color: #212529;\"><span style=\"font-size: medium;\"><span lang=\"sk-SK\">ktor\u00e1 z\u00edskala strieborn\u00fa medailu v C1. Dve bronzov\u00e9 medaily <\/span><\/span><\/span><span style=\"color: #212529;\"><span style=\"font-size: medium;\"><span lang=\"sk-SK\">e\u0161te <\/span><\/span><\/span><span style=\"color: #212529;\"><span style=\"font-size: medium;\"><span lang=\"sk-SK\"> vybojovali pretek\u00e1ri U23 <strong>M<\/strong><\/span><\/span><\/span><strong><span style=\"color: #212529;\"><span style=\"font-size: medium;\"><span lang=\"sk-SK\">arko Ujv\u00e1ri a Filip Podleiszek <\/span><\/span><\/span><\/strong><span style=\"color: #212529;\"><span style=\"font-size: medium;\"><span lang=\"sk-SK\">v K2 a v K4 na 500 metrovej trati.<\/span><\/span><\/span><\/p>\n<h2 class=\"western\" align=\"left\"><span style=\"font-size: medium;\"><span style=\"color: #000000;\">Naj\u00faspe\u0161nej\u0161\u00ed pretek\u00e1r Medzin\u00e1rodnej regaty: Marko Ujv\u00e1ri\u00a0<\/span><\/span><\/h2>\n<p class=\"western\" align=\"left\"><span style=\"font-size: medium;\"><span style=\"color: #000000;\">Naj\u00faspe\u0161nej\u0161\u00edm pretek\u00e1rom Medzin\u00e1rodnej regaty sa stal <strong>Marko Ujv\u00e1ri, pretek\u00e1r do 23 rokov, ktor\u00fd vybojoval 5 medail\u00ed:<\/strong> 2 zlat\u00e9, 1 strieborn\u00fa a 2 bronzov\u00e9.<\/span><\/span><\/p>\n<figure id=\"attachment_3474\" aria-describedby=\"caption-attachment-3474\" style=\"width: 720px\" class=\"wp-caption aligncenter\"><img fetchpriority=\"high\" decoding=\"async\" class=\"wp-image-3474 size-full\" src=\"https:\/\/kajakkomarno.sk\/wp-content\/uploads\/2023\/05\/u23.jpg\" alt=\"\" width=\"720\" height=\"960\" srcset=\"https:\/\/kajakkomarno.sk\/wp-content\/uploads\/2023\/05\/u23.jpg 720w, https:\/\/kajakkomarno.sk\/wp-content\/uploads\/2023\/05\/u23-338x450.jpg 338w\" sizes=\"(max-width: 720px) 100vw, 720px\" \/><figcaption id=\"caption-attachment-3474\" class=\"wp-caption-text\">Marko Ujv\u00e1ri naj\u00faspe\u0161nej\u0161\u00ed pretek\u00e1r Medzin\u00e1rodnej regaty<\/figcaption><\/figure>\n<p class=\"western\" align=\"left\"><strong><span style=\"color: #000000;\"><span style=\"font-size: medium;\">Na\u0161i pretek\u00e1ri z\u00edskali celkom 15 medail\u00ed: <\/span><\/span><\/strong><\/p>\n<p class=\"western\" align=\"left\"><span style=\"color: #000000;\"><span style=\"font-size: medium;\">1. miesto: <\/span><\/span><span style=\"color: #000000;\"><span style=\"font-size: medium;\"> v po\u010dte 4<\/span><\/span><\/p>\n<p class=\"western\" align=\"left\"><span style=\"color: #000000;\"><span style=\"font-size: medium;\">2. miesto: <\/span><\/span><span style=\"color: #000000;\"><span style=\"font-size: medium;\">v po\u010dte <\/span><\/span><span style=\"color: #000000;\"><span style=\"font-size: medium;\">7 <\/span><\/span><\/p>\n<p class=\"western\" align=\"left\"><span style=\"font-size: medium;\"><span style=\"color: #000000;\">3. miesto: <\/span><span style=\"color: #000000;\">v po\u010dte <\/span><span style=\"color: #000000;\">4<\/span><\/span><\/p>\n<h2 class=\"western\" align=\"left\"><span style=\"font-size: medium;\"><span style=\"color: #000000;\"><b>PREH\u013dAD MEDAILISTOV KAJAK &amp; KANOE KLUBU KOM\u00c1RNO<\/b><\/span><\/span><\/h2>\n<p class=\"western\" align=\"left\"><span style=\"font-size: medium;\"><span style=\"color: #000000;\"><span lang=\"sk-SK\"><b>ZLAT\u00cd MEDAILISTI <\/b><\/span><\/span><\/span><\/p>\n<p class=\"western\" align=\"left\"><span style=\"color: #212529;\"><span style=\"font-size: medium;\"><span lang=\"sk-SK\">1. Marko UJV\u00c1RI <\/span><\/span><\/span> <span style=\"color: #000000;\"><span style=\"font-size: medium;\"><span lang=\"sk-SK\">K1 U23 1000 <\/span><\/span><\/span><\/p>\n<p class=\"western\" align=\"left\"><span style=\"color: #000000;\"><span style=\"font-size: medium;\"><span lang=\"sk-SK\">1. Dominik DOKTOR\u00cdK &#8211; \u013dudov\u00edt T\u00d3TH<\/span><\/span><\/span> <span style=\"color: #000000;\"><span style=\"font-size: medium;\"><span lang=\"sk-SK\">K2 JUNIORI 1000 m<\/span><\/span><\/span><\/p>\n<p class=\"western\" align=\"left\"><span style=\"color: #212529;\"><span style=\"font-size: medium;\"><span lang=\"sk-SK\">1. Marko UJV\u00c1RI <\/span><\/span><\/span> <span style=\"color: #000000;\"><span style=\"font-size: medium;\"><span lang=\"sk-SK\">K1 U23 5000 m<\/span><\/span><\/span><\/p>\n<p class=\"western\" align=\"left\"><span style=\"color: #000000;\"><span style=\"font-size: medium;\"><span lang=\"sk-SK\">1. Dominik DOKTOR\u00cdK<\/span><\/span><\/span> <span style=\"color: #000000;\"><span style=\"font-size: medium;\"><span lang=\"sk-SK\">K1 JUNIORI 5000 m<\/span><\/span><\/span><\/p>\n<p class=\"western\" align=\"left\"><strong><span style=\"color: #212529;\"><span style=\"font-size: medium;\"><span lang=\"sk-SK\"><b>STRIEBORN\u00cd MEDAILISTI <\/b><\/span><\/span><\/span><\/strong><\/p>\n<p class=\"western\" align=\"left\"><span style=\"color: #212529;\"><span style=\"font-size: medium;\"><span lang=\"sk-SK\">2. Laura \u0150RI C1 JUNIORKY 200 m<\/span><\/span><\/span><\/p>\n<p class=\"western\" align=\"left\"><span style=\"color: #212529;\"><span style=\"font-size: medium;\"><span lang=\"sk-SK\">2. Filip PODLEISZEK<\/span><\/span><\/span> <span style=\"color: #000000;\"><span style=\"font-size: medium;\"><span lang=\"sk-SK\">K1 PRETEK\u00c1RI U23 5000 m<\/span><\/span><\/span><\/p>\n<p class=\"western\" align=\"left\"><span style=\"color: #000000;\"><span style=\"font-size: medium;\"><span lang=\"sk-SK\">2. \u013dudov\u00edt T\u00d3TH <\/span><\/span><\/span><span style=\"color: #000000;\"><span style=\"font-size: medium;\"><span lang=\"sk-SK\">K1 JUNIORI 5000 m<\/span><\/span><\/span><\/p>\n<p class=\"western\" align=\"left\"><span style=\"color: #000000;\"><span style=\"font-size: medium;\"><span lang=\"sk-SK\">2. Dominik DOKTOR\u00cdK<\/span><\/span><\/span> <span style=\"color: #000000;\"><span style=\"font-size: medium;\"><span lang=\"sk-SK\">K1 JUNIORI 500 m<\/span><\/span><\/span><\/p>\n<p class=\"western\" align=\"left\"><span style=\"color: #212529;\"><span style=\"font-size: medium;\"><span lang=\"sk-SK\">2. Marko UJV\u00c1RI <\/span><\/span><\/span> <span style=\"color: #000000;\"><span style=\"font-size: medium;\"><span lang=\"sk-SK\">K1 U23 500 m<\/span><\/span><\/span><\/p>\n<p class=\"western\" align=\"left\"><span style=\"color: #212529;\"><span style=\"font-size: medium;\"><span lang=\"sk-SK\">2. Laura \u0150RI C1 JUNIORKY 500 m<\/span><\/span><\/span><\/p>\n<p class=\"western\" align=\"left\"><span style=\"color: #000000;\"><span style=\"font-size: medium;\"><span lang=\"sk-SK\">2. Dominik DOKTOR\u00cdK &#8211; \u013dudov\u00edt T\u00d3TH<\/span><\/span><\/span> <span style=\"color: #000000;\"><span style=\"font-size: medium;\"><span lang=\"sk-SK\">K2 JUNIORI 500 m<\/span><\/span><\/span><\/p>\n<p class=\"western\" align=\"left\"><strong><span style=\"color: #212529;\"><span style=\"font-size: medium;\"><span lang=\"sk-SK\"><b>BRONZOV\u00cd MEDAILISTI <\/b><\/span><\/span><\/span><\/strong><\/p>\n<p class=\"western\" align=\"left\"><span style=\"color: #212529;\"><span style=\"font-size: medium;\"><span lang=\"sk-SK\">3. Laura \u0150RI C1 JUNIORKY 1000 m<\/span><\/span><\/span><\/p>\n<p class=\"western\" align=\"left\"><span style=\"color: #212529;\"><span style=\"font-size: medium;\"><span lang=\"sk-SK\">3. Laura \u0150RI C1 JUNIORKY 5000 m<\/span><\/span><\/span><\/p>\n<p class=\"western\" align=\"left\"><span style=\"color: #212529;\"><span style=\"font-size: medium;\"><span lang=\"sk-SK\">3. Filip PODLEISZEK- Marko UJV\u00c1RI K2 U23 500 m<\/span><\/span><\/span><\/p>\n<p class=\"western\" align=\"left\"><span style=\"color: #212529;\"><span style=\"font-size: medium;\"><span lang=\"sk-SK\">3. Filip PODLEISZEK- Marko UJV\u00c1RI-Martin HVOJN\u00cdK-Juraj KUKU\u010cKA <\/span><\/span><\/span><span style=\"color: #000000;\"><span style=\"font-size: medium;\"><span lang=\"sk-SK\">K4 U23 500 m<\/span><\/span><\/span><\/p>\n<p align=\"left\">\n<p class=\"western\" align=\"left\"><span style=\"font-size: medium;\"><span style=\"color: #000000;\">V juniorskej kateg\u00f3rii sa naj\u00faspe\u0161nej\u0161\u00edm pretek\u00e1rom stal <strong>Dominik Doktor\u00edk<\/strong>, ktor\u00fd z\u00edskal 2 zlat\u00e9 a 2 strieborn\u00e9 medaily. <\/span><\/span><\/p>\n<figure id=\"attachment_3476\" aria-describedby=\"caption-attachment-3476\" style=\"width: 843px\" class=\"wp-caption aligncenter\"><img decoding=\"async\" class=\"wp-image-3476 \" src=\"https:\/\/kajakkomarno.sk\/wp-content\/uploads\/2023\/05\/Dominik-Doktorik-_n.jpg\" alt=\"\" width=\"843\" height=\"624\" srcset=\"https:\/\/kajakkomarno.sk\/wp-content\/uploads\/2023\/05\/Dominik-Doktorik-_n.jpg 960w, https:\/\/kajakkomarno.sk\/wp-content\/uploads\/2023\/05\/Dominik-Doktorik-_n-450x333.jpg 450w, https:\/\/kajakkomarno.sk\/wp-content\/uploads\/2023\/05\/Dominik-Doktorik-_n-768x569.jpg 768w\" sizes=\"(max-width: 843px) 100vw, 843px\" \/><figcaption id=\"caption-attachment-3476\" class=\"wp-caption-text\">Dominik Doktor\u00edk naj\u00faspe\u0161nej\u0161\u00ed junior Medzin\u00e1rodnej regaty<\/figcaption><\/figure>\n<p align=\"left\">\u00a0Medzi juniorkami dosiahla v\u00fdborn\u00e9 v\u00fdsledky Laura <span style=\"color: #212529;\"><span style=\"font-size: medium;\"><span lang=\"sk-SK\">\u0150ri, ktor\u00e1 z\u00edskala dve strieborn\u00e9 a dve bronzov\u00e9 medaily.<\/span><\/span><\/span><\/p>\n<figure id=\"attachment_3478\" aria-describedby=\"caption-attachment-3478\" style=\"width: 725px\" class=\"wp-caption aligncenter\"><img decoding=\"async\" class=\"wp-image-3478 \" src=\"https:\/\/kajakkomarno.sk\/wp-content\/uploads\/2023\/05\/LAURA-ORI-REG-23_n.jpg\" alt=\"\" width=\"725\" height=\"544\" srcset=\"https:\/\/kajakkomarno.sk\/wp-content\/uploads\/2023\/05\/LAURA-ORI-REG-23_n.jpg 960w, https:\/\/kajakkomarno.sk\/wp-content\/uploads\/2023\/05\/LAURA-ORI-REG-23_n-450x338.jpg 450w, https:\/\/kajakkomarno.sk\/wp-content\/uploads\/2023\/05\/LAURA-ORI-REG-23_n-768x576.jpg 768w\" sizes=\"(max-width: 725px) 100vw, 725px\" \/><figcaption id=\"caption-attachment-3478\" class=\"wp-caption-text\">18 ro\u010dn\u00e1 kanoistka Laura \u0150ri na stupienku v\u00ed\u0165azov<\/figcaption><\/figure>\n<p class=\"western\" align=\"left\">\n<h2 class=\"western\" align=\"left\"><span style=\"font-size: medium;\"><span style=\"color: #000000;\"><b>PREH\u013dAD UMIESTNEN\u00cd PRETEK\u00c1ROV KKK KOM\u00c1RNO<\/b><\/span><\/span><\/h2>\n<h2 class=\"western\" align=\"left\"><span style=\"font-size: medium; color: #0000ff;\"><b>1000 m<\/b><\/span><\/h2>\n<p class=\"western\" align=\"left\"><span style=\"font-size: medium;\"><span style=\"color: #000000;\"><b>K1 JUNIORI<\/b><\/span><\/span><\/p>\n<p class=\"western\" align=\"left\"><span style=\"font-size: medium;\"><span style=\"color: #000000;\">\u013dudov\u00edt T\u00d3TH: Rozjazda- 2.miesto, Semifin\u00e1le- 3.miesto, <\/span><span style=\"color: #000000;\"><b>FIN\u00c1LE- 7.miesto<\/b><\/span><\/span><\/p>\n<p class=\"western\" align=\"left\"><span style=\"font-size: medium;\"><span style=\"color: #000000;\"><b>K1 KADETI<\/b><\/span><\/span><\/p>\n<p class=\"western\" align=\"left\"><span style=\"font-size: medium;\"><span style=\"color: #000000;\">Peter Teo LUK\u00c1\u010c : Rozjazda- 3.miesto, Semifin\u00e1le- 6 .miesto, <\/span><span style=\"color: #000000;\"><b>FIN\u00c1LE B-<\/b><\/span> <span style=\"color: #000000;\"><b> 5.miesto <\/b><\/span><span style=\"color: #000000;\"><b>\/<\/b><\/span><span style=\"color: #000000;\"><b> kone\u010dn\u00e9 14.miesto \/<\/b><\/span><\/span><\/p>\n<p class=\"western\" align=\"left\"><span style=\"font-size: medium;\"><span style=\"color: #000000;\">Matej LOPATA: Rozjazda- 3.miesto , Semifin\u00e1le- 9.miesto<\/span><\/span><\/p>\n<p class=\"western\" align=\"left\"><span style=\"font-size: medium;\"><span style=\"color: #000000;\">Michal T\u00d3TH : Rozjazda- <\/span><span style=\"color: #000000;\"><span lang=\"sk-SK\">3<\/span><\/span><span style=\"color: #000000;\">.miesto , Semifin\u00e1le- 7.miesto<\/span><\/span><\/p>\n<p class=\"western\" align=\"left\"><span style=\"font-size: medium;\"><span style=\"color: #000000;\"><b>K1 PRETEK\u00c1RI U23<\/b><\/span><\/span><\/p>\n<p class=\"western\" align=\"left\"><span style=\"color: #212529;\"><span style=\"font-size: medium;\"><span lang=\"sk-SK\">Marko UJV\u00c1RI: <\/span><\/span><\/span><span style=\"color: #000000;\"><span style=\"font-size: medium;\"><span lang=\"sk-SK\">Rozjazda- 1.miesto<\/span><\/span><\/span><strong><span style=\"color: #000000;\"><span style=\"font-size: medium;\"><span lang=\"sk-SK\">, <\/span><\/span><\/span><\/strong><strong><span style=\"color: #000000;\"><span style=\"font-size: medium;\"><span lang=\"sk-SK\"><b>FIN\u00c1LE- 1 .miesto<\/b><\/span><\/span><\/span><\/strong><\/p>\n<p class=\"western\" align=\"left\"><span style=\"color: #000000;\"><span style=\"font-size: medium;\"><b>C1 JUNIORI<\/b><\/span><\/span><\/p>\n<p class=\"western\" align=\"left\"><span style=\"color: #000000;\"><span style=\"font-size: medium;\">Imre FAZEKAS: <\/span><\/span><span style=\"color: #000000;\"><span style=\"font-size: medium;\"><span lang=\"sk-SK\">Rozjazda- 5.miesto<\/span><\/span><\/span><\/p>\n<p class=\"western\" align=\"left\"><strong><span style=\"color: #000000;\"><span style=\"font-size: medium;\"><span lang=\"sk-SK\"><b>C1 JUNIORKY<\/b><\/span><\/span><\/span><\/strong><\/p>\n<p class=\"western\" align=\"left\"><span style=\"color: #000000;\"><span style=\"font-size: medium;\"><span lang=\"sk-SK\">Zo\u00e9 B\u00d3NOV\u00c1: <\/span><\/span><\/span><strong><span style=\"color: #000000;\"><span style=\"font-size: medium;\"><span lang=\"sk-SK\"><b>FIN\u00c1LE- 8.miesto<\/b><\/span><\/span><\/span><\/strong><\/p>\n<p class=\"western\" align=\"left\"><span style=\"color: #212529;\"><span style=\"font-size: medium;\"><span lang=\"sk-SK\">Laura \u0150RI: <\/span><\/span><\/span><strong><span style=\"color: #000000;\"><span style=\"font-size: medium;\"><span lang=\"sk-SK\"><b>FIN\u00c1LE- 3.miesto<\/b><\/span><\/span><\/span><\/strong><\/p>\n<p class=\"western\" align=\"left\"><strong><span style=\"color: #000000;\"><span style=\"font-size: medium;\"><span lang=\"sk-SK\"><b>C1 KADETKY <\/b><\/span><\/span><\/span><\/strong><\/p>\n<p class=\"western\" align=\"left\"><span style=\"color: #000000;\"><span style=\"font-size: medium;\"><span lang=\"sk-SK\">Nat\u00e1lia<\/span><\/span><\/span><span style=\"color: #000000;\"><span style=\"font-size: medium;\"> SZENCZIOV\u00c1: <\/span><\/span><span style=\"color: #000000;\"><span style=\"font-size: medium;\"><span lang=\"sk-SK\">Rozjazda- 5.miesto<\/span><\/span><\/span><\/p>\n<p class=\"western\" align=\"left\"><span style=\"font-size: medium;\"><span style=\"color: #000000;\"><b>K2 JUNIORI<\/b><\/span><\/span><\/p>\n<p class=\"western\" align=\"left\"><span style=\"color: #000000;\"><span style=\"font-size: medium;\">Dominik DOKTOR\u00cdK &#8211; \u013dudov\u00edt T\u00d3TH: <\/span><\/span><span style=\"color: #000000;\"><span style=\"font-size: medium;\"><span lang=\"sk-SK\">Rozjazda- 1.miesto, <\/span><\/span><\/span><strong><span style=\"color: #000000;\"><span style=\"font-size: medium;\"><span lang=\"sk-SK\"> FIN\u00c1LE- 1.miesto<\/span><\/span><\/span><\/strong><\/p>\n<p class=\"western\" align=\"left\"><span style=\"color: #000000;\"><span style=\"font-size: medium;\">M\u00e1t\u00e9 MARSAL- M\u00e1t\u00e9 LEPI: <\/span><\/span><span style=\"color: #000000;\"><span style=\"font-size: medium;\"><span lang=\"sk-SK\">Rozjazda- 4 .miesto , Semifin\u00e1le- 3.miesto, <\/span><\/span><\/span><strong><span style=\"color: #000000;\"><span style=\"font-size: medium;\"><span lang=\"sk-SK\"><b>FIN\u00c1LE- 6 .miesto<\/b><\/span><\/span><\/span><\/strong><\/p>\n<p class=\"western\" align=\"left\"><span style=\"font-size: medium;\"><span style=\"color: #000000;\"><b>K2 KADETI<\/b><\/span><\/span><\/p>\n<p class=\"western\" align=\"left\"><span style=\"color: #000000;\"><span style=\"font-size: medium;\">Peter Teo LUK\u00c1\u010c- Michal T\u00d3TH: <\/span><\/span><span style=\"color: #000000;\"><span style=\"font-size: medium;\"><span lang=\"sk-SK\">Rozjazda- 2.miesto, Semifin\u00e1le- 3.miesto, <\/span><\/span><\/span><strong><span style=\"color: #000000;\"><span style=\"font-size: medium;\"><span lang=\"sk-SK\"><b>FIN\u00c1LE- 9.miesto<\/b><\/span><\/span><\/span><\/strong><\/p>\n<p class=\"western\" align=\"left\"><strong><span style=\"font-size: medium;\"><span style=\"color: #000000;\">K2 JUNIORKY<\/span><\/span><\/strong><\/p>\n<p class=\"western\" align=\"left\"><strong><span style=\"color: #212529;\"><span style=\"font-size: medium;\"><span lang=\"sk-SK\">Lili\u00e1na GA\u00c1L \u2013 Tereza CZANIK\u00d3V\u00c1: <\/span><\/span><\/span><\/strong><span style=\"color: #000000;\"><span style=\"font-size: medium;\"><span lang=\"sk-SK\">Rozjazda- 2 .miesto, <\/span><\/span><\/span><strong><span style=\"color: #000000;\"><span style=\"font-size: medium;\"><span lang=\"sk-SK\"><b>FIN\u00c1LE- 5.miesto<\/b><\/span><\/span><\/span><\/strong><\/p>\n<h2 class=\"western\" align=\"left\"><span style=\"font-size: medium; color: #0000ff;\"><b>200 m <\/b><\/span><\/h2>\n<p class=\"western\" align=\"left\"><strong><span style=\"font-size: medium;\">K1 KADETI<\/span><\/strong><\/p>\n<p class=\"western\" align=\"left\"><span style=\"font-size: medium;\"><span style=\"color: #000000;\">Matej LOPATA: Rozjazda- 5.miesto , Semifin\u00e1le- 8.miesto<\/span><\/span><\/p>\n<p class=\"western\"><span style=\"font-size: medium;\"><b><span style=\"color: #000000;\">K<\/span><span style=\"color: #000000;\"><span lang=\"sk-SK\">1<\/span><\/span><span style=\"color: #000000;\"> JUNIORKY<\/span><\/b><\/span><\/p>\n<p class=\"western\"><span style=\"color: #212529;\"><span style=\"font-size: medium;\"><span lang=\"sk-SK\">Lili\u00e1na GA\u00c1L: <\/span><\/span><\/span><span style=\"color: #000000;\"><span style=\"font-size: medium;\"><span lang=\"sk-SK\">Rozjazda- 3.miesto , Semifin\u00e1le- 3.miesto, <\/span><\/span><\/span><span style=\"color: #000000;\"><span style=\"font-size: medium;\"><span lang=\"sk-SK\"><b>FIN\u00c1LE- 7 .miesto<\/b><\/span><\/span><\/span><\/p>\n<p class=\"western\"><span style=\"font-size: medium;\"><b>C1 JUNIORI<\/b><\/span><\/p>\n<p class=\"western\"><span style=\"color: #000000;\"><span style=\"font-size: medium;\">Imre FAZEKAS: <\/span><\/span><span style=\"color: #000000;\"><span style=\"font-size: medium;\"><span lang=\"sk-SK\">Rozjazda-7.miesto<\/span><\/span><\/span><\/p>\n<p class=\"western\" align=\"left\"><strong><span style=\"color: #000000;\"><span style=\"font-size: medium;\"><span lang=\"sk-SK\"><b>C1 JUNIORKY<\/b><\/span><\/span><\/span><\/strong><\/p>\n<p class=\"western\" align=\"left\"><span style=\"color: #000000;\"><span style=\"font-size: medium;\"><span lang=\"sk-SK\">Zo\u00e9 B\u00d3NOV\u00c1: Rozjazda- 4. miesto, <\/span><\/span><\/span><span style=\"color: #000000;\"><span style=\"font-size: medium;\"><span lang=\"sk-SK\"><b>FIN\u00c1LE- 6 .miesto<\/b><\/span><\/span><\/span><\/p>\n<p class=\"western\" align=\"left\"><span style=\"color: #212529;\"><span style=\"font-size: medium;\"><span lang=\"sk-SK\">Laura \u0150RI: <\/span><\/span><\/span><span style=\"color: #000000;\"><span style=\"font-size: medium;\"><span lang=\"sk-SK\">Rozjazda- 2.miesto, <\/span><\/span><\/span><span style=\"color: #000000;\"><span style=\"font-size: medium;\"><span lang=\"sk-SK\"><b>FIN\u00c1LE- 2.miesto<\/b><\/span><\/span><\/span><\/p>\n<p class=\"western\" align=\"left\"><strong><span style=\"color: #000000;\"><span style=\"font-size: medium;\"><span lang=\"sk-SK\"><b>C1 KADETKY<\/b><\/span><\/span><\/span><\/strong><\/p>\n<p class=\"western\" align=\"left\"><span style=\"color: #000000;\"><span style=\"font-size: medium;\">Katar\u00edna SZENCZIOV\u00c1: <\/span><\/span><span style=\"color: #000000;\"><span style=\"font-size: medium;\"><span lang=\"sk-SK\">Rozjazda- 5.miesto <\/span><\/span><\/span><\/p>\n<h2 class=\"western\" align=\"left\"><span style=\"font-size: medium; color: #0000ff;\"><b>500 m<\/b><\/span><\/h2>\n<p class=\"western\" align=\"left\"><span style=\"font-size: medium;\"><b><span style=\"color: #000000;\">K1 PRETEK\u00c1RI U23<\/span><\/b><\/span><\/p>\n<p class=\"western\" align=\"left\"><span style=\"color: #212529;\"><span style=\"font-size: medium;\"><span lang=\"sk-SK\">F<\/span><\/span><\/span><span style=\"color: #212529;\"><span style=\"font-size: medium;\"><span lang=\"sk-SK\">ilip PODLEISZEK: <\/span><\/span><\/span><span style=\"color: #000000;\"><span style=\"font-size: medium;\"><span lang=\"sk-SK\">Rozjazda- 1.miesto, Semifin\u00e1le- 2.miesto, <\/span><\/span><\/span><strong><span style=\"color: #000000;\"><span style=\"font-size: medium;\"><span lang=\"sk-SK\"><b>FIN\u00c1LE- 7.miesto<\/b><\/span><\/span><\/span><\/strong><\/p>\n<p class=\"western\" align=\"left\"><span style=\"color: #212529;\"><span style=\"font-size: medium;\"><span lang=\"sk-SK\">Marko UJV\u00c1RI: <\/span><\/span><\/span><span style=\"color: #000000;\"><span style=\"font-size: medium;\"><span lang=\"sk-SK\">Rozjazda- 2.miesto , Semifin\u00e1le- 1.miesto,<\/span><\/span><\/span><strong><span style=\"color: #000000;\"><span style=\"font-size: medium;\"><span lang=\"sk-SK\"><b> FIN\u00c1LE- 2.miesto<\/b><\/span><\/span><\/span><\/strong><\/p>\n<p class=\"western\" align=\"left\"><span style=\"font-size: medium;\"><b><span style=\"color: #000000;\">K<\/span><span style=\"color: #000000;\"><span lang=\"sk-SK\">1 <\/span><\/span><span style=\"color: #000000;\">JUNIORI<\/span><\/b><\/span><\/p>\n<p class=\"western\" align=\"left\"><span style=\"color: #000000;\"><span style=\"font-size: medium;\">Dominik DOKTOR\u00cdK: <\/span><\/span><span style=\"color: #000000;\"><span style=\"font-size: medium;\"><span lang=\"sk-SK\">Rozjazda- 1.miesto , Semifin\u00e1le- 1.miesto, <\/span><\/span><\/span><strong><span style=\"color: #000000;\"><span style=\"font-size: medium;\"><span lang=\"sk-SK\"><b>FIN\u00c1LE- 2.miesto<\/b><\/span><\/span><\/span><\/strong><\/p>\n<p class=\"western\" align=\"left\"><span style=\"font-size: medium;\"><b><span style=\"color: #000000;\">C1 JUNIORI<\/span><\/b><\/span><\/p>\n<p class=\"western\" align=\"left\"><span style=\"color: #000000;\"><span style=\"font-size: medium;\">Imre FAZEKAS: <\/span><\/span><span style=\"color: #000000;\"><span style=\"font-size: medium;\"><span lang=\"sk-SK\">Rozjazda- 8.miesto , Semifin\u00e1le- 8 .miesto<\/span><\/span><\/span><\/p>\n<p class=\"western\" align=\"left\"><span style=\"font-size: medium;\"><b><span style=\"color: #000000;\">K<\/span><span style=\"color: #000000;\"><span lang=\"sk-SK\">1<\/span><\/span><span style=\"color: #000000;\"> JUNIORKY<\/span><\/b><\/span><\/p>\n<p class=\"western\" align=\"left\"><span style=\"color: #212529;\"><span style=\"font-size: medium;\"><span lang=\"sk-SK\">Lili\u00e1na GA\u00c1L: <\/span><\/span><\/span><span style=\"color: #000000;\"><span style=\"font-size: medium;\"><span lang=\"sk-SK\">Rozjazda- 3.miesto, Semifin\u00e1le- 5.miesto<\/span><\/span><\/span><\/p>\n<p class=\"western\" align=\"left\"><strong><span style=\"color: #000000;\"><span style=\"font-size: medium;\"><span lang=\"sk-SK\"><b>C1 JUNIORKY<\/b><\/span><\/span><\/span><\/strong><\/p>\n<p class=\"western\" align=\"left\"><span style=\"color: #000000;\"><span style=\"font-size: medium;\"><span lang=\"sk-SK\">Zo\u00e9 B\u00d3NOV\u00c1: Rozjazda- 5.miesto, <\/span><\/span><\/span><strong><span style=\"color: #000000;\"><span style=\"font-size: medium;\"><span lang=\"sk-SK\"><b>FIN\u00c1LE- 7.miesto<\/b><\/span><\/span><\/span><\/strong><\/p>\n<p class=\"western\" align=\"left\"><span style=\"color: #212529;\"><span style=\"font-size: medium;\"><span lang=\"sk-SK\">Laura \u0150RI: <\/span><\/span><\/span><span style=\"color: #000000;\"><span style=\"font-size: medium;\"><span lang=\"sk-SK\">Rozjazda- 2 .miesto, <\/span><\/span><\/span><strong><span style=\"color: #000000;\"><span style=\"font-size: medium;\"><span lang=\"sk-SK\"><b>FIN\u00c1LE- 2.miesto<\/b><\/span><\/span><\/span><\/strong><\/p>\n<p class=\"western\" align=\"left\"><span style=\"font-size: medium;\"><b><span style=\"color: #000000;\">K1 KADETI<\/span><\/b><\/span><\/p>\n<p class=\"western\" align=\"left\"><span style=\"font-size: medium;\"><span style=\"color: #000000;\">Matej LOPATA: Rozjazda- 7.miesto <\/span><\/span><\/p>\n<p class=\"western\" align=\"left\"><span style=\"color: #000000;\"><span style=\"font-size: medium;\">Peter Teo LUK\u00c1\u010c: <\/span><\/span><span style=\"color: #000000;\"><span style=\"font-size: medium;\"><span lang=\"sk-SK\">Rozjazda- 3 .miesto , Semifin\u00e1le- 4.miesto, <\/span><\/span><\/span><span style=\"color: #000000;\"><span style=\"font-size: medium;\"><span lang=\"sk-SK\"><b>FIN\u00c1LE B &#8211; 5.miesto<\/b><\/span><\/span><\/span><\/p>\n<p class=\"western\" align=\"left\"><strong><span style=\"color: #000000;\"><span style=\"font-size: medium;\"><span lang=\"sk-SK\"><b>C1 KADETKY<\/b><\/span><\/span><\/span><\/strong><\/p>\n<p class=\"western\" align=\"left\"><span style=\"color: #000000;\"><span style=\"font-size: medium;\">Katar\u00edna SZENCZIOV\u00c1: <\/span><\/span><span style=\"color: #000000;\"><span style=\"font-size: medium;\"><span lang=\"sk-SK\">Rozjazda- 5.miesto<\/span><\/span><\/span><\/p>\n<p class=\"western\" align=\"left\"><span style=\"font-size: medium;\"><b><span style=\"color: #000000;\">K2 JUNIORI<\/span><\/b><\/span><\/p>\n<p class=\"western\" align=\"left\"><span style=\"color: #000000;\"><span style=\"font-size: medium;\">Dominik DOKTOR\u00cdK &#8211; \u013dudov\u00edt T\u00d3TH: <\/span><\/span><span style=\"color: #000000;\"><span style=\"font-size: medium;\"><span lang=\"sk-SK\">Rozjazda- 2.miesto , Semifin\u00e1le- 1.miesto, <\/span><\/span><\/span><strong><span style=\"color: #000000;\"><span style=\"font-size: medium;\"><span lang=\"sk-SK\"><b>FIN\u00c1LE- 2.miesto<\/b><\/span><\/span><\/span><\/strong><\/p>\n<p class=\"western\" align=\"left\"><span style=\"color: #000000;\"><span style=\"font-size: medium;\"><span lang=\"sk-SK\">M\u00e1t\u00e9 MARSAL- M\u00e1t\u00e9 LEPI: Rozjazda- 2.miesto, Semifin\u00e1le- 2.miesto, <\/span><\/span><\/span><strong><span style=\"color: #000000;\"><span style=\"font-size: medium;\"><span lang=\"sk-SK\"><b>FIN\u00c1LE- 8.miesto<\/b><\/span><\/span><\/span><\/strong><\/p>\n<p class=\"western\" align=\"left\"><span style=\"font-size: medium;\"><b><span style=\"color: #000000;\">K2 KADETI<\/span><\/b><\/span><\/p>\n<p class=\"western\" align=\"left\"><span style=\"color: #000000;\"><span style=\"font-size: medium;\">Peter Teo LUK\u00c1\u010c- Michal T\u00d3TH: <\/span><\/span><span style=\"color: #000000;\"><span style=\"font-size: medium;\"><span lang=\"sk-SK\">Rozjazda- 4.miesto, Semifin\u00e1le- 7.miesto <\/span><\/span><\/span><\/p>\n<p class=\"western\" align=\"left\"><span style=\"font-size: medium;\"><b><span style=\"color: #000000;\">K2 JUNIORKY<\/span><\/b><\/span><\/p>\n<p class=\"western\" align=\"left\"><span style=\"color: #212529;\"><span style=\"font-size: medium;\"><span lang=\"sk-SK\">Lili\u00e1na GA\u00c1L \u2013 Tereza CZANIKOV\u00c1: <\/span><\/span><\/span><span style=\"color: #000000;\"><span style=\"font-size: medium;\"><span lang=\"sk-SK\">Rozjazda- 4.miesto, Semifin\u00e1le- 2.miesto, <\/span><\/span><\/span><\/p>\n<p class=\"western\" align=\"left\"><span style=\"font-size: medium;\"><b><span style=\"color: #000000;\">K<\/span><span style=\"color: #000000;\"><span lang=\"sk-SK\">2<\/span><\/span><span style=\"color: #000000;\"> PRETEK\u00c1RI U23<\/span><\/b><\/span><\/p>\n<p class=\"western\" align=\"left\"><span style=\"color: #212529;\"><span style=\"font-size: medium;\"><span lang=\"sk-SK\">Filip PODLEISZEK- Marko UJV\u00c1RI: <\/span><\/span><\/span><span style=\"color: #000000;\"><span style=\"font-size: medium;\"><span lang=\"sk-SK\">Rozjazda- 2.miesto, <\/span><\/span><\/span><strong><span style=\"color: #000000;\"><span style=\"font-size: medium;\"><span lang=\"sk-SK\"><b>FIN\u00c1LE- 3.miesto<\/b><\/span><\/span><\/span><\/strong><\/p>\n<p class=\"western\" align=\"left\"><span style=\"font-size: medium;\"><b><span style=\"color: #000000;\">K<\/span><span style=\"color: #000000;\"><span lang=\"sk-SK\">4<\/span><\/span><span style=\"color: #000000;\"> PRETEK\u00c1RI U23<\/span><\/b><\/span><\/p>\n<p class=\"western\" align=\"left\"><span style=\"color: #212529;\"><span style=\"font-size: medium;\"><span lang=\"sk-SK\">Filip PODLEISZEK- Marko UJV\u00c1RI- Martin HVOJN\u00cdK- Juraj KUKU\u010cKA <\/span><\/span><\/span><strong><span style=\"color: #212529;\"><span style=\"font-size: medium;\"><span lang=\"sk-SK\">: <\/span><\/span><\/span><\/strong><strong><span style=\"color: #000000;\"><span style=\"font-size: medium;\"><span lang=\"sk-SK\"><b> FIN\u00c1LE-<\/b><\/span><\/span><\/span><\/strong><strong><span style=\"color: #000000;\"><span style=\"font-size: medium;\"><span lang=\"sk-SK\"><b> 3.miesto<\/b><\/span><\/span><\/span><\/strong><\/p>\n<p class=\"western\" align=\"left\"><span style=\"font-size: medium;\"><b><span style=\"color: #000000;\">K<\/span><span style=\"color: #000000;\"><span lang=\"sk-SK\">4 <\/span><\/span><span style=\"color: #000000;\">JUNIORI<\/span><\/b><\/span><\/p>\n<p class=\"western\" align=\"left\"><span style=\"color: #000000;\"><span style=\"font-size: medium;\">M\u00e1t\u00e9 MARSAL-M\u00e1t\u00e9 LEPI- Marko BERGENDI- Martin B\u00c1BIK: <\/span><\/span> <strong><span style=\"color: #000000;\"><span style=\"font-size: medium;\"><span lang=\"sk-SK\"><b>FIN\u00c1LE-<\/b><\/span><\/span><\/span><\/strong><strong><span style=\"color: #000000;\"><span style=\"font-size: medium;\"><span lang=\"sk-SK\"><b>4.miesto<\/b><\/span><\/span><\/span><\/strong><\/p>\n<p class=\"western\" align=\"left\"><span style=\"font-size: medium;\"><b><span style=\"color: #000000;\">K<\/span><span style=\"color: #000000;\"><span lang=\"sk-SK\">4<\/span><\/span><span style=\"color: #000000;\"> KADETI<\/span><\/b><\/span><\/p>\n<p class=\"western\" align=\"left\"><span style=\"color: #000000;\"><span style=\"font-size: medium;\"><span lang=\"sk-SK\">Peter Teo LUK\u00c1\u010c- Michal T\u00d3TH- Martin APFEL- Oskar \u010eUR\u010cO: <\/span><\/span><\/span><strong><span style=\"color: #000000;\"><span style=\"font-size: medium;\"><span lang=\"sk-SK\"><b>FIN\u00c1LE- 4.miesto<\/b><\/span><\/span><\/span><\/strong><\/p>\n<p class=\"western\" align=\"left\"><span style=\"color: #000000;\"><span style=\"font-size: medium;\"><span lang=\"sk-SK\">Matej LOPATA-Alex GAVLIDER-Tom\u00e1\u0161 KOC\u00daR-Jakub BARTOL\u010cI\u010c:<\/span><\/span><\/span> <strong><span style=\"color: #000000;\"><span style=\"font-size: medium;\"><span lang=\"sk-SK\"><b>FIN\u00c1LE-<\/b><\/span><\/span><\/span><\/strong><strong><span style=\"color: #000000;\"><span style=\"font-size: medium;\"><span lang=\"sk-SK\"><b> 5.miesto<\/b><\/span><\/span><\/span><\/strong><\/p>\n<h2 class=\"western\" align=\"left\"><span style=\"color: #0000ff;\"><span style=\"font-size: medium;\"><b>5000 m <\/b><\/span><\/span><\/h2>\n<p class=\"western\" align=\"left\"><span style=\"color: #000000;\"><span style=\"font-size: medium;\"><b>K1 PRETEK\u00c1RI U23<\/b><\/span><\/span><\/p>\n<p class=\"western\" align=\"left\"><span style=\"color: #212529;\"><span style=\"font-size: medium;\"><span lang=\"sk-SK\">Marko UJV\u00c1RI: <\/span><\/span><\/span><strong><span style=\"color: #000000;\"><span style=\"font-size: medium;\"><span lang=\"sk-SK\"> FIN\u00c1LE- <\/span><\/span><\/span><\/strong><strong><span style=\"color: #000000;\"><span style=\"font-size: medium;\"><span lang=\"sk-SK\"><b>1. miesto<\/b><\/span><\/span><\/span><\/strong><\/p>\n<p class=\"western\" align=\"left\"><span style=\"color: #212529;\"><span style=\"font-size: medium;\"><span lang=\"sk-SK\">Filip PODLEISZEK: <\/span><\/span><\/span><strong><span style=\"color: #000000;\"><span style=\"font-size: medium;\"><span lang=\"sk-SK\"> FIN\u00c1LE-<\/span><\/span><\/span><\/strong> <strong><span style=\"color: #000000;\"><span style=\"font-size: medium;\"><span lang=\"sk-SK\"><b>2.miesto<\/b><\/span><\/span><\/span><\/strong><\/p>\n<p class=\"western\" align=\"left\"><span style=\"font-size: medium;\"><b><span style=\"color: #000000;\">K1 JUNIORI<\/span><\/b><\/span><\/p>\n<p class=\"western\" align=\"left\"><span style=\"color: #000000;\"><span style=\"font-size: medium;\">Dominik DOKTOR\u00cdK: <\/span><\/span><strong><span style=\"color: #000000;\"><span style=\"font-size: medium;\"><span lang=\"sk-SK\">FIN\u00c1LE- <\/span><\/span><\/span><\/strong><strong><span style=\"color: #000000;\"><span style=\"font-size: medium;\"><span lang=\"sk-SK\"><b>1.miesto<\/b><\/span><\/span><\/span><\/strong><\/p>\n<p class=\"western\" align=\"left\"><span style=\"font-size: medium;\"><span style=\"color: #000000;\">\u013dudov\u00edt T\u00d3TH: <strong>FIN\u00c1LE-<\/strong><\/span> <span style=\"color: #000000;\"><b>2.miesto<\/b><\/span><\/span><\/p>\n<p class=\"western\" align=\"left\"><span style=\"font-size: medium;\"><b><span style=\"color: #000000;\">C1 JUNIORI<\/span><\/b><\/span><\/p>\n<p class=\"western\" align=\"left\"><span style=\"color: #000000;\"><span style=\"font-size: medium;\"><span lang=\"sk-SK\">Imre FAZEKAS:<\/span><\/span><\/span><strong><span style=\"color: #000000;\"><span style=\"font-size: medium;\"><span lang=\"sk-SK\"> FIN\u00c1LE-<\/span><\/span><\/span><\/strong><strong><span style=\"color: #000000;\"><span style=\"font-size: medium;\"><span lang=\"sk-SK\"><b>6.miesto<\/b><\/span><\/span><\/span><\/strong><\/p>\n<p class=\"western\" align=\"left\"><span style=\"font-size: medium;\"><b><span style=\"color: #000000;\">K1 KADETI<\/span><\/b><\/span><\/p>\n<p class=\"western\" align=\"left\"><span style=\"color: #000000;\"><span style=\"font-size: medium;\">Peter Teo LUK\u00c1\u010c: <\/span><\/span><strong><span style=\"color: #000000;\"><span style=\"font-size: medium;\"><span lang=\"sk-SK\">FIN\u00c1LE-<\/span><\/span><\/span><\/strong> <strong><span style=\"color: #000000;\"><span style=\"font-size: medium;\"><span lang=\"sk-SK\"><b>5.miesto<\/b><\/span><\/span><\/span><\/strong><\/p>\n<p class=\"western\" align=\"left\"><span style=\"color: #000000;\"><span style=\"font-size: medium;\"><span lang=\"sk-SK\">Michal T\u00d3TH : <\/span><\/span><\/span><strong><span style=\"color: #000000;\"><span style=\"font-size: medium;\"><span lang=\"sk-SK\">FIN\u00c1LE-<\/span><\/span><\/span><\/strong> <span style=\"color: #000000;\"><span style=\"font-size: medium;\"><span lang=\"sk-SK\"><b>11.miesto<\/b><\/span><\/span><\/span><\/p>\n<p class=\"western\" align=\"left\"><strong><span style=\"color: #000000;\"><span style=\"font-size: medium;\"><span lang=\"sk-SK\"><b>C1 JUNIORKY<\/b><\/span><\/span><\/span><\/strong><\/p>\n<p class=\"western\" align=\"left\"><span style=\"color: #212529;\"><span style=\"font-size: medium;\"><span lang=\"sk-SK\">Laura \u0150RI: <\/span><\/span><\/span><strong><span style=\"color: #000000;\"><span style=\"font-size: medium;\"><span lang=\"sk-SK\">FIN\u00c1LE- <\/span><\/span><\/span><\/strong><span style=\"color: #000000;\"><span style=\"font-size: medium;\"><span lang=\"sk-SK\"><b>3.miesto <\/b><\/span><\/span><\/span><\/p>\n<p class=\"western\" align=\"left\"><strong><span style=\"color: #000000;\"><span style=\"font-size: medium;\"><span lang=\"sk-SK\"><b>C1 KADETKY<\/b><\/span><\/span><\/span><\/strong><\/p>\n<p class=\"western\" align=\"left\"><span style=\"color: #000000;\"><span style=\"font-size: medium;\"><span lang=\"sk-SK\">Katar\u00edna SZENCZIOV\u00c1:<\/span><\/span><\/span><strong><span style=\"color: #000000;\"><span style=\"font-size: medium;\"><span lang=\"sk-SK\"> FIN\u00c1LE- <\/span><\/span><\/span><\/strong><strong><span style=\"color: #000000;\"><span style=\"font-size: medium;\"><span lang=\"sk-SK\"><b>10.miesto<\/b><\/span><\/span><\/span><\/strong><\/p>\n<h2 class=\"western\" style=\"text-align: center;\" align=\"left\"><span style=\"font-family: Calibri, serif; color: #0000ff;\"><span style=\"font-size: small;\"><span style=\"font-size: medium;\"><b>BLAHO\u017dEL\u00c1ME NA\u0160IM PRETEK\u00c1ROM A \u010eAKUJEME ZA \u00daSPE\u0160N\u00da REPREZENT\u00c1CIU<\/b><\/span><\/span><\/span><\/h2>\n<p class=\"western\" align=\"left\">\n<p class=\"western\" align=\"left\">\n<p class=\"western\" align=\"left\">\n","protected":false},"excerpt":{"rendered":"<p>V d\u0148och 26.05.2023 a\u017e 28.05.2023 sa na Zemn\u00edku uskuto\u010dnil 37. ro\u010dn\u00edk Medzin\u00e1rodnej regaty juniorov a pretek\u00e1rov do 23 rokov v r\u00fdchlostnej kanoistike. Na Zemn\u00edku sa zi\u0161la konkurencia viac ako 360 pretek\u00e1rov zo 16 kraj\u00edn . V 81 \u010dlennej slovenskej v\u00fdprave bolo 13 pretek\u00e1rov z Kajak &amp; kanoe klubu Kom\u00e1rno. REPREZENTOVALI N\u00c1S: JUNIORKY: Zo\u00e9 B\u00d3NOV\u00c1, Laura [&hellip;]<\/p>\n","protected":false},"author":3,"featured_media":3480,"comment_status":"open","ping_status":"open","sticky":false,"template":"","format":"standard","meta":{"inline_featured_image":false,"footnotes":""},"categories":[1],"tags":[],"class_list":["post-3471","post","type-post","status-publish","format-standard","has-post-thumbnail","hentry","category-novinky"],"acf":[],"yoast_head":"<!-- This site is optimized with the Yoast SEO plugin v26.6 - https:\/\/yoast.com\/wordpress\/plugins\/seo\/ -->\n<title>\u00daspe\u0161n\u00e1 37. Medzin\u00e1rodn\u00e1 regata - Kajak &amp; kanoe klub Kom\u00e1rno<\/title>\n<meta name=\"robots\" content=\"index, follow, max-snippet:-1, max-image-preview:large, max-video-preview:-1\" \/>\n<link rel=\"canonical\" href=\"https:\/\/kajakkomarno.sk\/novinky\/uspesna-37-medzinarodna-regata\/\" \/>\n<meta property=\"og:locale\" content=\"hu_HU\" \/>\n<meta property=\"og:type\" content=\"article\" \/>\n<meta property=\"og:title\" content=\"\u00daspe\u0161n\u00e1 37. Medzin\u00e1rodn\u00e1 regata - Kajak &amp; kanoe klub Kom\u00e1rno\" \/>\n<meta property=\"og:description\" content=\"V d\u0148och 26.05.2023 a\u017e 28.05.2023 sa na Zemn\u00edku uskuto\u010dnil 37. ro\u010dn\u00edk Medzin\u00e1rodnej regaty juniorov a pretek\u00e1rov do 23 rokov v r\u00fdchlostnej kanoistike. Na Zemn\u00edku sa zi\u0161la konkurencia viac ako 360 pretek\u00e1rov zo 16 kraj\u00edn . V 81 \u010dlennej slovenskej v\u00fdprave bolo 13 pretek\u00e1rov z Kajak &amp; kanoe klubu Kom\u00e1rno. REPREZENTOVALI N\u00c1S: JUNIORKY: Zo\u00e9 B\u00d3NOV\u00c1, Laura [&hellip;]\" \/>\n<meta property=\"og:url\" content=\"https:\/\/kajakkomarno.sk\/novinky\/uspesna-37-medzinarodna-regata\/\" \/>\n<meta property=\"og:site_name\" content=\"Kajak &amp; kanoe klub Kom\u00e1rno\" \/>\n<meta property=\"article:published_time\" content=\"2023-05-29T19:18:56+00:00\" \/>\n<meta property=\"og:image\" content=\"https:\/\/kajakkomarno.sk\/wp-content\/uploads\/2023\/05\/regatta-2023.jpg\" \/>\n\t<meta property=\"og:image:width\" content=\"510\" \/>\n\t<meta property=\"og:image:height\" content=\"506\" \/>\n\t<meta property=\"og:image:type\" content=\"image\/jpeg\" \/>\n<meta name=\"author\" content=\"petrusivi18@gmail.com\" \/>\n<meta name=\"twitter:card\" content=\"summary_large_image\" \/>\n<meta name=\"twitter:label1\" content=\"Szerz\u0151:\" \/>\n\t<meta name=\"twitter:data1\" content=\"petrusivi18@gmail.com\" \/>\n\t<meta name=\"twitter:label2\" content=\"Becs\u00fclt olvas\u00e1si id\u0151\" \/>\n\t<meta name=\"twitter:data2\" content=\"7 perc\" \/>\n<script type=\"application\/ld+json\" class=\"yoast-schema-graph\">{\"@context\":\"https:\/\/schema.org\",\"@graph\":[{\"@type\":\"Article\",\"@id\":\"https:\/\/kajakkomarno.sk\/novinky\/uspesna-37-medzinarodna-regata\/#article\",\"isPartOf\":{\"@id\":\"https:\/\/kajakkomarno.sk\/novinky\/uspesna-37-medzinarodna-regata\/\"},\"author\":{\"name\":\"petrusivi18@gmail.com\",\"@id\":\"https:\/\/kajakkomarno.sk\/#\/schema\/person\/c5c91af715cbb9be5937ae2db77cab69\"},\"headline\":\"\u00daspe\u0161n\u00e1 37. Medzin\u00e1rodn\u00e1 regata\",\"datePublished\":\"2023-05-29T19:18:56+00:00\",\"mainEntityOfPage\":{\"@id\":\"https:\/\/kajakkomarno.sk\/novinky\/uspesna-37-medzinarodna-regata\/\"},\"wordCount\":1288,\"commentCount\":0,\"publisher\":{\"@id\":\"https:\/\/kajakkomarno.sk\/#organization\"},\"image\":{\"@id\":\"https:\/\/kajakkomarno.sk\/novinky\/uspesna-37-medzinarodna-regata\/#primaryimage\"},\"thumbnailUrl\":\"https:\/\/kajakkomarno.sk\/wp-content\/uploads\/2023\/05\/regatta-2023.jpg\",\"articleSection\":[\"Novinky\"],\"inLanguage\":\"hu\",\"potentialAction\":[{\"@type\":\"CommentAction\",\"name\":\"Comment\",\"target\":[\"https:\/\/kajakkomarno.sk\/novinky\/uspesna-37-medzinarodna-regata\/#respond\"]}]},{\"@type\":\"WebPage\",\"@id\":\"https:\/\/kajakkomarno.sk\/novinky\/uspesna-37-medzinarodna-regata\/\",\"url\":\"https:\/\/kajakkomarno.sk\/novinky\/uspesna-37-medzinarodna-regata\/\",\"name\":\"\u00daspe\u0161n\u00e1 37. Medzin\u00e1rodn\u00e1 regata - Kajak &amp; kanoe klub Kom\u00e1rno\",\"isPartOf\":{\"@id\":\"https:\/\/kajakkomarno.sk\/#website\"},\"primaryImageOfPage\":{\"@id\":\"https:\/\/kajakkomarno.sk\/novinky\/uspesna-37-medzinarodna-regata\/#primaryimage\"},\"image\":{\"@id\":\"https:\/\/kajakkomarno.sk\/novinky\/uspesna-37-medzinarodna-regata\/#primaryimage\"},\"thumbnailUrl\":\"https:\/\/kajakkomarno.sk\/wp-content\/uploads\/2023\/05\/regatta-2023.jpg\",\"datePublished\":\"2023-05-29T19:18:56+00:00\",\"breadcrumb\":{\"@id\":\"https:\/\/kajakkomarno.sk\/novinky\/uspesna-37-medzinarodna-regata\/#breadcrumb\"},\"inLanguage\":\"hu\",\"potentialAction\":[{\"@type\":\"ReadAction\",\"target\":[\"https:\/\/kajakkomarno.sk\/novinky\/uspesna-37-medzinarodna-regata\/\"]}]},{\"@type\":\"ImageObject\",\"inLanguage\":\"hu\",\"@id\":\"https:\/\/kajakkomarno.sk\/novinky\/uspesna-37-medzinarodna-regata\/#primaryimage\",\"url\":\"https:\/\/kajakkomarno.sk\/wp-content\/uploads\/2023\/05\/regatta-2023.jpg\",\"contentUrl\":\"https:\/\/kajakkomarno.sk\/wp-content\/uploads\/2023\/05\/regatta-2023.jpg\",\"width\":510,\"height\":506},{\"@type\":\"BreadcrumbList\",\"@id\":\"https:\/\/kajakkomarno.sk\/novinky\/uspesna-37-medzinarodna-regata\/#breadcrumb\",\"itemListElement\":[{\"@type\":\"ListItem\",\"position\":1,\"name\":\"Domov\",\"item\":\"https:\/\/kajakkomarno.sk\/hu\/fooldal\/\"},{\"@type\":\"ListItem\",\"position\":2,\"name\":\"Novinky\",\"item\":\"https:\/\/kajakkomarno.sk\/category\/novinky\/\"},{\"@type\":\"ListItem\",\"position\":3,\"name\":\"\u00daspe\u0161n\u00e1 37. Medzin\u00e1rodn\u00e1 regata\"}]},{\"@type\":\"WebSite\",\"@id\":\"https:\/\/kajakkomarno.sk\/#website\",\"url\":\"https:\/\/kajakkomarno.sk\/\",\"name\":\"Kajak &amp; kanoe klub Kom\u00e1rno\",\"description\":\"\",\"publisher\":{\"@id\":\"https:\/\/kajakkomarno.sk\/#organization\"},\"potentialAction\":[{\"@type\":\"SearchAction\",\"target\":{\"@type\":\"EntryPoint\",\"urlTemplate\":\"https:\/\/kajakkomarno.sk\/?s={search_term_string}\"},\"query-input\":{\"@type\":\"PropertyValueSpecification\",\"valueRequired\":true,\"valueName\":\"search_term_string\"}}],\"inLanguage\":\"hu\"},{\"@type\":\"Organization\",\"@id\":\"https:\/\/kajakkomarno.sk\/#organization\",\"name\":\"Kajak &amp; kanoe klub Kom\u00e1rno\",\"url\":\"https:\/\/kajakkomarno.sk\/\",\"logo\":{\"@type\":\"ImageObject\",\"inLanguage\":\"hu\",\"@id\":\"https:\/\/kajakkomarno.sk\/#\/schema\/logo\/image\/\",\"url\":\"https:\/\/kajakkomarno.sk\/wp-content\/uploads\/2022\/12\/kajak-kanoe-klub-komarno-optimized-opt.svg\",\"contentUrl\":\"https:\/\/kajakkomarno.sk\/wp-content\/uploads\/2022\/12\/kajak-kanoe-klub-komarno-optimized-opt.svg\",\"width\":307,\"height\":66,\"caption\":\"Kajak &amp; kanoe klub Kom\u00e1rno\"},\"image\":{\"@id\":\"https:\/\/kajakkomarno.sk\/#\/schema\/logo\/image\/\"}},{\"@type\":\"Person\",\"@id\":\"https:\/\/kajakkomarno.sk\/#\/schema\/person\/c5c91af715cbb9be5937ae2db77cab69\",\"name\":\"petrusivi18@gmail.com\",\"image\":{\"@type\":\"ImageObject\",\"inLanguage\":\"hu\",\"@id\":\"https:\/\/kajakkomarno.sk\/#\/schema\/person\/image\/\",\"url\":\"https:\/\/secure.gravatar.com\/avatar\/77dd3ca1ae9038935f09e411f1d53193ef634a1b97c471309f0fc163209e68d8?s=96&d=mm&r=g\",\"contentUrl\":\"https:\/\/secure.gravatar.com\/avatar\/77dd3ca1ae9038935f09e411f1d53193ef634a1b97c471309f0fc163209e68d8?s=96&d=mm&r=g\",\"caption\":\"petrusivi18@gmail.com\"},\"url\":\"https:\/\/kajakkomarno.sk\/hu\/author\/petrusivi18gmail-com\/\"}]}<\/script>\n<!-- \/ Yoast SEO plugin. -->","yoast_head_json":{"title":"\u00daspe\u0161n\u00e1 37. Medzin\u00e1rodn\u00e1 regata - Kajak &amp; kanoe klub Kom\u00e1rno","robots":{"index":"index","follow":"follow","max-snippet":"max-snippet:-1","max-image-preview":"max-image-preview:large","max-video-preview":"max-video-preview:-1"},"canonical":"https:\/\/kajakkomarno.sk\/novinky\/uspesna-37-medzinarodna-regata\/","og_locale":"hu_HU","og_type":"article","og_title":"\u00daspe\u0161n\u00e1 37. Medzin\u00e1rodn\u00e1 regata - Kajak &amp; kanoe klub Kom\u00e1rno","og_description":"V d\u0148och 26.05.2023 a\u017e 28.05.2023 sa na Zemn\u00edku uskuto\u010dnil 37. ro\u010dn\u00edk Medzin\u00e1rodnej regaty juniorov a pretek\u00e1rov do 23 rokov v r\u00fdchlostnej kanoistike. Na Zemn\u00edku sa zi\u0161la konkurencia viac ako 360 pretek\u00e1rov zo 16 kraj\u00edn . V 81 \u010dlennej slovenskej v\u00fdprave bolo 13 pretek\u00e1rov z Kajak &amp; kanoe klubu Kom\u00e1rno. REPREZENTOVALI N\u00c1S: JUNIORKY: Zo\u00e9 B\u00d3NOV\u00c1, Laura [&hellip;]","og_url":"https:\/\/kajakkomarno.sk\/novinky\/uspesna-37-medzinarodna-regata\/","og_site_name":"Kajak &amp; kanoe klub Kom\u00e1rno","article_published_time":"2023-05-29T19:18:56+00:00","og_image":[{"width":510,"height":506,"url":"https:\/\/kajakkomarno.sk\/wp-content\/uploads\/2023\/05\/regatta-2023.jpg","type":"image\/jpeg"}],"author":"petrusivi18@gmail.com","twitter_card":"summary_large_image","twitter_misc":{"Szerz\u0151:":"petrusivi18@gmail.com","Becs\u00fclt olvas\u00e1si id\u0151":"7 perc"},"schema":{"@context":"https:\/\/schema.org","@graph":[{"@type":"Article","@id":"https:\/\/kajakkomarno.sk\/novinky\/uspesna-37-medzinarodna-regata\/#article","isPartOf":{"@id":"https:\/\/kajakkomarno.sk\/novinky\/uspesna-37-medzinarodna-regata\/"},"author":{"name":"petrusivi18@gmail.com","@id":"https:\/\/kajakkomarno.sk\/#\/schema\/person\/c5c91af715cbb9be5937ae2db77cab69"},"headline":"\u00daspe\u0161n\u00e1 37. Medzin\u00e1rodn\u00e1 regata","datePublished":"2023-05-29T19:18:56+00:00","mainEntityOfPage":{"@id":"https:\/\/kajakkomarno.sk\/novinky\/uspesna-37-medzinarodna-regata\/"},"wordCount":1288,"commentCount":0,"publisher":{"@id":"https:\/\/kajakkomarno.sk\/#organization"},"image":{"@id":"https:\/\/kajakkomarno.sk\/novinky\/uspesna-37-medzinarodna-regata\/#primaryimage"},"thumbnailUrl":"https:\/\/kajakkomarno.sk\/wp-content\/uploads\/2023\/05\/regatta-2023.jpg","articleSection":["Novinky"],"inLanguage":"hu","potentialAction":[{"@type":"CommentAction","name":"Comment","target":["https:\/\/kajakkomarno.sk\/novinky\/uspesna-37-medzinarodna-regata\/#respond"]}]},{"@type":"WebPage","@id":"https:\/\/kajakkomarno.sk\/novinky\/uspesna-37-medzinarodna-regata\/","url":"https:\/\/kajakkomarno.sk\/novinky\/uspesna-37-medzinarodna-regata\/","name":"\u00daspe\u0161n\u00e1 37. Medzin\u00e1rodn\u00e1 regata - Kajak &amp; kanoe klub Kom\u00e1rno","isPartOf":{"@id":"https:\/\/kajakkomarno.sk\/#website"},"primaryImageOfPage":{"@id":"https:\/\/kajakkomarno.sk\/novinky\/uspesna-37-medzinarodna-regata\/#primaryimage"},"image":{"@id":"https:\/\/kajakkomarno.sk\/novinky\/uspesna-37-medzinarodna-regata\/#primaryimage"},"thumbnailUrl":"https:\/\/kajakkomarno.sk\/wp-content\/uploads\/2023\/05\/regatta-2023.jpg","datePublished":"2023-05-29T19:18:56+00:00","breadcrumb":{"@id":"https:\/\/kajakkomarno.sk\/novinky\/uspesna-37-medzinarodna-regata\/#breadcrumb"},"inLanguage":"hu","potentialAction":[{"@type":"ReadAction","target":["https:\/\/kajakkomarno.sk\/novinky\/uspesna-37-medzinarodna-regata\/"]}]},{"@type":"ImageObject","inLanguage":"hu","@id":"https:\/\/kajakkomarno.sk\/novinky\/uspesna-37-medzinarodna-regata\/#primaryimage","url":"https:\/\/kajakkomarno.sk\/wp-content\/uploads\/2023\/05\/regatta-2023.jpg","contentUrl":"https:\/\/kajakkomarno.sk\/wp-content\/uploads\/2023\/05\/regatta-2023.jpg","width":510,"height":506},{"@type":"BreadcrumbList","@id":"https:\/\/kajakkomarno.sk\/novinky\/uspesna-37-medzinarodna-regata\/#breadcrumb","itemListElement":[{"@type":"ListItem","position":1,"name":"Domov","item":"https:\/\/kajakkomarno.sk\/hu\/fooldal\/"},{"@type":"ListItem","position":2,"name":"Novinky","item":"https:\/\/kajakkomarno.sk\/category\/novinky\/"},{"@type":"ListItem","position":3,"name":"\u00daspe\u0161n\u00e1 37. Medzin\u00e1rodn\u00e1 regata"}]},{"@type":"WebSite","@id":"https:\/\/kajakkomarno.sk\/#website","url":"https:\/\/kajakkomarno.sk\/","name":"Kajak &amp; kanoe klub Kom\u00e1rno","description":"","publisher":{"@id":"https:\/\/kajakkomarno.sk\/#organization"},"potentialAction":[{"@type":"SearchAction","target":{"@type":"EntryPoint","urlTemplate":"https:\/\/kajakkomarno.sk\/?s={search_term_string}"},"query-input":{"@type":"PropertyValueSpecification","valueRequired":true,"valueName":"search_term_string"}}],"inLanguage":"hu"},{"@type":"Organization","@id":"https:\/\/kajakkomarno.sk\/#organization","name":"Kajak &amp; kanoe klub Kom\u00e1rno","url":"https:\/\/kajakkomarno.sk\/","logo":{"@type":"ImageObject","inLanguage":"hu","@id":"https:\/\/kajakkomarno.sk\/#\/schema\/logo\/image\/","url":"https:\/\/kajakkomarno.sk\/wp-content\/uploads\/2022\/12\/kajak-kanoe-klub-komarno-optimized-opt.svg","contentUrl":"https:\/\/kajakkomarno.sk\/wp-content\/uploads\/2022\/12\/kajak-kanoe-klub-komarno-optimized-opt.svg","width":307,"height":66,"caption":"Kajak &amp; kanoe klub Kom\u00e1rno"},"image":{"@id":"https:\/\/kajakkomarno.sk\/#\/schema\/logo\/image\/"}},{"@type":"Person","@id":"https:\/\/kajakkomarno.sk\/#\/schema\/person\/c5c91af715cbb9be5937ae2db77cab69","name":"petrusivi18@gmail.com","image":{"@type":"ImageObject","inLanguage":"hu","@id":"https:\/\/kajakkomarno.sk\/#\/schema\/person\/image\/","url":"https:\/\/secure.gravatar.com\/avatar\/77dd3ca1ae9038935f09e411f1d53193ef634a1b97c471309f0fc163209e68d8?s=96&d=mm&r=g","contentUrl":"https:\/\/secure.gravatar.com\/avatar\/77dd3ca1ae9038935f09e411f1d53193ef634a1b97c471309f0fc163209e68d8?s=96&d=mm&r=g","caption":"petrusivi18@gmail.com"},"url":"https:\/\/kajakkomarno.sk\/hu\/author\/petrusivi18gmail-com\/"}]}},"_links":{"self":[{"href":"https:\/\/kajakkomarno.sk\/hu\/wp-json\/wp\/v2\/posts\/3471","targetHints":{"allow":["GET"]}}],"collection":[{"href":"https:\/\/kajakkomarno.sk\/hu\/wp-json\/wp\/v2\/posts"}],"about":[{"href":"https:\/\/kajakkomarno.sk\/hu\/wp-json\/wp\/v2\/types\/post"}],"author":[{"embeddable":true,"href":"https:\/\/kajakkomarno.sk\/hu\/wp-json\/wp\/v2\/users\/3"}],"replies":[{"embeddable":true,"href":"https:\/\/kajakkomarno.sk\/hu\/wp-json\/wp\/v2\/comments?post=3471"}],"version-history":[{"count":0,"href":"https:\/\/kajakkomarno.sk\/hu\/wp-json\/wp\/v2\/posts\/3471\/revisions"}],"wp:featuredmedia":[{"embeddable":true,"href":"https:\/\/kajakkomarno.sk\/hu\/wp-json\/wp\/v2\/media\/3480"}],"wp:attachment":[{"href":"https:\/\/kajakkomarno.sk\/hu\/wp-json\/wp\/v2\/media?parent=3471"}],"wp:term":[{"taxonomy":"category","embeddable":true,"href":"https:\/\/kajakkomarno.sk\/hu\/wp-json\/wp\/v2\/categories?post=3471"},{"taxonomy":"post_tag","embeddable":true,"href":"https:\/\/kajakkomarno.sk\/hu\/wp-json\/wp\/v2\/tags?post=3471"}],"curies":[{"name":"wp","href":"https:\/\/api.w.org\/{rel}","templated":true}]}}