{"id":3430,"date":"2023-05-16T18:29:25","date_gmt":"2023-05-16T16:29:25","guid":{"rendered":"https:\/\/kajakkomarno.sk\/?p=3430"},"modified":"2023-05-16T18:29:25","modified_gmt":"2023-05-16T16:29:25","slug":"nase-nadeje-v-raciciach-na-vybornu","status":"publish","type":"post","link":"https:\/\/kajakkomarno.sk\/hu\/novinky\/nase-nadeje-v-raciciach-na-vybornu\/","title":{"rendered":"Na\u0161e n\u00e1deje v Ra\u010diciach na v\u00fdborn\u00fa"},"content":{"rendered":"<p class=\"western\" align=\"justify\"><span style=\"color: #000000;\"><span style=\"font-family: Tahoma, serif;\"><span style=\"font-size: medium;\">\u010clenovia Slovensk\u00e9ho ml\u00e1de\u017en\u00edckeho t\u00edmu sa z\u00fa\u010dastnili v d\u0148och 13.05.2023 a 14.05.2023 <\/span><\/span><\/span><span style=\"font-family: Tahoma, serif;\"><span style=\"font-size: medium;\">v Ra\u010diciach na 2. \u010ceskom poh\u00e1ri ml\u00e1de\u017ee v r\u00fdchlostnej kanoistike. <\/span><\/span><\/p>\n<p class=\"western\" align=\"justify\"><span style=\"font-family: Tahoma, serif;\"><span style=\"font-size: medium;\">Vo v\u00fdbere Slovensk\u00e9ho ml\u00e1de\u017en\u00edckeho t\u00edmu boli 13 a 14 ro\u010dn\u00ed pretek\u00e1ri z n\u00e1\u0161ho klubu: <\/span><\/span><strong><span style=\"color: #000000;\"><span style=\"font-family: Tahoma, serif;\"><span style=\"font-size: medium;\">Diana Markovi\u010dov\u00e1, D\u00e1vid Gy\u0151ri a Alex \u00d3dor, <\/span><\/span><\/span><\/strong><span style=\"color: #000000;\"><span style=\"font-family: Tahoma, serif;\"><span style=\"font-size: medium;\">ktor\u00ed sa v Kom\u00e1rne pripravuj\u00fa pod veden\u00edm tr\u00e9nera <\/span><\/span><\/span><span style=\"color: #000000;\"><span style=\"font-family: Tahoma, serif;\"><span style=\"font-size: medium;\"><span lang=\"sk-SK\">Franti\u0161k<\/span><\/span><\/span><\/span><span style=\"color: #000000;\"><span style=\"font-family: Tahoma, serif;\"><span style=\"font-size: medium;\"><span lang=\"sk-SK\">a<\/span><\/span><\/span><\/span><span style=\"color: #000000;\"><span style=\"font-family: Tahoma, serif;\"><span style=\"font-size: medium;\"><span lang=\"sk-SK\"> Dos\u00fadil<\/span><\/span><\/span><\/span><span style=\"color: #000000;\"><span style=\"font-family: Tahoma, serif;\"><span style=\"font-size: medium;\"><span lang=\"sk-SK\">a.<\/span><\/span><\/span><\/span><\/p>\n<h2 class=\"western\" align=\"justify\"><span style=\"font-family: Tahoma, serif;\"><span style=\"font-size: medium;\">P\u00e4\u0165 v\u00ed\u0165azstiev pretek\u00e1rov n\u00e1\u0161ho klubu<\/span><\/span><\/h2>\n<p class=\"western\" align=\"justify\"><span style=\"color: #000000;\"><span style=\"font-family: Tahoma, serif;\"><span style=\"font-size: medium;\"><span lang=\"sk-SK\">Na\u0161i pretek\u00e1ri si na trati 500 m a 1000 m po\u010d\u00ednali ve\u013emi dobre a v silnej a po\u010detnej konkurencii pretek\u00e1rov z \u010desk\u00fdch oddielov patrili medzi najlep\u0161\u00edch, ke\u010f zv\u00ed\u0165azili v piatich discipl\u00ednach. <\/span><\/span><\/span><\/span><\/p>\n<h2 class=\"western\" align=\"justify\"><span style=\"font-family: Tahoma, serif;\"><span style=\"font-size: medium;\">Trojn\u00e1sobn\u00e1 v\u00ed\u0165azka Diana Markovi\u010dov\u00e1<\/span><\/span><\/h2>\n<p class=\"western\" align=\"justify\"><span style=\"font-family: Tahoma, serif;\"><span style=\"font-size: medium;\">Vynikaj\u00faci v\u00fdkon podala 14 ro\u010dn\u00e1 kajak\u00e1rka Diana Markovi\u010dov\u00e1, ktor\u00e1 sa stala trojn\u00e1sobnou v\u00ed\u0165azkou, ke\u010f zv\u00ed\u0165azila vo v\u0161etk\u00fdch troch discipl\u00ednach: ovl\u00e1dla K1 na 500 m a K1 na 1000 m a spolo\u010dne s Alexandrou Kov\u00e1\u010dovou zv\u00ed\u0165azili v K2 na 500 metrovej trati.<\/span><\/span><\/p>\n<figure id=\"attachment_3431\" aria-describedby=\"caption-attachment-3431\" style=\"width: 960px\" class=\"wp-caption aligncenter\"><img fetchpriority=\"high\" decoding=\"async\" class=\"wp-image-3431 size-full\" src=\"https:\/\/kajakkomarno.sk\/wp-content\/uploads\/2023\/05\/CP-RAC-DIA-23.jpg\" alt=\"\" width=\"960\" height=\"720\" srcset=\"https:\/\/kajakkomarno.sk\/wp-content\/uploads\/2023\/05\/CP-RAC-DIA-23.jpg 960w, https:\/\/kajakkomarno.sk\/wp-content\/uploads\/2023\/05\/CP-RAC-DIA-23-450x338.jpg 450w, https:\/\/kajakkomarno.sk\/wp-content\/uploads\/2023\/05\/CP-RAC-DIA-23-768x576.jpg 768w\" sizes=\"(max-width: 960px) 100vw, 960px\" \/><figcaption id=\"caption-attachment-3431\" class=\"wp-caption-text\">Naj\u00faspe\u0161nej\u0161ia pretek\u00e1rka \u010cesk\u00e9ho poh\u00e1ra ml\u00e1de\u017ee, 14 ro\u010dn\u00e1 talentovan\u00e1 kajak\u00e1rka, Diana Markovi\u010dov\u00e1<\/figcaption><\/figure>\n<h2><span style=\"font-family: Tahoma, serif;\"><span style=\"font-size: medium;\">Dve prvenstv\u00e1 Alexa \u00d3dora<\/span><\/span><\/h2>\n<p class=\"western\" align=\"justify\"><span style=\"font-family: Tahoma, serif;\"><span style=\"font-size: medium;\">Dvojn\u00e1sobn\u00fdm v\u00ed\u0165azom \u010cesk\u00e9ho poh\u00e1ra sa stal Alex \u00d3dor, ktor\u00fd suver\u00e9nne zv\u00ed\u0165azil v K1 \u017eiakov 13 ro\u010dn\u00fdch na 500 metrovej trati a prvenstvo mu patrilo aj v K1 \u017eiakov 13 ro\u010dn\u00fdch na 1000 metrovej trati. <\/span><\/span><\/p>\n<figure id=\"attachment_3433\" aria-describedby=\"caption-attachment-3433\" style=\"width: 720px\" class=\"wp-caption aligncenter\"><img decoding=\"async\" class=\"wp-image-3433 size-full\" src=\"https:\/\/kajakkomarno.sk\/wp-content\/uploads\/2023\/05\/CP-RACICE-A-ODOR23.jpg\" alt=\"\" width=\"720\" height=\"960\" srcset=\"https:\/\/kajakkomarno.sk\/wp-content\/uploads\/2023\/05\/CP-RACICE-A-ODOR23.jpg 720w, https:\/\/kajakkomarno.sk\/wp-content\/uploads\/2023\/05\/CP-RACICE-A-ODOR23-338x450.jpg 338w\" sizes=\"(max-width: 720px) 100vw, 720px\" \/><figcaption id=\"caption-attachment-3433\" class=\"wp-caption-text\">V \u017eiackej kateg\u00f3rii dominoval 13 ro\u010dn\u00fd kajak\u00e1r Alex \u00d3dor<\/figcaption><\/figure>\n<h2><span style=\"color: #000000; font-family: Tahoma, serif; font-size: medium;\">Vo fin\u00e1le B dve \u0161ieste a jedno 8.miesto<\/span><\/h2>\n<p class=\"western\" align=\"justify\"><span style=\"color: #000000;\"><span style=\"font-family: Tahoma, serif;\"><span style=\"font-size: medium;\"><span lang=\"sk-SK\">D\u00e1vid Gy\u0151ri, 13 ro\u010dn\u00fd kajak\u00e1r, obsadil v<\/span><\/span><\/span><\/span><span style=\"color: #000000;\"><span style=\"font-family: Tahoma, serif;\"><span style=\"font-size: medium;\"><span lang=\"sk-SK\">o fin\u00e1le B\u00a0<\/span><\/span><\/span><\/span> <span style=\"color: #000000;\"><span style=\"font-family: Tahoma, serif;\"><span style=\"font-size: medium;\"><span lang=\"sk-SK\"> 8.miesto v K1 na 500 metrovej trati a dve<\/span><\/span><\/span><\/span><span style=\"color: #000000;\"><span style=\"font-family: Tahoma, serif;\"><span style=\"font-size: medium;\"><span lang=\"sk-SK\"> 6. miesta vo fin\u00e1le B: najsk\u00f4r <\/span><\/span><\/span><\/span><span style=\"color: #000000;\"><span style=\"font-family: Tahoma, serif;\"><span style=\"font-size: medium;\"><span lang=\"sk-SK\">v <\/span><\/span><\/span><\/span><span style=\"color: #000000;\"><span style=\"font-family: Tahoma, serif;\"><span style=\"font-size: medium;\"><span lang=\"sk-SK\">spolo\u010dnej lodi s Alexom \u00d3dorom <\/span><\/span><\/span><\/span><span style=\"color: #000000;\"><span style=\"font-family: Tahoma, serif;\"><span style=\"font-size: medium;\"><span lang=\"sk-SK\">v K2 \u017eiakov 13 a 14 ro\u010dn\u00fdch na 500 m trati a v nede\u013eu mu op\u00e4\u0165 patrilo <\/span><\/span><\/span><\/span><span style=\"color: #000000;\"><span style=\"font-family: Tahoma, serif;\"><span style=\"font-size: medium;\"><span lang=\"sk-SK\"> 6.miesto vo fin\u00e1le B v K1 na 1000 metrovej trati. <\/span><\/span><\/span><\/span><\/p>\n<p class=\"western\" align=\"justify\"><span style=\"color: #000000;\"><span style=\"font-family: Tahoma, serif;\"><span style=\"font-size: medium;\"><span lang=\"sk-SK\">Slovensk<\/span><\/span><\/span><\/span><span style=\"color: #000000;\"><span style=\"font-family: Tahoma, serif;\"><span style=\"font-size: medium;\"><span lang=\"sk-SK\">\u00fd<\/span><\/span><\/span><\/span><span style=\"color: #000000;\"><span style=\"font-family: Tahoma, serif;\"><span style=\"font-size: medium;\"><span lang=\"sk-SK\"> ml\u00e1de\u017en\u00edck<\/span><\/span><\/span><\/span><span style=\"color: #000000;\"><span style=\"font-family: Tahoma, serif;\"><span style=\"font-size: medium;\"><span lang=\"sk-SK\">y<\/span><\/span><\/span><\/span><span style=\"color: #000000;\"><span style=\"font-family: Tahoma, serif;\"><span style=\"font-size: medium;\"><span lang=\"sk-SK\"> t\u00edm <\/span><\/span><\/span><\/span><span style=\"color: #000000;\"><span style=\"font-family: Tahoma, serif;\"><span style=\"font-size: medium;\"><span lang=\"sk-SK\">pod veden\u00edm<\/span><\/span><\/span><\/span><span style=\"color: #000000;\"><span style=\"font-family: Tahoma, serif;\"><span style=\"font-size: medium;\"><span lang=\"sk-SK\"> Vladim\u00edr<\/span><\/span><\/span><\/span><span style=\"color: #000000;\"><span style=\"font-family: Tahoma, serif;\"><span style=\"font-size: medium;\"><span lang=\"sk-SK\">a<\/span><\/span><\/span><\/span><span style=\"color: #000000;\"><span style=\"font-family: Tahoma, serif;\"><span style=\"font-size: medium;\"><span lang=\"sk-SK\"> Mrv<\/span><\/span><\/span><\/span><span style=\"color: #000000;\"><span style=\"font-family: Tahoma, serif;\"><span style=\"font-size: medium;\"><span lang=\"sk-SK\">u a tr\u00e9nerov ml\u00e1de\u017ee \u2013 Ladislava \u00d3dora a <\/span><\/span><\/span><\/span><span style=\"color: #000000;\"><span style=\"font-family: Tahoma, serif;\"><span style=\"font-size: medium;\"><span lang=\"sk-SK\">Milana <\/span><\/span><\/span><\/span> <span style=\"color: #000000;\"><span style=\"font-family: Tahoma, serif;\"><span style=\"font-size: medium;\"><span lang=\"sk-SK\">Kov\u00e1\u010da<\/span><\/span><\/span><\/span> <span style=\"color: #000000;\"><span style=\"font-family: Tahoma, serif;\"><span style=\"font-size: medium;\"><span lang=\"sk-SK\">dosiahol na \u010ceskom poh\u00e1ri vynikaj\u00face v\u00fdsledky a sme radi, \u017ee k \u00faspe\u0161nej reprezent\u00e1cii prispeli aj na\u0161i pretek\u00e1ri.<\/span><\/span><\/span><\/span><\/p>\n<figure id=\"attachment_3435\" aria-describedby=\"caption-attachment-3435\" style=\"width: 960px\" class=\"wp-caption aligncenter\"><img decoding=\"async\" class=\"wp-image-3435 size-full\" src=\"https:\/\/kajakkomarno.sk\/wp-content\/uploads\/2023\/05\/CP-RACICE-SPOLV-23.jpg\" alt=\"\" width=\"960\" height=\"720\" srcset=\"https:\/\/kajakkomarno.sk\/wp-content\/uploads\/2023\/05\/CP-RACICE-SPOLV-23.jpg 960w, https:\/\/kajakkomarno.sk\/wp-content\/uploads\/2023\/05\/CP-RACICE-SPOLV-23-450x338.jpg 450w, https:\/\/kajakkomarno.sk\/wp-content\/uploads\/2023\/05\/CP-RACICE-SPOLV-23-768x576.jpg 768w\" sizes=\"(max-width: 960px) 100vw, 960px\" \/><figcaption id=\"caption-attachment-3435\" class=\"wp-caption-text\">\u00daspe\u0161n\u00fd Slovensk\u00fd ml\u00e1de\u017en\u00edcky t\u00edm<\/figcaption><\/figure>\n<h2 class=\"western\" align=\"justify\"><span style=\"font-family: Tahoma, serif;\"><span style=\"font-size: medium;\">V\u00ddSLEDKY PRETEK\u00c1ROV KAJAK &amp; KANOE KLUBU KOM\u00c1RNO<\/span><\/span><\/h2>\n<h3 class=\"western\" align=\"justify\"><span style=\"font-family: Tahoma, serif;\"><span style=\"font-size: medium;\">SOBOTA 500 m<\/span><\/span><\/h3>\n<p class=\"western\" align=\"justify\"><strong><span style=\"font-family: Tahoma, serif;\"><span style=\"font-size: medium;\">FIN\u00c1LE A<\/span><\/span><\/strong><\/p>\n<p class=\"western\" align=\"justify\"><span style=\"font-family: Tahoma, serif;\"><span style=\"font-size: medium;\">K1 \u017eiaci 13 ro\u010dn\u00ed- 1. Alex \u00d3dor<\/span><\/span><\/p>\n<p class=\"western\" align=\"justify\"><span style=\"font-family: Tahoma, serif;\"><span style=\"font-size: medium;\">K1 \u017eia\u010dky 14 ro\u010dn\u00e9 \u2013 1. Diana Markovi\u010dov\u00e1 <\/span><\/span><\/p>\n<p class=\"western\" align=\"justify\"><span style=\"font-family: Tahoma, serif;\"><span style=\"font-size: medium;\">K2 diev\u010dat\u00e1 13 a 14 ro\u010dn\u00e9- 1. Diana Markovi\u010dov\u00e1- Alexandra Kov\u00e1\u010dov\u00e1<\/span><\/span><\/p>\n<p class=\"western\" align=\"justify\"><strong><span style=\"color: #000000;\"><span style=\"font-family: Tahoma, serif;\"><span style=\"font-size: medium;\"><span lang=\"sk-SK\">FIN\u00c1LE B <\/span><\/span><\/span><\/span><\/strong><\/p>\n<p class=\"western\" align=\"justify\"><span style=\"font-family: Tahoma, serif;\"><span style=\"font-size: medium;\">K1 chlapci 13 ro\u010dn\u00ed- <\/span><\/span><span style=\"color: #000000;\"><span style=\"font-family: Tahoma, serif;\"><span style=\"font-size: medium;\"><span lang=\"sk-SK\">8<\/span><\/span><\/span><\/span><span style=\"font-family: Tahoma, serif;\"><span style=\"font-size: medium;\">. D\u00e1vid Gy\u0151ri \/ kone\u010dn\u00e9 1<\/span><\/span><span style=\"color: #000000;\"><span style=\"font-family: Tahoma, serif;\"><span style=\"font-size: medium;\"><span lang=\"sk-SK\">7<\/span><\/span><\/span><\/span><span style=\"font-family: Tahoma, serif;\"><span style=\"font-size: medium;\">.miesto\/<\/span><\/span><\/p>\n<p class=\"western\" align=\"justify\"><span style=\"font-family: Tahoma, serif;\"><span style=\"font-size: medium;\">K2 chlapci 13 a 14 ro\u010dn\u00ed- 6. Alex \u00d3dor- D\u00e1vid Gy\u0151ri \/ kone\u010dn\u00e9 15.miesto\/<\/span><\/span><\/p>\n<h3 class=\"western\" align=\"justify\"><span style=\"font-family: Tahoma, serif;\"><span style=\"font-size: medium;\">NEDE\u013dA 1000 m<\/span><\/span><\/h3>\n<p class=\"western\" align=\"justify\"><strong><span style=\"font-family: Tahoma, serif;\"><span style=\"font-size: medium;\">FIN\u00c1LE A<\/span><\/span><\/strong><\/p>\n<p class=\"western\" align=\"justify\"><span style=\"font-family: Tahoma, serif;\"><span style=\"font-size: medium;\">K1 \u017eiaci 13 ro\u010dn\u00ed- 1. Alex \u00d3dor<\/span><\/span><\/p>\n<p class=\"western\" align=\"justify\"><span style=\"font-family: Tahoma, serif;\"><span style=\"font-size: medium;\">K1 \u017eia\u010dky 14 ro\u010dn\u00e9 \u2013 1. Diana Markovi\u010dov\u00e1 <\/span><\/span><\/p>\n<p class=\"western\" align=\"justify\"><strong><span style=\"font-family: Tahoma, serif;\"><span style=\"font-size: medium;\">FIN\u00c1LE B <\/span><\/span><\/strong><\/p>\n<p class=\"western\" align=\"justify\"><span style=\"font-family: Tahoma, serif;\"><span style=\"font-size: medium;\">K1 chlapci 13 ro\u010dn\u00ed- 6. D\u00e1vid Gy\u0151ri \/ kone\u010dn\u00e9 15.miesto\/<\/span><\/span><\/p>\n<p class=\"western\" style=\"text-align: center;\" align=\"justify\"><span style=\"color: #0000ff;\"><strong><span style=\"font-family: Tahoma, serif;\"><span style=\"font-size: medium;\">Blaho\u017eel\u00e1me na\u0161im mlad\u00fdm pretek\u00e1rom za \u00faspe\u0161n\u00fa reprezent\u00e1ciu. <\/span><\/span><\/strong><\/span><\/p>\n","protected":false},"excerpt":{"rendered":"<p>\u010clenovia Slovensk\u00e9ho ml\u00e1de\u017en\u00edckeho t\u00edmu sa z\u00fa\u010dastnili v d\u0148och 13.05.2023 a 14.05.2023 v Ra\u010diciach na 2. \u010ceskom poh\u00e1ri ml\u00e1de\u017ee v r\u00fdchlostnej kanoistike. Vo v\u00fdbere Slovensk\u00e9ho ml\u00e1de\u017en\u00edckeho t\u00edmu boli 13 a 14 ro\u010dn\u00ed pretek\u00e1ri z n\u00e1\u0161ho klubu: Diana Markovi\u010dov\u00e1, D\u00e1vid Gy\u0151ri a Alex \u00d3dor, ktor\u00ed sa v Kom\u00e1rne pripravuj\u00fa pod veden\u00edm tr\u00e9nera Franti\u0161ka Dos\u00fadila. P\u00e4\u0165 v\u00ed\u0165azstiev pretek\u00e1rov [&hellip;]<\/p>\n","protected":false},"author":3,"featured_media":3437,"comment_status":"open","ping_status":"open","sticky":false,"template":"","format":"standard","meta":{"inline_featured_image":false,"footnotes":""},"categories":[1],"tags":[],"class_list":["post-3430","post","type-post","status-publish","format-standard","has-post-thumbnail","hentry","category-novinky"],"acf":[],"yoast_head":"<!-- This site is optimized with the Yoast SEO plugin v26.6 - https:\/\/yoast.com\/wordpress\/plugins\/seo\/ -->\n<title>Na\u0161e n\u00e1deje v Ra\u010diciach na v\u00fdborn\u00fa - Kajak &amp; kanoe klub Kom\u00e1rno<\/title>\n<meta name=\"robots\" content=\"index, follow, max-snippet:-1, max-image-preview:large, max-video-preview:-1\" \/>\n<link rel=\"canonical\" href=\"https:\/\/kajakkomarno.sk\/novinky\/nase-nadeje-v-raciciach-na-vybornu\/\" \/>\n<meta property=\"og:locale\" content=\"hu_HU\" \/>\n<meta property=\"og:type\" content=\"article\" \/>\n<meta property=\"og:title\" content=\"Na\u0161e n\u00e1deje v Ra\u010diciach na v\u00fdborn\u00fa - Kajak &amp; kanoe klub Kom\u00e1rno\" \/>\n<meta property=\"og:description\" content=\"\u010clenovia Slovensk\u00e9ho ml\u00e1de\u017en\u00edckeho t\u00edmu sa z\u00fa\u010dastnili v d\u0148och 13.05.2023 a 14.05.2023 v Ra\u010diciach na 2. \u010ceskom poh\u00e1ri ml\u00e1de\u017ee v r\u00fdchlostnej kanoistike. Vo v\u00fdbere Slovensk\u00e9ho ml\u00e1de\u017en\u00edckeho t\u00edmu boli 13 a 14 ro\u010dn\u00ed pretek\u00e1ri z n\u00e1\u0161ho klubu: Diana Markovi\u010dov\u00e1, D\u00e1vid Gy\u0151ri a Alex \u00d3dor, ktor\u00ed sa v Kom\u00e1rne pripravuj\u00fa pod veden\u00edm tr\u00e9nera Franti\u0161ka Dos\u00fadila. P\u00e4\u0165 v\u00ed\u0165azstiev pretek\u00e1rov [&hellip;]\" \/>\n<meta property=\"og:url\" content=\"https:\/\/kajakkomarno.sk\/novinky\/nase-nadeje-v-raciciach-na-vybornu\/\" \/>\n<meta property=\"og:site_name\" content=\"Kajak &amp; kanoe klub Kom\u00e1rno\" \/>\n<meta property=\"article:published_time\" content=\"2023-05-16T16:29:25+00:00\" \/>\n<meta property=\"og:image\" content=\"https:\/\/kajakkomarno.sk\/wp-content\/uploads\/2023\/05\/CP-RAC-DIA2-23.jpg\" \/>\n\t<meta property=\"og:image:width\" content=\"960\" \/>\n\t<meta property=\"og:image:height\" content=\"720\" \/>\n\t<meta property=\"og:image:type\" content=\"image\/jpeg\" \/>\n<meta name=\"author\" content=\"petrusivi18@gmail.com\" \/>\n<meta name=\"twitter:card\" content=\"summary_large_image\" \/>\n<meta name=\"twitter:label1\" content=\"Szerz\u0151:\" \/>\n\t<meta name=\"twitter:data1\" content=\"petrusivi18@gmail.com\" \/>\n\t<meta name=\"twitter:label2\" content=\"Becs\u00fclt olvas\u00e1si id\u0151\" \/>\n\t<meta name=\"twitter:data2\" content=\"3 perc\" \/>\n<script type=\"application\/ld+json\" class=\"yoast-schema-graph\">{\"@context\":\"https:\/\/schema.org\",\"@graph\":[{\"@type\":\"Article\",\"@id\":\"https:\/\/kajakkomarno.sk\/novinky\/nase-nadeje-v-raciciach-na-vybornu\/#article\",\"isPartOf\":{\"@id\":\"https:\/\/kajakkomarno.sk\/novinky\/nase-nadeje-v-raciciach-na-vybornu\/\"},\"author\":{\"name\":\"petrusivi18@gmail.com\",\"@id\":\"https:\/\/kajakkomarno.sk\/#\/schema\/person\/c5c91af715cbb9be5937ae2db77cab69\"},\"headline\":\"Na\u0161e n\u00e1deje v Ra\u010diciach na v\u00fdborn\u00fa\",\"datePublished\":\"2023-05-16T16:29:25+00:00\",\"mainEntityOfPage\":{\"@id\":\"https:\/\/kajakkomarno.sk\/novinky\/nase-nadeje-v-raciciach-na-vybornu\/\"},\"wordCount\":549,\"commentCount\":0,\"publisher\":{\"@id\":\"https:\/\/kajakkomarno.sk\/#organization\"},\"image\":{\"@id\":\"https:\/\/kajakkomarno.sk\/novinky\/nase-nadeje-v-raciciach-na-vybornu\/#primaryimage\"},\"thumbnailUrl\":\"https:\/\/kajakkomarno.sk\/wp-content\/uploads\/2023\/05\/CP-RAC-DIA2-23.jpg\",\"articleSection\":[\"Novinky\"],\"inLanguage\":\"hu\",\"potentialAction\":[{\"@type\":\"CommentAction\",\"name\":\"Comment\",\"target\":[\"https:\/\/kajakkomarno.sk\/novinky\/nase-nadeje-v-raciciach-na-vybornu\/#respond\"]}]},{\"@type\":\"WebPage\",\"@id\":\"https:\/\/kajakkomarno.sk\/novinky\/nase-nadeje-v-raciciach-na-vybornu\/\",\"url\":\"https:\/\/kajakkomarno.sk\/novinky\/nase-nadeje-v-raciciach-na-vybornu\/\",\"name\":\"Na\u0161e n\u00e1deje v Ra\u010diciach na v\u00fdborn\u00fa - Kajak &amp; kanoe klub Kom\u00e1rno\",\"isPartOf\":{\"@id\":\"https:\/\/kajakkomarno.sk\/#website\"},\"primaryImageOfPage\":{\"@id\":\"https:\/\/kajakkomarno.sk\/novinky\/nase-nadeje-v-raciciach-na-vybornu\/#primaryimage\"},\"image\":{\"@id\":\"https:\/\/kajakkomarno.sk\/novinky\/nase-nadeje-v-raciciach-na-vybornu\/#primaryimage\"},\"thumbnailUrl\":\"https:\/\/kajakkomarno.sk\/wp-content\/uploads\/2023\/05\/CP-RAC-DIA2-23.jpg\",\"datePublished\":\"2023-05-16T16:29:25+00:00\",\"breadcrumb\":{\"@id\":\"https:\/\/kajakkomarno.sk\/novinky\/nase-nadeje-v-raciciach-na-vybornu\/#breadcrumb\"},\"inLanguage\":\"hu\",\"potentialAction\":[{\"@type\":\"ReadAction\",\"target\":[\"https:\/\/kajakkomarno.sk\/novinky\/nase-nadeje-v-raciciach-na-vybornu\/\"]}]},{\"@type\":\"ImageObject\",\"inLanguage\":\"hu\",\"@id\":\"https:\/\/kajakkomarno.sk\/novinky\/nase-nadeje-v-raciciach-na-vybornu\/#primaryimage\",\"url\":\"https:\/\/kajakkomarno.sk\/wp-content\/uploads\/2023\/05\/CP-RAC-DIA2-23.jpg\",\"contentUrl\":\"https:\/\/kajakkomarno.sk\/wp-content\/uploads\/2023\/05\/CP-RAC-DIA2-23.jpg\",\"width\":960,\"height\":720},{\"@type\":\"BreadcrumbList\",\"@id\":\"https:\/\/kajakkomarno.sk\/novinky\/nase-nadeje-v-raciciach-na-vybornu\/#breadcrumb\",\"itemListElement\":[{\"@type\":\"ListItem\",\"position\":1,\"name\":\"Domov\",\"item\":\"https:\/\/kajakkomarno.sk\/hu\/fooldal\/\"},{\"@type\":\"ListItem\",\"position\":2,\"name\":\"Novinky\",\"item\":\"https:\/\/kajakkomarno.sk\/category\/novinky\/\"},{\"@type\":\"ListItem\",\"position\":3,\"name\":\"Na\u0161e n\u00e1deje v Ra\u010diciach na v\u00fdborn\u00fa\"}]},{\"@type\":\"WebSite\",\"@id\":\"https:\/\/kajakkomarno.sk\/#website\",\"url\":\"https:\/\/kajakkomarno.sk\/\",\"name\":\"Kajak &amp; kanoe klub Kom\u00e1rno\",\"description\":\"\",\"publisher\":{\"@id\":\"https:\/\/kajakkomarno.sk\/#organization\"},\"potentialAction\":[{\"@type\":\"SearchAction\",\"target\":{\"@type\":\"EntryPoint\",\"urlTemplate\":\"https:\/\/kajakkomarno.sk\/?s={search_term_string}\"},\"query-input\":{\"@type\":\"PropertyValueSpecification\",\"valueRequired\":true,\"valueName\":\"search_term_string\"}}],\"inLanguage\":\"hu\"},{\"@type\":\"Organization\",\"@id\":\"https:\/\/kajakkomarno.sk\/#organization\",\"name\":\"Kajak &amp; kanoe klub Kom\u00e1rno\",\"url\":\"https:\/\/kajakkomarno.sk\/\",\"logo\":{\"@type\":\"ImageObject\",\"inLanguage\":\"hu\",\"@id\":\"https:\/\/kajakkomarno.sk\/#\/schema\/logo\/image\/\",\"url\":\"https:\/\/kajakkomarno.sk\/wp-content\/uploads\/2022\/12\/kajak-kanoe-klub-komarno-optimized-opt.svg\",\"contentUrl\":\"https:\/\/kajakkomarno.sk\/wp-content\/uploads\/2022\/12\/kajak-kanoe-klub-komarno-optimized-opt.svg\",\"width\":307,\"height\":66,\"caption\":\"Kajak &amp; kanoe klub Kom\u00e1rno\"},\"image\":{\"@id\":\"https:\/\/kajakkomarno.sk\/#\/schema\/logo\/image\/\"}},{\"@type\":\"Person\",\"@id\":\"https:\/\/kajakkomarno.sk\/#\/schema\/person\/c5c91af715cbb9be5937ae2db77cab69\",\"name\":\"petrusivi18@gmail.com\",\"image\":{\"@type\":\"ImageObject\",\"inLanguage\":\"hu\",\"@id\":\"https:\/\/kajakkomarno.sk\/#\/schema\/person\/image\/\",\"url\":\"https:\/\/secure.gravatar.com\/avatar\/77dd3ca1ae9038935f09e411f1d53193ef634a1b97c471309f0fc163209e68d8?s=96&d=mm&r=g\",\"contentUrl\":\"https:\/\/secure.gravatar.com\/avatar\/77dd3ca1ae9038935f09e411f1d53193ef634a1b97c471309f0fc163209e68d8?s=96&d=mm&r=g\",\"caption\":\"petrusivi18@gmail.com\"},\"url\":\"https:\/\/kajakkomarno.sk\/hu\/author\/petrusivi18gmail-com\/\"}]}<\/script>\n<!-- \/ Yoast SEO plugin. -->","yoast_head_json":{"title":"Na\u0161e n\u00e1deje v Ra\u010diciach na v\u00fdborn\u00fa - Kajak &amp; kanoe klub Kom\u00e1rno","robots":{"index":"index","follow":"follow","max-snippet":"max-snippet:-1","max-image-preview":"max-image-preview:large","max-video-preview":"max-video-preview:-1"},"canonical":"https:\/\/kajakkomarno.sk\/novinky\/nase-nadeje-v-raciciach-na-vybornu\/","og_locale":"hu_HU","og_type":"article","og_title":"Na\u0161e n\u00e1deje v Ra\u010diciach na v\u00fdborn\u00fa - Kajak &amp; kanoe klub Kom\u00e1rno","og_description":"\u010clenovia Slovensk\u00e9ho ml\u00e1de\u017en\u00edckeho t\u00edmu sa z\u00fa\u010dastnili v d\u0148och 13.05.2023 a 14.05.2023 v Ra\u010diciach na 2. \u010ceskom poh\u00e1ri ml\u00e1de\u017ee v r\u00fdchlostnej kanoistike. Vo v\u00fdbere Slovensk\u00e9ho ml\u00e1de\u017en\u00edckeho t\u00edmu boli 13 a 14 ro\u010dn\u00ed pretek\u00e1ri z n\u00e1\u0161ho klubu: Diana Markovi\u010dov\u00e1, D\u00e1vid Gy\u0151ri a Alex \u00d3dor, ktor\u00ed sa v Kom\u00e1rne pripravuj\u00fa pod veden\u00edm tr\u00e9nera Franti\u0161ka Dos\u00fadila. P\u00e4\u0165 v\u00ed\u0165azstiev pretek\u00e1rov [&hellip;]","og_url":"https:\/\/kajakkomarno.sk\/novinky\/nase-nadeje-v-raciciach-na-vybornu\/","og_site_name":"Kajak &amp; kanoe klub Kom\u00e1rno","article_published_time":"2023-05-16T16:29:25+00:00","og_image":[{"width":960,"height":720,"url":"https:\/\/kajakkomarno.sk\/wp-content\/uploads\/2023\/05\/CP-RAC-DIA2-23.jpg","type":"image\/jpeg"}],"author":"petrusivi18@gmail.com","twitter_card":"summary_large_image","twitter_misc":{"Szerz\u0151:":"petrusivi18@gmail.com","Becs\u00fclt olvas\u00e1si id\u0151":"3 perc"},"schema":{"@context":"https:\/\/schema.org","@graph":[{"@type":"Article","@id":"https:\/\/kajakkomarno.sk\/novinky\/nase-nadeje-v-raciciach-na-vybornu\/#article","isPartOf":{"@id":"https:\/\/kajakkomarno.sk\/novinky\/nase-nadeje-v-raciciach-na-vybornu\/"},"author":{"name":"petrusivi18@gmail.com","@id":"https:\/\/kajakkomarno.sk\/#\/schema\/person\/c5c91af715cbb9be5937ae2db77cab69"},"headline":"Na\u0161e n\u00e1deje v Ra\u010diciach na v\u00fdborn\u00fa","datePublished":"2023-05-16T16:29:25+00:00","mainEntityOfPage":{"@id":"https:\/\/kajakkomarno.sk\/novinky\/nase-nadeje-v-raciciach-na-vybornu\/"},"wordCount":549,"commentCount":0,"publisher":{"@id":"https:\/\/kajakkomarno.sk\/#organization"},"image":{"@id":"https:\/\/kajakkomarno.sk\/novinky\/nase-nadeje-v-raciciach-na-vybornu\/#primaryimage"},"thumbnailUrl":"https:\/\/kajakkomarno.sk\/wp-content\/uploads\/2023\/05\/CP-RAC-DIA2-23.jpg","articleSection":["Novinky"],"inLanguage":"hu","potentialAction":[{"@type":"CommentAction","name":"Comment","target":["https:\/\/kajakkomarno.sk\/novinky\/nase-nadeje-v-raciciach-na-vybornu\/#respond"]}]},{"@type":"WebPage","@id":"https:\/\/kajakkomarno.sk\/novinky\/nase-nadeje-v-raciciach-na-vybornu\/","url":"https:\/\/kajakkomarno.sk\/novinky\/nase-nadeje-v-raciciach-na-vybornu\/","name":"Na\u0161e n\u00e1deje v Ra\u010diciach na v\u00fdborn\u00fa - Kajak &amp; kanoe klub Kom\u00e1rno","isPartOf":{"@id":"https:\/\/kajakkomarno.sk\/#website"},"primaryImageOfPage":{"@id":"https:\/\/kajakkomarno.sk\/novinky\/nase-nadeje-v-raciciach-na-vybornu\/#primaryimage"},"image":{"@id":"https:\/\/kajakkomarno.sk\/novinky\/nase-nadeje-v-raciciach-na-vybornu\/#primaryimage"},"thumbnailUrl":"https:\/\/kajakkomarno.sk\/wp-content\/uploads\/2023\/05\/CP-RAC-DIA2-23.jpg","datePublished":"2023-05-16T16:29:25+00:00","breadcrumb":{"@id":"https:\/\/kajakkomarno.sk\/novinky\/nase-nadeje-v-raciciach-na-vybornu\/#breadcrumb"},"inLanguage":"hu","potentialAction":[{"@type":"ReadAction","target":["https:\/\/kajakkomarno.sk\/novinky\/nase-nadeje-v-raciciach-na-vybornu\/"]}]},{"@type":"ImageObject","inLanguage":"hu","@id":"https:\/\/kajakkomarno.sk\/novinky\/nase-nadeje-v-raciciach-na-vybornu\/#primaryimage","url":"https:\/\/kajakkomarno.sk\/wp-content\/uploads\/2023\/05\/CP-RAC-DIA2-23.jpg","contentUrl":"https:\/\/kajakkomarno.sk\/wp-content\/uploads\/2023\/05\/CP-RAC-DIA2-23.jpg","width":960,"height":720},{"@type":"BreadcrumbList","@id":"https:\/\/kajakkomarno.sk\/novinky\/nase-nadeje-v-raciciach-na-vybornu\/#breadcrumb","itemListElement":[{"@type":"ListItem","position":1,"name":"Domov","item":"https:\/\/kajakkomarno.sk\/hu\/fooldal\/"},{"@type":"ListItem","position":2,"name":"Novinky","item":"https:\/\/kajakkomarno.sk\/category\/novinky\/"},{"@type":"ListItem","position":3,"name":"Na\u0161e n\u00e1deje v Ra\u010diciach na v\u00fdborn\u00fa"}]},{"@type":"WebSite","@id":"https:\/\/kajakkomarno.sk\/#website","url":"https:\/\/kajakkomarno.sk\/","name":"Kajak &amp; kanoe klub Kom\u00e1rno","description":"","publisher":{"@id":"https:\/\/kajakkomarno.sk\/#organization"},"potentialAction":[{"@type":"SearchAction","target":{"@type":"EntryPoint","urlTemplate":"https:\/\/kajakkomarno.sk\/?s={search_term_string}"},"query-input":{"@type":"PropertyValueSpecification","valueRequired":true,"valueName":"search_term_string"}}],"inLanguage":"hu"},{"@type":"Organization","@id":"https:\/\/kajakkomarno.sk\/#organization","name":"Kajak &amp; kanoe klub Kom\u00e1rno","url":"https:\/\/kajakkomarno.sk\/","logo":{"@type":"ImageObject","inLanguage":"hu","@id":"https:\/\/kajakkomarno.sk\/#\/schema\/logo\/image\/","url":"https:\/\/kajakkomarno.sk\/wp-content\/uploads\/2022\/12\/kajak-kanoe-klub-komarno-optimized-opt.svg","contentUrl":"https:\/\/kajakkomarno.sk\/wp-content\/uploads\/2022\/12\/kajak-kanoe-klub-komarno-optimized-opt.svg","width":307,"height":66,"caption":"Kajak &amp; kanoe klub Kom\u00e1rno"},"image":{"@id":"https:\/\/kajakkomarno.sk\/#\/schema\/logo\/image\/"}},{"@type":"Person","@id":"https:\/\/kajakkomarno.sk\/#\/schema\/person\/c5c91af715cbb9be5937ae2db77cab69","name":"petrusivi18@gmail.com","image":{"@type":"ImageObject","inLanguage":"hu","@id":"https:\/\/kajakkomarno.sk\/#\/schema\/person\/image\/","url":"https:\/\/secure.gravatar.com\/avatar\/77dd3ca1ae9038935f09e411f1d53193ef634a1b97c471309f0fc163209e68d8?s=96&d=mm&r=g","contentUrl":"https:\/\/secure.gravatar.com\/avatar\/77dd3ca1ae9038935f09e411f1d53193ef634a1b97c471309f0fc163209e68d8?s=96&d=mm&r=g","caption":"petrusivi18@gmail.com"},"url":"https:\/\/kajakkomarno.sk\/hu\/author\/petrusivi18gmail-com\/"}]}},"_links":{"self":[{"href":"https:\/\/kajakkomarno.sk\/hu\/wp-json\/wp\/v2\/posts\/3430","targetHints":{"allow":["GET"]}}],"collection":[{"href":"https:\/\/kajakkomarno.sk\/hu\/wp-json\/wp\/v2\/posts"}],"about":[{"href":"https:\/\/kajakkomarno.sk\/hu\/wp-json\/wp\/v2\/types\/post"}],"author":[{"embeddable":true,"href":"https:\/\/kajakkomarno.sk\/hu\/wp-json\/wp\/v2\/users\/3"}],"replies":[{"embeddable":true,"href":"https:\/\/kajakkomarno.sk\/hu\/wp-json\/wp\/v2\/comments?post=3430"}],"version-history":[{"count":0,"href":"https:\/\/kajakkomarno.sk\/hu\/wp-json\/wp\/v2\/posts\/3430\/revisions"}],"wp:featuredmedia":[{"embeddable":true,"href":"https:\/\/kajakkomarno.sk\/hu\/wp-json\/wp\/v2\/media\/3437"}],"wp:attachment":[{"href":"https:\/\/kajakkomarno.sk\/hu\/wp-json\/wp\/v2\/media?parent=3430"}],"wp:term":[{"taxonomy":"category","embeddable":true,"href":"https:\/\/kajakkomarno.sk\/hu\/wp-json\/wp\/v2\/categories?post=3430"},{"taxonomy":"post_tag","embeddable":true,"href":"https:\/\/kajakkomarno.sk\/hu\/wp-json\/wp\/v2\/tags?post=3430"}],"curies":[{"name":"wp","href":"https:\/\/api.w.org\/{rel}","templated":true}]}}