{"id":3415,"date":"2023-05-14T21:37:08","date_gmt":"2023-05-14T19:37:08","guid":{"rendered":"https:\/\/kajakkomarno.sk\/?p=3415"},"modified":"2023-05-15T06:08:21","modified_gmt":"2023-05-15T04:08:21","slug":"i-svetovy-pohar-v-szegede","status":"publish","type":"post","link":"https:\/\/kajakkomarno.sk\/hu\/novinky\/i-svetovy-pohar-v-szegede\/","title":{"rendered":"I. Svetov\u00fd poh\u00e1r v Szegede"},"content":{"rendered":"<p class=\"western\"><span style=\"font-family: Times New Roman, serif;\"><span style=\"font-size: medium;\">V d\u0148och 11.05.2023 a\u017e 14.05.2023 sa v Szegede uskuto\u010dnil <span style=\"color: #000000;\"><span lang=\"sk-SK\">I. <\/span><\/span><span style=\"color: #000000;\"><span lang=\"sk-SK\">Svetov\u00fd poh\u00e1r v r\u00fdchlostnej kanoistike. Bolo to <\/span><\/span>prv\u00e9 medzin\u00e1rodn\u00e9 podujatie v r\u00fdchlostnej kanoistike v tomto roku a zi\u0161la sa tu siln\u00e1 konkurencia pretek\u00e1rov z takmer 60 kraj\u00edn sveta. Nech\u00fdbali tu najlep\u0161\u00ed z najlep\u0161\u00edch: olympijsk\u00ed \u0161ampi\u00f3ni, medailisti z majstrovstiev sveta a Eur\u00f3py. <\/span><\/span><\/p>\n<p class=\"western\"><span style=\"font-family: Times New Roman, serif;\"><span style=\"font-size: medium;\">V\u0161etci chc\u00fa by\u0165 \u010do najlep\u0161ie pripraven\u00ed na augustov\u00e9 Majstrovstv\u00e1 sveta v Duisburgu, na ktor\u00fdch sa bud\u00fa z\u00edskava\u0165 miestenky na Olympijsk\u00e9 hry do Par\u00ed\u017ea 2024 a meranie s\u00edl na takejto \u00farovni je ve\u013emi d\u00f4le\u017eit\u00e9 pre ka\u017ed\u00e9ho.\u00a0<\/span><\/span><\/p>\n<p class=\"western\"><span style=\"font-family: Times New Roman, serif;\"><span style=\"font-size: medium;\">Organiz\u00e1tori pripravili pre pretek\u00e1rov, tr\u00e9nerov, fan\u00fa\u0161ikov tie najlep\u0161ie podmienky. Po\u010dasie v\u0161ak ovplyvni\u0165 nevedeli a najm\u00e4 <span style=\"color: #000000;\"><span lang=\"sk-SK\">p<\/span><\/span>retek\u00e1ri sa museli vysporiada\u0165 s chladnej\u0161\u00edm po\u010das\u00edm, nepr\u00edjemn\u00fdmi <span style=\"color: #000000;\"><span lang=\"sk-SK\">poveternostn\u00fdmi podmienkami.<\/span><\/span><\/span><\/span><\/p>\n<p><span style=\"color: #0000ff;\"><strong>REPREZENTOVALI\u00a0 N\u00c1S<\/strong><\/span><\/p>\n<p class=\"western\"><span style=\"font-family: Times New Roman, serif;\"><span style=\"font-size: medium;\">V 18 \u010dlennej slovenskej v\u00fdprave bolo 6 pretek\u00e1rov z Kom\u00e1rna: Adam BOTEK, \u00c1kos GACSAL, Marko UJV\u00c1RI, Filip PODLEISZEK, R\u00e9ka BUG\u00c1R a Mariana PETRU\u0160OV\u00c1.\u00a0<\/span><\/span><span style=\"font-family: Times New Roman, serif;\"><span style=\"font-size: medium;\">\u010clenmi realiza\u010dn\u00e9ho t\u00edmu bol tr\u00e9ner Peter Lik\u00e9r a fyzioterapeut T<span style=\"color: #000000;\"><span lang=\"sk-SK\">am\u00e1s Malkowski.<\/span><\/span><\/span><\/span><\/p>\n<p class=\"western\"><strong><span style=\"font-family: 'Times New Roman', serif; color: #0000ff;\"><span style=\"font-size: medium;\">AKO SA DARILO NA\u0160IM PRETEK\u00c1ROM?<\/span><\/span><\/strong><\/p>\n<h4 class=\"western\"><span style=\"font-family: 'Times New Roman', serif; color: #0000ff;\"><span style=\"font-size: medium;\"><b>\u00c1kos GACSAL<\/b><\/span><\/span><\/h4>\n<p class=\"western\"><span style=\"font-family: Times New Roman, serif;\"><span style=\"font-size: medium;\">\u00c1kos Gacsal v Szegede nast\u00fapil v dvoch discipl\u00ednach: K1 na 500 m a K1 na 1 000 m. <\/span><\/span><\/p>\n<p class=\"western\"><span style=\"font-family: Times New Roman, serif;\"><span style=\"font-size: medium;\">Na 500 metrovej trati \u0161tartovalo celkom 51 pretek\u00e1rov v \u0161iestich rozjazd\u00e1ch. \u00c1kos sa prebojoval do fin\u00e1le C, obsadil <span style=\"color: #000000;\"><span lang=\"sk-SK\">4<\/span><\/span>. miesto, \u010do v kone\u010dnom hodnoten\u00ed znamen\u00e1 2<span style=\"color: #000000;\"><span lang=\"sk-SK\">2<\/span><\/span>.miesto. <\/span><\/span><\/p>\n<p class=\"western\"><span style=\"font-family: Times New Roman, serif;\"><span style=\"font-size: medium;\">E\u0161te n\u00e1ro\u010dnej\u0161<span style=\"color: #000000;\"><span lang=\"sk-SK\">ie<\/span><\/span> preteky boli na 1000 metrovej trati, kde sa na \u0161tart postavilo celkom 60 pretek\u00e1rov zaraden\u00fdch do siedmich rozj\u00e1zd. \u00c1kos post\u00fapil do fin\u00e1le E, v ktorom obsadil 3.miesto, \u010do znamen\u00e1 kone\u010dn\u00e9 39.miesto. <\/span><\/span><\/p>\n<figure id=\"attachment_3418\" aria-describedby=\"caption-attachment-3418\" style=\"width: 450px\" class=\"wp-caption aligncenter\"><img fetchpriority=\"high\" decoding=\"async\" class=\"size-medium wp-image-3418\" src=\"https:\/\/kajakkomarno.sk\/wp-content\/uploads\/2023\/05\/SP-SZEGED-AKOS-GACSAL-450x338.jpg\" alt=\"\" width=\"450\" height=\"338\" srcset=\"https:\/\/kajakkomarno.sk\/wp-content\/uploads\/2023\/05\/SP-SZEGED-AKOS-GACSAL-450x338.jpg 450w, https:\/\/kajakkomarno.sk\/wp-content\/uploads\/2023\/05\/SP-SZEGED-AKOS-GACSAL-768x576.jpg 768w, https:\/\/kajakkomarno.sk\/wp-content\/uploads\/2023\/05\/SP-SZEGED-AKOS-GACSAL.jpg 960w\" sizes=\"(max-width: 450px) 100vw, 450px\" \/><figcaption id=\"caption-attachment-3418\" class=\"wp-caption-text\">\u00c1kos Gacsal<\/figcaption><\/figure>\n<h4 class=\"western\"><span style=\"font-family: 'Times New Roman', serif; color: #0000ff;\"><span style=\"font-size: medium;\"><b>Adam BOTEK<\/b><\/span><\/span><\/h4>\n<p class=\"western\"><span style=\"font-family: Times New Roman, serif;\"><span style=\"font-size: medium;\">Adam absolvoval v Szegede jednu discipl\u00ednu a to K4 MU\u017dI 500 m v zlo\u017een\u00ed Samuel BAL\u00c1\u017d, Denis MY\u0160\u00c1K, Csaba ZALKA, Adam BOTEK . V tejto discipl\u00edne nast\u00fapilo celkom 34 pos\u00e1dok v 4 rozjazd\u00e1ch.\u00a0<\/span><\/span><span style=\"font-family: Times New Roman, serif;\"><span style=\"font-size: medium;\">V rozjazde zv\u00ed\u0165azili a v semifin\u00e1le im postup do A fin\u00e1le u\u0161iel tesne o 0.03 sekundy. V B fin\u00e1le zv\u00ed\u0165azili a obsadili tak kone\u010dn\u00e9 10.miesto. <\/span><\/span><\/p>\n<p><img decoding=\"async\" class=\"size-medium wp-image-3420 aligncenter\" src=\"https:\/\/kajakkomarno.sk\/wp-content\/uploads\/2023\/05\/SP-SZEGED-K4-ADAM-360x450.jpg\" alt=\"\" width=\"360\" height=\"450\" srcset=\"https:\/\/kajakkomarno.sk\/wp-content\/uploads\/2023\/05\/SP-SZEGED-K4-ADAM-360x450.jpg 360w, https:\/\/kajakkomarno.sk\/wp-content\/uploads\/2023\/05\/SP-SZEGED-K4-ADAM.jpg 768w\" sizes=\"(max-width: 360px) 100vw, 360px\" \/><\/p>\n<p>&nbsp;<\/p>\n<h4><span style=\"font-family: 'Times New Roman', serif; color: #0000ff;\"><span style=\"font-size: medium;\"><b>Filip PODLEISZEK, Marko UJV\u00c1RI<\/b> <\/span><\/span><\/h4>\n<p class=\"western\"><span style=\"font-family: Times New Roman, serif;\"><span style=\"font-size: medium;\">Druh\u00fa pos\u00e1dku K4 na 500 m trati tvorili mlad\u00ed pretek\u00e1ri: Filip PODLEISZEK, Marko UJV\u00c1RI, Juraj KUKU\u010cKA a Martin HVOJN\u00cdK. V silnej konkurencii sa im z rozjazdy do semifin\u00e1le nepodarilo prebojova\u0165.<\/span><\/span><\/p>\n<figure id=\"attachment_3422\" aria-describedby=\"caption-attachment-3422\" style=\"width: 360px\" class=\"wp-caption aligncenter\"><img decoding=\"async\" class=\"size-medium wp-image-3422\" src=\"https:\/\/kajakkomarno.sk\/wp-content\/uploads\/2023\/05\/SP-SZEGED-K4-MARKO-360x450.jpg\" alt=\"\" width=\"360\" height=\"450\" srcset=\"https:\/\/kajakkomarno.sk\/wp-content\/uploads\/2023\/05\/SP-SZEGED-K4-MARKO-360x450.jpg 360w, https:\/\/kajakkomarno.sk\/wp-content\/uploads\/2023\/05\/SP-SZEGED-K4-MARKO.jpg 768w\" sizes=\"(max-width: 360px) 100vw, 360px\" \/><figcaption id=\"caption-attachment-3422\" class=\"wp-caption-text\">Filip Podleiszek a Marko Ujv\u00e1ri<\/figcaption><\/figure>\n<h4 class=\"western\"><span style=\"font-family: 'Times New Roman', serif; color: #0000ff;\"><span style=\"font-size: medium;\"><b>R\u00e9ka BUG\u00c1R, Mariana PETRU\u0160OV\u00c1<\/b><\/span><\/span><\/h4>\n<p class=\"western\"><span style=\"font-family: Times New Roman, serif;\"><span style=\"font-size: medium;\">obe nast\u00fapili v K4 na 500 metrovej trati v v novozlo\u017eenej K4 : R\u00e9ka BUG\u00c1R, Katar\u00edna PECSUKOV\u00c1, Mariana PETRU\u0160OV\u00c1 , Bianka SIDOV\u00c1. Aj v tejto discipl\u00edne sa zi\u0161la kvalitn\u00e1 konkurencia, celkom 27 pos\u00e1dok v 4 rozjazd\u00e1ch. Diev\u010dat\u00e1 v semifin\u00e1le obsadili 7. miesto a do fin\u00e1le sa im nepodarilo prebojova\u0165. <\/span><\/span><\/p>\n<p><img loading=\"lazy\" decoding=\"async\" class=\"size-medium wp-image-3424 aligncenter\" src=\"https:\/\/kajakkomarno.sk\/wp-content\/uploads\/2023\/05\/SP-SZEGED-K4-ZENY-360x450.jpg\" alt=\"\" width=\"360\" height=\"450\" srcset=\"https:\/\/kajakkomarno.sk\/wp-content\/uploads\/2023\/05\/SP-SZEGED-K4-ZENY-360x450.jpg 360w, https:\/\/kajakkomarno.sk\/wp-content\/uploads\/2023\/05\/SP-SZEGED-K4-ZENY.jpg 768w\" sizes=\"(max-width: 360px) 100vw, 360px\" \/><\/p>\n<p class=\"western\"><span style=\"font-family: Times New Roman, serif;\"><span style=\"font-size: medium;\"><span style=\"color: #000000;\"><b>R\u00e9ka BUG\u00c1R a Bianka SIDOV\u00c1,\u00a0 <\/b><\/span>\u00a0juniorsk\u00e9<b> <\/b>vicemajsterky sveta zo Szegedu z minul\u00e9ho roka sa prv\u00fd kr\u00e1t predstavili v seniorskej kateg\u00f3rii v discipl\u00edne K2 na 500 metrovej trati. Aj tu sa zi\u0161la siln\u00e1 konkurencia 44 pos\u00e1dok v 5 rozjazd\u00e1ch. Diev\u010dat\u00e1 sa prebojovali do fin\u00e1le C , kde obsadili po ve\u013emi peknom v\u00fdkone 2 miesto a v kone\u010dnom hodnoten\u00ed im patr\u00ed 20.miesto. <\/span><\/span><\/p>\n<figure id=\"attachment_3416\" aria-describedby=\"caption-attachment-3416\" style=\"width: 450px\" class=\"wp-caption aligncenter\"><img loading=\"lazy\" decoding=\"async\" class=\"size-medium wp-image-3416\" src=\"https:\/\/kajakkomarno.sk\/wp-content\/uploads\/2023\/05\/SP-SZEGED-K2-REKA-A-BIA-450x450.jpg\" alt=\"\" width=\"450\" height=\"450\" srcset=\"https:\/\/kajakkomarno.sk\/wp-content\/uploads\/2023\/05\/SP-SZEGED-K2-REKA-A-BIA-450x450.jpg 450w, https:\/\/kajakkomarno.sk\/wp-content\/uploads\/2023\/05\/SP-SZEGED-K2-REKA-A-BIA-300x300.jpg 300w, https:\/\/kajakkomarno.sk\/wp-content\/uploads\/2023\/05\/SP-SZEGED-K2-REKA-A-BIA-768x768.jpg 768w, https:\/\/kajakkomarno.sk\/wp-content\/uploads\/2023\/05\/SP-SZEGED-K2-REKA-A-BIA.jpg 960w\" sizes=\"(max-width: 450px) 100vw, 450px\" \/><figcaption id=\"caption-attachment-3416\" class=\"wp-caption-text\">R\u00e9ka Bug\u00e1r a Bianka Sidov\u00e1<\/figcaption><\/figure>\n<h4><strong><span style=\"font-family: 'Times New Roman', serif; color: #0000ff;\"><span style=\"font-size: medium;\">PREH\u013dAD UMIESTNENIA PRETEK\u00c1ROV Z KOM\u00c1RNA<\/span><\/span><\/strong><\/h4>\n<p><span style=\"font-family: Times New Roman, serif;\"><span style=\"font-size: medium;\">K1 MU\u017dI 500 <span style=\"color: #000000;\"><span lang=\"sk-SK\">m: 22. \u00c1ko<\/span><\/span><span style=\"color: #000000;\"><span lang=\"sk-SK\">s<\/span><\/span><span style=\"color: #000000;\"><span lang=\"sk-SK\"> GACSAL \/<\/span><\/span><span style=\"color: #000000;\"><span lang=\"sk-SK\">FIN\u00c1LE C- 4. miesto \/<\/span><\/span><\/span><\/span><\/p>\n<p><span style=\"font-family: Times New Roman, serif;\"><span style=\"font-size: medium;\">K1 MU\u017dI 1 000 m: 39. \u00c1kos GACSAL \/FIN\u00c1LE E- 3.<span style=\"color: #000000;\"><span lang=\"sk-SK\">miesto\/<\/span><\/span><\/span><\/span><\/p>\n<p><span style=\"font-family: Times New Roman, serif;\"><span style=\"font-size: medium;\">K4 MU\u017dI 500 m: 10. Samuel BAL\u00c1\u017d, Denis MY\u0160\u00c1K, Csaba ZALKA, Adam BOTEK \/ FIN\u00c1LE B- 1.miesto \/ <\/span><\/span><\/p>\n<p><span style=\"font-family: Times New Roman, serif;\"><span style=\"font-size: medium;\">K4 MU\u017dI 500 m: Filip PODLEISZEK, Marko UJV\u00c1RI , Martin HVOJN\u00cdK, Juraj KUKU\u010cKA- Rozjazda \u2013 9.miesto, do semifin\u00e1le nepost\u00fapili<\/span><\/span><\/p>\n<p class=\"western\"><span style=\"font-family: Times New Roman, serif;\"><span style=\"font-size: medium;\">K4 \u017dENY 500 m : R\u00e9ka BUG\u00c1R, Katar\u00edna PECSUKOV\u00c1, Mariana PETRU\u0160OV\u00c1 , Bianka SIDOV\u00c1 Semifin\u00e1le- 7.miesto , do <span style=\"color: #000000;\"><span lang=\"sk-SK\">f<\/span><\/span>in\u00e1le nepost\u00fapili<\/span><\/span><\/p>\n<p class=\"western\"><span style=\"font-family: Times New Roman, serif;\"><span style=\"font-size: medium;\">K<span style=\"color: #000000;\"><span lang=\"sk-SK\">2<\/span><\/span> \u017dENY 500 m : 20. R\u00e9ka BUG\u00c1R, Bianka SIDOV\u00c1 \/ FIN\u00c1LE C- 2.miesto \/ <\/span><\/span><\/p>\n<p><span style=\"font-family: Times New Roman, serif;\"><span style=\"font-size: medium;\">Na Svetovom poh\u00e1ri v Szegede sa predstavil D\u00e1vid KOCZK\u00c1S, odchovanec Kajak &amp; kanoe klubu Kom\u00e1rno, b\u00fdval\u00fd juniorsk\u00fd reprezentant Slovenska, v s\u00fa\u010dasnosti reprezentant Ma\u010farska.\u00a0<\/span><\/span><span style=\"font-family: Times New Roman, serif;\"><span style=\"font-size: medium;\">Vo svojej ob\u013e\u00fabenej discipl\u00edne C1 na 200 m sa prebojoval do Fin\u00e1le B, ktor\u00e9 v\u0161ak nedokon\u010dil. <\/span><\/span><\/p>\n<p class=\"western\" align=\"justify\"><strong><span style=\"font-family: 'Times New Roman', serif; color: #000000;\"><span style=\"font-size: medium;\"><span lang=\"sk-SK\">\u010e<\/span>AKUJEME ZA REPREZENT\u00c1CIU A PRAJEME \u00daSPE\u0160N\u00da PR\u00cdPRAVU NA SVETOV\u00dd POH\u00c1R DO POZNANE!<\/span><\/span><\/strong><\/p>\n<p align=\"justify\">FOTO: SLOVENSK\u00c1 KANOISTIKA<\/p>\n","protected":false},"excerpt":{"rendered":"<p>V d\u0148och 11.05.2023 a\u017e 14.05.2023 sa v Szegede uskuto\u010dnil I. Svetov\u00fd poh\u00e1r v r\u00fdchlostnej kanoistike. Bolo to prv\u00e9 medzin\u00e1rodn\u00e9 podujatie v r\u00fdchlostnej kanoistike v tomto roku a zi\u0161la sa tu siln\u00e1 konkurencia pretek\u00e1rov z takmer 60 kraj\u00edn sveta. Nech\u00fdbali tu najlep\u0161\u00ed z najlep\u0161\u00edch: olympijsk\u00ed \u0161ampi\u00f3ni, medailisti z majstrovstiev sveta a Eur\u00f3py. V\u0161etci chc\u00fa by\u0165 \u010do [&hellip;]<\/p>\n","protected":false},"author":3,"featured_media":3416,"comment_status":"open","ping_status":"open","sticky":false,"template":"","format":"standard","meta":{"inline_featured_image":false,"footnotes":""},"categories":[1],"tags":[],"class_list":["post-3415","post","type-post","status-publish","format-standard","has-post-thumbnail","hentry","category-novinky"],"acf":[],"yoast_head":"<!-- This site is optimized with the Yoast SEO plugin v26.6 - https:\/\/yoast.com\/wordpress\/plugins\/seo\/ -->\n<title>I. Svetov\u00fd poh\u00e1r v Szegede - Kajak &amp; kanoe klub Kom\u00e1rno<\/title>\n<meta name=\"robots\" content=\"index, follow, max-snippet:-1, max-image-preview:large, max-video-preview:-1\" \/>\n<link rel=\"canonical\" href=\"https:\/\/kajakkomarno.sk\/novinky\/i-svetovy-pohar-v-szegede\/\" \/>\n<meta property=\"og:locale\" content=\"hu_HU\" \/>\n<meta property=\"og:type\" content=\"article\" \/>\n<meta property=\"og:title\" content=\"I. Svetov\u00fd poh\u00e1r v Szegede - Kajak &amp; kanoe klub Kom\u00e1rno\" \/>\n<meta property=\"og:description\" content=\"V d\u0148och 11.05.2023 a\u017e 14.05.2023 sa v Szegede uskuto\u010dnil I. Svetov\u00fd poh\u00e1r v r\u00fdchlostnej kanoistike. Bolo to prv\u00e9 medzin\u00e1rodn\u00e9 podujatie v r\u00fdchlostnej kanoistike v tomto roku a zi\u0161la sa tu siln\u00e1 konkurencia pretek\u00e1rov z takmer 60 kraj\u00edn sveta. Nech\u00fdbali tu najlep\u0161\u00ed z najlep\u0161\u00edch: olympijsk\u00ed \u0161ampi\u00f3ni, medailisti z majstrovstiev sveta a Eur\u00f3py. V\u0161etci chc\u00fa by\u0165 \u010do [&hellip;]\" \/>\n<meta property=\"og:url\" content=\"https:\/\/kajakkomarno.sk\/novinky\/i-svetovy-pohar-v-szegede\/\" \/>\n<meta property=\"og:site_name\" content=\"Kajak &amp; kanoe klub Kom\u00e1rno\" \/>\n<meta property=\"article:published_time\" content=\"2023-05-14T19:37:08+00:00\" \/>\n<meta property=\"article:modified_time\" content=\"2023-05-15T04:08:21+00:00\" \/>\n<meta property=\"og:image\" content=\"https:\/\/kajakkomarno.sk\/wp-content\/uploads\/2023\/05\/SP-SZEGED-K2-REKA-A-BIA.jpg\" \/>\n\t<meta property=\"og:image:width\" content=\"960\" \/>\n\t<meta property=\"og:image:height\" content=\"960\" \/>\n\t<meta property=\"og:image:type\" content=\"image\/jpeg\" \/>\n<meta name=\"author\" content=\"petrusivi18@gmail.com\" \/>\n<meta name=\"twitter:card\" content=\"summary_large_image\" \/>\n<meta name=\"twitter:label1\" content=\"Szerz\u0151:\" \/>\n\t<meta name=\"twitter:data1\" content=\"petrusivi18@gmail.com\" \/>\n\t<meta name=\"twitter:label2\" content=\"Becs\u00fclt olvas\u00e1si id\u0151\" \/>\n\t<meta name=\"twitter:data2\" content=\"5 perc\" \/>\n<script type=\"application\/ld+json\" class=\"yoast-schema-graph\">{\"@context\":\"https:\/\/schema.org\",\"@graph\":[{\"@type\":\"Article\",\"@id\":\"https:\/\/kajakkomarno.sk\/novinky\/i-svetovy-pohar-v-szegede\/#article\",\"isPartOf\":{\"@id\":\"https:\/\/kajakkomarno.sk\/novinky\/i-svetovy-pohar-v-szegede\/\"},\"author\":{\"name\":\"petrusivi18@gmail.com\",\"@id\":\"https:\/\/kajakkomarno.sk\/#\/schema\/person\/c5c91af715cbb9be5937ae2db77cab69\"},\"headline\":\"I. Svetov\u00fd poh\u00e1r v Szegede\",\"datePublished\":\"2023-05-14T19:37:08+00:00\",\"dateModified\":\"2023-05-15T04:08:21+00:00\",\"mainEntityOfPage\":{\"@id\":\"https:\/\/kajakkomarno.sk\/novinky\/i-svetovy-pohar-v-szegede\/\"},\"wordCount\":748,\"commentCount\":0,\"publisher\":{\"@id\":\"https:\/\/kajakkomarno.sk\/#organization\"},\"image\":{\"@id\":\"https:\/\/kajakkomarno.sk\/novinky\/i-svetovy-pohar-v-szegede\/#primaryimage\"},\"thumbnailUrl\":\"https:\/\/kajakkomarno.sk\/wp-content\/uploads\/2023\/05\/SP-SZEGED-K2-REKA-A-BIA.jpg\",\"articleSection\":[\"Novinky\"],\"inLanguage\":\"hu\",\"potentialAction\":[{\"@type\":\"CommentAction\",\"name\":\"Comment\",\"target\":[\"https:\/\/kajakkomarno.sk\/novinky\/i-svetovy-pohar-v-szegede\/#respond\"]}]},{\"@type\":\"WebPage\",\"@id\":\"https:\/\/kajakkomarno.sk\/novinky\/i-svetovy-pohar-v-szegede\/\",\"url\":\"https:\/\/kajakkomarno.sk\/novinky\/i-svetovy-pohar-v-szegede\/\",\"name\":\"I. Svetov\u00fd poh\u00e1r v Szegede - Kajak &amp; kanoe klub Kom\u00e1rno\",\"isPartOf\":{\"@id\":\"https:\/\/kajakkomarno.sk\/#website\"},\"primaryImageOfPage\":{\"@id\":\"https:\/\/kajakkomarno.sk\/novinky\/i-svetovy-pohar-v-szegede\/#primaryimage\"},\"image\":{\"@id\":\"https:\/\/kajakkomarno.sk\/novinky\/i-svetovy-pohar-v-szegede\/#primaryimage\"},\"thumbnailUrl\":\"https:\/\/kajakkomarno.sk\/wp-content\/uploads\/2023\/05\/SP-SZEGED-K2-REKA-A-BIA.jpg\",\"datePublished\":\"2023-05-14T19:37:08+00:00\",\"dateModified\":\"2023-05-15T04:08:21+00:00\",\"breadcrumb\":{\"@id\":\"https:\/\/kajakkomarno.sk\/novinky\/i-svetovy-pohar-v-szegede\/#breadcrumb\"},\"inLanguage\":\"hu\",\"potentialAction\":[{\"@type\":\"ReadAction\",\"target\":[\"https:\/\/kajakkomarno.sk\/novinky\/i-svetovy-pohar-v-szegede\/\"]}]},{\"@type\":\"ImageObject\",\"inLanguage\":\"hu\",\"@id\":\"https:\/\/kajakkomarno.sk\/novinky\/i-svetovy-pohar-v-szegede\/#primaryimage\",\"url\":\"https:\/\/kajakkomarno.sk\/wp-content\/uploads\/2023\/05\/SP-SZEGED-K2-REKA-A-BIA.jpg\",\"contentUrl\":\"https:\/\/kajakkomarno.sk\/wp-content\/uploads\/2023\/05\/SP-SZEGED-K2-REKA-A-BIA.jpg\",\"width\":960,\"height\":960,\"caption\":\"R\u00e9ka Bug\u00e1r a Bianka Sidov\u00e1\"},{\"@type\":\"BreadcrumbList\",\"@id\":\"https:\/\/kajakkomarno.sk\/novinky\/i-svetovy-pohar-v-szegede\/#breadcrumb\",\"itemListElement\":[{\"@type\":\"ListItem\",\"position\":1,\"name\":\"Domov\",\"item\":\"https:\/\/kajakkomarno.sk\/hu\/fooldal\/\"},{\"@type\":\"ListItem\",\"position\":2,\"name\":\"Novinky\",\"item\":\"https:\/\/kajakkomarno.sk\/category\/novinky\/\"},{\"@type\":\"ListItem\",\"position\":3,\"name\":\"I. Svetov\u00fd poh\u00e1r v Szegede\"}]},{\"@type\":\"WebSite\",\"@id\":\"https:\/\/kajakkomarno.sk\/#website\",\"url\":\"https:\/\/kajakkomarno.sk\/\",\"name\":\"Kajak &amp; kanoe klub Kom\u00e1rno\",\"description\":\"\",\"publisher\":{\"@id\":\"https:\/\/kajakkomarno.sk\/#organization\"},\"potentialAction\":[{\"@type\":\"SearchAction\",\"target\":{\"@type\":\"EntryPoint\",\"urlTemplate\":\"https:\/\/kajakkomarno.sk\/?s={search_term_string}\"},\"query-input\":{\"@type\":\"PropertyValueSpecification\",\"valueRequired\":true,\"valueName\":\"search_term_string\"}}],\"inLanguage\":\"hu\"},{\"@type\":\"Organization\",\"@id\":\"https:\/\/kajakkomarno.sk\/#organization\",\"name\":\"Kajak &amp; kanoe klub Kom\u00e1rno\",\"url\":\"https:\/\/kajakkomarno.sk\/\",\"logo\":{\"@type\":\"ImageObject\",\"inLanguage\":\"hu\",\"@id\":\"https:\/\/kajakkomarno.sk\/#\/schema\/logo\/image\/\",\"url\":\"https:\/\/kajakkomarno.sk\/wp-content\/uploads\/2022\/12\/kajak-kanoe-klub-komarno-optimized-opt.svg\",\"contentUrl\":\"https:\/\/kajakkomarno.sk\/wp-content\/uploads\/2022\/12\/kajak-kanoe-klub-komarno-optimized-opt.svg\",\"width\":307,\"height\":66,\"caption\":\"Kajak &amp; kanoe klub Kom\u00e1rno\"},\"image\":{\"@id\":\"https:\/\/kajakkomarno.sk\/#\/schema\/logo\/image\/\"}},{\"@type\":\"Person\",\"@id\":\"https:\/\/kajakkomarno.sk\/#\/schema\/person\/c5c91af715cbb9be5937ae2db77cab69\",\"name\":\"petrusivi18@gmail.com\",\"image\":{\"@type\":\"ImageObject\",\"inLanguage\":\"hu\",\"@id\":\"https:\/\/kajakkomarno.sk\/#\/schema\/person\/image\/\",\"url\":\"https:\/\/secure.gravatar.com\/avatar\/77dd3ca1ae9038935f09e411f1d53193ef634a1b97c471309f0fc163209e68d8?s=96&d=mm&r=g\",\"contentUrl\":\"https:\/\/secure.gravatar.com\/avatar\/77dd3ca1ae9038935f09e411f1d53193ef634a1b97c471309f0fc163209e68d8?s=96&d=mm&r=g\",\"caption\":\"petrusivi18@gmail.com\"},\"url\":\"https:\/\/kajakkomarno.sk\/hu\/author\/petrusivi18gmail-com\/\"}]}<\/script>\n<!-- \/ Yoast SEO plugin. -->","yoast_head_json":{"title":"I. Svetov\u00fd poh\u00e1r v Szegede - Kajak &amp; kanoe klub Kom\u00e1rno","robots":{"index":"index","follow":"follow","max-snippet":"max-snippet:-1","max-image-preview":"max-image-preview:large","max-video-preview":"max-video-preview:-1"},"canonical":"https:\/\/kajakkomarno.sk\/novinky\/i-svetovy-pohar-v-szegede\/","og_locale":"hu_HU","og_type":"article","og_title":"I. Svetov\u00fd poh\u00e1r v Szegede - Kajak &amp; kanoe klub Kom\u00e1rno","og_description":"V d\u0148och 11.05.2023 a\u017e 14.05.2023 sa v Szegede uskuto\u010dnil I. Svetov\u00fd poh\u00e1r v r\u00fdchlostnej kanoistike. Bolo to prv\u00e9 medzin\u00e1rodn\u00e9 podujatie v r\u00fdchlostnej kanoistike v tomto roku a zi\u0161la sa tu siln\u00e1 konkurencia pretek\u00e1rov z takmer 60 kraj\u00edn sveta. Nech\u00fdbali tu najlep\u0161\u00ed z najlep\u0161\u00edch: olympijsk\u00ed \u0161ampi\u00f3ni, medailisti z majstrovstiev sveta a Eur\u00f3py. V\u0161etci chc\u00fa by\u0165 \u010do [&hellip;]","og_url":"https:\/\/kajakkomarno.sk\/novinky\/i-svetovy-pohar-v-szegede\/","og_site_name":"Kajak &amp; kanoe klub Kom\u00e1rno","article_published_time":"2023-05-14T19:37:08+00:00","article_modified_time":"2023-05-15T04:08:21+00:00","og_image":[{"width":960,"height":960,"url":"https:\/\/kajakkomarno.sk\/wp-content\/uploads\/2023\/05\/SP-SZEGED-K2-REKA-A-BIA.jpg","type":"image\/jpeg"}],"author":"petrusivi18@gmail.com","twitter_card":"summary_large_image","twitter_misc":{"Szerz\u0151:":"petrusivi18@gmail.com","Becs\u00fclt olvas\u00e1si id\u0151":"5 perc"},"schema":{"@context":"https:\/\/schema.org","@graph":[{"@type":"Article","@id":"https:\/\/kajakkomarno.sk\/novinky\/i-svetovy-pohar-v-szegede\/#article","isPartOf":{"@id":"https:\/\/kajakkomarno.sk\/novinky\/i-svetovy-pohar-v-szegede\/"},"author":{"name":"petrusivi18@gmail.com","@id":"https:\/\/kajakkomarno.sk\/#\/schema\/person\/c5c91af715cbb9be5937ae2db77cab69"},"headline":"I. Svetov\u00fd poh\u00e1r v Szegede","datePublished":"2023-05-14T19:37:08+00:00","dateModified":"2023-05-15T04:08:21+00:00","mainEntityOfPage":{"@id":"https:\/\/kajakkomarno.sk\/novinky\/i-svetovy-pohar-v-szegede\/"},"wordCount":748,"commentCount":0,"publisher":{"@id":"https:\/\/kajakkomarno.sk\/#organization"},"image":{"@id":"https:\/\/kajakkomarno.sk\/novinky\/i-svetovy-pohar-v-szegede\/#primaryimage"},"thumbnailUrl":"https:\/\/kajakkomarno.sk\/wp-content\/uploads\/2023\/05\/SP-SZEGED-K2-REKA-A-BIA.jpg","articleSection":["Novinky"],"inLanguage":"hu","potentialAction":[{"@type":"CommentAction","name":"Comment","target":["https:\/\/kajakkomarno.sk\/novinky\/i-svetovy-pohar-v-szegede\/#respond"]}]},{"@type":"WebPage","@id":"https:\/\/kajakkomarno.sk\/novinky\/i-svetovy-pohar-v-szegede\/","url":"https:\/\/kajakkomarno.sk\/novinky\/i-svetovy-pohar-v-szegede\/","name":"I. Svetov\u00fd poh\u00e1r v Szegede - Kajak &amp; kanoe klub Kom\u00e1rno","isPartOf":{"@id":"https:\/\/kajakkomarno.sk\/#website"},"primaryImageOfPage":{"@id":"https:\/\/kajakkomarno.sk\/novinky\/i-svetovy-pohar-v-szegede\/#primaryimage"},"image":{"@id":"https:\/\/kajakkomarno.sk\/novinky\/i-svetovy-pohar-v-szegede\/#primaryimage"},"thumbnailUrl":"https:\/\/kajakkomarno.sk\/wp-content\/uploads\/2023\/05\/SP-SZEGED-K2-REKA-A-BIA.jpg","datePublished":"2023-05-14T19:37:08+00:00","dateModified":"2023-05-15T04:08:21+00:00","breadcrumb":{"@id":"https:\/\/kajakkomarno.sk\/novinky\/i-svetovy-pohar-v-szegede\/#breadcrumb"},"inLanguage":"hu","potentialAction":[{"@type":"ReadAction","target":["https:\/\/kajakkomarno.sk\/novinky\/i-svetovy-pohar-v-szegede\/"]}]},{"@type":"ImageObject","inLanguage":"hu","@id":"https:\/\/kajakkomarno.sk\/novinky\/i-svetovy-pohar-v-szegede\/#primaryimage","url":"https:\/\/kajakkomarno.sk\/wp-content\/uploads\/2023\/05\/SP-SZEGED-K2-REKA-A-BIA.jpg","contentUrl":"https:\/\/kajakkomarno.sk\/wp-content\/uploads\/2023\/05\/SP-SZEGED-K2-REKA-A-BIA.jpg","width":960,"height":960,"caption":"R\u00e9ka Bug\u00e1r a Bianka Sidov\u00e1"},{"@type":"BreadcrumbList","@id":"https:\/\/kajakkomarno.sk\/novinky\/i-svetovy-pohar-v-szegede\/#breadcrumb","itemListElement":[{"@type":"ListItem","position":1,"name":"Domov","item":"https:\/\/kajakkomarno.sk\/hu\/fooldal\/"},{"@type":"ListItem","position":2,"name":"Novinky","item":"https:\/\/kajakkomarno.sk\/category\/novinky\/"},{"@type":"ListItem","position":3,"name":"I. Svetov\u00fd poh\u00e1r v Szegede"}]},{"@type":"WebSite","@id":"https:\/\/kajakkomarno.sk\/#website","url":"https:\/\/kajakkomarno.sk\/","name":"Kajak &amp; kanoe klub Kom\u00e1rno","description":"","publisher":{"@id":"https:\/\/kajakkomarno.sk\/#organization"},"potentialAction":[{"@type":"SearchAction","target":{"@type":"EntryPoint","urlTemplate":"https:\/\/kajakkomarno.sk\/?s={search_term_string}"},"query-input":{"@type":"PropertyValueSpecification","valueRequired":true,"valueName":"search_term_string"}}],"inLanguage":"hu"},{"@type":"Organization","@id":"https:\/\/kajakkomarno.sk\/#organization","name":"Kajak &amp; kanoe klub Kom\u00e1rno","url":"https:\/\/kajakkomarno.sk\/","logo":{"@type":"ImageObject","inLanguage":"hu","@id":"https:\/\/kajakkomarno.sk\/#\/schema\/logo\/image\/","url":"https:\/\/kajakkomarno.sk\/wp-content\/uploads\/2022\/12\/kajak-kanoe-klub-komarno-optimized-opt.svg","contentUrl":"https:\/\/kajakkomarno.sk\/wp-content\/uploads\/2022\/12\/kajak-kanoe-klub-komarno-optimized-opt.svg","width":307,"height":66,"caption":"Kajak &amp; kanoe klub Kom\u00e1rno"},"image":{"@id":"https:\/\/kajakkomarno.sk\/#\/schema\/logo\/image\/"}},{"@type":"Person","@id":"https:\/\/kajakkomarno.sk\/#\/schema\/person\/c5c91af715cbb9be5937ae2db77cab69","name":"petrusivi18@gmail.com","image":{"@type":"ImageObject","inLanguage":"hu","@id":"https:\/\/kajakkomarno.sk\/#\/schema\/person\/image\/","url":"https:\/\/secure.gravatar.com\/avatar\/77dd3ca1ae9038935f09e411f1d53193ef634a1b97c471309f0fc163209e68d8?s=96&d=mm&r=g","contentUrl":"https:\/\/secure.gravatar.com\/avatar\/77dd3ca1ae9038935f09e411f1d53193ef634a1b97c471309f0fc163209e68d8?s=96&d=mm&r=g","caption":"petrusivi18@gmail.com"},"url":"https:\/\/kajakkomarno.sk\/hu\/author\/petrusivi18gmail-com\/"}]}},"_links":{"self":[{"href":"https:\/\/kajakkomarno.sk\/hu\/wp-json\/wp\/v2\/posts\/3415","targetHints":{"allow":["GET"]}}],"collection":[{"href":"https:\/\/kajakkomarno.sk\/hu\/wp-json\/wp\/v2\/posts"}],"about":[{"href":"https:\/\/kajakkomarno.sk\/hu\/wp-json\/wp\/v2\/types\/post"}],"author":[{"embeddable":true,"href":"https:\/\/kajakkomarno.sk\/hu\/wp-json\/wp\/v2\/users\/3"}],"replies":[{"embeddable":true,"href":"https:\/\/kajakkomarno.sk\/hu\/wp-json\/wp\/v2\/comments?post=3415"}],"version-history":[{"count":0,"href":"https:\/\/kajakkomarno.sk\/hu\/wp-json\/wp\/v2\/posts\/3415\/revisions"}],"wp:featuredmedia":[{"embeddable":true,"href":"https:\/\/kajakkomarno.sk\/hu\/wp-json\/wp\/v2\/media\/3416"}],"wp:attachment":[{"href":"https:\/\/kajakkomarno.sk\/hu\/wp-json\/wp\/v2\/media?parent=3415"}],"wp:term":[{"taxonomy":"category","embeddable":true,"href":"https:\/\/kajakkomarno.sk\/hu\/wp-json\/wp\/v2\/categories?post=3415"},{"taxonomy":"post_tag","embeddable":true,"href":"https:\/\/kajakkomarno.sk\/hu\/wp-json\/wp\/v2\/tags?post=3415"}],"curies":[{"name":"wp","href":"https:\/\/api.w.org\/{rel}","templated":true}]}}