{"id":3031,"date":"2022-04-15T15:10:14","date_gmt":"2022-04-15T13:10:14","guid":{"rendered":"https:\/\/kajak.22projects.sk\/?p=3031"},"modified":"2023-02-23T14:59:43","modified_gmt":"2023-02-23T13:59:43","slug":"kanoista-roka-2021","status":"publish","type":"post","link":"https:\/\/kajakkomarno.sk\/hu\/novinky\/kanoista-roka-2021\/","title":{"rendered":"KANOISTA ROKA 2021"},"content":{"rendered":"\n<figure class=\"wp-block-image size-full\"><img decoding=\"async\" width=\"270\" height=\"141\" src=\"https:\/\/kajak.22projects.sk\/wp-content\/uploads\/2023\/02\/logo_kan_2021_image.png\" alt=\"\" class=\"wp-image-3032\"\/><\/figure>\n\n\n\n<p>Slovensk\u00e1 kanoistika&nbsp; ocenila svojich naj\u00faspe\u0161nej\u0161\u00edch \u0161portovcov&nbsp; na Vyhl\u00e1sen\u00ed kanoistu roka 2021 v Slovenskom olympijskom a \u0161portovom m\u00fazeu v Bratislave.<\/p>\n\n\n\n<p>Medzi ocenen\u00fdmi boli aj reprezentanti kom\u00e1r\u0148anskej r\u00fdchlostnej kanoistiky, ktor\u00ed z\u00edskali ocenenia za v\u00fdsledky v roku 2021.<\/p>\n\n\n\n<p><br><strong>\u0160PORTOVEC ROKA \u2013 R\u00ddCHLOSTN\u00c1 KANOISTIKA:&nbsp; &nbsp; Erik&nbsp; V L \u010c E K&nbsp;<\/strong><\/p>\n\n\n\n<p>kajak\u00e1r, odchovanec kom\u00e1r\u0148anskej r\u00fdchlostnej kanoistiky, \u010dlen \u0160portov\u00e9ho centra pol\u00edcie, reprezentant SR,&nbsp; bronzov\u00fd medailista z Olympijsk\u00fdch hier v Tokiu.<\/p>\n\n\n\n<p>Bola to&nbsp; v porad\u00ed&nbsp; u\u017e jeho \u0161iesta olympi\u00e1da a zbierku dvoch strieborn\u00fdch a jednej&nbsp; bronzovej&nbsp; olympijskej medaily tak roz\u0161\u00edril o \u010fal\u0161\u00ed bronz.&nbsp;&nbsp;<\/p>\n\n\n\n<p>Tr\u00e9ner- Peter Lik\u00e9r<\/p>\n\n\n\n<p><strong>V\u00ddSLEDKY 2021<\/strong><\/p>\n\n\n\n<p><strong>OLYMPIJSK\u00c9 HRY TOKIO 2020 &#8211; BRONZOV\u00c1 MEDAILA\u00a0 V K4 na\u00a0 500 m so Samuelom Bal\u00e1\u017eom, Denisom My\u0161\u00e1kom a Adamom Botekom<\/strong><\/p>\n\n\n\n<figure class=\"wp-block-image size-full\"><img fetchpriority=\"high\" decoding=\"async\" width=\"960\" height=\"640\" src=\"https:\/\/kajak.22projects.sk\/wp-content\/uploads\/2023\/02\/Erik-Vlcek.png\" alt=\"\" class=\"wp-image-3036\" srcset=\"https:\/\/kajakkomarno.sk\/wp-content\/uploads\/2023\/02\/Erik-Vlcek.png 960w, https:\/\/kajakkomarno.sk\/wp-content\/uploads\/2023\/02\/Erik-Vlcek-450x300.png 450w, https:\/\/kajakkomarno.sk\/wp-content\/uploads\/2023\/02\/Erik-Vlcek-768x512.png 768w\" sizes=\"(max-width: 960px) 100vw, 960px\" \/><\/figure>\n\n\n\n<p><strong>KAJAK\u00c1RKA ROKA &#8211; R\u00ddCHLOSTN\u00c1 KANOISTIKA:&nbsp; &nbsp;MARIANA&nbsp; &nbsp;P E T R U \u0160 O V \u00c1&nbsp;<\/strong><\/p>\n\n\n\n<p>22 ro\u010dn\u00e1 kajak\u00e1rka,&nbsp; odchovanky\u0148a&nbsp; kom\u00e1r\u0148anskej r\u00fdchlostnej kanoistiky, \u010dlenka \u0160portov\u00e9ho centra pol\u00edcie, reprezentantka SR v r\u00fdchlostnej kanoistike,&nbsp; &nbsp;tr\u00e9ner- Peter Lik\u00e9r<\/p>\n\n\n\n<p><strong>V\u00ddSLEDKY 2021<\/strong><\/p>\n\n\n\n<p><strong>MAJSTROVSTV\u00c1 SVETA U23&nbsp; MONTEMOR- BRONZOV\u00c1 MEDAILA&nbsp; v K1 na 1000 m&nbsp;<\/strong><\/p>\n\n\n\n<p><strong>MAJSTROVSTV\u00c1 EUR\u00d3PY&nbsp; U23 POZNA\u0147 &#8211; STRIEBORN\u00c1 MEDAILA&nbsp; v K1&nbsp; na&nbsp; 500 m, BRONZOV\u00c1 MEDAILA v K2 na 500 m s Lisou Mariou Gamsj\u00e4ger<\/strong><\/p>\n\n\n\n<p><strong>MAJSTROVSTV\u00c1 EUR\u00d3PY&nbsp; SENIOROV POZNA\u0147-&nbsp; BRONZOV\u00c1&nbsp; MEDAILA&nbsp; v K1&nbsp; na 1000 m&nbsp;<\/strong><\/p>\n\n\n\n<p><strong>MAJSTROVSTV\u00c1&nbsp; SLOVENSKA NA KR\u00c1TKE TRATE &#8211; 7 n\u00e1sobn\u00e1 majsterka Slovenska&nbsp; v discipl\u00ednach K1, K2 a K4 na 200 m, 500 m a 1000 m<\/strong><\/p>\n\n\n\n<figure class=\"wp-block-image size-full\"><img decoding=\"async\" width=\"720\" height=\"960\" src=\"https:\/\/kajak.22projects.sk\/wp-content\/uploads\/2023\/02\/POZNAN-03.jpg\" alt=\"\" class=\"wp-image-3038\" srcset=\"https:\/\/kajakkomarno.sk\/wp-content\/uploads\/2023\/02\/POZNAN-03.jpg 720w, https:\/\/kajakkomarno.sk\/wp-content\/uploads\/2023\/02\/POZNAN-03-338x450.jpg 338w\" sizes=\"(max-width: 720px) 100vw, 720px\" \/><\/figure>\n\n\n\n<p><strong>V\u00ddKON ROKA \u2013 R\u00ddCHLOSTN\u00c1 KANOISTIKA<\/strong>::&nbsp;<strong>&nbsp;<\/strong><strong>K4 na OH Tokio 2020<\/strong><br><strong>BRONZOV\u00c1 OLYMPIJSK\u00c1 MEDAILA v K4 na OH Tokio 2020 v zlo\u017een\u00ed Erik&nbsp; V L \u010c E K, Adam B O T E K, Samuel BAL\u00c1\u017d, Denis MY\u0160\u00c1K&nbsp;<\/strong><\/p>\n\n\n\n<p>tr\u00e9neri Peter Lik\u00e9r a Andrej Wiebaue<\/p>\n\n\n\n<figure class=\"wp-block-image size-full\"><img loading=\"lazy\" decoding=\"async\" width=\"960\" height=\"640\" src=\"https:\/\/kajak.22projects.sk\/wp-content\/uploads\/2023\/02\/OH-VLCEK-BOTEK-K4.png\" alt=\"\" class=\"wp-image-3040\" srcset=\"https:\/\/kajakkomarno.sk\/wp-content\/uploads\/2023\/02\/OH-VLCEK-BOTEK-K4.png 960w, https:\/\/kajakkomarno.sk\/wp-content\/uploads\/2023\/02\/OH-VLCEK-BOTEK-K4-450x300.png 450w, https:\/\/kajakkomarno.sk\/wp-content\/uploads\/2023\/02\/OH-VLCEK-BOTEK-K4-768x512.png 768w\" sizes=\"(max-width: 960px) 100vw, 960px\" \/><\/figure>\n\n\n\n<p><strong>KRI\u0160T\u00c1\u013dOV\u00c9 KR\u00cdDLO V SPR\u00c1VNYCH RUK\u00c1CH<\/strong><\/p>\n\n\n\n<p><strong>Erik VL\u010cEK\u00a0<\/strong>si na tomto poduaj\u00ed z\u00e1rove\u0148 prevzal ocenenie Kri\u0161t\u00e1\u013eov\u00e9 kr\u00eddlo za v\u00fdnimo\u010dn\u00e9 v\u00fdsledky a za ve\u013ek\u00fd pr\u00ednos pre slovensk\u00fd \u0161port. Svojou kari\u00e9rou je pr\u00edkladom pre mlad\u00fdch \u0161portovcov.\u00a0Pravidelne podporuje r\u00f4zne charitat\u00edvne akcie a z\u00e1rove\u0148 je jedn\u00fdm z ambas\u00e1dorov Fondu pre bud\u00facnos\u0165 \u0161portu.<\/p>\n\n\n\n<figure class=\"wp-block-image size-full\"><img loading=\"lazy\" decoding=\"async\" width=\"960\" height=\"640\" src=\"https:\/\/kajak.22projects.sk\/wp-content\/uploads\/2023\/02\/KAJAKARI-ROKA-2021.png\" alt=\"\" class=\"wp-image-3042\" srcset=\"https:\/\/kajakkomarno.sk\/wp-content\/uploads\/2023\/02\/KAJAKARI-ROKA-2021.png 960w, https:\/\/kajakkomarno.sk\/wp-content\/uploads\/2023\/02\/KAJAKARI-ROKA-2021-450x300.png 450w, https:\/\/kajakkomarno.sk\/wp-content\/uploads\/2023\/02\/KAJAKARI-ROKA-2021-768x512.png 768w\" sizes=\"(max-width: 960px) 100vw, 960px\" \/><\/figure>\n\n\n\n<p><strong>BLAHO\u017dEL\u00c1ME<\/strong><\/p>\n\n\n\n<p>&nbsp;FOTO: SK<\/p>\n\n\n\n<p><\/p>\n","protected":false},"excerpt":{"rendered":"<p>Slovensk\u00e1 kanoistika&nbsp; ocenila svojich naj\u00faspe\u0161nej\u0161\u00edch \u0161portovcov&nbsp; na Vyhl\u00e1sen\u00ed kanoistu roka 2021 v Slovenskom olympijskom a \u0161portovom m\u00fazeu v Bratislave. Medzi ocenen\u00fdmi boli aj reprezentanti kom\u00e1r\u0148anskej r\u00fdchlostnej kanoistiky, ktor\u00ed z\u00edskali ocenenia za v\u00fdsledky v roku 2021. \u0160PORTOVEC ROKA \u2013 R\u00ddCHLOSTN\u00c1 KANOISTIKA:&nbsp; &nbsp; Erik&nbsp; V L \u010c E K&nbsp; kajak\u00e1r, odchovanec kom\u00e1r\u0148anskej r\u00fdchlostnej kanoistiky, \u010dlen \u0160portov\u00e9ho centra [&hellip;]<\/p>\n","protected":false},"author":1,"featured_media":3034,"comment_status":"open","ping_status":"open","sticky":false,"template":"","format":"standard","meta":{"inline_featured_image":false,"footnotes":""},"categories":[1],"tags":[],"class_list":["post-3031","post","type-post","status-publish","format-standard","has-post-thumbnail","hentry","category-novinky"],"acf":[],"yoast_head":"<!-- This site is optimized with the Yoast SEO plugin v26.6 - https:\/\/yoast.com\/wordpress\/plugins\/seo\/ -->\n<title>KANOISTA ROKA 2021 - Kajak &amp; kanoe klub Kom\u00e1rno<\/title>\n<meta name=\"robots\" content=\"index, follow, max-snippet:-1, max-image-preview:large, max-video-preview:-1\" \/>\n<link rel=\"canonical\" href=\"https:\/\/kajakkomarno.sk\/novinky\/kanoista-roka-2021\/\" \/>\n<meta property=\"og:locale\" content=\"hu_HU\" \/>\n<meta property=\"og:type\" content=\"article\" \/>\n<meta property=\"og:title\" content=\"KANOISTA ROKA 2021 - Kajak &amp; kanoe klub Kom\u00e1rno\" \/>\n<meta property=\"og:description\" content=\"Slovensk\u00e1 kanoistika&nbsp; ocenila svojich naj\u00faspe\u0161nej\u0161\u00edch \u0161portovcov&nbsp; na Vyhl\u00e1sen\u00ed kanoistu roka 2021 v Slovenskom olympijskom a \u0161portovom m\u00fazeu v Bratislave. Medzi ocenen\u00fdmi boli aj reprezentanti kom\u00e1r\u0148anskej r\u00fdchlostnej kanoistiky, ktor\u00ed z\u00edskali ocenenia za v\u00fdsledky v roku 2021. \u0160PORTOVEC ROKA \u2013 R\u00ddCHLOSTN\u00c1 KANOISTIKA:&nbsp; &nbsp; Erik&nbsp; V L \u010c E K&nbsp; kajak\u00e1r, odchovanec kom\u00e1r\u0148anskej r\u00fdchlostnej kanoistiky, \u010dlen \u0160portov\u00e9ho centra [&hellip;]\" \/>\n<meta property=\"og:url\" content=\"https:\/\/kajakkomarno.sk\/novinky\/kanoista-roka-2021\/\" \/>\n<meta property=\"og:site_name\" content=\"Kajak &amp; kanoe klub Kom\u00e1rno\" \/>\n<meta property=\"article:published_time\" content=\"2022-04-15T13:10:14+00:00\" \/>\n<meta property=\"article:modified_time\" content=\"2023-02-23T13:59:43+00:00\" \/>\n<meta property=\"og:image\" content=\"https:\/\/kajakkomarno.sk\/wp-content\/uploads\/2023\/02\/logo_kan_2021_image-1.png\" \/>\n\t<meta property=\"og:image:width\" content=\"270\" \/>\n\t<meta property=\"og:image:height\" content=\"141\" \/>\n\t<meta property=\"og:image:type\" content=\"image\/png\" \/>\n<meta name=\"author\" content=\"22media\" \/>\n<meta name=\"twitter:card\" content=\"summary_large_image\" \/>\n<meta name=\"twitter:label1\" content=\"Szerz\u0151:\" \/>\n\t<meta name=\"twitter:data1\" content=\"22media\" \/>\n\t<meta name=\"twitter:label2\" content=\"Becs\u00fclt olvas\u00e1si id\u0151\" \/>\n\t<meta name=\"twitter:data2\" content=\"3 perc\" \/>\n<script type=\"application\/ld+json\" class=\"yoast-schema-graph\">{\"@context\":\"https:\/\/schema.org\",\"@graph\":[{\"@type\":\"Article\",\"@id\":\"https:\/\/kajakkomarno.sk\/novinky\/kanoista-roka-2021\/#article\",\"isPartOf\":{\"@id\":\"https:\/\/kajakkomarno.sk\/novinky\/kanoista-roka-2021\/\"},\"author\":{\"name\":\"22media\",\"@id\":\"https:\/\/kajakkomarno.sk\/#\/schema\/person\/4e92804dad721346fd0d44b352a30cda\"},\"headline\":\"KANOISTA ROKA 2021\",\"datePublished\":\"2022-04-15T13:10:14+00:00\",\"dateModified\":\"2023-02-23T13:59:43+00:00\",\"mainEntityOfPage\":{\"@id\":\"https:\/\/kajakkomarno.sk\/novinky\/kanoista-roka-2021\/\"},\"wordCount\":411,\"commentCount\":0,\"publisher\":{\"@id\":\"https:\/\/kajakkomarno.sk\/#organization\"},\"image\":{\"@id\":\"https:\/\/kajakkomarno.sk\/novinky\/kanoista-roka-2021\/#primaryimage\"},\"thumbnailUrl\":\"https:\/\/kajakkomarno.sk\/wp-content\/uploads\/2023\/02\/logo_kan_2021_image-1.png\",\"articleSection\":[\"Novinky\"],\"inLanguage\":\"hu\",\"potentialAction\":[{\"@type\":\"CommentAction\",\"name\":\"Comment\",\"target\":[\"https:\/\/kajakkomarno.sk\/novinky\/kanoista-roka-2021\/#respond\"]}]},{\"@type\":\"WebPage\",\"@id\":\"https:\/\/kajakkomarno.sk\/novinky\/kanoista-roka-2021\/\",\"url\":\"https:\/\/kajakkomarno.sk\/novinky\/kanoista-roka-2021\/\",\"name\":\"KANOISTA ROKA 2021 - Kajak &amp; kanoe klub Kom\u00e1rno\",\"isPartOf\":{\"@id\":\"https:\/\/kajakkomarno.sk\/#website\"},\"primaryImageOfPage\":{\"@id\":\"https:\/\/kajakkomarno.sk\/novinky\/kanoista-roka-2021\/#primaryimage\"},\"image\":{\"@id\":\"https:\/\/kajakkomarno.sk\/novinky\/kanoista-roka-2021\/#primaryimage\"},\"thumbnailUrl\":\"https:\/\/kajakkomarno.sk\/wp-content\/uploads\/2023\/02\/logo_kan_2021_image-1.png\",\"datePublished\":\"2022-04-15T13:10:14+00:00\",\"dateModified\":\"2023-02-23T13:59:43+00:00\",\"breadcrumb\":{\"@id\":\"https:\/\/kajakkomarno.sk\/novinky\/kanoista-roka-2021\/#breadcrumb\"},\"inLanguage\":\"hu\",\"potentialAction\":[{\"@type\":\"ReadAction\",\"target\":[\"https:\/\/kajakkomarno.sk\/novinky\/kanoista-roka-2021\/\"]}]},{\"@type\":\"ImageObject\",\"inLanguage\":\"hu\",\"@id\":\"https:\/\/kajakkomarno.sk\/novinky\/kanoista-roka-2021\/#primaryimage\",\"url\":\"https:\/\/kajakkomarno.sk\/wp-content\/uploads\/2023\/02\/logo_kan_2021_image-1.png\",\"contentUrl\":\"https:\/\/kajakkomarno.sk\/wp-content\/uploads\/2023\/02\/logo_kan_2021_image-1.png\",\"width\":270,\"height\":141},{\"@type\":\"BreadcrumbList\",\"@id\":\"https:\/\/kajakkomarno.sk\/novinky\/kanoista-roka-2021\/#breadcrumb\",\"itemListElement\":[{\"@type\":\"ListItem\",\"position\":1,\"name\":\"Domov\",\"item\":\"https:\/\/kajakkomarno.sk\/hu\/fooldal\/\"},{\"@type\":\"ListItem\",\"position\":2,\"name\":\"Novinky\",\"item\":\"https:\/\/kajakkomarno.sk\/category\/novinky\/\"},{\"@type\":\"ListItem\",\"position\":3,\"name\":\"KANOISTA ROKA 2021\"}]},{\"@type\":\"WebSite\",\"@id\":\"https:\/\/kajakkomarno.sk\/#website\",\"url\":\"https:\/\/kajakkomarno.sk\/\",\"name\":\"Kajak &amp; kanoe klub Kom\u00e1rno\",\"description\":\"\",\"publisher\":{\"@id\":\"https:\/\/kajakkomarno.sk\/#organization\"},\"potentialAction\":[{\"@type\":\"SearchAction\",\"target\":{\"@type\":\"EntryPoint\",\"urlTemplate\":\"https:\/\/kajakkomarno.sk\/?s={search_term_string}\"},\"query-input\":{\"@type\":\"PropertyValueSpecification\",\"valueRequired\":true,\"valueName\":\"search_term_string\"}}],\"inLanguage\":\"hu\"},{\"@type\":\"Organization\",\"@id\":\"https:\/\/kajakkomarno.sk\/#organization\",\"name\":\"Kajak &amp; kanoe klub Kom\u00e1rno\",\"url\":\"https:\/\/kajakkomarno.sk\/\",\"logo\":{\"@type\":\"ImageObject\",\"inLanguage\":\"hu\",\"@id\":\"https:\/\/kajakkomarno.sk\/#\/schema\/logo\/image\/\",\"url\":\"https:\/\/kajakkomarno.sk\/wp-content\/uploads\/2022\/12\/kajak-kanoe-klub-komarno-optimized-opt.svg\",\"contentUrl\":\"https:\/\/kajakkomarno.sk\/wp-content\/uploads\/2022\/12\/kajak-kanoe-klub-komarno-optimized-opt.svg\",\"width\":307,\"height\":66,\"caption\":\"Kajak &amp; kanoe klub Kom\u00e1rno\"},\"image\":{\"@id\":\"https:\/\/kajakkomarno.sk\/#\/schema\/logo\/image\/\"}},{\"@type\":\"Person\",\"@id\":\"https:\/\/kajakkomarno.sk\/#\/schema\/person\/4e92804dad721346fd0d44b352a30cda\",\"name\":\"22media\",\"image\":{\"@type\":\"ImageObject\",\"inLanguage\":\"hu\",\"@id\":\"https:\/\/kajakkomarno.sk\/#\/schema\/person\/image\/\",\"url\":\"https:\/\/secure.gravatar.com\/avatar\/571bd97cd2f803bbffe6b5dc778f411cdc2d79d2c3c26bf2d4ca31723fb79fc2?s=96&d=mm&r=g\",\"contentUrl\":\"https:\/\/secure.gravatar.com\/avatar\/571bd97cd2f803bbffe6b5dc778f411cdc2d79d2c3c26bf2d4ca31723fb79fc2?s=96&d=mm&r=g\",\"caption\":\"22media\"},\"url\":\"https:\/\/kajakkomarno.sk\/hu\/author\/22media\/\"}]}<\/script>\n<!-- \/ Yoast SEO plugin. -->","yoast_head_json":{"title":"KANOISTA ROKA 2021 - Kajak &amp; kanoe klub Kom\u00e1rno","robots":{"index":"index","follow":"follow","max-snippet":"max-snippet:-1","max-image-preview":"max-image-preview:large","max-video-preview":"max-video-preview:-1"},"canonical":"https:\/\/kajakkomarno.sk\/novinky\/kanoista-roka-2021\/","og_locale":"hu_HU","og_type":"article","og_title":"KANOISTA ROKA 2021 - Kajak &amp; kanoe klub Kom\u00e1rno","og_description":"Slovensk\u00e1 kanoistika&nbsp; ocenila svojich naj\u00faspe\u0161nej\u0161\u00edch \u0161portovcov&nbsp; na Vyhl\u00e1sen\u00ed kanoistu roka 2021 v Slovenskom olympijskom a \u0161portovom m\u00fazeu v Bratislave. Medzi ocenen\u00fdmi boli aj reprezentanti kom\u00e1r\u0148anskej r\u00fdchlostnej kanoistiky, ktor\u00ed z\u00edskali ocenenia za v\u00fdsledky v roku 2021. \u0160PORTOVEC ROKA \u2013 R\u00ddCHLOSTN\u00c1 KANOISTIKA:&nbsp; &nbsp; Erik&nbsp; V L \u010c E K&nbsp; kajak\u00e1r, odchovanec kom\u00e1r\u0148anskej r\u00fdchlostnej kanoistiky, \u010dlen \u0160portov\u00e9ho centra [&hellip;]","og_url":"https:\/\/kajakkomarno.sk\/novinky\/kanoista-roka-2021\/","og_site_name":"Kajak &amp; kanoe klub Kom\u00e1rno","article_published_time":"2022-04-15T13:10:14+00:00","article_modified_time":"2023-02-23T13:59:43+00:00","og_image":[{"width":270,"height":141,"url":"https:\/\/kajakkomarno.sk\/wp-content\/uploads\/2023\/02\/logo_kan_2021_image-1.png","type":"image\/png"}],"author":"22media","twitter_card":"summary_large_image","twitter_misc":{"Szerz\u0151:":"22media","Becs\u00fclt olvas\u00e1si id\u0151":"3 perc"},"schema":{"@context":"https:\/\/schema.org","@graph":[{"@type":"Article","@id":"https:\/\/kajakkomarno.sk\/novinky\/kanoista-roka-2021\/#article","isPartOf":{"@id":"https:\/\/kajakkomarno.sk\/novinky\/kanoista-roka-2021\/"},"author":{"name":"22media","@id":"https:\/\/kajakkomarno.sk\/#\/schema\/person\/4e92804dad721346fd0d44b352a30cda"},"headline":"KANOISTA ROKA 2021","datePublished":"2022-04-15T13:10:14+00:00","dateModified":"2023-02-23T13:59:43+00:00","mainEntityOfPage":{"@id":"https:\/\/kajakkomarno.sk\/novinky\/kanoista-roka-2021\/"},"wordCount":411,"commentCount":0,"publisher":{"@id":"https:\/\/kajakkomarno.sk\/#organization"},"image":{"@id":"https:\/\/kajakkomarno.sk\/novinky\/kanoista-roka-2021\/#primaryimage"},"thumbnailUrl":"https:\/\/kajakkomarno.sk\/wp-content\/uploads\/2023\/02\/logo_kan_2021_image-1.png","articleSection":["Novinky"],"inLanguage":"hu","potentialAction":[{"@type":"CommentAction","name":"Comment","target":["https:\/\/kajakkomarno.sk\/novinky\/kanoista-roka-2021\/#respond"]}]},{"@type":"WebPage","@id":"https:\/\/kajakkomarno.sk\/novinky\/kanoista-roka-2021\/","url":"https:\/\/kajakkomarno.sk\/novinky\/kanoista-roka-2021\/","name":"KANOISTA ROKA 2021 - Kajak &amp; kanoe klub Kom\u00e1rno","isPartOf":{"@id":"https:\/\/kajakkomarno.sk\/#website"},"primaryImageOfPage":{"@id":"https:\/\/kajakkomarno.sk\/novinky\/kanoista-roka-2021\/#primaryimage"},"image":{"@id":"https:\/\/kajakkomarno.sk\/novinky\/kanoista-roka-2021\/#primaryimage"},"thumbnailUrl":"https:\/\/kajakkomarno.sk\/wp-content\/uploads\/2023\/02\/logo_kan_2021_image-1.png","datePublished":"2022-04-15T13:10:14+00:00","dateModified":"2023-02-23T13:59:43+00:00","breadcrumb":{"@id":"https:\/\/kajakkomarno.sk\/novinky\/kanoista-roka-2021\/#breadcrumb"},"inLanguage":"hu","potentialAction":[{"@type":"ReadAction","target":["https:\/\/kajakkomarno.sk\/novinky\/kanoista-roka-2021\/"]}]},{"@type":"ImageObject","inLanguage":"hu","@id":"https:\/\/kajakkomarno.sk\/novinky\/kanoista-roka-2021\/#primaryimage","url":"https:\/\/kajakkomarno.sk\/wp-content\/uploads\/2023\/02\/logo_kan_2021_image-1.png","contentUrl":"https:\/\/kajakkomarno.sk\/wp-content\/uploads\/2023\/02\/logo_kan_2021_image-1.png","width":270,"height":141},{"@type":"BreadcrumbList","@id":"https:\/\/kajakkomarno.sk\/novinky\/kanoista-roka-2021\/#breadcrumb","itemListElement":[{"@type":"ListItem","position":1,"name":"Domov","item":"https:\/\/kajakkomarno.sk\/hu\/fooldal\/"},{"@type":"ListItem","position":2,"name":"Novinky","item":"https:\/\/kajakkomarno.sk\/category\/novinky\/"},{"@type":"ListItem","position":3,"name":"KANOISTA ROKA 2021"}]},{"@type":"WebSite","@id":"https:\/\/kajakkomarno.sk\/#website","url":"https:\/\/kajakkomarno.sk\/","name":"Kajak &amp; kanoe klub Kom\u00e1rno","description":"","publisher":{"@id":"https:\/\/kajakkomarno.sk\/#organization"},"potentialAction":[{"@type":"SearchAction","target":{"@type":"EntryPoint","urlTemplate":"https:\/\/kajakkomarno.sk\/?s={search_term_string}"},"query-input":{"@type":"PropertyValueSpecification","valueRequired":true,"valueName":"search_term_string"}}],"inLanguage":"hu"},{"@type":"Organization","@id":"https:\/\/kajakkomarno.sk\/#organization","name":"Kajak &amp; kanoe klub Kom\u00e1rno","url":"https:\/\/kajakkomarno.sk\/","logo":{"@type":"ImageObject","inLanguage":"hu","@id":"https:\/\/kajakkomarno.sk\/#\/schema\/logo\/image\/","url":"https:\/\/kajakkomarno.sk\/wp-content\/uploads\/2022\/12\/kajak-kanoe-klub-komarno-optimized-opt.svg","contentUrl":"https:\/\/kajakkomarno.sk\/wp-content\/uploads\/2022\/12\/kajak-kanoe-klub-komarno-optimized-opt.svg","width":307,"height":66,"caption":"Kajak &amp; kanoe klub Kom\u00e1rno"},"image":{"@id":"https:\/\/kajakkomarno.sk\/#\/schema\/logo\/image\/"}},{"@type":"Person","@id":"https:\/\/kajakkomarno.sk\/#\/schema\/person\/4e92804dad721346fd0d44b352a30cda","name":"22media","image":{"@type":"ImageObject","inLanguage":"hu","@id":"https:\/\/kajakkomarno.sk\/#\/schema\/person\/image\/","url":"https:\/\/secure.gravatar.com\/avatar\/571bd97cd2f803bbffe6b5dc778f411cdc2d79d2c3c26bf2d4ca31723fb79fc2?s=96&d=mm&r=g","contentUrl":"https:\/\/secure.gravatar.com\/avatar\/571bd97cd2f803bbffe6b5dc778f411cdc2d79d2c3c26bf2d4ca31723fb79fc2?s=96&d=mm&r=g","caption":"22media"},"url":"https:\/\/kajakkomarno.sk\/hu\/author\/22media\/"}]}},"_links":{"self":[{"href":"https:\/\/kajakkomarno.sk\/hu\/wp-json\/wp\/v2\/posts\/3031","targetHints":{"allow":["GET"]}}],"collection":[{"href":"https:\/\/kajakkomarno.sk\/hu\/wp-json\/wp\/v2\/posts"}],"about":[{"href":"https:\/\/kajakkomarno.sk\/hu\/wp-json\/wp\/v2\/types\/post"}],"author":[{"embeddable":true,"href":"https:\/\/kajakkomarno.sk\/hu\/wp-json\/wp\/v2\/users\/1"}],"replies":[{"embeddable":true,"href":"https:\/\/kajakkomarno.sk\/hu\/wp-json\/wp\/v2\/comments?post=3031"}],"version-history":[{"count":0,"href":"https:\/\/kajakkomarno.sk\/hu\/wp-json\/wp\/v2\/posts\/3031\/revisions"}],"wp:featuredmedia":[{"embeddable":true,"href":"https:\/\/kajakkomarno.sk\/hu\/wp-json\/wp\/v2\/media\/3034"}],"wp:attachment":[{"href":"https:\/\/kajakkomarno.sk\/hu\/wp-json\/wp\/v2\/media?parent=3031"}],"wp:term":[{"taxonomy":"category","embeddable":true,"href":"https:\/\/kajakkomarno.sk\/hu\/wp-json\/wp\/v2\/categories?post=3031"},{"taxonomy":"post_tag","embeddable":true,"href":"https:\/\/kajakkomarno.sk\/hu\/wp-json\/wp\/v2\/tags?post=3031"}],"curies":[{"name":"wp","href":"https:\/\/api.w.org\/{rel}","templated":true}]}}