{"id":2953,"date":"2022-06-06T14:59:54","date_gmt":"2022-06-06T12:59:54","guid":{"rendered":"https:\/\/kajak.22projects.sk\/?p=2953"},"modified":"2023-02-23T15:03:36","modified_gmt":"2023-02-23T14:03:36","slug":"mladeznici-na-pretekoch-v-raciciach","status":"publish","type":"post","link":"https:\/\/kajakkomarno.sk\/hu\/novinky\/mladeznici-na-pretekoch-v-raciciach\/","title":{"rendered":"ML\u00c1DE\u017dN\u00cdCI NA PRETEKOCH V RA\u010cICIACH"},"content":{"rendered":"\n<figure class=\"wp-block-image size-full is-resized\"><img fetchpriority=\"high\" decoding=\"async\" src=\"https:\/\/kajak.22projects.sk\/wp-content\/uploads\/2023\/02\/racice_cp_2022_x_n-1.jpg\" alt=\"\" class=\"wp-image-2958\" width=\"526\" height=\"395\"\/><\/figure>\n\n\n\n<p>V d\u0148och 3. a\u017e 5. j\u00fana 2022 sa v Ra\u010diciach&nbsp; uskuto\u010dnili preteky v r\u00fdchlostnej kanoistike-&nbsp;<strong>\u010cesk\u00fd poh\u00e1r ml\u00e1de\u017ee<\/strong>.<br>Tohoto poujatia sa z\u00fa\u010dastnil Slovensk\u00fd ml\u00e1de\u017en\u00edcky t\u00edm, vo v\u00fdbere ktor\u00e9ho bolo aj&nbsp; 7 pretek\u00e1rov Kajak &amp; kanoe klubu Kom\u00e1rno.<\/p>\n\n\n\n<p><strong>V Ra\u010diciach n\u00e1s reprezentovali: Diana Markovi\u010dov\u00e1, Michaela Zrnekov\u00e1,&nbsp; Samuel Dem\u00e1\u010dek, Matej Lopata a Michal T\u00f3th.<\/strong><\/p>\n\n\n\n<p><strong>V priebehu troch n\u00e1ro\u010dn\u00fdch dn\u00ed absolvovali preteky na 500, 200 a 1000 m trati a vybojovali celkom:<\/strong><\/p>\n\n\n\n<p><strong>2 prv\u00e9 miesta, 2 druh\u00e9 miesta a 2 tretie miesta.<\/strong><\/p>\n\n\n\n<p><strong>Vynikaj\u00faci \u00faspech dosiahla 13 ro\u010dn\u00e1 kajak\u00e1rka Diana Markovi\u010dov\u00e1, ktor\u00e1 zv\u00ed\u0165azila&nbsp; K1&nbsp; na 500 m a v K1 na 200 m a spolo\u010dne s Michaelou Zrnekovou obsadili 2.miesto v K2 na 500 m.&nbsp;<\/strong><\/p>\n\n\n\n<p><strong>Aj na\u0161i chlapci zabojovali a v po\u010detnej konkurencii 14 ro\u010dn\u00fdch kajak\u00e1rov obsadili v K2 na 500 m jedno druh\u00e9 a jedno tretie miesto a v K1 na 1000 m obsadil Michal T\u00f3tth ve\u013emi pekn\u00e9 3.miesto.&nbsp;<br><\/strong><strong><br>S\u00daHRN V\u00ddSLEDKOV PRETEK\u00c1ROV KAJAK &amp; KANOE KLUBU KOM\u00c1RNO<\/strong><\/p>\n\n\n\n<p><em><strong>K2 \u017eiaci 13 a 14 ro\u010dn\u00ed 500 m<\/strong><\/em><\/p>\n\n\n\n<p><strong>Michal T\u00f3th- Matej Lopata<\/strong>&nbsp;&#8211; Rozjazda- 1.miesto, Semifin\u00e1le- 1.miesto,&nbsp;<strong>FIN\u00c1LE- 2. miesto<\/strong><\/p>\n\n\n\n<p><strong>Samuel Dem\u00e1\u010dek- Juraj Bartol\u010di\u010d<\/strong>&#8211; Rozjazda- 1.miesto, Semifin\u00e1le- 2.miesto,&nbsp;<strong>FIN\u00c1LE- 3. miesto<\/strong><\/p>\n\n\n\n<p><strong><em>K1 \u017eiaci 14 ro\u010dn\u00ed 500 m<\/em><\/strong><\/p>\n\n\n\n<p><strong>Michal T\u00f3th-<\/strong>&nbsp;Rozjazda- 1.miesto, Semifin\u00e1le- 2.miesto,&nbsp;<strong>FIN\u00c1LE- 8. miesto<\/strong><\/p>\n\n\n\n<p><strong>Matej Lopata<\/strong>&nbsp;&#8211; Rozjazda- 2.miesto, Semifin\u00e1le- 3.miesto,&nbsp;<strong>FIN\u00c1LE- 9. miesto<\/strong><\/p>\n\n\n\n<p><strong>Samuel Dem\u00e1\u010dek<\/strong>&nbsp;&#8211; Rozjazda- 3.miesto, Semifin\u00e1le- 5.miesto,&nbsp;<strong>FIN\u00c1LE B- 8. miesto, kone\u010dn\u00e9 17.miesto<\/strong><\/p>\n\n\n\n<p><em><strong>K1 \u017eiaci 14 ro\u010dn\u00ed 1000 m<\/strong><\/em><\/p>\n\n\n\n<p><strong>Michal T\u00f3th<\/strong>&#8211; Rozjazda- 1.miesto, Semifin\u00e1le- 1.miesto,&nbsp;<strong>FIN\u00c1LE- 3. miesto<\/strong><\/p>\n\n\n\n<p><strong>Matej Lopata<\/strong>&nbsp;&#8211; Rozjazda- 1.miesto, Semifin\u00e1le- 4.miesto,&nbsp;<strong>FIN\u00c1LE B- 1. miesto, kone\u010dn\u00e9 10.miesto<\/strong><\/p>\n\n\n\n<p><strong>Samuel Dem\u00e1\u010dek<\/strong>\u2013 Rozjazda- 2 .miesto, Semifin\u00e1le- 4.miesto,&nbsp;<strong>FIN\u00c1LE B- 2. miesto, kone\u010dn\u00e9 11.miesto<\/strong><\/p>\n\n\n\n<p><em><strong>K1 \u017eia\u010dky 14 ro\u010dn\u00e9 500 m<\/strong><\/em><\/p>\n\n\n\n<p><strong>Michaela Zrnekov\u00e1<\/strong>&#8211; Rozjazda- 4.miesto, Semifin\u00e1le- 1.miesto,&nbsp;<strong>FIN\u00c1LE- 7. miesto<\/strong><\/p>\n\n\n\n<p><em><strong>K1 13 ro\u010dn\u00e9 \u017eia\u010dky 500 m<\/strong><\/em><\/p>\n\n\n\n<p><strong>Diana Markovi\u010dov\u00e1<\/strong>&#8211; Rozjazda- 1.miesto,&nbsp;<strong>FIN\u00c1LE- 1. miesto<\/strong><\/p>\n\n\n\n<p><em><strong>K2 \u017eia\u010dky 13 a 14 ro\u010dn\u00e9 500 m<\/strong><\/em><\/p>\n\n\n\n<p><strong>Michaela Zrnekov\u00e1-&nbsp; Diana Markovi\u010dov\u00e1<\/strong>&nbsp;&#8211; Rozjazda- 1.miesto,&nbsp;<strong>FIN\u00c1LE- 2. miesto<\/strong><\/p>\n\n\n\n<p><em><strong>K1 \u017eia\u010dky 14 ro\u010dn\u00e9 200 m<\/strong><\/em><\/p>\n\n\n\n<p><strong>Michaela Zrnekov\u00e1-<\/strong>&nbsp;Rozjazda- 2.miesto, Semifin\u00e1le- 6.miesto,&nbsp;<strong>FIN\u00c1LE B- 9. miesto, kone\u010dn\u00e9 18.miesto<\/strong><\/p>\n\n\n\n<p><em><strong>K1 \u017eia\u010dky 13 ro\u010dn\u00e9 200m<\/strong><\/em><\/p>\n\n\n\n<p><strong>Diana Markovi\u010dov\u00e1-<\/strong>\u00a0Rozjazda- 1.miesto, Semifin\u00e1le- 1.miesto ,<strong>\u00a0FIN\u00c1LE- 1. miesto<\/strong><\/p>\n\n\n\n<figure class=\"wp-block-image size-full\"><img decoding=\"async\" width=\"720\" height=\"960\" src=\"https:\/\/kajak.22projects.sk\/wp-content\/uploads\/2023\/02\/racice-cp-2022_n.jpg\" alt=\"\" class=\"wp-image-2956\" srcset=\"https:\/\/kajakkomarno.sk\/wp-content\/uploads\/2023\/02\/racice-cp-2022_n.jpg 720w, https:\/\/kajakkomarno.sk\/wp-content\/uploads\/2023\/02\/racice-cp-2022_n-338x450.jpg 338w\" sizes=\"(max-width: 720px) 100vw, 720px\" \/><figcaption class=\"wp-element-caption\"><strong>Diana Markovi\u010dov\u00e1, 13 ro\u010dn\u00e1 kajak\u00e1rka, v Ra\u010diciach zv\u00ed\u0165azila v K1 500 m a v K1 200 m<\/strong><\/figcaption><\/figure>\n\n\n\n<p><\/p>\n\n\n\n<p><\/p>\n","protected":false},"excerpt":{"rendered":"<p>V d\u0148och 3. a\u017e 5. j\u00fana 2022 sa v Ra\u010diciach&nbsp; uskuto\u010dnili preteky v r\u00fdchlostnej kanoistike-&nbsp;\u010cesk\u00fd poh\u00e1r ml\u00e1de\u017ee.Tohoto poujatia sa z\u00fa\u010dastnil Slovensk\u00fd ml\u00e1de\u017en\u00edcky t\u00edm, vo v\u00fdbere ktor\u00e9ho bolo aj&nbsp; 7 pretek\u00e1rov Kajak &amp; kanoe klubu Kom\u00e1rno. V Ra\u010diciach n\u00e1s reprezentovali: Diana Markovi\u010dov\u00e1, Michaela Zrnekov\u00e1,&nbsp; Samuel Dem\u00e1\u010dek, Matej Lopata a Michal T\u00f3th. V priebehu troch n\u00e1ro\u010dn\u00fdch dn\u00ed [&hellip;]<\/p>\n","protected":false},"author":1,"featured_media":2954,"comment_status":"open","ping_status":"open","sticky":false,"template":"","format":"standard","meta":{"inline_featured_image":false,"footnotes":""},"categories":[1],"tags":[],"class_list":["post-2953","post","type-post","status-publish","format-standard","has-post-thumbnail","hentry","category-novinky"],"acf":[],"yoast_head":"<!-- This site is optimized with the Yoast SEO plugin v26.6 - https:\/\/yoast.com\/wordpress\/plugins\/seo\/ -->\n<title>ML\u00c1DE\u017dN\u00cdCI NA PRETEKOCH V RA\u010cICIACH - Kajak &amp; kanoe klub Kom\u00e1rno<\/title>\n<meta name=\"robots\" content=\"index, follow, max-snippet:-1, max-image-preview:large, max-video-preview:-1\" \/>\n<link rel=\"canonical\" href=\"https:\/\/kajakkomarno.sk\/novinky\/mladeznici-na-pretekoch-v-raciciach\/\" \/>\n<meta property=\"og:locale\" content=\"hu_HU\" \/>\n<meta property=\"og:type\" content=\"article\" \/>\n<meta property=\"og:title\" content=\"ML\u00c1DE\u017dN\u00cdCI NA PRETEKOCH V RA\u010cICIACH - Kajak &amp; kanoe klub Kom\u00e1rno\" \/>\n<meta property=\"og:description\" content=\"V d\u0148och 3. a\u017e 5. j\u00fana 2022 sa v Ra\u010diciach&nbsp; uskuto\u010dnili preteky v r\u00fdchlostnej kanoistike-&nbsp;\u010cesk\u00fd poh\u00e1r ml\u00e1de\u017ee.Tohoto poujatia sa z\u00fa\u010dastnil Slovensk\u00fd ml\u00e1de\u017en\u00edcky t\u00edm, vo v\u00fdbere ktor\u00e9ho bolo aj&nbsp; 7 pretek\u00e1rov Kajak &amp; kanoe klubu Kom\u00e1rno. V Ra\u010diciach n\u00e1s reprezentovali: Diana Markovi\u010dov\u00e1, Michaela Zrnekov\u00e1,&nbsp; Samuel Dem\u00e1\u010dek, Matej Lopata a Michal T\u00f3th. V priebehu troch n\u00e1ro\u010dn\u00fdch dn\u00ed [&hellip;]\" \/>\n<meta property=\"og:url\" content=\"https:\/\/kajakkomarno.sk\/novinky\/mladeznici-na-pretekoch-v-raciciach\/\" \/>\n<meta property=\"og:site_name\" content=\"Kajak &amp; kanoe klub Kom\u00e1rno\" \/>\n<meta property=\"article:published_time\" content=\"2022-06-06T12:59:54+00:00\" \/>\n<meta property=\"article:modified_time\" content=\"2023-02-23T14:03:36+00:00\" \/>\n<meta property=\"og:image\" content=\"https:\/\/kajakkomarno.sk\/wp-content\/uploads\/2023\/02\/racice_cp_2022_x_n.jpg\" \/>\n\t<meta property=\"og:image:width\" content=\"270\" \/>\n\t<meta property=\"og:image:height\" content=\"203\" \/>\n\t<meta property=\"og:image:type\" content=\"image\/jpeg\" \/>\n<meta name=\"author\" content=\"22media\" \/>\n<meta name=\"twitter:card\" content=\"summary_large_image\" \/>\n<meta name=\"twitter:label1\" content=\"Szerz\u0151:\" \/>\n\t<meta name=\"twitter:data1\" content=\"22media\" \/>\n\t<meta name=\"twitter:label2\" content=\"Becs\u00fclt olvas\u00e1si id\u0151\" \/>\n\t<meta name=\"twitter:data2\" content=\"3 perc\" \/>\n<script type=\"application\/ld+json\" class=\"yoast-schema-graph\">{\"@context\":\"https:\/\/schema.org\",\"@graph\":[{\"@type\":\"Article\",\"@id\":\"https:\/\/kajakkomarno.sk\/novinky\/mladeznici-na-pretekoch-v-raciciach\/#article\",\"isPartOf\":{\"@id\":\"https:\/\/kajakkomarno.sk\/novinky\/mladeznici-na-pretekoch-v-raciciach\/\"},\"author\":{\"name\":\"22media\",\"@id\":\"https:\/\/kajakkomarno.sk\/#\/schema\/person\/4e92804dad721346fd0d44b352a30cda\"},\"headline\":\"ML\u00c1DE\u017dN\u00cdCI NA PRETEKOCH V RA\u010cICIACH\",\"datePublished\":\"2022-06-06T12:59:54+00:00\",\"dateModified\":\"2023-02-23T14:03:36+00:00\",\"mainEntityOfPage\":{\"@id\":\"https:\/\/kajakkomarno.sk\/novinky\/mladeznici-na-pretekoch-v-raciciach\/\"},\"wordCount\":449,\"commentCount\":0,\"publisher\":{\"@id\":\"https:\/\/kajakkomarno.sk\/#organization\"},\"image\":{\"@id\":\"https:\/\/kajakkomarno.sk\/novinky\/mladeznici-na-pretekoch-v-raciciach\/#primaryimage\"},\"thumbnailUrl\":\"https:\/\/kajakkomarno.sk\/wp-content\/uploads\/2023\/02\/racice_cp_2022_x_n.jpg\",\"articleSection\":[\"Novinky\"],\"inLanguage\":\"hu\",\"potentialAction\":[{\"@type\":\"CommentAction\",\"name\":\"Comment\",\"target\":[\"https:\/\/kajakkomarno.sk\/novinky\/mladeznici-na-pretekoch-v-raciciach\/#respond\"]}]},{\"@type\":\"WebPage\",\"@id\":\"https:\/\/kajakkomarno.sk\/novinky\/mladeznici-na-pretekoch-v-raciciach\/\",\"url\":\"https:\/\/kajakkomarno.sk\/novinky\/mladeznici-na-pretekoch-v-raciciach\/\",\"name\":\"ML\u00c1DE\u017dN\u00cdCI NA PRETEKOCH V RA\u010cICIACH - Kajak &amp; kanoe klub Kom\u00e1rno\",\"isPartOf\":{\"@id\":\"https:\/\/kajakkomarno.sk\/#website\"},\"primaryImageOfPage\":{\"@id\":\"https:\/\/kajakkomarno.sk\/novinky\/mladeznici-na-pretekoch-v-raciciach\/#primaryimage\"},\"image\":{\"@id\":\"https:\/\/kajakkomarno.sk\/novinky\/mladeznici-na-pretekoch-v-raciciach\/#primaryimage\"},\"thumbnailUrl\":\"https:\/\/kajakkomarno.sk\/wp-content\/uploads\/2023\/02\/racice_cp_2022_x_n.jpg\",\"datePublished\":\"2022-06-06T12:59:54+00:00\",\"dateModified\":\"2023-02-23T14:03:36+00:00\",\"breadcrumb\":{\"@id\":\"https:\/\/kajakkomarno.sk\/novinky\/mladeznici-na-pretekoch-v-raciciach\/#breadcrumb\"},\"inLanguage\":\"hu\",\"potentialAction\":[{\"@type\":\"ReadAction\",\"target\":[\"https:\/\/kajakkomarno.sk\/novinky\/mladeznici-na-pretekoch-v-raciciach\/\"]}]},{\"@type\":\"ImageObject\",\"inLanguage\":\"hu\",\"@id\":\"https:\/\/kajakkomarno.sk\/novinky\/mladeznici-na-pretekoch-v-raciciach\/#primaryimage\",\"url\":\"https:\/\/kajakkomarno.sk\/wp-content\/uploads\/2023\/02\/racice_cp_2022_x_n.jpg\",\"contentUrl\":\"https:\/\/kajakkomarno.sk\/wp-content\/uploads\/2023\/02\/racice_cp_2022_x_n.jpg\",\"width\":270,\"height\":203},{\"@type\":\"BreadcrumbList\",\"@id\":\"https:\/\/kajakkomarno.sk\/novinky\/mladeznici-na-pretekoch-v-raciciach\/#breadcrumb\",\"itemListElement\":[{\"@type\":\"ListItem\",\"position\":1,\"name\":\"Domov\",\"item\":\"https:\/\/kajakkomarno.sk\/hu\/fooldal\/\"},{\"@type\":\"ListItem\",\"position\":2,\"name\":\"Novinky\",\"item\":\"https:\/\/kajakkomarno.sk\/category\/novinky\/\"},{\"@type\":\"ListItem\",\"position\":3,\"name\":\"ML\u00c1DE\u017dN\u00cdCI NA PRETEKOCH V RA\u010cICIACH\"}]},{\"@type\":\"WebSite\",\"@id\":\"https:\/\/kajakkomarno.sk\/#website\",\"url\":\"https:\/\/kajakkomarno.sk\/\",\"name\":\"Kajak &amp; kanoe klub Kom\u00e1rno\",\"description\":\"\",\"publisher\":{\"@id\":\"https:\/\/kajakkomarno.sk\/#organization\"},\"potentialAction\":[{\"@type\":\"SearchAction\",\"target\":{\"@type\":\"EntryPoint\",\"urlTemplate\":\"https:\/\/kajakkomarno.sk\/?s={search_term_string}\"},\"query-input\":{\"@type\":\"PropertyValueSpecification\",\"valueRequired\":true,\"valueName\":\"search_term_string\"}}],\"inLanguage\":\"hu\"},{\"@type\":\"Organization\",\"@id\":\"https:\/\/kajakkomarno.sk\/#organization\",\"name\":\"Kajak &amp; kanoe klub Kom\u00e1rno\",\"url\":\"https:\/\/kajakkomarno.sk\/\",\"logo\":{\"@type\":\"ImageObject\",\"inLanguage\":\"hu\",\"@id\":\"https:\/\/kajakkomarno.sk\/#\/schema\/logo\/image\/\",\"url\":\"https:\/\/kajakkomarno.sk\/wp-content\/uploads\/2022\/12\/kajak-kanoe-klub-komarno-optimized-opt.svg\",\"contentUrl\":\"https:\/\/kajakkomarno.sk\/wp-content\/uploads\/2022\/12\/kajak-kanoe-klub-komarno-optimized-opt.svg\",\"width\":307,\"height\":66,\"caption\":\"Kajak &amp; kanoe klub Kom\u00e1rno\"},\"image\":{\"@id\":\"https:\/\/kajakkomarno.sk\/#\/schema\/logo\/image\/\"}},{\"@type\":\"Person\",\"@id\":\"https:\/\/kajakkomarno.sk\/#\/schema\/person\/4e92804dad721346fd0d44b352a30cda\",\"name\":\"22media\",\"image\":{\"@type\":\"ImageObject\",\"inLanguage\":\"hu\",\"@id\":\"https:\/\/kajakkomarno.sk\/#\/schema\/person\/image\/\",\"url\":\"https:\/\/secure.gravatar.com\/avatar\/571bd97cd2f803bbffe6b5dc778f411cdc2d79d2c3c26bf2d4ca31723fb79fc2?s=96&d=mm&r=g\",\"contentUrl\":\"https:\/\/secure.gravatar.com\/avatar\/571bd97cd2f803bbffe6b5dc778f411cdc2d79d2c3c26bf2d4ca31723fb79fc2?s=96&d=mm&r=g\",\"caption\":\"22media\"},\"url\":\"https:\/\/kajakkomarno.sk\/hu\/author\/22media\/\"}]}<\/script>\n<!-- \/ Yoast SEO plugin. -->","yoast_head_json":{"title":"ML\u00c1DE\u017dN\u00cdCI NA PRETEKOCH V RA\u010cICIACH - Kajak &amp; kanoe klub Kom\u00e1rno","robots":{"index":"index","follow":"follow","max-snippet":"max-snippet:-1","max-image-preview":"max-image-preview:large","max-video-preview":"max-video-preview:-1"},"canonical":"https:\/\/kajakkomarno.sk\/novinky\/mladeznici-na-pretekoch-v-raciciach\/","og_locale":"hu_HU","og_type":"article","og_title":"ML\u00c1DE\u017dN\u00cdCI NA PRETEKOCH V RA\u010cICIACH - Kajak &amp; kanoe klub Kom\u00e1rno","og_description":"V d\u0148och 3. a\u017e 5. j\u00fana 2022 sa v Ra\u010diciach&nbsp; uskuto\u010dnili preteky v r\u00fdchlostnej kanoistike-&nbsp;\u010cesk\u00fd poh\u00e1r ml\u00e1de\u017ee.Tohoto poujatia sa z\u00fa\u010dastnil Slovensk\u00fd ml\u00e1de\u017en\u00edcky t\u00edm, vo v\u00fdbere ktor\u00e9ho bolo aj&nbsp; 7 pretek\u00e1rov Kajak &amp; kanoe klubu Kom\u00e1rno. V Ra\u010diciach n\u00e1s reprezentovali: Diana Markovi\u010dov\u00e1, Michaela Zrnekov\u00e1,&nbsp; Samuel Dem\u00e1\u010dek, Matej Lopata a Michal T\u00f3th. V priebehu troch n\u00e1ro\u010dn\u00fdch dn\u00ed [&hellip;]","og_url":"https:\/\/kajakkomarno.sk\/novinky\/mladeznici-na-pretekoch-v-raciciach\/","og_site_name":"Kajak &amp; kanoe klub Kom\u00e1rno","article_published_time":"2022-06-06T12:59:54+00:00","article_modified_time":"2023-02-23T14:03:36+00:00","og_image":[{"width":270,"height":203,"url":"https:\/\/kajakkomarno.sk\/wp-content\/uploads\/2023\/02\/racice_cp_2022_x_n.jpg","type":"image\/jpeg"}],"author":"22media","twitter_card":"summary_large_image","twitter_misc":{"Szerz\u0151:":"22media","Becs\u00fclt olvas\u00e1si id\u0151":"3 perc"},"schema":{"@context":"https:\/\/schema.org","@graph":[{"@type":"Article","@id":"https:\/\/kajakkomarno.sk\/novinky\/mladeznici-na-pretekoch-v-raciciach\/#article","isPartOf":{"@id":"https:\/\/kajakkomarno.sk\/novinky\/mladeznici-na-pretekoch-v-raciciach\/"},"author":{"name":"22media","@id":"https:\/\/kajakkomarno.sk\/#\/schema\/person\/4e92804dad721346fd0d44b352a30cda"},"headline":"ML\u00c1DE\u017dN\u00cdCI NA PRETEKOCH V RA\u010cICIACH","datePublished":"2022-06-06T12:59:54+00:00","dateModified":"2023-02-23T14:03:36+00:00","mainEntityOfPage":{"@id":"https:\/\/kajakkomarno.sk\/novinky\/mladeznici-na-pretekoch-v-raciciach\/"},"wordCount":449,"commentCount":0,"publisher":{"@id":"https:\/\/kajakkomarno.sk\/#organization"},"image":{"@id":"https:\/\/kajakkomarno.sk\/novinky\/mladeznici-na-pretekoch-v-raciciach\/#primaryimage"},"thumbnailUrl":"https:\/\/kajakkomarno.sk\/wp-content\/uploads\/2023\/02\/racice_cp_2022_x_n.jpg","articleSection":["Novinky"],"inLanguage":"hu","potentialAction":[{"@type":"CommentAction","name":"Comment","target":["https:\/\/kajakkomarno.sk\/novinky\/mladeznici-na-pretekoch-v-raciciach\/#respond"]}]},{"@type":"WebPage","@id":"https:\/\/kajakkomarno.sk\/novinky\/mladeznici-na-pretekoch-v-raciciach\/","url":"https:\/\/kajakkomarno.sk\/novinky\/mladeznici-na-pretekoch-v-raciciach\/","name":"ML\u00c1DE\u017dN\u00cdCI NA PRETEKOCH V RA\u010cICIACH - Kajak &amp; kanoe klub Kom\u00e1rno","isPartOf":{"@id":"https:\/\/kajakkomarno.sk\/#website"},"primaryImageOfPage":{"@id":"https:\/\/kajakkomarno.sk\/novinky\/mladeznici-na-pretekoch-v-raciciach\/#primaryimage"},"image":{"@id":"https:\/\/kajakkomarno.sk\/novinky\/mladeznici-na-pretekoch-v-raciciach\/#primaryimage"},"thumbnailUrl":"https:\/\/kajakkomarno.sk\/wp-content\/uploads\/2023\/02\/racice_cp_2022_x_n.jpg","datePublished":"2022-06-06T12:59:54+00:00","dateModified":"2023-02-23T14:03:36+00:00","breadcrumb":{"@id":"https:\/\/kajakkomarno.sk\/novinky\/mladeznici-na-pretekoch-v-raciciach\/#breadcrumb"},"inLanguage":"hu","potentialAction":[{"@type":"ReadAction","target":["https:\/\/kajakkomarno.sk\/novinky\/mladeznici-na-pretekoch-v-raciciach\/"]}]},{"@type":"ImageObject","inLanguage":"hu","@id":"https:\/\/kajakkomarno.sk\/novinky\/mladeznici-na-pretekoch-v-raciciach\/#primaryimage","url":"https:\/\/kajakkomarno.sk\/wp-content\/uploads\/2023\/02\/racice_cp_2022_x_n.jpg","contentUrl":"https:\/\/kajakkomarno.sk\/wp-content\/uploads\/2023\/02\/racice_cp_2022_x_n.jpg","width":270,"height":203},{"@type":"BreadcrumbList","@id":"https:\/\/kajakkomarno.sk\/novinky\/mladeznici-na-pretekoch-v-raciciach\/#breadcrumb","itemListElement":[{"@type":"ListItem","position":1,"name":"Domov","item":"https:\/\/kajakkomarno.sk\/hu\/fooldal\/"},{"@type":"ListItem","position":2,"name":"Novinky","item":"https:\/\/kajakkomarno.sk\/category\/novinky\/"},{"@type":"ListItem","position":3,"name":"ML\u00c1DE\u017dN\u00cdCI NA PRETEKOCH V RA\u010cICIACH"}]},{"@type":"WebSite","@id":"https:\/\/kajakkomarno.sk\/#website","url":"https:\/\/kajakkomarno.sk\/","name":"Kajak &amp; kanoe klub Kom\u00e1rno","description":"","publisher":{"@id":"https:\/\/kajakkomarno.sk\/#organization"},"potentialAction":[{"@type":"SearchAction","target":{"@type":"EntryPoint","urlTemplate":"https:\/\/kajakkomarno.sk\/?s={search_term_string}"},"query-input":{"@type":"PropertyValueSpecification","valueRequired":true,"valueName":"search_term_string"}}],"inLanguage":"hu"},{"@type":"Organization","@id":"https:\/\/kajakkomarno.sk\/#organization","name":"Kajak &amp; kanoe klub Kom\u00e1rno","url":"https:\/\/kajakkomarno.sk\/","logo":{"@type":"ImageObject","inLanguage":"hu","@id":"https:\/\/kajakkomarno.sk\/#\/schema\/logo\/image\/","url":"https:\/\/kajakkomarno.sk\/wp-content\/uploads\/2022\/12\/kajak-kanoe-klub-komarno-optimized-opt.svg","contentUrl":"https:\/\/kajakkomarno.sk\/wp-content\/uploads\/2022\/12\/kajak-kanoe-klub-komarno-optimized-opt.svg","width":307,"height":66,"caption":"Kajak &amp; kanoe klub Kom\u00e1rno"},"image":{"@id":"https:\/\/kajakkomarno.sk\/#\/schema\/logo\/image\/"}},{"@type":"Person","@id":"https:\/\/kajakkomarno.sk\/#\/schema\/person\/4e92804dad721346fd0d44b352a30cda","name":"22media","image":{"@type":"ImageObject","inLanguage":"hu","@id":"https:\/\/kajakkomarno.sk\/#\/schema\/person\/image\/","url":"https:\/\/secure.gravatar.com\/avatar\/571bd97cd2f803bbffe6b5dc778f411cdc2d79d2c3c26bf2d4ca31723fb79fc2?s=96&d=mm&r=g","contentUrl":"https:\/\/secure.gravatar.com\/avatar\/571bd97cd2f803bbffe6b5dc778f411cdc2d79d2c3c26bf2d4ca31723fb79fc2?s=96&d=mm&r=g","caption":"22media"},"url":"https:\/\/kajakkomarno.sk\/hu\/author\/22media\/"}]}},"_links":{"self":[{"href":"https:\/\/kajakkomarno.sk\/hu\/wp-json\/wp\/v2\/posts\/2953","targetHints":{"allow":["GET"]}}],"collection":[{"href":"https:\/\/kajakkomarno.sk\/hu\/wp-json\/wp\/v2\/posts"}],"about":[{"href":"https:\/\/kajakkomarno.sk\/hu\/wp-json\/wp\/v2\/types\/post"}],"author":[{"embeddable":true,"href":"https:\/\/kajakkomarno.sk\/hu\/wp-json\/wp\/v2\/users\/1"}],"replies":[{"embeddable":true,"href":"https:\/\/kajakkomarno.sk\/hu\/wp-json\/wp\/v2\/comments?post=2953"}],"version-history":[{"count":0,"href":"https:\/\/kajakkomarno.sk\/hu\/wp-json\/wp\/v2\/posts\/2953\/revisions"}],"wp:featuredmedia":[{"embeddable":true,"href":"https:\/\/kajakkomarno.sk\/hu\/wp-json\/wp\/v2\/media\/2954"}],"wp:attachment":[{"href":"https:\/\/kajakkomarno.sk\/hu\/wp-json\/wp\/v2\/media?parent=2953"}],"wp:term":[{"taxonomy":"category","embeddable":true,"href":"https:\/\/kajakkomarno.sk\/hu\/wp-json\/wp\/v2\/categories?post=2953"},{"taxonomy":"post_tag","embeddable":true,"href":"https:\/\/kajakkomarno.sk\/hu\/wp-json\/wp\/v2\/tags?post=2953"}],"curies":[{"name":"wp","href":"https:\/\/api.w.org\/{rel}","templated":true}]}}