{"id":2824,"date":"2022-06-27T14:42:54","date_gmt":"2022-06-27T12:42:54","guid":{"rendered":"https:\/\/kajak.22projects.sk\/?p=2824"},"modified":"2023-02-23T15:07:19","modified_gmt":"2023-02-23T14:07:19","slug":"64-rocnik-trencianskej-regaty","status":"publish","type":"post","link":"https:\/\/kajakkomarno.sk\/hu\/novinky\/64-rocnik-trencianskej-regaty\/","title":{"rendered":"64.RO\u010cN\u00cdK TREN\u010cIANSKEJ REGATY"},"content":{"rendered":"\n<p>V d\u0148och 25.06.2022 a 26.06.2022 bol program pretekov v r\u00fdchlostnej kanoistike nabit\u00fd. Pokia\u013e v Belehrade na Majstrovstv\u00e1ch Eur\u00f3py juniorov a pretek\u00e1rov do 23 rokov prebiehali fin\u00e1lov\u00e9 jazdy&nbsp; za \u00fa\u010dasti na\u0161ich pretek\u00e1rov, v Tren\u010d\u00edne pokra\u010dovali dom\u00e1ce preteky na 64. ro\u010dn\u00edku Tren\u010dianskej regaty.&nbsp;&nbsp;<\/p>\n\n\n\n<p>\u00da\u010das\u0165 bola&nbsp; bohat\u00e1, 28 oddielov zo Slovenska a z \u010ciech, viac ako 500 pretek\u00e1rov, medzi ktor\u00fdmi bolo 58 pretek\u00e1rov z Kajak &amp; kanoe klubu Kom\u00e1rno.&nbsp;<\/p>\n\n\n\n<p>V sobotu sa uskuto\u010dnili preteky na 200 a 2000 m tratiach, nede\u013ea patrila dlh\u00fdm tratiam od 2000 a\u017e po 6000 metrov\u00e9 trate. Preteky boli poh\u00e1rov\u00e9, zaraden\u00e9 do hodnotenia Slovensk\u00e9ho poh\u00e1ra.&nbsp; &nbsp;&nbsp;<\/p>\n\n\n\n<p>Najpo\u010detnej\u0161ou bola kateg\u00f3ria K1 chlapcov 12 ro\u010dn\u00fdch, ke\u010f sa na \u0161tart postavilo celkom 53 chlapcov.<\/p>\n\n\n\n<p><strong>Kom\u00e1rno si aj v Tren\u010d\u00edne zap\u00edsalo v\u00ed\u0165azstvo v Poh\u00e1ri t\u00edmov a prvenstvo n\u00e1m patr\u00ed aj v medailovej bilancii.&nbsp;<\/strong><\/p>\n\n\n\n<p><strong>Na\u0161i pretek\u00e1ri si celkovo vybojovali:<\/strong><\/p>\n\n\n\n<p><strong>&#8211; 16 x 1.miesto<\/strong><\/p>\n\n\n\n<p><strong>&#8211; 13 x2. miesto&nbsp;<\/strong><\/p>\n\n\n\n<p><strong>&#8211; 15 x 3.miesto<\/strong><\/p>\n\n\n\n<p><strong>V Poh\u00e1ri t\u00edmov bolo poradie nasledovn\u00e9:<\/strong><\/p>\n\n\n\n<p><strong>1. Kajak &amp; kanoe klub Kom\u00e1rno&nbsp; &nbsp;417.00 b.<\/strong><\/p>\n\n\n\n<p><strong>2. TTS Tren\u010d\u00edn&nbsp; &nbsp; &nbsp; &nbsp; &nbsp; &nbsp; &nbsp; &nbsp; &nbsp; &nbsp; &nbsp; &nbsp; &nbsp; &nbsp; &nbsp; &nbsp; 193.00 b.&nbsp;<\/strong><\/p>\n\n\n\n<p><strong>3. Kajak-kanoe Pie\u0161\u0165any&nbsp; &nbsp; &nbsp; &nbsp; &nbsp; &nbsp; &nbsp; &nbsp;191.50 b.<\/strong><\/p>\n\n\n\n<p><strong>Do listiny v\u00ed\u0165azov sa zap\u00edsali:&nbsp; Tom\u00e1\u0161 \u0150ri, Alex \u00d3dor, Gr\u00e9ta Nagy,&nbsp; Zoja Fiamov\u00e1, Gr\u00e9ta Dos\u00fadilov\u00e1,&nbsp; Diana Markovi\u010dov\u00e1,&nbsp; Tom\u00e1\u0161 Farka\u0161,&nbsp; Luk\u00e1\u0161 Grolmus,&nbsp; Zo\u00e9 B\u00f3nov\u00e1,&nbsp; Nat\u00e1lia Szencziov\u00e1 a&nbsp; S\u00e1ra So\u00f3s.&nbsp;<\/strong><\/p>\n\n\n\n<p><strong>PREH\u013dAD FIN\u00c1LOV\u00ddCH UMIESTNEN\u00cd PRETEK\u00c1ROV KAJAK &amp; KANOE KLUBU KOM\u00c1RNO&nbsp;<\/strong><\/p>\n\n\n\n<p><strong>SOBOTA<br>200 m<\/strong><\/p>\n\n\n\n<p>K1 chlapci 9 ro\u010dn\u00ed- 3.Adam Gy\u0151ri&nbsp;&nbsp;<\/p>\n\n\n\n<p>K1 chlapci 10 ro\u010dn\u00ed-&nbsp; 4.Ladislav Markovi\u010d, 8. Adam Gad\u017euri\u010d<\/p>\n\n\n\n<p>K1 chlapci 11 ro\u010dn\u00ed- 1.Tom\u00e1\u0161 \u0150ri, 7.\u00d6rs Hunor Koczka, 9.Markus Bel\u00e1n<\/p>\n\n\n\n<p>K1 chlapci 12 ro\u010dn\u00ed F B- 2. D\u00e1vid Gy\u0151ri \/ 11. miesto \/, 5. M\u00e1rk Hovorka \/14.miesto\/&nbsp;&nbsp;<\/p>\n\n\n\n<p>K1 chlapci 12 ro\u010dn\u00ed F A- 2.Alex \u00d3dor<\/p>\n\n\n\n<p>K1 diev\u010dat\u00e1 9 ro\u010dn\u00e9- 1. Zoja Fiamov\u00e1<\/p>\n\n\n\n<p>K1 diev\u010dat\u00e1 10 ro\u010dn\u00e9- 2. Gr\u00e9ta Nagy<\/p>\n\n\n\n<p>K1 diev\u010dat\u00e1 11 ro\u010dn\u00e9-&nbsp; 1. Gr\u00e9ta Dos\u00fadilov\u00e1, 3. Sz\u00f3fia Nagy<\/p>\n\n\n\n<p>K1 diev\u010dat\u00e1 12 ro\u010dn\u00e9-&nbsp; 4. Adela Lopatov\u00e1&nbsp;&nbsp;<\/p>\n\n\n\n<p>K1 chlapci 14&nbsp; ro\u010dn\u00ed-&nbsp; 4.Matej Lopata, 8. Michal T\u00f3th,&nbsp;<\/p>\n\n\n\n<p>K1 diev\u010dat\u00e1 14 ro\u010dn\u00e9- 5.Michaela Zrnekov\u00e1, 6.Lucia Dem\u00e1\u010dekov\u00e1<\/p>\n\n\n\n<p>K1 diev\u010dat\u00e1 13 ro\u010dn\u00e9- 1. Diana Markovi\u010dov\u00e1, 8.R\u00e9ka Kert\u00e9szov\u00e1<\/p>\n\n\n\n<p>K1 juniori- 6. Tom\u00e1\u0161 Farka\u0161&nbsp;<\/p>\n\n\n\n<p>K1 juniorky- 2.Vikt\u00f3ria Kov\u00e1cs<\/p>\n\n\n\n<p>C1 juniori-&nbsp; &nbsp; 3. Imre Fazekas<\/p>\n\n\n\n<p>K1 kadeti&nbsp; F B- 5.Dominik Nagy \/14.miesto\/ , 8. Viktor Zauko \/16.miesto\/<\/p>\n\n\n\n<p>K1 kadeti- F A-&nbsp; 1. Luk\u00e1\u0161 Grolmus, 6. D\u00e1vid Podleiszek, 7.Mat\u00fa\u0161 Kinczer, 9. Peter Teo Luk\u00e1\u010d<\/p>\n\n\n\n<p>C1 kadeti-&nbsp; 7.M\u00e1rio T\u00e9gl\u00e1s<\/p>\n\n\n\n<p>C1 kadetky-&nbsp; 1. Zo\u00e9 B\u00f3nov\u00e1, 3. Nat\u00e1lia Szencziov\u00e1<\/p>\n\n\n\n<p>K1 \u017eeny- 2.S\u00e1ra So\u00f3s<\/p>\n\n\n\n<p>C1 \u017eeny- 4.Aneta Jel\u00ednkov\u00e1<\/p>\n\n\n\n<p>K1 veter\u00e1ni- 3. Marek \u010eur\u010do , 5. Franti\u0161ek Dos\u00fadil<\/p>\n\n\n\n<p>K2 chlapci 13 a 14 ro\u010dn\u00ed-&nbsp; 2.Michal T\u00f3th, Matej Lopata, 3.Samuel Dem\u00e1\u010dek, Jakub Bartol\u010di\u010d \/ UKB\/,<\/p>\n\n\n\n<p>K2 juniori- 4. Tom\u00e1\u0161 Fraka\u0161, Tom\u00e1\u0161 \u0160ev\u010d\u00edk \/SLA\/<\/p>\n\n\n\n<p>K2 diev\u010dat\u00e1 13 a 14 ro\u010dn\u00e9-&nbsp; 2.&nbsp; Diana Markovi\u010dov\u00e1, Michaela Zrnekov\u00e1 , 5. Lucia Dem\u00e1\u010dekov\u00e1, Nadine \u010eur\u010dov\u00e1,&nbsp;<\/p>\n\n\n\n<p>K2 kadeti-&nbsp; 1. Luk\u00e1\u0161 Grolmus, D\u00e1vid Podleiszek, 2. Mat\u00fa\u0161 Kinczer, Adrian Fazekas \/ \u0160AM\/,&nbsp; 7. Peter Teo Luk\u00e1\u010d, Dominik Nagy<\/p>\n\n\n\n<p>C2 kadeti- 3. M\u00e1rio T\u00e9gl\u00e1s, F\u00e9lix M\u00e1del \/ TTS \/<\/p>\n\n\n\n<p>K2 kadetky- 5.Laura Medov\u010d\u00edkov\u00e1, Vikt\u00f3ria Laczk\u00f3&nbsp; \/\u0160TU \/<\/p>\n\n\n\n<p>C2 kadetky- 1. Nat\u00e1lia Szencziov\u00e1, Vivien Stehl\u00edk,&nbsp; \/\u0160AM\/<\/p>\n\n\n\n<p>K2 \u017eeny- 1. S\u00e1ra So\u00f3s, Nina Hol\u00e1&nbsp; \/ NOV \/<\/p>\n\n\n\n<p><strong>2000 m<\/strong><\/p>\n\n\n\n<p>K2 chlapci 11 a 12 ro\u010dn\u00ed- 1. Alex \u00d3dor, D\u00e1vid Gy\u0151ri, 4. M\u00e1rk Hovorka, Tom\u00e1\u0161 \u0150ri,10. Hunor \u00d6rs Koczka, Andrej Turza,&nbsp;<br>14. Markus Bel\u00e1n, Jakub Dubran,&nbsp;15. D\u00e1vid Berecz, Bencze Hatos<\/p>\n\n\n\n<p>K1 diev\u010dat\u00e1 12 ro\u010dn\u00e9-&nbsp; 6. Adela Lopatov\u00e1, 12. Lilian Kr\u0161te\u0148ansk\u00e1, 14. Sophie Ruhanen,&nbsp;<\/p>\n\n\n\n<p>K1 diev\u010dat\u00e1 11 ro\u010dn\u00e9- 2. Gr\u00e9ta Dos\u00fadilov\u00e1, 3.&nbsp; Sz\u00f3fia Nagy, 6. Emma Cserepes, 10.&nbsp; Bettina B\u00e1nfalvy,&nbsp;<\/p>\n\n\n\n<p><strong>NEDE\u013dA<\/strong><\/p>\n\n\n\n<p><strong>2000 m<\/strong><br>K1 chlapci 12 ro\u010dn\u00ed- 1.Alex \u00d3dor, 6.&nbsp; D\u00e1vid Gy\u0151ri, 13.&nbsp; Andrej Turza, 28. Bence Hatos, 41. Viktor Kontra, (M\u00e1rka Hovorka nedokon\u010dil),<\/p>\n\n\n\n<p>K1 chlapci 10 ro\u010dn\u00ed-&nbsp; 3. Ladislav Markovi\u010d, 9. Adam Gad\u017euri\u010d, 14. \u00c1d\u00e1m Bogd\u00e1ny<\/p>\n\n\n\n<p>K1 chlapci 11 ro\u010dn\u00ed- 1.Tom\u00e1\u0161 \u0150ri, 4.\u00d6rs Hunor Koczka, 6.Markus Bel\u00e1n,16. Jakub Dubran,&nbsp;19. D\u00e1vid Berecz, 21. Teodor Kocsis<\/p>\n\n\n\n<p>K1 chlapci 9 ro\u010dn\u00ed- 3.Adam Gy\u0151ri&nbsp;&nbsp;<\/p>\n\n\n\n<p>K2 diev\u010dat\u00e1 11 a 12 ro\u010dn\u00e9-&nbsp; 2. Adela Lopatov\u00e1, Lilian Kr\u0161te\u0148ansk\u00e1, 5. Sz\u00f3fia Nagy, Gr\u00e9ta Dos\u00fadilov\u00e1,<br>13. Bettina B\u00e1nfalvy, Emma Cserepes, 14.&nbsp; Sophie Ruhanen, Linda Kore\u0148ov\u00e1&nbsp; \/ \u0160AM\/<\/p>\n\n\n\n<p>K1 diev\u010dat\u00e1 10 ro\u010dn\u00e9- 1. Gr\u00e9ta Nagy<\/p>\n\n\n\n<p>K1 diev\u010dat\u00e1 9 ro\u010dn\u00e9- 5. Zoja Fiamov\u00e1<\/p>\n\n\n\n<p>K1 chlapci 14&nbsp; ro\u010dn\u00ed &#8211;&nbsp; 2. Michal T\u00f3th, 3.Matej Lopata, 4. Samuel Dem\u00e1\u010dek<\/p>\n\n\n\n<p>K1 chlapci 13 ro\u010dn\u00ed &#8211;&nbsp; &nbsp;6.D\u00e1vid Hodek, 9. Patrice Muhar<\/p>\n\n\n\n<p>K1 diev\u010dat\u00e1 14 ro\u010dn\u00e9- 3.Michaela Zrnekov\u00e1, 9.Nadine \u010eur\u010dov\u00e1, 10. Lucia Dem\u00e1\u010dekov\u00e1<\/p>\n\n\n\n<p>K1 diev\u010dat\u00e1 13 ro\u010dn\u00e9-&nbsp; &nbsp;1. Diana Markovi\u010dov\u00e1, 5. Panna V\u00e1mos,&nbsp; 7.R\u00e9ka Kert\u00e9szov\u00e1&nbsp;&nbsp;<\/p>\n\n\n\n<p><strong>4000 m<\/strong><\/p>\n\n\n\n<p>K1 kadeti- 1. Luk\u00e1\u0161 Grolmus, 3. Peter Teo Luk\u00e1\u010d, 5. D\u00e1vid Podleiszek, 8. Dominik Nagy, 11. Mat\u00fa\u0161 Kinczer, 17. Viktor Zauko,&nbsp;&nbsp;<\/p>\n\n\n\n<p>K1 kadetky-&nbsp; 8 .Laura Medov\u010d\u00edkov\u00e1<\/p>\n\n\n\n<p>K1 \u017eeny- 2.S\u00e1ra So\u00f3s<\/p>\n\n\n\n<p>C1 kadeti-&nbsp; 3.M\u00e1rio T\u00e9gl\u00e1s<\/p>\n\n\n\n<p>C1 \u017eeny- 2.Aneta Jel\u00ednkov\u00e1<\/p>\n\n\n\n<p>C1 kadetky- 2.Zo\u00e9 B\u00f3nov\u00e1, 3. Nat\u00e1lia Szencziov\u00e1<\/p>\n\n\n\n<p>K1 veter\u00e1ni- 3. Marek \u010eur\u010do&nbsp;<\/p>\n\n\n\n<p><strong>6000 m<\/strong><\/p>\n\n\n\n<p>K1 juniori- 1. Tom\u00e1\u0161 Farka\u0161<\/p>\n\n\n\n<p>C1 juniori-\u00a0 2. Imre Fazekas<\/p>\n\n\n\n<figure class=\"wp-block-image size-full\"><img fetchpriority=\"high\" decoding=\"async\" width=\"720\" height=\"960\" src=\"https:\/\/kajak.22projects.sk\/wp-content\/uploads\/2023\/02\/TREN-REG202212-2.jpg\" alt=\"\" class=\"wp-image-2831\" srcset=\"https:\/\/kajakkomarno.sk\/wp-content\/uploads\/2023\/02\/TREN-REG202212-2.jpg 720w, https:\/\/kajakkomarno.sk\/wp-content\/uploads\/2023\/02\/TREN-REG202212-2-338x450.jpg 338w\" sizes=\"(max-width: 720px) 100vw, 720px\" \/><figcaption class=\"wp-element-caption\"><strong>Do zbierky poh\u00e1rov klubu pribudol\u00a0 Poh\u00e1r za 1. miesto z Tren\u010dianskej regaty<\/strong><\/figcaption><\/figure>\n\n\n\n<figure class=\"wp-block-image size-full\"><img decoding=\"async\" width=\"960\" height=\"720\" src=\"https:\/\/kajak.22projects.sk\/wp-content\/uploads\/2023\/02\/TREN-REG202205-2.jpg\" alt=\"\" class=\"wp-image-2833\" srcset=\"https:\/\/kajakkomarno.sk\/wp-content\/uploads\/2023\/02\/TREN-REG202205-2.jpg 960w, https:\/\/kajakkomarno.sk\/wp-content\/uploads\/2023\/02\/TREN-REG202205-2-450x338.jpg 450w, https:\/\/kajakkomarno.sk\/wp-content\/uploads\/2023\/02\/TREN-REG202205-2-768x576.jpg 768w\" sizes=\"(max-width: 960px) 100vw, 960px\" \/><figcaption class=\"wp-element-caption\">\u00a0<strong>Na 200 metrovej trati strieborn\u00e9 K2 diev\u010dat\u00e1 13 a 14 ro\u010dn\u00e9- Diana Markovi\u010dov\u00e1 a Michaela Zrnekov\u00e1<\/strong><\/figcaption><\/figure>\n\n\n\n<figure class=\"wp-block-image size-full\"><img decoding=\"async\" width=\"960\" height=\"720\" src=\"https:\/\/kajak.22projects.sk\/wp-content\/uploads\/2023\/02\/TREN-REG202206.jpg\" alt=\"\" class=\"wp-image-2835\" srcset=\"https:\/\/kajakkomarno.sk\/wp-content\/uploads\/2023\/02\/TREN-REG202206.jpg 960w, https:\/\/kajakkomarno.sk\/wp-content\/uploads\/2023\/02\/TREN-REG202206-450x338.jpg 450w, https:\/\/kajakkomarno.sk\/wp-content\/uploads\/2023\/02\/TREN-REG202206-768x576.jpg 768w\" sizes=\"(max-width: 960px) 100vw, 960px\" \/><figcaption class=\"wp-element-caption\"><strong>Na 2000 metrovej trati dop\u00e1dloval do cie\u013ea na peknom 6.mieste 13 ro\u010dn\u00fd kajak\u00e1r D\u00e1vid Hodek<\/strong><\/figcaption><\/figure>\n\n\n\n<figure class=\"wp-block-image size-full\"><img loading=\"lazy\" decoding=\"async\" width=\"960\" height=\"720\" src=\"https:\/\/kajak.22projects.sk\/wp-content\/uploads\/2023\/02\/TREN-REG202204.jpg\" alt=\"\" class=\"wp-image-2837\" srcset=\"https:\/\/kajakkomarno.sk\/wp-content\/uploads\/2023\/02\/TREN-REG202204.jpg 960w, https:\/\/kajakkomarno.sk\/wp-content\/uploads\/2023\/02\/TREN-REG202204-450x338.jpg 450w, https:\/\/kajakkomarno.sk\/wp-content\/uploads\/2023\/02\/TREN-REG202204-768x576.jpg 768w\" sizes=\"(max-width: 960px) 100vw, 960px\" \/><figcaption class=\"wp-element-caption\"><strong>Pred vyhlasovan\u00edm v\u00fdsledkov pohodov\u00e1 atmosf\u00e9ra<\/strong><\/figcaption><\/figure>\n\n\n\n<figure class=\"wp-block-image size-full\"><img loading=\"lazy\" decoding=\"async\" width=\"960\" height=\"720\" src=\"https:\/\/kajak.22projects.sk\/wp-content\/uploads\/2023\/02\/TREN-REG202202.jpg\" alt=\"\" class=\"wp-image-2839\" srcset=\"https:\/\/kajakkomarno.sk\/wp-content\/uploads\/2023\/02\/TREN-REG202202.jpg 960w, https:\/\/kajakkomarno.sk\/wp-content\/uploads\/2023\/02\/TREN-REG202202-450x338.jpg 450w, https:\/\/kajakkomarno.sk\/wp-content\/uploads\/2023\/02\/TREN-REG202202-768x576.jpg 768w\" sizes=\"(max-width: 960px) 100vw, 960px\" \/><figcaption class=\"wp-element-caption\">\u00a0\u00a0<strong>V Tren\u010d\u00edne si medailu vybojoval 10 ro\u010dn\u00fd\u00a0 Ladislav Markovi\u010d<\/strong><\/figcaption><\/figure>\n\n\n\n<figure class=\"wp-block-image size-full\"><img loading=\"lazy\" decoding=\"async\" width=\"720\" height=\"960\" src=\"https:\/\/kajak.22projects.sk\/wp-content\/uploads\/2023\/02\/TREN-REG202214.jpg\" alt=\"\" class=\"wp-image-2841\" srcset=\"https:\/\/kajakkomarno.sk\/wp-content\/uploads\/2023\/02\/TREN-REG202214.jpg 720w, https:\/\/kajakkomarno.sk\/wp-content\/uploads\/2023\/02\/TREN-REG202214-338x450.jpg 338w\" sizes=\"(max-width: 720px) 100vw, 720px\" \/><figcaption class=\"wp-element-caption\">\u00a0<strong>Rados\u0165 z 3.miesta mal\u00a0 9 ro\u010dn\u00fd Adam Gy\u0151ri\u00a0\u00a0<\/strong><\/figcaption><\/figure>\n\n\n\n<figure class=\"wp-block-image size-full\"><img loading=\"lazy\" decoding=\"async\" width=\"720\" height=\"960\" src=\"https:\/\/kajak.22projects.sk\/wp-content\/uploads\/2023\/02\/TREN-REG202208.jpg\" alt=\"\" class=\"wp-image-2843\" srcset=\"https:\/\/kajakkomarno.sk\/wp-content\/uploads\/2023\/02\/TREN-REG202208.jpg 720w, https:\/\/kajakkomarno.sk\/wp-content\/uploads\/2023\/02\/TREN-REG202208-338x450.jpg 338w\" sizes=\"(max-width: 720px) 100vw, 720px\" \/><figcaption class=\"wp-element-caption\"><strong>\u00a0\u00a0Z v\u00ed\u0165azstva na 200 metrovej trati sa te\u0161\u00ed 11 ro\u010dn\u00e1 Gr\u00e9ta Dos\u00fadilov\u00e1<\/strong><\/figcaption><\/figure>\n\n\n\n<figure class=\"wp-block-image size-full\"><img loading=\"lazy\" decoding=\"async\" width=\"960\" height=\"720\" src=\"https:\/\/kajak.22projects.sk\/wp-content\/uploads\/2023\/02\/TREN-REG202211.jpg\" alt=\"\" class=\"wp-image-2845\" srcset=\"https:\/\/kajakkomarno.sk\/wp-content\/uploads\/2023\/02\/TREN-REG202211.jpg 960w, https:\/\/kajakkomarno.sk\/wp-content\/uploads\/2023\/02\/TREN-REG202211-450x338.jpg 450w, https:\/\/kajakkomarno.sk\/wp-content\/uploads\/2023\/02\/TREN-REG202211-768x576.jpg 768w\" sizes=\"(max-width: 960px) 100vw, 960px\" \/><figcaption class=\"wp-element-caption\"><strong>Dve v\u00ed\u0165azstv\u00e1 v K1 dosiahol 11 ro\u010dn\u00fd kajak\u00e1r Tom\u00e1\u0161 \u0150ri<\/strong><\/figcaption><\/figure>\n\n\n\n<p><\/p>\n\n\n\n<figure class=\"wp-block-image size-full\"><img loading=\"lazy\" decoding=\"async\" width=\"720\" height=\"960\" src=\"https:\/\/kajak.22projects.sk\/wp-content\/uploads\/2023\/02\/TREN-REG202210-2.jpg\" alt=\"\" class=\"wp-image-2847\" srcset=\"https:\/\/kajakkomarno.sk\/wp-content\/uploads\/2023\/02\/TREN-REG202210-2.jpg 720w, https:\/\/kajakkomarno.sk\/wp-content\/uploads\/2023\/02\/TREN-REG202210-2-338x450.jpg 338w\" sizes=\"(max-width: 720px) 100vw, 720px\" \/><figcaption class=\"wp-element-caption\"><strong>10 ro\u010dn\u00e1 Gr\u00e9ta Nagy si v Tren\u010d\u00edne vyjazdila 1. a 2. miesto.<\/strong><\/figcaption><\/figure>\n\n\n\n<figure class=\"wp-block-image size-full\"><img loading=\"lazy\" decoding=\"async\" width=\"720\" height=\"960\" src=\"https:\/\/kajak.22projects.sk\/wp-content\/uploads\/2023\/02\/TREN-REG202209.jpg\" alt=\"\" class=\"wp-image-2849\" srcset=\"https:\/\/kajakkomarno.sk\/wp-content\/uploads\/2023\/02\/TREN-REG202209.jpg 720w, https:\/\/kajakkomarno.sk\/wp-content\/uploads\/2023\/02\/TREN-REG202209-338x450.jpg 338w\" sizes=\"(max-width: 720px) 100vw, 720px\" \/><figcaption class=\"wp-element-caption\"><strong>Na regate ve\u013emi pekn\u00fd v\u00fdkon podala 9 ro\u010dn\u00e1 Zoja Fiamov\u00e1\u00a0 \u00a0 \u00a0 \u00a0<\/strong>\u00a0<\/figcaption><\/figure>\n\n\n\n<figure class=\"wp-block-image size-full\"><img loading=\"lazy\" decoding=\"async\" width=\"720\" height=\"960\" src=\"https:\/\/kajak.22projects.sk\/wp-content\/uploads\/2023\/02\/TREN-REK202215.jpg\" alt=\"\" class=\"wp-image-2851\" srcset=\"https:\/\/kajakkomarno.sk\/wp-content\/uploads\/2023\/02\/TREN-REK202215.jpg 720w, https:\/\/kajakkomarno.sk\/wp-content\/uploads\/2023\/02\/TREN-REK202215-338x450.jpg 338w\" sizes=\"(max-width: 720px) 100vw, 720px\" \/><figcaption class=\"wp-element-caption\"><strong>12\u00a0 ro\u010dn\u00e9mu kajak\u00e1rovi Alexovi\u00a0 \u00d3dorovi najvy\u0161\u0161\u00ed stupienok ve\u013emi sved\u010d\u00ed<\/strong><\/figcaption><\/figure>\n\n\n\n<figure class=\"wp-block-image size-full\"><img loading=\"lazy\" decoding=\"async\" width=\"960\" height=\"720\" src=\"https:\/\/kajak.22projects.sk\/wp-content\/uploads\/2023\/02\/TREN-REG202201.jpg\" alt=\"\" class=\"wp-image-2853\" srcset=\"https:\/\/kajakkomarno.sk\/wp-content\/uploads\/2023\/02\/TREN-REG202201.jpg 960w, https:\/\/kajakkomarno.sk\/wp-content\/uploads\/2023\/02\/TREN-REG202201-450x338.jpg 450w, https:\/\/kajakkomarno.sk\/wp-content\/uploads\/2023\/02\/TREN-REG202201-768x576.jpg 768w\" sizes=\"(max-width: 960px) 100vw, 960px\" \/><figcaption class=\"wp-element-caption\"><strong>Dvojn\u00e1sobn\u00e1 v\u00ed\u0165azka Tren\u010dianskej regaty\u00a0 na 200 m a 2000 m, talentovan\u00e1\u00a0\u00a0kajak\u00e1rka Diana Markovi\u010dov\u00e1<\/strong><\/figcaption><\/figure>\n\n\n\n<figure class=\"wp-block-image size-full\"><img loading=\"lazy\" decoding=\"async\" width=\"720\" height=\"960\" src=\"https:\/\/kajak.22projects.sk\/wp-content\/uploads\/2023\/02\/TREN-REG202207.jpg\" alt=\"\" class=\"wp-image-2855\" srcset=\"https:\/\/kajakkomarno.sk\/wp-content\/uploads\/2023\/02\/TREN-REG202207.jpg 720w, https:\/\/kajakkomarno.sk\/wp-content\/uploads\/2023\/02\/TREN-REG202207-338x450.jpg 338w\" sizes=\"(max-width: 720px) 100vw, 720px\" \/><figcaption class=\"wp-element-caption\"><strong>V kateg\u00f3rii juniorov zvl\u00e1dol 6000 metrov\u00fa tra\u0165\u00a0 17 ro\u010dn\u00fd junior Tom\u00e1\u0161 Farka\u0161 na v\u00fdborn\u00fa\u00a0<\/strong><\/figcaption><\/figure>\n\n\n\n<p><\/p>\n\n\n\n<p><\/p>\n\n\n\n<p><\/p>\n\n\n\n<p><\/p>\n\n\n\n<p><\/p>\n\n\n\n<p><\/p>\n\n\n\n<p><\/p>\n\n\n\n<p><\/p>\n\n\n\n<p><\/p>\n\n\n\n<p><\/p>\n\n\n\n<p><\/p>\n\n\n\n<p><\/p>\n\n\n\n<p><\/p>\n\n\n\n<p><\/p>\n","protected":false},"excerpt":{"rendered":"<p>V d\u0148och 25.06.2022 a 26.06.2022 bol program pretekov v r\u00fdchlostnej kanoistike nabit\u00fd. Pokia\u013e v Belehrade na Majstrovstv\u00e1ch Eur\u00f3py juniorov a pretek\u00e1rov do 23 rokov prebiehali fin\u00e1lov\u00e9 jazdy&nbsp; za \u00fa\u010dasti na\u0161ich pretek\u00e1rov, v Tren\u010d\u00edne pokra\u010dovali dom\u00e1ce preteky na 64. ro\u010dn\u00edku Tren\u010dianskej regaty.&nbsp;&nbsp; \u00da\u010das\u0165 bola&nbsp; bohat\u00e1, 28 oddielov zo Slovenska a z \u010ciech, viac ako 500 pretek\u00e1rov, [&hellip;]<\/p>\n","protected":false},"author":1,"featured_media":2825,"comment_status":"open","ping_status":"open","sticky":false,"template":"","format":"standard","meta":{"inline_featured_image":false,"footnotes":""},"categories":[1],"tags":[],"class_list":["post-2824","post","type-post","status-publish","format-standard","has-post-thumbnail","hentry","category-novinky"],"acf":[],"yoast_head":"<!-- This site is optimized with the Yoast SEO plugin v26.6 - https:\/\/yoast.com\/wordpress\/plugins\/seo\/ -->\n<title>64.RO\u010cN\u00cdK TREN\u010cIANSKEJ REGATY - Kajak &amp; kanoe klub Kom\u00e1rno<\/title>\n<meta name=\"robots\" content=\"index, follow, max-snippet:-1, max-image-preview:large, max-video-preview:-1\" \/>\n<link rel=\"canonical\" href=\"https:\/\/kajakkomarno.sk\/novinky\/64-rocnik-trencianskej-regaty\/\" \/>\n<meta property=\"og:locale\" content=\"hu_HU\" \/>\n<meta property=\"og:type\" content=\"article\" \/>\n<meta property=\"og:title\" content=\"64.RO\u010cN\u00cdK TREN\u010cIANSKEJ REGATY - Kajak &amp; kanoe klub Kom\u00e1rno\" \/>\n<meta property=\"og:description\" content=\"V d\u0148och 25.06.2022 a 26.06.2022 bol program pretekov v r\u00fdchlostnej kanoistike nabit\u00fd. Pokia\u013e v Belehrade na Majstrovstv\u00e1ch Eur\u00f3py juniorov a pretek\u00e1rov do 23 rokov prebiehali fin\u00e1lov\u00e9 jazdy&nbsp; za \u00fa\u010dasti na\u0161ich pretek\u00e1rov, v Tren\u010d\u00edne pokra\u010dovali dom\u00e1ce preteky na 64. ro\u010dn\u00edku Tren\u010dianskej regaty.&nbsp;&nbsp; \u00da\u010das\u0165 bola&nbsp; bohat\u00e1, 28 oddielov zo Slovenska a z \u010ciech, viac ako 500 pretek\u00e1rov, [&hellip;]\" \/>\n<meta property=\"og:url\" content=\"https:\/\/kajakkomarno.sk\/novinky\/64-rocnik-trencianskej-regaty\/\" \/>\n<meta property=\"og:site_name\" content=\"Kajak &amp; kanoe klub Kom\u00e1rno\" \/>\n<meta property=\"article:published_time\" content=\"2022-06-27T12:42:54+00:00\" \/>\n<meta property=\"article:modified_time\" content=\"2023-02-23T14:07:19+00:00\" \/>\n<meta property=\"og:image\" content=\"https:\/\/kajakkomarno.sk\/wp-content\/uploads\/2023\/02\/tren_reg2022x-1.jpg\" \/>\n\t<meta property=\"og:image:width\" content=\"195\" \/>\n\t<meta property=\"og:image:height\" content=\"270\" \/>\n\t<meta property=\"og:image:type\" content=\"image\/jpeg\" \/>\n<meta name=\"author\" content=\"22media\" \/>\n<meta name=\"twitter:card\" content=\"summary_large_image\" \/>\n<meta name=\"twitter:label1\" content=\"Szerz\u0151:\" \/>\n\t<meta name=\"twitter:data1\" content=\"22media\" \/>\n\t<meta name=\"twitter:label2\" content=\"Becs\u00fclt olvas\u00e1si id\u0151\" \/>\n\t<meta name=\"twitter:data2\" content=\"8 perc\" \/>\n<script type=\"application\/ld+json\" class=\"yoast-schema-graph\">{\"@context\":\"https:\/\/schema.org\",\"@graph\":[{\"@type\":\"Article\",\"@id\":\"https:\/\/kajakkomarno.sk\/novinky\/64-rocnik-trencianskej-regaty\/#article\",\"isPartOf\":{\"@id\":\"https:\/\/kajakkomarno.sk\/novinky\/64-rocnik-trencianskej-regaty\/\"},\"author\":{\"name\":\"22media\",\"@id\":\"https:\/\/kajakkomarno.sk\/#\/schema\/person\/4e92804dad721346fd0d44b352a30cda\"},\"headline\":\"64.RO\u010cN\u00cdK TREN\u010cIANSKEJ REGATY\",\"datePublished\":\"2022-06-27T12:42:54+00:00\",\"dateModified\":\"2023-02-23T14:07:19+00:00\",\"mainEntityOfPage\":{\"@id\":\"https:\/\/kajakkomarno.sk\/novinky\/64-rocnik-trencianskej-regaty\/\"},\"wordCount\":1123,\"commentCount\":0,\"publisher\":{\"@id\":\"https:\/\/kajakkomarno.sk\/#organization\"},\"image\":{\"@id\":\"https:\/\/kajakkomarno.sk\/novinky\/64-rocnik-trencianskej-regaty\/#primaryimage\"},\"thumbnailUrl\":\"https:\/\/kajakkomarno.sk\/wp-content\/uploads\/2023\/02\/tren_reg2022x-1.jpg\",\"articleSection\":[\"Novinky\"],\"inLanguage\":\"hu\",\"potentialAction\":[{\"@type\":\"CommentAction\",\"name\":\"Comment\",\"target\":[\"https:\/\/kajakkomarno.sk\/novinky\/64-rocnik-trencianskej-regaty\/#respond\"]}]},{\"@type\":\"WebPage\",\"@id\":\"https:\/\/kajakkomarno.sk\/novinky\/64-rocnik-trencianskej-regaty\/\",\"url\":\"https:\/\/kajakkomarno.sk\/novinky\/64-rocnik-trencianskej-regaty\/\",\"name\":\"64.RO\u010cN\u00cdK TREN\u010cIANSKEJ REGATY - Kajak &amp; kanoe klub Kom\u00e1rno\",\"isPartOf\":{\"@id\":\"https:\/\/kajakkomarno.sk\/#website\"},\"primaryImageOfPage\":{\"@id\":\"https:\/\/kajakkomarno.sk\/novinky\/64-rocnik-trencianskej-regaty\/#primaryimage\"},\"image\":{\"@id\":\"https:\/\/kajakkomarno.sk\/novinky\/64-rocnik-trencianskej-regaty\/#primaryimage\"},\"thumbnailUrl\":\"https:\/\/kajakkomarno.sk\/wp-content\/uploads\/2023\/02\/tren_reg2022x-1.jpg\",\"datePublished\":\"2022-06-27T12:42:54+00:00\",\"dateModified\":\"2023-02-23T14:07:19+00:00\",\"breadcrumb\":{\"@id\":\"https:\/\/kajakkomarno.sk\/novinky\/64-rocnik-trencianskej-regaty\/#breadcrumb\"},\"inLanguage\":\"hu\",\"potentialAction\":[{\"@type\":\"ReadAction\",\"target\":[\"https:\/\/kajakkomarno.sk\/novinky\/64-rocnik-trencianskej-regaty\/\"]}]},{\"@type\":\"ImageObject\",\"inLanguage\":\"hu\",\"@id\":\"https:\/\/kajakkomarno.sk\/novinky\/64-rocnik-trencianskej-regaty\/#primaryimage\",\"url\":\"https:\/\/kajakkomarno.sk\/wp-content\/uploads\/2023\/02\/tren_reg2022x-1.jpg\",\"contentUrl\":\"https:\/\/kajakkomarno.sk\/wp-content\/uploads\/2023\/02\/tren_reg2022x-1.jpg\",\"width\":195,\"height\":270},{\"@type\":\"BreadcrumbList\",\"@id\":\"https:\/\/kajakkomarno.sk\/novinky\/64-rocnik-trencianskej-regaty\/#breadcrumb\",\"itemListElement\":[{\"@type\":\"ListItem\",\"position\":1,\"name\":\"Domov\",\"item\":\"https:\/\/kajakkomarno.sk\/hu\/fooldal\/\"},{\"@type\":\"ListItem\",\"position\":2,\"name\":\"Novinky\",\"item\":\"https:\/\/kajakkomarno.sk\/category\/novinky\/\"},{\"@type\":\"ListItem\",\"position\":3,\"name\":\"64.RO\u010cN\u00cdK TREN\u010cIANSKEJ REGATY\"}]},{\"@type\":\"WebSite\",\"@id\":\"https:\/\/kajakkomarno.sk\/#website\",\"url\":\"https:\/\/kajakkomarno.sk\/\",\"name\":\"Kajak &amp; kanoe klub Kom\u00e1rno\",\"description\":\"\",\"publisher\":{\"@id\":\"https:\/\/kajakkomarno.sk\/#organization\"},\"potentialAction\":[{\"@type\":\"SearchAction\",\"target\":{\"@type\":\"EntryPoint\",\"urlTemplate\":\"https:\/\/kajakkomarno.sk\/?s={search_term_string}\"},\"query-input\":{\"@type\":\"PropertyValueSpecification\",\"valueRequired\":true,\"valueName\":\"search_term_string\"}}],\"inLanguage\":\"hu\"},{\"@type\":\"Organization\",\"@id\":\"https:\/\/kajakkomarno.sk\/#organization\",\"name\":\"Kajak &amp; kanoe klub Kom\u00e1rno\",\"url\":\"https:\/\/kajakkomarno.sk\/\",\"logo\":{\"@type\":\"ImageObject\",\"inLanguage\":\"hu\",\"@id\":\"https:\/\/kajakkomarno.sk\/#\/schema\/logo\/image\/\",\"url\":\"https:\/\/kajakkomarno.sk\/wp-content\/uploads\/2022\/12\/kajak-kanoe-klub-komarno-optimized-opt.svg\",\"contentUrl\":\"https:\/\/kajakkomarno.sk\/wp-content\/uploads\/2022\/12\/kajak-kanoe-klub-komarno-optimized-opt.svg\",\"width\":307,\"height\":66,\"caption\":\"Kajak &amp; kanoe klub Kom\u00e1rno\"},\"image\":{\"@id\":\"https:\/\/kajakkomarno.sk\/#\/schema\/logo\/image\/\"}},{\"@type\":\"Person\",\"@id\":\"https:\/\/kajakkomarno.sk\/#\/schema\/person\/4e92804dad721346fd0d44b352a30cda\",\"name\":\"22media\",\"image\":{\"@type\":\"ImageObject\",\"inLanguage\":\"hu\",\"@id\":\"https:\/\/kajakkomarno.sk\/#\/schema\/person\/image\/\",\"url\":\"https:\/\/secure.gravatar.com\/avatar\/571bd97cd2f803bbffe6b5dc778f411cdc2d79d2c3c26bf2d4ca31723fb79fc2?s=96&d=mm&r=g\",\"contentUrl\":\"https:\/\/secure.gravatar.com\/avatar\/571bd97cd2f803bbffe6b5dc778f411cdc2d79d2c3c26bf2d4ca31723fb79fc2?s=96&d=mm&r=g\",\"caption\":\"22media\"},\"url\":\"https:\/\/kajakkomarno.sk\/hu\/author\/22media\/\"}]}<\/script>\n<!-- \/ Yoast SEO plugin. -->","yoast_head_json":{"title":"64.RO\u010cN\u00cdK TREN\u010cIANSKEJ REGATY - Kajak &amp; kanoe klub Kom\u00e1rno","robots":{"index":"index","follow":"follow","max-snippet":"max-snippet:-1","max-image-preview":"max-image-preview:large","max-video-preview":"max-video-preview:-1"},"canonical":"https:\/\/kajakkomarno.sk\/novinky\/64-rocnik-trencianskej-regaty\/","og_locale":"hu_HU","og_type":"article","og_title":"64.RO\u010cN\u00cdK TREN\u010cIANSKEJ REGATY - Kajak &amp; kanoe klub Kom\u00e1rno","og_description":"V d\u0148och 25.06.2022 a 26.06.2022 bol program pretekov v r\u00fdchlostnej kanoistike nabit\u00fd. Pokia\u013e v Belehrade na Majstrovstv\u00e1ch Eur\u00f3py juniorov a pretek\u00e1rov do 23 rokov prebiehali fin\u00e1lov\u00e9 jazdy&nbsp; za \u00fa\u010dasti na\u0161ich pretek\u00e1rov, v Tren\u010d\u00edne pokra\u010dovali dom\u00e1ce preteky na 64. ro\u010dn\u00edku Tren\u010dianskej regaty.&nbsp;&nbsp; \u00da\u010das\u0165 bola&nbsp; bohat\u00e1, 28 oddielov zo Slovenska a z \u010ciech, viac ako 500 pretek\u00e1rov, [&hellip;]","og_url":"https:\/\/kajakkomarno.sk\/novinky\/64-rocnik-trencianskej-regaty\/","og_site_name":"Kajak &amp; kanoe klub Kom\u00e1rno","article_published_time":"2022-06-27T12:42:54+00:00","article_modified_time":"2023-02-23T14:07:19+00:00","og_image":[{"width":195,"height":270,"url":"https:\/\/kajakkomarno.sk\/wp-content\/uploads\/2023\/02\/tren_reg2022x-1.jpg","type":"image\/jpeg"}],"author":"22media","twitter_card":"summary_large_image","twitter_misc":{"Szerz\u0151:":"22media","Becs\u00fclt olvas\u00e1si id\u0151":"8 perc"},"schema":{"@context":"https:\/\/schema.org","@graph":[{"@type":"Article","@id":"https:\/\/kajakkomarno.sk\/novinky\/64-rocnik-trencianskej-regaty\/#article","isPartOf":{"@id":"https:\/\/kajakkomarno.sk\/novinky\/64-rocnik-trencianskej-regaty\/"},"author":{"name":"22media","@id":"https:\/\/kajakkomarno.sk\/#\/schema\/person\/4e92804dad721346fd0d44b352a30cda"},"headline":"64.RO\u010cN\u00cdK TREN\u010cIANSKEJ REGATY","datePublished":"2022-06-27T12:42:54+00:00","dateModified":"2023-02-23T14:07:19+00:00","mainEntityOfPage":{"@id":"https:\/\/kajakkomarno.sk\/novinky\/64-rocnik-trencianskej-regaty\/"},"wordCount":1123,"commentCount":0,"publisher":{"@id":"https:\/\/kajakkomarno.sk\/#organization"},"image":{"@id":"https:\/\/kajakkomarno.sk\/novinky\/64-rocnik-trencianskej-regaty\/#primaryimage"},"thumbnailUrl":"https:\/\/kajakkomarno.sk\/wp-content\/uploads\/2023\/02\/tren_reg2022x-1.jpg","articleSection":["Novinky"],"inLanguage":"hu","potentialAction":[{"@type":"CommentAction","name":"Comment","target":["https:\/\/kajakkomarno.sk\/novinky\/64-rocnik-trencianskej-regaty\/#respond"]}]},{"@type":"WebPage","@id":"https:\/\/kajakkomarno.sk\/novinky\/64-rocnik-trencianskej-regaty\/","url":"https:\/\/kajakkomarno.sk\/novinky\/64-rocnik-trencianskej-regaty\/","name":"64.RO\u010cN\u00cdK TREN\u010cIANSKEJ REGATY - Kajak &amp; kanoe klub Kom\u00e1rno","isPartOf":{"@id":"https:\/\/kajakkomarno.sk\/#website"},"primaryImageOfPage":{"@id":"https:\/\/kajakkomarno.sk\/novinky\/64-rocnik-trencianskej-regaty\/#primaryimage"},"image":{"@id":"https:\/\/kajakkomarno.sk\/novinky\/64-rocnik-trencianskej-regaty\/#primaryimage"},"thumbnailUrl":"https:\/\/kajakkomarno.sk\/wp-content\/uploads\/2023\/02\/tren_reg2022x-1.jpg","datePublished":"2022-06-27T12:42:54+00:00","dateModified":"2023-02-23T14:07:19+00:00","breadcrumb":{"@id":"https:\/\/kajakkomarno.sk\/novinky\/64-rocnik-trencianskej-regaty\/#breadcrumb"},"inLanguage":"hu","potentialAction":[{"@type":"ReadAction","target":["https:\/\/kajakkomarno.sk\/novinky\/64-rocnik-trencianskej-regaty\/"]}]},{"@type":"ImageObject","inLanguage":"hu","@id":"https:\/\/kajakkomarno.sk\/novinky\/64-rocnik-trencianskej-regaty\/#primaryimage","url":"https:\/\/kajakkomarno.sk\/wp-content\/uploads\/2023\/02\/tren_reg2022x-1.jpg","contentUrl":"https:\/\/kajakkomarno.sk\/wp-content\/uploads\/2023\/02\/tren_reg2022x-1.jpg","width":195,"height":270},{"@type":"BreadcrumbList","@id":"https:\/\/kajakkomarno.sk\/novinky\/64-rocnik-trencianskej-regaty\/#breadcrumb","itemListElement":[{"@type":"ListItem","position":1,"name":"Domov","item":"https:\/\/kajakkomarno.sk\/hu\/fooldal\/"},{"@type":"ListItem","position":2,"name":"Novinky","item":"https:\/\/kajakkomarno.sk\/category\/novinky\/"},{"@type":"ListItem","position":3,"name":"64.RO\u010cN\u00cdK TREN\u010cIANSKEJ REGATY"}]},{"@type":"WebSite","@id":"https:\/\/kajakkomarno.sk\/#website","url":"https:\/\/kajakkomarno.sk\/","name":"Kajak &amp; kanoe klub Kom\u00e1rno","description":"","publisher":{"@id":"https:\/\/kajakkomarno.sk\/#organization"},"potentialAction":[{"@type":"SearchAction","target":{"@type":"EntryPoint","urlTemplate":"https:\/\/kajakkomarno.sk\/?s={search_term_string}"},"query-input":{"@type":"PropertyValueSpecification","valueRequired":true,"valueName":"search_term_string"}}],"inLanguage":"hu"},{"@type":"Organization","@id":"https:\/\/kajakkomarno.sk\/#organization","name":"Kajak &amp; kanoe klub Kom\u00e1rno","url":"https:\/\/kajakkomarno.sk\/","logo":{"@type":"ImageObject","inLanguage":"hu","@id":"https:\/\/kajakkomarno.sk\/#\/schema\/logo\/image\/","url":"https:\/\/kajakkomarno.sk\/wp-content\/uploads\/2022\/12\/kajak-kanoe-klub-komarno-optimized-opt.svg","contentUrl":"https:\/\/kajakkomarno.sk\/wp-content\/uploads\/2022\/12\/kajak-kanoe-klub-komarno-optimized-opt.svg","width":307,"height":66,"caption":"Kajak &amp; kanoe klub Kom\u00e1rno"},"image":{"@id":"https:\/\/kajakkomarno.sk\/#\/schema\/logo\/image\/"}},{"@type":"Person","@id":"https:\/\/kajakkomarno.sk\/#\/schema\/person\/4e92804dad721346fd0d44b352a30cda","name":"22media","image":{"@type":"ImageObject","inLanguage":"hu","@id":"https:\/\/kajakkomarno.sk\/#\/schema\/person\/image\/","url":"https:\/\/secure.gravatar.com\/avatar\/571bd97cd2f803bbffe6b5dc778f411cdc2d79d2c3c26bf2d4ca31723fb79fc2?s=96&d=mm&r=g","contentUrl":"https:\/\/secure.gravatar.com\/avatar\/571bd97cd2f803bbffe6b5dc778f411cdc2d79d2c3c26bf2d4ca31723fb79fc2?s=96&d=mm&r=g","caption":"22media"},"url":"https:\/\/kajakkomarno.sk\/hu\/author\/22media\/"}]}},"_links":{"self":[{"href":"https:\/\/kajakkomarno.sk\/hu\/wp-json\/wp\/v2\/posts\/2824","targetHints":{"allow":["GET"]}}],"collection":[{"href":"https:\/\/kajakkomarno.sk\/hu\/wp-json\/wp\/v2\/posts"}],"about":[{"href":"https:\/\/kajakkomarno.sk\/hu\/wp-json\/wp\/v2\/types\/post"}],"author":[{"embeddable":true,"href":"https:\/\/kajakkomarno.sk\/hu\/wp-json\/wp\/v2\/users\/1"}],"replies":[{"embeddable":true,"href":"https:\/\/kajakkomarno.sk\/hu\/wp-json\/wp\/v2\/comments?post=2824"}],"version-history":[{"count":0,"href":"https:\/\/kajakkomarno.sk\/hu\/wp-json\/wp\/v2\/posts\/2824\/revisions"}],"wp:featuredmedia":[{"embeddable":true,"href":"https:\/\/kajakkomarno.sk\/hu\/wp-json\/wp\/v2\/media\/2825"}],"wp:attachment":[{"href":"https:\/\/kajakkomarno.sk\/hu\/wp-json\/wp\/v2\/media?parent=2824"}],"wp:term":[{"taxonomy":"category","embeddable":true,"href":"https:\/\/kajakkomarno.sk\/hu\/wp-json\/wp\/v2\/categories?post=2824"},{"taxonomy":"post_tag","embeddable":true,"href":"https:\/\/kajakkomarno.sk\/hu\/wp-json\/wp\/v2\/tags?post=2824"}],"curies":[{"name":"wp","href":"https:\/\/api.w.org\/{rel}","templated":true}]}}