{"id":2658,"date":"2022-07-25T14:26:21","date_gmt":"2022-07-25T12:26:21","guid":{"rendered":"https:\/\/kajak.22projects.sk\/?p=2658"},"modified":"2023-02-23T15:14:34","modified_gmt":"2023-02-23T14:14:34","slug":"pretekari-komarna-na-pohari-interu-uspesni","status":"publish","type":"post","link":"https:\/\/kajakkomarno.sk\/hu\/novinky\/pretekari-komarna-na-pohari-interu-uspesni\/","title":{"rendered":"PRETEK\u00c1RI KOM\u00c1RNA NA POH\u00c1RI INTERU \u00daSPE\u0160N\u00cd"},"content":{"rendered":"\n<figure class=\"wp-block-image size-full\"><img fetchpriority=\"high\" decoding=\"async\" width=\"270\" height=\"270\" src=\"https:\/\/kajak.22projects.sk\/wp-content\/uploads\/2023\/02\/inter_2022_x_n-1.jpg\" alt=\"\" class=\"wp-image-2661\"\/><\/figure>\n\n\n\n<p>V d\u0148och 23.07.2022 a 24.07.2022, po dvojt\u00fd\u017ed\u0148ovej pretek\u00e1rskej&nbsp; prest\u00e1vke,&nbsp; cestovalo&nbsp; 67 pretek\u00e1rov n\u00e1\u0161ho klubu na<br>48. ro\u010dn\u00edk Poh\u00e1ra Interu na bratislavsk\u00fd Zemn\u00edk. Cestu na preteky im v\u0161ak znepr\u00edjemnil pokazen\u00fd vlek. O tom, \u017ee \u017eij\u00fa medzi nami \u013eudia, ktor\u00ed radi a ochotne pom\u00f4\u017eu, potvrdzuje&nbsp; aj&nbsp; p\u00e1n Zolt\u00e1n Asztalos, ktor\u00fd&nbsp; na prepravu kajakov na Zemn\u00edk zapo\u017ei\u010dal vlastn\u00fd vlek a na\u0161i pretek\u00e1ri sa tak mohli s\u00fastredi\u0165 iba na svoje v\u00fdkony na vode.&nbsp;&nbsp;<\/p>\n\n\n\n<p><strong>Za jeho ochotu a nezi\u0161tn\u00fa pomoc \u010eAKUJEME!<\/strong><strong><br>&nbsp;<\/strong>&nbsp; &nbsp;Na Poh\u00e1ri INTER-u&nbsp; sa zi\u0161lo sa&nbsp; viac ako 410 pretek\u00e1rov z 24 slovensk\u00fdch&nbsp; oddielov a jedn\u00e9ho oddielu z Ma\u010farska.&nbsp;&nbsp;<\/p>\n\n\n\n<p>Sobota u\u017e tradi\u010dne patrila pretekom na 2000 metrovej trati pre&nbsp; chlapcov a diev\u010dat\u00e1 11 a\u017e 12 ro\u010dn\u00fdch&nbsp; a pretekom na 1000 metrovej trati, na ktorej si zmerali sily chlapci a diev\u010dat\u00e1 9 a 10 ro\u010dn\u00ed&nbsp; a&nbsp; pretek\u00e1ri od 13 rokov a\u017e po veter\u00e1nov. Nede\u013ea patrila op\u00e4\u0165 2000 metrov\u00fdm tratiam a 1000 metrov\u00fdm tratiam pre chlapcov a diev\u010dat\u00e1&nbsp;9 a\u017e 12 ro\u010dn\u00fdch a pretek\u00e1ri od 13 rokov a\u017e po veter\u00e1nov&nbsp; s\u00fa\u0165a\u017eili na 200 metrovej trati.&nbsp;<\/p>\n\n\n\n<p>Poh\u00e1r Interu&nbsp; bol zaraden\u00fd do hodnotenia Slovensk\u00e9ho poh\u00e1ra pre pretek\u00e1rov od 13 rokov a\u017e po veter\u00e1nov.&nbsp;&nbsp;<\/p>\n\n\n\n<p><strong>Na\u0161i pretek\u00e1ri aj na Poh\u00e1ri Interu podali vo v\u0161etk\u00fdch discipl\u00ednach vynikaj\u00face v\u00fdkony.<\/strong><\/p>\n\n\n\n<p><em><strong>V\u00fdborn\u00e9 v\u00fdsledky 9 a\u017e 12 ro\u010dn\u00fdch pretek\u00e1rov\u00a0<\/strong><\/em><br>Darilo sa aj 9 a\u017e 12 ro\u010dn\u00fdm chlapcom a diev\u010dat\u00e1m, ktor\u00ed dlhodobo v celej sez\u00f3ne dosahuj\u00fa na dom\u00e1cich pretekoch v\u00fdborn\u00e9 v\u00fdsledky.\u00a0<strong>Prvenstv\u00e1 si vybojovali :\u00a0Gr\u00e9ta Nagy, Tom\u00e1\u0161 \u0150ri,\u00a0 Alex \u00d3dor a z medail\u00ed sa te\u0161ili aj Ladislav Markovi\u010d, Sz\u00f3fia Nagy, Gr\u00e9ta Dos\u00fadilov\u00e1,\u00a0 Adela Lopatov\u00e1, Lilian Kr\u0161te\u0148ansk\u00e1 a D\u00e1vid Gy\u0151ri.<\/strong>\u00a0Na preteky odch\u00e1dzali zo s\u00fastredenia, ktor\u00e9 absolvovali zo svojimi tr\u00e9nermi v kom\u00e1r\u0148anskej kajak\u00e1rni.\u00a0<\/p>\n\n\n\n<figure class=\"wp-block-image size-full\"><img decoding=\"async\" width=\"960\" height=\"720\" src=\"https:\/\/kajak.22projects.sk\/wp-content\/uploads\/2023\/02\/INTER-202201.jpg\" alt=\"\" class=\"wp-image-2663\" srcset=\"https:\/\/kajakkomarno.sk\/wp-content\/uploads\/2023\/02\/INTER-202201.jpg 960w, https:\/\/kajakkomarno.sk\/wp-content\/uploads\/2023\/02\/INTER-202201-450x338.jpg 450w, https:\/\/kajakkomarno.sk\/wp-content\/uploads\/2023\/02\/INTER-202201-768x576.jpg 768w\" sizes=\"(max-width: 960px) 100vw, 960px\" \/><\/figure>\n\n\n\n<p><em><strong>Svojimi v\u00fdkonmi na Poh\u00e1ri Interu&nbsp; pote\u0161ili aj pretek\u00e1ri od 13 rokov a\u017e po veter\u00e1nov.&nbsp;<\/strong><\/em><\/p>\n\n\n\n<p>V jednotlivcoch\u00a0 si prvenstv\u00e1 vybojovali:\u00a0<strong>Diana Markovi\u010dov\u00e1, Nadine \u010eur\u010dov\u00e1, Michaela Zrnekov\u00e1, Michal T\u00f3th,\u00a0 Nat\u00e1lia Szencziov\u00e1,\u00a0 Zo\u00e9 B\u00f3nov\u00e1, M\u00e1t\u00e9 Marsal, R\u00e9ka Bug\u00e1r, Dominik Doktor\u00edk, \u013dudov\u00edt T\u00f3th,\u00a0 Laura\u00a0 \u0150ri, S\u00e1ra So\u00f3s a Anna Doktor\u00edkov\u00e1 .<br>Medzi naj\u00faspe\u0161nej\u0161\u00edch pretek\u00e1rov sa zaradila juniorka\u00a0\u00a0<em>R\u00e9ka Bug\u00e1r<\/em>, ktor\u00e1 zv\u00ed\u0165azila vo v\u0161etk\u00fdch \u0161tyroch fin\u00e1lov\u00fdch jazd\u00e1ch na 1000 m a 200 metrovej trati.<\/strong><\/p>\n\n\n\n<p><\/p>\n\n\n\n<figure class=\"wp-block-image size-full\"><img decoding=\"async\" width=\"960\" height=\"640\" src=\"https:\/\/kajak.22projects.sk\/wp-content\/uploads\/2023\/02\/INTER-202208.jpg\" alt=\"\" class=\"wp-image-2665\" srcset=\"https:\/\/kajakkomarno.sk\/wp-content\/uploads\/2023\/02\/INTER-202208.jpg 960w, https:\/\/kajakkomarno.sk\/wp-content\/uploads\/2023\/02\/INTER-202208-450x300.jpg 450w, https:\/\/kajakkomarno.sk\/wp-content\/uploads\/2023\/02\/INTER-202208-768x512.jpg 768w\" sizes=\"(max-width: 960px) 100vw, 960px\" \/><\/figure>\n\n\n\n<p><strong>Kajak &amp; kanoe klub Kom\u00e1rno sa stal v celkovom hodnoten\u00ed v\u00ed\u0165azom tak v medailovej bilancii,&nbsp; ako aj v celkovom bodovom hodnoten\u00ed t\u00edmov.&nbsp;<\/strong><\/p>\n\n\n\n<p><strong>Na\u0161i pretek\u00e1ri si celkovo vybojovali 58 medailov\u00fdch umiestnen\u00ed:<\/strong><\/p>\n\n\n\n<p><strong>&nbsp;1.miesto&nbsp; &nbsp;24 x&nbsp;<\/strong><\/p>\n\n\n\n<p><strong>&nbsp;2. miesto&nbsp; 20 x<\/strong><\/p>\n\n\n\n<p><strong>&nbsp;3.miesto&nbsp; &nbsp;14 x<\/strong><\/p>\n\n\n\n<p><strong>V Poh\u00e1ri t\u00edmov bolo poradie nasledovn\u00e9:<\/strong><\/p>\n\n\n\n<p><strong>1. Kajak &amp; kanoe klub Kom\u00e1rno&nbsp; &nbsp;<\/strong><\/p>\n\n\n\n<p><strong>2. Kanoistick\u00fd klub TTS Tren\u010d\u00edn<\/strong><\/p>\n\n\n\n<p><strong>3. Kajak-kanoe Pie\u0161\u0165any&nbsp; &nbsp; &nbsp; &nbsp; &nbsp;&nbsp;<\/strong><\/p>\n\n\n\n<p><strong>BLAHO\u017dEL\u00c1ME&nbsp; A \u010eAKUJEME ZA \u00daSPE\u0160N\u00da REPREZENT\u00c1CIU KLUBU&nbsp;&nbsp;<\/strong><\/p>\n\n\n\n<p><strong>V\u00ddSLEDKY PRETEK\u00c1ROV KAJAK &amp; KANOE KLUBU KOM\u00c1RNO<\/strong><\/p>\n\n\n\n<p><strong>SOBOTA<\/strong><\/p>\n\n\n\n<p><strong>2000 m<\/strong><\/p>\n\n\n\n<p>K2 diev\u010dat\u00e1 11 a 12 ro\u010dn\u00e9-&nbsp; 2. Adela Lopatov\u00e1-Lilian Kr\u0161te\u0148ansk\u00e1, 3. Sz\u00f3fia Nagy- Gr\u00e9ta Dos\u00fadilov\u00e1, 8. Emma Cserepes- Bettina B\u00e1nfalvy,&nbsp; 10. Szofie Ruhnen- Linda Kore\u0148ov\u00e1 \/\u0160AM\/<\/p>\n\n\n\n<p>K1 chlapci 12 ro\u010dn\u00ed- 1. Alex \u00d3dor, 6. D\u00e1vid Gy\u0151ri, 12. M\u00e1rk Hovorka, 20. Andrej Turza,&nbsp;<\/p>\n\n\n\n<p>K1 chlapci 11 ro\u010dn\u00ed- 1.Tom\u00e1\u0161 \u0150ri, 5.Markus Bel\u00e1n, 9.\u00d6rs Hunor Koczka,&nbsp; 22.Teodor Kocsis, 25. D\u00e1vid Berecz,<\/p>\n\n\n\n<p><strong>1000 m<\/strong><\/p>\n\n\n\n<p>K1 chlapci 10 ro\u010dn\u00ed-&nbsp; 4.Ladislav Markovi\u010d, 12. Adam Gad\u017euri\u010d,16. Merse Vince Z\u00e1mori&nbsp;<\/p>\n\n\n\n<p>K1 diev\u010dat\u00e1 10 ro\u010dn\u00e9-&nbsp; 3. Gr\u00e9ta Nagy<\/p>\n\n\n\n<p>K1 chlapci 9 ro\u010dn\u00ed-&nbsp; 4. Adam Gy\u0151ri&nbsp;&nbsp;<\/p>\n\n\n\n<p>K2 diev\u010dat\u00e1 13 a 14 ro\u010dn\u00e9- 2. Diana Markovi\u010dov\u00e1- Michaela Zrnekov\u00e1, 3. Lucia Dem\u00e1\u010dekov\u00e1-Nadine \u010eur\u010dov\u00e1,&nbsp; 8. R\u00e9ka Kert\u00e9sz- D\u00f3ra V\u00e1mos<\/p>\n\n\n\n<p>K1 veter\u00e1ni- 4. Marek \u010eur\u010do,<\/p>\n\n\n\n<p>K1 mu\u017ei-&nbsp; 9. Szil\u00e1rd B\u00f3na<\/p>\n\n\n\n<p>K1 veter\u00e1nky-&nbsp; 2.Anna Doktor\u00edkov\u00e1<\/p>\n\n\n\n<p>K1 \u017eeny- 3 .S\u00e1ra So\u00f3s<\/p>\n\n\n\n<p>C1 \u017eeny-&nbsp; 2.Aneta Jel\u00ednkov\u00e1<\/p>\n\n\n\n<p>K1 juniori- 2. \u013dudov\u00edt T\u00f3th, 4. Dominik Doktor\u00edk, 5. Filip Podleiszek, 8. Tom\u00e1\u0161 Farka\u0161&nbsp;<\/p>\n\n\n\n<p>C1 juniori-&nbsp; 4.Attila Moln\u00e1r,&nbsp; 5. Imre Fazekas<\/p>\n\n\n\n<p>K1 juniorky-&nbsp; 1.R\u00e9ka Bug\u00e1r, 9. Vikt\u00f3ria Kov\u00e1cs<\/p>\n\n\n\n<p>C1 juniorky-&nbsp; 1.Laura&nbsp; \u0150ri<\/p>\n\n\n\n<p>K1 kadeti B- 1 .M\u00e1rk Ikr\u00e9ni&nbsp; (10.),&nbsp; 2. Dominik Nagy(11.),&nbsp;&nbsp;<\/p>\n\n\n\n<p>K1 kadeti A-&nbsp; 5. Luk\u00e1\u0161 Grolmus,&nbsp; 6.M\u00e1t\u00e9 Marsal, 9.Peter Teo Luk\u00e1\u010d<\/p>\n\n\n\n<p>C1 kadeti-&nbsp; 6.M\u00e1rio T\u00e9gl\u00e1s<\/p>\n\n\n\n<p>C1 kadetky-&nbsp; 1.Zo\u00e9 B\u00f3nov\u00e1,&nbsp; 3. Nat\u00e1lia Szencziov\u00e1&nbsp;&nbsp;<\/p>\n\n\n\n<p>K2 chlapci 13 a 14 ro\u010dn\u00ed-&nbsp; 2.Michal T\u00f3th-Matej Lopata, ( Samuel Dem\u00e1\u010dek- Jakub Bartol\u010di\u010d<\/p>\n\n\n\n<p>\/ UKB\/-diskvalif. v\u00e1ha&nbsp; ,&nbsp;<\/p>\n\n\n\n<p>K1 diev\u010dat\u00e1 14 ro\u010dn\u00e9- 1.Nadine \u010eur\u010dov\u00e1, 2.Michaela Zrnekov\u00e1, 8.Lucia Dem\u00e1\u010dekov\u00e1,&nbsp;&nbsp;<\/p>\n\n\n\n<p>K1 diev\u010dat\u00e1 13 ro\u010dn\u00e9-&nbsp; 1. Diana Markovi\u010dov\u00e1, 7.R\u00e9ka Kert\u00e9szov\u00e1,&nbsp; 9.V\u00e1mos Panna&nbsp; &nbsp;<\/p>\n\n\n\n<p>K2 veter\u00e1nky- 1. Anna Doktor\u00edkov\u00e1- Lucia Weber \/ WBK\/<\/p>\n\n\n\n<p>K2 \u017eeny- 1. S\u00e1ra So\u00f3s-Nina Hol\u00e1&nbsp; \/ NOV\/&nbsp;<\/p>\n\n\n\n<p>K2 juniori-&nbsp; 1.Dominik Doktor\u00edk- \u013dudov\u00edt T\u00f3th, 6.Filip Podleiszek- Tom\u00e1\u0161 Farka\u0161<\/p>\n\n\n\n<p>K2 juniorky- 1. R\u00e9kaBug\u00e1r- Liliana Ga\u00e1l \/ BUD\/&nbsp;<\/p>\n\n\n\n<p>C2 kadeti-&nbsp; 3.M\u00e1rio T\u00e9gl\u00e1s- F\u00e9lix M\u00e1del \/ TTS\/<\/p>\n\n\n\n<p>C2 kadetky-&nbsp; 1. Nat\u00e1lia Szencziov\u00e1-Vivien Stehl\u00edk \/\u0160AM\/<\/p>\n\n\n\n<p>K1 chlapci 14&nbsp; ro\u010dn\u00ed &#8211; 1.Michal T\u00f3th, 4.Matej Lopata, 5. Samuel Dem\u00e1\u010dek<\/p>\n\n\n\n<p>K1 chlapci 13&nbsp; ro\u010dn\u00ed-&nbsp; &nbsp;4. D\u00e1vid Zauko,&nbsp; 7.D\u00e1vid Hodek, 9. Patrice Muhar<\/p>\n\n\n\n<p>K2 kadeti-&nbsp; &nbsp;2.M\u00e1t\u00e9 Marsal- M\u00e1t\u00e9 Lepi \/ \u0160AM\/,&nbsp; 4. Peter Teo Luk\u00e1\u010d-Dominik Nagy,&nbsp; 5. Mat\u00fa\u0161 Kinczer- Adrian Fazekas \/ \u0160AM\/<\/p>\n\n\n\n<p><strong>NEDE\u013dA&nbsp;<\/strong><\/p>\n\n\n\n<p><strong>2000 m<\/strong><\/p>\n\n\n\n<p>K2 chlapci 11 a 12 ro\u010dn\u00ed-&nbsp; 2 . Alex \u00d3dor-D\u00e1vid Gy\u0151ri, 5. Tom\u00e1\u0161 \u0150ri &#8211; M\u00e1rk Hovorka,&nbsp;<\/p>\n\n\n\n<p>7. Hunor \u00d6rs Koczka- Andrej Turza, 12. D\u00e1vid Berecz- Bencze Hatos<\/p>\n\n\n\n<p>K1 diev\u010dat\u00e1 12 ro\u010dn\u00e9-&nbsp; 5. Adela Lopatov\u00e1, 6.Lilian Kr\u0161te\u0148ansk\u00e1, 17.Sophie Ruhanen,&nbsp;<\/p>\n\n\n\n<p>K1 diev\u010dat\u00e1 11ro\u010dn\u00e9 &#8211;&nbsp; 2. Sz\u00f3fia Nagy, 3.Gr\u00e9ta Dos\u00fadilov\u00e1, 7.Emma Cserepes,&nbsp; 9. Bettina B\u00e1nfalvy<\/p>\n\n\n\n<p><strong>1000 m<\/strong><\/p>\n\n\n\n<p>K1 chlapci 10 ro\u010dn\u00ed-&nbsp; 2.Ladislav Markovi\u010d, 6. Adam Gad\u017euri\u010d,13. Merse Vince Z\u00e1mori&nbsp;<\/p>\n\n\n\n<p>K1 diev\u010dat\u00e1 10 ro\u010dn\u00e9-&nbsp; 1. Gr\u00e9ta Nagy<\/p>\n\n\n\n<p>K1 chlapci 9 ro\u010dn\u00ed-&nbsp; 4. Adam Gy\u0151ri&nbsp;&nbsp;<\/p>\n\n\n\n<p><strong>200 m<\/strong><\/p>\n\n\n\n<p>K2 diev\u010dat\u00e1 13 a 14 ro\u010dn\u00e9- 1. Diana Markovi\u010dov\u00e1- Michaela Zrnekov\u00e1, 2. Lucia Dem\u00e1\u010dekov\u00e1-Nadine \u010eur\u010dov\u00e1,&nbsp; 7. R\u00e9ka Kert\u00e9sz- D\u00f3ra V\u00e1mos<\/p>\n\n\n\n<p>K1 veter\u00e1ni- 3. Gabriel Zirkelbach, 7. Marek \u010eur\u010do,&nbsp;&nbsp;<\/p>\n\n\n\n<p>K1 mu\u017ei-&nbsp; 5. Szil\u00e1rd B\u00f3na<\/p>\n\n\n\n<p>K1 veter\u00e1nky-&nbsp; 3.Anna Doktor\u00edkov\u00e1<\/p>\n\n\n\n<p>K1 \u017eeny-&nbsp; 2.S\u00e1ra So\u00f3s<\/p>\n\n\n\n<p>C1 \u017eeny-&nbsp; 3.Aneta Jel\u00ednkov\u00e1<\/p>\n\n\n\n<p>K1 juniori- 1. Dominik Doktor\u00edk, 4. \u013dudov\u00edt T\u00f3th, 7.Filip Podleiszek,<\/p>\n\n\n\n<p>C1 juniori-&nbsp; 2.Attila Moln\u00e1r, 4. Imre Fazekas&nbsp;&nbsp;<\/p>\n\n\n\n<p>K1 juniorky-&nbsp; 1.R\u00e9ka Bug\u00e1r, 9.Vikt\u00f3ria Kov\u00e1cs&nbsp;&nbsp;<\/p>\n\n\n\n<p>C1 juniorky-&nbsp; 1.Laura&nbsp; \u0150ri&nbsp;&nbsp;<\/p>\n\n\n\n<p>K1 kadeti B- 3.Dominik Nagy(12.),&nbsp; 4.Mat\u00fa\u0161 Kinczer (13.)&nbsp; &nbsp;<\/p>\n\n\n\n<p>K1 kadeti A-&nbsp; 2.M\u00e1t\u00e9 Marsal,3. Luk\u00e1\u0161 Grolmus, 7. M\u00e1rk Ikr\u00e9ni&nbsp;<\/p>\n\n\n\n<p>C1 kadeti-&nbsp; 5.M\u00e1rio T\u00e9gl\u00e1s&nbsp; &nbsp;<\/p>\n\n\n\n<p>C1 kadetky-&nbsp; 1.Zo\u00e9 B\u00f3nov\u00e1,&nbsp; 3. Nat\u00e1lia Szencziov\u00e1&nbsp; &nbsp;<\/p>\n\n\n\n<p>K2 chlapci 13 a 14 ro\u010dn\u00ed-&nbsp; 2.Michal T\u00f3th-Matej Lopata,&nbsp; 3.Samuel Dem\u00e1\u010dek- Jakub Bartol\u010di\u010d<\/p>\n\n\n\n<p>\/ UKB\/<\/p>\n\n\n\n<p>K1 diev\u010dat\u00e1 14 ro\u010dn\u00e9- 3.Michaela Zrnekov\u00e1, 6.Nadine \u010eur\u010dov\u00e1,&nbsp; 8.Lucia Dem\u00e1\u010dekov\u00e1,&nbsp;&nbsp;<\/p>\n\n\n\n<p>K1 diev\u010dat\u00e1 13 ro\u010dn\u00e9-&nbsp; 1. Diana Markovi\u010dov\u00e1, 7.R\u00e9ka Kert\u00e9szov\u00e1,&nbsp;&nbsp;<\/p>\n\n\n\n<p>K2 veter\u00e1ni-&nbsp; 2. Gabriel Zirkelbach- Martin Bla\u017eek \/ UKB\/<\/p>\n\n\n\n<p>K2 \u017eeny- S\u00e1ra So\u00f3s-Nina Hol\u00e1&nbsp; \/ NOV\/&nbsp; diskvalifik\u00e1cia-v\u00e1ha<\/p>\n\n\n\n<p>K2 veter\u00e1nky- 2. Anna Doktor\u00edkov\u00e1- Lucia Weber \/ WBK\/<\/p>\n\n\n\n<p>K2 juniori-&nbsp; 1. Dominik Doktor\u00edk- \u013dudov\u00edt T\u00f3th, 5.Filip Podleiszek- Tom\u00e1\u0161 Farka\u0161<\/p>\n\n\n\n<p>K2 juniorky- 1. R\u00e9kaBug\u00e1r- Sofia Bergendi&nbsp; \/ ZLP\/&nbsp;<\/p>\n\n\n\n<p>K2 kadeti-&nbsp; &nbsp;1.M\u00e1t\u00e9 Marsal- M\u00e1t\u00e9 Lepi \/ \u0160AM\/, 2. M\u00e1rk Ikr\u00e9ni- Luk\u00e1\u0161 Grolmus,6. Mat\u00fa\u0161 Kinczer- Adri\u00e1n Fazekas \/\u0160AM\/ ,&nbsp; 7. Peter Teo Luk\u00e1\u010d-Dominik Nagy,&nbsp;&nbsp;<\/p>\n\n\n\n<p>C2 kadeti-&nbsp; 2. M\u00e1rio T\u00e9gl\u00e1s- F\u00e9lix M\u00e1del \/ TTS\/<\/p>\n\n\n\n<p>C2 kadetky-&nbsp; 1. Nat\u00e1lia Szencziov\u00e1-Vivien Stehl\u00edk \/\u0160AM\/<\/p>\n\n\n\n<p>K1 chlapci 14&nbsp; ro\u010dn\u00ed &#8211; 4.Matej Lopata, 9.Michal T\u00f3th<\/p>\n\n\n\n<p>K1 chlapci 13\u00a0 ro\u010dn\u00ed-\u00a0 5. D\u00e1vid Zauko,\u00a0 9.D\u00e1vid Hodek<\/p>\n\n\n\n<p><\/p>\n\n\n\n<figure class=\"wp-block-image size-full\"><img loading=\"lazy\" decoding=\"async\" width=\"960\" height=\"720\" src=\"https:\/\/kajak.22projects.sk\/wp-content\/uploads\/2023\/02\/INTER-202206.jpg\" alt=\"\" class=\"wp-image-2667\" srcset=\"https:\/\/kajakkomarno.sk\/wp-content\/uploads\/2023\/02\/INTER-202206.jpg 960w, https:\/\/kajakkomarno.sk\/wp-content\/uploads\/2023\/02\/INTER-202206-450x338.jpg 450w, https:\/\/kajakkomarno.sk\/wp-content\/uploads\/2023\/02\/INTER-202206-768x576.jpg 768w\" sizes=\"(max-width: 960px) 100vw, 960px\" \/><figcaption class=\"wp-element-caption\">Suver\u00e9nna v\u00ed\u0165azka diev\u010dat 13 ro\u010dn\u00fdch na\u00a0 1000 m a 200 m trati &#8211; Diana Markovi\u010dov\u00e1\u00a0<\/figcaption><\/figure>\n\n\n\n<figure class=\"wp-block-image size-full\"><img loading=\"lazy\" decoding=\"async\" width=\"960\" height=\"640\" src=\"https:\/\/kajak.22projects.sk\/wp-content\/uploads\/2023\/02\/INTER-202207.jpg\" alt=\"\" class=\"wp-image-2669\" srcset=\"https:\/\/kajakkomarno.sk\/wp-content\/uploads\/2023\/02\/INTER-202207.jpg 960w, https:\/\/kajakkomarno.sk\/wp-content\/uploads\/2023\/02\/INTER-202207-450x300.jpg 450w, https:\/\/kajakkomarno.sk\/wp-content\/uploads\/2023\/02\/INTER-202207-768x512.jpg 768w\" sizes=\"(max-width: 960px) 100vw, 960px\" \/><figcaption class=\"wp-element-caption\">Junior Tom\u00e1\u0161 Farka\u0161 sa po zdravotn\u00fdch probl\u00e9moch vr\u00e1til na vodu<\/figcaption><\/figure>\n\n\n\n<figure class=\"wp-block-image size-full\"><img loading=\"lazy\" decoding=\"async\" width=\"960\" height=\"640\" src=\"https:\/\/kajak.22projects.sk\/wp-content\/uploads\/2023\/02\/INTER-202209.jpg\" alt=\"\" class=\"wp-image-2671\" srcset=\"https:\/\/kajakkomarno.sk\/wp-content\/uploads\/2023\/02\/INTER-202209.jpg 960w, https:\/\/kajakkomarno.sk\/wp-content\/uploads\/2023\/02\/INTER-202209-450x300.jpg 450w, https:\/\/kajakkomarno.sk\/wp-content\/uploads\/2023\/02\/INTER-202209-768x512.jpg 768w\" sizes=\"(max-width: 960px) 100vw, 960px\" \/><figcaption class=\"wp-element-caption\">\u00a0Juniorka Laura\u00a0 \u0150ri v\u00ed\u0165azne na oboch tratiach\u00a0<\/figcaption><\/figure>\n\n\n\n<figure class=\"wp-block-image size-full\"><img loading=\"lazy\" decoding=\"async\" width=\"960\" height=\"640\" src=\"https:\/\/kajak.22projects.sk\/wp-content\/uploads\/2023\/02\/INTER-202210.jpg\" alt=\"\" class=\"wp-image-2673\" srcset=\"https:\/\/kajakkomarno.sk\/wp-content\/uploads\/2023\/02\/INTER-202210.jpg 960w, https:\/\/kajakkomarno.sk\/wp-content\/uploads\/2023\/02\/INTER-202210-450x300.jpg 450w, https:\/\/kajakkomarno.sk\/wp-content\/uploads\/2023\/02\/INTER-202210-768x512.jpg 768w\" sizes=\"(max-width: 960px) 100vw, 960px\" \/><figcaption class=\"wp-element-caption\">Vo fin\u00e1le junioriek sa predstavila Vikt\u00f3ria Kov\u00e1cs<\/figcaption><\/figure>\n\n\n\n<figure class=\"wp-block-image size-full\"><img loading=\"lazy\" decoding=\"async\" width=\"960\" height=\"640\" src=\"https:\/\/kajak.22projects.sk\/wp-content\/uploads\/2023\/02\/INTER-202211.jpg\" alt=\"\" class=\"wp-image-2675\" srcset=\"https:\/\/kajakkomarno.sk\/wp-content\/uploads\/2023\/02\/INTER-202211.jpg 960w, https:\/\/kajakkomarno.sk\/wp-content\/uploads\/2023\/02\/INTER-202211-450x300.jpg 450w, https:\/\/kajakkomarno.sk\/wp-content\/uploads\/2023\/02\/INTER-202211-768x512.jpg 768w\" sizes=\"(max-width: 960px) 100vw, 960px\" \/><figcaption class=\"wp-element-caption\">\u00a0\u00a0Kadet M\u00e1t\u00e9 Marsal potvrdzuje svoje kvality v K2 a v K1, s medailovou bilanciou : 1 \u2013 2 \u2013 0<\/figcaption><\/figure>\n\n\n\n<figure class=\"wp-block-image size-full\"><img loading=\"lazy\" decoding=\"async\" width=\"960\" height=\"640\" src=\"https:\/\/kajak.22projects.sk\/wp-content\/uploads\/2023\/02\/INTER-202212-1.jpg\" alt=\"\" class=\"wp-image-2679\" srcset=\"https:\/\/kajakkomarno.sk\/wp-content\/uploads\/2023\/02\/INTER-202212-1.jpg 960w, https:\/\/kajakkomarno.sk\/wp-content\/uploads\/2023\/02\/INTER-202212-1-450x300.jpg 450w, https:\/\/kajakkomarno.sk\/wp-content\/uploads\/2023\/02\/INTER-202212-1-768x512.jpg 768w\" sizes=\"(max-width: 960px) 100vw, 960px\" \/><figcaption class=\"wp-element-caption\">Luk\u00e1\u0161 Grolmus na dvestovke v K1\u00a0 3. a v K2 spolo\u010dne s M\u00e1rkom Ikr\u00e9nim na\u00a0 2.mieste\u00a0<\/figcaption><\/figure>\n\n\n\n<figure class=\"wp-block-image size-full\"><img loading=\"lazy\" decoding=\"async\" width=\"960\" height=\"640\" src=\"https:\/\/kajak.22projects.sk\/wp-content\/uploads\/2023\/02\/INTER-202213.jpg\" alt=\"\" class=\"wp-image-2681\" srcset=\"https:\/\/kajakkomarno.sk\/wp-content\/uploads\/2023\/02\/INTER-202213.jpg 960w, https:\/\/kajakkomarno.sk\/wp-content\/uploads\/2023\/02\/INTER-202213-450x300.jpg 450w, https:\/\/kajakkomarno.sk\/wp-content\/uploads\/2023\/02\/INTER-202213-768x512.jpg 768w\" sizes=\"(max-width: 960px) 100vw, 960px\" \/><figcaption class=\"wp-element-caption\">V\u00fdkonmi pote\u0161ili aj 14 ro\u010dn\u00e9 diev\u010dat\u00e1 Nadine \u010eur\u010dov\u00e1 a Lucia Dem\u00e1\u010dekov\u00e1\u00a0<\/figcaption><\/figure>\n\n\n\n<figure class=\"wp-block-image size-full\"><img loading=\"lazy\" decoding=\"async\" width=\"960\" height=\"640\" src=\"https:\/\/kajak.22projects.sk\/wp-content\/uploads\/2023\/02\/INTER-202214.jpg\" alt=\"\" class=\"wp-image-2683\" srcset=\"https:\/\/kajakkomarno.sk\/wp-content\/uploads\/2023\/02\/INTER-202214.jpg 960w, https:\/\/kajakkomarno.sk\/wp-content\/uploads\/2023\/02\/INTER-202214-450x300.jpg 450w, https:\/\/kajakkomarno.sk\/wp-content\/uploads\/2023\/02\/INTER-202214-768x512.jpg 768w\" sizes=\"(max-width: 960px) 100vw, 960px\" \/><figcaption class=\"wp-element-caption\">\u00a0Szil\u00e1rd B\u00f3na si fin\u00e1lov\u00e9 jazdy v kateg\u00f3rii mu\u017eov u\u017e\u00edva naplno<\/figcaption><\/figure>\n\n\n\n<figure class=\"wp-block-image size-full\"><img loading=\"lazy\" decoding=\"async\" width=\"960\" height=\"640\" src=\"https:\/\/kajak.22projects.sk\/wp-content\/uploads\/2023\/02\/INTER-202215.jpg\" alt=\"\" class=\"wp-image-2685\" srcset=\"https:\/\/kajakkomarno.sk\/wp-content\/uploads\/2023\/02\/INTER-202215.jpg 960w, https:\/\/kajakkomarno.sk\/wp-content\/uploads\/2023\/02\/INTER-202215-450x300.jpg 450w, https:\/\/kajakkomarno.sk\/wp-content\/uploads\/2023\/02\/INTER-202215-768x512.jpg 768w\" sizes=\"(max-width: 960px) 100vw, 960px\" \/><figcaption class=\"wp-element-caption\">\u00a0S\u00e1ra So\u00f3s v kateg\u00f3rii \u017eien bodovala aj na Poh\u00e1ri Interu<\/figcaption><\/figure>\n\n\n\n<figure class=\"wp-block-image size-full\"><img loading=\"lazy\" decoding=\"async\" width=\"960\" height=\"640\" src=\"https:\/\/kajak.22projects.sk\/wp-content\/uploads\/2023\/02\/INTER-202216.jpg\" alt=\"\" class=\"wp-image-2687\" srcset=\"https:\/\/kajakkomarno.sk\/wp-content\/uploads\/2023\/02\/INTER-202216.jpg 960w, https:\/\/kajakkomarno.sk\/wp-content\/uploads\/2023\/02\/INTER-202216-450x300.jpg 450w, https:\/\/kajakkomarno.sk\/wp-content\/uploads\/2023\/02\/INTER-202216-768x512.jpg 768w\" sizes=\"(max-width: 960px) 100vw, 960px\" \/><figcaption class=\"wp-element-caption\">Kanoistka Aneta Jel\u00ednkov\u00e1 je so svojim v\u00fdkonom spokojn\u00e1\u00a0<\/figcaption><\/figure>\n\n\n\n<figure class=\"wp-block-image size-full\"><img loading=\"lazy\" decoding=\"async\" width=\"960\" height=\"640\" src=\"https:\/\/kajak.22projects.sk\/wp-content\/uploads\/2023\/02\/INTER-202217.jpg\" alt=\"\" class=\"wp-image-2689\" srcset=\"https:\/\/kajakkomarno.sk\/wp-content\/uploads\/2023\/02\/INTER-202217.jpg 960w, https:\/\/kajakkomarno.sk\/wp-content\/uploads\/2023\/02\/INTER-202217-450x300.jpg 450w, https:\/\/kajakkomarno.sk\/wp-content\/uploads\/2023\/02\/INTER-202217-768x512.jpg 768w\" sizes=\"(max-width: 960px) 100vw, 960px\" \/><figcaption class=\"wp-element-caption\">Na svoju fin\u00e1lov\u00fa jazdu sa s\u00fastre\u010fuje kadet M\u00e1rio T\u00e9gl\u00e1s<\/figcaption><\/figure>\n\n\n\n<figure class=\"wp-block-image size-full\"><img loading=\"lazy\" decoding=\"async\" width=\"960\" height=\"640\" src=\"https:\/\/kajak.22projects.sk\/wp-content\/uploads\/2023\/02\/INTER-202218.jpg\" alt=\"\" class=\"wp-image-2691\" srcset=\"https:\/\/kajakkomarno.sk\/wp-content\/uploads\/2023\/02\/INTER-202218.jpg 960w, https:\/\/kajakkomarno.sk\/wp-content\/uploads\/2023\/02\/INTER-202218-450x300.jpg 450w, https:\/\/kajakkomarno.sk\/wp-content\/uploads\/2023\/02\/INTER-202218-768x512.jpg 768w\" sizes=\"(max-width: 960px) 100vw, 960px\" \/><figcaption class=\"wp-element-caption\">\u00a0D\u00e1vid Hodek, 13 ro\u010dn\u00fd kajak\u00e1r, si v K1 vybojoval dve fin\u00e1lov\u00e9 \u00fa\u010dasti<\/figcaption><\/figure>\n\n\n\n<figure class=\"wp-block-image size-full\"><img loading=\"lazy\" decoding=\"async\" width=\"960\" height=\"640\" src=\"https:\/\/kajak.22projects.sk\/wp-content\/uploads\/2023\/02\/INTER-202219.jpg\" alt=\"\" class=\"wp-image-2693\" srcset=\"https:\/\/kajakkomarno.sk\/wp-content\/uploads\/2023\/02\/INTER-202219.jpg 960w, https:\/\/kajakkomarno.sk\/wp-content\/uploads\/2023\/02\/INTER-202219-450x300.jpg 450w, https:\/\/kajakkomarno.sk\/wp-content\/uploads\/2023\/02\/INTER-202219-768x512.jpg 768w\" sizes=\"(max-width: 960px) 100vw, 960px\" \/><figcaption class=\"wp-element-caption\">Zo\u00e9 B\u00f3nov\u00e1\u00a0 v C1 kadetiek zv\u00ed\u0165azila na 200 m a 1000 m trati<\/figcaption><\/figure>\n\n\n\n<figure class=\"wp-block-image size-full\"><img loading=\"lazy\" decoding=\"async\" width=\"960\" height=\"640\" src=\"https:\/\/kajak.22projects.sk\/wp-content\/uploads\/2023\/02\/INTER-202220.jpg\" alt=\"\" class=\"wp-image-2695\" srcset=\"https:\/\/kajakkomarno.sk\/wp-content\/uploads\/2023\/02\/INTER-202220.jpg 960w, https:\/\/kajakkomarno.sk\/wp-content\/uploads\/2023\/02\/INTER-202220-450x300.jpg 450w, https:\/\/kajakkomarno.sk\/wp-content\/uploads\/2023\/02\/INTER-202220-768x512.jpg 768w\" sizes=\"(max-width: 960px) 100vw, 960px\" \/><figcaption class=\"wp-element-caption\">\u00a0\u00a0\u00a014 ro\u010dn\u00e1 Nadine \u010eur\u010dov\u00e1 sa te\u0161ila z prvenstva v K1 na 1000 m trati<\/figcaption><\/figure>\n\n\n\n<figure class=\"wp-block-image size-full\"><img loading=\"lazy\" decoding=\"async\" width=\"960\" height=\"640\" src=\"https:\/\/kajak.22projects.sk\/wp-content\/uploads\/2023\/02\/INTER-202221.jpg\" alt=\"\" class=\"wp-image-2697\" srcset=\"https:\/\/kajakkomarno.sk\/wp-content\/uploads\/2023\/02\/INTER-202221.jpg 960w, https:\/\/kajakkomarno.sk\/wp-content\/uploads\/2023\/02\/INTER-202221-450x300.jpg 450w, https:\/\/kajakkomarno.sk\/wp-content\/uploads\/2023\/02\/INTER-202221-768x512.jpg 768w\" sizes=\"(max-width: 960px) 100vw, 960px\" \/><figcaption class=\"wp-element-caption\">\u00a0\u00a0Pre 14 ro\u010dn\u00fa Michaelu Zrnekov\u00fa odmena za jej v\u00fdkon:\u00a0 jedno v\u00ed\u0165azstvo, dve druh\u00e9 a jedno tretie miesto\u00a0 \u00a0<\/figcaption><\/figure>\n\n\n\n<figure class=\"wp-block-image size-full\"><img loading=\"lazy\" decoding=\"async\" width=\"960\" height=\"640\" src=\"https:\/\/kajak.22projects.sk\/wp-content\/uploads\/2023\/02\/INTER-202222.jpg\" alt=\"\" class=\"wp-image-2699\" srcset=\"https:\/\/kajakkomarno.sk\/wp-content\/uploads\/2023\/02\/INTER-202222.jpg 960w, https:\/\/kajakkomarno.sk\/wp-content\/uploads\/2023\/02\/INTER-202222-450x300.jpg 450w, https:\/\/kajakkomarno.sk\/wp-content\/uploads\/2023\/02\/INTER-202222-768x512.jpg 768w\" sizes=\"(max-width: 960px) 100vw, 960px\" \/><figcaption class=\"wp-element-caption\">\u00a0Juniori Dominik Doktor\u00edk a \u013dudov\u00edt T\u00f3th potvrdzuj\u00fa, \u017ee v spolo\u010dnej lodi im to lad\u00ed na jednotku<\/figcaption><\/figure>\n\n\n\n<figure class=\"wp-block-image size-full\"><img loading=\"lazy\" decoding=\"async\" width=\"960\" height=\"640\" src=\"https:\/\/kajak.22projects.sk\/wp-content\/uploads\/2023\/02\/INTER-202223.jpg\" alt=\"\" class=\"wp-image-2701\" srcset=\"https:\/\/kajakkomarno.sk\/wp-content\/uploads\/2023\/02\/INTER-202223.jpg 960w, https:\/\/kajakkomarno.sk\/wp-content\/uploads\/2023\/02\/INTER-202223-450x300.jpg 450w, https:\/\/kajakkomarno.sk\/wp-content\/uploads\/2023\/02\/INTER-202223-768x512.jpg 768w\" sizes=\"(max-width: 960px) 100vw, 960px\" \/><figcaption class=\"wp-element-caption\">Nat\u00e1lia Szencziov\u00e1 dvojn\u00e1sobn\u00e1 v\u00ed\u0165azka v C2<\/figcaption><\/figure>\n\n\n\n<figure class=\"wp-block-image size-full\"><img loading=\"lazy\" decoding=\"async\" width=\"960\" height=\"960\" src=\"https:\/\/kajak.22projects.sk\/wp-content\/uploads\/2023\/02\/INTER-202224.jpg\" alt=\"\" class=\"wp-image-2703\" srcset=\"https:\/\/kajakkomarno.sk\/wp-content\/uploads\/2023\/02\/INTER-202224.jpg 960w, https:\/\/kajakkomarno.sk\/wp-content\/uploads\/2023\/02\/INTER-202224-450x450.jpg 450w, https:\/\/kajakkomarno.sk\/wp-content\/uploads\/2023\/02\/INTER-202224-300x300.jpg 300w, https:\/\/kajakkomarno.sk\/wp-content\/uploads\/2023\/02\/INTER-202224-768x768.jpg 768w\" sizes=\"(max-width: 960px) 100vw, 960px\" \/><figcaption class=\"wp-element-caption\">\u00a014 ro\u010dn\u00fd Michal T\u00f3th na stupni v\u00ed\u0165azov\u00a0<\/figcaption><\/figure>\n\n\n\n<p><\/p>\n\n\n\n<p><\/p>\n\n\n\n<p><\/p>\n\n\n\n<p><\/p>\n\n\n\n<p><\/p>\n\n\n\n<p><\/p>\n\n\n\n<p><\/p>\n\n\n\n<p><\/p>\n\n\n\n<p><\/p>\n\n\n\n<p><\/p>\n\n\n\n<p><\/p>\n\n\n\n<p><\/p>\n\n\n\n<p><\/p>\n\n\n\n<p><\/p>\n","protected":false},"excerpt":{"rendered":"<p>V d\u0148och 23.07.2022 a 24.07.2022, po dvojt\u00fd\u017ed\u0148ovej pretek\u00e1rskej&nbsp; prest\u00e1vke,&nbsp; cestovalo&nbsp; 67 pretek\u00e1rov n\u00e1\u0161ho klubu na48. ro\u010dn\u00edk Poh\u00e1ra Interu na bratislavsk\u00fd Zemn\u00edk. Cestu na preteky im v\u0161ak znepr\u00edjemnil pokazen\u00fd vlek. O tom, \u017ee \u017eij\u00fa medzi nami \u013eudia, ktor\u00ed radi a ochotne pom\u00f4\u017eu, potvrdzuje&nbsp; aj&nbsp; p\u00e1n Zolt\u00e1n Asztalos, ktor\u00fd&nbsp; na prepravu kajakov na Zemn\u00edk zapo\u017ei\u010dal vlastn\u00fd vlek [&hellip;]<\/p>\n","protected":false},"author":1,"featured_media":2659,"comment_status":"open","ping_status":"open","sticky":false,"template":"","format":"standard","meta":{"inline_featured_image":false,"footnotes":""},"categories":[1],"tags":[],"class_list":["post-2658","post","type-post","status-publish","format-standard","has-post-thumbnail","hentry","category-novinky"],"acf":[],"yoast_head":"<!-- This site is optimized with the Yoast SEO plugin v26.6 - https:\/\/yoast.com\/wordpress\/plugins\/seo\/ -->\n<title>PRETEK\u00c1RI KOM\u00c1RNA NA POH\u00c1RI INTERU \u00daSPE\u0160N\u00cd - Kajak &amp; kanoe klub Kom\u00e1rno<\/title>\n<meta name=\"robots\" content=\"index, follow, max-snippet:-1, max-image-preview:large, max-video-preview:-1\" \/>\n<link rel=\"canonical\" href=\"https:\/\/kajakkomarno.sk\/novinky\/pretekari-komarna-na-pohari-interu-uspesni\/\" \/>\n<meta property=\"og:locale\" content=\"hu_HU\" \/>\n<meta property=\"og:type\" content=\"article\" \/>\n<meta property=\"og:title\" content=\"PRETEK\u00c1RI KOM\u00c1RNA NA POH\u00c1RI INTERU \u00daSPE\u0160N\u00cd - Kajak &amp; kanoe klub Kom\u00e1rno\" \/>\n<meta property=\"og:description\" content=\"V d\u0148och 23.07.2022 a 24.07.2022, po dvojt\u00fd\u017ed\u0148ovej pretek\u00e1rskej&nbsp; prest\u00e1vke,&nbsp; cestovalo&nbsp; 67 pretek\u00e1rov n\u00e1\u0161ho klubu na48. ro\u010dn\u00edk Poh\u00e1ra Interu na bratislavsk\u00fd Zemn\u00edk. Cestu na preteky im v\u0161ak znepr\u00edjemnil pokazen\u00fd vlek. O tom, \u017ee \u017eij\u00fa medzi nami \u013eudia, ktor\u00ed radi a ochotne pom\u00f4\u017eu, potvrdzuje&nbsp; aj&nbsp; p\u00e1n Zolt\u00e1n Asztalos, ktor\u00fd&nbsp; na prepravu kajakov na Zemn\u00edk zapo\u017ei\u010dal vlastn\u00fd vlek [&hellip;]\" \/>\n<meta property=\"og:url\" content=\"https:\/\/kajakkomarno.sk\/novinky\/pretekari-komarna-na-pohari-interu-uspesni\/\" \/>\n<meta property=\"og:site_name\" content=\"Kajak &amp; kanoe klub Kom\u00e1rno\" \/>\n<meta property=\"article:published_time\" content=\"2022-07-25T12:26:21+00:00\" \/>\n<meta property=\"article:modified_time\" content=\"2023-02-23T14:14:34+00:00\" \/>\n<meta property=\"og:image\" content=\"https:\/\/kajakkomarno.sk\/wp-content\/uploads\/2023\/02\/inter_2022_x_n.jpg\" \/>\n\t<meta property=\"og:image:width\" content=\"270\" \/>\n\t<meta property=\"og:image:height\" content=\"270\" \/>\n\t<meta property=\"og:image:type\" content=\"image\/jpeg\" \/>\n<meta name=\"author\" content=\"22media\" \/>\n<meta name=\"twitter:card\" content=\"summary_large_image\" \/>\n<meta name=\"twitter:label1\" content=\"Szerz\u0151:\" \/>\n\t<meta name=\"twitter:data1\" content=\"22media\" \/>\n\t<meta name=\"twitter:label2\" content=\"Becs\u00fclt olvas\u00e1si id\u0151\" \/>\n\t<meta name=\"twitter:data2\" content=\"12 perc\" \/>\n<script type=\"application\/ld+json\" class=\"yoast-schema-graph\">{\"@context\":\"https:\/\/schema.org\",\"@graph\":[{\"@type\":\"Article\",\"@id\":\"https:\/\/kajakkomarno.sk\/novinky\/pretekari-komarna-na-pohari-interu-uspesni\/#article\",\"isPartOf\":{\"@id\":\"https:\/\/kajakkomarno.sk\/novinky\/pretekari-komarna-na-pohari-interu-uspesni\/\"},\"author\":{\"name\":\"22media\",\"@id\":\"https:\/\/kajakkomarno.sk\/#\/schema\/person\/4e92804dad721346fd0d44b352a30cda\"},\"headline\":\"PRETEK\u00c1RI KOM\u00c1RNA NA POH\u00c1RI INTERU \u00daSPE\u0160N\u00cd\",\"datePublished\":\"2022-07-25T12:26:21+00:00\",\"dateModified\":\"2023-02-23T14:14:34+00:00\",\"mainEntityOfPage\":{\"@id\":\"https:\/\/kajakkomarno.sk\/novinky\/pretekari-komarna-na-pohari-interu-uspesni\/\"},\"wordCount\":1707,\"commentCount\":0,\"publisher\":{\"@id\":\"https:\/\/kajakkomarno.sk\/#organization\"},\"image\":{\"@id\":\"https:\/\/kajakkomarno.sk\/novinky\/pretekari-komarna-na-pohari-interu-uspesni\/#primaryimage\"},\"thumbnailUrl\":\"https:\/\/kajakkomarno.sk\/wp-content\/uploads\/2023\/02\/inter_2022_x_n.jpg\",\"articleSection\":[\"Novinky\"],\"inLanguage\":\"hu\",\"potentialAction\":[{\"@type\":\"CommentAction\",\"name\":\"Comment\",\"target\":[\"https:\/\/kajakkomarno.sk\/novinky\/pretekari-komarna-na-pohari-interu-uspesni\/#respond\"]}]},{\"@type\":\"WebPage\",\"@id\":\"https:\/\/kajakkomarno.sk\/novinky\/pretekari-komarna-na-pohari-interu-uspesni\/\",\"url\":\"https:\/\/kajakkomarno.sk\/novinky\/pretekari-komarna-na-pohari-interu-uspesni\/\",\"name\":\"PRETEK\u00c1RI KOM\u00c1RNA NA POH\u00c1RI INTERU \u00daSPE\u0160N\u00cd - Kajak &amp; kanoe klub Kom\u00e1rno\",\"isPartOf\":{\"@id\":\"https:\/\/kajakkomarno.sk\/#website\"},\"primaryImageOfPage\":{\"@id\":\"https:\/\/kajakkomarno.sk\/novinky\/pretekari-komarna-na-pohari-interu-uspesni\/#primaryimage\"},\"image\":{\"@id\":\"https:\/\/kajakkomarno.sk\/novinky\/pretekari-komarna-na-pohari-interu-uspesni\/#primaryimage\"},\"thumbnailUrl\":\"https:\/\/kajakkomarno.sk\/wp-content\/uploads\/2023\/02\/inter_2022_x_n.jpg\",\"datePublished\":\"2022-07-25T12:26:21+00:00\",\"dateModified\":\"2023-02-23T14:14:34+00:00\",\"breadcrumb\":{\"@id\":\"https:\/\/kajakkomarno.sk\/novinky\/pretekari-komarna-na-pohari-interu-uspesni\/#breadcrumb\"},\"inLanguage\":\"hu\",\"potentialAction\":[{\"@type\":\"ReadAction\",\"target\":[\"https:\/\/kajakkomarno.sk\/novinky\/pretekari-komarna-na-pohari-interu-uspesni\/\"]}]},{\"@type\":\"ImageObject\",\"inLanguage\":\"hu\",\"@id\":\"https:\/\/kajakkomarno.sk\/novinky\/pretekari-komarna-na-pohari-interu-uspesni\/#primaryimage\",\"url\":\"https:\/\/kajakkomarno.sk\/wp-content\/uploads\/2023\/02\/inter_2022_x_n.jpg\",\"contentUrl\":\"https:\/\/kajakkomarno.sk\/wp-content\/uploads\/2023\/02\/inter_2022_x_n.jpg\",\"width\":270,\"height\":270},{\"@type\":\"BreadcrumbList\",\"@id\":\"https:\/\/kajakkomarno.sk\/novinky\/pretekari-komarna-na-pohari-interu-uspesni\/#breadcrumb\",\"itemListElement\":[{\"@type\":\"ListItem\",\"position\":1,\"name\":\"Domov\",\"item\":\"https:\/\/kajakkomarno.sk\/hu\/fooldal\/\"},{\"@type\":\"ListItem\",\"position\":2,\"name\":\"Novinky\",\"item\":\"https:\/\/kajakkomarno.sk\/category\/novinky\/\"},{\"@type\":\"ListItem\",\"position\":3,\"name\":\"PRETEK\u00c1RI KOM\u00c1RNA NA POH\u00c1RI INTERU \u00daSPE\u0160N\u00cd\"}]},{\"@type\":\"WebSite\",\"@id\":\"https:\/\/kajakkomarno.sk\/#website\",\"url\":\"https:\/\/kajakkomarno.sk\/\",\"name\":\"Kajak &amp; kanoe klub Kom\u00e1rno\",\"description\":\"\",\"publisher\":{\"@id\":\"https:\/\/kajakkomarno.sk\/#organization\"},\"potentialAction\":[{\"@type\":\"SearchAction\",\"target\":{\"@type\":\"EntryPoint\",\"urlTemplate\":\"https:\/\/kajakkomarno.sk\/?s={search_term_string}\"},\"query-input\":{\"@type\":\"PropertyValueSpecification\",\"valueRequired\":true,\"valueName\":\"search_term_string\"}}],\"inLanguage\":\"hu\"},{\"@type\":\"Organization\",\"@id\":\"https:\/\/kajakkomarno.sk\/#organization\",\"name\":\"Kajak &amp; kanoe klub Kom\u00e1rno\",\"url\":\"https:\/\/kajakkomarno.sk\/\",\"logo\":{\"@type\":\"ImageObject\",\"inLanguage\":\"hu\",\"@id\":\"https:\/\/kajakkomarno.sk\/#\/schema\/logo\/image\/\",\"url\":\"https:\/\/kajakkomarno.sk\/wp-content\/uploads\/2022\/12\/kajak-kanoe-klub-komarno-optimized-opt.svg\",\"contentUrl\":\"https:\/\/kajakkomarno.sk\/wp-content\/uploads\/2022\/12\/kajak-kanoe-klub-komarno-optimized-opt.svg\",\"width\":307,\"height\":66,\"caption\":\"Kajak &amp; kanoe klub Kom\u00e1rno\"},\"image\":{\"@id\":\"https:\/\/kajakkomarno.sk\/#\/schema\/logo\/image\/\"}},{\"@type\":\"Person\",\"@id\":\"https:\/\/kajakkomarno.sk\/#\/schema\/person\/4e92804dad721346fd0d44b352a30cda\",\"name\":\"22media\",\"image\":{\"@type\":\"ImageObject\",\"inLanguage\":\"hu\",\"@id\":\"https:\/\/kajakkomarno.sk\/#\/schema\/person\/image\/\",\"url\":\"https:\/\/secure.gravatar.com\/avatar\/571bd97cd2f803bbffe6b5dc778f411cdc2d79d2c3c26bf2d4ca31723fb79fc2?s=96&d=mm&r=g\",\"contentUrl\":\"https:\/\/secure.gravatar.com\/avatar\/571bd97cd2f803bbffe6b5dc778f411cdc2d79d2c3c26bf2d4ca31723fb79fc2?s=96&d=mm&r=g\",\"caption\":\"22media\"},\"url\":\"https:\/\/kajakkomarno.sk\/hu\/author\/22media\/\"}]}<\/script>\n<!-- \/ Yoast SEO plugin. -->","yoast_head_json":{"title":"PRETEK\u00c1RI KOM\u00c1RNA NA POH\u00c1RI INTERU \u00daSPE\u0160N\u00cd - Kajak &amp; kanoe klub Kom\u00e1rno","robots":{"index":"index","follow":"follow","max-snippet":"max-snippet:-1","max-image-preview":"max-image-preview:large","max-video-preview":"max-video-preview:-1"},"canonical":"https:\/\/kajakkomarno.sk\/novinky\/pretekari-komarna-na-pohari-interu-uspesni\/","og_locale":"hu_HU","og_type":"article","og_title":"PRETEK\u00c1RI KOM\u00c1RNA NA POH\u00c1RI INTERU \u00daSPE\u0160N\u00cd - Kajak &amp; kanoe klub Kom\u00e1rno","og_description":"V d\u0148och 23.07.2022 a 24.07.2022, po dvojt\u00fd\u017ed\u0148ovej pretek\u00e1rskej&nbsp; prest\u00e1vke,&nbsp; cestovalo&nbsp; 67 pretek\u00e1rov n\u00e1\u0161ho klubu na48. ro\u010dn\u00edk Poh\u00e1ra Interu na bratislavsk\u00fd Zemn\u00edk. Cestu na preteky im v\u0161ak znepr\u00edjemnil pokazen\u00fd vlek. O tom, \u017ee \u017eij\u00fa medzi nami \u013eudia, ktor\u00ed radi a ochotne pom\u00f4\u017eu, potvrdzuje&nbsp; aj&nbsp; p\u00e1n Zolt\u00e1n Asztalos, ktor\u00fd&nbsp; na prepravu kajakov na Zemn\u00edk zapo\u017ei\u010dal vlastn\u00fd vlek [&hellip;]","og_url":"https:\/\/kajakkomarno.sk\/novinky\/pretekari-komarna-na-pohari-interu-uspesni\/","og_site_name":"Kajak &amp; kanoe klub Kom\u00e1rno","article_published_time":"2022-07-25T12:26:21+00:00","article_modified_time":"2023-02-23T14:14:34+00:00","og_image":[{"width":270,"height":270,"url":"https:\/\/kajakkomarno.sk\/wp-content\/uploads\/2023\/02\/inter_2022_x_n.jpg","type":"image\/jpeg"}],"author":"22media","twitter_card":"summary_large_image","twitter_misc":{"Szerz\u0151:":"22media","Becs\u00fclt olvas\u00e1si id\u0151":"12 perc"},"schema":{"@context":"https:\/\/schema.org","@graph":[{"@type":"Article","@id":"https:\/\/kajakkomarno.sk\/novinky\/pretekari-komarna-na-pohari-interu-uspesni\/#article","isPartOf":{"@id":"https:\/\/kajakkomarno.sk\/novinky\/pretekari-komarna-na-pohari-interu-uspesni\/"},"author":{"name":"22media","@id":"https:\/\/kajakkomarno.sk\/#\/schema\/person\/4e92804dad721346fd0d44b352a30cda"},"headline":"PRETEK\u00c1RI KOM\u00c1RNA NA POH\u00c1RI INTERU \u00daSPE\u0160N\u00cd","datePublished":"2022-07-25T12:26:21+00:00","dateModified":"2023-02-23T14:14:34+00:00","mainEntityOfPage":{"@id":"https:\/\/kajakkomarno.sk\/novinky\/pretekari-komarna-na-pohari-interu-uspesni\/"},"wordCount":1707,"commentCount":0,"publisher":{"@id":"https:\/\/kajakkomarno.sk\/#organization"},"image":{"@id":"https:\/\/kajakkomarno.sk\/novinky\/pretekari-komarna-na-pohari-interu-uspesni\/#primaryimage"},"thumbnailUrl":"https:\/\/kajakkomarno.sk\/wp-content\/uploads\/2023\/02\/inter_2022_x_n.jpg","articleSection":["Novinky"],"inLanguage":"hu","potentialAction":[{"@type":"CommentAction","name":"Comment","target":["https:\/\/kajakkomarno.sk\/novinky\/pretekari-komarna-na-pohari-interu-uspesni\/#respond"]}]},{"@type":"WebPage","@id":"https:\/\/kajakkomarno.sk\/novinky\/pretekari-komarna-na-pohari-interu-uspesni\/","url":"https:\/\/kajakkomarno.sk\/novinky\/pretekari-komarna-na-pohari-interu-uspesni\/","name":"PRETEK\u00c1RI KOM\u00c1RNA NA POH\u00c1RI INTERU \u00daSPE\u0160N\u00cd - Kajak &amp; kanoe klub Kom\u00e1rno","isPartOf":{"@id":"https:\/\/kajakkomarno.sk\/#website"},"primaryImageOfPage":{"@id":"https:\/\/kajakkomarno.sk\/novinky\/pretekari-komarna-na-pohari-interu-uspesni\/#primaryimage"},"image":{"@id":"https:\/\/kajakkomarno.sk\/novinky\/pretekari-komarna-na-pohari-interu-uspesni\/#primaryimage"},"thumbnailUrl":"https:\/\/kajakkomarno.sk\/wp-content\/uploads\/2023\/02\/inter_2022_x_n.jpg","datePublished":"2022-07-25T12:26:21+00:00","dateModified":"2023-02-23T14:14:34+00:00","breadcrumb":{"@id":"https:\/\/kajakkomarno.sk\/novinky\/pretekari-komarna-na-pohari-interu-uspesni\/#breadcrumb"},"inLanguage":"hu","potentialAction":[{"@type":"ReadAction","target":["https:\/\/kajakkomarno.sk\/novinky\/pretekari-komarna-na-pohari-interu-uspesni\/"]}]},{"@type":"ImageObject","inLanguage":"hu","@id":"https:\/\/kajakkomarno.sk\/novinky\/pretekari-komarna-na-pohari-interu-uspesni\/#primaryimage","url":"https:\/\/kajakkomarno.sk\/wp-content\/uploads\/2023\/02\/inter_2022_x_n.jpg","contentUrl":"https:\/\/kajakkomarno.sk\/wp-content\/uploads\/2023\/02\/inter_2022_x_n.jpg","width":270,"height":270},{"@type":"BreadcrumbList","@id":"https:\/\/kajakkomarno.sk\/novinky\/pretekari-komarna-na-pohari-interu-uspesni\/#breadcrumb","itemListElement":[{"@type":"ListItem","position":1,"name":"Domov","item":"https:\/\/kajakkomarno.sk\/hu\/fooldal\/"},{"@type":"ListItem","position":2,"name":"Novinky","item":"https:\/\/kajakkomarno.sk\/category\/novinky\/"},{"@type":"ListItem","position":3,"name":"PRETEK\u00c1RI KOM\u00c1RNA NA POH\u00c1RI INTERU \u00daSPE\u0160N\u00cd"}]},{"@type":"WebSite","@id":"https:\/\/kajakkomarno.sk\/#website","url":"https:\/\/kajakkomarno.sk\/","name":"Kajak &amp; kanoe klub Kom\u00e1rno","description":"","publisher":{"@id":"https:\/\/kajakkomarno.sk\/#organization"},"potentialAction":[{"@type":"SearchAction","target":{"@type":"EntryPoint","urlTemplate":"https:\/\/kajakkomarno.sk\/?s={search_term_string}"},"query-input":{"@type":"PropertyValueSpecification","valueRequired":true,"valueName":"search_term_string"}}],"inLanguage":"hu"},{"@type":"Organization","@id":"https:\/\/kajakkomarno.sk\/#organization","name":"Kajak &amp; kanoe klub Kom\u00e1rno","url":"https:\/\/kajakkomarno.sk\/","logo":{"@type":"ImageObject","inLanguage":"hu","@id":"https:\/\/kajakkomarno.sk\/#\/schema\/logo\/image\/","url":"https:\/\/kajakkomarno.sk\/wp-content\/uploads\/2022\/12\/kajak-kanoe-klub-komarno-optimized-opt.svg","contentUrl":"https:\/\/kajakkomarno.sk\/wp-content\/uploads\/2022\/12\/kajak-kanoe-klub-komarno-optimized-opt.svg","width":307,"height":66,"caption":"Kajak &amp; kanoe klub Kom\u00e1rno"},"image":{"@id":"https:\/\/kajakkomarno.sk\/#\/schema\/logo\/image\/"}},{"@type":"Person","@id":"https:\/\/kajakkomarno.sk\/#\/schema\/person\/4e92804dad721346fd0d44b352a30cda","name":"22media","image":{"@type":"ImageObject","inLanguage":"hu","@id":"https:\/\/kajakkomarno.sk\/#\/schema\/person\/image\/","url":"https:\/\/secure.gravatar.com\/avatar\/571bd97cd2f803bbffe6b5dc778f411cdc2d79d2c3c26bf2d4ca31723fb79fc2?s=96&d=mm&r=g","contentUrl":"https:\/\/secure.gravatar.com\/avatar\/571bd97cd2f803bbffe6b5dc778f411cdc2d79d2c3c26bf2d4ca31723fb79fc2?s=96&d=mm&r=g","caption":"22media"},"url":"https:\/\/kajakkomarno.sk\/hu\/author\/22media\/"}]}},"_links":{"self":[{"href":"https:\/\/kajakkomarno.sk\/hu\/wp-json\/wp\/v2\/posts\/2658","targetHints":{"allow":["GET"]}}],"collection":[{"href":"https:\/\/kajakkomarno.sk\/hu\/wp-json\/wp\/v2\/posts"}],"about":[{"href":"https:\/\/kajakkomarno.sk\/hu\/wp-json\/wp\/v2\/types\/post"}],"author":[{"embeddable":true,"href":"https:\/\/kajakkomarno.sk\/hu\/wp-json\/wp\/v2\/users\/1"}],"replies":[{"embeddable":true,"href":"https:\/\/kajakkomarno.sk\/hu\/wp-json\/wp\/v2\/comments?post=2658"}],"version-history":[{"count":0,"href":"https:\/\/kajakkomarno.sk\/hu\/wp-json\/wp\/v2\/posts\/2658\/revisions"}],"wp:featuredmedia":[{"embeddable":true,"href":"https:\/\/kajakkomarno.sk\/hu\/wp-json\/wp\/v2\/media\/2659"}],"wp:attachment":[{"href":"https:\/\/kajakkomarno.sk\/hu\/wp-json\/wp\/v2\/media?parent=2658"}],"wp:term":[{"taxonomy":"category","embeddable":true,"href":"https:\/\/kajakkomarno.sk\/hu\/wp-json\/wp\/v2\/categories?post=2658"},{"taxonomy":"post_tag","embeddable":true,"href":"https:\/\/kajakkomarno.sk\/hu\/wp-json\/wp\/v2\/tags?post=2658"}],"curies":[{"name":"wp","href":"https:\/\/api.w.org\/{rel}","templated":true}]}}