{"id":2627,"date":"2022-08-22T14:18:38","date_gmt":"2022-08-22T12:18:38","guid":{"rendered":"https:\/\/kajak.22projects.sk\/?p=2627"},"modified":"2023-02-23T15:15:31","modified_gmt":"2023-02-23T14:15:31","slug":"na-majstrovstvach-europy-adam-botek-strieborny","status":"publish","type":"post","link":"https:\/\/kajakkomarno.sk\/hu\/novinky\/na-majstrovstvach-europy-adam-botek-strieborny\/","title":{"rendered":"NA MAJSTROVSTV\u00c1CH EUR\u00d3PY ADAM BOTEK STRIEBORN\u00dd"},"content":{"rendered":"\n<figure class=\"wp-block-image size-full\"><img fetchpriority=\"high\" decoding=\"async\" width=\"187\" height=\"270\" src=\"https:\/\/kajak.22projects.sk\/wp-content\/uploads\/2023\/02\/mnich_2211-1.jpg\" alt=\"\" class=\"wp-image-2630\"\/><\/figure>\n\n\n\n<p>Majstrovstv\u00e1 Eur\u00f3py seniorov v r\u00fdchlostnej kanoistike&nbsp; sa uskuto\u010dnili&nbsp; v r\u00e1mci multi\u0161portov\u00fdch Majstrovstiev Eur\u00f3py.&nbsp;<\/p>\n\n\n\n<p>Dejiskom&nbsp; tohoto podujatia&nbsp; bol v d\u0148och&nbsp; 11. a\u017e&nbsp; 21. augusta 2022 Mn\u00edchov, na ktor\u00fdch najlep\u0161\u00ed \u0161portovci Eur\u00f3py s\u00fa\u0165a\u017eili&nbsp; o tituly majstrov Eur\u00f3py v&nbsp; deviatich&nbsp; olympijsk\u00fdch \u0161portoch: atletika, pl\u00e1\u017eov\u00fd volejbal, r\u00fdchlostn\u00e1 kanoistika, cyklistika, gymnastika, veslovanie, \u0161portov\u00e9 lezenie, stoln\u00fd tenis a triatlon.<\/p>\n\n\n\n<p><strong>S\u00fa\u0165a\u017ee r\u00fdchlostn\u00fdch kanoistov sa uskuto\u010dnili v Olympic Regatta center v d\u0148och 18.08.2022 a\u017e 21.08.2022, za \u00fa\u010dasti 455 pretek\u00e1rov z 36 kraj\u00edn Eur\u00f3py. V 17 \u010dlennej slovenskej v\u00fdprave r\u00fdchlostn\u00fdch kanoistov bolo<br>5 pretek\u00e1rov z Kom\u00e1rna:&nbsp;&nbsp;<\/strong><strong>Adam Botek, \u00c1kos Gacsal, Erik Vl\u010dek, Lisa-Maria Gamsj\u00e4ger a Mariana Petru\u0161ov\u00e1 a v realiza\u010dnom t\u00edme bol tr\u00e9ner Peter Lik\u00e9r a mas\u00e9r Igor Viszlai.&nbsp;<\/strong><br>Adam &nbsp;BOTEK&nbsp; a Erik VL\u010cEK sa iba kr\u00e1tko pred eur\u00f3pskym \u0161ampion\u00e1tom vr\u00e1tili z Majstrovstiev sveta seniorov z kanadsk\u00e9ho Halifaxu, kde&nbsp; vo fin\u00e1le&nbsp; k\u00e1\u0161tvorka s na\u0161im Adamom Botekom obsadila&nbsp; 4.miesto a&nbsp; k\u00e1dvojka v zlo\u017een\u00ed Adam Botek&nbsp; a Erik Vl\u010dek skon\u010dila na&nbsp; 9.mieste.&nbsp;<\/p>\n\n\n\n<p>V Mn\u00edchove sa v oboch discipl\u00ednach stretla nemenej siln\u00e1 konkurencia, \u010do predznamenalo, \u017ee z\u00edska\u0165 medaily bude ve\u013emi n\u00e1ro\u010dn\u00e9.&nbsp;<\/p>\n\n\n\n<p><strong>ADAM BOTEK a zisk striebornej medaily v K4 na 500 m<\/strong><\/p>\n\n\n\n<p><strong>Zo\u00a0 striebornej medaily mal v Mn\u00edchove ve\u013ek\u00fa rados\u0165\u00a0 Adam BOTEK, ktor\u00fd bol \u010dlenom striebornej\u00a0 \u00a0K4 na 500 metrovej trati spolo\u010dne so Samuelom Bal\u00e1\u017eom, Denisom My\u0161\u00e1kom a Csabom Zalkom.\u00a0 \u00da\u010das\u0165 vo fin\u00e1le v\u0161ak musela na\u0161a K4 potvrdi\u0165 v semifin\u00e1lovej jazde. Vo fin\u00e1le slovensk\u00e1 K4 podala skvel\u00fd v\u00fdkon, obsadili druh\u00e9 miesto\u00a0 a z\u00edskali\u00a0 vyt\u00fa\u017een\u00fa medailu strieborn\u00e9ho lesku.\u00a0\u00a0<\/strong><\/p>\n\n\n\n<figure class=\"wp-block-image size-full\"><img decoding=\"async\" width=\"960\" height=\"665\" src=\"https:\/\/kajak.22projects.sk\/wp-content\/uploads\/2023\/02\/MNICH-2206.jpg\" alt=\"\" class=\"wp-image-2632\" srcset=\"https:\/\/kajakkomarno.sk\/wp-content\/uploads\/2023\/02\/MNICH-2206.jpg 960w, https:\/\/kajakkomarno.sk\/wp-content\/uploads\/2023\/02\/MNICH-2206-450x312.jpg 450w, https:\/\/kajakkomarno.sk\/wp-content\/uploads\/2023\/02\/MNICH-2206-768x532.jpg 768w\" sizes=\"(max-width: 960px) 100vw, 960px\" \/><figcaption class=\"wp-element-caption\"><strong>ERIK VL\u010cEK a\u00a0 ADAM BOTEK\u00a0 v\u00a0 K2 500 m\u00a0post\u00fapili\u00a0 z prv\u00e9ho miesta z rozjazdy priamo do fin\u00e1le, v ktorom v silnej a vyrovnanej konkurencii skon\u010dili na 7. mieste, pri\u010dom lode od 3. do 7. miesta dop\u00e1dlovali do cie\u013ea v rozp\u00e4t\u00ed\u00a0 0.566 sekundy.\u00a0<\/strong>\u00a0<\/figcaption><\/figure>\n\n\n\n<p><\/p>\n\n\n\n<figure class=\"wp-block-image size-full\"><img decoding=\"async\" width=\"960\" height=\"665\" src=\"https:\/\/kajak.22projects.sk\/wp-content\/uploads\/2023\/02\/MNICH-2208.jpg\" alt=\"\" class=\"wp-image-2634\" srcset=\"https:\/\/kajakkomarno.sk\/wp-content\/uploads\/2023\/02\/MNICH-2208.jpg 960w, https:\/\/kajakkomarno.sk\/wp-content\/uploads\/2023\/02\/MNICH-2208-450x312.jpg 450w, https:\/\/kajakkomarno.sk\/wp-content\/uploads\/2023\/02\/MNICH-2208-768x532.jpg 768w\" sizes=\"(max-width: 960px) 100vw, 960px\" \/><figcaption class=\"wp-element-caption\"><strong>\u00c1KOS GACSAL\u00a0bol \u010dlenom pos\u00e1dky K4 na 1000 metrovej trati,<\/strong>\u00a0<strong>v ktorej boli Peter Gelle, Tom\u00e1\u0161 Holka a Daniel Rybansk\u00fd, ich pos\u00e1dka absolvovala priamo fin\u00e1lov\u00fa jazdu, v ktorej obsadili kone\u010dn\u00e9 7.miesto.<\/strong><\/figcaption><\/figure>\n\n\n\n<figure class=\"wp-block-image size-full\"><img loading=\"lazy\" decoding=\"async\" width=\"960\" height=\"665\" src=\"https:\/\/kajak.22projects.sk\/wp-content\/uploads\/2023\/02\/MNICH-2203.jpg\" alt=\"\" class=\"wp-image-2636\" srcset=\"https:\/\/kajakkomarno.sk\/wp-content\/uploads\/2023\/02\/MNICH-2203.jpg 960w, https:\/\/kajakkomarno.sk\/wp-content\/uploads\/2023\/02\/MNICH-2203-450x312.jpg 450w, https:\/\/kajakkomarno.sk\/wp-content\/uploads\/2023\/02\/MNICH-2203-768x532.jpg 768w\" sizes=\"(max-width: 960px) 100vw, 960px\" \/><figcaption class=\"wp-element-caption\"><strong>Rados\u0165 z v\u00fdkonov a v\u00fdsledkov n\u00e1m urobili aj na\u0161e diev\u010dat\u00e1\u00a0Lisa &#8211; Maria\u00a0 GAMSJ\u00c4GER a Mariana PETRU\u0160OV\u00c1.\u00a0<\/strong><br><strong>Lisa- Maria\u00a0 GAMSJ\u00c4GER\u00a0 spolo\u010dne s Ivanou Kme\u0165ovou v K2 na 500 metrovej trati sa priamo z rozjazdy prebojovali priamo do fin\u00e1le, v ktorom silnej konkurencii skon\u010dili na peknom\u00a0 8.mieste.\u00a0\u00a0<\/strong><\/figcaption><\/figure>\n\n\n\n<p><\/p>\n\n\n\n<figure class=\"wp-block-image size-full\"><img loading=\"lazy\" decoding=\"async\" width=\"960\" height=\"665\" src=\"https:\/\/kajak.22projects.sk\/wp-content\/uploads\/2023\/02\/MNICH-2205.jpg\" alt=\"\" class=\"wp-image-2638\" srcset=\"https:\/\/kajakkomarno.sk\/wp-content\/uploads\/2023\/02\/MNICH-2205.jpg 960w, https:\/\/kajakkomarno.sk\/wp-content\/uploads\/2023\/02\/MNICH-2205-450x312.jpg 450w, https:\/\/kajakkomarno.sk\/wp-content\/uploads\/2023\/02\/MNICH-2205-768x532.jpg 768w\" sizes=\"(max-width: 960px) 100vw, 960px\" \/><\/figure>\n\n\n\n<p><strong>&nbsp;\u201e BUDE TO BOJ, ALE ZVL\u00c1DNEME TO!\u201c<\/strong><strong><\/strong><\/p>\n\n\n\n<p><strong>P<\/strong><strong>o dlh\u00fdch 25 rokoch sa vo fin\u00e1le na vrcholnom medzin\u00e1rodnom podujat\u00ed predstavila novozlo\u017een\u00e1&nbsp; slovensk\u00e1 K4 \u017eien na 500 metrovej trati.&nbsp;Jej s\u00fa\u010das\u0165ou boli aj diev\u010dat\u00e1 z Kom\u00e1rna:&nbsp;Lisa-Maria&nbsp; GAMSJ\u00c4GER a Mariana PETRU\u0160OV\u00c1. ktor\u00e9 vytvorili skvel\u00fd t\u00edm so sk\u00fasenou Ivanou Kme\u0165ovou a Dagmar \u010culenovou. Ich jazdy sa neust\u00e1le zlep\u0161ovali. Aj ke\u010f im v rozjazde o k\u00fasok u\u0161iel priamy postup do fin\u00e1le, v semifin\u00e1le svoj v\u00fdkon vystup\u0148ovali a skon\u010dili na postupovom 2.mieste.&nbsp;Tu&nbsp; sa potvrdili&nbsp; slov\u00e1 na\u0161ej Mariany Petru\u0161ovej, ktor\u00e1 v jednom z rozhovorov pred semifin\u00e1lovou jazdou povedala: \u201e BUDE TO BOJ, ALE ZVL\u00c1DNEME TO!\u201c<\/strong><\/p>\n\n\n\n<p><strong>Vo fin\u00e1lovej jazde dali do toho diev\u010dat\u00e1 v\u0161etko, podali vynikaj\u00faci v\u00fdkon a v cieli sa te\u0161ili z cenn\u00e9ho 5.miesta, ke\u010f ich predstihli tak\u00e9 ve\u013emoci \u017eenskej K4 ako Po\u013esko, D\u00e1nsko, Ma\u010farsko a Nemecko.\u00a0<\/strong><\/p>\n\n\n\n<figure class=\"wp-block-image size-full\"><img loading=\"lazy\" decoding=\"async\" width=\"960\" height=\"665\" src=\"https:\/\/kajak.22projects.sk\/wp-content\/uploads\/2023\/02\/MNICH-2210.jpg\" alt=\"\" class=\"wp-image-2640\" srcset=\"https:\/\/kajakkomarno.sk\/wp-content\/uploads\/2023\/02\/MNICH-2210.jpg 960w, https:\/\/kajakkomarno.sk\/wp-content\/uploads\/2023\/02\/MNICH-2210-450x312.jpg 450w, https:\/\/kajakkomarno.sk\/wp-content\/uploads\/2023\/02\/MNICH-2210-768x532.jpg 768w\" sizes=\"(max-width: 960px) 100vw, 960px\" \/><\/figure>\n\n\n\n<p><strong>V\u00ddSLEDKY pretek\u00e1rov z Kom\u00e1rna&nbsp;<\/strong><\/p>\n\n\n\n<p><strong>K2M 500 m:&nbsp; &nbsp;Erik VL\u010cEK- Adam BOTEK \u2013 FIN\u00c1LE 7. miesto<\/strong><\/p>\n\n\n\n<p><strong>K4M 500 m:&nbsp; &nbsp;Samuel Bal\u00e1\u017e- Denis My\u0161\u00e1k- Csaba Zalka- Adam BOTEK- FIN\u00c1LE 2.miesto<\/strong><\/p>\n\n\n\n<p><strong>K4M 1000m:&nbsp; Peter Gelle-\u00c1kos GACSAL-Tom\u00e1\u0161 Holka- Daniel Rybansk\u00fd&nbsp; \u2013 FIN\u00c1LE 7.miesto<\/strong><\/p>\n\n\n\n<p><strong>K2\u017d 500 m:&nbsp; &nbsp; Ivana Kme\u0165ov\u00e1- Lisa-Maria GAMSJ\u00c4GER- FIN\u00c1LE 8.miesto&nbsp;&nbsp;<\/strong><\/p>\n\n\n\n<p><strong>K4\u017d 500 m:&nbsp; &nbsp; Ivana Kme\u0165ov\u00e1- Dagmar \u010culenov\u00e1 \u2013 Mariana PETRU\u0160OV\u00c1- Lisa GAMSJ\u00c4GER- FIN\u00c1LE 5.miesto<\/strong><\/p>\n\n\n\n<p><strong>Naj\u00faspe\u0161nej\u0161ou krajinou sa stalo Ma\u010farsko, pred dom\u00e1cim Nemeckom a tret\u00edm \u0160panielskom.&nbsp;<\/strong><\/p>\n\n\n\n<p><strong>BLAHO\u017dEL\u00c1ME V\u0160ETK\u00ddM A \u010eAKUJEME ZA \u00daSPE\u0160N\u00da REPREZENT\u00c1CIU!<\/strong>FOTO: P.Ilia\u0161&nbsp;<\/p>\n","protected":false},"excerpt":{"rendered":"<p>Majstrovstv\u00e1 Eur\u00f3py seniorov v r\u00fdchlostnej kanoistike&nbsp; sa uskuto\u010dnili&nbsp; v r\u00e1mci multi\u0161portov\u00fdch Majstrovstiev Eur\u00f3py.&nbsp; Dejiskom&nbsp; tohoto podujatia&nbsp; bol v d\u0148och&nbsp; 11. a\u017e&nbsp; 21. augusta 2022 Mn\u00edchov, na ktor\u00fdch najlep\u0161\u00ed \u0161portovci Eur\u00f3py s\u00fa\u0165a\u017eili&nbsp; o tituly majstrov Eur\u00f3py v&nbsp; deviatich&nbsp; olympijsk\u00fdch \u0161portoch: atletika, pl\u00e1\u017eov\u00fd volejbal, r\u00fdchlostn\u00e1 kanoistika, cyklistika, gymnastika, veslovanie, \u0161portov\u00e9 lezenie, stoln\u00fd tenis a triatlon. S\u00fa\u0165a\u017ee r\u00fdchlostn\u00fdch [&hellip;]<\/p>\n","protected":false},"author":1,"featured_media":2628,"comment_status":"open","ping_status":"open","sticky":false,"template":"","format":"standard","meta":{"inline_featured_image":false,"footnotes":""},"categories":[1],"tags":[],"class_list":["post-2627","post","type-post","status-publish","format-standard","has-post-thumbnail","hentry","category-novinky"],"acf":[],"yoast_head":"<!-- This site is optimized with the Yoast SEO plugin v26.6 - https:\/\/yoast.com\/wordpress\/plugins\/seo\/ -->\n<title>NA MAJSTROVSTV\u00c1CH EUR\u00d3PY ADAM BOTEK STRIEBORN\u00dd - Kajak &amp; kanoe klub Kom\u00e1rno<\/title>\n<meta name=\"robots\" content=\"index, follow, max-snippet:-1, max-image-preview:large, max-video-preview:-1\" \/>\n<link rel=\"canonical\" href=\"https:\/\/kajakkomarno.sk\/novinky\/na-majstrovstvach-europy-adam-botek-strieborny\/\" \/>\n<meta property=\"og:locale\" content=\"hu_HU\" \/>\n<meta property=\"og:type\" content=\"article\" \/>\n<meta property=\"og:title\" content=\"NA MAJSTROVSTV\u00c1CH EUR\u00d3PY ADAM BOTEK STRIEBORN\u00dd - Kajak &amp; kanoe klub Kom\u00e1rno\" \/>\n<meta property=\"og:description\" content=\"Majstrovstv\u00e1 Eur\u00f3py seniorov v r\u00fdchlostnej kanoistike&nbsp; sa uskuto\u010dnili&nbsp; v r\u00e1mci multi\u0161portov\u00fdch Majstrovstiev Eur\u00f3py.&nbsp; Dejiskom&nbsp; tohoto podujatia&nbsp; bol v d\u0148och&nbsp; 11. a\u017e&nbsp; 21. augusta 2022 Mn\u00edchov, na ktor\u00fdch najlep\u0161\u00ed \u0161portovci Eur\u00f3py s\u00fa\u0165a\u017eili&nbsp; o tituly majstrov Eur\u00f3py v&nbsp; deviatich&nbsp; olympijsk\u00fdch \u0161portoch: atletika, pl\u00e1\u017eov\u00fd volejbal, r\u00fdchlostn\u00e1 kanoistika, cyklistika, gymnastika, veslovanie, \u0161portov\u00e9 lezenie, stoln\u00fd tenis a triatlon. S\u00fa\u0165a\u017ee r\u00fdchlostn\u00fdch [&hellip;]\" \/>\n<meta property=\"og:url\" content=\"https:\/\/kajakkomarno.sk\/novinky\/na-majstrovstvach-europy-adam-botek-strieborny\/\" \/>\n<meta property=\"og:site_name\" content=\"Kajak &amp; kanoe klub Kom\u00e1rno\" \/>\n<meta property=\"article:published_time\" content=\"2022-08-22T12:18:38+00:00\" \/>\n<meta property=\"article:modified_time\" content=\"2023-02-23T14:15:31+00:00\" \/>\n<meta property=\"og:image\" content=\"https:\/\/kajakkomarno.sk\/wp-content\/uploads\/2023\/02\/mnich_2211.jpg\" \/>\n\t<meta property=\"og:image:width\" content=\"187\" \/>\n\t<meta property=\"og:image:height\" content=\"270\" \/>\n\t<meta property=\"og:image:type\" content=\"image\/jpeg\" \/>\n<meta name=\"author\" content=\"22media\" \/>\n<meta name=\"twitter:card\" content=\"summary_large_image\" \/>\n<meta name=\"twitter:label1\" content=\"Szerz\u0151:\" \/>\n\t<meta name=\"twitter:data1\" content=\"22media\" \/>\n\t<meta name=\"twitter:label2\" content=\"Becs\u00fclt olvas\u00e1si id\u0151\" \/>\n\t<meta name=\"twitter:data2\" content=\"5 perc\" \/>\n<script type=\"application\/ld+json\" class=\"yoast-schema-graph\">{\"@context\":\"https:\/\/schema.org\",\"@graph\":[{\"@type\":\"Article\",\"@id\":\"https:\/\/kajakkomarno.sk\/novinky\/na-majstrovstvach-europy-adam-botek-strieborny\/#article\",\"isPartOf\":{\"@id\":\"https:\/\/kajakkomarno.sk\/novinky\/na-majstrovstvach-europy-adam-botek-strieborny\/\"},\"author\":{\"name\":\"22media\",\"@id\":\"https:\/\/kajakkomarno.sk\/#\/schema\/person\/4e92804dad721346fd0d44b352a30cda\"},\"headline\":\"NA MAJSTROVSTV\u00c1CH EUR\u00d3PY ADAM BOTEK STRIEBORN\u00dd\",\"datePublished\":\"2022-08-22T12:18:38+00:00\",\"dateModified\":\"2023-02-23T14:15:31+00:00\",\"mainEntityOfPage\":{\"@id\":\"https:\/\/kajakkomarno.sk\/novinky\/na-majstrovstvach-europy-adam-botek-strieborny\/\"},\"wordCount\":765,\"commentCount\":0,\"publisher\":{\"@id\":\"https:\/\/kajakkomarno.sk\/#organization\"},\"image\":{\"@id\":\"https:\/\/kajakkomarno.sk\/novinky\/na-majstrovstvach-europy-adam-botek-strieborny\/#primaryimage\"},\"thumbnailUrl\":\"https:\/\/kajakkomarno.sk\/wp-content\/uploads\/2023\/02\/mnich_2211.jpg\",\"articleSection\":[\"Novinky\"],\"inLanguage\":\"hu\",\"potentialAction\":[{\"@type\":\"CommentAction\",\"name\":\"Comment\",\"target\":[\"https:\/\/kajakkomarno.sk\/novinky\/na-majstrovstvach-europy-adam-botek-strieborny\/#respond\"]}]},{\"@type\":\"WebPage\",\"@id\":\"https:\/\/kajakkomarno.sk\/novinky\/na-majstrovstvach-europy-adam-botek-strieborny\/\",\"url\":\"https:\/\/kajakkomarno.sk\/novinky\/na-majstrovstvach-europy-adam-botek-strieborny\/\",\"name\":\"NA MAJSTROVSTV\u00c1CH EUR\u00d3PY ADAM BOTEK STRIEBORN\u00dd - Kajak &amp; kanoe klub Kom\u00e1rno\",\"isPartOf\":{\"@id\":\"https:\/\/kajakkomarno.sk\/#website\"},\"primaryImageOfPage\":{\"@id\":\"https:\/\/kajakkomarno.sk\/novinky\/na-majstrovstvach-europy-adam-botek-strieborny\/#primaryimage\"},\"image\":{\"@id\":\"https:\/\/kajakkomarno.sk\/novinky\/na-majstrovstvach-europy-adam-botek-strieborny\/#primaryimage\"},\"thumbnailUrl\":\"https:\/\/kajakkomarno.sk\/wp-content\/uploads\/2023\/02\/mnich_2211.jpg\",\"datePublished\":\"2022-08-22T12:18:38+00:00\",\"dateModified\":\"2023-02-23T14:15:31+00:00\",\"breadcrumb\":{\"@id\":\"https:\/\/kajakkomarno.sk\/novinky\/na-majstrovstvach-europy-adam-botek-strieborny\/#breadcrumb\"},\"inLanguage\":\"hu\",\"potentialAction\":[{\"@type\":\"ReadAction\",\"target\":[\"https:\/\/kajakkomarno.sk\/novinky\/na-majstrovstvach-europy-adam-botek-strieborny\/\"]}]},{\"@type\":\"ImageObject\",\"inLanguage\":\"hu\",\"@id\":\"https:\/\/kajakkomarno.sk\/novinky\/na-majstrovstvach-europy-adam-botek-strieborny\/#primaryimage\",\"url\":\"https:\/\/kajakkomarno.sk\/wp-content\/uploads\/2023\/02\/mnich_2211.jpg\",\"contentUrl\":\"https:\/\/kajakkomarno.sk\/wp-content\/uploads\/2023\/02\/mnich_2211.jpg\",\"width\":187,\"height\":270},{\"@type\":\"BreadcrumbList\",\"@id\":\"https:\/\/kajakkomarno.sk\/novinky\/na-majstrovstvach-europy-adam-botek-strieborny\/#breadcrumb\",\"itemListElement\":[{\"@type\":\"ListItem\",\"position\":1,\"name\":\"Domov\",\"item\":\"https:\/\/kajakkomarno.sk\/hu\/fooldal\/\"},{\"@type\":\"ListItem\",\"position\":2,\"name\":\"Novinky\",\"item\":\"https:\/\/kajakkomarno.sk\/category\/novinky\/\"},{\"@type\":\"ListItem\",\"position\":3,\"name\":\"NA MAJSTROVSTV\u00c1CH EUR\u00d3PY ADAM BOTEK STRIEBORN\u00dd\"}]},{\"@type\":\"WebSite\",\"@id\":\"https:\/\/kajakkomarno.sk\/#website\",\"url\":\"https:\/\/kajakkomarno.sk\/\",\"name\":\"Kajak &amp; kanoe klub Kom\u00e1rno\",\"description\":\"\",\"publisher\":{\"@id\":\"https:\/\/kajakkomarno.sk\/#organization\"},\"potentialAction\":[{\"@type\":\"SearchAction\",\"target\":{\"@type\":\"EntryPoint\",\"urlTemplate\":\"https:\/\/kajakkomarno.sk\/?s={search_term_string}\"},\"query-input\":{\"@type\":\"PropertyValueSpecification\",\"valueRequired\":true,\"valueName\":\"search_term_string\"}}],\"inLanguage\":\"hu\"},{\"@type\":\"Organization\",\"@id\":\"https:\/\/kajakkomarno.sk\/#organization\",\"name\":\"Kajak &amp; kanoe klub Kom\u00e1rno\",\"url\":\"https:\/\/kajakkomarno.sk\/\",\"logo\":{\"@type\":\"ImageObject\",\"inLanguage\":\"hu\",\"@id\":\"https:\/\/kajakkomarno.sk\/#\/schema\/logo\/image\/\",\"url\":\"https:\/\/kajakkomarno.sk\/wp-content\/uploads\/2022\/12\/kajak-kanoe-klub-komarno-optimized-opt.svg\",\"contentUrl\":\"https:\/\/kajakkomarno.sk\/wp-content\/uploads\/2022\/12\/kajak-kanoe-klub-komarno-optimized-opt.svg\",\"width\":307,\"height\":66,\"caption\":\"Kajak &amp; kanoe klub Kom\u00e1rno\"},\"image\":{\"@id\":\"https:\/\/kajakkomarno.sk\/#\/schema\/logo\/image\/\"}},{\"@type\":\"Person\",\"@id\":\"https:\/\/kajakkomarno.sk\/#\/schema\/person\/4e92804dad721346fd0d44b352a30cda\",\"name\":\"22media\",\"image\":{\"@type\":\"ImageObject\",\"inLanguage\":\"hu\",\"@id\":\"https:\/\/kajakkomarno.sk\/#\/schema\/person\/image\/\",\"url\":\"https:\/\/secure.gravatar.com\/avatar\/571bd97cd2f803bbffe6b5dc778f411cdc2d79d2c3c26bf2d4ca31723fb79fc2?s=96&d=mm&r=g\",\"contentUrl\":\"https:\/\/secure.gravatar.com\/avatar\/571bd97cd2f803bbffe6b5dc778f411cdc2d79d2c3c26bf2d4ca31723fb79fc2?s=96&d=mm&r=g\",\"caption\":\"22media\"},\"url\":\"https:\/\/kajakkomarno.sk\/hu\/author\/22media\/\"}]}<\/script>\n<!-- \/ Yoast SEO plugin. -->","yoast_head_json":{"title":"NA MAJSTROVSTV\u00c1CH EUR\u00d3PY ADAM BOTEK STRIEBORN\u00dd - Kajak &amp; kanoe klub Kom\u00e1rno","robots":{"index":"index","follow":"follow","max-snippet":"max-snippet:-1","max-image-preview":"max-image-preview:large","max-video-preview":"max-video-preview:-1"},"canonical":"https:\/\/kajakkomarno.sk\/novinky\/na-majstrovstvach-europy-adam-botek-strieborny\/","og_locale":"hu_HU","og_type":"article","og_title":"NA MAJSTROVSTV\u00c1CH EUR\u00d3PY ADAM BOTEK STRIEBORN\u00dd - Kajak &amp; kanoe klub Kom\u00e1rno","og_description":"Majstrovstv\u00e1 Eur\u00f3py seniorov v r\u00fdchlostnej kanoistike&nbsp; sa uskuto\u010dnili&nbsp; v r\u00e1mci multi\u0161portov\u00fdch Majstrovstiev Eur\u00f3py.&nbsp; Dejiskom&nbsp; tohoto podujatia&nbsp; bol v d\u0148och&nbsp; 11. a\u017e&nbsp; 21. augusta 2022 Mn\u00edchov, na ktor\u00fdch najlep\u0161\u00ed \u0161portovci Eur\u00f3py s\u00fa\u0165a\u017eili&nbsp; o tituly majstrov Eur\u00f3py v&nbsp; deviatich&nbsp; olympijsk\u00fdch \u0161portoch: atletika, pl\u00e1\u017eov\u00fd volejbal, r\u00fdchlostn\u00e1 kanoistika, cyklistika, gymnastika, veslovanie, \u0161portov\u00e9 lezenie, stoln\u00fd tenis a triatlon. S\u00fa\u0165a\u017ee r\u00fdchlostn\u00fdch [&hellip;]","og_url":"https:\/\/kajakkomarno.sk\/novinky\/na-majstrovstvach-europy-adam-botek-strieborny\/","og_site_name":"Kajak &amp; kanoe klub Kom\u00e1rno","article_published_time":"2022-08-22T12:18:38+00:00","article_modified_time":"2023-02-23T14:15:31+00:00","og_image":[{"width":187,"height":270,"url":"https:\/\/kajakkomarno.sk\/wp-content\/uploads\/2023\/02\/mnich_2211.jpg","type":"image\/jpeg"}],"author":"22media","twitter_card":"summary_large_image","twitter_misc":{"Szerz\u0151:":"22media","Becs\u00fclt olvas\u00e1si id\u0151":"5 perc"},"schema":{"@context":"https:\/\/schema.org","@graph":[{"@type":"Article","@id":"https:\/\/kajakkomarno.sk\/novinky\/na-majstrovstvach-europy-adam-botek-strieborny\/#article","isPartOf":{"@id":"https:\/\/kajakkomarno.sk\/novinky\/na-majstrovstvach-europy-adam-botek-strieborny\/"},"author":{"name":"22media","@id":"https:\/\/kajakkomarno.sk\/#\/schema\/person\/4e92804dad721346fd0d44b352a30cda"},"headline":"NA MAJSTROVSTV\u00c1CH EUR\u00d3PY ADAM BOTEK STRIEBORN\u00dd","datePublished":"2022-08-22T12:18:38+00:00","dateModified":"2023-02-23T14:15:31+00:00","mainEntityOfPage":{"@id":"https:\/\/kajakkomarno.sk\/novinky\/na-majstrovstvach-europy-adam-botek-strieborny\/"},"wordCount":765,"commentCount":0,"publisher":{"@id":"https:\/\/kajakkomarno.sk\/#organization"},"image":{"@id":"https:\/\/kajakkomarno.sk\/novinky\/na-majstrovstvach-europy-adam-botek-strieborny\/#primaryimage"},"thumbnailUrl":"https:\/\/kajakkomarno.sk\/wp-content\/uploads\/2023\/02\/mnich_2211.jpg","articleSection":["Novinky"],"inLanguage":"hu","potentialAction":[{"@type":"CommentAction","name":"Comment","target":["https:\/\/kajakkomarno.sk\/novinky\/na-majstrovstvach-europy-adam-botek-strieborny\/#respond"]}]},{"@type":"WebPage","@id":"https:\/\/kajakkomarno.sk\/novinky\/na-majstrovstvach-europy-adam-botek-strieborny\/","url":"https:\/\/kajakkomarno.sk\/novinky\/na-majstrovstvach-europy-adam-botek-strieborny\/","name":"NA MAJSTROVSTV\u00c1CH EUR\u00d3PY ADAM BOTEK STRIEBORN\u00dd - Kajak &amp; kanoe klub Kom\u00e1rno","isPartOf":{"@id":"https:\/\/kajakkomarno.sk\/#website"},"primaryImageOfPage":{"@id":"https:\/\/kajakkomarno.sk\/novinky\/na-majstrovstvach-europy-adam-botek-strieborny\/#primaryimage"},"image":{"@id":"https:\/\/kajakkomarno.sk\/novinky\/na-majstrovstvach-europy-adam-botek-strieborny\/#primaryimage"},"thumbnailUrl":"https:\/\/kajakkomarno.sk\/wp-content\/uploads\/2023\/02\/mnich_2211.jpg","datePublished":"2022-08-22T12:18:38+00:00","dateModified":"2023-02-23T14:15:31+00:00","breadcrumb":{"@id":"https:\/\/kajakkomarno.sk\/novinky\/na-majstrovstvach-europy-adam-botek-strieborny\/#breadcrumb"},"inLanguage":"hu","potentialAction":[{"@type":"ReadAction","target":["https:\/\/kajakkomarno.sk\/novinky\/na-majstrovstvach-europy-adam-botek-strieborny\/"]}]},{"@type":"ImageObject","inLanguage":"hu","@id":"https:\/\/kajakkomarno.sk\/novinky\/na-majstrovstvach-europy-adam-botek-strieborny\/#primaryimage","url":"https:\/\/kajakkomarno.sk\/wp-content\/uploads\/2023\/02\/mnich_2211.jpg","contentUrl":"https:\/\/kajakkomarno.sk\/wp-content\/uploads\/2023\/02\/mnich_2211.jpg","width":187,"height":270},{"@type":"BreadcrumbList","@id":"https:\/\/kajakkomarno.sk\/novinky\/na-majstrovstvach-europy-adam-botek-strieborny\/#breadcrumb","itemListElement":[{"@type":"ListItem","position":1,"name":"Domov","item":"https:\/\/kajakkomarno.sk\/hu\/fooldal\/"},{"@type":"ListItem","position":2,"name":"Novinky","item":"https:\/\/kajakkomarno.sk\/category\/novinky\/"},{"@type":"ListItem","position":3,"name":"NA MAJSTROVSTV\u00c1CH EUR\u00d3PY ADAM BOTEK STRIEBORN\u00dd"}]},{"@type":"WebSite","@id":"https:\/\/kajakkomarno.sk\/#website","url":"https:\/\/kajakkomarno.sk\/","name":"Kajak &amp; kanoe klub Kom\u00e1rno","description":"","publisher":{"@id":"https:\/\/kajakkomarno.sk\/#organization"},"potentialAction":[{"@type":"SearchAction","target":{"@type":"EntryPoint","urlTemplate":"https:\/\/kajakkomarno.sk\/?s={search_term_string}"},"query-input":{"@type":"PropertyValueSpecification","valueRequired":true,"valueName":"search_term_string"}}],"inLanguage":"hu"},{"@type":"Organization","@id":"https:\/\/kajakkomarno.sk\/#organization","name":"Kajak &amp; kanoe klub Kom\u00e1rno","url":"https:\/\/kajakkomarno.sk\/","logo":{"@type":"ImageObject","inLanguage":"hu","@id":"https:\/\/kajakkomarno.sk\/#\/schema\/logo\/image\/","url":"https:\/\/kajakkomarno.sk\/wp-content\/uploads\/2022\/12\/kajak-kanoe-klub-komarno-optimized-opt.svg","contentUrl":"https:\/\/kajakkomarno.sk\/wp-content\/uploads\/2022\/12\/kajak-kanoe-klub-komarno-optimized-opt.svg","width":307,"height":66,"caption":"Kajak &amp; kanoe klub Kom\u00e1rno"},"image":{"@id":"https:\/\/kajakkomarno.sk\/#\/schema\/logo\/image\/"}},{"@type":"Person","@id":"https:\/\/kajakkomarno.sk\/#\/schema\/person\/4e92804dad721346fd0d44b352a30cda","name":"22media","image":{"@type":"ImageObject","inLanguage":"hu","@id":"https:\/\/kajakkomarno.sk\/#\/schema\/person\/image\/","url":"https:\/\/secure.gravatar.com\/avatar\/571bd97cd2f803bbffe6b5dc778f411cdc2d79d2c3c26bf2d4ca31723fb79fc2?s=96&d=mm&r=g","contentUrl":"https:\/\/secure.gravatar.com\/avatar\/571bd97cd2f803bbffe6b5dc778f411cdc2d79d2c3c26bf2d4ca31723fb79fc2?s=96&d=mm&r=g","caption":"22media"},"url":"https:\/\/kajakkomarno.sk\/hu\/author\/22media\/"}]}},"_links":{"self":[{"href":"https:\/\/kajakkomarno.sk\/hu\/wp-json\/wp\/v2\/posts\/2627","targetHints":{"allow":["GET"]}}],"collection":[{"href":"https:\/\/kajakkomarno.sk\/hu\/wp-json\/wp\/v2\/posts"}],"about":[{"href":"https:\/\/kajakkomarno.sk\/hu\/wp-json\/wp\/v2\/types\/post"}],"author":[{"embeddable":true,"href":"https:\/\/kajakkomarno.sk\/hu\/wp-json\/wp\/v2\/users\/1"}],"replies":[{"embeddable":true,"href":"https:\/\/kajakkomarno.sk\/hu\/wp-json\/wp\/v2\/comments?post=2627"}],"version-history":[{"count":0,"href":"https:\/\/kajakkomarno.sk\/hu\/wp-json\/wp\/v2\/posts\/2627\/revisions"}],"wp:featuredmedia":[{"embeddable":true,"href":"https:\/\/kajakkomarno.sk\/hu\/wp-json\/wp\/v2\/media\/2628"}],"wp:attachment":[{"href":"https:\/\/kajakkomarno.sk\/hu\/wp-json\/wp\/v2\/media?parent=2627"}],"wp:term":[{"taxonomy":"category","embeddable":true,"href":"https:\/\/kajakkomarno.sk\/hu\/wp-json\/wp\/v2\/categories?post=2627"},{"taxonomy":"post_tag","embeddable":true,"href":"https:\/\/kajakkomarno.sk\/hu\/wp-json\/wp\/v2\/tags?post=2627"}],"curies":[{"name":"wp","href":"https:\/\/api.w.org\/{rel}","templated":true}]}}