{"id":2601,"date":"2022-09-05T14:15:39","date_gmt":"2022-09-05T12:15:39","guid":{"rendered":"https:\/\/kajak.22projects.sk\/?p=2601"},"modified":"2023-02-23T15:16:00","modified_gmt":"2023-02-23T14:16:00","slug":"zo-svetoveho-sampionatu-juniorov-a-u23-v-szegede","status":"publish","type":"post","link":"https:\/\/kajakkomarno.sk\/hu\/novinky\/zo-svetoveho-sampionatu-juniorov-a-u23-v-szegede\/","title":{"rendered":"ZO SVETOV\u00c9HO \u0160AMPION\u00c1TU JUNIOROV A U23 V SZEGEDE"},"content":{"rendered":"\n<p>Majstrovstv\u00e1&nbsp; sveta juniorov a pretek\u00e1rov do 23 rokov v r\u00fdchlostnej kanoistike sa uskuto\u010dnili v d\u0148och 31.08.2022 a\u017e 04.09.2022 v Szegede.&nbsp;<\/p>\n\n\n\n<p><strong>V 28 \u010dlennej slovenskej&nbsp; v\u00fdprave mlad\u00fdch&nbsp; r\u00fdchlostn\u00fdch kanoistov bolo 9 pretek\u00e1rov z Kom\u00e1rna- 6 juniorov a traja pretek\u00e1ri&nbsp; do 23 rokov.&nbsp; \u010clenom ma\u010farskej reprezent\u00e1cie&nbsp; bol 22 ro\u010dn\u00fd kanoista z Kom\u00e1rna&nbsp; D\u00e1vid Koczk\u00e1s .<br><\/strong><\/p>\n\n\n\n<p><strong>REPREZENTOVALI N\u00c1S:<\/strong><\/p>\n\n\n\n<p><strong>JUNIORI:&nbsp;<\/strong><strong>R\u00e9ka BUG\u00c1R, Laura \u0150RI, Dominik DOKTOR\u00cdK, M\u00e1t\u00e9 MARSAL, \u013dudov\u00edt T\u00d3TH a Filip PODLEISZEK<\/strong><\/p>\n\n\n\n<p><strong>PRETEK\u00c1RI DO 23 ROKOV:&nbsp;<\/strong><strong>Lisa Maria GAMSJ\u00c4GER,&nbsp; Mariana PETRU\u0160OV\u00c1, a Marko UJV\u00c1RI<\/strong>&nbsp;a za v\u00fdber Ma\u010farska&nbsp;<strong>D\u00e1vid KOCZK\u00c1S&nbsp;&nbsp;<\/strong><\/p>\n\n\n\n<p><strong>V Szegede nech\u00fdbali ani tr\u00e9neri na\u0161ich pretek\u00e1rov:&nbsp; Attila Ambrus, Franti\u0161ek Dos\u00fadil,&nbsp; Oliver Koczk\u00e1s, Peter Lik\u00e9r a Juraj Tarr a mas\u00e9r slovenskej v\u00fdpravy&nbsp; Igor Viszlai.<\/strong><\/p>\n\n\n\n<p><strong>Vyst\u00fapenie juniorov&nbsp;<\/strong><\/p>\n\n\n\n<p>Na\u0161i juniori&nbsp; \u0161tartovali celkom v 8 discipl\u00ednach a cez rozjazdy a semifin\u00e1le si zabezpe\u010dili \u00fa\u010das\u0165&nbsp; v \u0161tyroch&nbsp; FIN\u00c1LE A a v dvoch FIN\u00c1LE B&nbsp; a v kone\u010dnej bilancii sa&nbsp; umiestnili nasledovne :<\/p>\n\n\n\n<p><strong>K2 JUNIORKY 500 m &#8211;&nbsp; &nbsp;2. R\u00e9ka BUG\u00c1R\u2013Bianka SIDOV\u00c1 \u2013 STRIEBORN\u00c1 MEDAILA<\/strong><\/p>\n\n\n\n<p><strong>K1 JUNIORKY 200 m &#8211;&nbsp; &nbsp;5. R\u00e9ka BUG\u00c1R<\/strong><\/p>\n\n\n\n<p><strong>K4 JUNIORI 500 m-&nbsp; &nbsp; &nbsp; &nbsp; 6. \u013dudov\u00edt T\u00d3TH \u2013 Dominik DOKTOR\u00cdK- Michal ZRUTTA \u2013 Juraj KUKU\u010cKA<\/strong><\/p>\n\n\n\n<p><strong>K2 JUNIORI 1000 m &#8211;&nbsp; &nbsp; &nbsp;7. M\u00e1t\u00e9 MARSAL- M\u00e1t\u00e9 LEPI&nbsp;&nbsp;<\/strong><\/p>\n\n\n\n<p><strong>K2 JUN MIX 500 m-&nbsp; &nbsp; &nbsp; &nbsp;11. R\u00e9ka BUG\u00c1R &#8211; Ondrej KOBYDA&nbsp;<\/strong><\/p>\n\n\n\n<p><strong>K1 JUNIORI 1000 m &#8211;&nbsp; &nbsp; 12. Filip PODLEISZEK<\/strong><\/p>\n\n\n\n<p><strong><br>STRIEBORN\u00c1 MEDAILA PRE R\u00c9KU BUG\u00c1R&nbsp;<\/strong><\/p>\n\n\n\n<p><strong>Vynikaj\u00faci v\u00fdsledok dosiahla 18 ro\u010dn\u00e1 kajak\u00e1rka&nbsp; R\u00e9ka Bug\u00e1r,&nbsp; ktor\u00e1 v\u00fdborn\u00fdm v\u00fdkonom vybojovala spolo\u010dne s Biankou Sidovou v K2 junioriek na 500 metrovej trati strieborn\u00fa medailu, ke\u010f im prvenstvo uniklo o 0,09 sekundy.&nbsp;<\/strong><\/p>\n\n\n\n<p><strong>R\u00e9ka Bug\u00e1r sa prebojovala aj do fin\u00e1le na 200 metrovej trati, kde sa umiestnila na&nbsp; ve\u013emi peknom 5. mieste.&nbsp;<\/strong><\/p>\n\n\n\n<p><strong>V K2 mix na 500 metrovej trati vo fin\u00e1le B obsadila R\u00e9ka BUG\u00c1R spolo\u010dne s Ondrejom KOBYDOM 2.miesto a celkovo im patr\u00ed 11 poz\u00edcia.&nbsp;<\/strong><\/p>\n\n\n\n<p><strong>Ako postupovala do fin\u00e1le R\u00e9ka v jednotliv\u00fdch discipl\u00ednach?<\/strong><\/p>\n\n\n\n<p><strong>K2 JUNIORKY&nbsp; 500 m-&nbsp; Rozjazda:&nbsp; 1.miesto,&nbsp; Semifin\u00e1le:&nbsp; 1.miesto,&nbsp; &nbsp;FIN\u00c1LE:&nbsp; &nbsp; 2.miesto&nbsp; &nbsp;<\/strong><\/p>\n\n\n\n<p><strong>K1 JUNIORKY&nbsp; 200 m &#8211; Rozjazda:&nbsp; 1.miesto,&nbsp; Semifin\u00e1le:&nbsp; 3.miesto,&nbsp; &nbsp;FIN\u00c1LE:&nbsp; &nbsp; 5.miesto<\/strong><\/p>\n\n\n\n<p><strong>K2 JUN MIX 500 m-\u00a0 \u00a0 \u00a0 \u00a0Rozjazda:\u00a0 4.miesto,\u00a0 Semifin\u00e1le:\u00a0 5.miesto,\u00a0 \u00a0FIN\u00c1LE B : 2.miesto kone\u010dn\u00e9 11.miesto\u00a0\u00a0<\/strong><\/p>\n\n\n\n<figure class=\"wp-block-image size-full\"><img fetchpriority=\"high\" decoding=\"async\" width=\"960\" height=\"640\" src=\"https:\/\/kajak.22projects.sk\/wp-content\/uploads\/2023\/02\/MSJ-20220.jpg\" alt=\"\" class=\"wp-image-2602\" srcset=\"https:\/\/kajakkomarno.sk\/wp-content\/uploads\/2023\/02\/MSJ-20220.jpg 960w, https:\/\/kajakkomarno.sk\/wp-content\/uploads\/2023\/02\/MSJ-20220-450x300.jpg 450w, https:\/\/kajakkomarno.sk\/wp-content\/uploads\/2023\/02\/MSJ-20220-768x512.jpg 768w\" sizes=\"(max-width: 960px) 100vw, 960px\" \/><\/figure>\n\n\n\n<figure class=\"wp-block-image size-full\"><img decoding=\"async\" width=\"960\" height=\"640\" src=\"https:\/\/kajak.22projects.sk\/wp-content\/uploads\/2023\/02\/MSJ-202206.jpg\" alt=\"\" class=\"wp-image-2604\" srcset=\"https:\/\/kajakkomarno.sk\/wp-content\/uploads\/2023\/02\/MSJ-202206.jpg 960w, https:\/\/kajakkomarno.sk\/wp-content\/uploads\/2023\/02\/MSJ-202206-450x300.jpg 450w, https:\/\/kajakkomarno.sk\/wp-content\/uploads\/2023\/02\/MSJ-202206-768x512.jpg 768w\" sizes=\"(max-width: 960px) 100vw, 960px\" \/><figcaption class=\"wp-element-caption\"><br><strong>Juniorsk\u00e1\u00a0 K4\u00a0 v zlo\u017een\u00ed\u00a0 \u013dudov\u00edt T\u00d3TH \u2013 Dominik DOKTOR\u00cdK- Michal ZRUTTA \u2013 Juraj KUKU\u010cKA<\/strong>\u00a0<strong>sa v\u00fdbornou jazdou v semifin\u00e1le dostala do fin\u00e1le, v ktorom\u00a0 skon\u010dili na ve\u013emi dobrom\u00a0 6.mieste.\u00a0<\/strong><br><strong>Ako postupovala juniorsk\u00e1 K4\u00a0 do fin\u00e1le?<\/strong><br><strong>K4 JUNIORI 500 m- Rozjazda: 4.miesto, Semifin\u00e1le: 2.miesto, FIN\u00c1LE: 6.miesto<\/strong><\/figcaption><\/figure>\n\n\n\n<figure class=\"wp-block-image size-large\"><img decoding=\"async\" width=\"1024\" height=\"582\" src=\"https:\/\/kajak.22projects.sk\/wp-content\/uploads\/2023\/02\/MSJ-202211-1024x582.jpg\" alt=\"\" class=\"wp-image-2606\" srcset=\"https:\/\/kajakkomarno.sk\/wp-content\/uploads\/2023\/02\/MSJ-202211-1024x582.jpg 1024w, https:\/\/kajakkomarno.sk\/wp-content\/uploads\/2023\/02\/MSJ-202211-450x256.jpg 450w, https:\/\/kajakkomarno.sk\/wp-content\/uploads\/2023\/02\/MSJ-202211-768x436.jpg 768w, https:\/\/kajakkomarno.sk\/wp-content\/uploads\/2023\/02\/MSJ-202211.jpg 1458w\" sizes=\"(max-width: 1024px) 100vw, 1024px\" \/><\/figure>\n\n\n\n<p><strong>K2 JUNIORI 1000 m:&nbsp; M\u00e1t\u00e9 MARSAL- M\u00e1t\u00e9 LEPI<\/strong><br><strong>Na svetovom \u0161ampion\u00e1te sa predstavil aj najmlad\u0161\u00ed \u010dlen&nbsp; slovenskej v\u00fdpravy e\u0161te iba 15 ro\u010dn\u00fd M\u00e1t\u00e9 Marsal, ktor\u00fd spolo\u010dne s M\u00e1t\u00e9m Lepim, 16 ro\u010dn\u00fdm kajak\u00e1rom zo \u0160amor\u00edna,&nbsp; podali v&nbsp; K2 na 1000 metrovej trati&nbsp; skvel\u00e9 v\u00fdkony a vo fin\u00e1le sa te\u0161ili z cenn\u00e9ho 7.miesta.&nbsp;<\/strong><\/p>\n\n\n\n<p><strong>Ako postupovala juniorsk\u00e1 K2&nbsp; do fin\u00e1le?<\/strong><\/p>\n\n\n\n<p><strong>K2 JUNIORI 1000 m:\u00a0 Rozjazda:\u00a0 3.miesto,\u00a0 \u00a0Semifin\u00e1le: 3.miesto,\u00a0 \u00a0 FIN\u00c1LE: 7.miesto\u00a0\u00a0<\/strong><\/p>\n\n\n\n<figure class=\"wp-block-image size-full\"><img loading=\"lazy\" decoding=\"async\" width=\"718\" height=\"960\" src=\"https:\/\/kajak.22projects.sk\/wp-content\/uploads\/2023\/02\/MSJ-202215.jpg\" alt=\"\" class=\"wp-image-2608\" srcset=\"https:\/\/kajakkomarno.sk\/wp-content\/uploads\/2023\/02\/MSJ-202215.jpg 718w, https:\/\/kajakkomarno.sk\/wp-content\/uploads\/2023\/02\/MSJ-202215-337x450.jpg 337w\" sizes=\"(max-width: 718px) 100vw, 718px\" \/><\/figure>\n\n\n\n<p><strong>K1 JUNIORI 1000 m&nbsp; &#8211; FILIP PODLEISZEK<\/strong><\/p>\n\n\n\n<p><strong>Filip Poldeiszek sa v silnej konkurencii juniorov v K1 na 1000 metrovej trati&nbsp; prebojoval z rozjazdy do semifin\u00e1le, kde obsadil 5.miesto a post\u00fapil do&nbsp; Fin\u00e1le&nbsp; B. Po peknom v\u00fdkone obsadil v B fin\u00e1le&nbsp; 3.miesto, \u010do v celkovom s\u00fa\u010dte znamen\u00e1 kone\u010dn\u00fa 12 poz\u00edciu.&nbsp;<\/strong><\/p>\n\n\n\n<p><strong>Ako postupoval Filip&nbsp; PODLEISZEK na 1000 metrovej trati do Fin\u00e1le B?<\/strong><\/p>\n\n\n\n<p><strong>K1 JUNIORI 1000 m\u00a0 Rozjazda:\u00a0 \u00a04.miesto,\u00a0 \u00a0Semifin\u00e1le: 5.miesto,\u00a0 FIN\u00c1LE B : 3.miesto\u00a0 kone\u010dn\u00e9\u00a0 12.miesto<\/strong><\/p>\n\n\n\n<p><\/p>\n\n\n\n<figure class=\"wp-block-image size-full\"><img loading=\"lazy\" decoding=\"async\" width=\"960\" height=\"720\" src=\"https:\/\/kajak.22projects.sk\/wp-content\/uploads\/2023\/02\/MEJU23-2022-PODL.jpg\" alt=\"\" class=\"wp-image-2610\" srcset=\"https:\/\/kajakkomarno.sk\/wp-content\/uploads\/2023\/02\/MEJU23-2022-PODL.jpg 960w, https:\/\/kajakkomarno.sk\/wp-content\/uploads\/2023\/02\/MEJU23-2022-PODL-450x338.jpg 450w, https:\/\/kajakkomarno.sk\/wp-content\/uploads\/2023\/02\/MEJU23-2022-PODL-768x576.jpg 768w\" sizes=\"(max-width: 960px) 100vw, 960px\" \/><\/figure>\n\n\n\n<p><strong>C1 JUNIORKY &#8211;&nbsp;Laura \u0150RI<\/strong><\/p>\n\n\n\n<p><strong>17 ro\u010dn\u00e1 kanoistka&nbsp; Laura \u0150RI,&nbsp; aj ke\u010f do svojich j\u00e1zd dala v\u0161etko, zo semifin\u00e1le sa jej do 9 \u010dlenn\u00e9ho fin\u00e1le nepodarilo prebojova\u0165, z\u00edskala v\u0161ak cenn\u00e9 sk\u00fasenosti z vrcholn\u00fdch podujat\u00ed.&nbsp;<\/strong><\/p>\n\n\n\n<p><strong>Ako postupovala Laura&nbsp;<\/strong><strong>\u0150RI&nbsp;<\/strong><strong>v jednotliv\u00fdch discipl\u00ednach?<\/strong><\/p>\n\n\n\n<p><strong>C1 JUNIORKY&nbsp; 500 m- :&nbsp; &nbsp;Rozjazda: 7 .miesto,&nbsp; Semifin\u00e1le:&nbsp; 8 .miesto&nbsp;&nbsp;<\/strong><\/p>\n\n\n\n<p><strong>C1 JUNIORKY\u00a0 200 m- :\u00a0 \u00a0Rozjazda: 7 .miesto,\u00a0 Semifin\u00e1le:\u00a0 8 .miesto\u00a0 \u00a0<\/strong><\/p>\n\n\n\n<figure class=\"wp-block-image size-full\"><img loading=\"lazy\" decoding=\"async\" width=\"960\" height=\"640\" src=\"https:\/\/kajak.22projects.sk\/wp-content\/uploads\/2023\/02\/MSJ-202203.jpg\" alt=\"\" class=\"wp-image-2612\" srcset=\"https:\/\/kajakkomarno.sk\/wp-content\/uploads\/2023\/02\/MSJ-202203.jpg 960w, https:\/\/kajakkomarno.sk\/wp-content\/uploads\/2023\/02\/MSJ-202203-450x300.jpg 450w, https:\/\/kajakkomarno.sk\/wp-content\/uploads\/2023\/02\/MSJ-202203-768x512.jpg 768w\" sizes=\"(max-width: 960px) 100vw, 960px\" \/><\/figure>\n\n\n\n<p><strong>Vyst\u00fapenie pretek\u00e1rov&nbsp; U23&nbsp;<\/strong><\/p>\n\n\n\n<p><strong>Pretek\u00e1ri z Kom\u00e1rna do 23 rokov, ktor\u00ed doposia\u013e nosili z vrcholn\u00fdch podujat\u00ed v tejto vekovej kateg\u00f3rii medaily, tentokr\u00e1t na Majstrovstv\u00e1ch sveta v Szegede na medaily nesiahli, aj ke\u010f pod\u00e1vali v priebehu \u0161ampion\u00e1tu v silnej konkurencii bojovn\u00e9 v\u00fdkony.&nbsp;<\/strong><\/p>\n\n\n\n<p><strong>K1 U23 \u017dENY&nbsp; 1000&nbsp; m &#8211;&nbsp; 7. Mariana PETRU\u0160OV\u00c1<\/strong><\/p>\n\n\n\n<p><strong>K1 U23 \u017dENY&nbsp; 5000&nbsp; m &#8211;&nbsp; 8. Mariana PETRU\u0160OV\u00c1<\/strong><\/p>\n\n\n\n<p><strong>K1 U23 \u017dENY&nbsp; &nbsp;500&nbsp; m &#8211;&nbsp; 9. Lisa Maria GAMSJ\u00c4GER<\/strong><\/p>\n\n\n\n<p><strong>K1 U23 MU\u017dI&nbsp; 5 000 m-&nbsp; 13. Marko UJV\u00c1RI<\/strong><\/p>\n\n\n\n<p><strong>STRIEBRO PRE D\u00e1vida KOCZK\u00c1SA<\/strong><\/p>\n\n\n\n<p><strong>V Szegede reprezentoval Ma\u010farsko v kateg\u00f3rii do 23 rokov v discipl\u00edne C4 U23 na 500 m 22 ro\u010dn\u00fd kanoista z Kom\u00e1rna, odchovanec Kajak &amp; kanoe klubu Kom\u00e1rno D\u00e1vid Koczk\u00e1s,ktor\u00fd vybojoval pre svoj t\u00edm strieborn\u00fa medailu.\u00a0 \u00a0\u00a0<\/strong><\/p>\n\n\n\n<p><\/p>\n\n\n\n<figure class=\"wp-block-image size-full\"><img loading=\"lazy\" decoding=\"async\" width=\"960\" height=\"640\" src=\"https:\/\/kajak.22projects.sk\/wp-content\/uploads\/2023\/02\/MSJ-202207.jpg\" alt=\"\" class=\"wp-image-2614\" srcset=\"https:\/\/kajakkomarno.sk\/wp-content\/uploads\/2023\/02\/MSJ-202207.jpg 960w, https:\/\/kajakkomarno.sk\/wp-content\/uploads\/2023\/02\/MSJ-202207-450x300.jpg 450w, https:\/\/kajakkomarno.sk\/wp-content\/uploads\/2023\/02\/MSJ-202207-768x512.jpg 768w\" sizes=\"(max-width: 960px) 100vw, 960px\" \/><figcaption class=\"wp-element-caption\"><strong>Mariana Petru\u0161ov\u00e1 vo fin\u00e1le na 1000 metrovej trati, nesk\u00f4r na 5000 metrovej trati, kde obsadila 8.miesto<\/strong><\/figcaption><\/figure>\n\n\n\n<figure class=\"wp-block-image size-full\"><img loading=\"lazy\" decoding=\"async\" width=\"960\" height=\"640\" src=\"https:\/\/kajak.22projects.sk\/wp-content\/uploads\/2023\/02\/MSJ-202202.jpg\" alt=\"\" class=\"wp-image-2616\" srcset=\"https:\/\/kajakkomarno.sk\/wp-content\/uploads\/2023\/02\/MSJ-202202.jpg 960w, https:\/\/kajakkomarno.sk\/wp-content\/uploads\/2023\/02\/MSJ-202202-450x300.jpg 450w, https:\/\/kajakkomarno.sk\/wp-content\/uploads\/2023\/02\/MSJ-202202-768x512.jpg 768w\" sizes=\"(max-width: 960px) 100vw, 960px\" \/><figcaption class=\"wp-element-caption\"><strong>Lisa Gamsj\u00e4ger v K1 na 500 metrovej trati<\/strong><\/figcaption><\/figure>\n\n\n\n<figure class=\"wp-block-image size-full\"><img loading=\"lazy\" decoding=\"async\" width=\"960\" height=\"720\" src=\"https:\/\/kajak.22projects.sk\/wp-content\/uploads\/2023\/02\/MSJ-202213-1.jpg\" alt=\"\" class=\"wp-image-2618\" srcset=\"https:\/\/kajakkomarno.sk\/wp-content\/uploads\/2023\/02\/MSJ-202213-1.jpg 960w, https:\/\/kajakkomarno.sk\/wp-content\/uploads\/2023\/02\/MSJ-202213-1-450x338.jpg 450w, https:\/\/kajakkomarno.sk\/wp-content\/uploads\/2023\/02\/MSJ-202213-1-768x576.jpg 768w\" sizes=\"(max-width: 960px) 100vw, 960px\" \/><figcaption class=\"wp-element-caption\"><strong>Marko Ujv\u00e1ri na 5000 metrovej trati zabojoval, v silnej a po\u010detnej konkurencii to sta\u010dilo na 13.miesto<\/strong><\/figcaption><\/figure>\n\n\n\n<figure class=\"wp-block-image size-large\"><img loading=\"lazy\" decoding=\"async\" width=\"1024\" height=\"683\" src=\"https:\/\/kajak.22projects.sk\/wp-content\/uploads\/2023\/02\/MSJ-202201_9995-1024x683.jpg\" alt=\"\" class=\"wp-image-2620\" srcset=\"https:\/\/kajakkomarno.sk\/wp-content\/uploads\/2023\/02\/MSJ-202201_9995-1024x683.jpg 1024w, https:\/\/kajakkomarno.sk\/wp-content\/uploads\/2023\/02\/MSJ-202201_9995-450x300.jpg 450w, https:\/\/kajakkomarno.sk\/wp-content\/uploads\/2023\/02\/MSJ-202201_9995-768x512.jpg 768w, https:\/\/kajakkomarno.sk\/wp-content\/uploads\/2023\/02\/MSJ-202201_9995-1536x1024.jpg 1536w, https:\/\/kajakkomarno.sk\/wp-content\/uploads\/2023\/02\/MSJ-202201_9995-2048x1365.jpg 2048w\" sizes=\"(max-width: 1024px) 100vw, 1024px\" \/><figcaption class=\"wp-element-caption\"><strong>Zo striebornej medaily s te\u0161\u00ed D\u00e1vid Koczk\u00e1s<\/strong><\/figcaption><\/figure>\n\n\n\n<figure class=\"wp-block-image size-full\"><img loading=\"lazy\" decoding=\"async\" width=\"960\" height=\"640\" src=\"https:\/\/kajak.22projects.sk\/wp-content\/uploads\/2023\/02\/MSJ-202205.jpg\" alt=\"\" class=\"wp-image-2622\" srcset=\"https:\/\/kajakkomarno.sk\/wp-content\/uploads\/2023\/02\/MSJ-202205.jpg 960w, https:\/\/kajakkomarno.sk\/wp-content\/uploads\/2023\/02\/MSJ-202205-450x300.jpg 450w, https:\/\/kajakkomarno.sk\/wp-content\/uploads\/2023\/02\/MSJ-202205-768x512.jpg 768w\" sizes=\"(max-width: 960px) 100vw, 960px\" \/><figcaption class=\"wp-element-caption\"><strong>V pozad\u00ed \u00faspechov stoja tr\u00e9neri<\/strong>.<\/figcaption><\/figure>\n\n\n\n<p><strong>Blaho\u017eel\u00e1me v\u0161etk\u00fdm pretek\u00e1rom za dosiahnut\u00e9 v\u00fdsledky a \u010fakujeme\u00a0 za \u00faspe\u0161n\u00fa reprezent\u00e1ciu !\u00a0<\/strong><\/p>\n\n\n\n<p><\/p>\n","protected":false},"excerpt":{"rendered":"<p>Majstrovstv\u00e1&nbsp; sveta juniorov a pretek\u00e1rov do 23 rokov v r\u00fdchlostnej kanoistike sa uskuto\u010dnili v d\u0148och 31.08.2022 a\u017e 04.09.2022 v Szegede.&nbsp; V 28 \u010dlennej slovenskej&nbsp; v\u00fdprave mlad\u00fdch&nbsp; r\u00fdchlostn\u00fdch kanoistov bolo 9 pretek\u00e1rov z Kom\u00e1rna- 6 juniorov a traja pretek\u00e1ri&nbsp; do 23 rokov.&nbsp; \u010clenom ma\u010farskej reprezent\u00e1cie&nbsp; bol 22 ro\u010dn\u00fd kanoista z Kom\u00e1rna&nbsp; D\u00e1vid Koczk\u00e1s . REPREZENTOVALI N\u00c1S: [&hellip;]<\/p>\n","protected":false},"author":1,"featured_media":2624,"comment_status":"open","ping_status":"open","sticky":false,"template":"","format":"standard","meta":{"inline_featured_image":false,"footnotes":""},"categories":[1],"tags":[],"class_list":["post-2601","post","type-post","status-publish","format-standard","has-post-thumbnail","hentry","category-novinky"],"acf":[],"yoast_head":"<!-- This site is optimized with the Yoast SEO plugin v26.6 - https:\/\/yoast.com\/wordpress\/plugins\/seo\/ -->\n<title>ZO SVETOV\u00c9HO \u0160AMPION\u00c1TU JUNIOROV A U23 V SZEGEDE - Kajak &amp; kanoe klub Kom\u00e1rno<\/title>\n<meta name=\"robots\" content=\"index, follow, max-snippet:-1, max-image-preview:large, max-video-preview:-1\" \/>\n<link rel=\"canonical\" href=\"https:\/\/kajakkomarno.sk\/novinky\/zo-svetoveho-sampionatu-juniorov-a-u23-v-szegede\/\" \/>\n<meta property=\"og:locale\" content=\"hu_HU\" \/>\n<meta property=\"og:type\" content=\"article\" \/>\n<meta property=\"og:title\" content=\"ZO SVETOV\u00c9HO \u0160AMPION\u00c1TU JUNIOROV A U23 V SZEGEDE - Kajak &amp; kanoe klub Kom\u00e1rno\" \/>\n<meta property=\"og:description\" content=\"Majstrovstv\u00e1&nbsp; sveta juniorov a pretek\u00e1rov do 23 rokov v r\u00fdchlostnej kanoistike sa uskuto\u010dnili v d\u0148och 31.08.2022 a\u017e 04.09.2022 v Szegede.&nbsp; V 28 \u010dlennej slovenskej&nbsp; v\u00fdprave mlad\u00fdch&nbsp; r\u00fdchlostn\u00fdch kanoistov bolo 9 pretek\u00e1rov z Kom\u00e1rna- 6 juniorov a traja pretek\u00e1ri&nbsp; do 23 rokov.&nbsp; \u010clenom ma\u010farskej reprezent\u00e1cie&nbsp; bol 22 ro\u010dn\u00fd kanoista z Kom\u00e1rna&nbsp; D\u00e1vid Koczk\u00e1s . REPREZENTOVALI N\u00c1S: [&hellip;]\" \/>\n<meta property=\"og:url\" content=\"https:\/\/kajakkomarno.sk\/novinky\/zo-svetoveho-sampionatu-juniorov-a-u23-v-szegede\/\" \/>\n<meta property=\"og:site_name\" content=\"Kajak &amp; kanoe klub Kom\u00e1rno\" \/>\n<meta property=\"article:published_time\" content=\"2022-09-05T12:15:39+00:00\" \/>\n<meta property=\"article:modified_time\" content=\"2023-02-23T14:16:00+00:00\" \/>\n<meta property=\"og:image\" content=\"https:\/\/kajakkomarno.sk\/wp-content\/uploads\/2023\/02\/MSJ-202206-1.jpg\" \/>\n\t<meta property=\"og:image:width\" content=\"960\" \/>\n\t<meta property=\"og:image:height\" content=\"640\" \/>\n\t<meta property=\"og:image:type\" content=\"image\/jpeg\" \/>\n<meta name=\"author\" content=\"22media\" \/>\n<meta name=\"twitter:card\" content=\"summary_large_image\" \/>\n<meta name=\"twitter:label1\" content=\"Szerz\u0151:\" \/>\n\t<meta name=\"twitter:data1\" content=\"22media\" \/>\n\t<meta name=\"twitter:label2\" content=\"Becs\u00fclt olvas\u00e1si id\u0151\" \/>\n\t<meta name=\"twitter:data2\" content=\"7 perc\" \/>\n<script type=\"application\/ld+json\" class=\"yoast-schema-graph\">{\"@context\":\"https:\/\/schema.org\",\"@graph\":[{\"@type\":\"Article\",\"@id\":\"https:\/\/kajakkomarno.sk\/novinky\/zo-svetoveho-sampionatu-juniorov-a-u23-v-szegede\/#article\",\"isPartOf\":{\"@id\":\"https:\/\/kajakkomarno.sk\/novinky\/zo-svetoveho-sampionatu-juniorov-a-u23-v-szegede\/\"},\"author\":{\"name\":\"22media\",\"@id\":\"https:\/\/kajakkomarno.sk\/#\/schema\/person\/4e92804dad721346fd0d44b352a30cda\"},\"headline\":\"ZO SVETOV\u00c9HO \u0160AMPION\u00c1TU JUNIOROV A U23 V SZEGEDE\",\"datePublished\":\"2022-09-05T12:15:39+00:00\",\"dateModified\":\"2023-02-23T14:16:00+00:00\",\"mainEntityOfPage\":{\"@id\":\"https:\/\/kajakkomarno.sk\/novinky\/zo-svetoveho-sampionatu-juniorov-a-u23-v-szegede\/\"},\"wordCount\":1005,\"commentCount\":0,\"publisher\":{\"@id\":\"https:\/\/kajakkomarno.sk\/#organization\"},\"image\":{\"@id\":\"https:\/\/kajakkomarno.sk\/novinky\/zo-svetoveho-sampionatu-juniorov-a-u23-v-szegede\/#primaryimage\"},\"thumbnailUrl\":\"https:\/\/kajakkomarno.sk\/wp-content\/uploads\/2023\/02\/MSJ-202206-1.jpg\",\"articleSection\":[\"Novinky\"],\"inLanguage\":\"hu\",\"potentialAction\":[{\"@type\":\"CommentAction\",\"name\":\"Comment\",\"target\":[\"https:\/\/kajakkomarno.sk\/novinky\/zo-svetoveho-sampionatu-juniorov-a-u23-v-szegede\/#respond\"]}]},{\"@type\":\"WebPage\",\"@id\":\"https:\/\/kajakkomarno.sk\/novinky\/zo-svetoveho-sampionatu-juniorov-a-u23-v-szegede\/\",\"url\":\"https:\/\/kajakkomarno.sk\/novinky\/zo-svetoveho-sampionatu-juniorov-a-u23-v-szegede\/\",\"name\":\"ZO SVETOV\u00c9HO \u0160AMPION\u00c1TU JUNIOROV A U23 V SZEGEDE - Kajak &amp; kanoe klub Kom\u00e1rno\",\"isPartOf\":{\"@id\":\"https:\/\/kajakkomarno.sk\/#website\"},\"primaryImageOfPage\":{\"@id\":\"https:\/\/kajakkomarno.sk\/novinky\/zo-svetoveho-sampionatu-juniorov-a-u23-v-szegede\/#primaryimage\"},\"image\":{\"@id\":\"https:\/\/kajakkomarno.sk\/novinky\/zo-svetoveho-sampionatu-juniorov-a-u23-v-szegede\/#primaryimage\"},\"thumbnailUrl\":\"https:\/\/kajakkomarno.sk\/wp-content\/uploads\/2023\/02\/MSJ-202206-1.jpg\",\"datePublished\":\"2022-09-05T12:15:39+00:00\",\"dateModified\":\"2023-02-23T14:16:00+00:00\",\"breadcrumb\":{\"@id\":\"https:\/\/kajakkomarno.sk\/novinky\/zo-svetoveho-sampionatu-juniorov-a-u23-v-szegede\/#breadcrumb\"},\"inLanguage\":\"hu\",\"potentialAction\":[{\"@type\":\"ReadAction\",\"target\":[\"https:\/\/kajakkomarno.sk\/novinky\/zo-svetoveho-sampionatu-juniorov-a-u23-v-szegede\/\"]}]},{\"@type\":\"ImageObject\",\"inLanguage\":\"hu\",\"@id\":\"https:\/\/kajakkomarno.sk\/novinky\/zo-svetoveho-sampionatu-juniorov-a-u23-v-szegede\/#primaryimage\",\"url\":\"https:\/\/kajakkomarno.sk\/wp-content\/uploads\/2023\/02\/MSJ-202206-1.jpg\",\"contentUrl\":\"https:\/\/kajakkomarno.sk\/wp-content\/uploads\/2023\/02\/MSJ-202206-1.jpg\",\"width\":960,\"height\":640},{\"@type\":\"BreadcrumbList\",\"@id\":\"https:\/\/kajakkomarno.sk\/novinky\/zo-svetoveho-sampionatu-juniorov-a-u23-v-szegede\/#breadcrumb\",\"itemListElement\":[{\"@type\":\"ListItem\",\"position\":1,\"name\":\"Domov\",\"item\":\"https:\/\/kajakkomarno.sk\/hu\/fooldal\/\"},{\"@type\":\"ListItem\",\"position\":2,\"name\":\"Novinky\",\"item\":\"https:\/\/kajakkomarno.sk\/category\/novinky\/\"},{\"@type\":\"ListItem\",\"position\":3,\"name\":\"ZO SVETOV\u00c9HO \u0160AMPION\u00c1TU JUNIOROV A U23 V SZEGEDE\"}]},{\"@type\":\"WebSite\",\"@id\":\"https:\/\/kajakkomarno.sk\/#website\",\"url\":\"https:\/\/kajakkomarno.sk\/\",\"name\":\"Kajak &amp; kanoe klub Kom\u00e1rno\",\"description\":\"\",\"publisher\":{\"@id\":\"https:\/\/kajakkomarno.sk\/#organization\"},\"potentialAction\":[{\"@type\":\"SearchAction\",\"target\":{\"@type\":\"EntryPoint\",\"urlTemplate\":\"https:\/\/kajakkomarno.sk\/?s={search_term_string}\"},\"query-input\":{\"@type\":\"PropertyValueSpecification\",\"valueRequired\":true,\"valueName\":\"search_term_string\"}}],\"inLanguage\":\"hu\"},{\"@type\":\"Organization\",\"@id\":\"https:\/\/kajakkomarno.sk\/#organization\",\"name\":\"Kajak &amp; kanoe klub Kom\u00e1rno\",\"url\":\"https:\/\/kajakkomarno.sk\/\",\"logo\":{\"@type\":\"ImageObject\",\"inLanguage\":\"hu\",\"@id\":\"https:\/\/kajakkomarno.sk\/#\/schema\/logo\/image\/\",\"url\":\"https:\/\/kajakkomarno.sk\/wp-content\/uploads\/2022\/12\/kajak-kanoe-klub-komarno-optimized-opt.svg\",\"contentUrl\":\"https:\/\/kajakkomarno.sk\/wp-content\/uploads\/2022\/12\/kajak-kanoe-klub-komarno-optimized-opt.svg\",\"width\":307,\"height\":66,\"caption\":\"Kajak &amp; kanoe klub Kom\u00e1rno\"},\"image\":{\"@id\":\"https:\/\/kajakkomarno.sk\/#\/schema\/logo\/image\/\"}},{\"@type\":\"Person\",\"@id\":\"https:\/\/kajakkomarno.sk\/#\/schema\/person\/4e92804dad721346fd0d44b352a30cda\",\"name\":\"22media\",\"image\":{\"@type\":\"ImageObject\",\"inLanguage\":\"hu\",\"@id\":\"https:\/\/kajakkomarno.sk\/#\/schema\/person\/image\/\",\"url\":\"https:\/\/secure.gravatar.com\/avatar\/571bd97cd2f803bbffe6b5dc778f411cdc2d79d2c3c26bf2d4ca31723fb79fc2?s=96&d=mm&r=g\",\"contentUrl\":\"https:\/\/secure.gravatar.com\/avatar\/571bd97cd2f803bbffe6b5dc778f411cdc2d79d2c3c26bf2d4ca31723fb79fc2?s=96&d=mm&r=g\",\"caption\":\"22media\"},\"url\":\"https:\/\/kajakkomarno.sk\/hu\/author\/22media\/\"}]}<\/script>\n<!-- \/ Yoast SEO plugin. -->","yoast_head_json":{"title":"ZO SVETOV\u00c9HO \u0160AMPION\u00c1TU JUNIOROV A U23 V SZEGEDE - Kajak &amp; kanoe klub Kom\u00e1rno","robots":{"index":"index","follow":"follow","max-snippet":"max-snippet:-1","max-image-preview":"max-image-preview:large","max-video-preview":"max-video-preview:-1"},"canonical":"https:\/\/kajakkomarno.sk\/novinky\/zo-svetoveho-sampionatu-juniorov-a-u23-v-szegede\/","og_locale":"hu_HU","og_type":"article","og_title":"ZO SVETOV\u00c9HO \u0160AMPION\u00c1TU JUNIOROV A U23 V SZEGEDE - Kajak &amp; kanoe klub Kom\u00e1rno","og_description":"Majstrovstv\u00e1&nbsp; sveta juniorov a pretek\u00e1rov do 23 rokov v r\u00fdchlostnej kanoistike sa uskuto\u010dnili v d\u0148och 31.08.2022 a\u017e 04.09.2022 v Szegede.&nbsp; V 28 \u010dlennej slovenskej&nbsp; v\u00fdprave mlad\u00fdch&nbsp; r\u00fdchlostn\u00fdch kanoistov bolo 9 pretek\u00e1rov z Kom\u00e1rna- 6 juniorov a traja pretek\u00e1ri&nbsp; do 23 rokov.&nbsp; \u010clenom ma\u010farskej reprezent\u00e1cie&nbsp; bol 22 ro\u010dn\u00fd kanoista z Kom\u00e1rna&nbsp; D\u00e1vid Koczk\u00e1s . REPREZENTOVALI N\u00c1S: [&hellip;]","og_url":"https:\/\/kajakkomarno.sk\/novinky\/zo-svetoveho-sampionatu-juniorov-a-u23-v-szegede\/","og_site_name":"Kajak &amp; kanoe klub Kom\u00e1rno","article_published_time":"2022-09-05T12:15:39+00:00","article_modified_time":"2023-02-23T14:16:00+00:00","og_image":[{"width":960,"height":640,"url":"https:\/\/kajakkomarno.sk\/wp-content\/uploads\/2023\/02\/MSJ-202206-1.jpg","type":"image\/jpeg"}],"author":"22media","twitter_card":"summary_large_image","twitter_misc":{"Szerz\u0151:":"22media","Becs\u00fclt olvas\u00e1si id\u0151":"7 perc"},"schema":{"@context":"https:\/\/schema.org","@graph":[{"@type":"Article","@id":"https:\/\/kajakkomarno.sk\/novinky\/zo-svetoveho-sampionatu-juniorov-a-u23-v-szegede\/#article","isPartOf":{"@id":"https:\/\/kajakkomarno.sk\/novinky\/zo-svetoveho-sampionatu-juniorov-a-u23-v-szegede\/"},"author":{"name":"22media","@id":"https:\/\/kajakkomarno.sk\/#\/schema\/person\/4e92804dad721346fd0d44b352a30cda"},"headline":"ZO SVETOV\u00c9HO \u0160AMPION\u00c1TU JUNIOROV A U23 V SZEGEDE","datePublished":"2022-09-05T12:15:39+00:00","dateModified":"2023-02-23T14:16:00+00:00","mainEntityOfPage":{"@id":"https:\/\/kajakkomarno.sk\/novinky\/zo-svetoveho-sampionatu-juniorov-a-u23-v-szegede\/"},"wordCount":1005,"commentCount":0,"publisher":{"@id":"https:\/\/kajakkomarno.sk\/#organization"},"image":{"@id":"https:\/\/kajakkomarno.sk\/novinky\/zo-svetoveho-sampionatu-juniorov-a-u23-v-szegede\/#primaryimage"},"thumbnailUrl":"https:\/\/kajakkomarno.sk\/wp-content\/uploads\/2023\/02\/MSJ-202206-1.jpg","articleSection":["Novinky"],"inLanguage":"hu","potentialAction":[{"@type":"CommentAction","name":"Comment","target":["https:\/\/kajakkomarno.sk\/novinky\/zo-svetoveho-sampionatu-juniorov-a-u23-v-szegede\/#respond"]}]},{"@type":"WebPage","@id":"https:\/\/kajakkomarno.sk\/novinky\/zo-svetoveho-sampionatu-juniorov-a-u23-v-szegede\/","url":"https:\/\/kajakkomarno.sk\/novinky\/zo-svetoveho-sampionatu-juniorov-a-u23-v-szegede\/","name":"ZO SVETOV\u00c9HO \u0160AMPION\u00c1TU JUNIOROV A U23 V SZEGEDE - Kajak &amp; kanoe klub Kom\u00e1rno","isPartOf":{"@id":"https:\/\/kajakkomarno.sk\/#website"},"primaryImageOfPage":{"@id":"https:\/\/kajakkomarno.sk\/novinky\/zo-svetoveho-sampionatu-juniorov-a-u23-v-szegede\/#primaryimage"},"image":{"@id":"https:\/\/kajakkomarno.sk\/novinky\/zo-svetoveho-sampionatu-juniorov-a-u23-v-szegede\/#primaryimage"},"thumbnailUrl":"https:\/\/kajakkomarno.sk\/wp-content\/uploads\/2023\/02\/MSJ-202206-1.jpg","datePublished":"2022-09-05T12:15:39+00:00","dateModified":"2023-02-23T14:16:00+00:00","breadcrumb":{"@id":"https:\/\/kajakkomarno.sk\/novinky\/zo-svetoveho-sampionatu-juniorov-a-u23-v-szegede\/#breadcrumb"},"inLanguage":"hu","potentialAction":[{"@type":"ReadAction","target":["https:\/\/kajakkomarno.sk\/novinky\/zo-svetoveho-sampionatu-juniorov-a-u23-v-szegede\/"]}]},{"@type":"ImageObject","inLanguage":"hu","@id":"https:\/\/kajakkomarno.sk\/novinky\/zo-svetoveho-sampionatu-juniorov-a-u23-v-szegede\/#primaryimage","url":"https:\/\/kajakkomarno.sk\/wp-content\/uploads\/2023\/02\/MSJ-202206-1.jpg","contentUrl":"https:\/\/kajakkomarno.sk\/wp-content\/uploads\/2023\/02\/MSJ-202206-1.jpg","width":960,"height":640},{"@type":"BreadcrumbList","@id":"https:\/\/kajakkomarno.sk\/novinky\/zo-svetoveho-sampionatu-juniorov-a-u23-v-szegede\/#breadcrumb","itemListElement":[{"@type":"ListItem","position":1,"name":"Domov","item":"https:\/\/kajakkomarno.sk\/hu\/fooldal\/"},{"@type":"ListItem","position":2,"name":"Novinky","item":"https:\/\/kajakkomarno.sk\/category\/novinky\/"},{"@type":"ListItem","position":3,"name":"ZO SVETOV\u00c9HO \u0160AMPION\u00c1TU JUNIOROV A U23 V SZEGEDE"}]},{"@type":"WebSite","@id":"https:\/\/kajakkomarno.sk\/#website","url":"https:\/\/kajakkomarno.sk\/","name":"Kajak &amp; kanoe klub Kom\u00e1rno","description":"","publisher":{"@id":"https:\/\/kajakkomarno.sk\/#organization"},"potentialAction":[{"@type":"SearchAction","target":{"@type":"EntryPoint","urlTemplate":"https:\/\/kajakkomarno.sk\/?s={search_term_string}"},"query-input":{"@type":"PropertyValueSpecification","valueRequired":true,"valueName":"search_term_string"}}],"inLanguage":"hu"},{"@type":"Organization","@id":"https:\/\/kajakkomarno.sk\/#organization","name":"Kajak &amp; kanoe klub Kom\u00e1rno","url":"https:\/\/kajakkomarno.sk\/","logo":{"@type":"ImageObject","inLanguage":"hu","@id":"https:\/\/kajakkomarno.sk\/#\/schema\/logo\/image\/","url":"https:\/\/kajakkomarno.sk\/wp-content\/uploads\/2022\/12\/kajak-kanoe-klub-komarno-optimized-opt.svg","contentUrl":"https:\/\/kajakkomarno.sk\/wp-content\/uploads\/2022\/12\/kajak-kanoe-klub-komarno-optimized-opt.svg","width":307,"height":66,"caption":"Kajak &amp; kanoe klub Kom\u00e1rno"},"image":{"@id":"https:\/\/kajakkomarno.sk\/#\/schema\/logo\/image\/"}},{"@type":"Person","@id":"https:\/\/kajakkomarno.sk\/#\/schema\/person\/4e92804dad721346fd0d44b352a30cda","name":"22media","image":{"@type":"ImageObject","inLanguage":"hu","@id":"https:\/\/kajakkomarno.sk\/#\/schema\/person\/image\/","url":"https:\/\/secure.gravatar.com\/avatar\/571bd97cd2f803bbffe6b5dc778f411cdc2d79d2c3c26bf2d4ca31723fb79fc2?s=96&d=mm&r=g","contentUrl":"https:\/\/secure.gravatar.com\/avatar\/571bd97cd2f803bbffe6b5dc778f411cdc2d79d2c3c26bf2d4ca31723fb79fc2?s=96&d=mm&r=g","caption":"22media"},"url":"https:\/\/kajakkomarno.sk\/hu\/author\/22media\/"}]}},"_links":{"self":[{"href":"https:\/\/kajakkomarno.sk\/hu\/wp-json\/wp\/v2\/posts\/2601","targetHints":{"allow":["GET"]}}],"collection":[{"href":"https:\/\/kajakkomarno.sk\/hu\/wp-json\/wp\/v2\/posts"}],"about":[{"href":"https:\/\/kajakkomarno.sk\/hu\/wp-json\/wp\/v2\/types\/post"}],"author":[{"embeddable":true,"href":"https:\/\/kajakkomarno.sk\/hu\/wp-json\/wp\/v2\/users\/1"}],"replies":[{"embeddable":true,"href":"https:\/\/kajakkomarno.sk\/hu\/wp-json\/wp\/v2\/comments?post=2601"}],"version-history":[{"count":0,"href":"https:\/\/kajakkomarno.sk\/hu\/wp-json\/wp\/v2\/posts\/2601\/revisions"}],"wp:featuredmedia":[{"embeddable":true,"href":"https:\/\/kajakkomarno.sk\/hu\/wp-json\/wp\/v2\/media\/2624"}],"wp:attachment":[{"href":"https:\/\/kajakkomarno.sk\/hu\/wp-json\/wp\/v2\/media?parent=2601"}],"wp:term":[{"taxonomy":"category","embeddable":true,"href":"https:\/\/kajakkomarno.sk\/hu\/wp-json\/wp\/v2\/categories?post=2601"},{"taxonomy":"post_tag","embeddable":true,"href":"https:\/\/kajakkomarno.sk\/hu\/wp-json\/wp\/v2\/tags?post=2601"}],"curies":[{"name":"wp","href":"https:\/\/api.w.org\/{rel}","templated":true}]}}