{"id":2591,"date":"2022-09-12T14:05:47","date_gmt":"2022-09-12T12:05:47","guid":{"rendered":"https:\/\/kajak.22projects.sk\/?p=2591"},"modified":"2023-02-23T15:33:38","modified_gmt":"2023-02-23T14:33:38","slug":"uspesne-olympijske-nadeje-2022","status":"publish","type":"post","link":"https:\/\/kajakkomarno.sk\/hu\/novinky\/uspesne-olympijske-nadeje-2022\/","title":{"rendered":"\u00daSPE\u0160N\u00c9 OLYMPIJSK\u00c9 N\u00c1DEJE 2022"},"content":{"rendered":"\n<p>Dejiskom S\u00fa\u0165a\u017ee olympijsk\u00fdch n\u00e1dej\u00ed 2022 v d\u0148och 08.09.2022 a\u017e 11.09.2022 bola Bratislava , jazero Zemn\u00edk .&nbsp;&nbsp;<\/p>\n\n\n\n<p>S\u00fa\u0165a\u017e olympijsk\u00fdch n\u00e1dej patr\u00ed medzi najob\u013e\u00fabenej\u0161ie podujatia pre kanoistick\u00e9 n\u00e1deje 15&nbsp; a\u017e 17 ro\u010dn\u00fdch. Je to ve\u013ek\u00e1 pr\u00edle\u017eitos\u0165 zas\u00fa\u0165a\u017ei\u0165 si&nbsp; v silnej medzin\u00e1rodnej konkurencii s rovesn\u00edkmi z cel\u00e9ho sveta.&nbsp;<\/p>\n\n\n\n<p><strong>V tomto roku sa na Zemn\u00edku zi\u0161lo takmer 800 chlapcov a diev\u010dat zo 40&nbsp; kraj\u00edn z cel\u00e9ho sveta.&nbsp;<\/strong><\/p>\n\n\n\n<p><strong>V 34 \u010dlennej slovenskej v\u00fdprave bolo 10 pretek\u00e1rov Kajak &amp; kanoe klubu Kom\u00e1rno.<\/strong>&nbsp; N\u00e1ro\u010dn\u00e9 preteky mali pred sebou&nbsp; chlapci a diev\u010dat\u00e1, ktor\u00ed sa pred t\u00fd\u017ed\u0148om z\u00fa\u010dastnili juniorsk\u00fdch majstrovstiev sveta. Svoju tvrd\u00fa pr\u00e1cu, sk\u00fasenosti, talent z\u00faro\u010dili do vynikaj\u00facich v\u00fdkonov.&nbsp;<\/p>\n\n\n\n<p><strong>REPREZENTOVALI&nbsp; N\u00c1S<\/strong><\/p>\n\n\n\n<p><strong>kanoistky: Nat\u00e1lia Szenciov\u00e1,&nbsp; Zoe B\u00d3NOV\u00c1,&nbsp; Laura \u0150RI<\/strong><\/p>\n\n\n\n<p><strong>kajak\u00e1ri : M\u00e1t\u00e9 MARSAL, Peter Teo LUK\u00c1\u010c,&nbsp; Luk\u00e1\u0161 GROLMUS, M\u00e1rk IKR\u00c9NI, Tom\u00e1\u0161&nbsp; FARKA\u0160, \u013dudov\u00edt T\u00d3TH, Dominik DOKTOR\u00cdK.&nbsp;<\/strong><\/p>\n\n\n\n<p>Program pretekov bol n\u00e1ro\u010dn\u00fd, do fin\u00e1le sa v silnej&nbsp; konkurencii mlad\u00fdch kanoistick\u00fdch n\u00e1dej\u00ed museli pretek\u00e1ri prebojova\u0165&nbsp; cez&nbsp; rozjazdy a semifin\u00e1lov\u00e9 jazdy a do programu boli zaraden\u00e9 aj Fin\u00e1le B.&nbsp;<\/p>\n\n\n\n<p>Preteky boli rozdelen\u00e9 do 4&nbsp; dn\u00ed:&nbsp;<\/p>\n\n\n\n<p>\u0160TVRTOK &#8211;&nbsp; ROZJAZDY na 1000 m, 500 m na 200 m&nbsp;<\/p>\n\n\n\n<p>PIATOK-&nbsp; &nbsp; &nbsp; &nbsp;ROZJAZDY, SEMIFIN\u00c1LE A FIN\u00c1LE&nbsp; na&nbsp; 1000 m<\/p>\n\n\n\n<p>SOBOTA-&nbsp; &nbsp; &nbsp;SEMIFIN\u00c1LE A FIN\u00c1LE na 500 m<\/p>\n\n\n\n<p>NEDE\u013dA-&nbsp; &nbsp; &nbsp;ROZJAZDY, SEMIFIN\u00c1LE A FIN\u00c1LE&nbsp; na 200 m<\/p>\n\n\n\n<p><strong><br>\u00daSPE\u0160N\u00c9&nbsp; VYST\u00daPENIE&nbsp; PRETEK\u00c1ROV&nbsp; Z KOM\u00c1RNA&nbsp;<\/strong><br><strong>Chlapci a diev\u010dat\u00e1 Kajak &amp; kanoe klubu Kom\u00e1rno \u00faspe\u0161ne reprezentovali Slovensko celkom&nbsp; v 25 discipl\u00ednach,&nbsp; do fin\u00e1le A sa prebojovali celkom 14 kr\u00e1t a do fin\u00e1le B&nbsp; 4 kr\u00e1t .&nbsp; &nbsp;<\/strong><\/p>\n\n\n\n<p><strong>Na\u0161i pretek\u00e1ri\u00a0 vybojovali :<br>1 ZLAT\u00da MEDAILU &#8211;\u00a0 \u00a0 \u00a0 \u00a0 \u00a0\u013dudov\u00edt T\u00d3TH- Dominik DOKTOR\u00cdK\u00a0<br>3\u00a0BRONZOV\u00c9 MEDAILY:\u00a0 M\u00e1t\u00e9 MARSAL- M\u00e1t\u00e9 LEPI<br>\u00a0 \u00a0 \u00a0 \u00a0 \u00a0 \u00a0 \u00a0 \u00a0 \u00a0 \u00a0 \u00a0 \u00a0 \u00a0 \u00a0 \u00a0 \u00a0 \u00a0 \u00a0 \u00a0 \u00a0 \u00a0 \u00a0 \u00a0Dominik DOKTOR\u00cdK\u00a0<br>\u00a0 \u00a0 \u00a0 \u00a0 \u00a0 \u00a0 \u00a0 \u00a0 \u00a0 \u00a0 \u00a0 \u00a0 \u00a0 \u00a0 \u00a0 \u00a0 \u00a0 \u00a0 \u00a0 \u00a0 \u00a0 \u00a0 \u00a0Laura \u0150RI\u00a0 \u00a0 \u00a0\u00a0<\/strong><\/p>\n\n\n\n<figure class=\"wp-block-image size-full\"><img fetchpriority=\"high\" decoding=\"async\" width=\"960\" height=\"723\" src=\"https:\/\/kajak.22projects.sk\/wp-content\/uploads\/2023\/02\/SON-202201.jpg\" alt=\"\" class=\"wp-image-2592\" srcset=\"https:\/\/kajakkomarno.sk\/wp-content\/uploads\/2023\/02\/SON-202201.jpg 960w, https:\/\/kajakkomarno.sk\/wp-content\/uploads\/2023\/02\/SON-202201-450x339.jpg 450w, https:\/\/kajakkomarno.sk\/wp-content\/uploads\/2023\/02\/SON-202201-768x578.jpg 768w\" sizes=\"(max-width: 960px) 100vw, 960px\" \/><\/figure>\n\n\n\n<figure class=\"wp-block-image size-full\"><img decoding=\"async\" width=\"960\" height=\"960\" src=\"https:\/\/kajak.22projects.sk\/wp-content\/uploads\/2023\/02\/SON-202203.jpg\" alt=\"\" class=\"wp-image-2594\" srcset=\"https:\/\/kajakkomarno.sk\/wp-content\/uploads\/2023\/02\/SON-202203.jpg 960w, https:\/\/kajakkomarno.sk\/wp-content\/uploads\/2023\/02\/SON-202203-450x450.jpg 450w, https:\/\/kajakkomarno.sk\/wp-content\/uploads\/2023\/02\/SON-202203-300x300.jpg 300w, https:\/\/kajakkomarno.sk\/wp-content\/uploads\/2023\/02\/SON-202203-768x768.jpg 768w\" sizes=\"(max-width: 960px) 100vw, 960px\" \/><figcaption class=\"wp-element-caption\">Na\u0161i medailisti<\/figcaption><\/figure>\n\n\n\n<p><strong>N<\/strong><strong>A \u00daVOD PRIN\u00c1\u0160AME S\u00daHRN FIN\u00c1LOV\u00ddCH UMIESTNEN\u00cd&nbsp; PRETEK\u00c1ROV KAJAK &amp; KANOE KLUBU KOM\u00c1RNO<\/strong><\/p>\n\n\n\n<p><strong>A FIN\u00c1LE&nbsp;<\/strong><\/p>\n\n\n\n<p><strong>1. \u013dudov\u00edt T\u00d3TH- Dominik DOKTOR\u00cdK&nbsp;&nbsp;<em>K2 chlapci 17 ro\u010dn\u00ed 1000 m&nbsp;<\/em>&nbsp;&nbsp; &nbsp; &nbsp; &nbsp; &nbsp; &nbsp; &nbsp; &nbsp; &nbsp; &nbsp; &nbsp;&nbsp;<\/strong><\/p>\n\n\n\n<p><strong>&nbsp;3. M\u00e1t\u00e9 MARSAL- M\u00e1t\u00e9 LEPI&nbsp;<\/strong><em><strong>&nbsp;K2 chlapci 15 a 16 ro\u010dn\u00ed 1000 m<\/strong><\/em><\/p>\n\n\n\n<p><strong>&nbsp;3. Dominik DOKTOR\u00cdK&nbsp;&nbsp;<em>K1 chlapci 17 ro\u010dn\u00ed K1 200 m<\/em>&nbsp;<\/strong><\/p>\n\n\n\n<p><strong>&nbsp;3. Laura \u0150RI&nbsp;&nbsp;<\/strong><em><strong>C1 diev\u010dat\u00e1 17 ro\u010dn\u00e9 200 m&nbsp;&nbsp;<\/strong><\/em><\/p>\n\n\n\n<p><strong>&nbsp;4. Laura \u0150RI&nbsp;&nbsp;<em>C1 diev\u010dat\u00e1 17 ro\u010dn\u00e9 500 m&nbsp;<\/em>&nbsp;&nbsp; &nbsp; &nbsp; &nbsp; &nbsp; &nbsp; &nbsp; &nbsp; &nbsp; &nbsp; &nbsp; &nbsp;&nbsp;<\/strong><\/p>\n\n\n\n<p><strong>&nbsp;4. M\u00e1t\u00e9 MARSAL-M\u00e1t\u00e9 LEPI&nbsp; &nbsp;<\/strong><em><strong>K2 chlapci 15 a 16 ro\u010dn\u00ed&nbsp; ro\u010dn\u00ed 200 m<\/strong><\/em><\/p>\n\n\n\n<p><strong>&nbsp;4. \u013dudov\u00edt T\u00d3TH- Dominik DOKTOR\u00cdK-M\u00e1t\u00e9 MARSAL-M\u00e1t\u00e9 LEPI&nbsp;&nbsp;<\/strong><em><strong>K4 chlapci 15 a\u017e 17 ro\u010dn\u00ed 200 m&nbsp;<\/strong><\/em><\/p>\n\n\n\n<p><strong>&nbsp;5. \u013dudov\u00edt T\u00d3TH- Dominik DOKTOR\u00cdK&nbsp; &nbsp;<em>&nbsp;K2 chlapci 17 ro\u010dn\u00ed 500 m&nbsp; &nbsp;&nbsp;<\/em>&nbsp; &nbsp; &nbsp; &nbsp; &nbsp; &nbsp; &nbsp; &nbsp; &nbsp;<\/strong><\/p>\n\n\n\n<p><strong>&nbsp;5. \u013dudov\u00edt T\u00d3TH- Dominik DOKTOR\u00cdK-M\u00e1t\u00e9 MARSAL-M\u00e1t\u00e9 LEPI&nbsp;<\/strong><em><strong>&nbsp;&nbsp;K4 chlapci 15 a\u017e 17 ro\u010dn\u00ed 500 m&nbsp;<\/strong><\/em><\/p>\n\n\n\n<p><strong>&nbsp;6. Tom\u00e1\u0161 FARKA\u0160&nbsp;<em>&nbsp;&nbsp;K1 chlapci 17 ro\u010dn\u00ed 1000 m&nbsp; &nbsp; &nbsp;<\/em>&nbsp;&nbsp; &nbsp; &nbsp; &nbsp; &nbsp; &nbsp; &nbsp; &nbsp; &nbsp; &nbsp;<\/strong><\/p>\n\n\n\n<p><strong>&nbsp;6. Zo\u00e9 B\u00d3NOV\u00c1&nbsp;&nbsp;<em>C1 diev\u010dat\u00e1 16 ro\u010dn\u00e9 500 m<\/em>&nbsp; &nbsp; &nbsp; &nbsp; &nbsp; &nbsp; &nbsp; &nbsp; &nbsp; &nbsp; &nbsp; &nbsp; &nbsp; &nbsp; &nbsp;<\/strong><\/p>\n\n\n\n<p><strong>&nbsp;7. \u013dudov\u00edt T\u00d3TH- Dominik DOKTOR\u00cdK&nbsp;<em>&nbsp;K2 chlapci 17 ro\u010dn\u00ed 200 m&nbsp; &nbsp;<\/em>&nbsp;&nbsp; &nbsp;<\/strong><\/p>\n\n\n\n<p><strong>&nbsp;8. Laura \u0150RI&nbsp;&nbsp;<em>C1 diev\u010dat\u00e1 17 ro\u010dn\u00e9 1000 m<\/em>&nbsp; &nbsp; &nbsp; &nbsp; &nbsp; &nbsp; &nbsp; &nbsp; &nbsp; &nbsp; &nbsp; &nbsp; &nbsp; &nbsp; &nbsp;<\/strong><\/p>\n\n\n\n<p><strong>&nbsp;8. Zo\u00e9 B\u00d3NOV\u00c1&nbsp;&nbsp;<\/strong><em><strong>C diev\u010dat\u00e1 16 ro\u010dn\u00e9 200 m<\/strong><\/em><\/p>\n\n\n\n<p><strong>B FIN\u00c1LE \u2013 kone\u010dn\u00e9 poradie&nbsp;<\/strong><\/p>\n\n\n\n<p><strong>12. Luk\u00e1\u0161 GROLMUS- M\u00e1rk IKR\u00c9NI&nbsp;&nbsp;<em>K2 chlapci&nbsp; 15 a 16 ro\u010dn\u00ed&nbsp; ro\u010dn\u00ed 200 m&nbsp;&nbsp;<\/em>&nbsp; &nbsp;<\/strong><\/p>\n\n\n\n<p><strong>15. Peter Teo LUK\u00c1\u010c&nbsp;&nbsp;<em>K1 chlapci 15 ro\u010dn\u00ed 1000 m&nbsp;<\/em>&nbsp;&nbsp; &nbsp; &nbsp; &nbsp; &nbsp; &nbsp; &nbsp; &nbsp; &nbsp; &nbsp; &nbsp;&nbsp;<\/strong><\/p>\n\n\n\n<p><strong>16. Luk\u00e1\u0161 GROLMUS&nbsp;&nbsp;<\/strong><em><strong>K1 chlapci&nbsp; 16 ro\u010dn\u00ed 200 m<\/strong><\/em><\/p>\n\n\n\n<p><strong>17. M\u00e1t\u00e9 MARSAL-M\u00e1t\u00e9 LEPI&nbsp; &nbsp;<em>K1 chlapci&nbsp; 15 a 16 ro\u010dn\u00ed 500 m<\/em>&nbsp; &nbsp; &nbsp; &nbsp;<\/strong><\/p>\n\n\n\n<p><strong>17. Nat\u00e1lia SZENCZIOV\u00c1&nbsp;&nbsp;<\/strong><em><strong>C1 diev\u010dat\u00e1 15 ro\u010dn\u00e9 200 m<\/strong><\/em><\/p>\n\n\n\n<p><strong>Ako sa darilo na\u0161im pretek\u00e1rom na jednotliv\u00fdch tratiach ?<\/strong><br><strong>1000 m&nbsp;<\/strong><\/p>\n\n\n\n<p><strong>4 x Fin\u00e1le A,&nbsp; 1x Fin\u00e1le B<\/strong><\/p>\n\n\n\n<p><strong>Pretek\u00e1ri Kajak &amp; kanoe klubu Kom\u00e1rno sa na 1000 metrovej trati predstavili celkom v 7 discipl\u00ednach,&nbsp; 4 kr\u00e1t&nbsp; sa prebojovali do fin\u00e1le A a&nbsp; 1 kr\u00e1t&nbsp; do fin\u00e1le B.&nbsp;<\/strong><\/p>\n\n\n\n<p>Prebojova\u0165 sa do 9 \u010dlenn\u00e9ho fin\u00e1le nebolo jednoduch\u00e9, na\u0161i pretek\u00e1ri to v\u0161ak zvl\u00e1dli na v\u00fdborn\u00fa.&nbsp;<\/p>\n\n\n\n<p><strong>17 ro\u010dn\u00ed kajak\u00e1ri&nbsp; \u013dudov\u00edt T\u00d3TH a&nbsp; Dominik DOKTOR\u00cdK<\/strong>&nbsp;suver\u00e9nne zv\u00ed\u0165azili v K2 na 1000 metrovej trati vybojovali pre Slovensko prv\u00fa zlat\u00fa medailu.&nbsp; Bronzov\u00fa medailu pre Slovensko z\u00edskali po bojovnom v\u00fdkone v<strong>&nbsp;K2 chlapcov 15 a 16 ro\u010dn\u00fdch M\u00e1t\u00e9 MARSAL a M\u00e1t\u00e9 LEPI.&nbsp;&nbsp;<\/strong><\/p>\n\n\n\n<p>Vo fin\u00e1le o medaily bojovali aj&nbsp;&nbsp;<strong>17 ro\u010dn\u00fd Tom\u00e1\u0161 FARKA\u0160<\/strong>, ktor\u00fd sa umiestnil na 6.mieste&nbsp; a na\u0161a kanoistka&nbsp;<strong>Laura \u0150RI<\/strong>&nbsp;na 1000 metrovej trati skon\u010dila na 8.mieste.<\/p>\n\n\n\n<p>V kateg\u00f3rii chlapcov 15 ro\u010dn\u00fdch sa vo fin\u00e1le B na 1000 metrovej trati predstavil&nbsp; &nbsp;&nbsp;<strong>Peter Teo LUK\u00c1\u010c<\/strong>, ktor\u00fd v \u0148om obsadil 6.miesto a patr\u00ed mu kone\u010dn\u00e1 15. prie\u010dka.<\/p>\n\n\n\n<p>Na 1000 metrov\u00fa tra\u0165 nast\u00fapili aj 16 ro\u010dn\u00fd kajak\u00e1r Luk\u00e1\u0161 GROLMUS a 16 ro\u010dn\u00e1 kanoistka Zo\u00e9 B\u00d3NOV\u00c1, ktor\u00fdm&nbsp; sa do fin\u00e1lov\u00fdch j\u00e1zd&nbsp; nepodarilo prebojova\u0165.&nbsp;<\/p>\n\n\n\n<p>&nbsp;<strong>V\u00ddSLEDKY NA 1000 m<\/strong><\/p>\n\n\n\n<p>FIN\u00c1LE A<\/p>\n\n\n\n<p>&nbsp;1. \u013dudov\u00edt T\u00d3TH- Dominik DOKTOR\u00cdK&nbsp; K2 chlapci 17 ro\u010dn\u00ed 1000 m&nbsp; &nbsp; &nbsp; &nbsp; &nbsp; &nbsp; &nbsp; &nbsp; &nbsp; &nbsp; &nbsp; &nbsp;&nbsp;<\/p>\n\n\n\n<p>&nbsp;3. M\u00e1t\u00e9 MARSAL-M\u00e1t\u00e9 LEPI&nbsp; K2 chlapci 15 a 16 ro\u010dn\u00ed 1000 m<\/p>\n\n\n\n<p>&nbsp;6. Tom\u00e1\u0161 FARKA\u0160&nbsp; K1 chlapci 17 ro\u010dn\u00ed 1000 m&nbsp; &nbsp; &nbsp; &nbsp; &nbsp;&nbsp;<\/p>\n\n\n\n<p>&nbsp;8. Laura \u0150RI&nbsp; C1 diev\u010dat\u00e1 17 ro\u010dn\u00e9 1000 m&nbsp; &nbsp; &nbsp; &nbsp; &nbsp; &nbsp; &nbsp; &nbsp; &nbsp; &nbsp; &nbsp; &nbsp; &nbsp; &nbsp; &nbsp;<\/p>\n\n\n\n<p>FIN\u00c1LE B \u2013 kone\u010dn\u00e9 poradie&nbsp;<br>15. Peter Teo LUK\u00c1\u010c&nbsp; &nbsp;K1 chlapci 15 ro\u010dn\u00ed 1000 m&nbsp; &nbsp; &nbsp; &nbsp; &nbsp; &nbsp; &nbsp; &nbsp; &nbsp; &nbsp; &nbsp; &nbsp;&nbsp;<\/p>\n\n\n\n<p><strong>500 m&nbsp;<\/strong><\/p>\n\n\n\n<p><strong>4 x Fin\u00e1le A,&nbsp; 1x Fin\u00e1le B<\/strong><\/p>\n\n\n\n<p>Na 500 metrovej trati sa chlapci a diev\u010dat\u00e1 z Kom\u00e1rna predstavili celkom v 10 discipl\u00ednach.<\/p>\n\n\n\n<p><strong>Do 9 \u010dlenn\u00e9ho fin\u00e1le A sa na 500 metrovej trati do \u0161tyroch fin\u00e1lov\u00fdch j\u00e1zd vo svojich kateg\u00f3ri\u00e1ch prebojovali:&nbsp; Laura \u0150RI&nbsp; v C1, Zo\u00e9 B\u00d3NOV\u00c1 v C1,&nbsp; \u013dudov\u00edt T\u00d3TH- Dominik DOKTOR\u00cdK v K2 a&nbsp; \u013dudov\u00edt T\u00d3TH- Dominik DOKTOR\u00cdK- M\u00e1t\u00e9 MARSAL-M\u00e1t\u00e9 LEPI v&nbsp; K4 a&nbsp; do fin\u00e1le B sa prebojovali&nbsp;&nbsp;M\u00e1t\u00e9 MARSAL-M\u00e1t\u00e9 LEPI v&nbsp; K2.<\/strong>&nbsp;Tentokr\u00e1t&nbsp; do fin\u00e1lov\u00fdch j\u00e1zd nepost\u00fapili Peter Teo Luk\u00e1\u010d&nbsp; v K1,&nbsp;Nat\u00e1lia SZENCZIOV\u00c1&nbsp; v C1, Tom\u00e1\u0161 FARKA\u0160&nbsp; v K1, Luk\u00e1\u0161 GROLMUS v K1,&nbsp; Nat\u00e1lia SZENCZIOV\u00c1 -Vivien STEHL\u00cdK v C2.&nbsp;&nbsp;<\/p>\n\n\n\n<p>&nbsp;<strong>V\u00ddSLEDKY NA 500 m<\/strong><\/p>\n\n\n\n<p>FIN\u00c1LE A<\/p>\n\n\n\n<p>&nbsp;4. Laura \u0150RI&nbsp; C1 diev\u010dat\u00e1 17 ro\u010dn\u00e9 500 m&nbsp; &nbsp; &nbsp; &nbsp; &nbsp; &nbsp; &nbsp; &nbsp; &nbsp; &nbsp; &nbsp; &nbsp; &nbsp;&nbsp;<\/p>\n\n\n\n<p>&nbsp;5. \u013dudov\u00edt T\u00d3TH- Dominik DOKTOR\u00cdK&nbsp; K2 chlapci 17 ro\u010dn\u00ed 500 m&nbsp; &nbsp; &nbsp; &nbsp; &nbsp; &nbsp; &nbsp; &nbsp; &nbsp; &nbsp; &nbsp; &nbsp; &nbsp; &nbsp; &nbsp; &nbsp;<\/p>\n\n\n\n<p>&nbsp;5. \u013dudov\u00edt T\u00d3TH- Dominik DOKTOR\u00cdK- M\u00e1t\u00e9 MARSAL-M\u00e1t\u00e9 LEPI&nbsp; K4 chlapci 15 a\u017e 17 ro\u010dn\u00ed 500 m&nbsp;<\/p>\n\n\n\n<p>&nbsp;6. Zo\u00e9 B\u00d3NOV\u00c1&nbsp; C1 diev\u010dat\u00e1 16 ro\u010dn\u00e9 500 m&nbsp; &nbsp; &nbsp; &nbsp; &nbsp; &nbsp; &nbsp; &nbsp; &nbsp; &nbsp; &nbsp; &nbsp; &nbsp; &nbsp;<\/p>\n\n\n\n<p>FIN\u00c1LE B \u2013 kone\u010dn\u00e9 poradie&nbsp;<\/p>\n\n\n\n<p>17. M\u00e1t\u00e9 MARSAL-M\u00e1t\u00e9 LEPI&nbsp; &nbsp;K2 chlapci&nbsp; 15 a 16 ro\u010dn\u00ed 500 m&nbsp;<\/p>\n\n\n\n<p><strong>200 m<\/strong><\/p>\n\n\n\n<p><strong>6 x Fin\u00e1le A,&nbsp; 3 x Fin\u00e1le B<\/strong><\/p>\n\n\n\n<p>Posledn\u00fd de\u0148 S\u00fa\u0165a\u017ee olympijsk\u00fdch n\u00e1dej\u00ed patril 200 metrov\u00fdm tratiam. Pre chlapcov a diev\u010dat\u00e1 z Kom\u00e1rna to bol medailov\u00fd \u00faspech.&nbsp;&nbsp;Na\u0161i pretek\u00e1ri nast\u00fapili v 8 discipl\u00ednach, do fin\u00e1le A post\u00fapili vo svojich&nbsp; kateg\u00f3ri\u00e1ch<strong>&nbsp; Dominik DOKTOR\u00cdK v K1,&nbsp; Laura \u0150RI v C1, Zo\u00e9 B\u00d3NOV\u00c1&nbsp; v C1,&nbsp; \u013dudov\u00edt T\u00d3TH- Dominik DOKTOR\u00cdK v&nbsp; K2 , M\u00e1t\u00e9 MARSAL-M\u00e1t\u00e9 LEPI v&nbsp; K2&nbsp; a&nbsp; \u013dudov\u00edt T\u00d3TH- Dominik DOKTOR\u00cdK- M\u00e1t\u00e9 MARSAL-M\u00e1t\u00e9 LEPI v K4.&nbsp;&nbsp;<\/strong><\/p>\n\n\n\n<p>&nbsp;Ako prv\u00fd vo Fin\u00e1le A zabojoval o medailu 17 ro\u010dn\u00fd kajak\u00e1r&nbsp;<strong>Dominik DOKTOR\u00cdK<\/strong>, ktor\u00fd svoju jazdu zvl\u00e1dol vynikaj\u00faco a na dvestometrovej trati sa mu v tesnom s\u00faboji&nbsp; podarilo vylovi\u0165&nbsp; bronzov\u00fa medailu.&nbsp;<\/p>\n\n\n\n<p>\u010eal\u0161ou medailistkou z Kom\u00e1rna bola 17 ro\u010dn\u00e1 kanoistka<strong>&nbsp;Laura \u0150RI,<\/strong>&nbsp;ktor\u00e1&nbsp; &nbsp;si \u00fa\u010das\u0165 vo Fin\u00e1le A zabezpe\u010dila priamym postupom z rozjazdy a vo fin\u00e1le predviedla skvel\u00fd v\u00fdkon, znamenaj\u00faci vyt\u00fa\u017een\u00fa medailu bronzov\u00e9ho lesku.&nbsp;<\/p>\n\n\n\n<p>&nbsp;Do Fin\u00e1le B sa prebojovali&nbsp;<strong>&nbsp;Luk\u00e1\u0161 GROLMUS v K1<\/strong>, ktor\u00fd skon\u010dil na kone\u010dnom 16.mieste,<strong>&nbsp;Nat\u00e1lia SZENCZIOV\u00c1&nbsp; v C1<\/strong>&nbsp;diev\u010dat\u00e1 15 ro\u010dn\u00e9, ktor\u00e1 obsadila kone\u010dn\u00fa 17.prie\u010dku a dvojica&nbsp;<strong>&nbsp;Luk\u00e1\u0161 GROLMUS- M\u00e1rk IKR\u00c9NI<\/strong>&nbsp;v&nbsp; K2 obsadili kone\u010dn\u00e9 12.miesto.&nbsp; K4 v zlo\u017een\u00ed&nbsp;&nbsp;<strong>Luk\u00e1\u0161 GROLMUS- Oskar \u010eUR\u010cO- Martin APFEL- Jakub ILIA\u0160<\/strong>&nbsp;v semifin\u00e1le&nbsp; na 200 metrov skon\u010dila na 4. mieste, \u010do znamen\u00e1 \u017ee sa vo fin\u00e1le A&nbsp; nepredstavili.&nbsp;&nbsp;<\/p>\n\n\n\n<p><strong>V\u00ddSLEDKY NA 200 m<\/strong><\/p>\n\n\n\n<p>FIN\u00c1LE A<\/p>\n\n\n\n<p>3. Dominik DOKTOR\u00cdK&nbsp; &nbsp;K1 chlapci 17 ro\u010dn\u00ed 200 m&nbsp;<\/p>\n\n\n\n<p>3. Laura \u0150RI&nbsp; &nbsp;C1 diev\u010dat\u00e1 17 ro\u010dn\u00e9 200 m&nbsp;&nbsp;<\/p>\n\n\n\n<p>4. M\u00e1t\u00e9 MARSAL-M\u00e1t\u00e9 LEPI&nbsp; K2 chlapci 15 a 16 ro\u010dn\u00ed 200 m<\/p>\n\n\n\n<p>4. \u013dudov\u00edt T\u00d3TH- Dominik DOKTOR\u00cdK- M\u00e1t\u00e9 MARSAL-M\u00e1t\u00e9 LEPI&nbsp; K4 chlapci 15 a\u017e 17 ro\u010dn\u00ed&nbsp; 200 m&nbsp;<\/p>\n\n\n\n<p>7. \u013dudov\u00edt T\u00d3TH- Dominik DOKTOR\u00cdK&nbsp; K2 chlapci 17 ro\u010dn\u00ed 200 m&nbsp; &nbsp; &nbsp; &nbsp;<\/p>\n\n\n\n<p>8. Zo\u00e9 B\u00d3NOV\u00c1&nbsp; &nbsp;C1 diev\u010dat\u00e1 16 ro\u010dn\u00e9 200 m&nbsp;&nbsp;<\/p>\n\n\n\n<p>&nbsp;FIN\u00c1LE B<\/p>\n\n\n\n<p>12. Luk\u00e1\u0161 GROLMUS- M\u00e1rk IKR\u00c9NI&nbsp; &nbsp;K2 chlapci&nbsp; 15 a 16 ro\u010dn\u00ed 200 m<\/p>\n\n\n\n<p>16. Luk\u00e1\u0161 GROLMUS&nbsp; K1 chlapci&nbsp; 16 ro\u010dn\u00ed 200 m<\/p>\n\n\n\n<p>17. Nat\u00e1lia SZENCZIOV\u00c1&nbsp; C1 diev\u010dat\u00e1 15 ro\u010dn\u00e9 200 m<\/p>\n\n\n\n<p><strong>Blaho\u017eel\u00e1me&nbsp; na\u0161im pretek\u00e1rom a tr\u00e9nerom za predveden\u00e9 v\u00fdkony a \u00faspe\u0161n\u00fa reprezent\u00e1ciu !<\/strong><\/p>\n\n\n\n<p><strong>Na z\u00e1ver prin\u00e1\u0161ame preh\u013ead poradia kraj\u00edn v zisku medail\u00ed a v bodovom hodnoten\u00ed kraj\u00edn a sme radi, \u017ee na\u0161i&nbsp; &nbsp;pretek\u00e1ri&nbsp; na S\u00fa\u0165a\u017ei olympijsk\u00fdch n\u00e1dej\u00ed v\u00fdrazn\u00fdm podielom prispeli k \u00faspechu celej slovenskej reprezent\u00e1cie.&nbsp;&nbsp;<\/strong><\/p>\n\n\n\n<p><strong>V zisku medail\u00ed bolo poradie kraj\u00edn nasledovn\u00e9:<\/strong><\/p>\n\n\n\n<p>&nbsp;1. Ma\u010farsko :&nbsp; &nbsp; &nbsp;29 -26 &#8211;&nbsp; 9<\/p>\n\n\n\n<p>&nbsp;2. Nemecko:&nbsp; &nbsp; &nbsp; &nbsp; 6 &#8211;&nbsp; 3 &#8211; 10&nbsp;&nbsp;<\/p>\n\n\n\n<p>&nbsp;3. \u010cesko:&nbsp; &nbsp; &nbsp; &nbsp; &nbsp; &nbsp; &nbsp; 5 &#8211;&nbsp; 6 &#8211;&nbsp; 9&nbsp;&nbsp;<\/p>\n\n\n\n<p>14. Slovensko:&nbsp; &nbsp; &nbsp; 1 &#8211;&nbsp; 0&nbsp; &#8211; 4&nbsp;<\/p>\n\n\n\n<p><strong>V celkovom bodovom hodnoten\u00ed kraj\u00edn&nbsp; bolo poradie nasledovn\u00e9:<\/strong><\/p>\n\n\n\n<p>1. Ma\u010farsko&nbsp; &nbsp;765 bodov<\/p>\n\n\n\n<p>2. Nemecko&nbsp; &nbsp; 334 bodov<\/p>\n\n\n\n<p>3. \u010cesko&nbsp; &nbsp; &nbsp; &nbsp; &nbsp; 292 bodov<\/p>\n\n\n\n<p>8. Slovensko&nbsp; &nbsp;113 bodov<\/p>\n\n\n\n<p>FOTO: CANOE.SK<\/p>\n","protected":false},"excerpt":{"rendered":"<p>Dejiskom S\u00fa\u0165a\u017ee olympijsk\u00fdch n\u00e1dej\u00ed 2022 v d\u0148och 08.09.2022 a\u017e 11.09.2022 bola Bratislava , jazero Zemn\u00edk .&nbsp;&nbsp; S\u00fa\u0165a\u017e olympijsk\u00fdch n\u00e1dej patr\u00ed medzi najob\u013e\u00fabenej\u0161ie podujatia pre kanoistick\u00e9 n\u00e1deje 15&nbsp; a\u017e 17 ro\u010dn\u00fdch. Je to ve\u013ek\u00e1 pr\u00edle\u017eitos\u0165 zas\u00fa\u0165a\u017ei\u0165 si&nbsp; v silnej medzin\u00e1rodnej konkurencii s rovesn\u00edkmi z cel\u00e9ho sveta.&nbsp; V tomto roku sa na Zemn\u00edku zi\u0161lo takmer 800 chlapcov [&hellip;]<\/p>\n","protected":false},"author":1,"featured_media":2598,"comment_status":"open","ping_status":"open","sticky":false,"template":"","format":"standard","meta":{"inline_featured_image":false,"footnotes":""},"categories":[1],"tags":[],"class_list":["post-2591","post","type-post","status-publish","format-standard","has-post-thumbnail","hentry","category-novinky"],"acf":[],"yoast_head":"<!-- This site is optimized with the Yoast SEO plugin v26.6 - https:\/\/yoast.com\/wordpress\/plugins\/seo\/ -->\n<title>\u00daSPE\u0160N\u00c9 OLYMPIJSK\u00c9 N\u00c1DEJE 2022 - Kajak &amp; kanoe klub Kom\u00e1rno<\/title>\n<meta name=\"robots\" content=\"index, follow, max-snippet:-1, max-image-preview:large, max-video-preview:-1\" \/>\n<link rel=\"canonical\" href=\"https:\/\/kajakkomarno.sk\/novinky\/uspesne-olympijske-nadeje-2022\/\" \/>\n<meta property=\"og:locale\" content=\"hu_HU\" \/>\n<meta property=\"og:type\" content=\"article\" \/>\n<meta property=\"og:title\" content=\"\u00daSPE\u0160N\u00c9 OLYMPIJSK\u00c9 N\u00c1DEJE 2022 - Kajak &amp; kanoe klub Kom\u00e1rno\" \/>\n<meta property=\"og:description\" content=\"Dejiskom S\u00fa\u0165a\u017ee olympijsk\u00fdch n\u00e1dej\u00ed 2022 v d\u0148och 08.09.2022 a\u017e 11.09.2022 bola Bratislava , jazero Zemn\u00edk .&nbsp;&nbsp; S\u00fa\u0165a\u017e olympijsk\u00fdch n\u00e1dej patr\u00ed medzi najob\u013e\u00fabenej\u0161ie podujatia pre kanoistick\u00e9 n\u00e1deje 15&nbsp; a\u017e 17 ro\u010dn\u00fdch. Je to ve\u013ek\u00e1 pr\u00edle\u017eitos\u0165 zas\u00fa\u0165a\u017ei\u0165 si&nbsp; v silnej medzin\u00e1rodnej konkurencii s rovesn\u00edkmi z cel\u00e9ho sveta.&nbsp; V tomto roku sa na Zemn\u00edku zi\u0161lo takmer 800 chlapcov [&hellip;]\" \/>\n<meta property=\"og:url\" content=\"https:\/\/kajakkomarno.sk\/novinky\/uspesne-olympijske-nadeje-2022\/\" \/>\n<meta property=\"og:site_name\" content=\"Kajak &amp; kanoe klub Kom\u00e1rno\" \/>\n<meta property=\"article:published_time\" content=\"2022-09-12T12:05:47+00:00\" \/>\n<meta property=\"article:modified_time\" content=\"2023-02-23T14:33:38+00:00\" \/>\n<meta property=\"og:image\" content=\"https:\/\/kajakkomarno.sk\/wp-content\/uploads\/2023\/02\/SON-202201-1.jpg\" \/>\n\t<meta property=\"og:image:width\" content=\"960\" \/>\n\t<meta property=\"og:image:height\" content=\"723\" \/>\n\t<meta property=\"og:image:type\" content=\"image\/jpeg\" \/>\n<meta name=\"author\" content=\"22media\" \/>\n<meta name=\"twitter:card\" content=\"summary_large_image\" \/>\n<meta name=\"twitter:label1\" content=\"Szerz\u0151:\" \/>\n\t<meta name=\"twitter:data1\" content=\"22media\" \/>\n\t<meta name=\"twitter:label2\" content=\"Becs\u00fclt olvas\u00e1si id\u0151\" \/>\n\t<meta name=\"twitter:data2\" content=\"8 perc\" \/>\n<script type=\"application\/ld+json\" class=\"yoast-schema-graph\">{\"@context\":\"https:\/\/schema.org\",\"@graph\":[{\"@type\":\"Article\",\"@id\":\"https:\/\/kajakkomarno.sk\/novinky\/uspesne-olympijske-nadeje-2022\/#article\",\"isPartOf\":{\"@id\":\"https:\/\/kajakkomarno.sk\/novinky\/uspesne-olympijske-nadeje-2022\/\"},\"author\":{\"name\":\"22media\",\"@id\":\"https:\/\/kajakkomarno.sk\/#\/schema\/person\/4e92804dad721346fd0d44b352a30cda\"},\"headline\":\"\u00daSPE\u0160N\u00c9 OLYMPIJSK\u00c9 N\u00c1DEJE 2022\",\"datePublished\":\"2022-09-12T12:05:47+00:00\",\"dateModified\":\"2023-02-23T14:33:38+00:00\",\"mainEntityOfPage\":{\"@id\":\"https:\/\/kajakkomarno.sk\/novinky\/uspesne-olympijske-nadeje-2022\/\"},\"wordCount\":2002,\"commentCount\":0,\"publisher\":{\"@id\":\"https:\/\/kajakkomarno.sk\/#organization\"},\"image\":{\"@id\":\"https:\/\/kajakkomarno.sk\/novinky\/uspesne-olympijske-nadeje-2022\/#primaryimage\"},\"thumbnailUrl\":\"https:\/\/kajakkomarno.sk\/wp-content\/uploads\/2023\/02\/SON-202201-1.jpg\",\"articleSection\":[\"Novinky\"],\"inLanguage\":\"hu\",\"potentialAction\":[{\"@type\":\"CommentAction\",\"name\":\"Comment\",\"target\":[\"https:\/\/kajakkomarno.sk\/novinky\/uspesne-olympijske-nadeje-2022\/#respond\"]}]},{\"@type\":\"WebPage\",\"@id\":\"https:\/\/kajakkomarno.sk\/novinky\/uspesne-olympijske-nadeje-2022\/\",\"url\":\"https:\/\/kajakkomarno.sk\/novinky\/uspesne-olympijske-nadeje-2022\/\",\"name\":\"\u00daSPE\u0160N\u00c9 OLYMPIJSK\u00c9 N\u00c1DEJE 2022 - Kajak &amp; kanoe klub Kom\u00e1rno\",\"isPartOf\":{\"@id\":\"https:\/\/kajakkomarno.sk\/#website\"},\"primaryImageOfPage\":{\"@id\":\"https:\/\/kajakkomarno.sk\/novinky\/uspesne-olympijske-nadeje-2022\/#primaryimage\"},\"image\":{\"@id\":\"https:\/\/kajakkomarno.sk\/novinky\/uspesne-olympijske-nadeje-2022\/#primaryimage\"},\"thumbnailUrl\":\"https:\/\/kajakkomarno.sk\/wp-content\/uploads\/2023\/02\/SON-202201-1.jpg\",\"datePublished\":\"2022-09-12T12:05:47+00:00\",\"dateModified\":\"2023-02-23T14:33:38+00:00\",\"breadcrumb\":{\"@id\":\"https:\/\/kajakkomarno.sk\/novinky\/uspesne-olympijske-nadeje-2022\/#breadcrumb\"},\"inLanguage\":\"hu\",\"potentialAction\":[{\"@type\":\"ReadAction\",\"target\":[\"https:\/\/kajakkomarno.sk\/novinky\/uspesne-olympijske-nadeje-2022\/\"]}]},{\"@type\":\"ImageObject\",\"inLanguage\":\"hu\",\"@id\":\"https:\/\/kajakkomarno.sk\/novinky\/uspesne-olympijske-nadeje-2022\/#primaryimage\",\"url\":\"https:\/\/kajakkomarno.sk\/wp-content\/uploads\/2023\/02\/SON-202201-1.jpg\",\"contentUrl\":\"https:\/\/kajakkomarno.sk\/wp-content\/uploads\/2023\/02\/SON-202201-1.jpg\",\"width\":960,\"height\":723},{\"@type\":\"BreadcrumbList\",\"@id\":\"https:\/\/kajakkomarno.sk\/novinky\/uspesne-olympijske-nadeje-2022\/#breadcrumb\",\"itemListElement\":[{\"@type\":\"ListItem\",\"position\":1,\"name\":\"Domov\",\"item\":\"https:\/\/kajakkomarno.sk\/hu\/fooldal\/\"},{\"@type\":\"ListItem\",\"position\":2,\"name\":\"Novinky\",\"item\":\"https:\/\/kajakkomarno.sk\/category\/novinky\/\"},{\"@type\":\"ListItem\",\"position\":3,\"name\":\"\u00daSPE\u0160N\u00c9 OLYMPIJSK\u00c9 N\u00c1DEJE 2022\"}]},{\"@type\":\"WebSite\",\"@id\":\"https:\/\/kajakkomarno.sk\/#website\",\"url\":\"https:\/\/kajakkomarno.sk\/\",\"name\":\"Kajak &amp; kanoe klub Kom\u00e1rno\",\"description\":\"\",\"publisher\":{\"@id\":\"https:\/\/kajakkomarno.sk\/#organization\"},\"potentialAction\":[{\"@type\":\"SearchAction\",\"target\":{\"@type\":\"EntryPoint\",\"urlTemplate\":\"https:\/\/kajakkomarno.sk\/?s={search_term_string}\"},\"query-input\":{\"@type\":\"PropertyValueSpecification\",\"valueRequired\":true,\"valueName\":\"search_term_string\"}}],\"inLanguage\":\"hu\"},{\"@type\":\"Organization\",\"@id\":\"https:\/\/kajakkomarno.sk\/#organization\",\"name\":\"Kajak &amp; kanoe klub Kom\u00e1rno\",\"url\":\"https:\/\/kajakkomarno.sk\/\",\"logo\":{\"@type\":\"ImageObject\",\"inLanguage\":\"hu\",\"@id\":\"https:\/\/kajakkomarno.sk\/#\/schema\/logo\/image\/\",\"url\":\"https:\/\/kajakkomarno.sk\/wp-content\/uploads\/2022\/12\/kajak-kanoe-klub-komarno-optimized-opt.svg\",\"contentUrl\":\"https:\/\/kajakkomarno.sk\/wp-content\/uploads\/2022\/12\/kajak-kanoe-klub-komarno-optimized-opt.svg\",\"width\":307,\"height\":66,\"caption\":\"Kajak &amp; kanoe klub Kom\u00e1rno\"},\"image\":{\"@id\":\"https:\/\/kajakkomarno.sk\/#\/schema\/logo\/image\/\"}},{\"@type\":\"Person\",\"@id\":\"https:\/\/kajakkomarno.sk\/#\/schema\/person\/4e92804dad721346fd0d44b352a30cda\",\"name\":\"22media\",\"image\":{\"@type\":\"ImageObject\",\"inLanguage\":\"hu\",\"@id\":\"https:\/\/kajakkomarno.sk\/#\/schema\/person\/image\/\",\"url\":\"https:\/\/secure.gravatar.com\/avatar\/571bd97cd2f803bbffe6b5dc778f411cdc2d79d2c3c26bf2d4ca31723fb79fc2?s=96&d=mm&r=g\",\"contentUrl\":\"https:\/\/secure.gravatar.com\/avatar\/571bd97cd2f803bbffe6b5dc778f411cdc2d79d2c3c26bf2d4ca31723fb79fc2?s=96&d=mm&r=g\",\"caption\":\"22media\"},\"url\":\"https:\/\/kajakkomarno.sk\/hu\/author\/22media\/\"}]}<\/script>\n<!-- \/ Yoast SEO plugin. -->","yoast_head_json":{"title":"\u00daSPE\u0160N\u00c9 OLYMPIJSK\u00c9 N\u00c1DEJE 2022 - Kajak &amp; kanoe klub Kom\u00e1rno","robots":{"index":"index","follow":"follow","max-snippet":"max-snippet:-1","max-image-preview":"max-image-preview:large","max-video-preview":"max-video-preview:-1"},"canonical":"https:\/\/kajakkomarno.sk\/novinky\/uspesne-olympijske-nadeje-2022\/","og_locale":"hu_HU","og_type":"article","og_title":"\u00daSPE\u0160N\u00c9 OLYMPIJSK\u00c9 N\u00c1DEJE 2022 - Kajak &amp; kanoe klub Kom\u00e1rno","og_description":"Dejiskom S\u00fa\u0165a\u017ee olympijsk\u00fdch n\u00e1dej\u00ed 2022 v d\u0148och 08.09.2022 a\u017e 11.09.2022 bola Bratislava , jazero Zemn\u00edk .&nbsp;&nbsp; S\u00fa\u0165a\u017e olympijsk\u00fdch n\u00e1dej patr\u00ed medzi najob\u013e\u00fabenej\u0161ie podujatia pre kanoistick\u00e9 n\u00e1deje 15&nbsp; a\u017e 17 ro\u010dn\u00fdch. Je to ve\u013ek\u00e1 pr\u00edle\u017eitos\u0165 zas\u00fa\u0165a\u017ei\u0165 si&nbsp; v silnej medzin\u00e1rodnej konkurencii s rovesn\u00edkmi z cel\u00e9ho sveta.&nbsp; V tomto roku sa na Zemn\u00edku zi\u0161lo takmer 800 chlapcov [&hellip;]","og_url":"https:\/\/kajakkomarno.sk\/novinky\/uspesne-olympijske-nadeje-2022\/","og_site_name":"Kajak &amp; kanoe klub Kom\u00e1rno","article_published_time":"2022-09-12T12:05:47+00:00","article_modified_time":"2023-02-23T14:33:38+00:00","og_image":[{"width":960,"height":723,"url":"https:\/\/kajakkomarno.sk\/wp-content\/uploads\/2023\/02\/SON-202201-1.jpg","type":"image\/jpeg"}],"author":"22media","twitter_card":"summary_large_image","twitter_misc":{"Szerz\u0151:":"22media","Becs\u00fclt olvas\u00e1si id\u0151":"8 perc"},"schema":{"@context":"https:\/\/schema.org","@graph":[{"@type":"Article","@id":"https:\/\/kajakkomarno.sk\/novinky\/uspesne-olympijske-nadeje-2022\/#article","isPartOf":{"@id":"https:\/\/kajakkomarno.sk\/novinky\/uspesne-olympijske-nadeje-2022\/"},"author":{"name":"22media","@id":"https:\/\/kajakkomarno.sk\/#\/schema\/person\/4e92804dad721346fd0d44b352a30cda"},"headline":"\u00daSPE\u0160N\u00c9 OLYMPIJSK\u00c9 N\u00c1DEJE 2022","datePublished":"2022-09-12T12:05:47+00:00","dateModified":"2023-02-23T14:33:38+00:00","mainEntityOfPage":{"@id":"https:\/\/kajakkomarno.sk\/novinky\/uspesne-olympijske-nadeje-2022\/"},"wordCount":2002,"commentCount":0,"publisher":{"@id":"https:\/\/kajakkomarno.sk\/#organization"},"image":{"@id":"https:\/\/kajakkomarno.sk\/novinky\/uspesne-olympijske-nadeje-2022\/#primaryimage"},"thumbnailUrl":"https:\/\/kajakkomarno.sk\/wp-content\/uploads\/2023\/02\/SON-202201-1.jpg","articleSection":["Novinky"],"inLanguage":"hu","potentialAction":[{"@type":"CommentAction","name":"Comment","target":["https:\/\/kajakkomarno.sk\/novinky\/uspesne-olympijske-nadeje-2022\/#respond"]}]},{"@type":"WebPage","@id":"https:\/\/kajakkomarno.sk\/novinky\/uspesne-olympijske-nadeje-2022\/","url":"https:\/\/kajakkomarno.sk\/novinky\/uspesne-olympijske-nadeje-2022\/","name":"\u00daSPE\u0160N\u00c9 OLYMPIJSK\u00c9 N\u00c1DEJE 2022 - Kajak &amp; kanoe klub Kom\u00e1rno","isPartOf":{"@id":"https:\/\/kajakkomarno.sk\/#website"},"primaryImageOfPage":{"@id":"https:\/\/kajakkomarno.sk\/novinky\/uspesne-olympijske-nadeje-2022\/#primaryimage"},"image":{"@id":"https:\/\/kajakkomarno.sk\/novinky\/uspesne-olympijske-nadeje-2022\/#primaryimage"},"thumbnailUrl":"https:\/\/kajakkomarno.sk\/wp-content\/uploads\/2023\/02\/SON-202201-1.jpg","datePublished":"2022-09-12T12:05:47+00:00","dateModified":"2023-02-23T14:33:38+00:00","breadcrumb":{"@id":"https:\/\/kajakkomarno.sk\/novinky\/uspesne-olympijske-nadeje-2022\/#breadcrumb"},"inLanguage":"hu","potentialAction":[{"@type":"ReadAction","target":["https:\/\/kajakkomarno.sk\/novinky\/uspesne-olympijske-nadeje-2022\/"]}]},{"@type":"ImageObject","inLanguage":"hu","@id":"https:\/\/kajakkomarno.sk\/novinky\/uspesne-olympijske-nadeje-2022\/#primaryimage","url":"https:\/\/kajakkomarno.sk\/wp-content\/uploads\/2023\/02\/SON-202201-1.jpg","contentUrl":"https:\/\/kajakkomarno.sk\/wp-content\/uploads\/2023\/02\/SON-202201-1.jpg","width":960,"height":723},{"@type":"BreadcrumbList","@id":"https:\/\/kajakkomarno.sk\/novinky\/uspesne-olympijske-nadeje-2022\/#breadcrumb","itemListElement":[{"@type":"ListItem","position":1,"name":"Domov","item":"https:\/\/kajakkomarno.sk\/hu\/fooldal\/"},{"@type":"ListItem","position":2,"name":"Novinky","item":"https:\/\/kajakkomarno.sk\/category\/novinky\/"},{"@type":"ListItem","position":3,"name":"\u00daSPE\u0160N\u00c9 OLYMPIJSK\u00c9 N\u00c1DEJE 2022"}]},{"@type":"WebSite","@id":"https:\/\/kajakkomarno.sk\/#website","url":"https:\/\/kajakkomarno.sk\/","name":"Kajak &amp; kanoe klub Kom\u00e1rno","description":"","publisher":{"@id":"https:\/\/kajakkomarno.sk\/#organization"},"potentialAction":[{"@type":"SearchAction","target":{"@type":"EntryPoint","urlTemplate":"https:\/\/kajakkomarno.sk\/?s={search_term_string}"},"query-input":{"@type":"PropertyValueSpecification","valueRequired":true,"valueName":"search_term_string"}}],"inLanguage":"hu"},{"@type":"Organization","@id":"https:\/\/kajakkomarno.sk\/#organization","name":"Kajak &amp; kanoe klub Kom\u00e1rno","url":"https:\/\/kajakkomarno.sk\/","logo":{"@type":"ImageObject","inLanguage":"hu","@id":"https:\/\/kajakkomarno.sk\/#\/schema\/logo\/image\/","url":"https:\/\/kajakkomarno.sk\/wp-content\/uploads\/2022\/12\/kajak-kanoe-klub-komarno-optimized-opt.svg","contentUrl":"https:\/\/kajakkomarno.sk\/wp-content\/uploads\/2022\/12\/kajak-kanoe-klub-komarno-optimized-opt.svg","width":307,"height":66,"caption":"Kajak &amp; kanoe klub Kom\u00e1rno"},"image":{"@id":"https:\/\/kajakkomarno.sk\/#\/schema\/logo\/image\/"}},{"@type":"Person","@id":"https:\/\/kajakkomarno.sk\/#\/schema\/person\/4e92804dad721346fd0d44b352a30cda","name":"22media","image":{"@type":"ImageObject","inLanguage":"hu","@id":"https:\/\/kajakkomarno.sk\/#\/schema\/person\/image\/","url":"https:\/\/secure.gravatar.com\/avatar\/571bd97cd2f803bbffe6b5dc778f411cdc2d79d2c3c26bf2d4ca31723fb79fc2?s=96&d=mm&r=g","contentUrl":"https:\/\/secure.gravatar.com\/avatar\/571bd97cd2f803bbffe6b5dc778f411cdc2d79d2c3c26bf2d4ca31723fb79fc2?s=96&d=mm&r=g","caption":"22media"},"url":"https:\/\/kajakkomarno.sk\/hu\/author\/22media\/"}]}},"_links":{"self":[{"href":"https:\/\/kajakkomarno.sk\/hu\/wp-json\/wp\/v2\/posts\/2591","targetHints":{"allow":["GET"]}}],"collection":[{"href":"https:\/\/kajakkomarno.sk\/hu\/wp-json\/wp\/v2\/posts"}],"about":[{"href":"https:\/\/kajakkomarno.sk\/hu\/wp-json\/wp\/v2\/types\/post"}],"author":[{"embeddable":true,"href":"https:\/\/kajakkomarno.sk\/hu\/wp-json\/wp\/v2\/users\/1"}],"replies":[{"embeddable":true,"href":"https:\/\/kajakkomarno.sk\/hu\/wp-json\/wp\/v2\/comments?post=2591"}],"version-history":[{"count":0,"href":"https:\/\/kajakkomarno.sk\/hu\/wp-json\/wp\/v2\/posts\/2591\/revisions"}],"wp:featuredmedia":[{"embeddable":true,"href":"https:\/\/kajakkomarno.sk\/hu\/wp-json\/wp\/v2\/media\/2598"}],"wp:attachment":[{"href":"https:\/\/kajakkomarno.sk\/hu\/wp-json\/wp\/v2\/media?parent=2591"}],"wp:term":[{"taxonomy":"category","embeddable":true,"href":"https:\/\/kajakkomarno.sk\/hu\/wp-json\/wp\/v2\/categories?post=2591"},{"taxonomy":"post_tag","embeddable":true,"href":"https:\/\/kajakkomarno.sk\/hu\/wp-json\/wp\/v2\/tags?post=2591"}],"curies":[{"name":"wp","href":"https:\/\/api.w.org\/{rel}","templated":true}]}}