{"id":2219,"date":"2022-10-04T11:18:19","date_gmt":"2022-10-04T09:18:19","guid":{"rendered":"https:\/\/kajak.22projects.sk\/?p=2219"},"modified":"2023-01-27T11:44:45","modified_gmt":"2023-01-27T10:44:45","slug":"na-zemniku-rozlucka-so-sezonou-2022","status":"publish","type":"post","link":"https:\/\/kajakkomarno.sk\/hu\/novinky\/na-zemniku-rozlucka-so-sezonou-2022\/","title":{"rendered":"NA ZEMN\u00cdKU ROZL\u00da\u010cKA SO SEZ\u00d3NOU 2022"},"content":{"rendered":"\n<p>Kalend\u00e1r dom\u00e1cich pretekov za rok 2022 zap\u00edsal d\u0148a 1. okt\u00f3bra 2022 svoju posledn\u00fa str\u00e1nku. V Bratislave na Zemn\u00edku sa u\u017e tradi\u010dne konali z\u00e1vere\u010dn\u00e9 dom\u00e1ce preteky,\u00a0ktor\u00e9 organizuje Klub r\u00fdchlostnej kanoistiky Vinohrady Bratislava pod n\u00e1zvom Tortov\u00e9 preteky.\u00a0Tento ro\u010dn\u00edk bol\u00a0jubilejn\u00fd, uskuto\u010dnil sa\u00a0u\u017e\u00a070.ro\u010dn\u00edk t\u00fdchto ob\u013e\u00faben\u00fdch pretekov.\u00a0<\/p>\n\n\n\n<p>Za typicky jesenn\u00e9ho po\u010dasia sa ho z\u00fa\u010dastnilo viac ako 300 pretek\u00e1rov z 25 oddielov zo Slovenska, Ma\u010farska a \u010ceska.<br><\/p>\n\n\n\n<p><em><strong>PRETEK\u00c1RI KAJAK &amp; KANOE KLUBU KOM\u00c1RNO\u00a0SO ZISKOM\u00a010 MEDAILOV\u00ddCH UMIESTNEN\u00cd\u00a0<\/strong><\/em><br>Kajak &amp; kanoe klub Kom\u00e1rno\u00a0reprezentovalo 24 chlapcov a diev\u010dat od 9 rokov a\u017e po juniorov Je to\u00a0ni\u017e\u0161\u00ed po\u010det ako obvykle aj z d\u00f4vodu, \u017ee sa \u010dlenovia\u00a0Slovensk\u00e9ho ml\u00e1de\u017en\u00edckeho t\u00edmu z\u00fa\u010dast\u0148uj\u00fa v tomto term\u00edne na pretekoch v Prahe,\u00a0\u010fak\u0161ia skupina je\u00a0na pretekoch\u00a0na Sard\u00ednii a\u00a0juniori n\u00e1s reprezentuj\u00fa na svetovom \u0161ampion\u00e1te v marat\u00f3ne v Portugalsku.\u00a0<\/p>\n\n\n\n<p>Na\u0161i pretek\u00e1ri, ktor\u00ed sa pri\u0161li rozl\u00fa\u010di\u0165 s pretek\u00e1rskou sez\u00f3nou 2022,\u00a0podali ve\u013emi dobr\u00e9 v\u00fdkony a\u00a0 vybojovali si celkom:<br>10 medailov\u00fdch umiestnen\u00ed a k tomu sladk\u00e9 torty.<\/p>\n\n\n\n<p><strong>1x 1. miesto &#8211;\u00a0Abigel \u017dilik<\/strong><\/p>\n\n\n\n<p><strong>3x 2. miesto &#8211;\u00a0D\u00e1vid Zauko, R\u00e9ka Kert\u00e9sz, Gr\u00e9ta Nagy<\/strong><\/p>\n\n\n\n<p><strong>6x 3. miesto &#8211;\u00a0Lucia Dem\u00e1\u010dekov\u00e1, Samuel Dem\u00e1\u010dek, Zoja Fiamov\u00e1, Markus Bel\u00e1n,\u00a0Adela Lopatov\u00e1, Vikt\u00f3ria Kov\u00e1cs<\/strong><\/p>\n\n\n\n<p><strong>V medailovej bilancii obsadil n\u00e1\u0161 klub 5. miesto.<\/strong><\/p>\n\n\n\n<h2 class=\"wp-block-heading\"><strong>MEDAILOV\u00c1 BILANCIA T\u00cdMOV &#8211; poradie&nbsp;<\/strong><\/h2>\n\n\n\n<p><strong>1. Lokomotiva Nymburk \u010cR&nbsp; 7-3-3<\/strong><\/p>\n\n\n\n<p><strong>2. KRK Vinohrady&nbsp; Bratislava 7-2-1<\/strong><\/p>\n\n\n\n<p><strong>3. Kajak Kanoe Pie\u0161\u0165any 2-1-3<\/strong><\/p>\n\n\n\n<p><strong>4. GAPA Praha 2-1-0&nbsp;<\/strong><\/p>\n\n\n\n<p><strong>5. Kajak &amp; kanoe klub Kom\u00e1rno 1-3-6<\/strong><\/p>\n\n\n\n<p><strong>V Poh\u00e1ri t\u00edmov v\u0161ak prvenstvo patr\u00ed n\u00e1\u0161mu klubu, ke\u010f sme z\u00edskali celkom 97 bodov.<\/strong><\/p>\n\n\n\n<h2 class=\"wp-block-heading\"><strong>POH\u00c1R T\u00cdMOV<\/strong><strong>&nbsp;&#8211; poradie&nbsp;<\/strong><\/h2>\n\n\n\n<p><strong>1. Kajak &amp; kanoe klub Kom\u00e1rno 97.00 bodov<\/strong><\/p>\n\n\n\n<p><strong>2. KRK Vinohrady\u00a0Bratislava\u00a087.00 bodov<\/strong><\/p>\n\n\n\n<p><strong>3. Lokomotiva Nymburk \u010cR\u00a084.33 bodov<\/strong><\/p>\n\n\n\n<figure class=\"wp-block-image size-full\"><img fetchpriority=\"high\" decoding=\"async\" width=\"960\" height=\"720\" src=\"https:\/\/kajak.22projects.sk\/wp-content\/uploads\/2023\/01\/ROZL-PRET-202202.jpg\" alt=\"\" class=\"wp-image-2221\" srcset=\"https:\/\/kajakkomarno.sk\/wp-content\/uploads\/2023\/01\/ROZL-PRET-202202.jpg 960w, https:\/\/kajakkomarno.sk\/wp-content\/uploads\/2023\/01\/ROZL-PRET-202202-450x338.jpg 450w, https:\/\/kajakkomarno.sk\/wp-content\/uploads\/2023\/01\/ROZL-PRET-202202-768x576.jpg 768w\" sizes=\"(max-width: 960px) 100vw, 960px\" \/><figcaption class=\"wp-element-caption\">\u0160tafeta 13 ro\u010dn\u00fdch pretek\u00e1rov v zlo\u017een\u00ed\u00a0 David Hodek-R\u00e9ka Kert\u00e9sz &#8211;\u00a0Patrice Muhar sa rozl\u00fa\u010dili na 4. mieste<\/figcaption><\/figure>\n\n\n\n<h2 class=\"wp-block-heading\"><strong>S\u00daHRN V\u00ddSLEDKOV PRETEK\u00c1ROV KAJAK &amp; KANOE KLUBU KOM\u00c1RNO<\/strong><\/h2>\n\n\n\n<p>K1 chlapci 13 ro\u010dn\u00ed 2000 m \u2013 2. D\u00e1vid Zauko, 5. D\u00e1vid Hodek , 6. Patrice Muhar<\/p>\n\n\n\n<p>K1 diev\u010dat\u00e1 14 ro\u010dn\u00e9 2000 m &#8211;\u00a0 3. Lucia Dem\u00e1\u010dekov\u00e1,\u00a0 6. D\u00f3ra V\u00e1mos<\/p>\n\n\n\n<p>K1 chlapci 12 ro\u010dn\u00ed 2000 m &#8211; 16. Bence Hatos,\u00a030.Viktor Kontra,\u00a0\u00a0<\/p>\n\n\n\n<p>K1 chlapci 14 ro\u010dn\u00ed 2000 m &#8211; 3. Samuel Dem\u00e1\u010dek<\/p>\n\n\n\n<p>K1 diev\u010dat\u00e1 13 ro\u010dn\u00e9 2000 m &#8211;\u00a0 2. R\u00e9ka Kert\u00e9sz<\/p>\n\n\n\n<p>K1 diev\u010dat\u00e1 11 ro\u010dn\u00e9 2000 m &#8211; 4. Emma Cserepes, 10. Bettina B\u00e1nfalvy&nbsp;<\/p>\n\n\n\n<p>K1 chlapci 9 ro\u010dn\u00ed 2000 m &#8211; 4. Adam Gy\u0151ri<\/p>\n\n\n\n<p>K1 diev\u010dat\u00e1 9 ro\u010dn\u00e9 2000 m &#8211; 1. Abigel \u017dil\u00edk, 3. Zoja Fiamov\u00e1<\/p>\n\n\n\n<p>K1 chlapci 11 ro\u010dn\u00ed 2000 m &#8211; 3. Markus Bel\u00e1n. 4. \u00d6rs Hunor Koczka, 13. D\u00e1vid Berecz\u00a0<\/p>\n\n\n\n<p>K1 diev\u010dat\u00e1 12 ro\u010dn\u00e9 2000 m &#8211; 3. Adela Lopatov\u00e1, 16. Sophie Ruhanen\u00a0\u00a0<\/p>\n\n\n\n<p>K1 diev\u010dat\u00e1 10 ro\u010dn\u00e9 2000 m &#8211; 2. Gr\u00e9ta Nagy<\/p>\n\n\n\n<p>K1 kadeti 2000 m &#8211; 4.Dominik Nagy, 14.Viktor Zauko<\/p>\n\n\n\n<p>K1 juniorky 2000 m &#8211; 3. Vikt\u00f3ria Kov\u00e1cs<\/p>\n\n\n\n<p>K1 chlapci 10 ro\u010dn\u00ed 2000 m &#8211; 15. Merse Vince Z\u00e1hori\u00a0 \u00a0\u00a0<\/p>\n\n\n\n<p>\u0160TAFETY<\/p>\n\n\n\n<p>S 13 a 14 ro\u010dn\u00ed 1000 m<\/p>\n\n\n\n<p>4. Patrice Muhar &#8211; D\u00e1vid Hodek &#8211; R\u00e9ka Kert\u00e9sz\u00a0<\/p>\n\n\n\n<p>Samuel Dem\u00e1\u010dek &#8211;\u00a0 Lucia Dem\u00e1\u010dekov\u00e1 &#8211;\u00a0 D\u00e1vid Zauko \u2013 prevr\u00e1tili\u00a0<br><\/p>\n\n\n\n<p><strong>BLAHO\u017dEL\u00c1ME\u00a0A \u010eAKUJEME ZA \u00daSPE\u0160N\u00da REPREZENT\u00c1CIU KLUBU!<br><br><\/strong>Foto: Hodekov\u00e1 \u017d.<\/p>\n","protected":false},"excerpt":{"rendered":"<p>Kalend\u00e1r dom\u00e1cich pretekov za rok 2022 zap\u00edsal d\u0148a 1. okt\u00f3bra 2022 svoju posledn\u00fa str\u00e1nku. V Bratislave na Zemn\u00edku sa u\u017e tradi\u010dne konali z\u00e1vere\u010dn\u00e9 dom\u00e1ce preteky,\u00a0ktor\u00e9 organizuje Klub r\u00fdchlostnej kanoistiky Vinohrady Bratislava pod n\u00e1zvom Tortov\u00e9 preteky.\u00a0Tento ro\u010dn\u00edk bol\u00a0jubilejn\u00fd, uskuto\u010dnil sa\u00a0u\u017e\u00a070.ro\u010dn\u00edk t\u00fdchto ob\u013e\u00faben\u00fdch pretekov.\u00a0 Za typicky jesenn\u00e9ho po\u010dasia sa ho z\u00fa\u010dastnilo viac ako 300 pretek\u00e1rov z 25 [&hellip;]<\/p>\n","protected":false},"author":1,"featured_media":2223,"comment_status":"open","ping_status":"open","sticky":false,"template":"","format":"standard","meta":{"inline_featured_image":false,"footnotes":""},"categories":[1],"tags":[],"class_list":["post-2219","post","type-post","status-publish","format-standard","has-post-thumbnail","hentry","category-novinky"],"acf":[],"yoast_head":"<!-- This site is optimized with the Yoast SEO plugin v26.6 - https:\/\/yoast.com\/wordpress\/plugins\/seo\/ -->\n<title>NA ZEMN\u00cdKU ROZL\u00da\u010cKA SO SEZ\u00d3NOU 2022 - Kajak &amp; kanoe klub Kom\u00e1rno<\/title>\n<meta name=\"robots\" content=\"index, follow, max-snippet:-1, max-image-preview:large, max-video-preview:-1\" \/>\n<link rel=\"canonical\" href=\"https:\/\/kajakkomarno.sk\/novinky\/na-zemniku-rozlucka-so-sezonou-2022\/\" \/>\n<meta property=\"og:locale\" content=\"hu_HU\" \/>\n<meta property=\"og:type\" content=\"article\" \/>\n<meta property=\"og:title\" content=\"NA ZEMN\u00cdKU ROZL\u00da\u010cKA SO SEZ\u00d3NOU 2022 - Kajak &amp; kanoe klub Kom\u00e1rno\" \/>\n<meta property=\"og:description\" content=\"Kalend\u00e1r dom\u00e1cich pretekov za rok 2022 zap\u00edsal d\u0148a 1. okt\u00f3bra 2022 svoju posledn\u00fa str\u00e1nku. V Bratislave na Zemn\u00edku sa u\u017e tradi\u010dne konali z\u00e1vere\u010dn\u00e9 dom\u00e1ce preteky,\u00a0ktor\u00e9 organizuje Klub r\u00fdchlostnej kanoistiky Vinohrady Bratislava pod n\u00e1zvom Tortov\u00e9 preteky.\u00a0Tento ro\u010dn\u00edk bol\u00a0jubilejn\u00fd, uskuto\u010dnil sa\u00a0u\u017e\u00a070.ro\u010dn\u00edk t\u00fdchto ob\u013e\u00faben\u00fdch pretekov.\u00a0 Za typicky jesenn\u00e9ho po\u010dasia sa ho z\u00fa\u010dastnilo viac ako 300 pretek\u00e1rov z 25 [&hellip;]\" \/>\n<meta property=\"og:url\" content=\"https:\/\/kajakkomarno.sk\/novinky\/na-zemniku-rozlucka-so-sezonou-2022\/\" \/>\n<meta property=\"og:site_name\" content=\"Kajak &amp; kanoe klub Kom\u00e1rno\" \/>\n<meta property=\"article:published_time\" content=\"2022-10-04T09:18:19+00:00\" \/>\n<meta property=\"article:modified_time\" content=\"2023-01-27T10:44:45+00:00\" \/>\n<meta property=\"og:image\" content=\"https:\/\/kajakkomarno.sk\/wp-content\/uploads\/2023\/01\/rozl_pret_202201x.jpg\" \/>\n\t<meta property=\"og:image:width\" content=\"191\" \/>\n\t<meta property=\"og:image:height\" content=\"270\" \/>\n\t<meta property=\"og:image:type\" content=\"image\/jpeg\" \/>\n<meta name=\"author\" content=\"22media\" \/>\n<meta name=\"twitter:card\" content=\"summary_large_image\" \/>\n<meta name=\"twitter:label1\" content=\"Szerz\u0151:\" \/>\n\t<meta name=\"twitter:data1\" content=\"22media\" \/>\n\t<meta name=\"twitter:label2\" content=\"Becs\u00fclt olvas\u00e1si id\u0151\" \/>\n\t<meta name=\"twitter:data2\" content=\"3 perc\" \/>\n<script type=\"application\/ld+json\" class=\"yoast-schema-graph\">{\"@context\":\"https:\/\/schema.org\",\"@graph\":[{\"@type\":\"Article\",\"@id\":\"https:\/\/kajakkomarno.sk\/novinky\/na-zemniku-rozlucka-so-sezonou-2022\/#article\",\"isPartOf\":{\"@id\":\"https:\/\/kajakkomarno.sk\/novinky\/na-zemniku-rozlucka-so-sezonou-2022\/\"},\"author\":{\"name\":\"22media\",\"@id\":\"https:\/\/kajakkomarno.sk\/#\/schema\/person\/4e92804dad721346fd0d44b352a30cda\"},\"headline\":\"NA ZEMN\u00cdKU ROZL\u00da\u010cKA SO SEZ\u00d3NOU 2022\",\"datePublished\":\"2022-10-04T09:18:19+00:00\",\"dateModified\":\"2023-01-27T10:44:45+00:00\",\"mainEntityOfPage\":{\"@id\":\"https:\/\/kajakkomarno.sk\/novinky\/na-zemniku-rozlucka-so-sezonou-2022\/\"},\"wordCount\":567,\"commentCount\":0,\"publisher\":{\"@id\":\"https:\/\/kajakkomarno.sk\/#organization\"},\"image\":{\"@id\":\"https:\/\/kajakkomarno.sk\/novinky\/na-zemniku-rozlucka-so-sezonou-2022\/#primaryimage\"},\"thumbnailUrl\":\"https:\/\/kajakkomarno.sk\/wp-content\/uploads\/2023\/01\/rozl_pret_202201x.jpg\",\"articleSection\":[\"Novinky\"],\"inLanguage\":\"hu\",\"potentialAction\":[{\"@type\":\"CommentAction\",\"name\":\"Comment\",\"target\":[\"https:\/\/kajakkomarno.sk\/novinky\/na-zemniku-rozlucka-so-sezonou-2022\/#respond\"]}]},{\"@type\":\"WebPage\",\"@id\":\"https:\/\/kajakkomarno.sk\/novinky\/na-zemniku-rozlucka-so-sezonou-2022\/\",\"url\":\"https:\/\/kajakkomarno.sk\/novinky\/na-zemniku-rozlucka-so-sezonou-2022\/\",\"name\":\"NA ZEMN\u00cdKU ROZL\u00da\u010cKA SO SEZ\u00d3NOU 2022 - Kajak &amp; kanoe klub Kom\u00e1rno\",\"isPartOf\":{\"@id\":\"https:\/\/kajakkomarno.sk\/#website\"},\"primaryImageOfPage\":{\"@id\":\"https:\/\/kajakkomarno.sk\/novinky\/na-zemniku-rozlucka-so-sezonou-2022\/#primaryimage\"},\"image\":{\"@id\":\"https:\/\/kajakkomarno.sk\/novinky\/na-zemniku-rozlucka-so-sezonou-2022\/#primaryimage\"},\"thumbnailUrl\":\"https:\/\/kajakkomarno.sk\/wp-content\/uploads\/2023\/01\/rozl_pret_202201x.jpg\",\"datePublished\":\"2022-10-04T09:18:19+00:00\",\"dateModified\":\"2023-01-27T10:44:45+00:00\",\"breadcrumb\":{\"@id\":\"https:\/\/kajakkomarno.sk\/novinky\/na-zemniku-rozlucka-so-sezonou-2022\/#breadcrumb\"},\"inLanguage\":\"hu\",\"potentialAction\":[{\"@type\":\"ReadAction\",\"target\":[\"https:\/\/kajakkomarno.sk\/novinky\/na-zemniku-rozlucka-so-sezonou-2022\/\"]}]},{\"@type\":\"ImageObject\",\"inLanguage\":\"hu\",\"@id\":\"https:\/\/kajakkomarno.sk\/novinky\/na-zemniku-rozlucka-so-sezonou-2022\/#primaryimage\",\"url\":\"https:\/\/kajakkomarno.sk\/wp-content\/uploads\/2023\/01\/rozl_pret_202201x.jpg\",\"contentUrl\":\"https:\/\/kajakkomarno.sk\/wp-content\/uploads\/2023\/01\/rozl_pret_202201x.jpg\",\"width\":191,\"height\":270},{\"@type\":\"BreadcrumbList\",\"@id\":\"https:\/\/kajakkomarno.sk\/novinky\/na-zemniku-rozlucka-so-sezonou-2022\/#breadcrumb\",\"itemListElement\":[{\"@type\":\"ListItem\",\"position\":1,\"name\":\"Domov\",\"item\":\"https:\/\/kajakkomarno.sk\/hu\/fooldal\/\"},{\"@type\":\"ListItem\",\"position\":2,\"name\":\"Novinky\",\"item\":\"https:\/\/kajakkomarno.sk\/category\/novinky\/\"},{\"@type\":\"ListItem\",\"position\":3,\"name\":\"NA ZEMN\u00cdKU ROZL\u00da\u010cKA SO SEZ\u00d3NOU 2022\"}]},{\"@type\":\"WebSite\",\"@id\":\"https:\/\/kajakkomarno.sk\/#website\",\"url\":\"https:\/\/kajakkomarno.sk\/\",\"name\":\"Kajak &amp; kanoe klub Kom\u00e1rno\",\"description\":\"\",\"publisher\":{\"@id\":\"https:\/\/kajakkomarno.sk\/#organization\"},\"potentialAction\":[{\"@type\":\"SearchAction\",\"target\":{\"@type\":\"EntryPoint\",\"urlTemplate\":\"https:\/\/kajakkomarno.sk\/?s={search_term_string}\"},\"query-input\":{\"@type\":\"PropertyValueSpecification\",\"valueRequired\":true,\"valueName\":\"search_term_string\"}}],\"inLanguage\":\"hu\"},{\"@type\":\"Organization\",\"@id\":\"https:\/\/kajakkomarno.sk\/#organization\",\"name\":\"Kajak &amp; kanoe klub Kom\u00e1rno\",\"url\":\"https:\/\/kajakkomarno.sk\/\",\"logo\":{\"@type\":\"ImageObject\",\"inLanguage\":\"hu\",\"@id\":\"https:\/\/kajakkomarno.sk\/#\/schema\/logo\/image\/\",\"url\":\"https:\/\/kajakkomarno.sk\/wp-content\/uploads\/2022\/12\/kajak-kanoe-klub-komarno-optimized-opt.svg\",\"contentUrl\":\"https:\/\/kajakkomarno.sk\/wp-content\/uploads\/2022\/12\/kajak-kanoe-klub-komarno-optimized-opt.svg\",\"width\":307,\"height\":66,\"caption\":\"Kajak &amp; kanoe klub Kom\u00e1rno\"},\"image\":{\"@id\":\"https:\/\/kajakkomarno.sk\/#\/schema\/logo\/image\/\"}},{\"@type\":\"Person\",\"@id\":\"https:\/\/kajakkomarno.sk\/#\/schema\/person\/4e92804dad721346fd0d44b352a30cda\",\"name\":\"22media\",\"image\":{\"@type\":\"ImageObject\",\"inLanguage\":\"hu\",\"@id\":\"https:\/\/kajakkomarno.sk\/#\/schema\/person\/image\/\",\"url\":\"https:\/\/secure.gravatar.com\/avatar\/571bd97cd2f803bbffe6b5dc778f411cdc2d79d2c3c26bf2d4ca31723fb79fc2?s=96&d=mm&r=g\",\"contentUrl\":\"https:\/\/secure.gravatar.com\/avatar\/571bd97cd2f803bbffe6b5dc778f411cdc2d79d2c3c26bf2d4ca31723fb79fc2?s=96&d=mm&r=g\",\"caption\":\"22media\"},\"url\":\"https:\/\/kajakkomarno.sk\/hu\/author\/22media\/\"}]}<\/script>\n<!-- \/ Yoast SEO plugin. -->","yoast_head_json":{"title":"NA ZEMN\u00cdKU ROZL\u00da\u010cKA SO SEZ\u00d3NOU 2022 - Kajak &amp; kanoe klub Kom\u00e1rno","robots":{"index":"index","follow":"follow","max-snippet":"max-snippet:-1","max-image-preview":"max-image-preview:large","max-video-preview":"max-video-preview:-1"},"canonical":"https:\/\/kajakkomarno.sk\/novinky\/na-zemniku-rozlucka-so-sezonou-2022\/","og_locale":"hu_HU","og_type":"article","og_title":"NA ZEMN\u00cdKU ROZL\u00da\u010cKA SO SEZ\u00d3NOU 2022 - Kajak &amp; kanoe klub Kom\u00e1rno","og_description":"Kalend\u00e1r dom\u00e1cich pretekov za rok 2022 zap\u00edsal d\u0148a 1. okt\u00f3bra 2022 svoju posledn\u00fa str\u00e1nku. V Bratislave na Zemn\u00edku sa u\u017e tradi\u010dne konali z\u00e1vere\u010dn\u00e9 dom\u00e1ce preteky,\u00a0ktor\u00e9 organizuje Klub r\u00fdchlostnej kanoistiky Vinohrady Bratislava pod n\u00e1zvom Tortov\u00e9 preteky.\u00a0Tento ro\u010dn\u00edk bol\u00a0jubilejn\u00fd, uskuto\u010dnil sa\u00a0u\u017e\u00a070.ro\u010dn\u00edk t\u00fdchto ob\u013e\u00faben\u00fdch pretekov.\u00a0 Za typicky jesenn\u00e9ho po\u010dasia sa ho z\u00fa\u010dastnilo viac ako 300 pretek\u00e1rov z 25 [&hellip;]","og_url":"https:\/\/kajakkomarno.sk\/novinky\/na-zemniku-rozlucka-so-sezonou-2022\/","og_site_name":"Kajak &amp; kanoe klub Kom\u00e1rno","article_published_time":"2022-10-04T09:18:19+00:00","article_modified_time":"2023-01-27T10:44:45+00:00","og_image":[{"width":191,"height":270,"url":"https:\/\/kajakkomarno.sk\/wp-content\/uploads\/2023\/01\/rozl_pret_202201x.jpg","type":"image\/jpeg"}],"author":"22media","twitter_card":"summary_large_image","twitter_misc":{"Szerz\u0151:":"22media","Becs\u00fclt olvas\u00e1si id\u0151":"3 perc"},"schema":{"@context":"https:\/\/schema.org","@graph":[{"@type":"Article","@id":"https:\/\/kajakkomarno.sk\/novinky\/na-zemniku-rozlucka-so-sezonou-2022\/#article","isPartOf":{"@id":"https:\/\/kajakkomarno.sk\/novinky\/na-zemniku-rozlucka-so-sezonou-2022\/"},"author":{"name":"22media","@id":"https:\/\/kajakkomarno.sk\/#\/schema\/person\/4e92804dad721346fd0d44b352a30cda"},"headline":"NA ZEMN\u00cdKU ROZL\u00da\u010cKA SO SEZ\u00d3NOU 2022","datePublished":"2022-10-04T09:18:19+00:00","dateModified":"2023-01-27T10:44:45+00:00","mainEntityOfPage":{"@id":"https:\/\/kajakkomarno.sk\/novinky\/na-zemniku-rozlucka-so-sezonou-2022\/"},"wordCount":567,"commentCount":0,"publisher":{"@id":"https:\/\/kajakkomarno.sk\/#organization"},"image":{"@id":"https:\/\/kajakkomarno.sk\/novinky\/na-zemniku-rozlucka-so-sezonou-2022\/#primaryimage"},"thumbnailUrl":"https:\/\/kajakkomarno.sk\/wp-content\/uploads\/2023\/01\/rozl_pret_202201x.jpg","articleSection":["Novinky"],"inLanguage":"hu","potentialAction":[{"@type":"CommentAction","name":"Comment","target":["https:\/\/kajakkomarno.sk\/novinky\/na-zemniku-rozlucka-so-sezonou-2022\/#respond"]}]},{"@type":"WebPage","@id":"https:\/\/kajakkomarno.sk\/novinky\/na-zemniku-rozlucka-so-sezonou-2022\/","url":"https:\/\/kajakkomarno.sk\/novinky\/na-zemniku-rozlucka-so-sezonou-2022\/","name":"NA ZEMN\u00cdKU ROZL\u00da\u010cKA SO SEZ\u00d3NOU 2022 - Kajak &amp; kanoe klub Kom\u00e1rno","isPartOf":{"@id":"https:\/\/kajakkomarno.sk\/#website"},"primaryImageOfPage":{"@id":"https:\/\/kajakkomarno.sk\/novinky\/na-zemniku-rozlucka-so-sezonou-2022\/#primaryimage"},"image":{"@id":"https:\/\/kajakkomarno.sk\/novinky\/na-zemniku-rozlucka-so-sezonou-2022\/#primaryimage"},"thumbnailUrl":"https:\/\/kajakkomarno.sk\/wp-content\/uploads\/2023\/01\/rozl_pret_202201x.jpg","datePublished":"2022-10-04T09:18:19+00:00","dateModified":"2023-01-27T10:44:45+00:00","breadcrumb":{"@id":"https:\/\/kajakkomarno.sk\/novinky\/na-zemniku-rozlucka-so-sezonou-2022\/#breadcrumb"},"inLanguage":"hu","potentialAction":[{"@type":"ReadAction","target":["https:\/\/kajakkomarno.sk\/novinky\/na-zemniku-rozlucka-so-sezonou-2022\/"]}]},{"@type":"ImageObject","inLanguage":"hu","@id":"https:\/\/kajakkomarno.sk\/novinky\/na-zemniku-rozlucka-so-sezonou-2022\/#primaryimage","url":"https:\/\/kajakkomarno.sk\/wp-content\/uploads\/2023\/01\/rozl_pret_202201x.jpg","contentUrl":"https:\/\/kajakkomarno.sk\/wp-content\/uploads\/2023\/01\/rozl_pret_202201x.jpg","width":191,"height":270},{"@type":"BreadcrumbList","@id":"https:\/\/kajakkomarno.sk\/novinky\/na-zemniku-rozlucka-so-sezonou-2022\/#breadcrumb","itemListElement":[{"@type":"ListItem","position":1,"name":"Domov","item":"https:\/\/kajakkomarno.sk\/hu\/fooldal\/"},{"@type":"ListItem","position":2,"name":"Novinky","item":"https:\/\/kajakkomarno.sk\/category\/novinky\/"},{"@type":"ListItem","position":3,"name":"NA ZEMN\u00cdKU ROZL\u00da\u010cKA SO SEZ\u00d3NOU 2022"}]},{"@type":"WebSite","@id":"https:\/\/kajakkomarno.sk\/#website","url":"https:\/\/kajakkomarno.sk\/","name":"Kajak &amp; kanoe klub Kom\u00e1rno","description":"","publisher":{"@id":"https:\/\/kajakkomarno.sk\/#organization"},"potentialAction":[{"@type":"SearchAction","target":{"@type":"EntryPoint","urlTemplate":"https:\/\/kajakkomarno.sk\/?s={search_term_string}"},"query-input":{"@type":"PropertyValueSpecification","valueRequired":true,"valueName":"search_term_string"}}],"inLanguage":"hu"},{"@type":"Organization","@id":"https:\/\/kajakkomarno.sk\/#organization","name":"Kajak &amp; kanoe klub Kom\u00e1rno","url":"https:\/\/kajakkomarno.sk\/","logo":{"@type":"ImageObject","inLanguage":"hu","@id":"https:\/\/kajakkomarno.sk\/#\/schema\/logo\/image\/","url":"https:\/\/kajakkomarno.sk\/wp-content\/uploads\/2022\/12\/kajak-kanoe-klub-komarno-optimized-opt.svg","contentUrl":"https:\/\/kajakkomarno.sk\/wp-content\/uploads\/2022\/12\/kajak-kanoe-klub-komarno-optimized-opt.svg","width":307,"height":66,"caption":"Kajak &amp; kanoe klub Kom\u00e1rno"},"image":{"@id":"https:\/\/kajakkomarno.sk\/#\/schema\/logo\/image\/"}},{"@type":"Person","@id":"https:\/\/kajakkomarno.sk\/#\/schema\/person\/4e92804dad721346fd0d44b352a30cda","name":"22media","image":{"@type":"ImageObject","inLanguage":"hu","@id":"https:\/\/kajakkomarno.sk\/#\/schema\/person\/image\/","url":"https:\/\/secure.gravatar.com\/avatar\/571bd97cd2f803bbffe6b5dc778f411cdc2d79d2c3c26bf2d4ca31723fb79fc2?s=96&d=mm&r=g","contentUrl":"https:\/\/secure.gravatar.com\/avatar\/571bd97cd2f803bbffe6b5dc778f411cdc2d79d2c3c26bf2d4ca31723fb79fc2?s=96&d=mm&r=g","caption":"22media"},"url":"https:\/\/kajakkomarno.sk\/hu\/author\/22media\/"}]}},"_links":{"self":[{"href":"https:\/\/kajakkomarno.sk\/hu\/wp-json\/wp\/v2\/posts\/2219","targetHints":{"allow":["GET"]}}],"collection":[{"href":"https:\/\/kajakkomarno.sk\/hu\/wp-json\/wp\/v2\/posts"}],"about":[{"href":"https:\/\/kajakkomarno.sk\/hu\/wp-json\/wp\/v2\/types\/post"}],"author":[{"embeddable":true,"href":"https:\/\/kajakkomarno.sk\/hu\/wp-json\/wp\/v2\/users\/1"}],"replies":[{"embeddable":true,"href":"https:\/\/kajakkomarno.sk\/hu\/wp-json\/wp\/v2\/comments?post=2219"}],"version-history":[{"count":0,"href":"https:\/\/kajakkomarno.sk\/hu\/wp-json\/wp\/v2\/posts\/2219\/revisions"}],"wp:featuredmedia":[{"embeddable":true,"href":"https:\/\/kajakkomarno.sk\/hu\/wp-json\/wp\/v2\/media\/2223"}],"wp:attachment":[{"href":"https:\/\/kajakkomarno.sk\/hu\/wp-json\/wp\/v2\/media?parent=2219"}],"wp:term":[{"taxonomy":"category","embeddable":true,"href":"https:\/\/kajakkomarno.sk\/hu\/wp-json\/wp\/v2\/categories?post=2219"},{"taxonomy":"post_tag","embeddable":true,"href":"https:\/\/kajakkomarno.sk\/hu\/wp-json\/wp\/v2\/tags?post=2219"}],"curies":[{"name":"wp","href":"https:\/\/api.w.org\/{rel}","templated":true}]}}