{"id":2180,"date":"2022-10-15T11:01:48","date_gmt":"2022-10-15T09:01:48","guid":{"rendered":"https:\/\/kajak.22projects.sk\/?p=2180"},"modified":"2023-01-27T11:33:23","modified_gmt":"2023-01-27T10:33:23","slug":"uspesne-vystupenie-nasich-mladeznikov-v-prahe","status":"publish","type":"post","link":"https:\/\/kajakkomarno.sk\/hu\/novinky\/uspesne-vystupenie-nasich-mladeznikov-v-prahe\/","title":{"rendered":"\u00daSPE\u0160N\u00c9 VYST\u00daPENIE NA\u0160ICH ML\u00c1DE\u017dN\u00cdKOV V PRAHE"},"content":{"rendered":"\n<p>V d\u0148och 01.10.2022 a 02.10.2022 sa\u00a0\u010dlenovia Slovensk\u00e9ho ml\u00e1de\u017en\u00edckeho t\u00edmu po dvojro\u010dnej prest\u00e1vke z\u00fa\u010dastnili v Prahe na\u00a018. ro\u010dn\u00edku Ve\u013ekej ceny Sparty.<\/p>\n\n\n\n<p><strong>Vo v\u00fdbere Slovensk\u00e9ho ml\u00e1de\u017en\u00edckeho t\u00edmu bolo 10 pretek\u00e1rov z n\u00e1\u0161ho klubu:&nbsp;<\/strong><\/p>\n\n\n\n<ul class=\"wp-block-list\">\n<li>11 ro\u010dn\u00ed pretek\u00e1ri: Tom\u00e1\u0161 \u0150ri, Gr\u00e9ta Dos\u00fadilov\u00e1, Sz\u00f3fia Nagy<\/li>\n\n\n\n<li>12 ro\u010dn\u00ed pretek\u00e1ri: Alex \u00d3dor, D\u00e1vid Gy\u0151ri<\/li>\n\n\n\n<li>13 a 14 ro\u010dn\u00ed pretek\u00e1ri: Diana Markovi\u010dov\u00e1, Michaela Zrnekov\u00e1, Nadine \u010eur\u010dov\u00e1, Michal T\u00f3th, Matej Lopata\u00a0<\/li>\n<\/ul>\n\n\n\n<p>Tr\u00e9neri: Ladislav \u00d3dor, Franti\u0161ek Dos\u00fadil<\/p>\n\n\n\n<figure class=\"wp-block-image size-full\"><img fetchpriority=\"high\" decoding=\"async\" width=\"960\" height=\"720\" src=\"https:\/\/kajak.22projects.sk\/wp-content\/uploads\/2023\/01\/SPARTA-202210.jpg\" alt=\"\" class=\"wp-image-2185\" srcset=\"https:\/\/kajakkomarno.sk\/wp-content\/uploads\/2023\/01\/SPARTA-202210.jpg 960w, https:\/\/kajakkomarno.sk\/wp-content\/uploads\/2023\/01\/SPARTA-202210-450x338.jpg 450w, https:\/\/kajakkomarno.sk\/wp-content\/uploads\/2023\/01\/SPARTA-202210-768x576.jpg 768w\" sizes=\"(max-width: 960px) 100vw, 960px\" \/><\/figure>\n\n\n\n<p><strong>SOBOTA &#8211;\u00a0Preteky na 200 m<\/strong><\/p>\n\n\n\n<p><strong>Chlapci a diev\u010dat\u00e1 11 ro\u010dn\u00ed\u00a0<\/strong>absolvovali na 200 metrovej trati jednotliv\u00e9 rozjazdy, pri\u010dom ka\u017ed\u00e1 rozjazda bola fin\u00e1lovou jazdou.\u00a0Na\u0161i 11 ro\u010dn\u00ed pretek\u00e1ri zv\u00ed\u0165azili vo v\u0161etk\u00fdch jazd\u00e1ch v ktor\u00fdch nast\u00fapili a\u00a0<strong>z\u00edskali tak 5 prvenstiev<\/strong>.\u00a0<\/p>\n\n\n\n<p><strong>Chlapci a diev\u010dat\u00e1 12 a\u017e 14 ro\u010dn\u00ed\u00a0<\/strong>sa na 200 metrovej trati do 6 \u010dlenn\u00e9ho fin\u00e1le museli prebojova\u0165 cez rozjazdy a medzijazdy. Fin\u00e1lov\u00e9 \u00fa\u010dasti si\u00a0chlapci a diev\u010dat\u00e1 12 a\u017e 14 ro\u010dn\u00ed vybojovali v 5 discipl\u00ednach.<br><strong>Z\u00edskali\u00a0tri strieborn\u00e9 medaily \u2013 v K1 12 ro\u010dn\u00fd kajak\u00e1r Alex \u00d3dor,\u00a0v K2\u00a0 Alex \u00d3dor-D\u00e1vid Gy\u0151ri a v K2 diev\u010dat 13 a 14 ro\u010dn\u00fdch\u00a0Diana Markovi\u010dov\u00e1 &#8211; Michaela Zrnekov\u00e1. 14 ro\u010dn\u00ed chlapci\u00a0Michal T\u00f3th\u00a0a Matej Lopata obsadili vo fin\u00e1le K2\u00a04.miesto a Diana Markovi\u010dov\u00e1 sa v K1 diev\u010dat 13 a 14 ro\u010dn\u00fdch\u00a0umiestnila na peknom\u00a05.mieste.\u00a0<\/strong><\/p>\n\n\n\n<p><strong>NEDE\u013dA &#8211;\u00a0Preteky na 2 km, memori\u00e1l Du\u0161ana Junasa<\/strong><\/p>\n\n\n\n<p>Nede\u013ea patrila pretekom na 2 km a na\u0161i pretek\u00e1ri op\u00e4\u0165 podali v\u00fdborn\u00e9 a bojovn\u00e9 v\u00fdkony a v kone\u010dnom hodnoten\u00ed\u00a0obsadili tri medailov\u00e9 poz\u00edcie.\u00a0<strong>Z v\u00ed\u0165azstva sa te\u0161ili Alex \u00d3dor a Michaela Zrnekov\u00e1 a druh\u00e9 miesto pote\u0161ilo 13 ro\u010dn\u00fa kajak\u00e1rku Dianu Markovi\u010dov\u00fa.\u00a0<\/strong><\/p>\n\n\n\n<h2 class=\"wp-block-heading\"><strong>V\u00ddSLEDKY PRETEK\u00c1ROV KAJAK &amp; KANOE KLUBU KOM\u00c1RNO<\/strong><\/h2>\n\n\n\n<h3 class=\"wp-block-heading\"><strong>SOBOTA 200 m<\/strong><\/h3>\n\n\n\n<p><strong>K2\u00a0 chlapci 10 ro\u010dn\u00ed a 11 ro\u010dn\u00ed &#8211; 1. Tom\u00e1\u0161 \u0150ri &#8211; Martin Uhr\u00edk\u00a0\u00a0<\/strong><\/p>\n\n\n\n<p><strong>K2\u00a0 diev\u010dat\u00e1 10 a 11 ro\u010dn\u00e9 &#8211; 1. Sz\u00f3fia Nagy &#8211; Gr\u00e9ta Dos\u00fadilov\u00e1<\/strong><\/p>\n\n\n\n<p><strong>K1\u00a0 chlapci 11 ro\u010dn\u00ed &#8211; 1. Tom\u00e1\u0161 \u0150ri\u00a0<\/strong><\/p>\n\n\n\n<p><strong>K1\u00a0 diev\u010dat\u00e1 11 \u2013 1. Gr\u00e9ta Dos\u00fadilov\u00e1\u00a0<\/strong><\/p>\n\n\n\n<p><strong>K1&nbsp; diev\u010dat\u00e1 11 &#8211; 1. Sz\u00f3fia Nagy<\/strong><\/p>\n\n\n\n<p><strong>K2 chlapci 13 a 14 ro\u010dn\u00ed &#8211; 4.Michal T\u00f3th &#8211; Matej Lopata<\/strong><\/p>\n\n\n\n<p><strong>K1 diev\u010dat\u00e1 13 a 14 ro\u010dn\u00e9 &#8211; 5.Diana Markovi\u010dov\u00e1<\/strong><\/p>\n\n\n\n<p><strong>K1 chlapci 12 ro\u010dn\u00ed &#8211; 2. Alex \u00d3dor<\/strong><\/p>\n\n\n\n<p><strong>K2 diev\u010dat\u00e1 13 a 14 ro\u010dn\u00e9 &#8211; 2. Diana Markovi\u010dov\u00e1 &#8211; Michaela Zrnekov\u00e1,<\/strong><\/p>\n\n\n\n<p><strong>K2 chlapci 12 ro\u010dn\u00ed &#8211; 2. Alex \u00d3dor &#8211; D\u00e1vid Gy\u0151ri<\/strong><\/p>\n\n\n\n<h3 class=\"wp-block-heading\"><strong>NEDE\u013dA\u00a02 km\u00a0<\/strong><\/h3>\n\n\n\n<p><strong>K1 diev\u010dat\u00e1 11 &#8211; 4. Sz\u00f3fia Nagy, 6. Gr\u00e9ta Dos\u00fadilov\u00e1<\/strong><\/p>\n\n\n\n<p><strong>K1\u00a0chlapci 12 ro\u010dn\u00ed &#8211; 1. Alex \u00d3dor, 6. D\u00e1vid Gy\u0151ri<\/strong><\/p>\n\n\n\n<p><strong>K1 chlapci 13 a 14\u00a0ro\u010dn\u00ed &#8211; 6. Michal T\u00f3th, 12. Matej Lopata\u00a0\u00a0<\/strong><\/p>\n\n\n\n<p><strong>K1 diev\u010dat\u00e1 13 a 14 ro\u010dn\u00e9 \u2013 1. Michaela Zrnekov\u00e1, 2. Diana Markovi\u010dov\u00e1<\/strong><\/p>\n\n\n\n<figure class=\"wp-block-gallery has-nested-images columns-default is-cropped wp-block-gallery-1 is-layout-flex wp-block-gallery-is-layout-flex\">\n<figure class=\"wp-block-image size-large\"><img decoding=\"async\" width=\"960\" height=\"720\" data-id=\"2189\" src=\"https:\/\/kajak.22projects.sk\/wp-content\/uploads\/2023\/01\/SPARTA-202204.jpg\" alt=\"\" class=\"wp-image-2189\" srcset=\"https:\/\/kajakkomarno.sk\/wp-content\/uploads\/2023\/01\/SPARTA-202204.jpg 960w, https:\/\/kajakkomarno.sk\/wp-content\/uploads\/2023\/01\/SPARTA-202204-450x338.jpg 450w, https:\/\/kajakkomarno.sk\/wp-content\/uploads\/2023\/01\/SPARTA-202204-768x576.jpg 768w\" sizes=\"(max-width: 960px) 100vw, 960px\" \/><figcaption class=\"wp-element-caption\">Na stupni v\u00ed\u0165azov 11 ro\u010dn\u00e1 Sz\u00f3fia Nagy<\/figcaption><\/figure>\n\n\n\n<figure class=\"wp-block-image size-large\"><img decoding=\"async\" width=\"960\" height=\"720\" data-id=\"2191\" src=\"https:\/\/kajak.22projects.sk\/wp-content\/uploads\/2023\/01\/SPARTA-2022051.jpg\" alt=\"\" class=\"wp-image-2191\" srcset=\"https:\/\/kajakkomarno.sk\/wp-content\/uploads\/2023\/01\/SPARTA-2022051.jpg 960w, https:\/\/kajakkomarno.sk\/wp-content\/uploads\/2023\/01\/SPARTA-2022051-450x338.jpg 450w, https:\/\/kajakkomarno.sk\/wp-content\/uploads\/2023\/01\/SPARTA-2022051-768x576.jpg 768w\" sizes=\"(max-width: 960px) 100vw, 960px\" \/><figcaption class=\"wp-element-caption\">V K1 na 200 metrovej trati zv\u00ed\u0165azila Gr\u00e9ta Dos\u00fadilov\u00e1<\/figcaption><\/figure>\n\n\n\n<figure class=\"wp-block-image size-large\"><img loading=\"lazy\" decoding=\"async\" width=\"960\" height=\"640\" data-id=\"2205\" src=\"https:\/\/kajak.22projects.sk\/wp-content\/uploads\/2023\/01\/SPARTA-202221.jpg\" alt=\"\" class=\"wp-image-2205\" srcset=\"https:\/\/kajakkomarno.sk\/wp-content\/uploads\/2023\/01\/SPARTA-202221.jpg 960w, https:\/\/kajakkomarno.sk\/wp-content\/uploads\/2023\/01\/SPARTA-202221-450x300.jpg 450w, https:\/\/kajakkomarno.sk\/wp-content\/uploads\/2023\/01\/SPARTA-202221-768x512.jpg 768w\" sizes=\"(max-width: 960px) 100vw, 960px\" \/><figcaption class=\"wp-element-caption\">Tom\u00e1\u0161 \u0150ri sa te\u0161il z v\u00ed\u0165azstva na 200 metrovej trati v K1 a v K2 <\/figcaption><\/figure>\n\n\n\n<figure class=\"wp-block-image size-large\"><img loading=\"lazy\" decoding=\"async\" width=\"960\" height=\"720\" data-id=\"2193\" src=\"https:\/\/kajak.22projects.sk\/wp-content\/uploads\/2023\/01\/SPARTA-202206.jpg\" alt=\"\" class=\"wp-image-2193\" srcset=\"https:\/\/kajakkomarno.sk\/wp-content\/uploads\/2023\/01\/SPARTA-202206.jpg 960w, https:\/\/kajakkomarno.sk\/wp-content\/uploads\/2023\/01\/SPARTA-202206-450x338.jpg 450w, https:\/\/kajakkomarno.sk\/wp-content\/uploads\/2023\/01\/SPARTA-202206-768x576.jpg 768w\" sizes=\"(max-width: 960px) 100vw, 960px\" \/><figcaption class=\"wp-element-caption\">Na 200 metrovej trati vo fin\u00e1le Alex \u00d3dor a D\u00e1vid Gy\u0151ri obsadili pekn\u00e9 2.miesto<\/figcaption><\/figure>\n\n\n\n<figure class=\"wp-block-image size-large\"><img loading=\"lazy\" decoding=\"async\" width=\"960\" height=\"720\" data-id=\"2187\" src=\"https:\/\/kajak.22projects.sk\/wp-content\/uploads\/2023\/01\/SPARTA-202203.jpg\" alt=\"\" class=\"wp-image-2187\" srcset=\"https:\/\/kajakkomarno.sk\/wp-content\/uploads\/2023\/01\/SPARTA-202203.jpg 960w, https:\/\/kajakkomarno.sk\/wp-content\/uploads\/2023\/01\/SPARTA-202203-450x338.jpg 450w, https:\/\/kajakkomarno.sk\/wp-content\/uploads\/2023\/01\/SPARTA-202203-768x576.jpg 768w\" sizes=\"(max-width: 960px) 100vw, 960px\" \/><figcaption class=\"wp-element-caption\">2. miesto pre Alexa \u00d3dora vo fin\u00e1le K1 chlapcov 12  ro\u010dn\u00fdch na 200 metrovej trati<\/figcaption><\/figure>\n\n\n\n<figure class=\"wp-block-image size-large\"><img loading=\"lazy\" decoding=\"async\" width=\"960\" height=\"640\" data-id=\"2199\" src=\"https:\/\/kajak.22projects.sk\/wp-content\/uploads\/2023\/01\/SPARTA-202212.jpg\" alt=\"\" class=\"wp-image-2199\" srcset=\"https:\/\/kajakkomarno.sk\/wp-content\/uploads\/2023\/01\/SPARTA-202212.jpg 960w, https:\/\/kajakkomarno.sk\/wp-content\/uploads\/2023\/01\/SPARTA-202212-450x300.jpg 450w, https:\/\/kajakkomarno.sk\/wp-content\/uploads\/2023\/01\/SPARTA-202212-768x512.jpg 768w\" sizes=\"(max-width: 960px) 100vw, 960px\" \/><\/figure>\n\n\n\n<figure class=\"wp-block-image size-large\"><img loading=\"lazy\" decoding=\"async\" width=\"960\" height=\"640\" data-id=\"2203\" src=\"https:\/\/kajak.22projects.sk\/wp-content\/uploads\/2023\/01\/SPARTA-202220.jpg\" alt=\"\" class=\"wp-image-2203\" srcset=\"https:\/\/kajakkomarno.sk\/wp-content\/uploads\/2023\/01\/SPARTA-202220.jpg 960w, https:\/\/kajakkomarno.sk\/wp-content\/uploads\/2023\/01\/SPARTA-202220-450x300.jpg 450w, https:\/\/kajakkomarno.sk\/wp-content\/uploads\/2023\/01\/SPARTA-202220-768x512.jpg 768w\" sizes=\"(max-width: 960px) 100vw, 960px\" \/><figcaption class=\"wp-element-caption\">Ve\u013emi dobr\u00e9 v\u00fdkony predviedli aj 13 a 14 ro\u010dn\u00e9 diev\u010dat\u00e1: Diana Markovi\u010dov\u00e1, Michaela Zrnekov\u00e1 a Nadine \u010eur\u010dov\u00e1<\/figcaption><\/figure>\n\n\n\n<figure class=\"wp-block-image size-large\"><img loading=\"lazy\" decoding=\"async\" width=\"960\" height=\"640\" data-id=\"2201\" src=\"https:\/\/kajak.22projects.sk\/wp-content\/uploads\/2023\/01\/SPARTA-202213.jpg\" alt=\"\" class=\"wp-image-2201\" srcset=\"https:\/\/kajakkomarno.sk\/wp-content\/uploads\/2023\/01\/SPARTA-202213.jpg 960w, https:\/\/kajakkomarno.sk\/wp-content\/uploads\/2023\/01\/SPARTA-202213-450x300.jpg 450w, https:\/\/kajakkomarno.sk\/wp-content\/uploads\/2023\/01\/SPARTA-202213-768x512.jpg 768w\" sizes=\"(max-width: 960px) 100vw, 960px\" \/><figcaption class=\"wp-element-caption\">S\u00fastreden\u00fd v\u00fdkon Michala T\u00f3tha a Mateja Lopatu na 200 metrovej trati <\/figcaption><\/figure>\n\n\n\n<figure class=\"wp-block-image size-large\"><img loading=\"lazy\" decoding=\"async\" width=\"720\" height=\"960\" data-id=\"2197\" src=\"https:\/\/kajak.22projects.sk\/wp-content\/uploads\/2023\/01\/SPARTA-202211.jpg\" alt=\"\" class=\"wp-image-2197\" srcset=\"https:\/\/kajakkomarno.sk\/wp-content\/uploads\/2023\/01\/SPARTA-202211.jpg 720w, https:\/\/kajakkomarno.sk\/wp-content\/uploads\/2023\/01\/SPARTA-202211-338x450.jpg 338w\" sizes=\"(max-width: 720px) 100vw, 720px\" \/><figcaption class=\"wp-element-caption\">Rados\u0165 Alexa \u00d3dora z v\u00ed\u0165azstva na 2 km trati <\/figcaption><\/figure>\n\n\n\n<figure class=\"wp-block-image size-large\"><img loading=\"lazy\" decoding=\"async\" width=\"960\" height=\"720\" data-id=\"2195\" src=\"https:\/\/kajak.22projects.sk\/wp-content\/uploads\/2023\/01\/SPARTA-202209.jpg\" alt=\"\" class=\"wp-image-2195\" srcset=\"https:\/\/kajakkomarno.sk\/wp-content\/uploads\/2023\/01\/SPARTA-202209.jpg 960w, https:\/\/kajakkomarno.sk\/wp-content\/uploads\/2023\/01\/SPARTA-202209-450x338.jpg 450w, https:\/\/kajakkomarno.sk\/wp-content\/uploads\/2023\/01\/SPARTA-202209-768x576.jpg 768w\" sizes=\"(max-width: 960px) 100vw, 960px\" \/><figcaption class=\"wp-element-caption\">Chlapci a diev\u010dat\u00e1 si pred pretekmi dopriali kr\u00e1tku prech\u00e1dzku po slne\u010dnej Prahe<\/figcaption><\/figure>\n\n\n\n<figure class=\"wp-block-image size-large\"><img loading=\"lazy\" decoding=\"async\" width=\"960\" height=\"640\" data-id=\"2209\" src=\"https:\/\/kajak.22projects.sk\/wp-content\/uploads\/2023\/01\/SPARTA-2022014.jpg\" alt=\"\" class=\"wp-image-2209\" srcset=\"https:\/\/kajakkomarno.sk\/wp-content\/uploads\/2023\/01\/SPARTA-2022014.jpg 960w, https:\/\/kajakkomarno.sk\/wp-content\/uploads\/2023\/01\/SPARTA-2022014-450x300.jpg 450w, https:\/\/kajakkomarno.sk\/wp-content\/uploads\/2023\/01\/SPARTA-2022014-768x512.jpg 768w\" sizes=\"(max-width: 960px) 100vw, 960px\" \/><figcaption class=\"wp-element-caption\">Tr\u00e9neri pozorne sledovali priebeh pretekov<\/figcaption><\/figure>\n\n\n\n<figure class=\"wp-block-image size-large\"><img loading=\"lazy\" decoding=\"async\" width=\"720\" height=\"960\" data-id=\"2207\" src=\"https:\/\/kajak.22projects.sk\/wp-content\/uploads\/2023\/01\/SPARTA-202222.jpg\" alt=\"\" class=\"wp-image-2207\" srcset=\"https:\/\/kajakkomarno.sk\/wp-content\/uploads\/2023\/01\/SPARTA-202222.jpg 720w, https:\/\/kajakkomarno.sk\/wp-content\/uploads\/2023\/01\/SPARTA-202222-338x450.jpg 338w\" sizes=\"(max-width: 720px) 100vw, 720px\" \/><figcaption class=\"wp-element-caption\">Poh\u00e1r pre Slovensk\u00fd ml\u00e1de\u017en\u00edcky t\u00edm za 2.miesto v hodnoten\u00ed oddielov<\/figcaption><\/figure>\n<\/figure>\n\n\n\n<p><em><strong>Blaho\u017eel\u00e1me na\u0161im kanoistick\u00fdm n\u00e1dej\u00e1m za \u00faspe\u0161n\u00fa reprezent\u00e1ciu!<\/strong><\/em><\/p>\n","protected":false},"excerpt":{"rendered":"<p>V d\u0148och 01.10.2022 a 02.10.2022 sa\u00a0\u010dlenovia Slovensk\u00e9ho ml\u00e1de\u017en\u00edckeho t\u00edmu po dvojro\u010dnej prest\u00e1vke z\u00fa\u010dastnili v Prahe na\u00a018. ro\u010dn\u00edku Ve\u013ekej ceny Sparty. Vo v\u00fdbere Slovensk\u00e9ho ml\u00e1de\u017en\u00edckeho t\u00edmu bolo 10 pretek\u00e1rov z n\u00e1\u0161ho klubu:&nbsp; Tr\u00e9neri: Ladislav \u00d3dor, Franti\u0161ek Dos\u00fadil SOBOTA &#8211;\u00a0Preteky na 200 m Chlapci a diev\u010dat\u00e1 11 ro\u010dn\u00ed\u00a0absolvovali na 200 metrovej trati jednotliv\u00e9 rozjazdy, pri\u010dom ka\u017ed\u00e1 rozjazda [&hellip;]<\/p>\n","protected":false},"author":1,"featured_media":2182,"comment_status":"open","ping_status":"open","sticky":false,"template":"","format":"standard","meta":{"inline_featured_image":false,"footnotes":""},"categories":[1],"tags":[],"class_list":["post-2180","post","type-post","status-publish","format-standard","has-post-thumbnail","hentry","category-novinky"],"acf":[],"yoast_head":"<!-- This site is optimized with the Yoast SEO plugin v26.6 - https:\/\/yoast.com\/wordpress\/plugins\/seo\/ -->\n<title>\u00daSPE\u0160N\u00c9 VYST\u00daPENIE NA\u0160ICH ML\u00c1DE\u017dN\u00cdKOV V PRAHE - Kajak &amp; kanoe klub Kom\u00e1rno<\/title>\n<meta name=\"robots\" content=\"index, follow, max-snippet:-1, max-image-preview:large, max-video-preview:-1\" \/>\n<link rel=\"canonical\" href=\"https:\/\/kajakkomarno.sk\/novinky\/uspesne-vystupenie-nasich-mladeznikov-v-prahe\/\" \/>\n<meta property=\"og:locale\" content=\"hu_HU\" \/>\n<meta property=\"og:type\" content=\"article\" \/>\n<meta property=\"og:title\" content=\"\u00daSPE\u0160N\u00c9 VYST\u00daPENIE NA\u0160ICH ML\u00c1DE\u017dN\u00cdKOV V PRAHE - Kajak &amp; kanoe klub Kom\u00e1rno\" \/>\n<meta property=\"og:description\" content=\"V d\u0148och 01.10.2022 a 02.10.2022 sa\u00a0\u010dlenovia Slovensk\u00e9ho ml\u00e1de\u017en\u00edckeho t\u00edmu po dvojro\u010dnej prest\u00e1vke z\u00fa\u010dastnili v Prahe na\u00a018. ro\u010dn\u00edku Ve\u013ekej ceny Sparty. Vo v\u00fdbere Slovensk\u00e9ho ml\u00e1de\u017en\u00edckeho t\u00edmu bolo 10 pretek\u00e1rov z n\u00e1\u0161ho klubu:&nbsp; Tr\u00e9neri: Ladislav \u00d3dor, Franti\u0161ek Dos\u00fadil SOBOTA &#8211;\u00a0Preteky na 200 m Chlapci a diev\u010dat\u00e1 11 ro\u010dn\u00ed\u00a0absolvovali na 200 metrovej trati jednotliv\u00e9 rozjazdy, pri\u010dom ka\u017ed\u00e1 rozjazda [&hellip;]\" \/>\n<meta property=\"og:url\" content=\"https:\/\/kajakkomarno.sk\/novinky\/uspesne-vystupenie-nasich-mladeznikov-v-prahe\/\" \/>\n<meta property=\"og:site_name\" content=\"Kajak &amp; kanoe klub Kom\u00e1rno\" \/>\n<meta property=\"article:published_time\" content=\"2022-10-15T09:01:48+00:00\" \/>\n<meta property=\"article:modified_time\" content=\"2023-01-27T10:33:23+00:00\" \/>\n<meta property=\"og:image\" content=\"https:\/\/kajakkomarno.sk\/wp-content\/uploads\/2023\/01\/sparta_202201xn.jpg\" \/>\n\t<meta property=\"og:image:width\" content=\"270\" \/>\n\t<meta property=\"og:image:height\" content=\"203\" \/>\n\t<meta property=\"og:image:type\" content=\"image\/jpeg\" \/>\n<meta name=\"author\" content=\"22media\" \/>\n<meta name=\"twitter:card\" content=\"summary_large_image\" \/>\n<meta name=\"twitter:label1\" content=\"Szerz\u0151:\" \/>\n\t<meta name=\"twitter:data1\" content=\"22media\" \/>\n\t<meta name=\"twitter:label2\" content=\"Becs\u00fclt olvas\u00e1si id\u0151\" \/>\n\t<meta name=\"twitter:data2\" content=\"6 perc\" \/>\n<script type=\"application\/ld+json\" class=\"yoast-schema-graph\">{\"@context\":\"https:\/\/schema.org\",\"@graph\":[{\"@type\":\"Article\",\"@id\":\"https:\/\/kajakkomarno.sk\/novinky\/uspesne-vystupenie-nasich-mladeznikov-v-prahe\/#article\",\"isPartOf\":{\"@id\":\"https:\/\/kajakkomarno.sk\/novinky\/uspesne-vystupenie-nasich-mladeznikov-v-prahe\/\"},\"author\":{\"name\":\"22media\",\"@id\":\"https:\/\/kajakkomarno.sk\/#\/schema\/person\/4e92804dad721346fd0d44b352a30cda\"},\"headline\":\"\u00daSPE\u0160N\u00c9 VYST\u00daPENIE NA\u0160ICH ML\u00c1DE\u017dN\u00cdKOV V PRAHE\",\"datePublished\":\"2022-10-15T09:01:48+00:00\",\"dateModified\":\"2023-01-27T10:33:23+00:00\",\"mainEntityOfPage\":{\"@id\":\"https:\/\/kajakkomarno.sk\/novinky\/uspesne-vystupenie-nasich-mladeznikov-v-prahe\/\"},\"wordCount\":654,\"commentCount\":0,\"publisher\":{\"@id\":\"https:\/\/kajakkomarno.sk\/#organization\"},\"image\":{\"@id\":\"https:\/\/kajakkomarno.sk\/novinky\/uspesne-vystupenie-nasich-mladeznikov-v-prahe\/#primaryimage\"},\"thumbnailUrl\":\"https:\/\/kajakkomarno.sk\/wp-content\/uploads\/2023\/01\/sparta_202201xn.jpg\",\"articleSection\":[\"Novinky\"],\"inLanguage\":\"hu\",\"potentialAction\":[{\"@type\":\"CommentAction\",\"name\":\"Comment\",\"target\":[\"https:\/\/kajakkomarno.sk\/novinky\/uspesne-vystupenie-nasich-mladeznikov-v-prahe\/#respond\"]}]},{\"@type\":\"WebPage\",\"@id\":\"https:\/\/kajakkomarno.sk\/novinky\/uspesne-vystupenie-nasich-mladeznikov-v-prahe\/\",\"url\":\"https:\/\/kajakkomarno.sk\/novinky\/uspesne-vystupenie-nasich-mladeznikov-v-prahe\/\",\"name\":\"\u00daSPE\u0160N\u00c9 VYST\u00daPENIE NA\u0160ICH ML\u00c1DE\u017dN\u00cdKOV V PRAHE - Kajak &amp; kanoe klub Kom\u00e1rno\",\"isPartOf\":{\"@id\":\"https:\/\/kajakkomarno.sk\/#website\"},\"primaryImageOfPage\":{\"@id\":\"https:\/\/kajakkomarno.sk\/novinky\/uspesne-vystupenie-nasich-mladeznikov-v-prahe\/#primaryimage\"},\"image\":{\"@id\":\"https:\/\/kajakkomarno.sk\/novinky\/uspesne-vystupenie-nasich-mladeznikov-v-prahe\/#primaryimage\"},\"thumbnailUrl\":\"https:\/\/kajakkomarno.sk\/wp-content\/uploads\/2023\/01\/sparta_202201xn.jpg\",\"datePublished\":\"2022-10-15T09:01:48+00:00\",\"dateModified\":\"2023-01-27T10:33:23+00:00\",\"breadcrumb\":{\"@id\":\"https:\/\/kajakkomarno.sk\/novinky\/uspesne-vystupenie-nasich-mladeznikov-v-prahe\/#breadcrumb\"},\"inLanguage\":\"hu\",\"potentialAction\":[{\"@type\":\"ReadAction\",\"target\":[\"https:\/\/kajakkomarno.sk\/novinky\/uspesne-vystupenie-nasich-mladeznikov-v-prahe\/\"]}]},{\"@type\":\"ImageObject\",\"inLanguage\":\"hu\",\"@id\":\"https:\/\/kajakkomarno.sk\/novinky\/uspesne-vystupenie-nasich-mladeznikov-v-prahe\/#primaryimage\",\"url\":\"https:\/\/kajakkomarno.sk\/wp-content\/uploads\/2023\/01\/sparta_202201xn.jpg\",\"contentUrl\":\"https:\/\/kajakkomarno.sk\/wp-content\/uploads\/2023\/01\/sparta_202201xn.jpg\",\"width\":270,\"height\":203},{\"@type\":\"BreadcrumbList\",\"@id\":\"https:\/\/kajakkomarno.sk\/novinky\/uspesne-vystupenie-nasich-mladeznikov-v-prahe\/#breadcrumb\",\"itemListElement\":[{\"@type\":\"ListItem\",\"position\":1,\"name\":\"Domov\",\"item\":\"https:\/\/kajakkomarno.sk\/hu\/fooldal\/\"},{\"@type\":\"ListItem\",\"position\":2,\"name\":\"Novinky\",\"item\":\"https:\/\/kajakkomarno.sk\/category\/novinky\/\"},{\"@type\":\"ListItem\",\"position\":3,\"name\":\"\u00daSPE\u0160N\u00c9 VYST\u00daPENIE NA\u0160ICH ML\u00c1DE\u017dN\u00cdKOV V PRAHE\"}]},{\"@type\":\"WebSite\",\"@id\":\"https:\/\/kajakkomarno.sk\/#website\",\"url\":\"https:\/\/kajakkomarno.sk\/\",\"name\":\"Kajak &amp; kanoe klub Kom\u00e1rno\",\"description\":\"\",\"publisher\":{\"@id\":\"https:\/\/kajakkomarno.sk\/#organization\"},\"potentialAction\":[{\"@type\":\"SearchAction\",\"target\":{\"@type\":\"EntryPoint\",\"urlTemplate\":\"https:\/\/kajakkomarno.sk\/?s={search_term_string}\"},\"query-input\":{\"@type\":\"PropertyValueSpecification\",\"valueRequired\":true,\"valueName\":\"search_term_string\"}}],\"inLanguage\":\"hu\"},{\"@type\":\"Organization\",\"@id\":\"https:\/\/kajakkomarno.sk\/#organization\",\"name\":\"Kajak &amp; kanoe klub Kom\u00e1rno\",\"url\":\"https:\/\/kajakkomarno.sk\/\",\"logo\":{\"@type\":\"ImageObject\",\"inLanguage\":\"hu\",\"@id\":\"https:\/\/kajakkomarno.sk\/#\/schema\/logo\/image\/\",\"url\":\"https:\/\/kajakkomarno.sk\/wp-content\/uploads\/2022\/12\/kajak-kanoe-klub-komarno-optimized-opt.svg\",\"contentUrl\":\"https:\/\/kajakkomarno.sk\/wp-content\/uploads\/2022\/12\/kajak-kanoe-klub-komarno-optimized-opt.svg\",\"width\":307,\"height\":66,\"caption\":\"Kajak &amp; kanoe klub Kom\u00e1rno\"},\"image\":{\"@id\":\"https:\/\/kajakkomarno.sk\/#\/schema\/logo\/image\/\"}},{\"@type\":\"Person\",\"@id\":\"https:\/\/kajakkomarno.sk\/#\/schema\/person\/4e92804dad721346fd0d44b352a30cda\",\"name\":\"22media\",\"image\":{\"@type\":\"ImageObject\",\"inLanguage\":\"hu\",\"@id\":\"https:\/\/kajakkomarno.sk\/#\/schema\/person\/image\/\",\"url\":\"https:\/\/secure.gravatar.com\/avatar\/571bd97cd2f803bbffe6b5dc778f411cdc2d79d2c3c26bf2d4ca31723fb79fc2?s=96&d=mm&r=g\",\"contentUrl\":\"https:\/\/secure.gravatar.com\/avatar\/571bd97cd2f803bbffe6b5dc778f411cdc2d79d2c3c26bf2d4ca31723fb79fc2?s=96&d=mm&r=g\",\"caption\":\"22media\"},\"url\":\"https:\/\/kajakkomarno.sk\/hu\/author\/22media\/\"}]}<\/script>\n<!-- \/ Yoast SEO plugin. -->","yoast_head_json":{"title":"\u00daSPE\u0160N\u00c9 VYST\u00daPENIE NA\u0160ICH ML\u00c1DE\u017dN\u00cdKOV V PRAHE - Kajak &amp; kanoe klub Kom\u00e1rno","robots":{"index":"index","follow":"follow","max-snippet":"max-snippet:-1","max-image-preview":"max-image-preview:large","max-video-preview":"max-video-preview:-1"},"canonical":"https:\/\/kajakkomarno.sk\/novinky\/uspesne-vystupenie-nasich-mladeznikov-v-prahe\/","og_locale":"hu_HU","og_type":"article","og_title":"\u00daSPE\u0160N\u00c9 VYST\u00daPENIE NA\u0160ICH ML\u00c1DE\u017dN\u00cdKOV V PRAHE - Kajak &amp; kanoe klub Kom\u00e1rno","og_description":"V d\u0148och 01.10.2022 a 02.10.2022 sa\u00a0\u010dlenovia Slovensk\u00e9ho ml\u00e1de\u017en\u00edckeho t\u00edmu po dvojro\u010dnej prest\u00e1vke z\u00fa\u010dastnili v Prahe na\u00a018. ro\u010dn\u00edku Ve\u013ekej ceny Sparty. Vo v\u00fdbere Slovensk\u00e9ho ml\u00e1de\u017en\u00edckeho t\u00edmu bolo 10 pretek\u00e1rov z n\u00e1\u0161ho klubu:&nbsp; Tr\u00e9neri: Ladislav \u00d3dor, Franti\u0161ek Dos\u00fadil SOBOTA &#8211;\u00a0Preteky na 200 m Chlapci a diev\u010dat\u00e1 11 ro\u010dn\u00ed\u00a0absolvovali na 200 metrovej trati jednotliv\u00e9 rozjazdy, pri\u010dom ka\u017ed\u00e1 rozjazda [&hellip;]","og_url":"https:\/\/kajakkomarno.sk\/novinky\/uspesne-vystupenie-nasich-mladeznikov-v-prahe\/","og_site_name":"Kajak &amp; kanoe klub Kom\u00e1rno","article_published_time":"2022-10-15T09:01:48+00:00","article_modified_time":"2023-01-27T10:33:23+00:00","og_image":[{"width":270,"height":203,"url":"https:\/\/kajakkomarno.sk\/wp-content\/uploads\/2023\/01\/sparta_202201xn.jpg","type":"image\/jpeg"}],"author":"22media","twitter_card":"summary_large_image","twitter_misc":{"Szerz\u0151:":"22media","Becs\u00fclt olvas\u00e1si id\u0151":"6 perc"},"schema":{"@context":"https:\/\/schema.org","@graph":[{"@type":"Article","@id":"https:\/\/kajakkomarno.sk\/novinky\/uspesne-vystupenie-nasich-mladeznikov-v-prahe\/#article","isPartOf":{"@id":"https:\/\/kajakkomarno.sk\/novinky\/uspesne-vystupenie-nasich-mladeznikov-v-prahe\/"},"author":{"name":"22media","@id":"https:\/\/kajakkomarno.sk\/#\/schema\/person\/4e92804dad721346fd0d44b352a30cda"},"headline":"\u00daSPE\u0160N\u00c9 VYST\u00daPENIE NA\u0160ICH ML\u00c1DE\u017dN\u00cdKOV V PRAHE","datePublished":"2022-10-15T09:01:48+00:00","dateModified":"2023-01-27T10:33:23+00:00","mainEntityOfPage":{"@id":"https:\/\/kajakkomarno.sk\/novinky\/uspesne-vystupenie-nasich-mladeznikov-v-prahe\/"},"wordCount":654,"commentCount":0,"publisher":{"@id":"https:\/\/kajakkomarno.sk\/#organization"},"image":{"@id":"https:\/\/kajakkomarno.sk\/novinky\/uspesne-vystupenie-nasich-mladeznikov-v-prahe\/#primaryimage"},"thumbnailUrl":"https:\/\/kajakkomarno.sk\/wp-content\/uploads\/2023\/01\/sparta_202201xn.jpg","articleSection":["Novinky"],"inLanguage":"hu","potentialAction":[{"@type":"CommentAction","name":"Comment","target":["https:\/\/kajakkomarno.sk\/novinky\/uspesne-vystupenie-nasich-mladeznikov-v-prahe\/#respond"]}]},{"@type":"WebPage","@id":"https:\/\/kajakkomarno.sk\/novinky\/uspesne-vystupenie-nasich-mladeznikov-v-prahe\/","url":"https:\/\/kajakkomarno.sk\/novinky\/uspesne-vystupenie-nasich-mladeznikov-v-prahe\/","name":"\u00daSPE\u0160N\u00c9 VYST\u00daPENIE NA\u0160ICH ML\u00c1DE\u017dN\u00cdKOV V PRAHE - Kajak &amp; kanoe klub Kom\u00e1rno","isPartOf":{"@id":"https:\/\/kajakkomarno.sk\/#website"},"primaryImageOfPage":{"@id":"https:\/\/kajakkomarno.sk\/novinky\/uspesne-vystupenie-nasich-mladeznikov-v-prahe\/#primaryimage"},"image":{"@id":"https:\/\/kajakkomarno.sk\/novinky\/uspesne-vystupenie-nasich-mladeznikov-v-prahe\/#primaryimage"},"thumbnailUrl":"https:\/\/kajakkomarno.sk\/wp-content\/uploads\/2023\/01\/sparta_202201xn.jpg","datePublished":"2022-10-15T09:01:48+00:00","dateModified":"2023-01-27T10:33:23+00:00","breadcrumb":{"@id":"https:\/\/kajakkomarno.sk\/novinky\/uspesne-vystupenie-nasich-mladeznikov-v-prahe\/#breadcrumb"},"inLanguage":"hu","potentialAction":[{"@type":"ReadAction","target":["https:\/\/kajakkomarno.sk\/novinky\/uspesne-vystupenie-nasich-mladeznikov-v-prahe\/"]}]},{"@type":"ImageObject","inLanguage":"hu","@id":"https:\/\/kajakkomarno.sk\/novinky\/uspesne-vystupenie-nasich-mladeznikov-v-prahe\/#primaryimage","url":"https:\/\/kajakkomarno.sk\/wp-content\/uploads\/2023\/01\/sparta_202201xn.jpg","contentUrl":"https:\/\/kajakkomarno.sk\/wp-content\/uploads\/2023\/01\/sparta_202201xn.jpg","width":270,"height":203},{"@type":"BreadcrumbList","@id":"https:\/\/kajakkomarno.sk\/novinky\/uspesne-vystupenie-nasich-mladeznikov-v-prahe\/#breadcrumb","itemListElement":[{"@type":"ListItem","position":1,"name":"Domov","item":"https:\/\/kajakkomarno.sk\/hu\/fooldal\/"},{"@type":"ListItem","position":2,"name":"Novinky","item":"https:\/\/kajakkomarno.sk\/category\/novinky\/"},{"@type":"ListItem","position":3,"name":"\u00daSPE\u0160N\u00c9 VYST\u00daPENIE NA\u0160ICH ML\u00c1DE\u017dN\u00cdKOV V PRAHE"}]},{"@type":"WebSite","@id":"https:\/\/kajakkomarno.sk\/#website","url":"https:\/\/kajakkomarno.sk\/","name":"Kajak &amp; kanoe klub Kom\u00e1rno","description":"","publisher":{"@id":"https:\/\/kajakkomarno.sk\/#organization"},"potentialAction":[{"@type":"SearchAction","target":{"@type":"EntryPoint","urlTemplate":"https:\/\/kajakkomarno.sk\/?s={search_term_string}"},"query-input":{"@type":"PropertyValueSpecification","valueRequired":true,"valueName":"search_term_string"}}],"inLanguage":"hu"},{"@type":"Organization","@id":"https:\/\/kajakkomarno.sk\/#organization","name":"Kajak &amp; kanoe klub Kom\u00e1rno","url":"https:\/\/kajakkomarno.sk\/","logo":{"@type":"ImageObject","inLanguage":"hu","@id":"https:\/\/kajakkomarno.sk\/#\/schema\/logo\/image\/","url":"https:\/\/kajakkomarno.sk\/wp-content\/uploads\/2022\/12\/kajak-kanoe-klub-komarno-optimized-opt.svg","contentUrl":"https:\/\/kajakkomarno.sk\/wp-content\/uploads\/2022\/12\/kajak-kanoe-klub-komarno-optimized-opt.svg","width":307,"height":66,"caption":"Kajak &amp; kanoe klub Kom\u00e1rno"},"image":{"@id":"https:\/\/kajakkomarno.sk\/#\/schema\/logo\/image\/"}},{"@type":"Person","@id":"https:\/\/kajakkomarno.sk\/#\/schema\/person\/4e92804dad721346fd0d44b352a30cda","name":"22media","image":{"@type":"ImageObject","inLanguage":"hu","@id":"https:\/\/kajakkomarno.sk\/#\/schema\/person\/image\/","url":"https:\/\/secure.gravatar.com\/avatar\/571bd97cd2f803bbffe6b5dc778f411cdc2d79d2c3c26bf2d4ca31723fb79fc2?s=96&d=mm&r=g","contentUrl":"https:\/\/secure.gravatar.com\/avatar\/571bd97cd2f803bbffe6b5dc778f411cdc2d79d2c3c26bf2d4ca31723fb79fc2?s=96&d=mm&r=g","caption":"22media"},"url":"https:\/\/kajakkomarno.sk\/hu\/author\/22media\/"}]}},"_links":{"self":[{"href":"https:\/\/kajakkomarno.sk\/hu\/wp-json\/wp\/v2\/posts\/2180","targetHints":{"allow":["GET"]}}],"collection":[{"href":"https:\/\/kajakkomarno.sk\/hu\/wp-json\/wp\/v2\/posts"}],"about":[{"href":"https:\/\/kajakkomarno.sk\/hu\/wp-json\/wp\/v2\/types\/post"}],"author":[{"embeddable":true,"href":"https:\/\/kajakkomarno.sk\/hu\/wp-json\/wp\/v2\/users\/1"}],"replies":[{"embeddable":true,"href":"https:\/\/kajakkomarno.sk\/hu\/wp-json\/wp\/v2\/comments?post=2180"}],"version-history":[{"count":0,"href":"https:\/\/kajakkomarno.sk\/hu\/wp-json\/wp\/v2\/posts\/2180\/revisions"}],"wp:featuredmedia":[{"embeddable":true,"href":"https:\/\/kajakkomarno.sk\/hu\/wp-json\/wp\/v2\/media\/2182"}],"wp:attachment":[{"href":"https:\/\/kajakkomarno.sk\/hu\/wp-json\/wp\/v2\/media?parent=2180"}],"wp:term":[{"taxonomy":"category","embeddable":true,"href":"https:\/\/kajakkomarno.sk\/hu\/wp-json\/wp\/v2\/categories?post=2180"},{"taxonomy":"post_tag","embeddable":true,"href":"https:\/\/kajakkomarno.sk\/hu\/wp-json\/wp\/v2\/tags?post=2180"}],"curies":[{"name":"wp","href":"https:\/\/api.w.org\/{rel}","templated":true}]}}