{"id":119,"date":"2022-10-20T14:07:00","date_gmt":"2022-10-20T12:07:00","guid":{"rendered":"https:\/\/kajak.22projects.sk\/?p=119"},"modified":"2023-02-23T15:37:44","modified_gmt":"2023-02-23T14:37:44","slug":"vyhodnotenie-uspesnej-pretekarskej-sezony-2022","status":"publish","type":"post","link":"https:\/\/kajakkomarno.sk\/hu\/novinky\/vyhodnotenie-uspesnej-pretekarskej-sezony-2022\/","title":{"rendered":"Vyhodnotenie \u00faspe\u0161nej pretek\u00e1rskej sez\u00f3ny 2022"},"content":{"rendered":"\n<p>D\u0148a 15. okt\u00f3bra 2022\u00a0 sa\u00a0 v\u00a0 priestoroch\u00a0 Kajak &amp; kanoe klube Kom\u00e1rno uskuto\u010dnil v porad\u00ed u\u017e\u00a0 5. ro\u010dn\u00edk Family day- rodinn\u00e9ho d\u0148a,\u00a0 ktor\u00fd pre svojich \u010dlenov, pretek\u00e1rov a rodi\u010dov pripravilo vedenie klubu.<\/p>\n\n\n\n<figure class=\"wp-block-image size-full\"><img fetchpriority=\"high\" decoding=\"async\" width=\"828\" height=\"311\" src=\"https:\/\/kajak.22projects.sk\/wp-content\/uploads\/2022\/12\/FAM-D-202218.jpg\" alt=\"\" class=\"wp-image-120\" srcset=\"https:\/\/kajakkomarno.sk\/wp-content\/uploads\/2022\/12\/FAM-D-202218.jpg 828w, https:\/\/kajakkomarno.sk\/wp-content\/uploads\/2022\/12\/FAM-D-202218-450x169.jpg 450w, https:\/\/kajakkomarno.sk\/wp-content\/uploads\/2022\/12\/FAM-D-202218-768x288.jpg 768w\" sizes=\"(max-width: 828px) 100vw, 828px\" \/><\/figure>\n\n\n\n<p>Viktor Demin, predseda Kajak &amp; kanoe klubu Kom\u00e1rno,&nbsp; sa po\u010fakoval v\u0161etk\u00fdm pretek\u00e1rom a tr\u00e9nerom za ich pr\u00e1cu a dosiahnut\u00e9 v\u00fdsledky v roku 2022,&nbsp; po\u010fakoval sa&nbsp; rodi\u010dom, mestu Kom\u00e1rno, v\u0161etk\u00fdm sponzorom a priaznivcom za pomoc a podporu.&nbsp;Na sl\u00e1vnostnom ocenen\u00ed pretek\u00e1rov Kajak &amp; kanoe klubu&nbsp; bol pr\u00edtomn\u00fd aj prim\u00e1tor mesta Kom\u00e1rno p\u00e1n B\u00e9la Keszegh a viceprim\u00e1tor p\u00e1n Ondrej Gajd\u00e1\u010d.&nbsp;<\/p>\n\n\n\n<p><strong>Na \u00faspechu n\u00e1\u0161ho klubu sa podie\u013eali v\u0161etci pretek\u00e1ri&nbsp; od 9 ro\u010dn\u00fdch pretek\u00e1rov a\u017e&nbsp; po veter\u00e1nov,&nbsp; ktor\u00ed n\u00e1s v roku 2022 \u00faspe\u0161ne reprezentovali a dosahovali v\u00fdborn\u00e9 v\u00fdsledky nielen na&nbsp; dom\u00e1cich podujatiach v r\u00e1mci Slovensk\u00e9ho poh\u00e1ra a&nbsp; majstrovstIev Slovenska, ale aj na v\u00fdznamn\u00fdch medzin\u00e1rodn\u00fdch podujatiach.<\/strong><\/p>\n\n\n\n<p><em><strong>D O M \u00c1 C E&nbsp; &nbsp;P O D U J A T I A<\/strong><\/em><\/p>\n\n\n\n<p><strong>SLOVENSK\u00dd POH\u00c1R ROK 2022<\/strong><\/p>\n\n\n\n<p>Do celkov\u00e9ho hodnotenia Slovensk\u00e9ho poh\u00e1ra sa zapo\u010d\u00edtavali bodov\u00e9 zisky pretek\u00e1rov od 13 rokov a\u017e po veter\u00e1nov z nasledovn\u00fdch pretekov: Ve\u013ek\u00e1 cena Kom\u00e1rna, Poh\u00e1r SNP Pie\u0161\u0165any, Tren\u010dianska regata, Nov\u00e1cka p\u00e4\u0165stovka, Samaria Cup, Poh\u00e1r Interu, Majstrovstv\u00e1 SR v marat\u00f3ne a Harga\u0161ov memori\u00e1l.&nbsp;<\/p>\n\n\n\n<p><strong>V r\u00e1mci Slovensk\u00e9ho poh\u00e1ra sa n\u00e1\u0161&nbsp; klub po rokoch 2017, 2018,2019,2020 a 2021 stal celkov\u00fdm v\u00ed\u0165azom Slovensk\u00e9ho poh\u00e1ra aj za rok 2022.<\/strong><\/p>\n\n\n\n<p><strong>ODDIELY CELKOM<\/strong><\/p>\n\n\n\n<p><strong>1. Kajak &amp; kanoe klub Kom\u00e1rno 1 410.50<\/strong><\/p>\n\n\n\n<p><strong>2. Klub r\u00fdchlostnej kanoistiky Nov\u00e1ky 909.50<\/strong><\/p>\n\n\n\n<p><strong>3. Kanoistick\u00fd klub TTS Tren\u010d\u00edn 764.50<\/strong><\/p>\n\n\n\n<p>&nbsp;Prin\u00e1\u0161ame preh\u013ead umiestnenia v hodnoten\u00ed jednotlivcov, ktor\u00ed sa podie\u013eali na \u00faspechu n\u00e1\u0161ho klubu:<\/p>\n\n\n\n<p><strong>JEDNOTLIVCI<\/strong><\/p>\n\n\n\n<p><strong>&nbsp;K DIEV\u010cAT\u00c1 13 RO\u010cN\u00c9<\/strong><\/p>\n\n\n\n<p>1. Diana MARKOVI\u010cOV\u00c1<\/p>\n\n\n\n<p>6. R\u00e9ka KERT\u00c9SZOV\u00c1<\/p>\n\n\n\n<p>9. Panna&nbsp; V\u00c1MOS<\/p>\n\n\n\n<p><strong>&nbsp;K CHLAPCI 13 RO\u010cN\u00cd<\/strong><\/p>\n\n\n\n<p>&nbsp;9.&nbsp; D\u00e1vid ZAUKO<\/p>\n\n\n\n<p>10. D\u00e1vid HODEK&nbsp;<\/p>\n\n\n\n<p>13. Patrice MUHAR<\/p>\n\n\n\n<p><strong>&nbsp;K DIEV\u010cAT\u00c1 14 RO\u010cN\u00c9<\/strong><\/p>\n\n\n\n<p>1. Michaela ZRNEKOV\u00c1&nbsp;<\/p>\n\n\n\n<p>6. Nadine \u010eUR\u010cOV\u00c1<\/p>\n\n\n\n<p>8. Lucia DEM\u00c1\u010cKOV\u00c1<\/p>\n\n\n\n<p>10. D\u00f3ra V\u00c1MOS<\/p>\n\n\n\n<p><strong>&nbsp;K CHLAPCI 14 RO\u010cN\u00cd<\/strong><\/p>\n\n\n\n<p>2. Michal T\u00d3TH<\/p>\n\n\n\n<p>5. Matej LOPATA&nbsp;<\/p>\n\n\n\n<p>7. Samuel DEM\u00c1\u010cEK<\/p>\n\n\n\n<p><strong>C KADETKY&nbsp;<\/strong><\/p>\n\n\n\n<p>2. Zo\u00e9 B\u00d3NOV\u00c1<\/p>\n\n\n\n<p>3. Nat\u00e1lia SZENCZIOV\u00c1<\/p>\n\n\n\n<p><strong>K KADETKY<\/strong><\/p>\n\n\n\n<p>14. Laura MEDOV\u010c\u00cdKOV\u00c1<\/p>\n\n\n\n<p><strong>&nbsp;C KADETI<\/strong><\/p>\n\n\n\n<p>6. M\u00e1rio T\u00c9GL\u00c1S<\/p>\n\n\n\n<p><strong>&nbsp;K KADETI<\/strong><\/p>\n\n\n\n<p>&nbsp;2. Luk\u00e1\u0161 GROLMUS&nbsp; &nbsp;<\/p>\n\n\n\n<p>&nbsp;6. M\u00e1t\u00e9 MARSAL&nbsp;<\/p>\n\n\n\n<p>&nbsp;9. D\u00e1vid PODLEISZEK<\/p>\n\n\n\n<p>12. Peter Teo LUK\u00c1\u010c<\/p>\n\n\n\n<p>13. Mat\u00fa\u0161 KINCZER<\/p>\n\n\n\n<p>14. Dominik NAGY<\/p>\n\n\n\n<p>15. M\u00e1rk IKR\u00c9NI&nbsp;<\/p>\n\n\n\n<p><strong>&nbsp;C JUNIORKY<\/strong><\/p>\n\n\n\n<p>1. Laura \u0150RI<\/p>\n\n\n\n<p><strong>&nbsp;K JUNIORKY<\/strong><\/p>\n\n\n\n<p>2. R\u00e9ka BUG\u00c1R<\/p>\n\n\n\n<p>8. Vikt\u00f3ria KOV\u00c1CS<\/p>\n\n\n\n<p><strong>&nbsp;C JUNIORI<\/strong><\/p>\n\n\n\n<p>3. Imre FAZEKAS<\/p>\n\n\n\n<p>5. Attila MOLN\u00c1R<\/p>\n\n\n\n<p><strong>&nbsp;K JUNIORI<\/strong><\/p>\n\n\n\n<p>&nbsp;5. Dominik DOKTOR\u00cdK&nbsp;&nbsp;<\/p>\n\n\n\n<p>&nbsp;8. \u013dudov\u00edt T\u00d3TH&nbsp;<\/p>\n\n\n\n<p>10. Tom\u00e1\u0161 FARKA\u0160&nbsp;&nbsp;<\/p>\n\n\n\n<p>11. Filip PODLEISZEK<\/p>\n\n\n\n<p>20. Jakub DOKTOR\u00cdK&nbsp;&nbsp;<\/p>\n\n\n\n<p><strong>&nbsp;C \u017dENY<\/strong><\/p>\n\n\n\n<p>3. Aneta JEL\u00cdNKOV\u00c1<\/p>\n\n\n\n<p><strong>&nbsp;K \u017dENY<\/strong><\/p>\n\n\n\n<p>&nbsp;2. S\u00e1ra SO\u00d3S<\/p>\n\n\n\n<p>10. Anna DOKTOR\u00cdKOV\u00c1<\/p>\n\n\n\n<p><strong>&nbsp;K MU\u017dI&nbsp;<\/strong><\/p>\n\n\n\n<p>15. Szil\u00e1rd B\u00d3NA<\/p>\n\n\n\n<p>16. \u00c1kos GACSAL<\/p>\n\n\n\n<p>19. Peter SCHRIMPEL<\/p>\n\n\n\n<p><strong>&nbsp;K VETER\u00c1NKY<\/strong><\/p>\n\n\n\n<p>7. Anna DOKTOR\u00cdKOV\u00c1<\/p>\n\n\n\n<p><strong>&nbsp;K VETER\u00c1NI<\/strong><\/p>\n\n\n\n<p>&nbsp;4. Marek \u010eUR\u010cO<\/p>\n\n\n\n<p>&nbsp;5. Gabriel ZIRKELBACH<\/p>\n\n\n\n<p>10. Franti\u0161ek DOS\u00daDIL<\/p>\n\n\n\n<p><strong>&nbsp;\u00daspe\u0161ne reprezentovali diev\u010dat\u00e1 a chlapci&nbsp; 9 a\u017e 12 ro\u010dn\u00ed&nbsp;<\/strong><\/p>\n\n\n\n<p>Na dom\u00e1cich pretekoch Kajak &amp; kanoe klub \u00faspe\u0161ne reprezentovali aj diev\u010dat\u00e1 a chlapci 9 a\u017e 12 ro\u010dn\u00ed, ktor\u00ed svojimi v\u00fdkonmi prispeli k vynikaj\u00facim umiestneniam n\u00e1\u0161ho klubu v t\u00edmovej s\u00fa\u0165a\u017ei &#8211; Poh\u00e1r t\u00edmov.&nbsp; &nbsp;<\/p>\n\n\n\n<p><strong>Chlapci 12 ro\u010dn\u00ed<\/strong>: Alex \u00d3dor, D\u00e1vid Gy\u0151ri, Andrej Turza, M\u00e1rk Hovorka , Viktor Kontra, Filip Brell\u00edk, Bence Hatos<\/p>\n\n\n\n<p><strong>Chlapci 11 ro\u010dn\u00ed:<\/strong>&nbsp;Tom\u00e1\u0161 \u0150ri, \u00d6rs Hunor Koczka, Jakub Dubran, D\u00e1vid Berecz, Markus Bel\u00e1n, Teodor Kocsis<\/p>\n\n\n\n<p><strong>Chlapci 10 ro\u010dn\u00ed:<\/strong>&nbsp;Ladislav Markovi\u010d , Adam Gad\u017euri\u010d, \u00c1d\u00e1m Bogd\u00e1ny, Merse Vince Z\u00e1hori,<\/p>\n\n\n\n<p><strong>Chlapci 9 ro\u010dn\u00ed:<\/strong>&nbsp;Adam Gy\u0151ri<\/p>\n\n\n\n<p><strong>Diev\u010dat\u00e1 12 ro\u010dn\u00e9:<\/strong>&nbsp;Adela Lopatov\u00e1, Sophie Ruhanen, Lilian Kr\u0161te\u0148ansk\u00e1,<\/p>\n\n\n\n<p><strong>Diev\u010dat\u00e1 11 ro\u010dn\u00e9:<\/strong>&nbsp;Gr\u00e9ta Dos\u00fadilov\u00e1, Sz\u00f3fia Nagy, Bettina B\u00e1nfalvy, Emma Cserepes,<\/p>\n\n\n\n<p><strong>Diev\u010dat\u00e1 10 ro\u010dn\u00e9:<\/strong>&nbsp;Gr\u00e9ta Nagy, Hanna R\u00f3zsa V\u00f6r\u00f6s<\/p>\n\n\n\n<p><strong>Diev\u010dat\u00e1 9 ro\u010dn\u00e9:<\/strong>&nbsp;Abigel \u017dil\u00edk, Zoja Fiamov\u00e1<\/p>\n\n\n\n<figure class=\"wp-block-image size-full\"><img decoding=\"async\" width=\"960\" height=\"884\" src=\"https:\/\/kajak.22projects.sk\/wp-content\/uploads\/2022\/12\/FAM-D-202212.jpg\" alt=\"\" class=\"wp-image-121\" srcset=\"https:\/\/kajakkomarno.sk\/wp-content\/uploads\/2022\/12\/FAM-D-202212.jpg 960w, https:\/\/kajakkomarno.sk\/wp-content\/uploads\/2022\/12\/FAM-D-202212-450x414.jpg 450w, https:\/\/kajakkomarno.sk\/wp-content\/uploads\/2022\/12\/FAM-D-202212-768x707.jpg 768w\" sizes=\"(max-width: 960px) 100vw, 960px\" \/><\/figure>\n\n\n\n<p><strong>MAJSTROVSTV\u00c1&nbsp; SLOVENSKA&nbsp;&nbsp;<\/strong><\/p>\n\n\n\n<p><strong>Tituly majstrov Slovenska si vybojovali:&nbsp;<br>&nbsp;Majstrovstv\u00e1 Slovenska na dlh\u00e9 trate-&nbsp; 14. a 15 m\u00e1ja 2022, Tren\u010d\u00edn&nbsp;<\/strong><\/p>\n\n\n\n<p>K1 juniori- Filip Podleiszek<\/p>\n\n\n\n<p>K1 juniorky- R\u00e9ka Bug\u00e1r<\/p>\n\n\n\n<p>K2 chlapci 13 a 14 ro\u010dn\u00ed- Michal T\u00f3th-Matej Lopata<\/p>\n\n\n\n<p>K1 diev\u010dat\u00e1 14 ro\u010dn\u00e9 &#8211; Michaela Zrnekov\u00e1<\/p>\n\n\n\n<p>K2 kadeti-&nbsp; Luk\u00e1\u0161 Grolmus- D\u00e1vid Podleiszek<\/p>\n\n\n\n<p>C1 juniorky- Laura \u0150ri&nbsp;<\/p>\n\n\n\n<p>C1 kadetky\u2013 Zo\u00e9 B\u00f3nov\u00e1<\/p>\n\n\n\n<p>K2 juniori- \u013dudov\u00edt T\u00f3th- Dominik Doktor\u00edk&nbsp;<\/p>\n\n\n\n<p><strong>&nbsp;Majstrovstv\u00e1 Slovenska na kr\u00e1tke trate, 05. a\u017e 07.august 2022, Zemn\u00edk&nbsp;<\/strong><\/p>\n\n\n\n<p>K2 kadeti 1000 m- M\u00e1t\u00e9 Marsal- M\u00e1t\u00e9 Lepi \/ \u0160AM\/&nbsp;&nbsp;<\/p>\n\n\n\n<p>K1 juniori&nbsp; 1000 m- \u013dudov\u00edt T\u00f3th&nbsp;<\/p>\n\n\n\n<p>C1 juniorky 1000 m- Laura&nbsp; \u0150ri&nbsp;&nbsp;<\/p>\n\n\n\n<p>K1 diev\u010dat\u00e1 14 ro\u010dn\u00e9 1000 m -Michaela Zrnekov\u00e1&nbsp;&nbsp;<\/p>\n\n\n\n<p>K1 diev\u010dat\u00e1 13 ro\u010dn\u00e9 1000 m- Diana Markovi\u010dov\u00e1&nbsp; &nbsp;<\/p>\n\n\n\n<p>C1 kadetky 1000 m -Zo\u00e9 B\u00f3nov\u00e1&nbsp;<\/p>\n\n\n\n<p>K2 juniori&nbsp; 1000 m- \u013dudov\u00edt T\u00f3th- Dominik Doktor\u00edk&nbsp;<\/p>\n\n\n\n<p>K2 kadeti 500 m-M\u00e1t\u00e9 Marsal- M\u00e1t\u00e9 Lepi \/ \u0160AM\/&nbsp;<\/p>\n\n\n\n<p>K4 chlapci 13 a 14 ro\u010dn\u00ed 500 m-Michal T\u00f3th-Matej Lopata-Samuel Dem\u00e1\u010dek-Jakub Bartol\u010di\u010d \/ UKB\/&nbsp;<\/p>\n\n\n\n<p>C2 kadetky 500 m-Nat\u00e1lia Szencziov\u00e1- Vivien Stehl\u00edk&nbsp; \/\u0160AM\/&nbsp;<\/p>\n\n\n\n<p>K4 diev\u010dat\u00e1 13 a 14 ro\u010dn\u00e9 500 m- Lucia Dem\u00e1\u010dekov\u00e1- Nadine \u010eur\u010dov\u00e1- Diana Markovi\u010dov\u00e1&nbsp; Michaela Zrnekov\u00e1-<\/p>\n\n\n\n<p>K1 juniori 500 m- Dominik Doktor\u00edk&nbsp;&nbsp;<\/p>\n\n\n\n<p>K4 kadeti 500 m- Luk\u00e1\u0161 Grolmus-M\u00e1rk Ikr\u00e9ni-M\u00e1t\u00e9 Marsal- M\u00e1t\u00e9 Lepi \/ \u0160AM\/&nbsp;<\/p>\n\n\n\n<p>K1 juniorky 500 m- R\u00e9ka Bug\u00e1r&nbsp;&nbsp;<\/p>\n\n\n\n<p>K4 juniori 500 m-&nbsp; \u013dudov\u00edt T\u00f3th- Dominik Doktor\u00edk- Juraj Kuku\u010dka \/ NOV \/- Michal Zrutta \/ PIE \/&nbsp;<\/p>\n\n\n\n<p>C1 kadetky 500 m- Zo\u00e9 B\u00f3nov\u00e1&nbsp;&nbsp;<\/p>\n\n\n\n<p>K2 juniorky 500 m- R\u00e9ka Bug\u00e1r-&nbsp; Diana Hus\u00e1rikov\u00e1&nbsp; \/TTS \/&nbsp;<\/p>\n\n\n\n<p>K1 diev\u010dat\u00e1 13 ro\u010dn\u00e9 500 m- Diana Markovi\u010dov\u00e1&nbsp;<\/p>\n\n\n\n<p>K2 kadeti 200 m- M\u00e1t\u00e9 Marsal- M\u00e1t\u00e9 Lepi \/ \u0160AM\/&nbsp; &nbsp;&nbsp;<\/p>\n\n\n\n<p>C2 kadetky 200 m- Nat\u00e1lia Szencziov\u00e1- Vivien Stehl\u00edk,&nbsp; \/\u0160AM\/&nbsp;<\/p>\n\n\n\n<p>K1 juniori 200 m- Dominik Doktor\u00edk&nbsp;<\/p>\n\n\n\n<p>K4 kadeti 200 m- Luk\u00e1\u0161 Grolmus-M\u00e1rk Ikr\u00e9ni-M\u00e1t\u00e9 Marsal- M\u00e1t\u00e9 Lepi \/ \u0160AM\/&nbsp;<\/p>\n\n\n\n<p>K1 juniorky 200 m- R\u00e9ka Bug\u00e1r&nbsp;<\/p>\n\n\n\n<p>C1 juniorky 200 m- Laura&nbsp; \u0150ri&nbsp;<\/p>\n\n\n\n<p>K4 juniori 200 m- \u013dudov\u00edt T\u00f3th- Dominik Doktor\u00edk- Juraj Kuku\u010dka \/ NOV \/- Michal Zrutta \/ PIE \/&nbsp;&nbsp;<\/p>\n\n\n\n<p>K2 \u017eeny 200 m- S\u00e1ra So\u00f3s, Nina Hol\u00e1&nbsp; \/ NOV \/&nbsp;<\/p>\n\n\n\n<p>C1 kadetky 200 m- Zo\u00e9 B\u00f3nov\u00e1&nbsp;<\/p>\n\n\n\n<p>K2 juniori 200 m- \u013dudov\u00edt T\u00f3th- Dominik Doktor\u00edk&nbsp;&nbsp;<\/p>\n\n\n\n<p>K2 juniorky 200 m &#8211; R\u00e9ka Bug\u00e1r-Sofia Bergendi \/ ZLP \/&nbsp;&nbsp;<\/p>\n\n\n\n<p>K1 diev\u010dat\u00e1 13 ro\u010dn\u00e9 200 m- Diana Markovi\u010dov\u00e1&nbsp;<\/p>\n\n\n\n<p>K1 chlapci 12 ro\u010dn\u00ed 2000 m- Alex \u00d3dor&nbsp;&nbsp;<\/p>\n\n\n\n<p>K1 chlapci 11 ro\u010dn\u00ed 2000 m -Tom\u00e1\u0161 \u0150ri<\/p>\n\n\n\n<figure class=\"wp-block-image size-full\"><img decoding=\"async\" width=\"960\" height=\"719\" src=\"https:\/\/kajak.22projects.sk\/wp-content\/uploads\/2022\/12\/FAM-D-202216.jpg\" alt=\"\" class=\"wp-image-122\" srcset=\"https:\/\/kajakkomarno.sk\/wp-content\/uploads\/2022\/12\/FAM-D-202216.jpg 960w, https:\/\/kajakkomarno.sk\/wp-content\/uploads\/2022\/12\/FAM-D-202216-450x337.jpg 450w, https:\/\/kajakkomarno.sk\/wp-content\/uploads\/2022\/12\/FAM-D-202216-768x575.jpg 768w\" sizes=\"(max-width: 960px) 100vw, 960px\" \/><\/figure>\n\n\n\n<figure class=\"wp-block-image size-full\"><img loading=\"lazy\" decoding=\"async\" width=\"960\" height=\"720\" src=\"https:\/\/kajak.22projects.sk\/wp-content\/uploads\/2022\/12\/FAM-D-202217.jpg\" alt=\"\" class=\"wp-image-123\" srcset=\"https:\/\/kajakkomarno.sk\/wp-content\/uploads\/2022\/12\/FAM-D-202217.jpg 960w, https:\/\/kajakkomarno.sk\/wp-content\/uploads\/2022\/12\/FAM-D-202217-450x338.jpg 450w, https:\/\/kajakkomarno.sk\/wp-content\/uploads\/2022\/12\/FAM-D-202217-768x576.jpg 768w\" sizes=\"(max-width: 960px) 100vw, 960px\" \/><\/figure>\n\n\n\n<p><strong>Majstrovstv\u00e1 Slovenska&nbsp; marat\u00f3n, 17. september 2022,&nbsp; Zemn\u00edk&nbsp;<\/strong><\/p>\n\n\n\n<p>K1 juniori&nbsp; 22 600 m &#8211; Filip Podleiszek<\/p>\n\n\n\n<p>K1 diev\u010dat\u00e1 14 ro\u010dn\u00e9&nbsp; 10 800 m &#8211; Michaela Zrnekov\u00e1<\/p>\n\n\n\n<p>K1 diev\u010dat\u00e1 13 ro\u010dn\u00e9&nbsp; &nbsp;10 800 m- Diana Markovi\u010dov\u00e1&nbsp;&nbsp;<\/p>\n\n\n\n<p><em><strong>M E D Z I N \u00c1 R O D N \u00c9&nbsp; &nbsp; P O D U J A T I A&nbsp;<\/strong><\/em><\/p>\n\n\n\n<p>&nbsp;Ml\u00e1de\u017en\u00edci n\u00e1\u0161ho klubu boli \u00faspe\u0161n\u00ed aj na medzin\u00e1rodnom poli.&nbsp;<\/p>\n\n\n\n<p><strong>&nbsp;<\/strong><strong>Chlapci a diev\u010dat\u00e1 10 a\u017e 14 ro\u010dn\u00ed<\/strong>&nbsp; boli \u010dlenmi&nbsp;<strong>Slovensk\u00e9ho ml\u00e1de\u017en\u00edckeho t\u00edmu<\/strong>&nbsp;a v\u00fdborn\u00e9 v\u00fdsledky dosiahli na pretekoch v Prahe.&nbsp; Vo v\u00fdbere Slovensk\u00e9ho ml\u00e1de\u017en\u00edckeho t\u00edmu bolo 10 pretek\u00e1rov z n\u00e1\u0161ho klubu: Tom\u00e1\u0161 \u0150ri, Gr\u00e9ta Dos\u00fadilov\u00e1, Sz\u00f3fia Nagy, Alex \u00d3dor, D\u00e1vid Gy\u0151ri, Diana Markovi\u010dov\u00e1, Michaela Zrnekov\u00e1, Nadine \u010eur\u010dov\u00e1, Michal T\u00f3th a Matej Lopata.&nbsp;&nbsp;<\/p>\n\n\n\n<p>&nbsp;<strong>Kadeti a juniori &#8211; 15 a\u017e 18 ro\u010dn\u00ed<\/strong><strong>&nbsp;boli \u010dlenmi slovenskej juniorskej reprezent\u00e1cie a \u00faspe\u0161ne&nbsp; reprezentovali Slovensko na v\u00fdznamn\u00fdch medzin\u00e1rodn\u00fdch podujatiach<\/strong><\/p>\n\n\n\n<p>&nbsp;<strong>MEDZIN\u00c1RODN\u00c1 REGATA JUNIOROV A PRETEK\u00c1ROV DO 23 ROKOV &#8211; 03.06, a\u017e 05.06. 2022 , Zemn\u00edk<\/strong>&nbsp;<\/p>\n\n\n\n<p>K2 JUNIORI 500 m- 1. \u013dudov\u00edt T\u00d3TH-Dominik DOKTOR\u00cdK<\/p>\n\n\n\n<p>K4 KADETI 500 m- 1. Luk\u00e1\u0161 GROLMUS- D\u00e1vid PODLEISZEK -M\u00e1t\u00e9 MARSAL-M\u00e1t\u00e9 LEPI<\/p>\n\n\n\n<p>K4 JUNIORI 500 m- 1. \u013dudov\u00edt T\u00d3TH-Dominik DOKTOR\u00cdK-Michal ZRUTTA-Juraj KUKU\u010cKA<\/p>\n\n\n\n<p>C2 KADETKY 200 m- 2. Katar\u00edna SZENCZIOV\u00c1 \u2013 Vivien STEHL\u00cdK<\/p>\n\n\n\n<p>K2 KADETI 200 m- 2. M\u00e1t\u00e9 MARSAL-M\u00e1t\u00e9 LEPI ,<\/p>\n\n\n\n<p>K2 JUNIORKY 500 m- 2. R\u00e9ka BUG\u00c1R- Tereza CZANIKOV\u00c1&nbsp;<\/p>\n\n\n\n<p>K1 JUNIORKY 500 m- 3. R\u00e9ka BUG\u00c1R&nbsp;<\/p>\n\n\n\n<p>K2 KADETI 500 m- 3. M\u00e1t\u00e9 MARSAL-M\u00e1t\u00e9 LEPI<\/p>\n\n\n\n<p>K2 KADETI 200 m- 3. Luk\u00e1\u0161 GROLMUS- D\u00e1vid PODLEISZEK<\/p>\n\n\n\n<p>K1 KADETI 200 m- 3. Luk\u00e1\u0161 GROLMUS<\/p>\n\n\n\n<p>K1 JUNIORKY 200 m- 3. R\u00e9ka BUG\u00c1R&nbsp;<\/p>\n\n\n\n<p>C2 KADETKY 200 m- 3. Katar\u00edna SZENCZIOV\u00c1 \u2013 Vivien STEHL\u00cdK<\/p>\n\n\n\n<p>C1 KADETKY 500 m- 4. Zo\u00e9 B\u00d3NOV\u00c1&nbsp;<\/p>\n\n\n\n<p>K2 KADETI 500 m- 4. Luk\u00e1\u0161 GROLMUS- D\u00e1vid PODLEISZEK&nbsp;<\/p>\n\n\n\n<p>K1 KADETI 200 m- 4. M\u00e1t\u00e9 MARSAL<\/p>\n\n\n\n<p>K1 \u017dENY U23 200 m- 4. S\u00e1ra SO\u00d3S&nbsp;<\/p>\n\n\n\n<p>K2 JUNIORI- 4. \u013dudov\u00edt T\u00d3TH-Dominik DOKTOR\u00cdK<\/p>\n\n\n\n<p>C1 KADETKY 1000 m- 5.Zo\u00e9 B\u00d3NOV\u00c1&nbsp;<\/p>\n\n\n\n<p>K1 JUNIORKY 1000 m- 5. R\u00e9ka&nbsp; BUG\u00c1R&nbsp;<\/p>\n\n\n\n<p>C1 JUNIORKY-&nbsp; 5.Laura \u0150RI&nbsp;<\/p>\n\n\n\n<p>C1 JUNIORKY 500 m- 5. Laura \u0150RI&nbsp;<\/p>\n\n\n\n<p>K2 KADETI 1000 m- 5. Luk\u00e1\u0161 GROLMUS- D\u00e1vid PODLEISZEK&nbsp;<\/p>\n\n\n\n<p>C1 KADETKY 200 m- 5. Zo\u00e9 B\u00d3NOV\u00c1<\/p>\n\n\n\n<p>C1 KADETKY 200 m- 6.Katar\u00edna SZENCZIOV\u00c1<\/p>\n\n\n\n<p>C1 JUNIORKY 200 m- 6. Laura \u0150RI&nbsp;<\/p>\n\n\n\n<p>C1 KADETKY 1000 m- 6.Katar\u00edna SZENCZIOV\u00c1&nbsp;<\/p>\n\n\n\n<p>K1 \u017dENY U23 1000 m- 6. S\u00e1ra SO\u00d3S&nbsp;<\/p>\n\n\n\n<p>C1 KADETKY 500 m- 6. Katar\u00edna SZENCZIOV\u00c1&nbsp;<\/p>\n\n\n\n<p>K2 JUNIORI 1000 m-&nbsp; 6. M\u00e1t\u00e9 MARSAL-M\u00e1t\u00e9 LEPI&nbsp;<\/p>\n\n\n\n<p>K1 \u017dENY U23 500 m- 6. S\u00e1ra SO\u00d3S&nbsp;<\/p>\n\n\n\n<p>K1 KADETI 1000 m- 7. Luk\u00e1\u0161 GROLMUS&nbsp;<\/p>\n\n\n\n<p>K1 JUNIORI 1000 m- 7.\u013dudov\u00edt T\u00d3TH&nbsp;<\/p>\n\n\n\n<p>K1 KADETI 1000 m- 9.&nbsp; D\u00e1vid PODLEISZEK<\/p>\n\n\n\n<p>K1 KADETI 500 m- 9.Luk\u00e1\u0161 GROLMUS&nbsp;<\/p>\n\n\n\n<p>K1 MU\u017dI- U23 1000 m- 9.Szil\u00e1rd B\u00f3na<\/p>\n\n\n\n<p>K1 KADETI 1000 m- 15. Peter Teo LUK\u00c1\u010c<\/p>\n\n\n\n<p>K1 JUNIORI 1000 m- 16.Filip PODLEISZEK<\/p>\n\n\n\n<p><strong>MAJSTROVSTV\u00c1 EUR\u00d3PY JUNIOROV A PRETEK\u00c1ROV U23 &#8211;&nbsp; 23.06.2022 a\u017e 26.06.2022&nbsp; Belehrad.&nbsp;<\/strong><\/p>\n\n\n\n<p>K1 JUNIORKY 200 m &#8211;&nbsp; 6. R\u00e9ka BUG\u00c1R<\/p>\n\n\n\n<p>K2 JUNIORKY&nbsp; 500 m &#8211; 6. R\u00e9ka BUG\u00c1R\u2013Tereza CZANIKOV\u00c1<\/p>\n\n\n\n<p>K4 JUNIORI 500 m &#8211;&nbsp; 6. \u013dudov\u00edt T\u00d3TH \u2013 Dominik DOKTOR\u00cdK- Michal ZRUTTA \u2013 Juraj KUKU\u010cKA<\/p>\n\n\n\n<p>K2 JUNIORI 1000 m &#8211;&nbsp; 9. M\u00e1t\u00e9 MARSAL- M\u00e1t\u00e9 LEPI&nbsp;&nbsp;<\/p>\n\n\n\n<p>K1 JUNIORI 1000 m &#8211; 13. Filip PODLEISZEK<\/p>\n\n\n\n<p><strong>MAJSTROVSTV\u00c1 SVETA JUNIOROV A PRETEK\u00c1ROV&nbsp; U23-31.08.2022 a\u017e 04.09.2022 , Szeged&nbsp;<\/strong><\/p>\n\n\n\n<p>K2 JUNIORKY 500 M-&nbsp; 2. R\u00e9ka BUG\u00c1R\u2013Bianka SIDOV\u00c1<\/p>\n\n\n\n<p>K1 JUNIORKY 200 m &#8211; 5. R\u00e9ka BUG\u00c1R<\/p>\n\n\n\n<p>K4 JUNIORI 500 m-&nbsp; 6. \u013dudov\u00edt T\u00d3TH \u2013 Dominik DOKTOR\u00cdK- Michal ZRUTTA \u2013 Juraj KUKU\u010cKA<\/p>\n\n\n\n<p>K2 JUNIORI 1000 m &#8211; 7 . M\u00e1t\u00e9 MARSAL- M\u00e1t\u00e9 LEPI&nbsp;&nbsp;<\/p>\n\n\n\n<p>K2 JUN MIX 500 m- 11.&nbsp; R\u00e9ka BUG\u00c1R &#8211; Ondrej KOBYDA&nbsp;<\/p>\n\n\n\n<p>K1 JUNIORI 1000 m &#8211;&nbsp; &nbsp; &nbsp;12. Filip PODLEISZEK<\/p>\n\n\n\n<p><strong>S\u00da\u0164A\u017d&nbsp; OLYMPIJSK\u00ddCH N\u00c1DEJ\u00cd<\/strong>&nbsp;&#8211; 08.09.2022 a\u017e 11.09.2022&nbsp; Bratislava ,&nbsp; Zemn\u00edk .&nbsp;&nbsp;<\/p>\n\n\n\n<p>K2 chlapci 17 ro\u010dn\u00ed 1000 m-&nbsp; &nbsp;1. \u013dudov\u00edt T\u00d3TH- Dominik DOKTOR\u00cdK&nbsp; &nbsp; &nbsp; &nbsp; &nbsp; &nbsp; &nbsp; &nbsp; &nbsp; &nbsp; &nbsp; &nbsp; &nbsp;<\/p>\n\n\n\n<p>K2 chlapci 15 a 16 ro\u010dn\u00ed&nbsp; ro\u010dn\u00ed 1000 m- 3. M\u00e1t\u00e9 MARSAL- M\u00e1t\u00e9 LEPI&nbsp; &nbsp; &nbsp; &nbsp; &nbsp; &nbsp; &nbsp; &nbsp; &nbsp; &nbsp;<\/p>\n\n\n\n<p>K1 chlapci 17 ro\u010dn\u00ed K1 200 m- 3. Dominik DOKTOR\u00cdK&nbsp; &nbsp; &nbsp; &nbsp; &nbsp; &nbsp; &nbsp; &nbsp; &nbsp; &nbsp; &nbsp; &nbsp; &nbsp; &nbsp; &nbsp; &nbsp;&nbsp;<\/p>\n\n\n\n<p>C1 diev\u010dat\u00e1 17 ro\u010dn\u00e9 200 m &#8211;&nbsp; 3. Laura \u0150RI&nbsp; &nbsp; &nbsp; &nbsp; &nbsp; &nbsp; &nbsp; &nbsp; &nbsp; &nbsp; &nbsp; &nbsp; &nbsp; &nbsp; &nbsp; &nbsp; &nbsp; &nbsp; &nbsp; &nbsp; &nbsp; &nbsp; &nbsp; &nbsp;<\/p>\n\n\n\n<p>C1 diev\u010dat\u00e1 17 ro\u010dn\u00e9 500 m &#8211;&nbsp; 4. Laura \u0150RI&nbsp; &nbsp; &nbsp; &nbsp; &nbsp; &nbsp; &nbsp; &nbsp; &nbsp; &nbsp; &nbsp; &nbsp; &nbsp; &nbsp; &nbsp; &nbsp; &nbsp; &nbsp; &nbsp; &nbsp; &nbsp; &nbsp; &nbsp; &nbsp; &nbsp; &nbsp; &nbsp; &nbsp; &nbsp; &nbsp; &nbsp; &nbsp; &nbsp; &nbsp; &nbsp; &nbsp;&nbsp;<\/p>\n\n\n\n<p>K2 chlapci 15 a 16 ro\u010dn\u00ed&nbsp; ro\u010dn\u00ed 200 m-&nbsp; 4. M\u00e1t\u00e9 MARSAL-M\u00e1t\u00e9 LEPI&nbsp; &nbsp; &nbsp; &nbsp; &nbsp; &nbsp; &nbsp; &nbsp; &nbsp; &nbsp; &nbsp;<\/p>\n\n\n\n<p>K4 chlapci 15 a\u017e 17 ro\u010dn\u00ed 200 m- 4. \u013dudov\u00edt T\u00d3TH- Dominik DOKTOR\u00cdK-M\u00e1t\u00e9 MARSAL-M\u00e1t\u00e9 LEPI&nbsp;<\/p>\n\n\n\n<p>K2 chlapci 17 ro\u010dn\u00ed 500 m &#8211;&nbsp; 5. \u013dudov\u00edt T\u00d3TH- Dominik DOKTOR\u00cdK&nbsp; &nbsp; &nbsp; &nbsp; &nbsp; &nbsp; &nbsp; &nbsp; &nbsp; &nbsp; &nbsp; &nbsp; &nbsp; &nbsp; &nbsp; &nbsp; &nbsp;<\/p>\n\n\n\n<p>K4 chlapci 15 a\u017e 17 ro\u010dn\u00ed 500 m- 5. \u013dudov\u00edt T\u00d3TH- Dominik DOKTOR\u00cdK- M\u00e1t\u00e9 MARSAL-M\u00e1t\u00e9 LEPI&nbsp; &nbsp; &nbsp;<\/p>\n\n\n\n<p>K1 chlapci 17 ro\u010dn\u00ed 1000 m &#8211;&nbsp; 6. Tom\u00e1\u0161 FARKA\u0160&nbsp; &nbsp; &nbsp; &nbsp; &nbsp; &nbsp; &nbsp; &nbsp; &nbsp; &nbsp; &nbsp; &nbsp; &nbsp; &nbsp; &nbsp; &nbsp; &nbsp; &nbsp; &nbsp; &nbsp; &nbsp; &nbsp; &nbsp; &nbsp; &nbsp; &nbsp; &nbsp; &nbsp; &nbsp; &nbsp; &nbsp;&nbsp;<\/p>\n\n\n\n<p>C1 diev\u010dat\u00e1 16 ro\u010dn\u00e9 500 m-&nbsp; 6. Zo\u00e9 B\u00d3NOV\u00c1&nbsp; &nbsp; &nbsp; &nbsp; &nbsp; &nbsp; &nbsp; &nbsp; &nbsp; &nbsp; &nbsp; &nbsp; &nbsp; &nbsp; &nbsp; &nbsp; &nbsp; &nbsp; &nbsp; &nbsp; &nbsp; &nbsp; &nbsp; &nbsp; &nbsp; &nbsp; &nbsp; &nbsp; &nbsp; &nbsp; &nbsp; &nbsp; &nbsp; &nbsp; &nbsp;&nbsp;<\/p>\n\n\n\n<p>K2 chlapci 17 ro\u010dn\u00ed 200 m &#8211; 7. \u013dudov\u00edt T\u00d3TH- Dominik DOKTOR\u00cdK-&nbsp; &nbsp; &nbsp; &nbsp;&nbsp;<\/p>\n\n\n\n<p>C1 diev\u010dat\u00e1 17 ro\u010dn\u00e9 1000 m- 8.&nbsp; Laura \u0150RI&nbsp; &nbsp; &nbsp; &nbsp; &nbsp; &nbsp; &nbsp; &nbsp; &nbsp; &nbsp; &nbsp; &nbsp; &nbsp; &nbsp; &nbsp; &nbsp; &nbsp; &nbsp; &nbsp; &nbsp; &nbsp; &nbsp; &nbsp; &nbsp; &nbsp; &nbsp; &nbsp; &nbsp; &nbsp; &nbsp; &nbsp; &nbsp; &nbsp; &nbsp; &nbsp; &nbsp; &nbsp; &nbsp;<\/p>\n\n\n\n<p>C1 diev\u010dat\u00e1 16 ro\u010dn\u00e9 200 m- 8. Zo\u00e9 B\u00d3NOV\u00c1&nbsp; &nbsp; &nbsp; &nbsp; &nbsp; &nbsp; &nbsp; &nbsp; &nbsp; &nbsp; &nbsp; &nbsp; &nbsp; &nbsp; &nbsp; &nbsp; &nbsp;&nbsp;<\/p>\n\n\n\n<p>K2 chlapci&nbsp; 15 a 16 ro\u010dn\u00ed&nbsp; ro\u010dn\u00ed 200 m-&nbsp; 12. Luk\u00e1\u0161 GROLMUS- M\u00e1rk IKR\u00c9NI&nbsp; &nbsp; &nbsp;&nbsp;<\/p>\n\n\n\n<p>K1 chlapci 15 ro\u010dn\u00ed 1000 m-&nbsp; &nbsp;15. Peter Teo LUK\u00c1\u010c&nbsp; &nbsp; &nbsp; &nbsp; &nbsp; &nbsp; &nbsp; &nbsp; &nbsp; &nbsp; &nbsp; &nbsp; &nbsp; &nbsp; &nbsp;<\/p>\n\n\n\n<p>K1 chlapci&nbsp; 16 ro\u010dn\u00ed 200 m- 16. Luk\u00e1\u0161 GROLMUS&nbsp; &nbsp; &nbsp; &nbsp; &nbsp; &nbsp; &nbsp; &nbsp; &nbsp; &nbsp; &nbsp;<\/p>\n\n\n\n<p>K2 chlapci&nbsp; 15 a 16 ro\u010dn\u00ed&nbsp; ro\u010dn\u00ed 500 m-&nbsp; 17. M\u00e1t\u00e9 MARSAL-M\u00e1t\u00e9 LEPI&nbsp; &nbsp; &nbsp; &nbsp; &nbsp; &nbsp; &nbsp; &nbsp; &nbsp; &nbsp;<\/p>\n\n\n\n<p>C1 diev\u010dat\u00e1 15 ro\u010dn\u00e9 200 m &#8211; 17. Nat\u00e1lia SZENCZIOV\u00c1<\/p>\n\n\n\n<figure class=\"wp-block-image size-full\"><img loading=\"lazy\" decoding=\"async\" width=\"960\" height=\"432\" src=\"https:\/\/kajak.22projects.sk\/wp-content\/uploads\/2022\/12\/FAM-D-202215.jpg\" alt=\"\" class=\"wp-image-124\" srcset=\"https:\/\/kajakkomarno.sk\/wp-content\/uploads\/2022\/12\/FAM-D-202215.jpg 960w, https:\/\/kajakkomarno.sk\/wp-content\/uploads\/2022\/12\/FAM-D-202215-450x203.jpg 450w, https:\/\/kajakkomarno.sk\/wp-content\/uploads\/2022\/12\/FAM-D-202215-768x346.jpg 768w\" sizes=\"(max-width: 960px) 100vw, 960px\" \/><\/figure>\n\n\n\n<p><em><strong>Ocenenie pr\u00e1ce tr\u00e9nerov<\/strong><\/em><\/p>\n\n\n\n<p>Pod \u00faspechy pretek\u00e1rov v ml\u00e1de\u017en\u00edckych kateg\u00f3ri\u00e1ch sa podp\u00edsali tr\u00e9neri:\u00a0<strong>\u013dudov\u00edt N\u00e9meth, Ladislav \u00d3dor,\u00a0 Attila Ambrus, Franti\u0161ek Dos\u00fadil, Juraj Tarr a Oliver Koczk\u00e1s.<\/strong><\/p>\n\n\n\n<figure class=\"wp-block-image size-full\"><img loading=\"lazy\" decoding=\"async\" width=\"960\" height=\"640\" src=\"https:\/\/kajak.22projects.sk\/wp-content\/uploads\/2022\/12\/FAM-D-202209.jpg\" alt=\"\" class=\"wp-image-125\" srcset=\"https:\/\/kajakkomarno.sk\/wp-content\/uploads\/2022\/12\/FAM-D-202209.jpg 960w, https:\/\/kajakkomarno.sk\/wp-content\/uploads\/2022\/12\/FAM-D-202209-450x300.jpg 450w, https:\/\/kajakkomarno.sk\/wp-content\/uploads\/2022\/12\/FAM-D-202209-768x512.jpg 768w\" sizes=\"(max-width: 960px) 100vw, 960px\" \/><\/figure>\n\n\n\n<p><em><strong>Po\u010fakovanie Viktorovi DEMINOVI\u00a0<\/strong><\/em><br><strong>Zasl\u00fa\u017een\u00e9 po\u010fakovanie a ve\u013ek\u00fd potlesk patril v z\u00e1vere oce\u0148ovania predsedovi klubu Viktorovi Deminovi,\u00a0 v\u010faka ktor\u00e9mu klub neust\u00e1le napreduje. Dokazuj\u00fa to aj v\u00fdsledky\u00a0 pretek\u00e1rov n\u00e1\u0161ho klubu na dom\u00e1cich a medzin\u00e1rodn\u00fdch podujatiach, ako aj zlep\u0161uj\u00face sa podmienky na \u0161portov\u00fa pr\u00edpravu.\u00a0<\/strong><\/p>\n\n\n\n<figure class=\"wp-block-image size-large is-resized\"><img loading=\"lazy\" decoding=\"async\" src=\"https:\/\/kajak.22projects.sk\/wp-content\/uploads\/2022\/12\/FAM-VD-202209-683x1024.jpg\" alt=\"\" class=\"wp-image-126\" width=\"342\" height=\"512\" srcset=\"https:\/\/kajakkomarno.sk\/wp-content\/uploads\/2022\/12\/FAM-VD-202209-683x1024.jpg 683w, https:\/\/kajakkomarno.sk\/wp-content\/uploads\/2022\/12\/FAM-VD-202209-300x450.jpg 300w, https:\/\/kajakkomarno.sk\/wp-content\/uploads\/2022\/12\/FAM-VD-202209-768x1152.jpg 768w, https:\/\/kajakkomarno.sk\/wp-content\/uploads\/2022\/12\/FAM-VD-202209-1024x1536.jpg 1024w, https:\/\/kajakkomarno.sk\/wp-content\/uploads\/2022\/12\/FAM-VD-202209-1365x2048.jpg 1365w, https:\/\/kajakkomarno.sk\/wp-content\/uploads\/2022\/12\/FAM-VD-202209-scaled.jpg 1707w\" sizes=\"(max-width: 342px) 100vw, 342px\" \/><\/figure>\n\n\n\n<p>Pre na\u0161e kanoistick\u00e9 n\u00e1deje pri\u0161la\u00a0 vhod chv\u00ed\u013ea vo\u013ena a oddychu, aby\u00a0 o nieko\u013eko dn\u00ed naplno rozbehlai\u00a0 \u00a0pr\u00edpravu na nov\u00fa sez\u00f3nu 2023, ktor\u00e1 bude pln\u00e1 v\u00fdziev tak v r\u00e1mci slovensk\u00fdch, ako aj medzin\u00e1rodn\u00fdch podujat\u00ed.\u00a0<\/p>\n\n\n\n<figure class=\"wp-block-image size-full\"><img loading=\"lazy\" decoding=\"async\" width=\"960\" height=\"679\" src=\"https:\/\/kajak.22projects.sk\/wp-content\/uploads\/2022\/12\/FAM-D-202214.jpg\" alt=\"\" class=\"wp-image-127\" srcset=\"https:\/\/kajakkomarno.sk\/wp-content\/uploads\/2022\/12\/FAM-D-202214.jpg 960w, https:\/\/kajakkomarno.sk\/wp-content\/uploads\/2022\/12\/FAM-D-202214-450x318.jpg 450w, https:\/\/kajakkomarno.sk\/wp-content\/uploads\/2022\/12\/FAM-D-202214-768x543.jpg 768w\" sizes=\"(max-width: 960px) 100vw, 960px\" \/><\/figure>\n","protected":false},"excerpt":{"rendered":"<p>Kajak &#038; kanoe klub Kom\u00e1rno- v\u00ed\u0165az Slovensk\u00e9ho poh\u00e1ra za rok 2022 po \u0161iesty kr\u00e1t v rade. \u00daspechy na dom\u00e1cich a medzin\u00e1rodn\u00fdch podujatiach<\/p>\n","protected":false},"author":1,"featured_media":127,"comment_status":"open","ping_status":"open","sticky":false,"template":"","format":"standard","meta":{"inline_featured_image":false,"footnotes":""},"categories":[1],"tags":[],"class_list":["post-119","post","type-post","status-publish","format-standard","has-post-thumbnail","hentry","category-novinky"],"acf":[],"yoast_head":"<!-- This site is optimized with the Yoast SEO plugin v26.6 - https:\/\/yoast.com\/wordpress\/plugins\/seo\/ -->\n<title>Vyhodnotenie \u00faspe\u0161nej pretek\u00e1rskej sez\u00f3ny 2022 - Kajak &amp; kanoe klub Kom\u00e1rno<\/title>\n<meta name=\"robots\" content=\"index, follow, max-snippet:-1, max-image-preview:large, max-video-preview:-1\" \/>\n<link rel=\"canonical\" href=\"https:\/\/kajakkomarno.sk\/novinky\/vyhodnotenie-uspesnej-pretekarskej-sezony-2022\/\" \/>\n<meta property=\"og:locale\" content=\"hu_HU\" \/>\n<meta property=\"og:type\" content=\"article\" \/>\n<meta property=\"og:title\" content=\"Vyhodnotenie \u00faspe\u0161nej pretek\u00e1rskej sez\u00f3ny 2022 - Kajak &amp; kanoe klub Kom\u00e1rno\" \/>\n<meta property=\"og:description\" content=\"Kajak &amp; kanoe klub Kom\u00e1rno- v\u00ed\u0165az Slovensk\u00e9ho poh\u00e1ra za rok 2022 po \u0161iesty kr\u00e1t v rade. \u00daspechy na dom\u00e1cich a medzin\u00e1rodn\u00fdch podujatiach\" \/>\n<meta property=\"og:url\" content=\"https:\/\/kajakkomarno.sk\/novinky\/vyhodnotenie-uspesnej-pretekarskej-sezony-2022\/\" \/>\n<meta property=\"og:site_name\" content=\"Kajak &amp; kanoe klub Kom\u00e1rno\" \/>\n<meta property=\"article:published_time\" content=\"2022-10-20T12:07:00+00:00\" \/>\n<meta property=\"article:modified_time\" content=\"2023-02-23T14:37:44+00:00\" \/>\n<meta property=\"og:image\" content=\"https:\/\/kajakkomarno.sk\/wp-content\/uploads\/2022\/12\/FAM-D-202214.jpg\" \/>\n\t<meta property=\"og:image:width\" content=\"960\" \/>\n\t<meta property=\"og:image:height\" content=\"679\" \/>\n\t<meta property=\"og:image:type\" content=\"image\/jpeg\" \/>\n<meta name=\"author\" content=\"22media\" \/>\n<meta name=\"twitter:card\" content=\"summary_large_image\" \/>\n<meta name=\"twitter:label1\" content=\"Szerz\u0151:\" \/>\n\t<meta name=\"twitter:data1\" content=\"22media\" \/>\n\t<meta name=\"twitter:label2\" content=\"Becs\u00fclt olvas\u00e1si id\u0151\" \/>\n\t<meta name=\"twitter:data2\" content=\"13 perc\" \/>\n<script type=\"application\/ld+json\" class=\"yoast-schema-graph\">{\"@context\":\"https:\/\/schema.org\",\"@graph\":[{\"@type\":\"Article\",\"@id\":\"https:\/\/kajakkomarno.sk\/novinky\/vyhodnotenie-uspesnej-pretekarskej-sezony-2022\/#article\",\"isPartOf\":{\"@id\":\"https:\/\/kajakkomarno.sk\/novinky\/vyhodnotenie-uspesnej-pretekarskej-sezony-2022\/\"},\"author\":{\"name\":\"22media\",\"@id\":\"https:\/\/kajakkomarno.sk\/#\/schema\/person\/4e92804dad721346fd0d44b352a30cda\"},\"headline\":\"Vyhodnotenie \u00faspe\u0161nej pretek\u00e1rskej sez\u00f3ny 2022\",\"datePublished\":\"2022-10-20T12:07:00+00:00\",\"dateModified\":\"2023-02-23T14:37:44+00:00\",\"mainEntityOfPage\":{\"@id\":\"https:\/\/kajakkomarno.sk\/novinky\/vyhodnotenie-uspesnej-pretekarskej-sezony-2022\/\"},\"wordCount\":2529,\"commentCount\":0,\"publisher\":{\"@id\":\"https:\/\/kajakkomarno.sk\/#organization\"},\"image\":{\"@id\":\"https:\/\/kajakkomarno.sk\/novinky\/vyhodnotenie-uspesnej-pretekarskej-sezony-2022\/#primaryimage\"},\"thumbnailUrl\":\"https:\/\/kajakkomarno.sk\/wp-content\/uploads\/2022\/12\/FAM-D-202214.jpg\",\"articleSection\":[\"Novinky\"],\"inLanguage\":\"hu\",\"potentialAction\":[{\"@type\":\"CommentAction\",\"name\":\"Comment\",\"target\":[\"https:\/\/kajakkomarno.sk\/novinky\/vyhodnotenie-uspesnej-pretekarskej-sezony-2022\/#respond\"]}]},{\"@type\":\"WebPage\",\"@id\":\"https:\/\/kajakkomarno.sk\/novinky\/vyhodnotenie-uspesnej-pretekarskej-sezony-2022\/\",\"url\":\"https:\/\/kajakkomarno.sk\/novinky\/vyhodnotenie-uspesnej-pretekarskej-sezony-2022\/\",\"name\":\"Vyhodnotenie \u00faspe\u0161nej pretek\u00e1rskej sez\u00f3ny 2022 - Kajak &amp; kanoe klub Kom\u00e1rno\",\"isPartOf\":{\"@id\":\"https:\/\/kajakkomarno.sk\/#website\"},\"primaryImageOfPage\":{\"@id\":\"https:\/\/kajakkomarno.sk\/novinky\/vyhodnotenie-uspesnej-pretekarskej-sezony-2022\/#primaryimage\"},\"image\":{\"@id\":\"https:\/\/kajakkomarno.sk\/novinky\/vyhodnotenie-uspesnej-pretekarskej-sezony-2022\/#primaryimage\"},\"thumbnailUrl\":\"https:\/\/kajakkomarno.sk\/wp-content\/uploads\/2022\/12\/FAM-D-202214.jpg\",\"datePublished\":\"2022-10-20T12:07:00+00:00\",\"dateModified\":\"2023-02-23T14:37:44+00:00\",\"breadcrumb\":{\"@id\":\"https:\/\/kajakkomarno.sk\/novinky\/vyhodnotenie-uspesnej-pretekarskej-sezony-2022\/#breadcrumb\"},\"inLanguage\":\"hu\",\"potentialAction\":[{\"@type\":\"ReadAction\",\"target\":[\"https:\/\/kajakkomarno.sk\/novinky\/vyhodnotenie-uspesnej-pretekarskej-sezony-2022\/\"]}]},{\"@type\":\"ImageObject\",\"inLanguage\":\"hu\",\"@id\":\"https:\/\/kajakkomarno.sk\/novinky\/vyhodnotenie-uspesnej-pretekarskej-sezony-2022\/#primaryimage\",\"url\":\"https:\/\/kajakkomarno.sk\/wp-content\/uploads\/2022\/12\/FAM-D-202214.jpg\",\"contentUrl\":\"https:\/\/kajakkomarno.sk\/wp-content\/uploads\/2022\/12\/FAM-D-202214.jpg\",\"width\":960,\"height\":679},{\"@type\":\"BreadcrumbList\",\"@id\":\"https:\/\/kajakkomarno.sk\/novinky\/vyhodnotenie-uspesnej-pretekarskej-sezony-2022\/#breadcrumb\",\"itemListElement\":[{\"@type\":\"ListItem\",\"position\":1,\"name\":\"Domov\",\"item\":\"https:\/\/kajakkomarno.sk\/hu\/fooldal\/\"},{\"@type\":\"ListItem\",\"position\":2,\"name\":\"Novinky\",\"item\":\"https:\/\/kajakkomarno.sk\/category\/novinky\/\"},{\"@type\":\"ListItem\",\"position\":3,\"name\":\"Vyhodnotenie \u00faspe\u0161nej pretek\u00e1rskej sez\u00f3ny 2022\"}]},{\"@type\":\"WebSite\",\"@id\":\"https:\/\/kajakkomarno.sk\/#website\",\"url\":\"https:\/\/kajakkomarno.sk\/\",\"name\":\"Kajak &amp; kanoe klub Kom\u00e1rno\",\"description\":\"\",\"publisher\":{\"@id\":\"https:\/\/kajakkomarno.sk\/#organization\"},\"potentialAction\":[{\"@type\":\"SearchAction\",\"target\":{\"@type\":\"EntryPoint\",\"urlTemplate\":\"https:\/\/kajakkomarno.sk\/?s={search_term_string}\"},\"query-input\":{\"@type\":\"PropertyValueSpecification\",\"valueRequired\":true,\"valueName\":\"search_term_string\"}}],\"inLanguage\":\"hu\"},{\"@type\":\"Organization\",\"@id\":\"https:\/\/kajakkomarno.sk\/#organization\",\"name\":\"Kajak &amp; kanoe klub Kom\u00e1rno\",\"url\":\"https:\/\/kajakkomarno.sk\/\",\"logo\":{\"@type\":\"ImageObject\",\"inLanguage\":\"hu\",\"@id\":\"https:\/\/kajakkomarno.sk\/#\/schema\/logo\/image\/\",\"url\":\"https:\/\/kajakkomarno.sk\/wp-content\/uploads\/2022\/12\/kajak-kanoe-klub-komarno-optimized-opt.svg\",\"contentUrl\":\"https:\/\/kajakkomarno.sk\/wp-content\/uploads\/2022\/12\/kajak-kanoe-klub-komarno-optimized-opt.svg\",\"width\":307,\"height\":66,\"caption\":\"Kajak &amp; kanoe klub Kom\u00e1rno\"},\"image\":{\"@id\":\"https:\/\/kajakkomarno.sk\/#\/schema\/logo\/image\/\"}},{\"@type\":\"Person\",\"@id\":\"https:\/\/kajakkomarno.sk\/#\/schema\/person\/4e92804dad721346fd0d44b352a30cda\",\"name\":\"22media\",\"image\":{\"@type\":\"ImageObject\",\"inLanguage\":\"hu\",\"@id\":\"https:\/\/kajakkomarno.sk\/#\/schema\/person\/image\/\",\"url\":\"https:\/\/secure.gravatar.com\/avatar\/571bd97cd2f803bbffe6b5dc778f411cdc2d79d2c3c26bf2d4ca31723fb79fc2?s=96&d=mm&r=g\",\"contentUrl\":\"https:\/\/secure.gravatar.com\/avatar\/571bd97cd2f803bbffe6b5dc778f411cdc2d79d2c3c26bf2d4ca31723fb79fc2?s=96&d=mm&r=g\",\"caption\":\"22media\"},\"url\":\"https:\/\/kajakkomarno.sk\/hu\/author\/22media\/\"}]}<\/script>\n<!-- \/ Yoast SEO plugin. -->","yoast_head_json":{"title":"Vyhodnotenie \u00faspe\u0161nej pretek\u00e1rskej sez\u00f3ny 2022 - Kajak &amp; kanoe klub Kom\u00e1rno","robots":{"index":"index","follow":"follow","max-snippet":"max-snippet:-1","max-image-preview":"max-image-preview:large","max-video-preview":"max-video-preview:-1"},"canonical":"https:\/\/kajakkomarno.sk\/novinky\/vyhodnotenie-uspesnej-pretekarskej-sezony-2022\/","og_locale":"hu_HU","og_type":"article","og_title":"Vyhodnotenie \u00faspe\u0161nej pretek\u00e1rskej sez\u00f3ny 2022 - Kajak &amp; kanoe klub Kom\u00e1rno","og_description":"Kajak & kanoe klub Kom\u00e1rno- v\u00ed\u0165az Slovensk\u00e9ho poh\u00e1ra za rok 2022 po \u0161iesty kr\u00e1t v rade. \u00daspechy na dom\u00e1cich a medzin\u00e1rodn\u00fdch podujatiach","og_url":"https:\/\/kajakkomarno.sk\/novinky\/vyhodnotenie-uspesnej-pretekarskej-sezony-2022\/","og_site_name":"Kajak &amp; kanoe klub Kom\u00e1rno","article_published_time":"2022-10-20T12:07:00+00:00","article_modified_time":"2023-02-23T14:37:44+00:00","og_image":[{"width":960,"height":679,"url":"https:\/\/kajakkomarno.sk\/wp-content\/uploads\/2022\/12\/FAM-D-202214.jpg","type":"image\/jpeg"}],"author":"22media","twitter_card":"summary_large_image","twitter_misc":{"Szerz\u0151:":"22media","Becs\u00fclt olvas\u00e1si id\u0151":"13 perc"},"schema":{"@context":"https:\/\/schema.org","@graph":[{"@type":"Article","@id":"https:\/\/kajakkomarno.sk\/novinky\/vyhodnotenie-uspesnej-pretekarskej-sezony-2022\/#article","isPartOf":{"@id":"https:\/\/kajakkomarno.sk\/novinky\/vyhodnotenie-uspesnej-pretekarskej-sezony-2022\/"},"author":{"name":"22media","@id":"https:\/\/kajakkomarno.sk\/#\/schema\/person\/4e92804dad721346fd0d44b352a30cda"},"headline":"Vyhodnotenie \u00faspe\u0161nej pretek\u00e1rskej sez\u00f3ny 2022","datePublished":"2022-10-20T12:07:00+00:00","dateModified":"2023-02-23T14:37:44+00:00","mainEntityOfPage":{"@id":"https:\/\/kajakkomarno.sk\/novinky\/vyhodnotenie-uspesnej-pretekarskej-sezony-2022\/"},"wordCount":2529,"commentCount":0,"publisher":{"@id":"https:\/\/kajakkomarno.sk\/#organization"},"image":{"@id":"https:\/\/kajakkomarno.sk\/novinky\/vyhodnotenie-uspesnej-pretekarskej-sezony-2022\/#primaryimage"},"thumbnailUrl":"https:\/\/kajakkomarno.sk\/wp-content\/uploads\/2022\/12\/FAM-D-202214.jpg","articleSection":["Novinky"],"inLanguage":"hu","potentialAction":[{"@type":"CommentAction","name":"Comment","target":["https:\/\/kajakkomarno.sk\/novinky\/vyhodnotenie-uspesnej-pretekarskej-sezony-2022\/#respond"]}]},{"@type":"WebPage","@id":"https:\/\/kajakkomarno.sk\/novinky\/vyhodnotenie-uspesnej-pretekarskej-sezony-2022\/","url":"https:\/\/kajakkomarno.sk\/novinky\/vyhodnotenie-uspesnej-pretekarskej-sezony-2022\/","name":"Vyhodnotenie \u00faspe\u0161nej pretek\u00e1rskej sez\u00f3ny 2022 - Kajak &amp; kanoe klub Kom\u00e1rno","isPartOf":{"@id":"https:\/\/kajakkomarno.sk\/#website"},"primaryImageOfPage":{"@id":"https:\/\/kajakkomarno.sk\/novinky\/vyhodnotenie-uspesnej-pretekarskej-sezony-2022\/#primaryimage"},"image":{"@id":"https:\/\/kajakkomarno.sk\/novinky\/vyhodnotenie-uspesnej-pretekarskej-sezony-2022\/#primaryimage"},"thumbnailUrl":"https:\/\/kajakkomarno.sk\/wp-content\/uploads\/2022\/12\/FAM-D-202214.jpg","datePublished":"2022-10-20T12:07:00+00:00","dateModified":"2023-02-23T14:37:44+00:00","breadcrumb":{"@id":"https:\/\/kajakkomarno.sk\/novinky\/vyhodnotenie-uspesnej-pretekarskej-sezony-2022\/#breadcrumb"},"inLanguage":"hu","potentialAction":[{"@type":"ReadAction","target":["https:\/\/kajakkomarno.sk\/novinky\/vyhodnotenie-uspesnej-pretekarskej-sezony-2022\/"]}]},{"@type":"ImageObject","inLanguage":"hu","@id":"https:\/\/kajakkomarno.sk\/novinky\/vyhodnotenie-uspesnej-pretekarskej-sezony-2022\/#primaryimage","url":"https:\/\/kajakkomarno.sk\/wp-content\/uploads\/2022\/12\/FAM-D-202214.jpg","contentUrl":"https:\/\/kajakkomarno.sk\/wp-content\/uploads\/2022\/12\/FAM-D-202214.jpg","width":960,"height":679},{"@type":"BreadcrumbList","@id":"https:\/\/kajakkomarno.sk\/novinky\/vyhodnotenie-uspesnej-pretekarskej-sezony-2022\/#breadcrumb","itemListElement":[{"@type":"ListItem","position":1,"name":"Domov","item":"https:\/\/kajakkomarno.sk\/hu\/fooldal\/"},{"@type":"ListItem","position":2,"name":"Novinky","item":"https:\/\/kajakkomarno.sk\/category\/novinky\/"},{"@type":"ListItem","position":3,"name":"Vyhodnotenie \u00faspe\u0161nej pretek\u00e1rskej sez\u00f3ny 2022"}]},{"@type":"WebSite","@id":"https:\/\/kajakkomarno.sk\/#website","url":"https:\/\/kajakkomarno.sk\/","name":"Kajak &amp; kanoe klub Kom\u00e1rno","description":"","publisher":{"@id":"https:\/\/kajakkomarno.sk\/#organization"},"potentialAction":[{"@type":"SearchAction","target":{"@type":"EntryPoint","urlTemplate":"https:\/\/kajakkomarno.sk\/?s={search_term_string}"},"query-input":{"@type":"PropertyValueSpecification","valueRequired":true,"valueName":"search_term_string"}}],"inLanguage":"hu"},{"@type":"Organization","@id":"https:\/\/kajakkomarno.sk\/#organization","name":"Kajak &amp; kanoe klub Kom\u00e1rno","url":"https:\/\/kajakkomarno.sk\/","logo":{"@type":"ImageObject","inLanguage":"hu","@id":"https:\/\/kajakkomarno.sk\/#\/schema\/logo\/image\/","url":"https:\/\/kajakkomarno.sk\/wp-content\/uploads\/2022\/12\/kajak-kanoe-klub-komarno-optimized-opt.svg","contentUrl":"https:\/\/kajakkomarno.sk\/wp-content\/uploads\/2022\/12\/kajak-kanoe-klub-komarno-optimized-opt.svg","width":307,"height":66,"caption":"Kajak &amp; kanoe klub Kom\u00e1rno"},"image":{"@id":"https:\/\/kajakkomarno.sk\/#\/schema\/logo\/image\/"}},{"@type":"Person","@id":"https:\/\/kajakkomarno.sk\/#\/schema\/person\/4e92804dad721346fd0d44b352a30cda","name":"22media","image":{"@type":"ImageObject","inLanguage":"hu","@id":"https:\/\/kajakkomarno.sk\/#\/schema\/person\/image\/","url":"https:\/\/secure.gravatar.com\/avatar\/571bd97cd2f803bbffe6b5dc778f411cdc2d79d2c3c26bf2d4ca31723fb79fc2?s=96&d=mm&r=g","contentUrl":"https:\/\/secure.gravatar.com\/avatar\/571bd97cd2f803bbffe6b5dc778f411cdc2d79d2c3c26bf2d4ca31723fb79fc2?s=96&d=mm&r=g","caption":"22media"},"url":"https:\/\/kajakkomarno.sk\/hu\/author\/22media\/"}]}},"_links":{"self":[{"href":"https:\/\/kajakkomarno.sk\/hu\/wp-json\/wp\/v2\/posts\/119","targetHints":{"allow":["GET"]}}],"collection":[{"href":"https:\/\/kajakkomarno.sk\/hu\/wp-json\/wp\/v2\/posts"}],"about":[{"href":"https:\/\/kajakkomarno.sk\/hu\/wp-json\/wp\/v2\/types\/post"}],"author":[{"embeddable":true,"href":"https:\/\/kajakkomarno.sk\/hu\/wp-json\/wp\/v2\/users\/1"}],"replies":[{"embeddable":true,"href":"https:\/\/kajakkomarno.sk\/hu\/wp-json\/wp\/v2\/comments?post=119"}],"version-history":[{"count":0,"href":"https:\/\/kajakkomarno.sk\/hu\/wp-json\/wp\/v2\/posts\/119\/revisions"}],"wp:featuredmedia":[{"embeddable":true,"href":"https:\/\/kajakkomarno.sk\/hu\/wp-json\/wp\/v2\/media\/127"}],"wp:attachment":[{"href":"https:\/\/kajakkomarno.sk\/hu\/wp-json\/wp\/v2\/media?parent=119"}],"wp:term":[{"taxonomy":"category","embeddable":true,"href":"https:\/\/kajakkomarno.sk\/hu\/wp-json\/wp\/v2\/categories?post=119"},{"taxonomy":"post_tag","embeddable":true,"href":"https:\/\/kajakkomarno.sk\/hu\/wp-json\/wp\/v2\/tags?post=119"}],"curies":[{"name":"wp","href":"https:\/\/api.w.org\/{rel}","templated":true}]}}